{"id":41350,"date":"2021-04-24T13:51:59","date_gmt":"2021-04-24T16:51:59","guid":{"rendered":"https:\/\/swimchannel.net\/br\/?p=41350"},"modified":"2021-04-24T15:27:15","modified_gmt":"2021-04-24T18:27:15","slug":"50m-livre-marca-o-ultimo-dia-de-seletiva-olimpica-brasileira","status":"publish","type":"post","link":"https:\/\/swimchannel.net\/br\/50m-livre-marca-o-ultimo-dia-de-seletiva-olimpica-brasileira\/","title":{"rendered":"50m livre marca o \u00faltimo dia de seletiva ol\u00edmpica brasileira"},"content":{"rendered":"<p>Chegamos ao \u00faltimo dia de Seletiva Ol\u00edmpica, que est\u00e1 sendo realizada no Parque Aqu\u00e1tico Maria Lenk, no Rio de Janeiro. A prova mais r\u00e1pida da nata\u00e7\u00e3o, os 50 metros livre, \u00e9 uma das mais aguardadas, tanto no masculino quanto no feminino.\u00a0Na prova masculina, Bruno Fratus esta pr\u00e9-classificado para T\u00f3quio. O velocista fez 21s80, abaixo do \u00edndice ol\u00edmpico, no TRY Pro Swim Series nos Estados Unidos e aguarda o resultado na seletiva para confirmar a vaga.<\/p>\n<p>Nas eliminat\u00f3rias, Pedro Spajari fez 22s02, apenas um cent\u00e9simo acima do \u00edndice ol\u00edmpico de 22s01. Victor Alcar\u00e1 foi o segundo com 22s04 e tamb\u00e9m esta perto. A final contar\u00e1 ainda com mais seis nadadores: Felipe Ribeiro, Lucas Peixoto, Luiz Gustavo Borges, Marcelo Chierighini, Marco Ferreira J\u00fanior e Nicholas Santos. Nicholas, de 41 anos, tinha ficado em nono nas eliminat\u00f3rias, mas com a desist\u00eancia de Gabriel Santos, que nadar\u00e1 a tomada de tempo dos 100m livre, ele passa para a final em busca de mais uma vaga para os Jogos Ol\u00edmpicos.<\/p>\n<figure id=\"attachment_41356\" aria-describedby=\"caption-attachment-41356\" style=\"width: 2362px\" class=\"wp-caption alignnone\"><img loading=\"lazy\" decoding=\"async\" class=\"wp-image-41356 size-full\" src=\"https:\/\/swimchannel.net\/br\/wp-content\/uploads\/2021\/04\/71Q9235.jpg\" alt=\"\" width=\"2362\" height=\"1575\" srcset=\"https:\/\/swimchannel.net\/br\/wp-content\/uploads\/2021\/04\/71Q9235.jpg 2362w, https:\/\/swimchannel.net\/br\/wp-content\/uploads\/2021\/04\/71Q9235-1012x675.jpg 1012w, https:\/\/swimchannel.net\/br\/wp-content\/uploads\/2021\/04\/71Q9235-1200x800.jpg 1200w, https:\/\/swimchannel.net\/br\/wp-content\/uploads\/2021\/04\/71Q9235-270x180.jpg 270w, https:\/\/swimchannel.net\/br\/wp-content\/uploads\/2021\/04\/71Q9235-768x512.jpg 768w, https:\/\/swimchannel.net\/br\/wp-content\/uploads\/2021\/04\/71Q9235-1536x1024.jpg 1536w, https:\/\/swimchannel.net\/br\/wp-content\/uploads\/2021\/04\/71Q9235-2048x1366.jpg 2048w, https:\/\/swimchannel.net\/br\/wp-content\/uploads\/2021\/04\/71Q9235-600x400.jpg 600w, https:\/\/swimchannel.net\/br\/wp-content\/uploads\/2021\/04\/71Q9235-750x500.jpg 750w, https:\/\/swimchannel.net\/br\/wp-content\/uploads\/2021\/04\/71Q9235-1140x760.jpg 1140w\" sizes=\"auto, (max-width: 2362px) 100vw, 2362px\" \/><figcaption id=\"caption-attachment-41356\" class=\"wp-caption-text\">Pedro Spajari &#8211; Foto: Satiro Sodr\u00e9\/SSPress\/CBDA<\/figcaption><\/figure>\n<p>No feminino, a favorita para vencer a prova e para nadar abaixo do \u00edndice \u00e9 Etiene Medeiros. Ela foi finalista ol\u00edmpica dessa prova no Rio-2016 e tem o melhor tempo das eliminat\u00f3rias com 24s94. A segunda melhor da semifinal foi Lorrane Ferreira nadando a dist\u00e2ncia em 25s01. Completam o balizamento para a final: Larissa Oliveira, Alessandra Marchioro, Stephanie Balduccini e Priscila Cavalcante. O \u00edndice da prova \u00e9 de 24s77.<\/p>\n<p>Nos 200m costas feminino teremos a participa\u00e7\u00e3o de apenas quatro atletas na final. Com o \u00edndice de 2min10s39, as nadadoras precisam nadar muito abaixo do que fizeram na eliminat\u00f3ria. Na raia quatro nadar\u00e1 Fernanda Goeij, melhor da eliminat\u00f3ria com 2min18s14 e que pode surpreender na luta pelo \u00edndice. Gabriela Mello foi a segunda com 2min25s00, e Natalia de Luccas a terceira. A prova ter\u00e1 ainda Fernanda Celid\u00f4nio na raia seis.<\/p>\n<figure id=\"attachment_41342\" aria-describedby=\"caption-attachment-41342\" style=\"width: 2362px\" class=\"wp-caption alignnone\"><img loading=\"lazy\" decoding=\"async\" class=\"size-full wp-image-41342\" src=\"https:\/\/swimchannel.net\/br\/wp-content\/uploads\/2021\/04\/71Q8727.jpg\" alt=\"\" width=\"2362\" height=\"1575\" srcset=\"https:\/\/swimchannel.net\/br\/wp-content\/uploads\/2021\/04\/71Q8727.jpg 2362w, https:\/\/swimchannel.net\/br\/wp-content\/uploads\/2021\/04\/71Q8727-1012x675.jpg 1012w, https:\/\/swimchannel.net\/br\/wp-content\/uploads\/2021\/04\/71Q8727-1200x800.jpg 1200w, https:\/\/swimchannel.net\/br\/wp-content\/uploads\/2021\/04\/71Q8727-270x180.jpg 270w, https:\/\/swimchannel.net\/br\/wp-content\/uploads\/2021\/04\/71Q8727-768x512.jpg 768w, https:\/\/swimchannel.net\/br\/wp-content\/uploads\/2021\/04\/71Q8727-1536x1024.jpg 1536w, https:\/\/swimchannel.net\/br\/wp-content\/uploads\/2021\/04\/71Q8727-2048x1366.jpg 2048w, https:\/\/swimchannel.net\/br\/wp-content\/uploads\/2021\/04\/71Q8727-600x400.jpg 600w, https:\/\/swimchannel.net\/br\/wp-content\/uploads\/2021\/04\/71Q8727-750x500.jpg 750w, https:\/\/swimchannel.net\/br\/wp-content\/uploads\/2021\/04\/71Q8727-1140x760.jpg 1140w\" sizes=\"auto, (max-width: 2362px) 100vw, 2362px\" \/><figcaption id=\"caption-attachment-41342\" class=\"wp-caption-text\">Etiene Medeiros &#8211; Foto: Satiro Sodr\u00e9\/SSPress\/CBDA<\/figcaption><\/figure>\n<p>Mais uma prova com chance de \u00edndice a noite s\u00e3o os 100m borboleta masculino. O \u00edndice ol\u00edmpico \u00e9 de 51s96. Nas eliminat\u00f3rias empate na primeira coloca\u00e7\u00e3o com Kayky Mota e Vinicius Lanza, este j\u00e1 garantido em T\u00f3quio pelos 200m medley. Os dois nadaram para 52s45. Em seguida veio Matheus Gonche com 52s52. A final contar\u00e1 ainda com: Pedro Viera, Leonardo de Deus (j\u00e1 garantido pelos 200m borboleta), Victor Baganha, Gabriel Dias e Bernardo de Almeida.<\/p>\n<p>\u00daltima prova individual da noite ser\u00e1 os 800m livre feminino. J\u00e1 garantida em T\u00f3quio pela vit\u00f3ria nos 1500m feminino, Beatriz Dizotti far\u00e1 parte do balizamento na raia 1. Betina Lorscheitter, que tamb\u00e9m garantiu o passaporte para T\u00f3quio, estar\u00e1 na raia 5. Ana Marcela Cunha \u00e9 a melhor balizada para a prova, mas caso fa\u00e7a o \u00edndice n\u00e3o deve nadar a prova no Jap\u00e3o priorizando a maratona aqu\u00e1tica. Completam a final: Maria Paula Heitmann, Gabrielle Roncatto, Maria Seifer e Sofia Rondel. O \u00edndice ol\u00edmpico \u00e9 de 8min33s36.<\/p>\n<figure id=\"attachment_41345\" class=\"wp-caption alignnone\" aria-describedby=\"caption-attachment-41345\"><figcaption id=\"caption-attachment-41345\" class=\"wp-caption-text\"><\/figcaption><\/figure>\n<figure id=\"attachment_41359\" aria-describedby=\"caption-attachment-41359\" style=\"width: 2362px\" class=\"wp-caption alignnone\"><img loading=\"lazy\" decoding=\"async\" class=\"size-full wp-image-41359\" src=\"https:\/\/swimchannel.net\/br\/wp-content\/uploads\/2021\/04\/71Q9907.jpg\" alt=\"\" width=\"2362\" height=\"1575\" srcset=\"https:\/\/swimchannel.net\/br\/wp-content\/uploads\/2021\/04\/71Q9907.jpg 2362w, https:\/\/swimchannel.net\/br\/wp-content\/uploads\/2021\/04\/71Q9907-1012x675.jpg 1012w, https:\/\/swimchannel.net\/br\/wp-content\/uploads\/2021\/04\/71Q9907-1200x800.jpg 1200w, https:\/\/swimchannel.net\/br\/wp-content\/uploads\/2021\/04\/71Q9907-270x180.jpg 270w, https:\/\/swimchannel.net\/br\/wp-content\/uploads\/2021\/04\/71Q9907-768x512.jpg 768w, https:\/\/swimchannel.net\/br\/wp-content\/uploads\/2021\/04\/71Q9907-1536x1024.jpg 1536w, https:\/\/swimchannel.net\/br\/wp-content\/uploads\/2021\/04\/71Q9907-2048x1366.jpg 2048w, https:\/\/swimchannel.net\/br\/wp-content\/uploads\/2021\/04\/71Q9907-600x400.jpg 600w, https:\/\/swimchannel.net\/br\/wp-content\/uploads\/2021\/04\/71Q9907-750x500.jpg 750w, https:\/\/swimchannel.net\/br\/wp-content\/uploads\/2021\/04\/71Q9907-1140x760.jpg 1140w\" sizes=\"auto, (max-width: 2362px) 100vw, 2362px\" \/><figcaption id=\"caption-attachment-41359\" class=\"wp-caption-text\">Kayky Mota &#8211; Foto: Satiro Sodr\u00e9\/SSPress\/CBDA<\/figcaption><\/figure>\n<p>Ao final das provas individuais, a \u00faltima etapa ter\u00e1 duas tomadas de tempo. Uma para os 100m livre de Gabriel Santos e outra para o 4&#215;100 m medley feminino. Nos 100m livre masculino, Gabriel Santos ficou em nono nas semifinais da prova e tem agora a chance de nadar mais uma vez, j\u00e1 que o vencedor dela, Andr\u00e9 Calvelo teve um resultado anal\u00edtico adverso confirmado pela CBDA.<\/p>\n<p>Se Gabriel nadar abaixo de 48s87, tempo feito por Felipe Ribeiro, ele entra no revezamento 4x100m livre. Caso ele fa\u00e7a o \u00edndice ol\u00edmpico de 48s57, al\u00e9m do revezamento ele garante vaga na prova individual. Caso Gabriel n\u00e3o alcance o tempo do quinto colocado na final, ai \u00e9 Felipe Ribeiro quem entra no revezamento com o quarto melhor tempo.<\/p>\n<figure id=\"attachment_41321\" aria-describedby=\"caption-attachment-41321\" style=\"width: 2362px\" class=\"wp-caption alignnone\"><img loading=\"lazy\" decoding=\"async\" class=\"size-full wp-image-41321\" src=\"https:\/\/swimchannel.net\/br\/wp-content\/uploads\/2021\/04\/71Q3559.jpg\" alt=\"\" width=\"2362\" height=\"1575\" srcset=\"https:\/\/swimchannel.net\/br\/wp-content\/uploads\/2021\/04\/71Q3559.jpg 2362w, https:\/\/swimchannel.net\/br\/wp-content\/uploads\/2021\/04\/71Q3559-1012x675.jpg 1012w, https:\/\/swimchannel.net\/br\/wp-content\/uploads\/2021\/04\/71Q3559-1200x800.jpg 1200w, https:\/\/swimchannel.net\/br\/wp-content\/uploads\/2021\/04\/71Q3559-270x180.jpg 270w, https:\/\/swimchannel.net\/br\/wp-content\/uploads\/2021\/04\/71Q3559-768x512.jpg 768w, https:\/\/swimchannel.net\/br\/wp-content\/uploads\/2021\/04\/71Q3559-1536x1024.jpg 1536w, https:\/\/swimchannel.net\/br\/wp-content\/uploads\/2021\/04\/71Q3559-2048x1366.jpg 2048w, https:\/\/swimchannel.net\/br\/wp-content\/uploads\/2021\/04\/71Q3559-600x400.jpg 600w, https:\/\/swimchannel.net\/br\/wp-content\/uploads\/2021\/04\/71Q3559-750x500.jpg 750w, https:\/\/swimchannel.net\/br\/wp-content\/uploads\/2021\/04\/71Q3559-1140x760.jpg 1140w\" sizes=\"auto, (max-width: 2362px) 100vw, 2362px\" \/><figcaption id=\"caption-attachment-41321\" class=\"wp-caption-text\">Gabriel Santos &#8211; Foto: Satiro Sodr\u00e9\/SSPress\/CBDA<\/figcaption><\/figure>\n<p>A outra tomada de tempo ser\u00e1 para o revezamento 4x100m medley feminino, formado por Etiene Medeiros, Jhennifer Concei\u00e7\u00e3o, Giovanna Diamante e Larissa Oliveira, que tentar\u00e1 colocar o revezamento no top 4 mundial do ranking da repescagem para os Jogos Ol\u00edmpicos de T\u00f3quio.<\/p>\n<p><strong>Acompanhe as finais do \u00faltimo dia de finais a partir das 18h30!<\/strong><\/p>\n<p><strong>Assistir pela TVN\/Canal Ol\u00edmpico:<\/strong>\u00a0<a href=\"https:\/\/www.tvnsports.com.br\/\" target=\"_blank\" rel=\"noopener\">tvnsports.com.br\/<\/a><\/p>\n<p><strong>Assistir pelo BandSports:<\/strong>\u00a0Na TV a cabo nos canais: 75 do Claro\/NET TV, 575 do Claro\/NET TV HD, 575 do VIVO TV HD ou 168 da Oi FIBRA. Via sat\u00e9lite nos canais: 210 da SKY, 610 da SKY HD, 75 da Claro\/NET TV, 575 da Claro\/NET TV HD, 463 do VIVO TV, 878 do VIVO TV HD, 114 da Oi TV ou 347 da BLUTV HD<\/p>\n<p><strong>Siga a SWIM CHANNEL nas redes sociais:<\/strong>\u00a0<a href=\"https:\/\/www.instagram.com\/swimchannel\/\" target=\"_blank\" rel=\"noopener\">@swimchannel<\/a>\u00a0no Instagram,\u00a0<a href=\"https:\/\/twitter.com\/swimchannel\" target=\"_blank\" rel=\"noopener\">@swimchannel<\/a>\u00a0no Twitter,\u00a0<a href=\"https:\/\/www.facebook.com\/swimchannel\" target=\"_blank\" rel=\"noopener\">@swimchannel<\/a>\u00a0no Facebook e\u00a0<a href=\"https:\/\/www.youtube.com\/channel\/UCAOC6qHJz_M6B9fW3ltsLgA\" target=\"_blank\" rel=\"noopener\">@swimchannel<\/a>\u00a0no Youtube. E acompanhe o conte\u00fado antes e ap\u00f3s as finais.<\/p>\n","protected":false},"excerpt":{"rendered":"<p>Noite ter\u00e1 ainda 100m borboleta masculino, tomada de tempo dos 100m livre masculino e para o 4x100m medley feminino<\/p>\n","protected":false},"author":9,"featured_media":41364,"comment_status":"open","ping_status":"open","sticky":false,"template":"","format":"gallery","meta":{"footnotes":""},"categories":[137,406],"tags":[194,4149,232],"class_list":["post-41350","post","type-post","status-publish","format-gallery","has-post-thumbnail","hentry","category-natacao","category-seletiva-olimpica","tag-cbda","tag-jogos-olimpicos-toquio-2020","tag-seletiva-olimpica","post_format-post-format-gallery"],"yoast_head":"<!-- This site is optimized with the Yoast SEO plugin v27.0 - https:\/\/yoast.com\/product\/yoast-seo-wordpress\/ -->\n<title>50m livre marca o \u00faltimo dia de seletiva ol\u00edmpica brasileira - Swimchannel<\/title>\n<meta name=\"robots\" content=\"index, follow, max-snippet:-1, max-image-preview:large, max-video-preview:-1\" \/>\n<link rel=\"canonical\" href=\"https:\/\/swimchannel.net\/br\/50m-livre-marca-o-ultimo-dia-de-seletiva-olimpica-brasileira\/\" \/>\n<meta property=\"og:locale\" content=\"pt_BR\" \/>\n<meta property=\"og:type\" content=\"article\" \/>\n<meta property=\"og:title\" content=\"50m livre marca o \u00faltimo dia de seletiva ol\u00edmpica brasileira - Swimchannel\" \/>\n<meta property=\"og:description\" content=\"Noite ter\u00e1 ainda 100m borboleta masculino, tomada de tempo dos 100m livre masculino e para o 4x100m medley feminino\" \/>\n<meta property=\"og:url\" content=\"https:\/\/swimchannel.net\/br\/50m-livre-marca-o-ultimo-dia-de-seletiva-olimpica-brasileira\/\" \/>\n<meta property=\"og:site_name\" content=\"Swimchannel\" \/>\n<meta property=\"article:publisher\" content=\"https:\/\/www.facebook.com\/swimchannel\" \/>\n<meta property=\"article:published_time\" content=\"2021-04-24T16:51:59+00:00\" \/>\n<meta property=\"article:modified_time\" content=\"2021-04-24T18:27:15+00:00\" \/>\n<meta property=\"og:image\" content=\"https:\/\/swimchannel.net\/br\/wp-content\/uploads\/2021\/04\/71Q9255.jpg\" \/>\n\t<meta property=\"og:image:width\" content=\"2362\" \/>\n\t<meta property=\"og:image:height\" content=\"1575\" \/>\n\t<meta property=\"og:image:type\" content=\"image\/jpeg\" \/>\n<meta name=\"author\" content=\"Katarine Monteiro\" \/>\n<meta name=\"twitter:card\" content=\"summary_large_image\" \/>\n<meta name=\"twitter:creator\" content=\"@https:\/\/twitter.com\/Katarinem\" \/>\n<meta name=\"twitter:label1\" content=\"Escrito por\" \/>\n\t<meta name=\"twitter:data1\" content=\"Katarine Monteiro\" \/>\n\t<meta name=\"twitter:label2\" content=\"Est. tempo de leitura\" \/>\n\t<meta name=\"twitter:data2\" content=\"4 minutos\" \/>\n<script type=\"application\/ld+json\" class=\"yoast-schema-graph\">{\"@context\":\"https:\/\/schema.org\",\"@graph\":[{\"@type\":\"Article\",\"@id\":\"https:\/\/swimchannel.net\/br\/50m-livre-marca-o-ultimo-dia-de-seletiva-olimpica-brasileira\/#article\",\"isPartOf\":{\"@id\":\"https:\/\/swimchannel.net\/br\/50m-livre-marca-o-ultimo-dia-de-seletiva-olimpica-brasileira\/\"},\"author\":{\"name\":\"Katarine Monteiro\",\"@id\":\"https:\/\/swimchannel.net\/br\/#\/schema\/person\/73ae9cec62249968bca1f0a8098ef002\"},\"headline\":\"50m livre marca o \u00faltimo dia de seletiva ol\u00edmpica brasileira\",\"datePublished\":\"2021-04-24T16:51:59+00:00\",\"dateModified\":\"2021-04-24T18:27:15+00:00\",\"mainEntityOfPage\":{\"@id\":\"https:\/\/swimchannel.net\/br\/50m-livre-marca-o-ultimo-dia-de-seletiva-olimpica-brasileira\/\"},\"wordCount\":853,\"commentCount\":0,\"publisher\":{\"@id\":\"https:\/\/swimchannel.net\/br\/#organization\"},\"image\":{\"@id\":\"https:\/\/swimchannel.net\/br\/50m-livre-marca-o-ultimo-dia-de-seletiva-olimpica-brasileira\/#primaryimage\"},\"thumbnailUrl\":\"https:\/\/swimchannel.net\/br\/wp-content\/uploads\/2021\/04\/71Q9255.jpg\",\"keywords\":[\"CBDA\",\"Jogos Ol\u00edmpicos T\u00f3quio-2020\",\"seletiva ol\u00edmpica\"],\"articleSection\":[\"Nata\u00e7\u00e3o\",\"Seletiva Ol\u00edmpica\"],\"inLanguage\":\"pt-BR\",\"potentialAction\":[{\"@type\":\"CommentAction\",\"name\":\"Comment\",\"target\":[\"https:\/\/swimchannel.net\/br\/50m-livre-marca-o-ultimo-dia-de-seletiva-olimpica-brasileira\/#respond\"]}]},{\"@type\":\"WebPage\",\"@id\":\"https:\/\/swimchannel.net\/br\/50m-livre-marca-o-ultimo-dia-de-seletiva-olimpica-brasileira\/\",\"url\":\"https:\/\/swimchannel.net\/br\/50m-livre-marca-o-ultimo-dia-de-seletiva-olimpica-brasileira\/\",\"name\":\"50m livre marca o \u00faltimo dia de seletiva ol\u00edmpica brasileira - Swimchannel\",\"isPartOf\":{\"@id\":\"https:\/\/swimchannel.net\/br\/#website\"},\"primaryImageOfPage\":{\"@id\":\"https:\/\/swimchannel.net\/br\/50m-livre-marca-o-ultimo-dia-de-seletiva-olimpica-brasileira\/#primaryimage\"},\"image\":{\"@id\":\"https:\/\/swimchannel.net\/br\/50m-livre-marca-o-ultimo-dia-de-seletiva-olimpica-brasileira\/#primaryimage\"},\"thumbnailUrl\":\"https:\/\/swimchannel.net\/br\/wp-content\/uploads\/2021\/04\/71Q9255.jpg\",\"datePublished\":\"2021-04-24T16:51:59+00:00\",\"dateModified\":\"2021-04-24T18:27:15+00:00\",\"breadcrumb\":{\"@id\":\"https:\/\/swimchannel.net\/br\/50m-livre-marca-o-ultimo-dia-de-seletiva-olimpica-brasileira\/#breadcrumb\"},\"inLanguage\":\"pt-BR\",\"potentialAction\":[{\"@type\":\"ReadAction\",\"target\":[\"https:\/\/swimchannel.net\/br\/50m-livre-marca-o-ultimo-dia-de-seletiva-olimpica-brasileira\/\"]}]},{\"@type\":\"ImageObject\",\"inLanguage\":\"pt-BR\",\"@id\":\"https:\/\/swimchannel.net\/br\/50m-livre-marca-o-ultimo-dia-de-seletiva-olimpica-brasileira\/#primaryimage\",\"url\":\"https:\/\/swimchannel.net\/br\/wp-content\/uploads\/2021\/04\/71Q9255.jpg\",\"contentUrl\":\"https:\/\/swimchannel.net\/br\/wp-content\/uploads\/2021\/04\/71Q9255.jpg\",\"width\":2362,\"height\":1575,\"caption\":\"Pedro Spajari - Foto: Satiro Sodr\u00e9\/SSPress\/CBDA\"},{\"@type\":\"BreadcrumbList\",\"@id\":\"https:\/\/swimchannel.net\/br\/50m-livre-marca-o-ultimo-dia-de-seletiva-olimpica-brasileira\/#breadcrumb\",\"itemListElement\":[{\"@type\":\"ListItem\",\"position\":1,\"name\":\"Home\",\"item\":\"https:\/\/swimchannel.net\/br\/\"},{\"@type\":\"ListItem\",\"position\":2,\"name\":\"50m livre marca o \u00faltimo dia de seletiva ol\u00edmpica brasileira\"}]},{\"@type\":\"WebSite\",\"@id\":\"https:\/\/swimchannel.net\/br\/#website\",\"url\":\"https:\/\/swimchannel.net\/br\/\",\"name\":\"Swimchannel\",\"description\":\"Maior portal de nata\u00e7\u00e3o da america latina\",\"publisher\":{\"@id\":\"https:\/\/swimchannel.net\/br\/#organization\"},\"potentialAction\":[{\"@type\":\"SearchAction\",\"target\":{\"@type\":\"EntryPoint\",\"urlTemplate\":\"https:\/\/swimchannel.net\/br\/?s={search_term_string}\"},\"query-input\":{\"@type\":\"PropertyValueSpecification\",\"valueRequired\":true,\"valueName\":\"search_term_string\"}}],\"inLanguage\":\"pt-BR\"},{\"@type\":\"Organization\",\"@id\":\"https:\/\/swimchannel.net\/br\/#organization\",\"name\":\"Swimchannel - Conectando voc\u00ea a Nata\u00e7\u00e3o\",\"url\":\"https:\/\/swimchannel.net\/br\/\",\"logo\":{\"@type\":\"ImageObject\",\"inLanguage\":\"pt-BR\",\"@id\":\"https:\/\/swimchannel.net\/br\/#\/schema\/logo\/image\/\",\"url\":\"https:\/\/swimchannel.net\/br\/wp-content\/uploads\/2026\/02\/SWIM-CHANNEL.png\",\"contentUrl\":\"https:\/\/swimchannel.net\/br\/wp-content\/uploads\/2026\/02\/SWIM-CHANNEL.png\",\"width\":1120,\"height\":630,\"caption\":\"Swimchannel - Conectando voc\u00ea a Nata\u00e7\u00e3o\"},\"image\":{\"@id\":\"https:\/\/swimchannel.net\/br\/#\/schema\/logo\/image\/\"},\"sameAs\":[\"https:\/\/www.facebook.com\/swimchannel\",\"https:\/\/www.instagram.com\/swimchannel\"]},{\"@type\":\"Person\",\"@id\":\"https:\/\/swimchannel.net\/br\/#\/schema\/person\/73ae9cec62249968bca1f0a8098ef002\",\"name\":\"Katarine Monteiro\",\"image\":{\"@type\":\"ImageObject\",\"inLanguage\":\"pt-BR\",\"@id\":\"https:\/\/swimchannel.net\/br\/#\/schema\/person\/image\/\",\"url\":\"https:\/\/swimchannel.net\/br\/wp-content\/uploads\/2022\/01\/Katarine-Monteiro-100x100.jpg\",\"contentUrl\":\"https:\/\/swimchannel.net\/br\/wp-content\/uploads\/2022\/01\/Katarine-Monteiro-100x100.jpg\",\"caption\":\"Katarine Monteiro\"},\"description\":\"Jornalista SWIM CHANNEL especializada em esportes ol\u00edmpicos e em sa\u00fade. Com cobertura de grandes eventos internacionais, como Jogos Ol\u00edmpicos Rio 2016, Jogos Pan-Americanos em Lima 2019, Qatar Total Open 2020, Qatar ExxonMobil Open 2019 - t\u00eanis em Doha (QT), Semana Internacional de Vela de Ilhabela, Transat Jacques Vabre 2019 (Fran\u00e7a-Brasil), L'\u00c9tape Brasil by Tour de France, j\u00e1 fez in\u00fameras coberturas de nata\u00e7\u00e3o, maratona aqu\u00e1tica e polo aqu\u00e1tico. Formada tamb\u00e9m em Letras, a jornalista atua como assessora de imprensa, rela\u00e7\u00f5es p\u00fablicas e social media, com especializa\u00e7\u00e3o em marketing esportivo. Nadadora amadora de \u00e1guas abertas, j\u00e1 trabalhou com grandes nomes da nata\u00e7\u00e3o e do polo aqu\u00e1tico brasileiro.\",\"sameAs\":[\"https:\/\/www.instagram.com\/_katarinemonteiro\/\",\"https:\/\/www.linkedin.com\/in\/katarine-monteiro-19385297\/\",\"https:\/\/x.com\/https:\/\/twitter.com\/Katarinem\"],\"url\":\"https:\/\/swimchannel.net\/br\/author\/katarine-monteiro\/\"}]}<\/script>\n<!-- \/ Yoast SEO plugin. -->","yoast_head_json":{"title":"50m livre marca o \u00faltimo dia de seletiva ol\u00edmpica brasileira - Swimchannel","robots":{"index":"index","follow":"follow","max-snippet":"max-snippet:-1","max-image-preview":"max-image-preview:large","max-video-preview":"max-video-preview:-1"},"canonical":"https:\/\/swimchannel.net\/br\/50m-livre-marca-o-ultimo-dia-de-seletiva-olimpica-brasileira\/","og_locale":"pt_BR","og_type":"article","og_title":"50m livre marca o \u00faltimo dia de seletiva ol\u00edmpica brasileira - Swimchannel","og_description":"Noite ter\u00e1 ainda 100m borboleta masculino, tomada de tempo dos 100m livre masculino e para o 4x100m medley feminino","og_url":"https:\/\/swimchannel.net\/br\/50m-livre-marca-o-ultimo-dia-de-seletiva-olimpica-brasileira\/","og_site_name":"Swimchannel","article_publisher":"https:\/\/www.facebook.com\/swimchannel","article_published_time":"2021-04-24T16:51:59+00:00","article_modified_time":"2021-04-24T18:27:15+00:00","og_image":[{"width":2362,"height":1575,"url":"https:\/\/swimchannel.net\/br\/wp-content\/uploads\/2021\/04\/71Q9255.jpg","type":"image\/jpeg"}],"author":"Katarine Monteiro","twitter_card":"summary_large_image","twitter_creator":"@https:\/\/twitter.com\/Katarinem","twitter_misc":{"Escrito por":"Katarine Monteiro","Est. tempo de leitura":"4 minutos"},"schema":{"@context":"https:\/\/schema.org","@graph":[{"@type":"Article","@id":"https:\/\/swimchannel.net\/br\/50m-livre-marca-o-ultimo-dia-de-seletiva-olimpica-brasileira\/#article","isPartOf":{"@id":"https:\/\/swimchannel.net\/br\/50m-livre-marca-o-ultimo-dia-de-seletiva-olimpica-brasileira\/"},"author":{"name":"Katarine Monteiro","@id":"https:\/\/swimchannel.net\/br\/#\/schema\/person\/73ae9cec62249968bca1f0a8098ef002"},"headline":"50m livre marca o \u00faltimo dia de seletiva ol\u00edmpica brasileira","datePublished":"2021-04-24T16:51:59+00:00","dateModified":"2021-04-24T18:27:15+00:00","mainEntityOfPage":{"@id":"https:\/\/swimchannel.net\/br\/50m-livre-marca-o-ultimo-dia-de-seletiva-olimpica-brasileira\/"},"wordCount":853,"commentCount":0,"publisher":{"@id":"https:\/\/swimchannel.net\/br\/#organization"},"image":{"@id":"https:\/\/swimchannel.net\/br\/50m-livre-marca-o-ultimo-dia-de-seletiva-olimpica-brasileira\/#primaryimage"},"thumbnailUrl":"https:\/\/swimchannel.net\/br\/wp-content\/uploads\/2021\/04\/71Q9255.jpg","keywords":["CBDA","Jogos Ol\u00edmpicos T\u00f3quio-2020","seletiva ol\u00edmpica"],"articleSection":["Nata\u00e7\u00e3o","Seletiva Ol\u00edmpica"],"inLanguage":"pt-BR","potentialAction":[{"@type":"CommentAction","name":"Comment","target":["https:\/\/swimchannel.net\/br\/50m-livre-marca-o-ultimo-dia-de-seletiva-olimpica-brasileira\/#respond"]}]},{"@type":"WebPage","@id":"https:\/\/swimchannel.net\/br\/50m-livre-marca-o-ultimo-dia-de-seletiva-olimpica-brasileira\/","url":"https:\/\/swimchannel.net\/br\/50m-livre-marca-o-ultimo-dia-de-seletiva-olimpica-brasileira\/","name":"50m livre marca o \u00faltimo dia de seletiva ol\u00edmpica brasileira - Swimchannel","isPartOf":{"@id":"https:\/\/swimchannel.net\/br\/#website"},"primaryImageOfPage":{"@id":"https:\/\/swimchannel.net\/br\/50m-livre-marca-o-ultimo-dia-de-seletiva-olimpica-brasileira\/#primaryimage"},"image":{"@id":"https:\/\/swimchannel.net\/br\/50m-livre-marca-o-ultimo-dia-de-seletiva-olimpica-brasileira\/#primaryimage"},"thumbnailUrl":"https:\/\/swimchannel.net\/br\/wp-content\/uploads\/2021\/04\/71Q9255.jpg","datePublished":"2021-04-24T16:51:59+00:00","dateModified":"2021-04-24T18:27:15+00:00","breadcrumb":{"@id":"https:\/\/swimchannel.net\/br\/50m-livre-marca-o-ultimo-dia-de-seletiva-olimpica-brasileira\/#breadcrumb"},"inLanguage":"pt-BR","potentialAction":[{"@type":"ReadAction","target":["https:\/\/swimchannel.net\/br\/50m-livre-marca-o-ultimo-dia-de-seletiva-olimpica-brasileira\/"]}]},{"@type":"ImageObject","inLanguage":"pt-BR","@id":"https:\/\/swimchannel.net\/br\/50m-livre-marca-o-ultimo-dia-de-seletiva-olimpica-brasileira\/#primaryimage","url":"https:\/\/swimchannel.net\/br\/wp-content\/uploads\/2021\/04\/71Q9255.jpg","contentUrl":"https:\/\/swimchannel.net\/br\/wp-content\/uploads\/2021\/04\/71Q9255.jpg","width":2362,"height":1575,"caption":"Pedro Spajari - Foto: Satiro Sodr\u00e9\/SSPress\/CBDA"},{"@type":"BreadcrumbList","@id":"https:\/\/swimchannel.net\/br\/50m-livre-marca-o-ultimo-dia-de-seletiva-olimpica-brasileira\/#breadcrumb","itemListElement":[{"@type":"ListItem","position":1,"name":"Home","item":"https:\/\/swimchannel.net\/br\/"},{"@type":"ListItem","position":2,"name":"50m livre marca o \u00faltimo dia de seletiva ol\u00edmpica brasileira"}]},{"@type":"WebSite","@id":"https:\/\/swimchannel.net\/br\/#website","url":"https:\/\/swimchannel.net\/br\/","name":"Swimchannel","description":"Maior portal de nata\u00e7\u00e3o da america latina","publisher":{"@id":"https:\/\/swimchannel.net\/br\/#organization"},"potentialAction":[{"@type":"SearchAction","target":{"@type":"EntryPoint","urlTemplate":"https:\/\/swimchannel.net\/br\/?s={search_term_string}"},"query-input":{"@type":"PropertyValueSpecification","valueRequired":true,"valueName":"search_term_string"}}],"inLanguage":"pt-BR"},{"@type":"Organization","@id":"https:\/\/swimchannel.net\/br\/#organization","name":"Swimchannel - Conectando voc\u00ea a Nata\u00e7\u00e3o","url":"https:\/\/swimchannel.net\/br\/","logo":{"@type":"ImageObject","inLanguage":"pt-BR","@id":"https:\/\/swimchannel.net\/br\/#\/schema\/logo\/image\/","url":"https:\/\/swimchannel.net\/br\/wp-content\/uploads\/2026\/02\/SWIM-CHANNEL.png","contentUrl":"https:\/\/swimchannel.net\/br\/wp-content\/uploads\/2026\/02\/SWIM-CHANNEL.png","width":1120,"height":630,"caption":"Swimchannel - Conectando voc\u00ea a Nata\u00e7\u00e3o"},"image":{"@id":"https:\/\/swimchannel.net\/br\/#\/schema\/logo\/image\/"},"sameAs":["https:\/\/www.facebook.com\/swimchannel","https:\/\/www.instagram.com\/swimchannel"]},{"@type":"Person","@id":"https:\/\/swimchannel.net\/br\/#\/schema\/person\/73ae9cec62249968bca1f0a8098ef002","name":"Katarine Monteiro","image":{"@type":"ImageObject","inLanguage":"pt-BR","@id":"https:\/\/swimchannel.net\/br\/#\/schema\/person\/image\/","url":"https:\/\/swimchannel.net\/br\/wp-content\/uploads\/2022\/01\/Katarine-Monteiro-100x100.jpg","contentUrl":"https:\/\/swimchannel.net\/br\/wp-content\/uploads\/2022\/01\/Katarine-Monteiro-100x100.jpg","caption":"Katarine Monteiro"},"description":"Jornalista SWIM CHANNEL especializada em esportes ol\u00edmpicos e em sa\u00fade. Com cobertura de grandes eventos internacionais, como Jogos Ol\u00edmpicos Rio 2016, Jogos Pan-Americanos em Lima 2019, Qatar Total Open 2020, Qatar ExxonMobil Open 2019 - t\u00eanis em Doha (QT), Semana Internacional de Vela de Ilhabela, Transat Jacques Vabre 2019 (Fran\u00e7a-Brasil), L'\u00c9tape Brasil by Tour de France, j\u00e1 fez in\u00fameras coberturas de nata\u00e7\u00e3o, maratona aqu\u00e1tica e polo aqu\u00e1tico. Formada tamb\u00e9m em Letras, a jornalista atua como assessora de imprensa, rela\u00e7\u00f5es p\u00fablicas e social media, com especializa\u00e7\u00e3o em marketing esportivo. Nadadora amadora de \u00e1guas abertas, j\u00e1 trabalhou com grandes nomes da nata\u00e7\u00e3o e do polo aqu\u00e1tico brasileiro.","sameAs":["https:\/\/www.instagram.com\/_katarinemonteiro\/","https:\/\/www.linkedin.com\/in\/katarine-monteiro-19385297\/","https:\/\/x.com\/https:\/\/twitter.com\/Katarinem"],"url":"https:\/\/swimchannel.net\/br\/author\/katarine-monteiro\/"}]}},"_links":{"self":[{"href":"https:\/\/swimchannel.net\/br\/wp-json\/wp\/v2\/posts\/41350","targetHints":{"allow":["GET"]}}],"collection":[{"href":"https:\/\/swimchannel.net\/br\/wp-json\/wp\/v2\/posts"}],"about":[{"href":"https:\/\/swimchannel.net\/br\/wp-json\/wp\/v2\/types\/post"}],"author":[{"embeddable":true,"href":"https:\/\/swimchannel.net\/br\/wp-json\/wp\/v2\/users\/9"}],"replies":[{"embeddable":true,"href":"https:\/\/swimchannel.net\/br\/wp-json\/wp\/v2\/comments?post=41350"}],"version-history":[{"count":0,"href":"https:\/\/swimchannel.net\/br\/wp-json\/wp\/v2\/posts\/41350\/revisions"}],"wp:featuredmedia":[{"embeddable":true,"href":"https:\/\/swimchannel.net\/br\/wp-json\/wp\/v2\/media\/41364"}],"wp:attachment":[{"href":"https:\/\/swimchannel.net\/br\/wp-json\/wp\/v2\/media?parent=41350"}],"wp:term":[{"taxonomy":"category","embeddable":true,"href":"https:\/\/swimchannel.net\/br\/wp-json\/wp\/v2\/categories?post=41350"},{"taxonomy":"post_tag","embeddable":true,"href":"https:\/\/swimchannel.net\/br\/wp-json\/wp\/v2\/tags?post=41350"}],"curies":[{"name":"wp","href":"https:\/\/api.w.org\/{rel}","templated":true}]}}