{"id":41410,"date":"2021-04-26T11:50:21","date_gmt":"2021-04-26T14:50:21","guid":{"rendered":"https:\/\/swimchannel.net\/br\/?p=41410"},"modified":"2021-04-26T13:32:08","modified_gmt":"2021-04-26T16:32:08","slug":"conheca-os-nadadores-convocados-para-os-jogos-de-toquio","status":"publish","type":"post","link":"https:\/\/swimchannel.net\/br\/conheca-os-nadadores-convocados-para-os-jogos-de-toquio\/","title":{"rendered":"Conhe\u00e7a os nadadores convocados para os Jogos de T\u00f3quio"},"content":{"rendered":"<p>Terminou a seletiva ol\u00edmpica no Rio de Janeiro para os Jogos de T\u00f3quio-2020. Foi uma semana de muita nata\u00e7\u00e3o e ao todo tivemos 18 nadadores classificados para os Jogos, al\u00e9m de nove nadadoras que est\u00e3o pr\u00e9-convocadas pela Confedera\u00e7\u00e3o Brasileira de Desportos Aqu\u00e1ticos (CBDA) e aguardam a defini\u00e7\u00e3o da repescagem mundial para saberem se estar\u00e3o na equipe ir\u00e1 ao Jap\u00e3o em julho.<\/p>\n<p>Os 18 convocados por atingirem o \u00edndice durante a seletiva s\u00e3o: Bruno Fratus (50m livre), Pedro Spajari (100m livre e 4x100m livre), Gabriel Santos 100m livre e 4x100m livre), Fernando Scheffer (200m livre e 4 x200m livre), Breno Correia (200m livre, 4x100m e 4 x200m livre), Guilherme Costa (400m, 800m e 1500m livre), Beatriz Dizotti (1500m livre), Betina Lorscheitter (1500m livre), Guilherme Basseto (100m costas) e Guilherme Guido (100m costas), Felipe Lima (100m peito), Matheus Gonche (100m borboleta),\u00a0Leonardo de Deus (200m borboleta), Caio Pumputis (200m medley), Vinicius Lanza (200m medley), Marcelo Chierighini (4x100m livre), Murilo Sartori (4x200m livre) e Luiz Altamir (4x200m livre).<\/p>\n<div id='gallery-1' class='gallery galleryid-41410 gallery-columns-3 gallery-size-thumbnail'><figure class='gallery-item'>\n\t\t\t<div class='gallery-icon landscape'>\n\t\t\t\t<a href='https:\/\/swimchannel.net\/br\/confira-a-programacao-trofeu-brasil-2020\/17th-fina-world-aquatics-championships\/'><img loading=\"lazy\" decoding=\"async\" width=\"270\" height=\"180\" src=\"https:\/\/swimchannel.net\/br\/wp-content\/uploads\/2020\/12\/fratus-270x180.jpg\" class=\"attachment-thumbnail size-thumbnail\" alt=\"\" aria-describedby=\"gallery-1-27702\" srcset=\"https:\/\/swimchannel.net\/br\/wp-content\/uploads\/2020\/12\/fratus-270x180.jpg 270w, https:\/\/swimchannel.net\/br\/wp-content\/uploads\/2020\/12\/fratus-600x400.jpg 600w, https:\/\/swimchannel.net\/br\/wp-content\/uploads\/2020\/12\/fratus-1013x675.jpg 1013w, https:\/\/swimchannel.net\/br\/wp-content\/uploads\/2020\/12\/fratus-1200x800.jpg 1200w, https:\/\/swimchannel.net\/br\/wp-content\/uploads\/2020\/12\/fratus-768x512.jpg 768w, https:\/\/swimchannel.net\/br\/wp-content\/uploads\/2020\/12\/fratus.jpg 1500w\" sizes=\"auto, (max-width: 270px) 100vw, 270px\" \/><\/a>\n\t\t\t<\/div>\n\t\t\t\t<figcaption class='wp-caption-text gallery-caption' id='gallery-1-27702'>\n\t\t\t\tBruno Fratus &#8211; Foto: Stefan Wermuth\/Reuters\n\t\t\t\t<\/figcaption><\/figure><figure class='gallery-item'>\n\t\t\t<div class='gallery-icon landscape'>\n\t\t\t\t<a href='https:\/\/swimchannel.net\/br\/classificados-olimpicos-apos-o-quarto-dia-de-seletiva\/o-credito-da-foto-e-obrigatorio-satiro-sodre-sspress-cbda-525\/'><img loading=\"lazy\" decoding=\"async\" width=\"270\" height=\"180\" src=\"https:\/\/swimchannel.net\/br\/wp-content\/uploads\/2021\/04\/71Q4958-270x180.jpg\" class=\"attachment-thumbnail size-thumbnail\" alt=\"\" aria-describedby=\"gallery-1-41197\" srcset=\"https:\/\/swimchannel.net\/br\/wp-content\/uploads\/2021\/04\/71Q4958-270x180.jpg 270w, https:\/\/swimchannel.net\/br\/wp-content\/uploads\/2021\/04\/71Q4958-1012x675.jpg 1012w, https:\/\/swimchannel.net\/br\/wp-content\/uploads\/2021\/04\/71Q4958-1200x800.jpg 1200w, https:\/\/swimchannel.net\/br\/wp-content\/uploads\/2021\/04\/71Q4958-768x512.jpg 768w, https:\/\/swimchannel.net\/br\/wp-content\/uploads\/2021\/04\/71Q4958-1536x1024.jpg 1536w, https:\/\/swimchannel.net\/br\/wp-content\/uploads\/2021\/04\/71Q4958-2048x1366.jpg 2048w, https:\/\/swimchannel.net\/br\/wp-content\/uploads\/2021\/04\/71Q4958-600x400.jpg 600w, https:\/\/swimchannel.net\/br\/wp-content\/uploads\/2021\/04\/71Q4958-750x500.jpg 750w, https:\/\/swimchannel.net\/br\/wp-content\/uploads\/2021\/04\/71Q4958-1140x760.jpg 1140w\" sizes=\"auto, (max-width: 270px) 100vw, 270px\" \/><\/a>\n\t\t\t<\/div>\n\t\t\t\t<figcaption class='wp-caption-text gallery-caption' id='gallery-1-41197'>\n\t\t\t\tPedro Spajari &#8211; Foto: Satiro Sodr\u00e9\/SSPress\/CBDA\n\t\t\t\t<\/figcaption><\/figure><figure class='gallery-item'>\n\t\t\t<div class='gallery-icon landscape'>\n\t\t\t\t<a href='https:\/\/swimchannel.net\/br\/mais-tres-indices-para-fechar-a-seletiva-olimpica\/o-credito-da-foto-e-obrigatorio-satiro-sodre-sspress-cbda-557\/'><img loading=\"lazy\" decoding=\"async\" width=\"270\" height=\"180\" src=\"https:\/\/swimchannel.net\/br\/wp-content\/uploads\/2021\/04\/71Q1697-270x180.jpg\" class=\"attachment-thumbnail size-thumbnail\" alt=\"\" aria-describedby=\"gallery-1-41383\" srcset=\"https:\/\/swimchannel.net\/br\/wp-content\/uploads\/2021\/04\/71Q1697-270x180.jpg 270w, https:\/\/swimchannel.net\/br\/wp-content\/uploads\/2021\/04\/71Q1697-1012x675.jpg 1012w, https:\/\/swimchannel.net\/br\/wp-content\/uploads\/2021\/04\/71Q1697-1200x800.jpg 1200w, https:\/\/swimchannel.net\/br\/wp-content\/uploads\/2021\/04\/71Q1697-768x512.jpg 768w, https:\/\/swimchannel.net\/br\/wp-content\/uploads\/2021\/04\/71Q1697-1536x1024.jpg 1536w, https:\/\/swimchannel.net\/br\/wp-content\/uploads\/2021\/04\/71Q1697-2048x1366.jpg 2048w, https:\/\/swimchannel.net\/br\/wp-content\/uploads\/2021\/04\/71Q1697-600x400.jpg 600w, https:\/\/swimchannel.net\/br\/wp-content\/uploads\/2021\/04\/71Q1697-750x500.jpg 750w, https:\/\/swimchannel.net\/br\/wp-content\/uploads\/2021\/04\/71Q1697-1140x760.jpg 1140w\" sizes=\"auto, (max-width: 270px) 100vw, 270px\" \/><\/a>\n\t\t\t<\/div>\n\t\t\t\t<figcaption class='wp-caption-text gallery-caption' id='gallery-1-41383'>\n\t\t\t\tGabriel Santos &#8211; Foto: Satiro Sodr\u00e9\/SSPress\/CBDA\n\t\t\t\t<\/figcaption><\/figure><figure class='gallery-item'>\n\t\t\t<div class='gallery-icon landscape'>\n\t\t\t\t<a href='https:\/\/swimchannel.net\/br\/classificados-olimpicos-apos-o-quarto-dia-de-seletiva\/o-credito-da-foto-e-obrigatorio-satiro-sodre-sspress-cbda-526\/'><img loading=\"lazy\" decoding=\"async\" width=\"270\" height=\"180\" src=\"https:\/\/swimchannel.net\/br\/wp-content\/uploads\/2021\/04\/71Q3734-270x180.jpg\" class=\"attachment-thumbnail size-thumbnail\" alt=\"\" aria-describedby=\"gallery-1-41198\" srcset=\"https:\/\/swimchannel.net\/br\/wp-content\/uploads\/2021\/04\/71Q3734-270x180.jpg 270w, https:\/\/swimchannel.net\/br\/wp-content\/uploads\/2021\/04\/71Q3734-1012x675.jpg 1012w, https:\/\/swimchannel.net\/br\/wp-content\/uploads\/2021\/04\/71Q3734-1200x800.jpg 1200w, https:\/\/swimchannel.net\/br\/wp-content\/uploads\/2021\/04\/71Q3734-768x512.jpg 768w, https:\/\/swimchannel.net\/br\/wp-content\/uploads\/2021\/04\/71Q3734-1536x1024.jpg 1536w, https:\/\/swimchannel.net\/br\/wp-content\/uploads\/2021\/04\/71Q3734-2048x1366.jpg 2048w, https:\/\/swimchannel.net\/br\/wp-content\/uploads\/2021\/04\/71Q3734-600x400.jpg 600w, https:\/\/swimchannel.net\/br\/wp-content\/uploads\/2021\/04\/71Q3734-750x500.jpg 750w, https:\/\/swimchannel.net\/br\/wp-content\/uploads\/2021\/04\/71Q3734-1140x760.jpg 1140w\" sizes=\"auto, (max-width: 270px) 100vw, 270px\" \/><\/a>\n\t\t\t<\/div>\n\t\t\t\t<figcaption class='wp-caption-text gallery-caption' id='gallery-1-41198'>\n\t\t\t\tMarcelo Chierighini &#8211; Foto:  Satiro Sodr\u00e9\/SSPress\/CBDA\n\t\t\t\t<\/figcaption><\/figure><figure class='gallery-item'>\n\t\t\t<div class='gallery-icon landscape'>\n\t\t\t\t<a href='https:\/\/swimchannel.net\/br\/segundo-dia-de-finais-promete-indices-e-definicao-de-revezamento-4x200m-livre\/o-credito-da-foto-e-obrigatorio-satiro-sodre-sspress-cbda-495\/'><img loading=\"lazy\" decoding=\"async\" width=\"270\" height=\"180\" src=\"https:\/\/swimchannel.net\/br\/wp-content\/uploads\/2021\/04\/71Q5154-1-270x180.jpg\" class=\"attachment-thumbnail size-thumbnail\" alt=\"\" aria-describedby=\"gallery-1-40987\" srcset=\"https:\/\/swimchannel.net\/br\/wp-content\/uploads\/2021\/04\/71Q5154-1-270x180.jpg 270w, https:\/\/swimchannel.net\/br\/wp-content\/uploads\/2021\/04\/71Q5154-1-1012x675.jpg 1012w, https:\/\/swimchannel.net\/br\/wp-content\/uploads\/2021\/04\/71Q5154-1-1200x800.jpg 1200w, https:\/\/swimchannel.net\/br\/wp-content\/uploads\/2021\/04\/71Q5154-1-768x512.jpg 768w, https:\/\/swimchannel.net\/br\/wp-content\/uploads\/2021\/04\/71Q5154-1-1536x1024.jpg 1536w, https:\/\/swimchannel.net\/br\/wp-content\/uploads\/2021\/04\/71Q5154-1-2048x1366.jpg 2048w, https:\/\/swimchannel.net\/br\/wp-content\/uploads\/2021\/04\/71Q5154-1-600x400.jpg 600w, https:\/\/swimchannel.net\/br\/wp-content\/uploads\/2021\/04\/71Q5154-1-750x500.jpg 750w, https:\/\/swimchannel.net\/br\/wp-content\/uploads\/2021\/04\/71Q5154-1-1140x760.jpg 1140w\" sizes=\"auto, (max-width: 270px) 100vw, 270px\" \/><\/a>\n\t\t\t<\/div>\n\t\t\t\t<figcaption class='wp-caption-text gallery-caption' id='gallery-1-40987'>\n\t\t\t\tFernando Scheffer &#8211; Foto: Satiro Sodr\u00e9\/SSPress\/CBDA\n\t\t\t\t<\/figcaption><\/figure><figure class='gallery-item'>\n\t\t\t<div class='gallery-icon landscape'>\n\t\t\t\t<a href='https:\/\/swimchannel.net\/br\/classificados-olimpicos-apos-o-segundo-dia-de-seletiva\/o-credito-da-foto-e-obrigatorio-satiro-sodre-sspress-cbda-497\/'><img loading=\"lazy\" decoding=\"async\" width=\"270\" height=\"180\" src=\"https:\/\/swimchannel.net\/br\/wp-content\/uploads\/2021\/04\/71Q9850-270x180.jpg\" class=\"attachment-thumbnail size-thumbnail\" alt=\"\" aria-describedby=\"gallery-1-41014\" srcset=\"https:\/\/swimchannel.net\/br\/wp-content\/uploads\/2021\/04\/71Q9850-270x180.jpg 270w, https:\/\/swimchannel.net\/br\/wp-content\/uploads\/2021\/04\/71Q9850-1012x675.jpg 1012w, https:\/\/swimchannel.net\/br\/wp-content\/uploads\/2021\/04\/71Q9850-1200x800.jpg 1200w, https:\/\/swimchannel.net\/br\/wp-content\/uploads\/2021\/04\/71Q9850-768x512.jpg 768w, https:\/\/swimchannel.net\/br\/wp-content\/uploads\/2021\/04\/71Q9850-1536x1024.jpg 1536w, https:\/\/swimchannel.net\/br\/wp-content\/uploads\/2021\/04\/71Q9850-2048x1366.jpg 2048w, https:\/\/swimchannel.net\/br\/wp-content\/uploads\/2021\/04\/71Q9850-600x400.jpg 600w, https:\/\/swimchannel.net\/br\/wp-content\/uploads\/2021\/04\/71Q9850-750x500.jpg 750w, https:\/\/swimchannel.net\/br\/wp-content\/uploads\/2021\/04\/71Q9850-1140x760.jpg 1140w\" sizes=\"auto, (max-width: 270px) 100vw, 270px\" \/><\/a>\n\t\t\t<\/div>\n\t\t\t\t<figcaption class='wp-caption-text gallery-caption' id='gallery-1-41014'>\n\t\t\t\tBreno Correia &#8211; Foto: Satiro Sodr\u00e9\/SSPress\n\t\t\t\t<\/figcaption><\/figure><figure class='gallery-item'>\n\t\t\t<div class='gallery-icon landscape'>\n\t\t\t\t<a href='https:\/\/swimchannel.net\/br\/murilo-sartori-e-bronze-no-mundial-junior\/sartori2\/'><img loading=\"lazy\" decoding=\"async\" width=\"320\" height=\"180\" src=\"https:\/\/swimchannel.net\/br\/wp-content\/uploads\/2019\/08\/sartori2.jpg\" class=\"attachment-thumbnail size-thumbnail\" alt=\"\" aria-describedby=\"gallery-1-19530\" srcset=\"https:\/\/swimchannel.net\/br\/wp-content\/uploads\/2019\/08\/sartori2.jpg 1200w, https:\/\/swimchannel.net\/br\/wp-content\/uploads\/2019\/08\/sartori2-600x338.jpg 600w\" sizes=\"auto, (max-width: 320px) 100vw, 320px\" \/><\/a>\n\t\t\t<\/div>\n\t\t\t\t<figcaption class='wp-caption-text gallery-caption' id='gallery-1-19530'>\n\t\t\t\tMurilo Sartori &#8211; Foto: Jonne Roriz\/COB\n\t\t\t\t<\/figcaption><\/figure><figure class='gallery-item'>\n\t\t\t<div class='gallery-icon landscape'>\n\t\t\t\t<a href='https:\/\/swimchannel.net\/br\/?attachment_id=23391'><img loading=\"lazy\" decoding=\"async\" width=\"320\" height=\"180\" src=\"https:\/\/swimchannel.net\/br\/wp-content\/uploads\/2018\/03\/altamir5-320x180.jpg\" class=\"attachment-thumbnail size-thumbnail\" alt=\"\" aria-describedby=\"gallery-1-23391\" srcset=\"https:\/\/swimchannel.net\/br\/wp-content\/uploads\/2018\/03\/altamir5-320x180.jpg 320w, https:\/\/swimchannel.net\/br\/wp-content\/uploads\/2018\/03\/altamir5-600x338.jpg 600w, https:\/\/swimchannel.net\/br\/wp-content\/uploads\/2018\/03\/altamir5.jpg 1200w, https:\/\/swimchannel.net\/br\/wp-content\/uploads\/2018\/03\/altamir5-768x432.jpg 768w, https:\/\/swimchannel.net\/br\/wp-content\/uploads\/2018\/03\/altamir5-640x360.jpg 640w\" sizes=\"auto, (max-width: 320px) 100vw, 320px\" \/><\/a>\n\t\t\t<\/div>\n\t\t\t\t<figcaption class='wp-caption-text gallery-caption' id='gallery-1-23391'>\n\t\t\t\tLuiz Altamir &#8211; Foto:  Satiro Sodr\u00e9\/SSPress\/CBDA\n\t\t\t\t<\/figcaption><\/figure><figure class='gallery-item'>\n\t\t\t<div class='gallery-icon landscape'>\n\t\t\t\t<a href='https:\/\/swimchannel.net\/br\/guilherme-costa-e-felipe-lima-os-primeiros-classificados-para-toquio\/o-credito-da-foto-e-obrigatorio-satiro-sodre-sspress-cbda-482\/'><img loading=\"lazy\" decoding=\"async\" width=\"270\" height=\"180\" src=\"https:\/\/swimchannel.net\/br\/wp-content\/uploads\/2021\/04\/71Q7006-270x180.jpg\" class=\"attachment-thumbnail size-thumbnail\" alt=\"\" aria-describedby=\"gallery-1-40946\" srcset=\"https:\/\/swimchannel.net\/br\/wp-content\/uploads\/2021\/04\/71Q7006-270x180.jpg 270w, https:\/\/swimchannel.net\/br\/wp-content\/uploads\/2021\/04\/71Q7006-1012x675.jpg 1012w, https:\/\/swimchannel.net\/br\/wp-content\/uploads\/2021\/04\/71Q7006-1200x800.jpg 1200w, https:\/\/swimchannel.net\/br\/wp-content\/uploads\/2021\/04\/71Q7006-768x512.jpg 768w, https:\/\/swimchannel.net\/br\/wp-content\/uploads\/2021\/04\/71Q7006-1536x1024.jpg 1536w, https:\/\/swimchannel.net\/br\/wp-content\/uploads\/2021\/04\/71Q7006-2048x1366.jpg 2048w, https:\/\/swimchannel.net\/br\/wp-content\/uploads\/2021\/04\/71Q7006-600x400.jpg 600w, https:\/\/swimchannel.net\/br\/wp-content\/uploads\/2021\/04\/71Q7006-750x500.jpg 750w, https:\/\/swimchannel.net\/br\/wp-content\/uploads\/2021\/04\/71Q7006-1140x760.jpg 1140w\" sizes=\"auto, (max-width: 270px) 100vw, 270px\" \/><\/a>\n\t\t\t<\/div>\n\t\t\t\t<figcaption class='wp-caption-text gallery-caption' id='gallery-1-40946'>\n\t\t\t\tGuilherme Costa &#8211; Foto: Satiro Sodr\u00e9\/SSPress\/CBDA\n\t\t\t\t<\/figcaption><\/figure><figure class='gallery-item'>\n\t\t\t<div class='gallery-icon landscape'>\n\t\t\t\t<a href='https:\/\/swimchannel.net\/br\/primeiros-indices-femininos-e-revezamento-4x100m-livre-definido\/whatsapp-image-2021-04-22-at-19-24-23\/'><img loading=\"lazy\" decoding=\"async\" width=\"270\" height=\"180\" src=\"https:\/\/swimchannel.net\/br\/wp-content\/uploads\/2021\/04\/WhatsApp-Image-2021-04-22-at-19.24.23-270x180.jpeg\" class=\"attachment-thumbnail size-thumbnail\" alt=\"\" aria-describedby=\"gallery-1-41189\" srcset=\"https:\/\/swimchannel.net\/br\/wp-content\/uploads\/2021\/04\/WhatsApp-Image-2021-04-22-at-19.24.23-270x180.jpeg 270w, https:\/\/swimchannel.net\/br\/wp-content\/uploads\/2021\/04\/WhatsApp-Image-2021-04-22-at-19.24.23-1013x675.jpeg 1013w, https:\/\/swimchannel.net\/br\/wp-content\/uploads\/2021\/04\/WhatsApp-Image-2021-04-22-at-19.24.23-1200x800.jpeg 1200w, https:\/\/swimchannel.net\/br\/wp-content\/uploads\/2021\/04\/WhatsApp-Image-2021-04-22-at-19.24.23-768x512.jpeg 768w, https:\/\/swimchannel.net\/br\/wp-content\/uploads\/2021\/04\/WhatsApp-Image-2021-04-22-at-19.24.23-600x400.jpeg 600w, https:\/\/swimchannel.net\/br\/wp-content\/uploads\/2021\/04\/WhatsApp-Image-2021-04-22-at-19.24.23-750x500.jpeg 750w, https:\/\/swimchannel.net\/br\/wp-content\/uploads\/2021\/04\/WhatsApp-Image-2021-04-22-at-19.24.23-1140x760.jpeg 1140w, https:\/\/swimchannel.net\/br\/wp-content\/uploads\/2021\/04\/WhatsApp-Image-2021-04-22-at-19.24.23.jpeg 1280w\" sizes=\"auto, (max-width: 270px) 100vw, 270px\" \/><\/a>\n\t\t\t<\/div>\n\t\t\t\t<figcaption class='wp-caption-text gallery-caption' id='gallery-1-41189'>\n\t\t\t\tBeatriz Dizotti &#8211; Foto: Satiro Sodr\u00e9\/SSPress\/CBDA\n\t\t\t\t<\/figcaption><\/figure><figure class='gallery-item'>\n\t\t\t<div class='gallery-icon landscape'>\n\t\t\t\t<a href='https:\/\/swimchannel.net\/br\/betina-e-colonese-sao-os-campeoes-brasileiros-de-2018\/o-credito-da-foto-e-obrigatorio-satiro-sodre-sspress-cbda-252\/'><img loading=\"lazy\" decoding=\"async\" width=\"270\" height=\"180\" src=\"https:\/\/swimchannel.net\/br\/wp-content\/uploads\/2018\/11\/71Q3643.jpg\" class=\"attachment-thumbnail size-thumbnail\" alt=\"\" aria-describedby=\"gallery-1-13130\" srcset=\"https:\/\/swimchannel.net\/br\/wp-content\/uploads\/2018\/11\/71Q3643.jpg 2362w, https:\/\/swimchannel.net\/br\/wp-content\/uploads\/2018\/11\/71Q3643-600x400.jpg 600w\" sizes=\"auto, (max-width: 270px) 100vw, 270px\" \/><\/a>\n\t\t\t<\/div>\n\t\t\t\t<figcaption class='wp-caption-text gallery-caption' id='gallery-1-13130'>\n\t\t\t\tBetina Lorscheitter &#8211; Foto: Satiro Sodr\u00e9\/SSPress\/CBDA\n\t\t\t\t<\/figcaption><\/figure><figure class='gallery-item'>\n\t\t\t<div class='gallery-icon landscape'>\n\t\t\t\t<a href='https:\/\/swimchannel.net\/br\/classificados-olimpicos-apos-o-segundo-dia-de-seletiva\/o-credito-da-foto-e-obrigatorio-satiro-sodre-sspress-cbda-498\/'><img loading=\"lazy\" decoding=\"async\" width=\"270\" height=\"180\" src=\"https:\/\/swimchannel.net\/br\/wp-content\/uploads\/2021\/04\/71Q0126-270x180.jpg\" class=\"attachment-thumbnail size-thumbnail\" alt=\"\" aria-describedby=\"gallery-1-41015\" srcset=\"https:\/\/swimchannel.net\/br\/wp-content\/uploads\/2021\/04\/71Q0126-270x180.jpg 270w, https:\/\/swimchannel.net\/br\/wp-content\/uploads\/2021\/04\/71Q0126-1012x675.jpg 1012w, https:\/\/swimchannel.net\/br\/wp-content\/uploads\/2021\/04\/71Q0126-1200x800.jpg 1200w, https:\/\/swimchannel.net\/br\/wp-content\/uploads\/2021\/04\/71Q0126-768x512.jpg 768w, https:\/\/swimchannel.net\/br\/wp-content\/uploads\/2021\/04\/71Q0126-1536x1024.jpg 1536w, https:\/\/swimchannel.net\/br\/wp-content\/uploads\/2021\/04\/71Q0126-2048x1366.jpg 2048w, https:\/\/swimchannel.net\/br\/wp-content\/uploads\/2021\/04\/71Q0126-600x400.jpg 600w, https:\/\/swimchannel.net\/br\/wp-content\/uploads\/2021\/04\/71Q0126-750x500.jpg 750w, https:\/\/swimchannel.net\/br\/wp-content\/uploads\/2021\/04\/71Q0126-1140x760.jpg 1140w\" sizes=\"auto, (max-width: 270px) 100vw, 270px\" \/><\/a>\n\t\t\t<\/div>\n\t\t\t\t<figcaption class='wp-caption-text gallery-caption' id='gallery-1-41015'>\n\t\t\t\tGuilherme Guido &#8211; Foto: Satiro Sodr\u00e9\/SSPress\/CBDA\n\t\t\t\t<\/figcaption><\/figure><figure class='gallery-item'>\n\t\t\t<div class='gallery-icon landscape'>\n\t\t\t\t<a href='https:\/\/swimchannel.net\/br\/classificados-olimpicos-apos-o-segundo-dia-de-seletiva\/o-credito-da-foto-e-obrigatorio-satiro-sodre-sspress-cbda-499\/'><img loading=\"lazy\" decoding=\"async\" width=\"270\" height=\"180\" src=\"https:\/\/swimchannel.net\/br\/wp-content\/uploads\/2021\/04\/71Q0220-270x180.jpg\" class=\"attachment-thumbnail size-thumbnail\" alt=\"\" aria-describedby=\"gallery-1-41016\" srcset=\"https:\/\/swimchannel.net\/br\/wp-content\/uploads\/2021\/04\/71Q0220-270x180.jpg 270w, https:\/\/swimchannel.net\/br\/wp-content\/uploads\/2021\/04\/71Q0220-1012x675.jpg 1012w, https:\/\/swimchannel.net\/br\/wp-content\/uploads\/2021\/04\/71Q0220-1200x800.jpg 1200w, https:\/\/swimchannel.net\/br\/wp-content\/uploads\/2021\/04\/71Q0220-768x512.jpg 768w, https:\/\/swimchannel.net\/br\/wp-content\/uploads\/2021\/04\/71Q0220-1536x1024.jpg 1536w, https:\/\/swimchannel.net\/br\/wp-content\/uploads\/2021\/04\/71Q0220-2048x1366.jpg 2048w, https:\/\/swimchannel.net\/br\/wp-content\/uploads\/2021\/04\/71Q0220-600x400.jpg 600w, https:\/\/swimchannel.net\/br\/wp-content\/uploads\/2021\/04\/71Q0220-750x500.jpg 750w, https:\/\/swimchannel.net\/br\/wp-content\/uploads\/2021\/04\/71Q0220-1140x760.jpg 1140w\" sizes=\"auto, (max-width: 270px) 100vw, 270px\" \/><\/a>\n\t\t\t<\/div>\n\t\t\t\t<figcaption class='wp-caption-text gallery-caption' id='gallery-1-41016'>\n\t\t\t\tGuilherme Basseto &#8211; Foto: Satiro Sodr\u00e9\/SSPress\/CBDA\n\t\t\t\t<\/figcaption><\/figure><figure class='gallery-item'>\n\t\t\t<div class='gallery-icon landscape'>\n\t\t\t\t<a href='https:\/\/swimchannel.net\/br\/guilherme-costa-e-felipe-lima-os-primeiros-classificados-para-toquio\/o-credito-da-foto-e-obrigatorio-satiro-sodre-sspress-cbda-483\/'><img loading=\"lazy\" decoding=\"async\" width=\"270\" height=\"180\" src=\"https:\/\/swimchannel.net\/br\/wp-content\/uploads\/2021\/04\/71Q7722-270x180.jpg\" class=\"attachment-thumbnail size-thumbnail\" alt=\"\" aria-describedby=\"gallery-1-40948\" srcset=\"https:\/\/swimchannel.net\/br\/wp-content\/uploads\/2021\/04\/71Q7722-270x180.jpg 270w, https:\/\/swimchannel.net\/br\/wp-content\/uploads\/2021\/04\/71Q7722-1012x675.jpg 1012w, https:\/\/swimchannel.net\/br\/wp-content\/uploads\/2021\/04\/71Q7722-1200x800.jpg 1200w, https:\/\/swimchannel.net\/br\/wp-content\/uploads\/2021\/04\/71Q7722-768x512.jpg 768w, https:\/\/swimchannel.net\/br\/wp-content\/uploads\/2021\/04\/71Q7722-1536x1024.jpg 1536w, https:\/\/swimchannel.net\/br\/wp-content\/uploads\/2021\/04\/71Q7722-2048x1366.jpg 2048w, https:\/\/swimchannel.net\/br\/wp-content\/uploads\/2021\/04\/71Q7722-600x400.jpg 600w, https:\/\/swimchannel.net\/br\/wp-content\/uploads\/2021\/04\/71Q7722-750x500.jpg 750w, https:\/\/swimchannel.net\/br\/wp-content\/uploads\/2021\/04\/71Q7722-1140x760.jpg 1140w\" sizes=\"auto, (max-width: 270px) 100vw, 270px\" \/><\/a>\n\t\t\t<\/div>\n\t\t\t\t<figcaption class='wp-caption-text gallery-caption' id='gallery-1-40948'>\n\t\t\t\tFelipe Lima &#8211; Foto: Satiro Sodr\u00e9\/SSPress\/CBDA\n\t\t\t\t<\/figcaption><\/figure><figure class='gallery-item'>\n\t\t\t<div class='gallery-icon landscape'>\n\t\t\t\t<a href='https:\/\/swimchannel.net\/br\/mais-tres-indices-para-fechar-a-seletiva-olimpica\/o-credito-da-foto-e-obrigatorio-satiro-sodre-sspress-cbda-554\/'><img loading=\"lazy\" decoding=\"async\" width=\"270\" height=\"180\" src=\"https:\/\/swimchannel.net\/br\/wp-content\/uploads\/2021\/04\/71Q1335-270x180.jpg\" class=\"attachment-thumbnail size-thumbnail\" alt=\"\" aria-describedby=\"gallery-1-41380\" srcset=\"https:\/\/swimchannel.net\/br\/wp-content\/uploads\/2021\/04\/71Q1335-270x180.jpg 270w, https:\/\/swimchannel.net\/br\/wp-content\/uploads\/2021\/04\/71Q1335-1012x675.jpg 1012w, https:\/\/swimchannel.net\/br\/wp-content\/uploads\/2021\/04\/71Q1335-1200x800.jpg 1200w, https:\/\/swimchannel.net\/br\/wp-content\/uploads\/2021\/04\/71Q1335-768x512.jpg 768w, https:\/\/swimchannel.net\/br\/wp-content\/uploads\/2021\/04\/71Q1335-1536x1024.jpg 1536w, https:\/\/swimchannel.net\/br\/wp-content\/uploads\/2021\/04\/71Q1335-2048x1366.jpg 2048w, https:\/\/swimchannel.net\/br\/wp-content\/uploads\/2021\/04\/71Q1335-600x400.jpg 600w, https:\/\/swimchannel.net\/br\/wp-content\/uploads\/2021\/04\/71Q1335-750x500.jpg 750w, https:\/\/swimchannel.net\/br\/wp-content\/uploads\/2021\/04\/71Q1335-1140x760.jpg 1140w\" sizes=\"auto, (max-width: 270px) 100vw, 270px\" \/><\/a>\n\t\t\t<\/div>\n\t\t\t\t<figcaption class='wp-caption-text gallery-caption' id='gallery-1-41380'>\n\t\t\t\tMatheus Gonche &#8211; Foto: Satiro Sodr\u00e9\/SSPress\/CBDA\n\t\t\t\t<\/figcaption><\/figure><figure class='gallery-item'>\n\t\t\t<div class='gallery-icon landscape'>\n\t\t\t\t<a href='https:\/\/swimchannel.net\/br\/o-que-rola-no-terceiro-dia-de-finais-da-seletiva\/o-credito-da-foto-e-obrigatorio-satiro-sodre-sspress-cbda-510\/'><img loading=\"lazy\" decoding=\"async\" width=\"270\" height=\"180\" src=\"https:\/\/swimchannel.net\/br\/wp-content\/uploads\/2021\/04\/71Q1158-270x180.jpg\" class=\"attachment-thumbnail size-thumbnail\" alt=\"\" aria-describedby=\"gallery-1-41043\" srcset=\"https:\/\/swimchannel.net\/br\/wp-content\/uploads\/2021\/04\/71Q1158-270x180.jpg 270w, https:\/\/swimchannel.net\/br\/wp-content\/uploads\/2021\/04\/71Q1158-1012x675.jpg 1012w, https:\/\/swimchannel.net\/br\/wp-content\/uploads\/2021\/04\/71Q1158-1200x800.jpg 1200w, https:\/\/swimchannel.net\/br\/wp-content\/uploads\/2021\/04\/71Q1158-768x512.jpg 768w, https:\/\/swimchannel.net\/br\/wp-content\/uploads\/2021\/04\/71Q1158-1536x1024.jpg 1536w, https:\/\/swimchannel.net\/br\/wp-content\/uploads\/2021\/04\/71Q1158-2048x1366.jpg 2048w, https:\/\/swimchannel.net\/br\/wp-content\/uploads\/2021\/04\/71Q1158-600x400.jpg 600w, https:\/\/swimchannel.net\/br\/wp-content\/uploads\/2021\/04\/71Q1158-750x500.jpg 750w, https:\/\/swimchannel.net\/br\/wp-content\/uploads\/2021\/04\/71Q1158-1140x760.jpg 1140w\" sizes=\"auto, (max-width: 270px) 100vw, 270px\" \/><\/a>\n\t\t\t<\/div>\n\t\t\t\t<figcaption class='wp-caption-text gallery-caption' id='gallery-1-41043'>\n\t\t\t\tLeonardo de Deus &#8211; Foto: Satiro Sodr\u00e9\/SSPress\/CBDA\n\t\t\t\t<\/figcaption><\/figure><figure class='gallery-item'>\n\t\t\t<div class='gallery-icon landscape'>\n\t\t\t\t<a href='https:\/\/swimchannel.net\/br\/classificados-olimpicos-apos-o-quinto-dia-de-seletiva\/o-credito-da-foto-e-obrigatorio-satiro-sodre-sspress-cbda-543\/'><img loading=\"lazy\" decoding=\"async\" width=\"270\" height=\"180\" src=\"https:\/\/swimchannel.net\/br\/wp-content\/uploads\/2021\/04\/71Q7920-2-270x180.jpg\" class=\"attachment-thumbnail size-thumbnail\" alt=\"\" aria-describedby=\"gallery-1-41328\" srcset=\"https:\/\/swimchannel.net\/br\/wp-content\/uploads\/2021\/04\/71Q7920-2-270x180.jpg 270w, https:\/\/swimchannel.net\/br\/wp-content\/uploads\/2021\/04\/71Q7920-2-1012x675.jpg 1012w, https:\/\/swimchannel.net\/br\/wp-content\/uploads\/2021\/04\/71Q7920-2-1200x800.jpg 1200w, https:\/\/swimchannel.net\/br\/wp-content\/uploads\/2021\/04\/71Q7920-2-768x512.jpg 768w, https:\/\/swimchannel.net\/br\/wp-content\/uploads\/2021\/04\/71Q7920-2-1536x1024.jpg 1536w, https:\/\/swimchannel.net\/br\/wp-content\/uploads\/2021\/04\/71Q7920-2-2048x1366.jpg 2048w, https:\/\/swimchannel.net\/br\/wp-content\/uploads\/2021\/04\/71Q7920-2-600x400.jpg 600w, https:\/\/swimchannel.net\/br\/wp-content\/uploads\/2021\/04\/71Q7920-2-750x500.jpg 750w, https:\/\/swimchannel.net\/br\/wp-content\/uploads\/2021\/04\/71Q7920-2-1140x760.jpg 1140w\" sizes=\"auto, (max-width: 270px) 100vw, 270px\" \/><\/a>\n\t\t\t<\/div>\n\t\t\t\t<figcaption class='wp-caption-text gallery-caption' id='gallery-1-41328'>\n\t\t\t\tCaio Pumputis &#8211; Foto: Satiro Sodr\u00e9\/SSPress\/CBDA\n\t\t\t\t<\/figcaption><\/figure><figure class='gallery-item'>\n\t\t\t<div class='gallery-icon landscape'>\n\t\t\t\t<a href='https:\/\/swimchannel.net\/br\/classificados-olimpicos-apos-o-quinto-dia-de-seletiva\/o-credito-da-foto-e-obrigatorio-satiro-sodre-sspress-cbda-542\/'><img loading=\"lazy\" decoding=\"async\" width=\"270\" height=\"180\" src=\"https:\/\/swimchannel.net\/br\/wp-content\/uploads\/2021\/04\/71Q8065-270x180.jpg\" class=\"attachment-thumbnail size-thumbnail\" alt=\"\" aria-describedby=\"gallery-1-41327\" srcset=\"https:\/\/swimchannel.net\/br\/wp-content\/uploads\/2021\/04\/71Q8065-270x180.jpg 270w, https:\/\/swimchannel.net\/br\/wp-content\/uploads\/2021\/04\/71Q8065-1012x675.jpg 1012w, https:\/\/swimchannel.net\/br\/wp-content\/uploads\/2021\/04\/71Q8065-1200x800.jpg 1200w, https:\/\/swimchannel.net\/br\/wp-content\/uploads\/2021\/04\/71Q8065-768x512.jpg 768w, https:\/\/swimchannel.net\/br\/wp-content\/uploads\/2021\/04\/71Q8065-1536x1024.jpg 1536w, https:\/\/swimchannel.net\/br\/wp-content\/uploads\/2021\/04\/71Q8065-2048x1366.jpg 2048w, https:\/\/swimchannel.net\/br\/wp-content\/uploads\/2021\/04\/71Q8065-600x400.jpg 600w, https:\/\/swimchannel.net\/br\/wp-content\/uploads\/2021\/04\/71Q8065-750x500.jpg 750w, https:\/\/swimchannel.net\/br\/wp-content\/uploads\/2021\/04\/71Q8065-1140x760.jpg 1140w\" sizes=\"auto, (max-width: 270px) 100vw, 270px\" \/><\/a>\n\t\t\t<\/div>\n\t\t\t\t<figcaption class='wp-caption-text gallery-caption' id='gallery-1-41327'>\n\t\t\t\tVinicius Lanza &#8211; Foto: Satiro Sodr\u00e9\/SSPress\/CBDA\n\t\t\t\t<\/figcaption><\/figure>\n\t\t<\/div>\n\n<p>Al\u00e9m dos 18 convocados existem outas nove nadadoras na espera para saberem se ser\u00e3o ol\u00edmpicas ou n\u00e3o. Elas precisam aguardar as defini\u00e7\u00f5es da repescagem internacional dos revezamentos e s\u00f3 ir\u00e3o a T\u00f3quio se o Brasil for um dos quatro melhores nas lista de espera. Isso se aplica a todos os revezamentos femininos e ao 4x100m medley misto, que faz sua estreia no programa ol\u00edmpico.<\/p>\n<p>Est\u00e3o nesta situa\u00e7\u00e3o as nadadoras Larissa Oliveira (4x100m livre, 4x200m livre, 4x100m medley e 4x100m medley misto), Etiene Medeiros (4x100m livre e 4x100m medley), Giovanna Diamante (4x100m medley e 4x100m medley misto), Aline Rodrigues, Nathalia Almeida e Gabrielle Roncatto (4x200m livre), Stephanie Balduccini e Ana Vieira (4x100m livre) e Jhennifer Alves (4x100m medley).<\/p>\n<div id='gallery-2' class='gallery galleryid-41410 gallery-columns-3 gallery-size-thumbnail'><figure class='gallery-item'>\n\t\t\t<div class='gallery-icon landscape'>\n\t\t\t\t<a href='https:\/\/swimchannel.net\/br\/conheca-os-nadadores-convocados-para-os-jogos-de-toquio\/o-credito-da-foto-e-obrigatorio-satiro-sodre-sspress-cbda-561\/'><img loading=\"lazy\" decoding=\"async\" width=\"270\" height=\"180\" src=\"https:\/\/swimchannel.net\/br\/wp-content\/uploads\/2021\/04\/71Q2223-270x180.jpg\" class=\"attachment-thumbnail size-thumbnail\" alt=\"\" aria-describedby=\"gallery-2-41413\" srcset=\"https:\/\/swimchannel.net\/br\/wp-content\/uploads\/2021\/04\/71Q2223-270x180.jpg 270w, https:\/\/swimchannel.net\/br\/wp-content\/uploads\/2021\/04\/71Q2223-1012x675.jpg 1012w, https:\/\/swimchannel.net\/br\/wp-content\/uploads\/2021\/04\/71Q2223-1200x800.jpg 1200w, https:\/\/swimchannel.net\/br\/wp-content\/uploads\/2021\/04\/71Q2223-768x512.jpg 768w, https:\/\/swimchannel.net\/br\/wp-content\/uploads\/2021\/04\/71Q2223-1536x1024.jpg 1536w, https:\/\/swimchannel.net\/br\/wp-content\/uploads\/2021\/04\/71Q2223-2048x1366.jpg 2048w, https:\/\/swimchannel.net\/br\/wp-content\/uploads\/2021\/04\/71Q2223-600x400.jpg 600w, https:\/\/swimchannel.net\/br\/wp-content\/uploads\/2021\/04\/71Q2223-750x500.jpg 750w, https:\/\/swimchannel.net\/br\/wp-content\/uploads\/2021\/04\/71Q2223-1140x760.jpg 1140w\" sizes=\"auto, (max-width: 270px) 100vw, 270px\" \/><\/a>\n\t\t\t<\/div>\n\t\t\t\t<figcaption class='wp-caption-text gallery-caption' id='gallery-2-41413'>\n\t\t\t\tRevezamento 4x100m livre &#8211; Foto: Satiro Sodr\u00e9\/SSPress\/CBDA\n\t\t\t\t<\/figcaption><\/figure><figure class='gallery-item'>\n\t\t\t<div class='gallery-icon landscape'>\n\t\t\t\t<a href='https:\/\/swimchannel.net\/br\/primeiros-indices-femininos-e-revezamento-4x100m-livre-definido\/o-credito-da-foto-e-obrigatorio-satiro-sodre-sspress-cbda-524\/'><img loading=\"lazy\" decoding=\"async\" width=\"270\" height=\"180\" src=\"https:\/\/swimchannel.net\/br\/wp-content\/uploads\/2021\/04\/71Q5653-270x180.jpg\" class=\"attachment-thumbnail size-thumbnail\" alt=\"\" aria-describedby=\"gallery-2-41194\" srcset=\"https:\/\/swimchannel.net\/br\/wp-content\/uploads\/2021\/04\/71Q5653-270x180.jpg 270w, https:\/\/swimchannel.net\/br\/wp-content\/uploads\/2021\/04\/71Q5653-1012x675.jpg 1012w, https:\/\/swimchannel.net\/br\/wp-content\/uploads\/2021\/04\/71Q5653-1200x800.jpg 1200w, https:\/\/swimchannel.net\/br\/wp-content\/uploads\/2021\/04\/71Q5653-768x512.jpg 768w, https:\/\/swimchannel.net\/br\/wp-content\/uploads\/2021\/04\/71Q5653-1536x1024.jpg 1536w, https:\/\/swimchannel.net\/br\/wp-content\/uploads\/2021\/04\/71Q5653-2048x1366.jpg 2048w, https:\/\/swimchannel.net\/br\/wp-content\/uploads\/2021\/04\/71Q5653-600x400.jpg 600w, https:\/\/swimchannel.net\/br\/wp-content\/uploads\/2021\/04\/71Q5653-750x500.jpg 750w, https:\/\/swimchannel.net\/br\/wp-content\/uploads\/2021\/04\/71Q5653-1140x760.jpg 1140w\" sizes=\"auto, (max-width: 270px) 100vw, 270px\" \/><\/a>\n\t\t\t<\/div>\n\t\t\t\t<figcaption class='wp-caption-text gallery-caption' id='gallery-2-41194'>\n\t\t\t\tRevezamento 4x200m livre &#8211; Foto: Satiro Sodr\u00e9\/SSPress\/CBDA\n\t\t\t\t<\/figcaption><\/figure><figure class='gallery-item'>\n\t\t\t<div class='gallery-icon landscape'>\n\t\t\t\t<a href='https:\/\/swimchannel.net\/br\/conheca-os-nadadores-convocados-para-os-jogos-de-toquio\/o-credito-da-foto-e-obrigatorio-satiro-sodre-sspress-cbda-559\/'><img loading=\"lazy\" decoding=\"async\" width=\"270\" height=\"180\" src=\"https:\/\/swimchannel.net\/br\/wp-content\/uploads\/2021\/04\/71Q1993-270x180.jpg\" class=\"attachment-thumbnail size-thumbnail\" alt=\"\" aria-describedby=\"gallery-2-41411\" srcset=\"https:\/\/swimchannel.net\/br\/wp-content\/uploads\/2021\/04\/71Q1993-270x180.jpg 270w, https:\/\/swimchannel.net\/br\/wp-content\/uploads\/2021\/04\/71Q1993-1012x675.jpg 1012w, https:\/\/swimchannel.net\/br\/wp-content\/uploads\/2021\/04\/71Q1993-1200x800.jpg 1200w, https:\/\/swimchannel.net\/br\/wp-content\/uploads\/2021\/04\/71Q1993-768x512.jpg 768w, https:\/\/swimchannel.net\/br\/wp-content\/uploads\/2021\/04\/71Q1993-1536x1024.jpg 1536w, https:\/\/swimchannel.net\/br\/wp-content\/uploads\/2021\/04\/71Q1993-2048x1366.jpg 2048w, https:\/\/swimchannel.net\/br\/wp-content\/uploads\/2021\/04\/71Q1993-600x400.jpg 600w, https:\/\/swimchannel.net\/br\/wp-content\/uploads\/2021\/04\/71Q1993-750x500.jpg 750w, https:\/\/swimchannel.net\/br\/wp-content\/uploads\/2021\/04\/71Q1993-1140x760.jpg 1140w\" sizes=\"auto, (max-width: 270px) 100vw, 270px\" \/><\/a>\n\t\t\t<\/div>\n\t\t\t\t<figcaption class='wp-caption-text gallery-caption' id='gallery-2-41411'>\n\t\t\t\tRevezamento 4x100m medley &#8211; Foto: Satiro Sodr\u00e9\/SSPress\/CBDA\n\t\t\t\t<\/figcaption><\/figure><figure class='gallery-item'>\n\t\t\t<div class='gallery-icon landscape'>\n\t\t\t\t<a href='https:\/\/swimchannel.net\/br\/conheca-os-nadadores-convocados-para-os-jogos-de-toquio\/o-credito-da-foto-e-obrigatorio-satiro-sodre-sspress-cbda-560\/'><img loading=\"lazy\" decoding=\"async\" width=\"270\" height=\"180\" src=\"https:\/\/swimchannel.net\/br\/wp-content\/uploads\/2021\/04\/71Q2495-270x180.jpg\" class=\"attachment-thumbnail size-thumbnail\" alt=\"\" aria-describedby=\"gallery-2-41412\" srcset=\"https:\/\/swimchannel.net\/br\/wp-content\/uploads\/2021\/04\/71Q2495-270x180.jpg 270w, https:\/\/swimchannel.net\/br\/wp-content\/uploads\/2021\/04\/71Q2495-1012x675.jpg 1012w, https:\/\/swimchannel.net\/br\/wp-content\/uploads\/2021\/04\/71Q2495-1200x800.jpg 1200w, https:\/\/swimchannel.net\/br\/wp-content\/uploads\/2021\/04\/71Q2495-768x512.jpg 768w, https:\/\/swimchannel.net\/br\/wp-content\/uploads\/2021\/04\/71Q2495-1536x1024.jpg 1536w, https:\/\/swimchannel.net\/br\/wp-content\/uploads\/2021\/04\/71Q2495-2048x1366.jpg 2048w, https:\/\/swimchannel.net\/br\/wp-content\/uploads\/2021\/04\/71Q2495-600x400.jpg 600w, https:\/\/swimchannel.net\/br\/wp-content\/uploads\/2021\/04\/71Q2495-750x500.jpg 750w, https:\/\/swimchannel.net\/br\/wp-content\/uploads\/2021\/04\/71Q2495-1140x760.jpg 1140w\" sizes=\"auto, (max-width: 270px) 100vw, 270px\" \/><\/a>\n\t\t\t<\/div>\n\t\t\t\t<figcaption class='wp-caption-text gallery-caption' id='gallery-2-41412'>\n\t\t\t\tRevezamento 4x100m medley misto &#8211; Foto: Satiro Sodr\u00e9\/SSPress\/CBDA\n\t\t\t\t<\/figcaption><\/figure>\n\t\t<\/div>\n\n<p>Caso o revezamento 4x100m medley misto se classifique para os Jogos, o que deve acontecer j\u00e1 que na tomada de tempo o time bateu o recorde sul-americano, Guilherme Basseto, no nado costas, e Felipe Lima, no nado peito, ir\u00e3o completar a equipe. Na seletiva tamb\u00e9m tivemos outra atleta fazendo \u00edndice, Ana Marcela Cunha nos 1500m livre feminino. Por\u00e9m, como ela j\u00e1 esta classificada na maratona aqu\u00e1tica abriu m\u00e3o da vaga.<\/p>\n<p>Lembrando que no dia 12 de junho haver\u00e1 uma tomada de tempo para seis atletas que testaram positivo para COVID-19 nas v\u00e9speras o evento. Entre eles est\u00e1 Viviane Jungblut, que tentar\u00e1 tamb\u00e9m uma vaga em T\u00f3quio e j\u00e1 nadou ao longo da carreira abaixo das marcas estipulada dos 800m e 1500m livre.<\/p>\n","protected":false},"excerpt":{"rendered":"<p>Seletiva termina com 18 nadadores classificados e mais nove atletas aguardando defini\u00e7\u00e3o da repescagem internacional de revezamentos<\/p>\n","protected":false},"author":3,"featured_media":41415,"comment_status":"open","ping_status":"open","sticky":false,"template":"","format":"gallery","meta":{"footnotes":""},"categories":[137,406],"tags":[183,5,232,714],"class_list":["post-41410","post","type-post","status-publish","format-gallery","has-post-thumbnail","hentry","category-natacao","category-seletiva-olimpica","tag-jogos-olimpicos","tag-natacao","tag-seletiva-olimpica","tag-toquio-2020","post_format-post-format-gallery"],"yoast_head":"<!-- This site is optimized with the Yoast SEO plugin v27.0 - https:\/\/yoast.com\/product\/yoast-seo-wordpress\/ -->\n<title>Conhe\u00e7a os nadadores convocados para os Jogos de T\u00f3quio - Swimchannel<\/title>\n<meta name=\"robots\" content=\"index, follow, max-snippet:-1, max-image-preview:large, max-video-preview:-1\" \/>\n<link rel=\"canonical\" href=\"https:\/\/swimchannel.net\/br\/conheca-os-nadadores-convocados-para-os-jogos-de-toquio\/\" \/>\n<meta property=\"og:locale\" content=\"pt_BR\" \/>\n<meta property=\"og:type\" content=\"article\" \/>\n<meta property=\"og:title\" content=\"Conhe\u00e7a os nadadores convocados para os Jogos de T\u00f3quio - Swimchannel\" \/>\n<meta property=\"og:description\" content=\"Seletiva termina com 18 nadadores classificados e mais nove atletas aguardando defini\u00e7\u00e3o da repescagem internacional de revezamentos\" \/>\n<meta property=\"og:url\" content=\"https:\/\/swimchannel.net\/br\/conheca-os-nadadores-convocados-para-os-jogos-de-toquio\/\" \/>\n<meta property=\"og:site_name\" content=\"Swimchannel\" \/>\n<meta property=\"article:publisher\" content=\"https:\/\/www.facebook.com\/swimchannel\" \/>\n<meta property=\"article:published_time\" content=\"2021-04-26T14:50:21+00:00\" \/>\n<meta property=\"article:modified_time\" content=\"2021-04-26T16:32:08+00:00\" \/>\n<meta property=\"og:image\" content=\"https:\/\/swimchannel.net\/br\/wp-content\/uploads\/2021\/04\/71Q2764.jpg\" \/>\n\t<meta property=\"og:image:width\" content=\"2362\" \/>\n\t<meta property=\"og:image:height\" content=\"1575\" \/>\n\t<meta property=\"og:image:type\" content=\"image\/jpeg\" \/>\n<meta name=\"author\" content=\"Guilherme Freitas\" \/>\n<meta name=\"twitter:card\" content=\"summary_large_image\" \/>\n<meta name=\"twitter:label1\" content=\"Escrito por\" \/>\n\t<meta name=\"twitter:data1\" content=\"Guilherme Freitas\" \/>\n\t<meta name=\"twitter:label2\" content=\"Est. tempo de leitura\" \/>\n\t<meta name=\"twitter:data2\" content=\"2 minutos\" \/>\n<script type=\"application\/ld+json\" class=\"yoast-schema-graph\">{\"@context\":\"https:\/\/schema.org\",\"@graph\":[{\"@type\":\"Article\",\"@id\":\"https:\/\/swimchannel.net\/br\/conheca-os-nadadores-convocados-para-os-jogos-de-toquio\/#article\",\"isPartOf\":{\"@id\":\"https:\/\/swimchannel.net\/br\/conheca-os-nadadores-convocados-para-os-jogos-de-toquio\/\"},\"author\":{\"name\":\"Guilherme Freitas\",\"@id\":\"https:\/\/swimchannel.net\/br\/#\/schema\/person\/aa2a63bab3275f53749a83276b213c48\"},\"headline\":\"Conhe\u00e7a os nadadores convocados para os Jogos de T\u00f3quio\",\"datePublished\":\"2021-04-26T14:50:21+00:00\",\"dateModified\":\"2021-04-26T16:32:08+00:00\",\"mainEntityOfPage\":{\"@id\":\"https:\/\/swimchannel.net\/br\/conheca-os-nadadores-convocados-para-os-jogos-de-toquio\/\"},\"wordCount\":464,\"commentCount\":0,\"publisher\":{\"@id\":\"https:\/\/swimchannel.net\/br\/#organization\"},\"image\":{\"@id\":\"https:\/\/swimchannel.net\/br\/conheca-os-nadadores-convocados-para-os-jogos-de-toquio\/#primaryimage\"},\"thumbnailUrl\":\"https:\/\/swimchannel.net\/br\/wp-content\/uploads\/2021\/04\/71Q2764.jpg\",\"keywords\":[\"Jogos Ol\u00edmpicos\",\"natacao\",\"seletiva ol\u00edmpica\",\"T\u00f3quio-2020\"],\"articleSection\":[\"Nata\u00e7\u00e3o\",\"Seletiva Ol\u00edmpica\"],\"inLanguage\":\"pt-BR\",\"potentialAction\":[{\"@type\":\"CommentAction\",\"name\":\"Comment\",\"target\":[\"https:\/\/swimchannel.net\/br\/conheca-os-nadadores-convocados-para-os-jogos-de-toquio\/#respond\"]}]},{\"@type\":\"WebPage\",\"@id\":\"https:\/\/swimchannel.net\/br\/conheca-os-nadadores-convocados-para-os-jogos-de-toquio\/\",\"url\":\"https:\/\/swimchannel.net\/br\/conheca-os-nadadores-convocados-para-os-jogos-de-toquio\/\",\"name\":\"Conhe\u00e7a os nadadores convocados para os Jogos de T\u00f3quio - Swimchannel\",\"isPartOf\":{\"@id\":\"https:\/\/swimchannel.net\/br\/#website\"},\"primaryImageOfPage\":{\"@id\":\"https:\/\/swimchannel.net\/br\/conheca-os-nadadores-convocados-para-os-jogos-de-toquio\/#primaryimage\"},\"image\":{\"@id\":\"https:\/\/swimchannel.net\/br\/conheca-os-nadadores-convocados-para-os-jogos-de-toquio\/#primaryimage\"},\"thumbnailUrl\":\"https:\/\/swimchannel.net\/br\/wp-content\/uploads\/2021\/04\/71Q2764.jpg\",\"datePublished\":\"2021-04-26T14:50:21+00:00\",\"dateModified\":\"2021-04-26T16:32:08+00:00\",\"breadcrumb\":{\"@id\":\"https:\/\/swimchannel.net\/br\/conheca-os-nadadores-convocados-para-os-jogos-de-toquio\/#breadcrumb\"},\"inLanguage\":\"pt-BR\",\"potentialAction\":[{\"@type\":\"ReadAction\",\"target\":[\"https:\/\/swimchannel.net\/br\/conheca-os-nadadores-convocados-para-os-jogos-de-toquio\/\"]}]},{\"@type\":\"ImageObject\",\"inLanguage\":\"pt-BR\",\"@id\":\"https:\/\/swimchannel.net\/br\/conheca-os-nadadores-convocados-para-os-jogos-de-toquio\/#primaryimage\",\"url\":\"https:\/\/swimchannel.net\/br\/wp-content\/uploads\/2021\/04\/71Q2764.jpg\",\"contentUrl\":\"https:\/\/swimchannel.net\/br\/wp-content\/uploads\/2021\/04\/71Q2764.jpg\",\"width\":2362,\"height\":1575,\"caption\":\"Sele\u00e7\u00e3o ol\u00edmpica de T\u00f3quio-2020 - Foto: Satiro Sodr\u00e9\/SSPress\/CBDA\"},{\"@type\":\"BreadcrumbList\",\"@id\":\"https:\/\/swimchannel.net\/br\/conheca-os-nadadores-convocados-para-os-jogos-de-toquio\/#breadcrumb\",\"itemListElement\":[{\"@type\":\"ListItem\",\"position\":1,\"name\":\"Home\",\"item\":\"https:\/\/swimchannel.net\/br\/\"},{\"@type\":\"ListItem\",\"position\":2,\"name\":\"Conhe\u00e7a os nadadores convocados para os Jogos de T\u00f3quio\"}]},{\"@type\":\"WebSite\",\"@id\":\"https:\/\/swimchannel.net\/br\/#website\",\"url\":\"https:\/\/swimchannel.net\/br\/\",\"name\":\"Swimchannel\",\"description\":\"Maior portal de nata\u00e7\u00e3o da america latina\",\"publisher\":{\"@id\":\"https:\/\/swimchannel.net\/br\/#organization\"},\"potentialAction\":[{\"@type\":\"SearchAction\",\"target\":{\"@type\":\"EntryPoint\",\"urlTemplate\":\"https:\/\/swimchannel.net\/br\/?s={search_term_string}\"},\"query-input\":{\"@type\":\"PropertyValueSpecification\",\"valueRequired\":true,\"valueName\":\"search_term_string\"}}],\"inLanguage\":\"pt-BR\"},{\"@type\":\"Organization\",\"@id\":\"https:\/\/swimchannel.net\/br\/#organization\",\"name\":\"Swimchannel - Conectando voc\u00ea a Nata\u00e7\u00e3o\",\"url\":\"https:\/\/swimchannel.net\/br\/\",\"logo\":{\"@type\":\"ImageObject\",\"inLanguage\":\"pt-BR\",\"@id\":\"https:\/\/swimchannel.net\/br\/#\/schema\/logo\/image\/\",\"url\":\"https:\/\/swimchannel.net\/br\/wp-content\/uploads\/2026\/02\/SWIM-CHANNEL.png\",\"contentUrl\":\"https:\/\/swimchannel.net\/br\/wp-content\/uploads\/2026\/02\/SWIM-CHANNEL.png\",\"width\":1120,\"height\":630,\"caption\":\"Swimchannel - Conectando voc\u00ea a Nata\u00e7\u00e3o\"},\"image\":{\"@id\":\"https:\/\/swimchannel.net\/br\/#\/schema\/logo\/image\/\"},\"sameAs\":[\"https:\/\/www.facebook.com\/swimchannel\",\"https:\/\/www.instagram.com\/swimchannel\"]},{\"@type\":\"Person\",\"@id\":\"https:\/\/swimchannel.net\/br\/#\/schema\/person\/aa2a63bab3275f53749a83276b213c48\",\"name\":\"Guilherme Freitas\",\"image\":{\"@type\":\"ImageObject\",\"inLanguage\":\"pt-BR\",\"@id\":\"https:\/\/swimchannel.net\/br\/#\/schema\/person\/image\/\",\"url\":\"https:\/\/swimchannel.net\/br\/wp-content\/uploads\/2025\/10\/gui22-193x180.png\",\"contentUrl\":\"https:\/\/swimchannel.net\/br\/wp-content\/uploads\/2025\/10\/gui22-193x180.png\",\"caption\":\"Guilherme Freitas\"},\"description\":\"Jornalista s\u00eanior da SWIM CHANNEL, ex-correspondente da FINA no Brasil e pesquisador acad\u00eamico.\",\"sameAs\":[\"instagram.com\/guifreitas86\"],\"url\":\"https:\/\/swimchannel.net\/br\/author\/guilherme-freitas\/\"}]}<\/script>\n<!-- \/ Yoast SEO plugin. -->","yoast_head_json":{"title":"Conhe\u00e7a os nadadores convocados para os Jogos de T\u00f3quio - Swimchannel","robots":{"index":"index","follow":"follow","max-snippet":"max-snippet:-1","max-image-preview":"max-image-preview:large","max-video-preview":"max-video-preview:-1"},"canonical":"https:\/\/swimchannel.net\/br\/conheca-os-nadadores-convocados-para-os-jogos-de-toquio\/","og_locale":"pt_BR","og_type":"article","og_title":"Conhe\u00e7a os nadadores convocados para os Jogos de T\u00f3quio - Swimchannel","og_description":"Seletiva termina com 18 nadadores classificados e mais nove atletas aguardando defini\u00e7\u00e3o da repescagem internacional de revezamentos","og_url":"https:\/\/swimchannel.net\/br\/conheca-os-nadadores-convocados-para-os-jogos-de-toquio\/","og_site_name":"Swimchannel","article_publisher":"https:\/\/www.facebook.com\/swimchannel","article_published_time":"2021-04-26T14:50:21+00:00","article_modified_time":"2021-04-26T16:32:08+00:00","og_image":[{"width":2362,"height":1575,"url":"https:\/\/swimchannel.net\/br\/wp-content\/uploads\/2021\/04\/71Q2764.jpg","type":"image\/jpeg"}],"author":"Guilherme Freitas","twitter_card":"summary_large_image","twitter_misc":{"Escrito por":"Guilherme Freitas","Est. tempo de leitura":"2 minutos"},"schema":{"@context":"https:\/\/schema.org","@graph":[{"@type":"Article","@id":"https:\/\/swimchannel.net\/br\/conheca-os-nadadores-convocados-para-os-jogos-de-toquio\/#article","isPartOf":{"@id":"https:\/\/swimchannel.net\/br\/conheca-os-nadadores-convocados-para-os-jogos-de-toquio\/"},"author":{"name":"Guilherme Freitas","@id":"https:\/\/swimchannel.net\/br\/#\/schema\/person\/aa2a63bab3275f53749a83276b213c48"},"headline":"Conhe\u00e7a os nadadores convocados para os Jogos de T\u00f3quio","datePublished":"2021-04-26T14:50:21+00:00","dateModified":"2021-04-26T16:32:08+00:00","mainEntityOfPage":{"@id":"https:\/\/swimchannel.net\/br\/conheca-os-nadadores-convocados-para-os-jogos-de-toquio\/"},"wordCount":464,"commentCount":0,"publisher":{"@id":"https:\/\/swimchannel.net\/br\/#organization"},"image":{"@id":"https:\/\/swimchannel.net\/br\/conheca-os-nadadores-convocados-para-os-jogos-de-toquio\/#primaryimage"},"thumbnailUrl":"https:\/\/swimchannel.net\/br\/wp-content\/uploads\/2021\/04\/71Q2764.jpg","keywords":["Jogos Ol\u00edmpicos","natacao","seletiva ol\u00edmpica","T\u00f3quio-2020"],"articleSection":["Nata\u00e7\u00e3o","Seletiva Ol\u00edmpica"],"inLanguage":"pt-BR","potentialAction":[{"@type":"CommentAction","name":"Comment","target":["https:\/\/swimchannel.net\/br\/conheca-os-nadadores-convocados-para-os-jogos-de-toquio\/#respond"]}]},{"@type":"WebPage","@id":"https:\/\/swimchannel.net\/br\/conheca-os-nadadores-convocados-para-os-jogos-de-toquio\/","url":"https:\/\/swimchannel.net\/br\/conheca-os-nadadores-convocados-para-os-jogos-de-toquio\/","name":"Conhe\u00e7a os nadadores convocados para os Jogos de T\u00f3quio - Swimchannel","isPartOf":{"@id":"https:\/\/swimchannel.net\/br\/#website"},"primaryImageOfPage":{"@id":"https:\/\/swimchannel.net\/br\/conheca-os-nadadores-convocados-para-os-jogos-de-toquio\/#primaryimage"},"image":{"@id":"https:\/\/swimchannel.net\/br\/conheca-os-nadadores-convocados-para-os-jogos-de-toquio\/#primaryimage"},"thumbnailUrl":"https:\/\/swimchannel.net\/br\/wp-content\/uploads\/2021\/04\/71Q2764.jpg","datePublished":"2021-04-26T14:50:21+00:00","dateModified":"2021-04-26T16:32:08+00:00","breadcrumb":{"@id":"https:\/\/swimchannel.net\/br\/conheca-os-nadadores-convocados-para-os-jogos-de-toquio\/#breadcrumb"},"inLanguage":"pt-BR","potentialAction":[{"@type":"ReadAction","target":["https:\/\/swimchannel.net\/br\/conheca-os-nadadores-convocados-para-os-jogos-de-toquio\/"]}]},{"@type":"ImageObject","inLanguage":"pt-BR","@id":"https:\/\/swimchannel.net\/br\/conheca-os-nadadores-convocados-para-os-jogos-de-toquio\/#primaryimage","url":"https:\/\/swimchannel.net\/br\/wp-content\/uploads\/2021\/04\/71Q2764.jpg","contentUrl":"https:\/\/swimchannel.net\/br\/wp-content\/uploads\/2021\/04\/71Q2764.jpg","width":2362,"height":1575,"caption":"Sele\u00e7\u00e3o ol\u00edmpica de T\u00f3quio-2020 - Foto: Satiro Sodr\u00e9\/SSPress\/CBDA"},{"@type":"BreadcrumbList","@id":"https:\/\/swimchannel.net\/br\/conheca-os-nadadores-convocados-para-os-jogos-de-toquio\/#breadcrumb","itemListElement":[{"@type":"ListItem","position":1,"name":"Home","item":"https:\/\/swimchannel.net\/br\/"},{"@type":"ListItem","position":2,"name":"Conhe\u00e7a os nadadores convocados para os Jogos de T\u00f3quio"}]},{"@type":"WebSite","@id":"https:\/\/swimchannel.net\/br\/#website","url":"https:\/\/swimchannel.net\/br\/","name":"Swimchannel","description":"Maior portal de nata\u00e7\u00e3o da america latina","publisher":{"@id":"https:\/\/swimchannel.net\/br\/#organization"},"potentialAction":[{"@type":"SearchAction","target":{"@type":"EntryPoint","urlTemplate":"https:\/\/swimchannel.net\/br\/?s={search_term_string}"},"query-input":{"@type":"PropertyValueSpecification","valueRequired":true,"valueName":"search_term_string"}}],"inLanguage":"pt-BR"},{"@type":"Organization","@id":"https:\/\/swimchannel.net\/br\/#organization","name":"Swimchannel - Conectando voc\u00ea a Nata\u00e7\u00e3o","url":"https:\/\/swimchannel.net\/br\/","logo":{"@type":"ImageObject","inLanguage":"pt-BR","@id":"https:\/\/swimchannel.net\/br\/#\/schema\/logo\/image\/","url":"https:\/\/swimchannel.net\/br\/wp-content\/uploads\/2026\/02\/SWIM-CHANNEL.png","contentUrl":"https:\/\/swimchannel.net\/br\/wp-content\/uploads\/2026\/02\/SWIM-CHANNEL.png","width":1120,"height":630,"caption":"Swimchannel - Conectando voc\u00ea a Nata\u00e7\u00e3o"},"image":{"@id":"https:\/\/swimchannel.net\/br\/#\/schema\/logo\/image\/"},"sameAs":["https:\/\/www.facebook.com\/swimchannel","https:\/\/www.instagram.com\/swimchannel"]},{"@type":"Person","@id":"https:\/\/swimchannel.net\/br\/#\/schema\/person\/aa2a63bab3275f53749a83276b213c48","name":"Guilherme Freitas","image":{"@type":"ImageObject","inLanguage":"pt-BR","@id":"https:\/\/swimchannel.net\/br\/#\/schema\/person\/image\/","url":"https:\/\/swimchannel.net\/br\/wp-content\/uploads\/2025\/10\/gui22-193x180.png","contentUrl":"https:\/\/swimchannel.net\/br\/wp-content\/uploads\/2025\/10\/gui22-193x180.png","caption":"Guilherme Freitas"},"description":"Jornalista s\u00eanior da SWIM CHANNEL, ex-correspondente da FINA no Brasil e pesquisador acad\u00eamico.","sameAs":["instagram.com\/guifreitas86"],"url":"https:\/\/swimchannel.net\/br\/author\/guilherme-freitas\/"}]}},"_links":{"self":[{"href":"https:\/\/swimchannel.net\/br\/wp-json\/wp\/v2\/posts\/41410","targetHints":{"allow":["GET"]}}],"collection":[{"href":"https:\/\/swimchannel.net\/br\/wp-json\/wp\/v2\/posts"}],"about":[{"href":"https:\/\/swimchannel.net\/br\/wp-json\/wp\/v2\/types\/post"}],"author":[{"embeddable":true,"href":"https:\/\/swimchannel.net\/br\/wp-json\/wp\/v2\/users\/3"}],"replies":[{"embeddable":true,"href":"https:\/\/swimchannel.net\/br\/wp-json\/wp\/v2\/comments?post=41410"}],"version-history":[{"count":0,"href":"https:\/\/swimchannel.net\/br\/wp-json\/wp\/v2\/posts\/41410\/revisions"}],"wp:featuredmedia":[{"embeddable":true,"href":"https:\/\/swimchannel.net\/br\/wp-json\/wp\/v2\/media\/41415"}],"wp:attachment":[{"href":"https:\/\/swimchannel.net\/br\/wp-json\/wp\/v2\/media?parent=41410"}],"wp:term":[{"taxonomy":"category","embeddable":true,"href":"https:\/\/swimchannel.net\/br\/wp-json\/wp\/v2\/categories?post=41410"},{"taxonomy":"post_tag","embeddable":true,"href":"https:\/\/swimchannel.net\/br\/wp-json\/wp\/v2\/tags?post=41410"}],"curies":[{"name":"wp","href":"https:\/\/api.w.org\/{rel}","templated":true}]}}