{"id":41436,"date":"2021-04-26T16:04:26","date_gmt":"2021-04-26T19:04:26","guid":{"rendered":"https:\/\/swimchannel.net\/br\/?p=41436"},"modified":"2021-04-30T09:44:23","modified_gmt":"2021-04-30T12:44:23","slug":"matheus-gonche-a-surpresa-da-seletiva-olimpica","status":"publish","type":"post","link":"https:\/\/swimchannel.net\/br\/matheus-gonche-a-surpresa-da-seletiva-olimpica\/","title":{"rendered":"Matheus Gonche, a surpresa da seletiva ol\u00edmpica"},"content":{"rendered":"<p>Uma das surpresas positivas da seletiva ol\u00edmpica, realizada no Parque Aqu\u00e1tico Maria Lenk, no Rio de Janeiro, foi o nadador do SESI-SP Matheus Gonche. Aos 22 anos, o atleta conseguiu a vaga para seus primeiros Jogos Ol\u00edmpicos na prova de 100m borboleta ao nadar abaixo do \u00edndice de 51s96. Matheus venceu a prova com o melhor tempo da sua vida: 51s94.<\/p>\n<p>O nadador, natural de Resende (RJ), vai pela primeira vez na carreira aos Jogos e \u00e9 o \u00fanico da equipe paulista confirmado em provas individuais. &#8221;Fiquei cinco meses sem contato com a piscina no ano passado. Depois, conseguimos voltar e o trabalho encaixou muito bem. Durante a semana, eu fui sentindo que estava bem e sabia que se minha passagem fosse boa, a volta daria o \u00edndice&#8221;, disse Matheus<\/p>\n<p>&#8221;Estou muito feliz e quero agradecer a todos que participaram desta conquista, desde o in\u00edcio em Resende, passando pelo Fluminense e agora no Sesi&#8221;, comentou o nadador logo ap\u00f3s a prova. Gonche tamb\u00e9m nadou os 200m borboleta\u00a0 na seletiva terminando na segunda coloca\u00e7\u00e3o com o melhor tempo da carreira: 1min57s57, atr\u00e1s apenas de Leonardo de Deus que garantiu \u00edndice. A prova deu motiva\u00e7\u00e3o para o atleta seguir bem na seletiva e conseguir dar o seu melhor na prova dos 100m borboleta.<\/p>\n<figure id=\"attachment_41439\" aria-describedby=\"caption-attachment-41439\" style=\"width: 1280px\" class=\"wp-caption alignnone\"><img loading=\"lazy\" decoding=\"async\" class=\"wp-image-41439 size-full\" src=\"https:\/\/swimchannel.net\/br\/wp-content\/uploads\/2021\/04\/f86a0828-482c-4884-b2fa-b95ad4939925.jpeg\" alt=\"\" width=\"1280\" height=\"853\" srcset=\"https:\/\/swimchannel.net\/br\/wp-content\/uploads\/2021\/04\/f86a0828-482c-4884-b2fa-b95ad4939925.jpeg 1280w, https:\/\/swimchannel.net\/br\/wp-content\/uploads\/2021\/04\/f86a0828-482c-4884-b2fa-b95ad4939925-1013x675.jpeg 1013w, https:\/\/swimchannel.net\/br\/wp-content\/uploads\/2021\/04\/f86a0828-482c-4884-b2fa-b95ad4939925-1200x800.jpeg 1200w, https:\/\/swimchannel.net\/br\/wp-content\/uploads\/2021\/04\/f86a0828-482c-4884-b2fa-b95ad4939925-270x180.jpeg 270w, https:\/\/swimchannel.net\/br\/wp-content\/uploads\/2021\/04\/f86a0828-482c-4884-b2fa-b95ad4939925-768x512.jpeg 768w, https:\/\/swimchannel.net\/br\/wp-content\/uploads\/2021\/04\/f86a0828-482c-4884-b2fa-b95ad4939925-600x400.jpeg 600w, https:\/\/swimchannel.net\/br\/wp-content\/uploads\/2021\/04\/f86a0828-482c-4884-b2fa-b95ad4939925-750x500.jpeg 750w, https:\/\/swimchannel.net\/br\/wp-content\/uploads\/2021\/04\/f86a0828-482c-4884-b2fa-b95ad4939925-1140x760.jpeg 1140w\" sizes=\"auto, (max-width: 1280px) 100vw, 1280px\" \/><figcaption id=\"caption-attachment-41439\" class=\"wp-caption-text\">Matheus Gonche &#8211; Foto: Satiro Sodr\u00e9<\/figcaption><\/figure>\n<p>Especialista no nado borboleta, Gonche acumula grandes resultados nas categorias de base da nata\u00e7\u00e3o. Come\u00e7ou em 2005, com apenas seis anos na Escolinha de Nata\u00e7\u00e3o Aqua Fitness em Resende. Por conta de problemas al\u00e9rgicos, parou por um per\u00edodo e retornou ao esporte no SESI Resende j\u00e1 em 2009. No ano seguinte, quando estava na categoria Petiz I, conquistou suas primeiras medalhas e em dezembro de 2013 foi eleito, por vota\u00e7\u00e3o, o melhor nadador infantil do Brasil naquele ano.<\/p>\n<p>Nas categorias de base, foi nove vezes campe\u00e3o brasileiro nos 200m borboleta e oito vezes dos 100 m borboleta, al\u00e9m de diversos t\u00edtulos brasileiros e estaduais nestas e em outras provas. Ap\u00f3s um per\u00edodo no SESI Resende representando o Fluminense, inclusive na seletiva ol\u00edmpica para os Jogos do Rio-2016, mudou de clube para encarar o novo ciclo ol\u00edmpico e foi para o SESI-SP. No per\u00edodo participou do Campeonato Mundial J\u00fanior de Indian\u00e1polis-2017 terminando em 10\u00ba lugar no 200m borboleta.<\/p>\n<figure id=\"attachment_41438\" aria-describedby=\"caption-attachment-41438\" style=\"width: 960px\" class=\"wp-caption alignnone\"><img loading=\"lazy\" decoding=\"async\" class=\"wp-image-41438 size-full\" src=\"https:\/\/swimchannel.net\/br\/wp-content\/uploads\/2021\/04\/28576910_893476334168773_3749513003361041323_n.jpg\" alt=\"\" width=\"960\" height=\"720\" srcset=\"https:\/\/swimchannel.net\/br\/wp-content\/uploads\/2021\/04\/28576910_893476334168773_3749513003361041323_n.jpg 960w, https:\/\/swimchannel.net\/br\/wp-content\/uploads\/2021\/04\/28576910_893476334168773_3749513003361041323_n-900x675.jpg 900w, https:\/\/swimchannel.net\/br\/wp-content\/uploads\/2021\/04\/28576910_893476334168773_3749513003361041323_n-240x180.jpg 240w, https:\/\/swimchannel.net\/br\/wp-content\/uploads\/2021\/04\/28576910_893476334168773_3749513003361041323_n-768x576.jpg 768w, https:\/\/swimchannel.net\/br\/wp-content\/uploads\/2021\/04\/28576910_893476334168773_3749513003361041323_n-600x450.jpg 600w, https:\/\/swimchannel.net\/br\/wp-content\/uploads\/2021\/04\/28576910_893476334168773_3749513003361041323_n-750x563.jpg 750w\" sizes=\"auto, (max-width: 960px) 100vw, 960px\" \/><figcaption id=\"caption-attachment-41438\" class=\"wp-caption-text\">Matheus Gonche na sua primeira competi\u00e7\u00e3o federado &#8211; Foto: Arquivo pessoal<\/figcaption><\/figure>\n<div dir=\"auto\">\n<p>Em abril de 2017, participou de seu primeiro Campeonato Sul-Americano Juvenil pela CBDA e saiu de l\u00e1 com cinco medalhas de ouro, sendo tr\u00eas vit\u00f3rias individuais nas provas de borboleta e duas com revezamentos. Gonche, que representa o SESI SP desde o come\u00e7o de 2017, participou naquele ano de duas etapas da Copa do Mundo da FINA em Cingapura e T\u00f3quio, local para onde ir\u00e1 retornar em julho.<\/p>\n<p>Gonche tamb\u00e9m esteve no Jogos Sul Americanos de Cochabama, na Bol\u00edvia, em 2018 ganhando uma medalha de bronze nos 100m borboleta com o tempo de 54s41. Em 2019, visando sua prepara\u00e7\u00e3o ol\u00edmpica, nadou duas etapas da Copa do Mundo de Nata\u00e7\u00e3o em Kazan e em Doha, onde foi finalista nos 100m e 200m borboleta.<\/p>\n<p>O nadador, que \u00e9 treinado pelo experiente t\u00e9cnico Fernando Vanzella e fez um training camp com o time do SESI em Recife no come\u00e7o do ano, conta com o apoio da Hammerhead. Assista abaixo a chegada do atleta com a equipe do SESI no aeroporto em S\u00e3o Paulo:<\/p>\n<blockquote class=\"instagram-media\" style=\"background: #FFF; border: 0; border-radius: 3px; box-shadow: 0 0 1px 0 rgba(0,0,0,0.5),0 1px 10px 0 rgba(0,0,0,0.15); margin: 1px; max-width: 540px; min-width: 326px; padding: 0; width: calc(100% - 2px);\" data-instgrm-captioned=\"\" data-instgrm-permalink=\"https:\/\/www.instagram.com\/tv\/COIrbDpAiZM\/?utm_source=ig_embed&amp;utm_campaign=loading\" data-instgrm-version=\"13\">\n<div style=\"padding: 16px;\">\n<p>&nbsp;<\/p>\n<div style=\"display: flex; flex-direction: row; align-items: center;\">\n<div style=\"background-color: #f4f4f4; border-radius: 50%; flex-grow: 0; height: 40px; margin-right: 14px; width: 40px;\"><\/div>\n<div style=\"display: flex; flex-direction: column; flex-grow: 1; justify-content: center;\">\n<div style=\"background-color: #f4f4f4; border-radius: 4px; flex-grow: 0; height: 14px; margin-bottom: 6px; width: 100px;\"><\/div>\n<div style=\"background-color: #f4f4f4; border-radius: 4px; flex-grow: 0; height: 14px; width: 60px;\"><\/div>\n<\/div>\n<\/div>\n<div style=\"padding: 19% 0;\"><\/div>\n<div style=\"display: block; height: 50px; margin: 0 auto 12px; width: 50px;\"><\/div>\n<div style=\"padding-top: 8px;\">\n<div style=\"color: #3897f0; font-family: Arial,sans-serif; font-size: 14px; font-style: normal; font-weight: 550; line-height: 18px;\">Ver essa foto no Instagram<\/div>\n<\/div>\n<div style=\"padding: 12.5% 0;\"><\/div>\n<div style=\"display: flex; flex-direction: row; margin-bottom: 14px; align-items: center;\">\n<div>\n<div style=\"background-color: #f4f4f4; border-radius: 50%; height: 12.5px; width: 12.5px; transform: translateX(0px) translateY(7px);\"><\/div>\n<div style=\"background-color: #f4f4f4; height: 12.5px; transform: rotate(-45deg) translateX(3px) translateY(1px); width: 12.5px; flex-grow: 0; margin-right: 14px; margin-left: 2px;\"><\/div>\n<div style=\"background-color: #f4f4f4; border-radius: 50%; height: 12.5px; width: 12.5px; transform: translateX(9px) translateY(-18px);\"><\/div>\n<\/div>\n<div style=\"margin-left: 8px;\">\n<div style=\"background-color: #f4f4f4; border-radius: 50%; flex-grow: 0; height: 20px; width: 20px;\"><\/div>\n<div style=\"width: 0; height: 0; border-top: 2px solid transparent; border-left: 6px solid #f4f4f4; border-bottom: 2px solid transparent; transform: translateX(16px) translateY(-4px) rotate(30deg);\"><\/div>\n<\/div>\n<div style=\"margin-left: auto;\">\n<div style=\"width: 0px; border-top: 8px solid #F4F4F4; border-right: 8px solid transparent; transform: translateY(16px);\"><\/div>\n<div style=\"background-color: #f4f4f4; flex-grow: 0; height: 12px; width: 16px; transform: translateY(-4px);\"><\/div>\n<div style=\"width: 0; height: 0; border-top: 8px solid #F4F4F4; border-left: 8px solid transparent; transform: translateY(-4px) translateX(8px);\"><\/div>\n<\/div>\n<\/div>\n<div style=\"display: flex; flex-direction: column; flex-grow: 1; justify-content: center; margin-bottom: 24px;\">\n<div style=\"background-color: #f4f4f4; border-radius: 4px; flex-grow: 0; height: 14px; margin-bottom: 6px; width: 224px;\"><\/div>\n<div style=\"background-color: #f4f4f4; border-radius: 4px; flex-grow: 0; height: 14px; width: 144px;\"><\/div>\n<\/div>\n<p>&nbsp;<\/p>\n<p style=\"color: #c9c8cd; font-family: Arial,sans-serif; font-size: 14px; line-height: 17px; margin-bottom: 0; margin-top: 8px; overflow: hidden; padding: 8px 0 7px; text-align: center; text-overflow: ellipsis; white-space: nowrap;\"><a style=\"color: #c9c8cd; font-family: Arial,sans-serif; font-size: 14px; font-style: normal; font-weight: normal; line-height: 17px; text-decoration: none;\" href=\"https:\/\/www.instagram.com\/tv\/COIrbDpAiZM\/?utm_source=ig_embed&amp;utm_campaign=loading\" target=\"_blank\" rel=\"noopener\">Uma publica\u00e7\u00e3o compartilhada por On Board Sports (@onboardsports)<\/a><\/p>\n<\/div>\n<\/blockquote>\n<p><script async src=\"\/\/www.instagram.com\/embed.js\"><\/script><\/p>\n<\/div>\n","protected":false},"excerpt":{"rendered":"<p>Nadador do SESI-SP conseguiu a vaga na prova dos 100m borboleta e disputar\u00e1 sua primeira Olimp\u00edada<\/p>\n","protected":false},"author":9,"featured_media":41381,"comment_status":"open","ping_status":"open","sticky":false,"template":"","format":"gallery","meta":{"footnotes":""},"categories":[137,406],"tags":[183,4150,5,232,823],"class_list":["post-41436","post","type-post","status-publish","format-gallery","has-post-thumbnail","hentry","category-natacao","category-seletiva-olimpica","tag-jogos-olimpicos","tag-matheus-gonche","tag-natacao","tag-seletiva-olimpica","tag-sesi-sp","post_format-post-format-gallery"],"yoast_head":"<!-- This site is optimized with the Yoast SEO plugin v27.0 - https:\/\/yoast.com\/product\/yoast-seo-wordpress\/ -->\n<title>Matheus Gonche, a surpresa da seletiva ol\u00edmpica - Swimchannel<\/title>\n<meta name=\"robots\" content=\"index, follow, max-snippet:-1, max-image-preview:large, max-video-preview:-1\" \/>\n<link rel=\"canonical\" href=\"https:\/\/swimchannel.net\/br\/matheus-gonche-a-surpresa-da-seletiva-olimpica\/\" \/>\n<meta property=\"og:locale\" content=\"pt_BR\" \/>\n<meta property=\"og:type\" content=\"article\" \/>\n<meta property=\"og:title\" content=\"Matheus Gonche, a surpresa da seletiva ol\u00edmpica - Swimchannel\" \/>\n<meta property=\"og:description\" content=\"Nadador do SESI-SP conseguiu a vaga na prova dos 100m borboleta e disputar\u00e1 sua primeira Olimp\u00edada\" \/>\n<meta property=\"og:url\" content=\"https:\/\/swimchannel.net\/br\/matheus-gonche-a-surpresa-da-seletiva-olimpica\/\" \/>\n<meta property=\"og:site_name\" content=\"Swimchannel\" \/>\n<meta property=\"article:publisher\" content=\"https:\/\/www.facebook.com\/swimchannel\" \/>\n<meta property=\"article:published_time\" content=\"2021-04-26T19:04:26+00:00\" \/>\n<meta property=\"article:modified_time\" content=\"2021-04-30T12:44:23+00:00\" \/>\n<meta property=\"og:image\" content=\"https:\/\/swimchannel.net\/br\/wp-content\/uploads\/2021\/04\/71Q1257-1.jpg\" \/>\n\t<meta property=\"og:image:width\" content=\"2362\" \/>\n\t<meta property=\"og:image:height\" content=\"1575\" \/>\n\t<meta property=\"og:image:type\" content=\"image\/jpeg\" \/>\n<meta name=\"author\" content=\"Katarine Monteiro\" \/>\n<meta name=\"twitter:card\" content=\"summary_large_image\" \/>\n<meta name=\"twitter:creator\" content=\"@https:\/\/twitter.com\/Katarinem\" \/>\n<meta name=\"twitter:label1\" content=\"Escrito por\" \/>\n\t<meta name=\"twitter:data1\" content=\"Katarine Monteiro\" \/>\n\t<meta name=\"twitter:label2\" content=\"Est. tempo de leitura\" \/>\n\t<meta name=\"twitter:data2\" content=\"3 minutos\" \/>\n<script type=\"application\/ld+json\" class=\"yoast-schema-graph\">{\"@context\":\"https:\/\/schema.org\",\"@graph\":[{\"@type\":\"Article\",\"@id\":\"https:\/\/swimchannel.net\/br\/matheus-gonche-a-surpresa-da-seletiva-olimpica\/#article\",\"isPartOf\":{\"@id\":\"https:\/\/swimchannel.net\/br\/matheus-gonche-a-surpresa-da-seletiva-olimpica\/\"},\"author\":{\"name\":\"Katarine Monteiro\",\"@id\":\"https:\/\/swimchannel.net\/br\/#\/schema\/person\/73ae9cec62249968bca1f0a8098ef002\"},\"headline\":\"Matheus Gonche, a surpresa da seletiva ol\u00edmpica\",\"datePublished\":\"2021-04-26T19:04:26+00:00\",\"dateModified\":\"2021-04-30T12:44:23+00:00\",\"mainEntityOfPage\":{\"@id\":\"https:\/\/swimchannel.net\/br\/matheus-gonche-a-surpresa-da-seletiva-olimpica\/\"},\"wordCount\":620,\"commentCount\":0,\"publisher\":{\"@id\":\"https:\/\/swimchannel.net\/br\/#organization\"},\"image\":{\"@id\":\"https:\/\/swimchannel.net\/br\/matheus-gonche-a-surpresa-da-seletiva-olimpica\/#primaryimage\"},\"thumbnailUrl\":\"https:\/\/swimchannel.net\/br\/wp-content\/uploads\/2021\/04\/71Q1257-1.jpg\",\"keywords\":[\"Jogos Ol\u00edmpicos\",\"Matheus Gonche\",\"natacao\",\"seletiva ol\u00edmpica\",\"SESI-SP\"],\"articleSection\":[\"Nata\u00e7\u00e3o\",\"Seletiva Ol\u00edmpica\"],\"inLanguage\":\"pt-BR\",\"potentialAction\":[{\"@type\":\"CommentAction\",\"name\":\"Comment\",\"target\":[\"https:\/\/swimchannel.net\/br\/matheus-gonche-a-surpresa-da-seletiva-olimpica\/#respond\"]}]},{\"@type\":\"WebPage\",\"@id\":\"https:\/\/swimchannel.net\/br\/matheus-gonche-a-surpresa-da-seletiva-olimpica\/\",\"url\":\"https:\/\/swimchannel.net\/br\/matheus-gonche-a-surpresa-da-seletiva-olimpica\/\",\"name\":\"Matheus Gonche, a surpresa da seletiva ol\u00edmpica - Swimchannel\",\"isPartOf\":{\"@id\":\"https:\/\/swimchannel.net\/br\/#website\"},\"primaryImageOfPage\":{\"@id\":\"https:\/\/swimchannel.net\/br\/matheus-gonche-a-surpresa-da-seletiva-olimpica\/#primaryimage\"},\"image\":{\"@id\":\"https:\/\/swimchannel.net\/br\/matheus-gonche-a-surpresa-da-seletiva-olimpica\/#primaryimage\"},\"thumbnailUrl\":\"https:\/\/swimchannel.net\/br\/wp-content\/uploads\/2021\/04\/71Q1257-1.jpg\",\"datePublished\":\"2021-04-26T19:04:26+00:00\",\"dateModified\":\"2021-04-30T12:44:23+00:00\",\"breadcrumb\":{\"@id\":\"https:\/\/swimchannel.net\/br\/matheus-gonche-a-surpresa-da-seletiva-olimpica\/#breadcrumb\"},\"inLanguage\":\"pt-BR\",\"potentialAction\":[{\"@type\":\"ReadAction\",\"target\":[\"https:\/\/swimchannel.net\/br\/matheus-gonche-a-surpresa-da-seletiva-olimpica\/\"]}]},{\"@type\":\"ImageObject\",\"inLanguage\":\"pt-BR\",\"@id\":\"https:\/\/swimchannel.net\/br\/matheus-gonche-a-surpresa-da-seletiva-olimpica\/#primaryimage\",\"url\":\"https:\/\/swimchannel.net\/br\/wp-content\/uploads\/2021\/04\/71Q1257-1.jpg\",\"contentUrl\":\"https:\/\/swimchannel.net\/br\/wp-content\/uploads\/2021\/04\/71Q1257-1.jpg\",\"width\":2362,\"height\":1575,\"caption\":\"Matheus Gonche - Foto: Satiro Sodr\u00e9\/SSPress\/CBDA\"},{\"@type\":\"BreadcrumbList\",\"@id\":\"https:\/\/swimchannel.net\/br\/matheus-gonche-a-surpresa-da-seletiva-olimpica\/#breadcrumb\",\"itemListElement\":[{\"@type\":\"ListItem\",\"position\":1,\"name\":\"Home\",\"item\":\"https:\/\/swimchannel.net\/br\/\"},{\"@type\":\"ListItem\",\"position\":2,\"name\":\"Matheus Gonche, a surpresa da seletiva ol\u00edmpica\"}]},{\"@type\":\"WebSite\",\"@id\":\"https:\/\/swimchannel.net\/br\/#website\",\"url\":\"https:\/\/swimchannel.net\/br\/\",\"name\":\"Swimchannel\",\"description\":\"Maior portal de nata\u00e7\u00e3o da america latina\",\"publisher\":{\"@id\":\"https:\/\/swimchannel.net\/br\/#organization\"},\"potentialAction\":[{\"@type\":\"SearchAction\",\"target\":{\"@type\":\"EntryPoint\",\"urlTemplate\":\"https:\/\/swimchannel.net\/br\/?s={search_term_string}\"},\"query-input\":{\"@type\":\"PropertyValueSpecification\",\"valueRequired\":true,\"valueName\":\"search_term_string\"}}],\"inLanguage\":\"pt-BR\"},{\"@type\":\"Organization\",\"@id\":\"https:\/\/swimchannel.net\/br\/#organization\",\"name\":\"Swimchannel - Conectando voc\u00ea a Nata\u00e7\u00e3o\",\"url\":\"https:\/\/swimchannel.net\/br\/\",\"logo\":{\"@type\":\"ImageObject\",\"inLanguage\":\"pt-BR\",\"@id\":\"https:\/\/swimchannel.net\/br\/#\/schema\/logo\/image\/\",\"url\":\"https:\/\/swimchannel.net\/br\/wp-content\/uploads\/2026\/02\/SWIM-CHANNEL.png\",\"contentUrl\":\"https:\/\/swimchannel.net\/br\/wp-content\/uploads\/2026\/02\/SWIM-CHANNEL.png\",\"width\":1120,\"height\":630,\"caption\":\"Swimchannel - Conectando voc\u00ea a Nata\u00e7\u00e3o\"},\"image\":{\"@id\":\"https:\/\/swimchannel.net\/br\/#\/schema\/logo\/image\/\"},\"sameAs\":[\"https:\/\/www.facebook.com\/swimchannel\",\"https:\/\/www.instagram.com\/swimchannel\"]},{\"@type\":\"Person\",\"@id\":\"https:\/\/swimchannel.net\/br\/#\/schema\/person\/73ae9cec62249968bca1f0a8098ef002\",\"name\":\"Katarine Monteiro\",\"image\":{\"@type\":\"ImageObject\",\"inLanguage\":\"pt-BR\",\"@id\":\"https:\/\/swimchannel.net\/br\/#\/schema\/person\/image\/\",\"url\":\"https:\/\/swimchannel.net\/br\/wp-content\/uploads\/2022\/01\/Katarine-Monteiro-100x100.jpg\",\"contentUrl\":\"https:\/\/swimchannel.net\/br\/wp-content\/uploads\/2022\/01\/Katarine-Monteiro-100x100.jpg\",\"caption\":\"Katarine Monteiro\"},\"description\":\"Jornalista SWIM CHANNEL especializada em esportes ol\u00edmpicos e em sa\u00fade. Com cobertura de grandes eventos internacionais, como Jogos Ol\u00edmpicos Rio 2016, Jogos Pan-Americanos em Lima 2019, Qatar Total Open 2020, Qatar ExxonMobil Open 2019 - t\u00eanis em Doha (QT), Semana Internacional de Vela de Ilhabela, Transat Jacques Vabre 2019 (Fran\u00e7a-Brasil), L'\u00c9tape Brasil by Tour de France, j\u00e1 fez in\u00fameras coberturas de nata\u00e7\u00e3o, maratona aqu\u00e1tica e polo aqu\u00e1tico. Formada tamb\u00e9m em Letras, a jornalista atua como assessora de imprensa, rela\u00e7\u00f5es p\u00fablicas e social media, com especializa\u00e7\u00e3o em marketing esportivo. Nadadora amadora de \u00e1guas abertas, j\u00e1 trabalhou com grandes nomes da nata\u00e7\u00e3o e do polo aqu\u00e1tico brasileiro.\",\"sameAs\":[\"https:\/\/www.instagram.com\/_katarinemonteiro\/\",\"https:\/\/www.linkedin.com\/in\/katarine-monteiro-19385297\/\",\"https:\/\/x.com\/https:\/\/twitter.com\/Katarinem\"],\"url\":\"https:\/\/swimchannel.net\/br\/author\/katarine-monteiro\/\"}]}<\/script>\n<!-- \/ Yoast SEO plugin. -->","yoast_head_json":{"title":"Matheus Gonche, a surpresa da seletiva ol\u00edmpica - Swimchannel","robots":{"index":"index","follow":"follow","max-snippet":"max-snippet:-1","max-image-preview":"max-image-preview:large","max-video-preview":"max-video-preview:-1"},"canonical":"https:\/\/swimchannel.net\/br\/matheus-gonche-a-surpresa-da-seletiva-olimpica\/","og_locale":"pt_BR","og_type":"article","og_title":"Matheus Gonche, a surpresa da seletiva ol\u00edmpica - Swimchannel","og_description":"Nadador do SESI-SP conseguiu a vaga na prova dos 100m borboleta e disputar\u00e1 sua primeira Olimp\u00edada","og_url":"https:\/\/swimchannel.net\/br\/matheus-gonche-a-surpresa-da-seletiva-olimpica\/","og_site_name":"Swimchannel","article_publisher":"https:\/\/www.facebook.com\/swimchannel","article_published_time":"2021-04-26T19:04:26+00:00","article_modified_time":"2021-04-30T12:44:23+00:00","og_image":[{"width":2362,"height":1575,"url":"https:\/\/swimchannel.net\/br\/wp-content\/uploads\/2021\/04\/71Q1257-1.jpg","type":"image\/jpeg"}],"author":"Katarine Monteiro","twitter_card":"summary_large_image","twitter_creator":"@https:\/\/twitter.com\/Katarinem","twitter_misc":{"Escrito por":"Katarine Monteiro","Est. tempo de leitura":"3 minutos"},"schema":{"@context":"https:\/\/schema.org","@graph":[{"@type":"Article","@id":"https:\/\/swimchannel.net\/br\/matheus-gonche-a-surpresa-da-seletiva-olimpica\/#article","isPartOf":{"@id":"https:\/\/swimchannel.net\/br\/matheus-gonche-a-surpresa-da-seletiva-olimpica\/"},"author":{"name":"Katarine Monteiro","@id":"https:\/\/swimchannel.net\/br\/#\/schema\/person\/73ae9cec62249968bca1f0a8098ef002"},"headline":"Matheus Gonche, a surpresa da seletiva ol\u00edmpica","datePublished":"2021-04-26T19:04:26+00:00","dateModified":"2021-04-30T12:44:23+00:00","mainEntityOfPage":{"@id":"https:\/\/swimchannel.net\/br\/matheus-gonche-a-surpresa-da-seletiva-olimpica\/"},"wordCount":620,"commentCount":0,"publisher":{"@id":"https:\/\/swimchannel.net\/br\/#organization"},"image":{"@id":"https:\/\/swimchannel.net\/br\/matheus-gonche-a-surpresa-da-seletiva-olimpica\/#primaryimage"},"thumbnailUrl":"https:\/\/swimchannel.net\/br\/wp-content\/uploads\/2021\/04\/71Q1257-1.jpg","keywords":["Jogos Ol\u00edmpicos","Matheus Gonche","natacao","seletiva ol\u00edmpica","SESI-SP"],"articleSection":["Nata\u00e7\u00e3o","Seletiva Ol\u00edmpica"],"inLanguage":"pt-BR","potentialAction":[{"@type":"CommentAction","name":"Comment","target":["https:\/\/swimchannel.net\/br\/matheus-gonche-a-surpresa-da-seletiva-olimpica\/#respond"]}]},{"@type":"WebPage","@id":"https:\/\/swimchannel.net\/br\/matheus-gonche-a-surpresa-da-seletiva-olimpica\/","url":"https:\/\/swimchannel.net\/br\/matheus-gonche-a-surpresa-da-seletiva-olimpica\/","name":"Matheus Gonche, a surpresa da seletiva ol\u00edmpica - Swimchannel","isPartOf":{"@id":"https:\/\/swimchannel.net\/br\/#website"},"primaryImageOfPage":{"@id":"https:\/\/swimchannel.net\/br\/matheus-gonche-a-surpresa-da-seletiva-olimpica\/#primaryimage"},"image":{"@id":"https:\/\/swimchannel.net\/br\/matheus-gonche-a-surpresa-da-seletiva-olimpica\/#primaryimage"},"thumbnailUrl":"https:\/\/swimchannel.net\/br\/wp-content\/uploads\/2021\/04\/71Q1257-1.jpg","datePublished":"2021-04-26T19:04:26+00:00","dateModified":"2021-04-30T12:44:23+00:00","breadcrumb":{"@id":"https:\/\/swimchannel.net\/br\/matheus-gonche-a-surpresa-da-seletiva-olimpica\/#breadcrumb"},"inLanguage":"pt-BR","potentialAction":[{"@type":"ReadAction","target":["https:\/\/swimchannel.net\/br\/matheus-gonche-a-surpresa-da-seletiva-olimpica\/"]}]},{"@type":"ImageObject","inLanguage":"pt-BR","@id":"https:\/\/swimchannel.net\/br\/matheus-gonche-a-surpresa-da-seletiva-olimpica\/#primaryimage","url":"https:\/\/swimchannel.net\/br\/wp-content\/uploads\/2021\/04\/71Q1257-1.jpg","contentUrl":"https:\/\/swimchannel.net\/br\/wp-content\/uploads\/2021\/04\/71Q1257-1.jpg","width":2362,"height":1575,"caption":"Matheus Gonche - Foto: Satiro Sodr\u00e9\/SSPress\/CBDA"},{"@type":"BreadcrumbList","@id":"https:\/\/swimchannel.net\/br\/matheus-gonche-a-surpresa-da-seletiva-olimpica\/#breadcrumb","itemListElement":[{"@type":"ListItem","position":1,"name":"Home","item":"https:\/\/swimchannel.net\/br\/"},{"@type":"ListItem","position":2,"name":"Matheus Gonche, a surpresa da seletiva ol\u00edmpica"}]},{"@type":"WebSite","@id":"https:\/\/swimchannel.net\/br\/#website","url":"https:\/\/swimchannel.net\/br\/","name":"Swimchannel","description":"Maior portal de nata\u00e7\u00e3o da america latina","publisher":{"@id":"https:\/\/swimchannel.net\/br\/#organization"},"potentialAction":[{"@type":"SearchAction","target":{"@type":"EntryPoint","urlTemplate":"https:\/\/swimchannel.net\/br\/?s={search_term_string}"},"query-input":{"@type":"PropertyValueSpecification","valueRequired":true,"valueName":"search_term_string"}}],"inLanguage":"pt-BR"},{"@type":"Organization","@id":"https:\/\/swimchannel.net\/br\/#organization","name":"Swimchannel - Conectando voc\u00ea a Nata\u00e7\u00e3o","url":"https:\/\/swimchannel.net\/br\/","logo":{"@type":"ImageObject","inLanguage":"pt-BR","@id":"https:\/\/swimchannel.net\/br\/#\/schema\/logo\/image\/","url":"https:\/\/swimchannel.net\/br\/wp-content\/uploads\/2026\/02\/SWIM-CHANNEL.png","contentUrl":"https:\/\/swimchannel.net\/br\/wp-content\/uploads\/2026\/02\/SWIM-CHANNEL.png","width":1120,"height":630,"caption":"Swimchannel - Conectando voc\u00ea a Nata\u00e7\u00e3o"},"image":{"@id":"https:\/\/swimchannel.net\/br\/#\/schema\/logo\/image\/"},"sameAs":["https:\/\/www.facebook.com\/swimchannel","https:\/\/www.instagram.com\/swimchannel"]},{"@type":"Person","@id":"https:\/\/swimchannel.net\/br\/#\/schema\/person\/73ae9cec62249968bca1f0a8098ef002","name":"Katarine Monteiro","image":{"@type":"ImageObject","inLanguage":"pt-BR","@id":"https:\/\/swimchannel.net\/br\/#\/schema\/person\/image\/","url":"https:\/\/swimchannel.net\/br\/wp-content\/uploads\/2022\/01\/Katarine-Monteiro-100x100.jpg","contentUrl":"https:\/\/swimchannel.net\/br\/wp-content\/uploads\/2022\/01\/Katarine-Monteiro-100x100.jpg","caption":"Katarine Monteiro"},"description":"Jornalista SWIM CHANNEL especializada em esportes ol\u00edmpicos e em sa\u00fade. Com cobertura de grandes eventos internacionais, como Jogos Ol\u00edmpicos Rio 2016, Jogos Pan-Americanos em Lima 2019, Qatar Total Open 2020, Qatar ExxonMobil Open 2019 - t\u00eanis em Doha (QT), Semana Internacional de Vela de Ilhabela, Transat Jacques Vabre 2019 (Fran\u00e7a-Brasil), L'\u00c9tape Brasil by Tour de France, j\u00e1 fez in\u00fameras coberturas de nata\u00e7\u00e3o, maratona aqu\u00e1tica e polo aqu\u00e1tico. Formada tamb\u00e9m em Letras, a jornalista atua como assessora de imprensa, rela\u00e7\u00f5es p\u00fablicas e social media, com especializa\u00e7\u00e3o em marketing esportivo. Nadadora amadora de \u00e1guas abertas, j\u00e1 trabalhou com grandes nomes da nata\u00e7\u00e3o e do polo aqu\u00e1tico brasileiro.","sameAs":["https:\/\/www.instagram.com\/_katarinemonteiro\/","https:\/\/www.linkedin.com\/in\/katarine-monteiro-19385297\/","https:\/\/x.com\/https:\/\/twitter.com\/Katarinem"],"url":"https:\/\/swimchannel.net\/br\/author\/katarine-monteiro\/"}]}},"_links":{"self":[{"href":"https:\/\/swimchannel.net\/br\/wp-json\/wp\/v2\/posts\/41436","targetHints":{"allow":["GET"]}}],"collection":[{"href":"https:\/\/swimchannel.net\/br\/wp-json\/wp\/v2\/posts"}],"about":[{"href":"https:\/\/swimchannel.net\/br\/wp-json\/wp\/v2\/types\/post"}],"author":[{"embeddable":true,"href":"https:\/\/swimchannel.net\/br\/wp-json\/wp\/v2\/users\/9"}],"replies":[{"embeddable":true,"href":"https:\/\/swimchannel.net\/br\/wp-json\/wp\/v2\/comments?post=41436"}],"version-history":[{"count":0,"href":"https:\/\/swimchannel.net\/br\/wp-json\/wp\/v2\/posts\/41436\/revisions"}],"wp:featuredmedia":[{"embeddable":true,"href":"https:\/\/swimchannel.net\/br\/wp-json\/wp\/v2\/media\/41381"}],"wp:attachment":[{"href":"https:\/\/swimchannel.net\/br\/wp-json\/wp\/v2\/media?parent=41436"}],"wp:term":[{"taxonomy":"category","embeddable":true,"href":"https:\/\/swimchannel.net\/br\/wp-json\/wp\/v2\/categories?post=41436"},{"taxonomy":"post_tag","embeddable":true,"href":"https:\/\/swimchannel.net\/br\/wp-json\/wp\/v2\/tags?post=41436"}],"curies":[{"name":"wp","href":"https:\/\/api.w.org\/{rel}","templated":true}]}}