{"id":41593,"date":"2021-05-04T15:11:14","date_gmt":"2021-05-04T18:11:14","guid":{"rendered":"https:\/\/swimchannel.net\/br\/?p=41593"},"modified":"2021-05-04T15:32:44","modified_gmt":"2021-05-04T18:32:44","slug":"beatriz-dizotti-o-nome-feminino-da-seletiva-olimpica","status":"publish","type":"post","link":"https:\/\/swimchannel.net\/br\/beatriz-dizotti-o-nome-feminino-da-seletiva-olimpica\/","title":{"rendered":"Beatriz Dizotti: o nome feminino da Seletiva Ol\u00edmpica"},"content":{"rendered":"<p>Beatriz Dizotti, atleta de 21 anos do Minas T\u00eanis Clube, foi um dos principais destaques da Seletiva Ol\u00edmpica, realizada no Parque Aqu\u00e1tico Maria Lenk no Rio de Janeiro (RJ), no m\u00eas passado.\u00a0A atleta nadou abaixo do \u00edndice e ainda quebrou o recorde brasileiro da prova dos 1500m livre feminino, prova estreante em Ol\u00edmpiadas, e garantiu seu lugar nos Jogos Ol\u00edmpicos de T\u00f3quio neste ano. Beatriz nadou a prova em 16min22s07 e conquistou a vaga para seus primeiros Jogos na carreira. Na prova ainda tivemos Ana Marcela Cunha e Betina Lorscheitter nadando abaixo do \u00edndice.<\/p>\n<p>No Minas TC desde 2019, Beatriz estava confiante para a prova dos 1500m livre e calma antes da competi\u00e7\u00e3o. &#8220;Eu entrei na prova sem pensar muito, eu queria nadar abaixo do \u00edndice e sabia que eu tinha que bater na frente, estava extremamente tranquila e aconteceu. O objetivo era bater na frente dentro da estrat\u00e9gia que eu tinha organizado com o meu t\u00e9cnico. Na hora que eu vi o resultado fiquei desacreditada, tentando entender o que realmente tinha acontecido. Quando anunciaram que tinha sido recorde fiquei ainda mais feliz&#8221;, comentou.<\/p>\n<p>A nadadora, que passou por altos e baixos na carreira, chegou na seletiva na sua melhor forma. &#8220;Depois de tudo o que eu tinha passado, vivido, realmente passou um filme na minha cabe\u00e7a e aquele momento foi \u00fanico. Aprendi que n\u00e3o s\u00e3o s\u00f3 quatro anos de prepara\u00e7\u00e3o para um Jogos Ol\u00edmpicos \u00e9 minha vida inteira para chegar nesse momento. Minha vida inteira foi pensando nisso&#8221;, disse Beatriz.<\/p>\n<figure id=\"attachment_41594\" aria-describedby=\"caption-attachment-41594\" style=\"width: 1200px\" class=\"wp-caption alignnone\"><img loading=\"lazy\" decoding=\"async\" class=\"size-full wp-image-41594\" src=\"https:\/\/swimchannel.net\/br\/wp-content\/uploads\/2021\/05\/40772b41591e8ce0fa8b51a7744ec7042dedd71db.jpg\" alt=\"\" width=\"1200\" height=\"800\" srcset=\"https:\/\/swimchannel.net\/br\/wp-content\/uploads\/2021\/05\/40772b41591e8ce0fa8b51a7744ec7042dedd71db.jpg 1200w, https:\/\/swimchannel.net\/br\/wp-content\/uploads\/2021\/05\/40772b41591e8ce0fa8b51a7744ec7042dedd71db-1013x675.jpg 1013w, https:\/\/swimchannel.net\/br\/wp-content\/uploads\/2021\/05\/40772b41591e8ce0fa8b51a7744ec7042dedd71db-270x180.jpg 270w, https:\/\/swimchannel.net\/br\/wp-content\/uploads\/2021\/05\/40772b41591e8ce0fa8b51a7744ec7042dedd71db-768x512.jpg 768w, https:\/\/swimchannel.net\/br\/wp-content\/uploads\/2021\/05\/40772b41591e8ce0fa8b51a7744ec7042dedd71db-600x400.jpg 600w, https:\/\/swimchannel.net\/br\/wp-content\/uploads\/2021\/05\/40772b41591e8ce0fa8b51a7744ec7042dedd71db-750x500.jpg 750w, https:\/\/swimchannel.net\/br\/wp-content\/uploads\/2021\/05\/40772b41591e8ce0fa8b51a7744ec7042dedd71db-1140x760.jpg 1140w\" sizes=\"auto, (max-width: 1200px) 100vw, 1200px\" \/><figcaption id=\"caption-attachment-41594\" class=\"wp-caption-text\">Beatriz Dizotti &#8211; Foto: Satiro Sodr\u00e9\/SSPress\/CBDA<span style=\"color: #333333; font-size: 15px;\">.<\/span><\/figcaption><\/figure>\n<p>Na seletiva, Beatriz foi ainda foi terceiro lugar nos 800m livre e quarto nos 400m livre. Depois dos 800m ela comentou que a prova era muito &#8220;r\u00e1pida&#8221; para ela, principalmente por ser metade da sua prova principal. &#8220;Uma curiosidade \u00e9 que na minha prova individual de 800m livre eu fiz exatamente o tempo que eu passei na parcial de 800 na minha prova de 1500m. Para mim \u00e9 at\u00e9 uma dificuldade nadar essa prova mais r\u00e1pida, por isso considero ela &#8220;curta&#8221;. Eu me sinto muito mais confort\u00e1vel nadando os 1.500m&#8221;, falou.<\/p>\n<p>Mas, o fato de nadar as provas de fundo n\u00e3o faz com que atleta descarte provas menores e de outros estilos, como fazia nas categorias menores. &#8220;N\u00e3o descarto nenhuma prova, gosto de nadar e treinar os 200m borboleta tamb\u00e9m, por exemplo&#8221;.<\/p>\n<p>Beatriz come\u00e7ou a nadar com apenas dois anos de idade na escola de nata\u00e7\u00e3o perto da sua casa. Depois, com tr\u00eas anos ela fez aulas at\u00e9 os seis anos na CPN Tatuap\u00e9. Depois disso se transferiu para o Corinthians, clube que teve contato com as primeiras competi\u00e7\u00f5es de categoria e que ficou por oito anos.<\/p>\n<p>&#8220;No \u00faltimo ano de Petiz eu medalhei no Paulista nos 800m livre e para mim foi muito importante medalhar, porque a gente n\u00e3o tinha Brasileiro. No ano seguinte, no infantil, j\u00e1 fui campe\u00e3 brasileira no final do ano e tive resultados mais expressivos. Sempre tive uma caracter\u00edstica mais resistente, 400m medley e 200m borboleta j\u00e1 foram minhas provas principais, mas nunca deixei de treinar fundo&#8221;, lembrou.<\/p>\n<figure id=\"attachment_41638\" aria-describedby=\"caption-attachment-41638\" style=\"width: 2362px\" class=\"wp-caption alignnone\"><img loading=\"lazy\" decoding=\"async\" class=\"size-full wp-image-41638\" src=\"https:\/\/swimchannel.net\/br\/wp-content\/uploads\/2021\/05\/71Q4877.jpg\" alt=\"\" width=\"2362\" height=\"1575\" srcset=\"https:\/\/swimchannel.net\/br\/wp-content\/uploads\/2021\/05\/71Q4877.jpg 2362w, https:\/\/swimchannel.net\/br\/wp-content\/uploads\/2021\/05\/71Q4877-1012x675.jpg 1012w, https:\/\/swimchannel.net\/br\/wp-content\/uploads\/2021\/05\/71Q4877-1200x800.jpg 1200w, https:\/\/swimchannel.net\/br\/wp-content\/uploads\/2021\/05\/71Q4877-270x180.jpg 270w, https:\/\/swimchannel.net\/br\/wp-content\/uploads\/2021\/05\/71Q4877-768x512.jpg 768w, https:\/\/swimchannel.net\/br\/wp-content\/uploads\/2021\/05\/71Q4877-1536x1024.jpg 1536w, https:\/\/swimchannel.net\/br\/wp-content\/uploads\/2021\/05\/71Q4877-2048x1366.jpg 2048w, https:\/\/swimchannel.net\/br\/wp-content\/uploads\/2021\/05\/71Q4877-600x400.jpg 600w, https:\/\/swimchannel.net\/br\/wp-content\/uploads\/2021\/05\/71Q4877-750x500.jpg 750w, https:\/\/swimchannel.net\/br\/wp-content\/uploads\/2021\/05\/71Q4877-1140x760.jpg 1140w\" sizes=\"auto, (max-width: 2362px) 100vw, 2362px\" \/><figcaption id=\"caption-attachment-41638\" class=\"wp-caption-text\">Beatriz Dizotti &#8211; Foto: Satiro Sodr\u00e9\/SSPress\/CBDA<\/figcaption><\/figure>\n<p>Ap\u00f3s o Corinthians, Beatriz ficou um ano no SESI, em 2016, e no ano seguinte foi para o Esporte Clube Pinheiros. Foi no ensino m\u00e9dio que ela soube que faria da nata\u00e7\u00e3o sua profiss\u00e3o, mas a jornada n\u00e3o foi f\u00e1cil. Em 2018, decidiu que ia parar de nadar, d\u00favidas surgiram e os amigos que j\u00e1 estavam em faculdades e come\u00e7ando carreiras pareciam mais promissores que ela.<\/p>\n<p>Uma conversa com seu irm\u00e3o fez com que a chance de uma bolsa integral nos Estados Unidos reacendesse sua conex\u00e3o com a nata\u00e7\u00e3o e a fez usar a modalidade a seu favor. &#8220;Tudo foi muito r\u00e1pido, no come\u00e7o de 2019 j\u00e1 estava nos Estados Unidos&#8221;.\u00a0 Na Miami University ela teve a certeza de que queria nadar e mesmo com o pouco tempo de experi\u00eancia fora, sabia que seus objetivos seriam alcan\u00e7ados se estivesse no Brasil.<\/p>\n<p>&#8220;N\u00e3o estava feliz l\u00e1, n\u00e3o conseguia treinar e nem estudar direito. N\u00e3o sei fazer alguma coisa e n\u00e3o me entregar 100%,\u00a0 quando voltei para o Brasil para nadar o Maria Lenk sabia que era aqui que minha nata\u00e7\u00e3o seria melhor e aqui que eu teria condi\u00e7\u00f5es de realizar meu sonho. Foram seis meses de aprendizado l\u00e1, mas minha decis\u00e3o de voltar foi a melhor que poderia ter feito&#8221;, falou.<\/p>\n<p>Voltando ao Brasil ela j\u00e1 encontrava uma nova casa: o Minas T\u00eanis Clube. Antes da pandemia, ela se mudou para Belo Horizonte e morando sozinha pela segunda vez encontrava no Minas sua nova fam\u00edlia. &#8220;O Minas inteiro \u00e9 muito caloroso, muito receptivo, quando eu n\u00e3o estava t\u00e3o bem meus colegas de time me puxavam muito, nos primeiros seis meses em Minas Gerais, eu sentia que tinha uma fam\u00edlia no clube e \u00e9 o que eu sinto at\u00e9 hoje&#8221;.<\/p>\n<figure id=\"attachment_41597\" aria-describedby=\"caption-attachment-41597\" style=\"width: 1200px\" class=\"wp-caption alignnone\"><img loading=\"lazy\" decoding=\"async\" class=\"wp-image-41597 size-full\" style=\"font-weight: 600;\" src=\"https:\/\/swimchannel.net\/br\/wp-content\/uploads\/2021\/05\/97c5ec9ba344fec5b245859b6594ffd30bbe56a88.jpg\" alt=\"\" width=\"1200\" height=\"800\" srcset=\"https:\/\/swimchannel.net\/br\/wp-content\/uploads\/2021\/05\/97c5ec9ba344fec5b245859b6594ffd30bbe56a88.jpg 1200w, https:\/\/swimchannel.net\/br\/wp-content\/uploads\/2021\/05\/97c5ec9ba344fec5b245859b6594ffd30bbe56a88-1013x675.jpg 1013w, https:\/\/swimchannel.net\/br\/wp-content\/uploads\/2021\/05\/97c5ec9ba344fec5b245859b6594ffd30bbe56a88-270x180.jpg 270w, https:\/\/swimchannel.net\/br\/wp-content\/uploads\/2021\/05\/97c5ec9ba344fec5b245859b6594ffd30bbe56a88-768x512.jpg 768w, https:\/\/swimchannel.net\/br\/wp-content\/uploads\/2021\/05\/97c5ec9ba344fec5b245859b6594ffd30bbe56a88-600x400.jpg 600w, https:\/\/swimchannel.net\/br\/wp-content\/uploads\/2021\/05\/97c5ec9ba344fec5b245859b6594ffd30bbe56a88-750x500.jpg 750w, https:\/\/swimchannel.net\/br\/wp-content\/uploads\/2021\/05\/97c5ec9ba344fec5b245859b6594ffd30bbe56a88-1140x760.jpg 1140w\" sizes=\"auto, (max-width: 1200px) 100vw, 1200px\" \/><figcaption id=\"caption-attachment-41597\" class=\"wp-caption-text\">Beatriz Dizotti &#8211; Foto: Satiro Sodr\u00e9\/SSPress\/CBDA<\/figcaption><\/figure>\n<p>Logo depois, veio a pandemia. Durante o per\u00edodo de lockdown, ela n\u00e3o parou. Focada em buscar a marca ol\u00edmpica, de 16m32s04, voltou para S\u00e3o Paulo e ficou apenas tr\u00eas dias sem movimentar o corpo de alguma forma. Depois fez aulas com um personal e fazia dos treinos que o Minas mandava. Em meio a pandemia, ela conseguiu um abaixo assinado dos moradores de seu condom\u00ednio para usar a piscina, o que a ajudou a manter a movimenta\u00e7\u00e3o na piscina. Em julho voltou para Belo Horizonte e conseguiu treinar mais periodicamente na \u00e1gua.<\/p>\n<p>&#8220;Antes da pandemia eu n\u00e3o estava bem, estava melhorando mas longe do meu 100%. Eu me senti em casa, quando voltei. Consegui colocar minha cabe\u00e7a do lugar, voltei dos Estados Unidos fora de forma e na pandemia consegui voltar, apesar de ser um momento deliciado para o mundo, foi um momento em que eu coloquei a cabe\u00e7a no lugar, foi uma virada de chave, e consegui me focar para meu principal objetivo, que era a seletiva&#8221;, comentou.<\/p>\n<p>Na volta aos treinos, com o psicol\u00f3gico ainda melhor, o tempo veio. Em uma tomada de tempo no clube ela fez 16min24s, tempo abaixo do \u00edndice e foi confiante para a prova em abril. &#8220;Foi um processo leve, e natural com os treinos. Na tomada de tempo eu eu chorei tudo o que eu n\u00e3o chorei na seletiva, foi especial&#8221;, comentou.<\/p>\n<p>A caminho de sua primeira Ol\u00edmpiada, ela n\u00e3o sente a press\u00e3o e continua com o trabalho mental de ter pensamentos tranquilos e n\u00e3o pensar tanto no futuro. &#8220;N\u00e3o estou ficando ansiosa, pensando muito. Estou muito tranquila, estou tentando deixar tudo muito leve, treinar cada vez melhor que coisas boas v\u00e3o vim. Meu objetivo \u00e9 treinar melhor do que eu estava treinando, ent\u00e3o meu resultado vai ser ainda melhor. N\u00e3o estou pensando muito no futuro, estou pensando um dia de cada vez&#8221;, finalizou a nadadora.<\/p>\n<figure id=\"attachment_41187\" aria-describedby=\"caption-attachment-41187\" style=\"width: 1280px\" class=\"wp-caption alignnone\"><img loading=\"lazy\" decoding=\"async\" class=\"size-full wp-image-41187\" src=\"https:\/\/swimchannel.net\/br\/wp-content\/uploads\/2021\/04\/WhatsApp-Image-2021-04-22-at-19.24.24.jpeg\" alt=\"\" width=\"1280\" height=\"853\" srcset=\"https:\/\/swimchannel.net\/br\/wp-content\/uploads\/2021\/04\/WhatsApp-Image-2021-04-22-at-19.24.24.jpeg 1280w, https:\/\/swimchannel.net\/br\/wp-content\/uploads\/2021\/04\/WhatsApp-Image-2021-04-22-at-19.24.24-1013x675.jpeg 1013w, https:\/\/swimchannel.net\/br\/wp-content\/uploads\/2021\/04\/WhatsApp-Image-2021-04-22-at-19.24.24-1200x800.jpeg 1200w, https:\/\/swimchannel.net\/br\/wp-content\/uploads\/2021\/04\/WhatsApp-Image-2021-04-22-at-19.24.24-270x180.jpeg 270w, https:\/\/swimchannel.net\/br\/wp-content\/uploads\/2021\/04\/WhatsApp-Image-2021-04-22-at-19.24.24-768x512.jpeg 768w, https:\/\/swimchannel.net\/br\/wp-content\/uploads\/2021\/04\/WhatsApp-Image-2021-04-22-at-19.24.24-600x400.jpeg 600w, https:\/\/swimchannel.net\/br\/wp-content\/uploads\/2021\/04\/WhatsApp-Image-2021-04-22-at-19.24.24-750x500.jpeg 750w, https:\/\/swimchannel.net\/br\/wp-content\/uploads\/2021\/04\/WhatsApp-Image-2021-04-22-at-19.24.24-1140x760.jpeg 1140w\" sizes=\"auto, (max-width: 1280px) 100vw, 1280px\" \/><figcaption id=\"caption-attachment-41187\" class=\"wp-caption-text\">Beatriz Dizotti, Ana Marcela Cunha e Betina Lorscheitter &#8211; Foto: Satiro Sodr\u00e9\/SSPress\/CBDA<\/figcaption><\/figure>\n<div class=\"text ng-star-inserted\">\n<p>Aos 21 anos, Bia j\u00e1 \u00e9 inspira\u00e7\u00e3o para muitas jovens nadadoras e tem como \u00eddolos pr\u00f3ximos Ana Marcela Cunha, Poliana Okimoto, Joanna Maranh\u00e3o, Natalia de Luccas e Bruna Primatti. &#8220;A Nath\u00e1lia e a Bruna viveram muito pr\u00f3ximo a mim e foram muito importantes na minha carreira. Tiveram um papel muito grande, a Nathalia cuidava muito de mim quando eu era do infantil e a Bru Primatti, me ajudou muito quando fui treinar no SESI. Elas fizeram parte do meu processo e sempre me espelhei muito nelas&#8221;.<\/p>\n<p>&#8220;Eu fico muito feliz de saber que sirvo de inspira\u00e7\u00e3o para a categoria mais nova, isso \u00e9 muito importante. Fico super feliz, tive essa imagem pr\u00f3xima em quem me inspirar, sonhando todos os dias em ser como elas. O apoio \u00e9 o essencial e ter as inspira\u00e7\u00f5es tamb\u00e9m, para que a nata\u00e7\u00e3o feminina cres\u00e7a&#8221;, contou.<\/p>\n<\/div>\n<p>Para o futuro a nadadora n\u00e3o descarta uma aproxima\u00e7\u00e3o com as provas de maratona aqu\u00e1tica, mas ainda t\u00eam as provas de piscina como principal foco. &#8220;Pela minha caracter\u00edstica posso me dar bem. Nadei uma vez e peguei Campeonato Mundial J\u00fanior, o Brasil n\u00e3o levou a Sele\u00e7\u00e3o naquele ano, mas tenho a convoca\u00e7\u00e3o. Talvez em um futuro, quem sabe, n\u00e3o \u00e9 uma prova a se descartar, o \u00fanico problema seria o medo, o que da para superar. Mas ainda quero nadar muito na piscina, por muitos anos&#8221;, finalizou.<\/p>\n","protected":false},"excerpt":{"rendered":"<p>Nadadora de 21 anos fez o \u00edndice ol\u00edmpico nos 1500m livre feminino e segue focada em seus objetivos rumo a T\u00f3quio<\/p>\n","protected":false},"author":9,"featured_media":41189,"comment_status":"closed","ping_status":"closed","sticky":false,"template":"","format":"gallery","meta":{"footnotes":""},"categories":[1164,137],"tags":[4139,109,183,5,232,714],"class_list":["post-41593","post","type-post","status-publish","format-gallery","has-post-thumbnail","hentry","category-entrevista","category-natacao","tag-beatriz-dizotti","tag-entrevista","tag-jogos-olimpicos","tag-natacao","tag-seletiva-olimpica","tag-toquio-2020","post_format-post-format-gallery"],"yoast_head":"<!-- This site is optimized with the Yoast SEO plugin v27.0 - https:\/\/yoast.com\/product\/yoast-seo-wordpress\/ -->\n<title>Beatriz Dizotti: o nome feminino da Seletiva Ol\u00edmpica - Swimchannel<\/title>\n<meta name=\"robots\" content=\"index, follow, max-snippet:-1, max-image-preview:large, max-video-preview:-1\" \/>\n<link rel=\"canonical\" href=\"https:\/\/swimchannel.net\/br\/beatriz-dizotti-o-nome-feminino-da-seletiva-olimpica\/\" \/>\n<meta property=\"og:locale\" content=\"pt_BR\" \/>\n<meta property=\"og:type\" content=\"article\" \/>\n<meta property=\"og:title\" content=\"Beatriz Dizotti: o nome feminino da Seletiva Ol\u00edmpica - Swimchannel\" \/>\n<meta property=\"og:description\" content=\"Nadadora de 21 anos fez o \u00edndice ol\u00edmpico nos 1500m livre feminino e segue focada em seus objetivos rumo a T\u00f3quio\" \/>\n<meta property=\"og:url\" content=\"https:\/\/swimchannel.net\/br\/beatriz-dizotti-o-nome-feminino-da-seletiva-olimpica\/\" \/>\n<meta property=\"og:site_name\" content=\"Swimchannel\" \/>\n<meta property=\"article:publisher\" content=\"https:\/\/www.facebook.com\/swimchannel\" \/>\n<meta property=\"article:published_time\" content=\"2021-05-04T18:11:14+00:00\" \/>\n<meta property=\"article:modified_time\" content=\"2021-05-04T18:32:44+00:00\" \/>\n<meta property=\"og:image\" content=\"https:\/\/swimchannel.net\/br\/wp-content\/uploads\/2021\/04\/WhatsApp-Image-2021-04-22-at-19.24.23.jpeg\" \/>\n\t<meta property=\"og:image:width\" content=\"1280\" \/>\n\t<meta property=\"og:image:height\" content=\"853\" \/>\n\t<meta property=\"og:image:type\" content=\"image\/jpeg\" \/>\n<meta name=\"author\" content=\"Katarine Monteiro\" \/>\n<meta name=\"twitter:card\" content=\"summary_large_image\" \/>\n<meta name=\"twitter:creator\" content=\"@https:\/\/twitter.com\/Katarinem\" \/>\n<meta name=\"twitter:label1\" content=\"Escrito por\" \/>\n\t<meta name=\"twitter:data1\" content=\"Katarine Monteiro\" \/>\n\t<meta name=\"twitter:label2\" content=\"Est. tempo de leitura\" \/>\n\t<meta name=\"twitter:data2\" content=\"7 minutos\" \/>\n<script type=\"application\/ld+json\" class=\"yoast-schema-graph\">{\"@context\":\"https:\/\/schema.org\",\"@graph\":[{\"@type\":\"Article\",\"@id\":\"https:\/\/swimchannel.net\/br\/beatriz-dizotti-o-nome-feminino-da-seletiva-olimpica\/#article\",\"isPartOf\":{\"@id\":\"https:\/\/swimchannel.net\/br\/beatriz-dizotti-o-nome-feminino-da-seletiva-olimpica\/\"},\"author\":{\"name\":\"Katarine Monteiro\",\"@id\":\"https:\/\/swimchannel.net\/br\/#\/schema\/person\/73ae9cec62249968bca1f0a8098ef002\"},\"headline\":\"Beatriz Dizotti: o nome feminino da Seletiva Ol\u00edmpica\",\"datePublished\":\"2021-05-04T18:11:14+00:00\",\"dateModified\":\"2021-05-04T18:32:44+00:00\",\"mainEntityOfPage\":{\"@id\":\"https:\/\/swimchannel.net\/br\/beatriz-dizotti-o-nome-feminino-da-seletiva-olimpica\/\"},\"wordCount\":1489,\"publisher\":{\"@id\":\"https:\/\/swimchannel.net\/br\/#organization\"},\"image\":{\"@id\":\"https:\/\/swimchannel.net\/br\/beatriz-dizotti-o-nome-feminino-da-seletiva-olimpica\/#primaryimage\"},\"thumbnailUrl\":\"https:\/\/swimchannel.net\/br\/wp-content\/uploads\/2021\/04\/WhatsApp-Image-2021-04-22-at-19.24.23.jpeg\",\"keywords\":[\"Beatriz Dizotti\",\"entrevista\",\"Jogos Ol\u00edmpicos\",\"natacao\",\"seletiva ol\u00edmpica\",\"T\u00f3quio-2020\"],\"articleSection\":[\"Entrevista\",\"Nata\u00e7\u00e3o\"],\"inLanguage\":\"pt-BR\"},{\"@type\":\"WebPage\",\"@id\":\"https:\/\/swimchannel.net\/br\/beatriz-dizotti-o-nome-feminino-da-seletiva-olimpica\/\",\"url\":\"https:\/\/swimchannel.net\/br\/beatriz-dizotti-o-nome-feminino-da-seletiva-olimpica\/\",\"name\":\"Beatriz Dizotti: o nome feminino da Seletiva Ol\u00edmpica - Swimchannel\",\"isPartOf\":{\"@id\":\"https:\/\/swimchannel.net\/br\/#website\"},\"primaryImageOfPage\":{\"@id\":\"https:\/\/swimchannel.net\/br\/beatriz-dizotti-o-nome-feminino-da-seletiva-olimpica\/#primaryimage\"},\"image\":{\"@id\":\"https:\/\/swimchannel.net\/br\/beatriz-dizotti-o-nome-feminino-da-seletiva-olimpica\/#primaryimage\"},\"thumbnailUrl\":\"https:\/\/swimchannel.net\/br\/wp-content\/uploads\/2021\/04\/WhatsApp-Image-2021-04-22-at-19.24.23.jpeg\",\"datePublished\":\"2021-05-04T18:11:14+00:00\",\"dateModified\":\"2021-05-04T18:32:44+00:00\",\"breadcrumb\":{\"@id\":\"https:\/\/swimchannel.net\/br\/beatriz-dizotti-o-nome-feminino-da-seletiva-olimpica\/#breadcrumb\"},\"inLanguage\":\"pt-BR\",\"potentialAction\":[{\"@type\":\"ReadAction\",\"target\":[\"https:\/\/swimchannel.net\/br\/beatriz-dizotti-o-nome-feminino-da-seletiva-olimpica\/\"]}]},{\"@type\":\"ImageObject\",\"inLanguage\":\"pt-BR\",\"@id\":\"https:\/\/swimchannel.net\/br\/beatriz-dizotti-o-nome-feminino-da-seletiva-olimpica\/#primaryimage\",\"url\":\"https:\/\/swimchannel.net\/br\/wp-content\/uploads\/2021\/04\/WhatsApp-Image-2021-04-22-at-19.24.23.jpeg\",\"contentUrl\":\"https:\/\/swimchannel.net\/br\/wp-content\/uploads\/2021\/04\/WhatsApp-Image-2021-04-22-at-19.24.23.jpeg\",\"width\":1280,\"height\":853,\"caption\":\"Beatriz Dizotti - Foto: Satiro Sodr\u00e9\/SSPress\/CBDA\"},{\"@type\":\"BreadcrumbList\",\"@id\":\"https:\/\/swimchannel.net\/br\/beatriz-dizotti-o-nome-feminino-da-seletiva-olimpica\/#breadcrumb\",\"itemListElement\":[{\"@type\":\"ListItem\",\"position\":1,\"name\":\"Home\",\"item\":\"https:\/\/swimchannel.net\/br\/\"},{\"@type\":\"ListItem\",\"position\":2,\"name\":\"Beatriz Dizotti: o nome feminino da Seletiva Ol\u00edmpica\"}]},{\"@type\":\"WebSite\",\"@id\":\"https:\/\/swimchannel.net\/br\/#website\",\"url\":\"https:\/\/swimchannel.net\/br\/\",\"name\":\"Swimchannel\",\"description\":\"Maior portal de nata\u00e7\u00e3o da america latina\",\"publisher\":{\"@id\":\"https:\/\/swimchannel.net\/br\/#organization\"},\"potentialAction\":[{\"@type\":\"SearchAction\",\"target\":{\"@type\":\"EntryPoint\",\"urlTemplate\":\"https:\/\/swimchannel.net\/br\/?s={search_term_string}\"},\"query-input\":{\"@type\":\"PropertyValueSpecification\",\"valueRequired\":true,\"valueName\":\"search_term_string\"}}],\"inLanguage\":\"pt-BR\"},{\"@type\":\"Organization\",\"@id\":\"https:\/\/swimchannel.net\/br\/#organization\",\"name\":\"Swimchannel - Conectando voc\u00ea a Nata\u00e7\u00e3o\",\"url\":\"https:\/\/swimchannel.net\/br\/\",\"logo\":{\"@type\":\"ImageObject\",\"inLanguage\":\"pt-BR\",\"@id\":\"https:\/\/swimchannel.net\/br\/#\/schema\/logo\/image\/\",\"url\":\"https:\/\/swimchannel.net\/br\/wp-content\/uploads\/2026\/02\/SWIM-CHANNEL.png\",\"contentUrl\":\"https:\/\/swimchannel.net\/br\/wp-content\/uploads\/2026\/02\/SWIM-CHANNEL.png\",\"width\":1120,\"height\":630,\"caption\":\"Swimchannel - Conectando voc\u00ea a Nata\u00e7\u00e3o\"},\"image\":{\"@id\":\"https:\/\/swimchannel.net\/br\/#\/schema\/logo\/image\/\"},\"sameAs\":[\"https:\/\/www.facebook.com\/swimchannel\",\"https:\/\/www.instagram.com\/swimchannel\"]},{\"@type\":\"Person\",\"@id\":\"https:\/\/swimchannel.net\/br\/#\/schema\/person\/73ae9cec62249968bca1f0a8098ef002\",\"name\":\"Katarine Monteiro\",\"image\":{\"@type\":\"ImageObject\",\"inLanguage\":\"pt-BR\",\"@id\":\"https:\/\/swimchannel.net\/br\/#\/schema\/person\/image\/\",\"url\":\"https:\/\/swimchannel.net\/br\/wp-content\/uploads\/2022\/01\/Katarine-Monteiro-100x100.jpg\",\"contentUrl\":\"https:\/\/swimchannel.net\/br\/wp-content\/uploads\/2022\/01\/Katarine-Monteiro-100x100.jpg\",\"caption\":\"Katarine Monteiro\"},\"description\":\"Jornalista SWIM CHANNEL especializada em esportes ol\u00edmpicos e em sa\u00fade. Com cobertura de grandes eventos internacionais, como Jogos Ol\u00edmpicos Rio 2016, Jogos Pan-Americanos em Lima 2019, Qatar Total Open 2020, Qatar ExxonMobil Open 2019 - t\u00eanis em Doha (QT), Semana Internacional de Vela de Ilhabela, Transat Jacques Vabre 2019 (Fran\u00e7a-Brasil), L'\u00c9tape Brasil by Tour de France, j\u00e1 fez in\u00fameras coberturas de nata\u00e7\u00e3o, maratona aqu\u00e1tica e polo aqu\u00e1tico. Formada tamb\u00e9m em Letras, a jornalista atua como assessora de imprensa, rela\u00e7\u00f5es p\u00fablicas e social media, com especializa\u00e7\u00e3o em marketing esportivo. Nadadora amadora de \u00e1guas abertas, j\u00e1 trabalhou com grandes nomes da nata\u00e7\u00e3o e do polo aqu\u00e1tico brasileiro.\",\"sameAs\":[\"https:\/\/www.instagram.com\/_katarinemonteiro\/\",\"https:\/\/www.linkedin.com\/in\/katarine-monteiro-19385297\/\",\"https:\/\/x.com\/https:\/\/twitter.com\/Katarinem\"],\"url\":\"https:\/\/swimchannel.net\/br\/author\/katarine-monteiro\/\"}]}<\/script>\n<!-- \/ Yoast SEO plugin. -->","yoast_head_json":{"title":"Beatriz Dizotti: o nome feminino da Seletiva Ol\u00edmpica - Swimchannel","robots":{"index":"index","follow":"follow","max-snippet":"max-snippet:-1","max-image-preview":"max-image-preview:large","max-video-preview":"max-video-preview:-1"},"canonical":"https:\/\/swimchannel.net\/br\/beatriz-dizotti-o-nome-feminino-da-seletiva-olimpica\/","og_locale":"pt_BR","og_type":"article","og_title":"Beatriz Dizotti: o nome feminino da Seletiva Ol\u00edmpica - Swimchannel","og_description":"Nadadora de 21 anos fez o \u00edndice ol\u00edmpico nos 1500m livre feminino e segue focada em seus objetivos rumo a T\u00f3quio","og_url":"https:\/\/swimchannel.net\/br\/beatriz-dizotti-o-nome-feminino-da-seletiva-olimpica\/","og_site_name":"Swimchannel","article_publisher":"https:\/\/www.facebook.com\/swimchannel","article_published_time":"2021-05-04T18:11:14+00:00","article_modified_time":"2021-05-04T18:32:44+00:00","og_image":[{"width":1280,"height":853,"url":"https:\/\/swimchannel.net\/br\/wp-content\/uploads\/2021\/04\/WhatsApp-Image-2021-04-22-at-19.24.23.jpeg","type":"image\/jpeg"}],"author":"Katarine Monteiro","twitter_card":"summary_large_image","twitter_creator":"@https:\/\/twitter.com\/Katarinem","twitter_misc":{"Escrito por":"Katarine Monteiro","Est. tempo de leitura":"7 minutos"},"schema":{"@context":"https:\/\/schema.org","@graph":[{"@type":"Article","@id":"https:\/\/swimchannel.net\/br\/beatriz-dizotti-o-nome-feminino-da-seletiva-olimpica\/#article","isPartOf":{"@id":"https:\/\/swimchannel.net\/br\/beatriz-dizotti-o-nome-feminino-da-seletiva-olimpica\/"},"author":{"name":"Katarine Monteiro","@id":"https:\/\/swimchannel.net\/br\/#\/schema\/person\/73ae9cec62249968bca1f0a8098ef002"},"headline":"Beatriz Dizotti: o nome feminino da Seletiva Ol\u00edmpica","datePublished":"2021-05-04T18:11:14+00:00","dateModified":"2021-05-04T18:32:44+00:00","mainEntityOfPage":{"@id":"https:\/\/swimchannel.net\/br\/beatriz-dizotti-o-nome-feminino-da-seletiva-olimpica\/"},"wordCount":1489,"publisher":{"@id":"https:\/\/swimchannel.net\/br\/#organization"},"image":{"@id":"https:\/\/swimchannel.net\/br\/beatriz-dizotti-o-nome-feminino-da-seletiva-olimpica\/#primaryimage"},"thumbnailUrl":"https:\/\/swimchannel.net\/br\/wp-content\/uploads\/2021\/04\/WhatsApp-Image-2021-04-22-at-19.24.23.jpeg","keywords":["Beatriz Dizotti","entrevista","Jogos Ol\u00edmpicos","natacao","seletiva ol\u00edmpica","T\u00f3quio-2020"],"articleSection":["Entrevista","Nata\u00e7\u00e3o"],"inLanguage":"pt-BR"},{"@type":"WebPage","@id":"https:\/\/swimchannel.net\/br\/beatriz-dizotti-o-nome-feminino-da-seletiva-olimpica\/","url":"https:\/\/swimchannel.net\/br\/beatriz-dizotti-o-nome-feminino-da-seletiva-olimpica\/","name":"Beatriz Dizotti: o nome feminino da Seletiva Ol\u00edmpica - Swimchannel","isPartOf":{"@id":"https:\/\/swimchannel.net\/br\/#website"},"primaryImageOfPage":{"@id":"https:\/\/swimchannel.net\/br\/beatriz-dizotti-o-nome-feminino-da-seletiva-olimpica\/#primaryimage"},"image":{"@id":"https:\/\/swimchannel.net\/br\/beatriz-dizotti-o-nome-feminino-da-seletiva-olimpica\/#primaryimage"},"thumbnailUrl":"https:\/\/swimchannel.net\/br\/wp-content\/uploads\/2021\/04\/WhatsApp-Image-2021-04-22-at-19.24.23.jpeg","datePublished":"2021-05-04T18:11:14+00:00","dateModified":"2021-05-04T18:32:44+00:00","breadcrumb":{"@id":"https:\/\/swimchannel.net\/br\/beatriz-dizotti-o-nome-feminino-da-seletiva-olimpica\/#breadcrumb"},"inLanguage":"pt-BR","potentialAction":[{"@type":"ReadAction","target":["https:\/\/swimchannel.net\/br\/beatriz-dizotti-o-nome-feminino-da-seletiva-olimpica\/"]}]},{"@type":"ImageObject","inLanguage":"pt-BR","@id":"https:\/\/swimchannel.net\/br\/beatriz-dizotti-o-nome-feminino-da-seletiva-olimpica\/#primaryimage","url":"https:\/\/swimchannel.net\/br\/wp-content\/uploads\/2021\/04\/WhatsApp-Image-2021-04-22-at-19.24.23.jpeg","contentUrl":"https:\/\/swimchannel.net\/br\/wp-content\/uploads\/2021\/04\/WhatsApp-Image-2021-04-22-at-19.24.23.jpeg","width":1280,"height":853,"caption":"Beatriz Dizotti - Foto: Satiro Sodr\u00e9\/SSPress\/CBDA"},{"@type":"BreadcrumbList","@id":"https:\/\/swimchannel.net\/br\/beatriz-dizotti-o-nome-feminino-da-seletiva-olimpica\/#breadcrumb","itemListElement":[{"@type":"ListItem","position":1,"name":"Home","item":"https:\/\/swimchannel.net\/br\/"},{"@type":"ListItem","position":2,"name":"Beatriz Dizotti: o nome feminino da Seletiva Ol\u00edmpica"}]},{"@type":"WebSite","@id":"https:\/\/swimchannel.net\/br\/#website","url":"https:\/\/swimchannel.net\/br\/","name":"Swimchannel","description":"Maior portal de nata\u00e7\u00e3o da america latina","publisher":{"@id":"https:\/\/swimchannel.net\/br\/#organization"},"potentialAction":[{"@type":"SearchAction","target":{"@type":"EntryPoint","urlTemplate":"https:\/\/swimchannel.net\/br\/?s={search_term_string}"},"query-input":{"@type":"PropertyValueSpecification","valueRequired":true,"valueName":"search_term_string"}}],"inLanguage":"pt-BR"},{"@type":"Organization","@id":"https:\/\/swimchannel.net\/br\/#organization","name":"Swimchannel - Conectando voc\u00ea a Nata\u00e7\u00e3o","url":"https:\/\/swimchannel.net\/br\/","logo":{"@type":"ImageObject","inLanguage":"pt-BR","@id":"https:\/\/swimchannel.net\/br\/#\/schema\/logo\/image\/","url":"https:\/\/swimchannel.net\/br\/wp-content\/uploads\/2026\/02\/SWIM-CHANNEL.png","contentUrl":"https:\/\/swimchannel.net\/br\/wp-content\/uploads\/2026\/02\/SWIM-CHANNEL.png","width":1120,"height":630,"caption":"Swimchannel - Conectando voc\u00ea a Nata\u00e7\u00e3o"},"image":{"@id":"https:\/\/swimchannel.net\/br\/#\/schema\/logo\/image\/"},"sameAs":["https:\/\/www.facebook.com\/swimchannel","https:\/\/www.instagram.com\/swimchannel"]},{"@type":"Person","@id":"https:\/\/swimchannel.net\/br\/#\/schema\/person\/73ae9cec62249968bca1f0a8098ef002","name":"Katarine Monteiro","image":{"@type":"ImageObject","inLanguage":"pt-BR","@id":"https:\/\/swimchannel.net\/br\/#\/schema\/person\/image\/","url":"https:\/\/swimchannel.net\/br\/wp-content\/uploads\/2022\/01\/Katarine-Monteiro-100x100.jpg","contentUrl":"https:\/\/swimchannel.net\/br\/wp-content\/uploads\/2022\/01\/Katarine-Monteiro-100x100.jpg","caption":"Katarine Monteiro"},"description":"Jornalista SWIM CHANNEL especializada em esportes ol\u00edmpicos e em sa\u00fade. Com cobertura de grandes eventos internacionais, como Jogos Ol\u00edmpicos Rio 2016, Jogos Pan-Americanos em Lima 2019, Qatar Total Open 2020, Qatar ExxonMobil Open 2019 - t\u00eanis em Doha (QT), Semana Internacional de Vela de Ilhabela, Transat Jacques Vabre 2019 (Fran\u00e7a-Brasil), L'\u00c9tape Brasil by Tour de France, j\u00e1 fez in\u00fameras coberturas de nata\u00e7\u00e3o, maratona aqu\u00e1tica e polo aqu\u00e1tico. Formada tamb\u00e9m em Letras, a jornalista atua como assessora de imprensa, rela\u00e7\u00f5es p\u00fablicas e social media, com especializa\u00e7\u00e3o em marketing esportivo. Nadadora amadora de \u00e1guas abertas, j\u00e1 trabalhou com grandes nomes da nata\u00e7\u00e3o e do polo aqu\u00e1tico brasileiro.","sameAs":["https:\/\/www.instagram.com\/_katarinemonteiro\/","https:\/\/www.linkedin.com\/in\/katarine-monteiro-19385297\/","https:\/\/x.com\/https:\/\/twitter.com\/Katarinem"],"url":"https:\/\/swimchannel.net\/br\/author\/katarine-monteiro\/"}]}},"_links":{"self":[{"href":"https:\/\/swimchannel.net\/br\/wp-json\/wp\/v2\/posts\/41593","targetHints":{"allow":["GET"]}}],"collection":[{"href":"https:\/\/swimchannel.net\/br\/wp-json\/wp\/v2\/posts"}],"about":[{"href":"https:\/\/swimchannel.net\/br\/wp-json\/wp\/v2\/types\/post"}],"author":[{"embeddable":true,"href":"https:\/\/swimchannel.net\/br\/wp-json\/wp\/v2\/users\/9"}],"replies":[{"embeddable":true,"href":"https:\/\/swimchannel.net\/br\/wp-json\/wp\/v2\/comments?post=41593"}],"version-history":[{"count":0,"href":"https:\/\/swimchannel.net\/br\/wp-json\/wp\/v2\/posts\/41593\/revisions"}],"wp:featuredmedia":[{"embeddable":true,"href":"https:\/\/swimchannel.net\/br\/wp-json\/wp\/v2\/media\/41189"}],"wp:attachment":[{"href":"https:\/\/swimchannel.net\/br\/wp-json\/wp\/v2\/media?parent=41593"}],"wp:term":[{"taxonomy":"category","embeddable":true,"href":"https:\/\/swimchannel.net\/br\/wp-json\/wp\/v2\/categories?post=41593"},{"taxonomy":"post_tag","embeddable":true,"href":"https:\/\/swimchannel.net\/br\/wp-json\/wp\/v2\/tags?post=41593"}],"curies":[{"name":"wp","href":"https:\/\/api.w.org\/{rel}","templated":true}]}}