{"id":41656,"date":"2021-05-06T15:00:39","date_gmt":"2021-05-06T18:00:39","guid":{"rendered":"https:\/\/swimchannel.net\/br\/?p=41656"},"modified":"2021-05-06T16:50:33","modified_gmt":"2021-05-06T19:50:33","slug":"daniel-dias-e-o-novo-integrante-da-academia-laureus","status":"publish","type":"post","link":"https:\/\/swimchannel.net\/br\/daniel-dias-e-o-novo-integrante-da-academia-laureus\/","title":{"rendered":"Daniel Dias \u00e9 o novo integrante da Academia Laureus"},"content":{"rendered":"<p>O multicampe\u00e3o paral\u00edmpico Daniel Dias foi oficializado nesta semana como membro da Laureus World Sports Academy, da entidade que elege anualmente os melhores esportistas do mundo. Tr\u00eas grandes nomes do esporte feminino, a atleta de esqui alpino Lindsey Vonn, a corredora Jessica Ennis-Hill e a jogadora de squash Nicol David tamb\u00e9m foram nomeadas como integrantes da academia. A fun\u00e7\u00e3o destes embaixadores \u00e9 usar o poder do esporte para melhorar a vida de jovens ao redor do mundo em campanhas e a\u00e7\u00f5es da entidade.<\/p>\n<p>Daniel Dias \u00e9 um dos atletas mais condecorados da hist\u00f3ria, tendo conquistado 24 medalhas paral\u00edmpicas, incluindo 14 de ouro, e outras 31 de ouro no Campeonato Mundial de Nata\u00e7\u00e3o Paral\u00edmpica. Nos Jogos do Rio-2016 ele conquistou quatro medalhas de ouro, tr\u00eas de prata e duas de bronze. O nadador tamb\u00e9m j\u00e1 venceu tr\u00eas vezes o pr\u00eamio Laureus na categoria paral\u00edmpica em 2009, 2012 e 2016. Ele se tornar\u00e1 um membro da Academia totalmente ativo ap\u00f3s os Jogos Paral\u00edmpicos de T\u00f3quio, que tamb\u00e9m ser\u00e1 a sua despedida das piscinas.<\/p>\n<figure id=\"attachment_41658\" aria-describedby=\"caption-attachment-41658\" style=\"width: 675px\" class=\"wp-caption alignnone\"><img loading=\"lazy\" decoding=\"async\" class=\"size-full wp-image-41658\" src=\"https:\/\/swimchannel.net\/br\/wp-content\/uploads\/2021\/05\/Daniel-Dias-com-seus-tres-trofeus-Laureus_Divulgacao-e1620139687148-1080x675-1-rotated.jpg\" alt=\"\" width=\"675\" height=\"1080\" srcset=\"https:\/\/swimchannel.net\/br\/wp-content\/uploads\/2021\/05\/Daniel-Dias-com-seus-tres-trofeus-Laureus_Divulgacao-e1620139687148-1080x675-1-rotated.jpg 675w, https:\/\/swimchannel.net\/br\/wp-content\/uploads\/2021\/05\/Daniel-Dias-com-seus-tres-trofeus-Laureus_Divulgacao-e1620139687148-1080x675-1-422x675.jpg 422w, https:\/\/swimchannel.net\/br\/wp-content\/uploads\/2021\/05\/Daniel-Dias-com-seus-tres-trofeus-Laureus_Divulgacao-e1620139687148-1080x675-1-500x800.jpg 500w, https:\/\/swimchannel.net\/br\/wp-content\/uploads\/2021\/05\/Daniel-Dias-com-seus-tres-trofeus-Laureus_Divulgacao-e1620139687148-1080x675-1-113x180.jpg 113w, https:\/\/swimchannel.net\/br\/wp-content\/uploads\/2021\/05\/Daniel-Dias-com-seus-tres-trofeus-Laureus_Divulgacao-e1620139687148-1080x675-1-600x960.jpg 600w\" sizes=\"auto, (max-width: 675px) 100vw, 675px\" \/><figcaption id=\"caption-attachment-41658\" class=\"wp-caption-text\">Daniel Dias e seus pr\u00eamios Laureus &#8211; Foto: Reprodu\u00e7\u00e3o<\/figcaption><\/figure>\n<p>&nbsp;<\/p>\n<p>\u201cEstou super feliz por me tornar um membro da Laureus Academy, embora ainda demore alguns meses antes de poder assumir minhas fun\u00e7\u00f5es, j\u00e1 que primeiro espero terminar minha carreira de nadador ap\u00f3s os Jogos Paral\u00edmpicos de T\u00f3quio. Tive a sorte de conquistar tr\u00eas pr\u00eamios Laureus na minha carreira e posso dizer que s\u00e3o uma honra para qualquer atleta. Estou bastante ansioso para ajudar os jovens no futuro e fazer o meu melhor para mudar o mundo&#8221;, comentou o nadador.<\/p>\n<p>Al\u00e9m dos pr\u00eamios, a Laureus \u00e9 uma institui\u00e7\u00e3o social esportiva que tamb\u00e9m atua no desenvolvimento do esporte pelo mundo, ajudando e apoiando cerca de seis milh\u00f5es de crian\u00e7as e jovens adultos e em mais de 250 programas comunit\u00e1rios.\u00a0Os membros da Academia tamb\u00e9m s\u00e3o o j\u00fari esportivo m\u00e1ximo do pr\u00eamio anual, votando para definir os vencedores do Laureus World Sports Awards. Este ano a entidade escolheu os tenistas Rafael Nadal e Naomi Osaka como os melhores atletas da temporada 2020.<\/p>\n<p>&nbsp;<\/p>\n<p><iframe id=\"instagram-embed-1\" class=\"instagram-media instagram-media-rendered\" src=\"https:\/\/www.instagram.com\/p\/COc9INpl-DL\/embed\/captioned\/?cr=1&amp;v=13&amp;wp=810&amp;rd=https%3A%2F%2Fagenciabrasil.ebc.com.br&amp;rp=%2Fesportes%2Fnoticia%2F2021-05%2Fdaniel-dias-e-anunciado-como-novo-integrante-da-academia-laureus#%7B%22ci%22%3A1%2C%22os%22%3A1561.2800000003517%2C%22ls%22%3A846.2600000002567%2C%22le%22%3A850.510000000213%7D\" height=\"959\" frameborder=\"0\" scrolling=\"no\" allowfullscreen=\"allowfullscreen\" data-instgrm-payload-id=\"instagram-media-payload-1\" data-mce-fragment=\"1\"><\/iframe><\/p>\n<p>&nbsp;<\/p>\n","protected":false},"excerpt":{"rendered":"<p>Multicampe\u00e3o paral\u00edmpico e vencedor de tr\u00eas pr\u00eamios, se junta a nomes que fizeram hist\u00f3ria no esporte<\/p>\n","protected":false},"author":9,"featured_media":41680,"comment_status":"open","ping_status":"open","sticky":false,"template":"","format":"gallery","meta":{"footnotes":""},"categories":[56],"tags":[2247,9,5,127],"class_list":["post-41656","post","type-post","status-publish","format-gallery","has-post-thumbnail","hentry","category-natacao-paralimpica","tag-academia-laureus","tag-daniel-dias","tag-natacao","tag-natacao-paralimpica","post_format-post-format-gallery"],"yoast_head":"<!-- This site is optimized with the Yoast SEO plugin v27.0 - https:\/\/yoast.com\/product\/yoast-seo-wordpress\/ -->\n<title>Daniel Dias \u00e9 o novo integrante da Academia Laureus - Swimchannel<\/title>\n<meta name=\"robots\" content=\"index, follow, max-snippet:-1, max-image-preview:large, max-video-preview:-1\" \/>\n<link rel=\"canonical\" href=\"https:\/\/swimchannel.net\/br\/daniel-dias-e-o-novo-integrante-da-academia-laureus\/\" \/>\n<meta property=\"og:locale\" content=\"pt_BR\" \/>\n<meta property=\"og:type\" content=\"article\" \/>\n<meta property=\"og:title\" content=\"Daniel Dias \u00e9 o novo integrante da Academia Laureus - Swimchannel\" \/>\n<meta property=\"og:description\" content=\"Multicampe\u00e3o paral\u00edmpico e vencedor de tr\u00eas pr\u00eamios, se junta a nomes que fizeram hist\u00f3ria no esporte\" \/>\n<meta property=\"og:url\" content=\"https:\/\/swimchannel.net\/br\/daniel-dias-e-o-novo-integrante-da-academia-laureus\/\" \/>\n<meta property=\"og:site_name\" content=\"Swimchannel\" \/>\n<meta property=\"article:publisher\" content=\"https:\/\/www.facebook.com\/swimchannel\" \/>\n<meta property=\"article:published_time\" content=\"2021-05-06T18:00:39+00:00\" \/>\n<meta property=\"article:modified_time\" content=\"2021-05-06T19:50:33+00:00\" \/>\n<meta property=\"og:image\" content=\"https:\/\/swimchannel.net\/br\/wp-content\/uploads\/2021\/05\/gettyimages-522278932.jpg\" \/>\n\t<meta property=\"og:image:width\" content=\"1200\" \/>\n\t<meta property=\"og:image:height\" content=\"801\" \/>\n\t<meta property=\"og:image:type\" content=\"image\/jpeg\" \/>\n<meta name=\"author\" content=\"Katarine Monteiro\" \/>\n<meta name=\"twitter:card\" content=\"summary_large_image\" \/>\n<meta name=\"twitter:creator\" content=\"@https:\/\/twitter.com\/Katarinem\" \/>\n<meta name=\"twitter:label1\" content=\"Escrito por\" \/>\n\t<meta name=\"twitter:data1\" content=\"Katarine Monteiro\" \/>\n\t<meta name=\"twitter:label2\" content=\"Est. tempo de leitura\" \/>\n\t<meta name=\"twitter:data2\" content=\"2 minutos\" \/>\n<script type=\"application\/ld+json\" class=\"yoast-schema-graph\">{\"@context\":\"https:\/\/schema.org\",\"@graph\":[{\"@type\":\"Article\",\"@id\":\"https:\/\/swimchannel.net\/br\/daniel-dias-e-o-novo-integrante-da-academia-laureus\/#article\",\"isPartOf\":{\"@id\":\"https:\/\/swimchannel.net\/br\/daniel-dias-e-o-novo-integrante-da-academia-laureus\/\"},\"author\":{\"name\":\"Katarine Monteiro\",\"@id\":\"https:\/\/swimchannel.net\/br\/#\/schema\/person\/73ae9cec62249968bca1f0a8098ef002\"},\"headline\":\"Daniel Dias \u00e9 o novo integrante da Academia Laureus\",\"datePublished\":\"2021-05-06T18:00:39+00:00\",\"dateModified\":\"2021-05-06T19:50:33+00:00\",\"mainEntityOfPage\":{\"@id\":\"https:\/\/swimchannel.net\/br\/daniel-dias-e-o-novo-integrante-da-academia-laureus\/\"},\"wordCount\":386,\"commentCount\":0,\"publisher\":{\"@id\":\"https:\/\/swimchannel.net\/br\/#organization\"},\"image\":{\"@id\":\"https:\/\/swimchannel.net\/br\/daniel-dias-e-o-novo-integrante-da-academia-laureus\/#primaryimage\"},\"thumbnailUrl\":\"https:\/\/swimchannel.net\/br\/wp-content\/uploads\/2021\/05\/gettyimages-522278932.jpg\",\"keywords\":[\"Academia Laureus\",\"Daniel Dias\",\"natacao\",\"nata\u00e7\u00e3o paral\u00edmpica\"],\"articleSection\":[\"Nata\u00e7\u00e3o Paral\u00edmpica\"],\"inLanguage\":\"pt-BR\",\"potentialAction\":[{\"@type\":\"CommentAction\",\"name\":\"Comment\",\"target\":[\"https:\/\/swimchannel.net\/br\/daniel-dias-e-o-novo-integrante-da-academia-laureus\/#respond\"]}]},{\"@type\":\"WebPage\",\"@id\":\"https:\/\/swimchannel.net\/br\/daniel-dias-e-o-novo-integrante-da-academia-laureus\/\",\"url\":\"https:\/\/swimchannel.net\/br\/daniel-dias-e-o-novo-integrante-da-academia-laureus\/\",\"name\":\"Daniel Dias \u00e9 o novo integrante da Academia Laureus - Swimchannel\",\"isPartOf\":{\"@id\":\"https:\/\/swimchannel.net\/br\/#website\"},\"primaryImageOfPage\":{\"@id\":\"https:\/\/swimchannel.net\/br\/daniel-dias-e-o-novo-integrante-da-academia-laureus\/#primaryimage\"},\"image\":{\"@id\":\"https:\/\/swimchannel.net\/br\/daniel-dias-e-o-novo-integrante-da-academia-laureus\/#primaryimage\"},\"thumbnailUrl\":\"https:\/\/swimchannel.net\/br\/wp-content\/uploads\/2021\/05\/gettyimages-522278932.jpg\",\"datePublished\":\"2021-05-06T18:00:39+00:00\",\"dateModified\":\"2021-05-06T19:50:33+00:00\",\"breadcrumb\":{\"@id\":\"https:\/\/swimchannel.net\/br\/daniel-dias-e-o-novo-integrante-da-academia-laureus\/#breadcrumb\"},\"inLanguage\":\"pt-BR\",\"potentialAction\":[{\"@type\":\"ReadAction\",\"target\":[\"https:\/\/swimchannel.net\/br\/daniel-dias-e-o-novo-integrante-da-academia-laureus\/\"]}]},{\"@type\":\"ImageObject\",\"inLanguage\":\"pt-BR\",\"@id\":\"https:\/\/swimchannel.net\/br\/daniel-dias-e-o-novo-integrante-da-academia-laureus\/#primaryimage\",\"url\":\"https:\/\/swimchannel.net\/br\/wp-content\/uploads\/2021\/05\/gettyimages-522278932.jpg\",\"contentUrl\":\"https:\/\/swimchannel.net\/br\/wp-content\/uploads\/2021\/05\/gettyimages-522278932.jpg\",\"width\":1200,\"height\":801,\"caption\":\"Daniel Dias com um dos seus pr\u00eamios Laureus - Foto: Getty Images\"},{\"@type\":\"BreadcrumbList\",\"@id\":\"https:\/\/swimchannel.net\/br\/daniel-dias-e-o-novo-integrante-da-academia-laureus\/#breadcrumb\",\"itemListElement\":[{\"@type\":\"ListItem\",\"position\":1,\"name\":\"Home\",\"item\":\"https:\/\/swimchannel.net\/br\/\"},{\"@type\":\"ListItem\",\"position\":2,\"name\":\"Daniel Dias \u00e9 o novo integrante da Academia Laureus\"}]},{\"@type\":\"WebSite\",\"@id\":\"https:\/\/swimchannel.net\/br\/#website\",\"url\":\"https:\/\/swimchannel.net\/br\/\",\"name\":\"Swimchannel\",\"description\":\"Maior portal de nata\u00e7\u00e3o da america latina\",\"publisher\":{\"@id\":\"https:\/\/swimchannel.net\/br\/#organization\"},\"potentialAction\":[{\"@type\":\"SearchAction\",\"target\":{\"@type\":\"EntryPoint\",\"urlTemplate\":\"https:\/\/swimchannel.net\/br\/?s={search_term_string}\"},\"query-input\":{\"@type\":\"PropertyValueSpecification\",\"valueRequired\":true,\"valueName\":\"search_term_string\"}}],\"inLanguage\":\"pt-BR\"},{\"@type\":\"Organization\",\"@id\":\"https:\/\/swimchannel.net\/br\/#organization\",\"name\":\"Swimchannel - Conectando voc\u00ea a Nata\u00e7\u00e3o\",\"url\":\"https:\/\/swimchannel.net\/br\/\",\"logo\":{\"@type\":\"ImageObject\",\"inLanguage\":\"pt-BR\",\"@id\":\"https:\/\/swimchannel.net\/br\/#\/schema\/logo\/image\/\",\"url\":\"https:\/\/swimchannel.net\/br\/wp-content\/uploads\/2026\/02\/SWIM-CHANNEL.png\",\"contentUrl\":\"https:\/\/swimchannel.net\/br\/wp-content\/uploads\/2026\/02\/SWIM-CHANNEL.png\",\"width\":1120,\"height\":630,\"caption\":\"Swimchannel - Conectando voc\u00ea a Nata\u00e7\u00e3o\"},\"image\":{\"@id\":\"https:\/\/swimchannel.net\/br\/#\/schema\/logo\/image\/\"},\"sameAs\":[\"https:\/\/www.facebook.com\/swimchannel\",\"https:\/\/www.instagram.com\/swimchannel\"]},{\"@type\":\"Person\",\"@id\":\"https:\/\/swimchannel.net\/br\/#\/schema\/person\/73ae9cec62249968bca1f0a8098ef002\",\"name\":\"Katarine Monteiro\",\"image\":{\"@type\":\"ImageObject\",\"inLanguage\":\"pt-BR\",\"@id\":\"https:\/\/swimchannel.net\/br\/#\/schema\/person\/image\/\",\"url\":\"https:\/\/swimchannel.net\/br\/wp-content\/uploads\/2022\/01\/Katarine-Monteiro-100x100.jpg\",\"contentUrl\":\"https:\/\/swimchannel.net\/br\/wp-content\/uploads\/2022\/01\/Katarine-Monteiro-100x100.jpg\",\"caption\":\"Katarine Monteiro\"},\"description\":\"Jornalista SWIM CHANNEL especializada em esportes ol\u00edmpicos e em sa\u00fade. Com cobertura de grandes eventos internacionais, como Jogos Ol\u00edmpicos Rio 2016, Jogos Pan-Americanos em Lima 2019, Qatar Total Open 2020, Qatar ExxonMobil Open 2019 - t\u00eanis em Doha (QT), Semana Internacional de Vela de Ilhabela, Transat Jacques Vabre 2019 (Fran\u00e7a-Brasil), L'\u00c9tape Brasil by Tour de France, j\u00e1 fez in\u00fameras coberturas de nata\u00e7\u00e3o, maratona aqu\u00e1tica e polo aqu\u00e1tico. Formada tamb\u00e9m em Letras, a jornalista atua como assessora de imprensa, rela\u00e7\u00f5es p\u00fablicas e social media, com especializa\u00e7\u00e3o em marketing esportivo. Nadadora amadora de \u00e1guas abertas, j\u00e1 trabalhou com grandes nomes da nata\u00e7\u00e3o e do polo aqu\u00e1tico brasileiro.\",\"sameAs\":[\"https:\/\/www.instagram.com\/_katarinemonteiro\/\",\"https:\/\/www.linkedin.com\/in\/katarine-monteiro-19385297\/\",\"https:\/\/x.com\/https:\/\/twitter.com\/Katarinem\"],\"url\":\"https:\/\/swimchannel.net\/br\/author\/katarine-monteiro\/\"}]}<\/script>\n<!-- \/ Yoast SEO plugin. -->","yoast_head_json":{"title":"Daniel Dias \u00e9 o novo integrante da Academia Laureus - Swimchannel","robots":{"index":"index","follow":"follow","max-snippet":"max-snippet:-1","max-image-preview":"max-image-preview:large","max-video-preview":"max-video-preview:-1"},"canonical":"https:\/\/swimchannel.net\/br\/daniel-dias-e-o-novo-integrante-da-academia-laureus\/","og_locale":"pt_BR","og_type":"article","og_title":"Daniel Dias \u00e9 o novo integrante da Academia Laureus - Swimchannel","og_description":"Multicampe\u00e3o paral\u00edmpico e vencedor de tr\u00eas pr\u00eamios, se junta a nomes que fizeram hist\u00f3ria no esporte","og_url":"https:\/\/swimchannel.net\/br\/daniel-dias-e-o-novo-integrante-da-academia-laureus\/","og_site_name":"Swimchannel","article_publisher":"https:\/\/www.facebook.com\/swimchannel","article_published_time":"2021-05-06T18:00:39+00:00","article_modified_time":"2021-05-06T19:50:33+00:00","og_image":[{"width":1200,"height":801,"url":"https:\/\/swimchannel.net\/br\/wp-content\/uploads\/2021\/05\/gettyimages-522278932.jpg","type":"image\/jpeg"}],"author":"Katarine Monteiro","twitter_card":"summary_large_image","twitter_creator":"@https:\/\/twitter.com\/Katarinem","twitter_misc":{"Escrito por":"Katarine Monteiro","Est. tempo de leitura":"2 minutos"},"schema":{"@context":"https:\/\/schema.org","@graph":[{"@type":"Article","@id":"https:\/\/swimchannel.net\/br\/daniel-dias-e-o-novo-integrante-da-academia-laureus\/#article","isPartOf":{"@id":"https:\/\/swimchannel.net\/br\/daniel-dias-e-o-novo-integrante-da-academia-laureus\/"},"author":{"name":"Katarine Monteiro","@id":"https:\/\/swimchannel.net\/br\/#\/schema\/person\/73ae9cec62249968bca1f0a8098ef002"},"headline":"Daniel Dias \u00e9 o novo integrante da Academia Laureus","datePublished":"2021-05-06T18:00:39+00:00","dateModified":"2021-05-06T19:50:33+00:00","mainEntityOfPage":{"@id":"https:\/\/swimchannel.net\/br\/daniel-dias-e-o-novo-integrante-da-academia-laureus\/"},"wordCount":386,"commentCount":0,"publisher":{"@id":"https:\/\/swimchannel.net\/br\/#organization"},"image":{"@id":"https:\/\/swimchannel.net\/br\/daniel-dias-e-o-novo-integrante-da-academia-laureus\/#primaryimage"},"thumbnailUrl":"https:\/\/swimchannel.net\/br\/wp-content\/uploads\/2021\/05\/gettyimages-522278932.jpg","keywords":["Academia Laureus","Daniel Dias","natacao","nata\u00e7\u00e3o paral\u00edmpica"],"articleSection":["Nata\u00e7\u00e3o Paral\u00edmpica"],"inLanguage":"pt-BR","potentialAction":[{"@type":"CommentAction","name":"Comment","target":["https:\/\/swimchannel.net\/br\/daniel-dias-e-o-novo-integrante-da-academia-laureus\/#respond"]}]},{"@type":"WebPage","@id":"https:\/\/swimchannel.net\/br\/daniel-dias-e-o-novo-integrante-da-academia-laureus\/","url":"https:\/\/swimchannel.net\/br\/daniel-dias-e-o-novo-integrante-da-academia-laureus\/","name":"Daniel Dias \u00e9 o novo integrante da Academia Laureus - Swimchannel","isPartOf":{"@id":"https:\/\/swimchannel.net\/br\/#website"},"primaryImageOfPage":{"@id":"https:\/\/swimchannel.net\/br\/daniel-dias-e-o-novo-integrante-da-academia-laureus\/#primaryimage"},"image":{"@id":"https:\/\/swimchannel.net\/br\/daniel-dias-e-o-novo-integrante-da-academia-laureus\/#primaryimage"},"thumbnailUrl":"https:\/\/swimchannel.net\/br\/wp-content\/uploads\/2021\/05\/gettyimages-522278932.jpg","datePublished":"2021-05-06T18:00:39+00:00","dateModified":"2021-05-06T19:50:33+00:00","breadcrumb":{"@id":"https:\/\/swimchannel.net\/br\/daniel-dias-e-o-novo-integrante-da-academia-laureus\/#breadcrumb"},"inLanguage":"pt-BR","potentialAction":[{"@type":"ReadAction","target":["https:\/\/swimchannel.net\/br\/daniel-dias-e-o-novo-integrante-da-academia-laureus\/"]}]},{"@type":"ImageObject","inLanguage":"pt-BR","@id":"https:\/\/swimchannel.net\/br\/daniel-dias-e-o-novo-integrante-da-academia-laureus\/#primaryimage","url":"https:\/\/swimchannel.net\/br\/wp-content\/uploads\/2021\/05\/gettyimages-522278932.jpg","contentUrl":"https:\/\/swimchannel.net\/br\/wp-content\/uploads\/2021\/05\/gettyimages-522278932.jpg","width":1200,"height":801,"caption":"Daniel Dias com um dos seus pr\u00eamios Laureus - Foto: Getty Images"},{"@type":"BreadcrumbList","@id":"https:\/\/swimchannel.net\/br\/daniel-dias-e-o-novo-integrante-da-academia-laureus\/#breadcrumb","itemListElement":[{"@type":"ListItem","position":1,"name":"Home","item":"https:\/\/swimchannel.net\/br\/"},{"@type":"ListItem","position":2,"name":"Daniel Dias \u00e9 o novo integrante da Academia Laureus"}]},{"@type":"WebSite","@id":"https:\/\/swimchannel.net\/br\/#website","url":"https:\/\/swimchannel.net\/br\/","name":"Swimchannel","description":"Maior portal de nata\u00e7\u00e3o da america latina","publisher":{"@id":"https:\/\/swimchannel.net\/br\/#organization"},"potentialAction":[{"@type":"SearchAction","target":{"@type":"EntryPoint","urlTemplate":"https:\/\/swimchannel.net\/br\/?s={search_term_string}"},"query-input":{"@type":"PropertyValueSpecification","valueRequired":true,"valueName":"search_term_string"}}],"inLanguage":"pt-BR"},{"@type":"Organization","@id":"https:\/\/swimchannel.net\/br\/#organization","name":"Swimchannel - Conectando voc\u00ea a Nata\u00e7\u00e3o","url":"https:\/\/swimchannel.net\/br\/","logo":{"@type":"ImageObject","inLanguage":"pt-BR","@id":"https:\/\/swimchannel.net\/br\/#\/schema\/logo\/image\/","url":"https:\/\/swimchannel.net\/br\/wp-content\/uploads\/2026\/02\/SWIM-CHANNEL.png","contentUrl":"https:\/\/swimchannel.net\/br\/wp-content\/uploads\/2026\/02\/SWIM-CHANNEL.png","width":1120,"height":630,"caption":"Swimchannel - Conectando voc\u00ea a Nata\u00e7\u00e3o"},"image":{"@id":"https:\/\/swimchannel.net\/br\/#\/schema\/logo\/image\/"},"sameAs":["https:\/\/www.facebook.com\/swimchannel","https:\/\/www.instagram.com\/swimchannel"]},{"@type":"Person","@id":"https:\/\/swimchannel.net\/br\/#\/schema\/person\/73ae9cec62249968bca1f0a8098ef002","name":"Katarine Monteiro","image":{"@type":"ImageObject","inLanguage":"pt-BR","@id":"https:\/\/swimchannel.net\/br\/#\/schema\/person\/image\/","url":"https:\/\/swimchannel.net\/br\/wp-content\/uploads\/2022\/01\/Katarine-Monteiro-100x100.jpg","contentUrl":"https:\/\/swimchannel.net\/br\/wp-content\/uploads\/2022\/01\/Katarine-Monteiro-100x100.jpg","caption":"Katarine Monteiro"},"description":"Jornalista SWIM CHANNEL especializada em esportes ol\u00edmpicos e em sa\u00fade. Com cobertura de grandes eventos internacionais, como Jogos Ol\u00edmpicos Rio 2016, Jogos Pan-Americanos em Lima 2019, Qatar Total Open 2020, Qatar ExxonMobil Open 2019 - t\u00eanis em Doha (QT), Semana Internacional de Vela de Ilhabela, Transat Jacques Vabre 2019 (Fran\u00e7a-Brasil), L'\u00c9tape Brasil by Tour de France, j\u00e1 fez in\u00fameras coberturas de nata\u00e7\u00e3o, maratona aqu\u00e1tica e polo aqu\u00e1tico. Formada tamb\u00e9m em Letras, a jornalista atua como assessora de imprensa, rela\u00e7\u00f5es p\u00fablicas e social media, com especializa\u00e7\u00e3o em marketing esportivo. Nadadora amadora de \u00e1guas abertas, j\u00e1 trabalhou com grandes nomes da nata\u00e7\u00e3o e do polo aqu\u00e1tico brasileiro.","sameAs":["https:\/\/www.instagram.com\/_katarinemonteiro\/","https:\/\/www.linkedin.com\/in\/katarine-monteiro-19385297\/","https:\/\/x.com\/https:\/\/twitter.com\/Katarinem"],"url":"https:\/\/swimchannel.net\/br\/author\/katarine-monteiro\/"}]}},"_links":{"self":[{"href":"https:\/\/swimchannel.net\/br\/wp-json\/wp\/v2\/posts\/41656","targetHints":{"allow":["GET"]}}],"collection":[{"href":"https:\/\/swimchannel.net\/br\/wp-json\/wp\/v2\/posts"}],"about":[{"href":"https:\/\/swimchannel.net\/br\/wp-json\/wp\/v2\/types\/post"}],"author":[{"embeddable":true,"href":"https:\/\/swimchannel.net\/br\/wp-json\/wp\/v2\/users\/9"}],"replies":[{"embeddable":true,"href":"https:\/\/swimchannel.net\/br\/wp-json\/wp\/v2\/comments?post=41656"}],"version-history":[{"count":0,"href":"https:\/\/swimchannel.net\/br\/wp-json\/wp\/v2\/posts\/41656\/revisions"}],"wp:featuredmedia":[{"embeddable":true,"href":"https:\/\/swimchannel.net\/br\/wp-json\/wp\/v2\/media\/41680"}],"wp:attachment":[{"href":"https:\/\/swimchannel.net\/br\/wp-json\/wp\/v2\/media?parent=41656"}],"wp:term":[{"taxonomy":"category","embeddable":true,"href":"https:\/\/swimchannel.net\/br\/wp-json\/wp\/v2\/categories?post=41656"},{"taxonomy":"post_tag","embeddable":true,"href":"https:\/\/swimchannel.net\/br\/wp-json\/wp\/v2\/tags?post=41656"}],"curies":[{"name":"wp","href":"https:\/\/api.w.org\/{rel}","templated":true}]}}