{"id":42755,"date":"2021-06-08T12:13:46","date_gmt":"2021-06-08T15:13:46","guid":{"rendered":"https:\/\/swimchannel.net\/br\/?p=42755"},"modified":"2026-03-10T19:55:12","modified_gmt":"2026-03-10T22:55:12","slug":"kyle-chalmers-se-diz-assustado-em-competir-em-meio-a-pandemia","status":"publish","type":"post","link":"https:\/\/swimchannel.net\/br\/kyle-chalmers-se-diz-assustado-em-competir-em-meio-a-pandemia\/","title":{"rendered":"Kyle Chalmers se diz &#8220;assustado&#8221; em competir em meio \u00e0 pandemia"},"content":{"rendered":"<p>O australiano Kyle Chalmers, atual campe\u00e3o ol\u00edmpico dos 100m de nata\u00e7\u00e3o livre, admitiu em uma entrevista para o jornal <a href=\"https:\/\/www.rfi.fr\/es\/deportes\/20210605-una-estrella-de-la-nataci%C3%B3n-australiana-admite-tener-un-poco-de-miedo-de-ir-a-jap%C3%B3n\" target=\"_blank\" rel=\"noopener\">Australian Adelaide Advertiser<\/a> que est\u00e1 &#8220;um pouco assustado&#8221; por ter que viajar ao Jap\u00e3o para os Jogos Ol\u00edmpicos de T\u00f3quio em meio ao crescimento do n\u00famero de casos do coronav\u00edrus no pa\u00eds asi\u00e1tico. &#8220;Obviamente, \u00e9 um pouco assustador. O meu maior receio \u00e9 passar das qualificat\u00f3rias e na semifinal e depois dar positivo no teste de COVID e ser exclu\u00eddo da final e depois disso ter de ficar 14 dias em um quarto.&#8221;, comentou o nadador de 22 anos.<\/p>\n<p>O Jap\u00e3o controlou a pandemia com relativo sucesso em compara\u00e7\u00e3o com muitos outros pa\u00edses, s\u00e3o 13 mil mortes oficiais desde o in\u00edcio de 2020, mas uma quarta onda de infec\u00e7\u00f5es fez com que T\u00f3quio e nove outros departamentos declarassem estado de emerg\u00eancia sanit\u00e1ria at\u00e9 o dia 20 de junho, um m\u00eas antes do in\u00edcio dos Jogos.\u00a0&#8220;Olho os n\u00fameros dos casos de contamina\u00e7\u00e3o de T\u00f3quio e eles come\u00e7am a diminuir, o que \u00e9 bom, mas acho que ser\u00e1 inevit\u00e1vel que a COVID esteja presente dentro e fora da vila ol\u00edmpica e afete o evento de uma forma ou de outra\u201d, acrescentou.<\/p>\n<div id=\"tms-ad-inread-23765955004638672\" class=\"tms-ad\" data-tms-ad-type=\"inread\" data-tms-ad-provider=\"invibes\" data-tms-ad-status=\"loaded\">\n<div id=\"divVideoStepAdBottom\" class=\"divVideoStep\"><\/div>\n<\/div>\n<p>Segundo m\u00faltiplas pesquisas, a maioria da popula\u00e7\u00e3o japonesa \u00e9 contra a realiza\u00e7\u00e3o dos Jogos, temendo um agravamento da situa\u00e7\u00e3o de sa\u00fade, embora com a aproxima\u00e7\u00e3o do megaevento a rejei\u00e7\u00e3o tenha diminu\u00eddo. A organiza\u00e7\u00e3o do evento ol\u00edmpico exclua um novo adiamento do evento que deveria ter sido realizado no ano passado.<\/p>\n<p>Em uma das provas mais esperadas dos Jogos, Chalmers deve disputar o ouro ol\u00edmpico nos 100m livre contra Caeleb Dressel, um duelo bastante aguardado.\u00a0A maioria dos atletas australianos classificados para os Jogos de T\u00f3quio ser\u00e1 vacinada, embora ainda n\u00e3o se saiba se Chalmers j\u00e1 recebeu alguma dose. O nadador j\u00e1 operou tr\u00eas vezes o cora\u00e7\u00e3o entre 2016 e 2019. A seletiva ol\u00edmpica australiana est\u00e1 marcada para come\u00e7ar no pr\u00f3ximo s\u00e1bado em Adelaide.<\/p>\n","protected":false},"excerpt":{"rendered":"<p>Campe\u00e3o ol\u00edmpico dos 100m livre contou sobre o receio de contrair o coronav\u00edrus nos Jogos de T\u00f3quio-2020<\/p>\n","protected":false},"author":9,"featured_media":0,"comment_status":"open","ping_status":"open","sticky":false,"template":"","format":"gallery","meta":{"footnotes":""},"categories":[195],"tags":[2167,183,1194,5,714],"class_list":["post-42755","post","type-post","status-publish","format-gallery","hentry","category-jogos-olimpicos","tag-covid-19","tag-jogos-olimpicos","tag-kyle-chalmers","tag-natacao","tag-toquio-2020","post_format-post-format-gallery"],"yoast_head":"<!-- This site is optimized with the Yoast SEO plugin v27.0 - https:\/\/yoast.com\/product\/yoast-seo-wordpress\/ -->\n<title>Kyle Chalmers se diz &quot;assustado&quot; em competir em meio \u00e0 pandemia - Swimchannel<\/title>\n<meta name=\"robots\" content=\"index, follow, max-snippet:-1, max-image-preview:large, max-video-preview:-1\" \/>\n<link rel=\"canonical\" href=\"https:\/\/swimchannel.net\/br\/kyle-chalmers-se-diz-assustado-em-competir-em-meio-a-pandemia\/\" \/>\n<meta property=\"og:locale\" content=\"pt_BR\" \/>\n<meta property=\"og:type\" content=\"article\" \/>\n<meta property=\"og:title\" content=\"Kyle Chalmers se diz &quot;assustado&quot; em competir em meio \u00e0 pandemia - Swimchannel\" \/>\n<meta property=\"og:description\" content=\"Campe\u00e3o ol\u00edmpico dos 100m livre contou sobre o receio de contrair o coronav\u00edrus nos Jogos de T\u00f3quio-2020\" \/>\n<meta property=\"og:url\" content=\"https:\/\/swimchannel.net\/br\/kyle-chalmers-se-diz-assustado-em-competir-em-meio-a-pandemia\/\" \/>\n<meta property=\"og:site_name\" content=\"Swimchannel\" \/>\n<meta property=\"article:publisher\" content=\"https:\/\/www.facebook.com\/swimchannel\" \/>\n<meta property=\"article:published_time\" content=\"2021-06-08T15:13:46+00:00\" \/>\n<meta property=\"article:modified_time\" content=\"2026-03-10T22:55:12+00:00\" \/>\n<meta name=\"author\" content=\"Katarine Monteiro\" \/>\n<meta name=\"twitter:card\" content=\"summary_large_image\" \/>\n<meta name=\"twitter:creator\" content=\"@https:\/\/twitter.com\/Katarinem\" \/>\n<meta name=\"twitter:label1\" content=\"Escrito por\" \/>\n\t<meta name=\"twitter:data1\" content=\"Katarine Monteiro\" \/>\n\t<meta name=\"twitter:label2\" content=\"Est. tempo de leitura\" \/>\n\t<meta name=\"twitter:data2\" content=\"2 minutos\" \/>\n<script type=\"application\/ld+json\" class=\"yoast-schema-graph\">{\"@context\":\"https:\/\/schema.org\",\"@graph\":[{\"@type\":\"Article\",\"@id\":\"https:\/\/swimchannel.net\/br\/kyle-chalmers-se-diz-assustado-em-competir-em-meio-a-pandemia\/#article\",\"isPartOf\":{\"@id\":\"https:\/\/swimchannel.net\/br\/kyle-chalmers-se-diz-assustado-em-competir-em-meio-a-pandemia\/\"},\"author\":{\"name\":\"Katarine Monteiro\",\"@id\":\"https:\/\/swimchannel.net\/br\/#\/schema\/person\/73ae9cec62249968bca1f0a8098ef002\"},\"headline\":\"Kyle Chalmers se diz &#8220;assustado&#8221; em competir em meio \u00e0 pandemia\",\"datePublished\":\"2021-06-08T15:13:46+00:00\",\"dateModified\":\"2026-03-10T22:55:12+00:00\",\"mainEntityOfPage\":{\"@id\":\"https:\/\/swimchannel.net\/br\/kyle-chalmers-se-diz-assustado-em-competir-em-meio-a-pandemia\/\"},\"wordCount\":369,\"commentCount\":0,\"publisher\":{\"@id\":\"https:\/\/swimchannel.net\/br\/#organization\"},\"keywords\":[\"COVID-19\",\"Jogos Ol\u00edmpicos\",\"Kyle Chalmers\",\"natacao\",\"T\u00f3quio-2020\"],\"articleSection\":[\"Jogos Ol\u00edmpicos\"],\"inLanguage\":\"pt-BR\",\"potentialAction\":[{\"@type\":\"CommentAction\",\"name\":\"Comment\",\"target\":[\"https:\/\/swimchannel.net\/br\/kyle-chalmers-se-diz-assustado-em-competir-em-meio-a-pandemia\/#respond\"]}]},{\"@type\":\"WebPage\",\"@id\":\"https:\/\/swimchannel.net\/br\/kyle-chalmers-se-diz-assustado-em-competir-em-meio-a-pandemia\/\",\"url\":\"https:\/\/swimchannel.net\/br\/kyle-chalmers-se-diz-assustado-em-competir-em-meio-a-pandemia\/\",\"name\":\"Kyle Chalmers se diz \\\"assustado\\\" em competir em meio \u00e0 pandemia - Swimchannel\",\"isPartOf\":{\"@id\":\"https:\/\/swimchannel.net\/br\/#website\"},\"datePublished\":\"2021-06-08T15:13:46+00:00\",\"dateModified\":\"2026-03-10T22:55:12+00:00\",\"breadcrumb\":{\"@id\":\"https:\/\/swimchannel.net\/br\/kyle-chalmers-se-diz-assustado-em-competir-em-meio-a-pandemia\/#breadcrumb\"},\"inLanguage\":\"pt-BR\",\"potentialAction\":[{\"@type\":\"ReadAction\",\"target\":[\"https:\/\/swimchannel.net\/br\/kyle-chalmers-se-diz-assustado-em-competir-em-meio-a-pandemia\/\"]}]},{\"@type\":\"BreadcrumbList\",\"@id\":\"https:\/\/swimchannel.net\/br\/kyle-chalmers-se-diz-assustado-em-competir-em-meio-a-pandemia\/#breadcrumb\",\"itemListElement\":[{\"@type\":\"ListItem\",\"position\":1,\"name\":\"Home\",\"item\":\"https:\/\/swimchannel.net\/br\/\"},{\"@type\":\"ListItem\",\"position\":2,\"name\":\"Kyle Chalmers se diz &#8220;assustado&#8221; em competir em meio \u00e0 pandemia\"}]},{\"@type\":\"WebSite\",\"@id\":\"https:\/\/swimchannel.net\/br\/#website\",\"url\":\"https:\/\/swimchannel.net\/br\/\",\"name\":\"Swimchannel\",\"description\":\"Maior portal de nata\u00e7\u00e3o da america latina\",\"publisher\":{\"@id\":\"https:\/\/swimchannel.net\/br\/#organization\"},\"potentialAction\":[{\"@type\":\"SearchAction\",\"target\":{\"@type\":\"EntryPoint\",\"urlTemplate\":\"https:\/\/swimchannel.net\/br\/?s={search_term_string}\"},\"query-input\":{\"@type\":\"PropertyValueSpecification\",\"valueRequired\":true,\"valueName\":\"search_term_string\"}}],\"inLanguage\":\"pt-BR\"},{\"@type\":\"Organization\",\"@id\":\"https:\/\/swimchannel.net\/br\/#organization\",\"name\":\"Swimchannel - Conectando voc\u00ea a Nata\u00e7\u00e3o\",\"url\":\"https:\/\/swimchannel.net\/br\/\",\"logo\":{\"@type\":\"ImageObject\",\"inLanguage\":\"pt-BR\",\"@id\":\"https:\/\/swimchannel.net\/br\/#\/schema\/logo\/image\/\",\"url\":\"https:\/\/swimchannel.net\/br\/wp-content\/uploads\/2026\/02\/SWIM-CHANNEL.png\",\"contentUrl\":\"https:\/\/swimchannel.net\/br\/wp-content\/uploads\/2026\/02\/SWIM-CHANNEL.png\",\"width\":1120,\"height\":630,\"caption\":\"Swimchannel - Conectando voc\u00ea a Nata\u00e7\u00e3o\"},\"image\":{\"@id\":\"https:\/\/swimchannel.net\/br\/#\/schema\/logo\/image\/\"},\"sameAs\":[\"https:\/\/www.facebook.com\/swimchannel\",\"https:\/\/www.instagram.com\/swimchannel\"]},{\"@type\":\"Person\",\"@id\":\"https:\/\/swimchannel.net\/br\/#\/schema\/person\/73ae9cec62249968bca1f0a8098ef002\",\"name\":\"Katarine Monteiro\",\"image\":{\"@type\":\"ImageObject\",\"inLanguage\":\"pt-BR\",\"@id\":\"https:\/\/swimchannel.net\/br\/#\/schema\/person\/image\/\",\"url\":\"https:\/\/swimchannel.net\/br\/wp-content\/uploads\/2022\/01\/Katarine-Monteiro-100x100.jpg\",\"contentUrl\":\"https:\/\/swimchannel.net\/br\/wp-content\/uploads\/2022\/01\/Katarine-Monteiro-100x100.jpg\",\"caption\":\"Katarine Monteiro\"},\"description\":\"Jornalista SWIM CHANNEL especializada em esportes ol\u00edmpicos e em sa\u00fade. Com cobertura de grandes eventos internacionais, como Jogos Ol\u00edmpicos Rio 2016, Jogos Pan-Americanos em Lima 2019, Qatar Total Open 2020, Qatar ExxonMobil Open 2019 - t\u00eanis em Doha (QT), Semana Internacional de Vela de Ilhabela, Transat Jacques Vabre 2019 (Fran\u00e7a-Brasil), L'\u00c9tape Brasil by Tour de France, j\u00e1 fez in\u00fameras coberturas de nata\u00e7\u00e3o, maratona aqu\u00e1tica e polo aqu\u00e1tico. Formada tamb\u00e9m em Letras, a jornalista atua como assessora de imprensa, rela\u00e7\u00f5es p\u00fablicas e social media, com especializa\u00e7\u00e3o em marketing esportivo. Nadadora amadora de \u00e1guas abertas, j\u00e1 trabalhou com grandes nomes da nata\u00e7\u00e3o e do polo aqu\u00e1tico brasileiro.\",\"sameAs\":[\"https:\/\/www.instagram.com\/_katarinemonteiro\/\",\"https:\/\/www.linkedin.com\/in\/katarine-monteiro-19385297\/\",\"https:\/\/x.com\/https:\/\/twitter.com\/Katarinem\"],\"url\":\"https:\/\/swimchannel.net\/br\/author\/katarine-monteiro\/\"}]}<\/script>\n<!-- \/ Yoast SEO plugin. -->","yoast_head_json":{"title":"Kyle Chalmers se diz \"assustado\" em competir em meio \u00e0 pandemia - Swimchannel","robots":{"index":"index","follow":"follow","max-snippet":"max-snippet:-1","max-image-preview":"max-image-preview:large","max-video-preview":"max-video-preview:-1"},"canonical":"https:\/\/swimchannel.net\/br\/kyle-chalmers-se-diz-assustado-em-competir-em-meio-a-pandemia\/","og_locale":"pt_BR","og_type":"article","og_title":"Kyle Chalmers se diz \"assustado\" em competir em meio \u00e0 pandemia - Swimchannel","og_description":"Campe\u00e3o ol\u00edmpico dos 100m livre contou sobre o receio de contrair o coronav\u00edrus nos Jogos de T\u00f3quio-2020","og_url":"https:\/\/swimchannel.net\/br\/kyle-chalmers-se-diz-assustado-em-competir-em-meio-a-pandemia\/","og_site_name":"Swimchannel","article_publisher":"https:\/\/www.facebook.com\/swimchannel","article_published_time":"2021-06-08T15:13:46+00:00","article_modified_time":"2026-03-10T22:55:12+00:00","author":"Katarine Monteiro","twitter_card":"summary_large_image","twitter_creator":"@https:\/\/twitter.com\/Katarinem","twitter_misc":{"Escrito por":"Katarine Monteiro","Est. tempo de leitura":"2 minutos"},"schema":{"@context":"https:\/\/schema.org","@graph":[{"@type":"Article","@id":"https:\/\/swimchannel.net\/br\/kyle-chalmers-se-diz-assustado-em-competir-em-meio-a-pandemia\/#article","isPartOf":{"@id":"https:\/\/swimchannel.net\/br\/kyle-chalmers-se-diz-assustado-em-competir-em-meio-a-pandemia\/"},"author":{"name":"Katarine Monteiro","@id":"https:\/\/swimchannel.net\/br\/#\/schema\/person\/73ae9cec62249968bca1f0a8098ef002"},"headline":"Kyle Chalmers se diz &#8220;assustado&#8221; em competir em meio \u00e0 pandemia","datePublished":"2021-06-08T15:13:46+00:00","dateModified":"2026-03-10T22:55:12+00:00","mainEntityOfPage":{"@id":"https:\/\/swimchannel.net\/br\/kyle-chalmers-se-diz-assustado-em-competir-em-meio-a-pandemia\/"},"wordCount":369,"commentCount":0,"publisher":{"@id":"https:\/\/swimchannel.net\/br\/#organization"},"keywords":["COVID-19","Jogos Ol\u00edmpicos","Kyle Chalmers","natacao","T\u00f3quio-2020"],"articleSection":["Jogos Ol\u00edmpicos"],"inLanguage":"pt-BR","potentialAction":[{"@type":"CommentAction","name":"Comment","target":["https:\/\/swimchannel.net\/br\/kyle-chalmers-se-diz-assustado-em-competir-em-meio-a-pandemia\/#respond"]}]},{"@type":"WebPage","@id":"https:\/\/swimchannel.net\/br\/kyle-chalmers-se-diz-assustado-em-competir-em-meio-a-pandemia\/","url":"https:\/\/swimchannel.net\/br\/kyle-chalmers-se-diz-assustado-em-competir-em-meio-a-pandemia\/","name":"Kyle Chalmers se diz \"assustado\" em competir em meio \u00e0 pandemia - Swimchannel","isPartOf":{"@id":"https:\/\/swimchannel.net\/br\/#website"},"datePublished":"2021-06-08T15:13:46+00:00","dateModified":"2026-03-10T22:55:12+00:00","breadcrumb":{"@id":"https:\/\/swimchannel.net\/br\/kyle-chalmers-se-diz-assustado-em-competir-em-meio-a-pandemia\/#breadcrumb"},"inLanguage":"pt-BR","potentialAction":[{"@type":"ReadAction","target":["https:\/\/swimchannel.net\/br\/kyle-chalmers-se-diz-assustado-em-competir-em-meio-a-pandemia\/"]}]},{"@type":"BreadcrumbList","@id":"https:\/\/swimchannel.net\/br\/kyle-chalmers-se-diz-assustado-em-competir-em-meio-a-pandemia\/#breadcrumb","itemListElement":[{"@type":"ListItem","position":1,"name":"Home","item":"https:\/\/swimchannel.net\/br\/"},{"@type":"ListItem","position":2,"name":"Kyle Chalmers se diz &#8220;assustado&#8221; em competir em meio \u00e0 pandemia"}]},{"@type":"WebSite","@id":"https:\/\/swimchannel.net\/br\/#website","url":"https:\/\/swimchannel.net\/br\/","name":"Swimchannel","description":"Maior portal de nata\u00e7\u00e3o da america latina","publisher":{"@id":"https:\/\/swimchannel.net\/br\/#organization"},"potentialAction":[{"@type":"SearchAction","target":{"@type":"EntryPoint","urlTemplate":"https:\/\/swimchannel.net\/br\/?s={search_term_string}"},"query-input":{"@type":"PropertyValueSpecification","valueRequired":true,"valueName":"search_term_string"}}],"inLanguage":"pt-BR"},{"@type":"Organization","@id":"https:\/\/swimchannel.net\/br\/#organization","name":"Swimchannel - Conectando voc\u00ea a Nata\u00e7\u00e3o","url":"https:\/\/swimchannel.net\/br\/","logo":{"@type":"ImageObject","inLanguage":"pt-BR","@id":"https:\/\/swimchannel.net\/br\/#\/schema\/logo\/image\/","url":"https:\/\/swimchannel.net\/br\/wp-content\/uploads\/2026\/02\/SWIM-CHANNEL.png","contentUrl":"https:\/\/swimchannel.net\/br\/wp-content\/uploads\/2026\/02\/SWIM-CHANNEL.png","width":1120,"height":630,"caption":"Swimchannel - Conectando voc\u00ea a Nata\u00e7\u00e3o"},"image":{"@id":"https:\/\/swimchannel.net\/br\/#\/schema\/logo\/image\/"},"sameAs":["https:\/\/www.facebook.com\/swimchannel","https:\/\/www.instagram.com\/swimchannel"]},{"@type":"Person","@id":"https:\/\/swimchannel.net\/br\/#\/schema\/person\/73ae9cec62249968bca1f0a8098ef002","name":"Katarine Monteiro","image":{"@type":"ImageObject","inLanguage":"pt-BR","@id":"https:\/\/swimchannel.net\/br\/#\/schema\/person\/image\/","url":"https:\/\/swimchannel.net\/br\/wp-content\/uploads\/2022\/01\/Katarine-Monteiro-100x100.jpg","contentUrl":"https:\/\/swimchannel.net\/br\/wp-content\/uploads\/2022\/01\/Katarine-Monteiro-100x100.jpg","caption":"Katarine Monteiro"},"description":"Jornalista SWIM CHANNEL especializada em esportes ol\u00edmpicos e em sa\u00fade. Com cobertura de grandes eventos internacionais, como Jogos Ol\u00edmpicos Rio 2016, Jogos Pan-Americanos em Lima 2019, Qatar Total Open 2020, Qatar ExxonMobil Open 2019 - t\u00eanis em Doha (QT), Semana Internacional de Vela de Ilhabela, Transat Jacques Vabre 2019 (Fran\u00e7a-Brasil), L'\u00c9tape Brasil by Tour de France, j\u00e1 fez in\u00fameras coberturas de nata\u00e7\u00e3o, maratona aqu\u00e1tica e polo aqu\u00e1tico. Formada tamb\u00e9m em Letras, a jornalista atua como assessora de imprensa, rela\u00e7\u00f5es p\u00fablicas e social media, com especializa\u00e7\u00e3o em marketing esportivo. Nadadora amadora de \u00e1guas abertas, j\u00e1 trabalhou com grandes nomes da nata\u00e7\u00e3o e do polo aqu\u00e1tico brasileiro.","sameAs":["https:\/\/www.instagram.com\/_katarinemonteiro\/","https:\/\/www.linkedin.com\/in\/katarine-monteiro-19385297\/","https:\/\/x.com\/https:\/\/twitter.com\/Katarinem"],"url":"https:\/\/swimchannel.net\/br\/author\/katarine-monteiro\/"}]}},"_links":{"self":[{"href":"https:\/\/swimchannel.net\/br\/wp-json\/wp\/v2\/posts\/42755","targetHints":{"allow":["GET"]}}],"collection":[{"href":"https:\/\/swimchannel.net\/br\/wp-json\/wp\/v2\/posts"}],"about":[{"href":"https:\/\/swimchannel.net\/br\/wp-json\/wp\/v2\/types\/post"}],"author":[{"embeddable":true,"href":"https:\/\/swimchannel.net\/br\/wp-json\/wp\/v2\/users\/9"}],"replies":[{"embeddable":true,"href":"https:\/\/swimchannel.net\/br\/wp-json\/wp\/v2\/comments?post=42755"}],"version-history":[{"count":2,"href":"https:\/\/swimchannel.net\/br\/wp-json\/wp\/v2\/posts\/42755\/revisions"}],"predecessor-version":[{"id":80133,"href":"https:\/\/swimchannel.net\/br\/wp-json\/wp\/v2\/posts\/42755\/revisions\/80133"}],"wp:attachment":[{"href":"https:\/\/swimchannel.net\/br\/wp-json\/wp\/v2\/media?parent=42755"}],"wp:term":[{"taxonomy":"category","embeddable":true,"href":"https:\/\/swimchannel.net\/br\/wp-json\/wp\/v2\/categories?post=42755"},{"taxonomy":"post_tag","embeddable":true,"href":"https:\/\/swimchannel.net\/br\/wp-json\/wp\/v2\/tags?post=42755"}],"curies":[{"name":"wp","href":"https:\/\/api.w.org\/{rel}","templated":true}]}}