{"id":43998,"date":"2021-07-20T10:11:52","date_gmt":"2021-07-20T13:11:52","guid":{"rendered":"https:\/\/swimchannel.net\/br\/?p=43998"},"modified":"2021-07-21T13:44:13","modified_gmt":"2021-07-21T16:44:13","slug":"confira-o-programa-horario-da-natacao-brasileira-em-toquio","status":"publish","type":"post","link":"https:\/\/swimchannel.net\/br\/confira-o-programa-horario-da-natacao-brasileira-em-toquio\/","title":{"rendered":"Confira o programa e hor\u00e1rio da nata\u00e7\u00e3o brasileira em T\u00f3quio"},"content":{"rendered":"<p>Vai come\u00e7ar! Para isso, organize a sua rotina para assistir a nata\u00e7\u00e3o brasileira em T\u00f3quio. Aqui, apresentamos o programa dia a dia, hor\u00e1rio de Bras\u00edlia, da participa\u00e7\u00e3o brasileira nas eliminat\u00f3rias da nata\u00e7\u00e3o dos Jogos Ol\u00edmpicos. Lembrando que o balizamento s\u00f3 ser\u00e1 divulgado ap\u00f3s a reuni\u00e3o do Congresso T\u00e9cnico que acontece nesta quinta-feira as 16 horas hor\u00e1rio local de T\u00f3quio.<\/p>\n<p>&nbsp;<\/p>\n<figure id=\"attachment_40946\" aria-describedby=\"caption-attachment-40946\" style=\"width: 2362px\" class=\"wp-caption alignnone\"><img loading=\"lazy\" decoding=\"async\" class=\"size-full wp-image-40946\" src=\"https:\/\/swimchannel.net\/br\/wp-content\/uploads\/2021\/04\/71Q7006.jpg\" alt=\"\" width=\"2362\" height=\"1575\" srcset=\"https:\/\/swimchannel.net\/br\/wp-content\/uploads\/2021\/04\/71Q7006.jpg 2362w, https:\/\/swimchannel.net\/br\/wp-content\/uploads\/2021\/04\/71Q7006-1012x675.jpg 1012w, https:\/\/swimchannel.net\/br\/wp-content\/uploads\/2021\/04\/71Q7006-1200x800.jpg 1200w, https:\/\/swimchannel.net\/br\/wp-content\/uploads\/2021\/04\/71Q7006-270x180.jpg 270w, https:\/\/swimchannel.net\/br\/wp-content\/uploads\/2021\/04\/71Q7006-768x512.jpg 768w, https:\/\/swimchannel.net\/br\/wp-content\/uploads\/2021\/04\/71Q7006-1536x1024.jpg 1536w, https:\/\/swimchannel.net\/br\/wp-content\/uploads\/2021\/04\/71Q7006-2048x1366.jpg 2048w, https:\/\/swimchannel.net\/br\/wp-content\/uploads\/2021\/04\/71Q7006-600x400.jpg 600w, https:\/\/swimchannel.net\/br\/wp-content\/uploads\/2021\/04\/71Q7006-750x500.jpg 750w, https:\/\/swimchannel.net\/br\/wp-content\/uploads\/2021\/04\/71Q7006-1140x760.jpg 1140w\" sizes=\"auto, (max-width: 2362px) 100vw, 2362px\" \/><figcaption id=\"caption-attachment-40946\" class=\"wp-caption-text\">Guilherme Costa &#8211; Foto: Satiro Sodr\u00e9\/SSPress\/CBDA<\/figcaption><\/figure>\n<p><strong>S\u00e1bado, 24 de julho, eliminat\u00f3rias 07:00 da manh\u00e3 <\/strong><br \/>\n07:48 &#8211; 400 metros nado livre masculino &#8211; 7 s\u00e9ries &#8211; Guilherme Costa<br \/>\n08:55 &#8211; 100 metros peito masculino &#8211; 6 s\u00e9ries &#8211; Felipe Lima e Caio Pumputis<br \/>\n09:15 &#8211; Revezamento 4&#215;100 metros nado livre feminino &#8211; 2 s\u00e9ries &#8211; Brasil Larissa Oliveira, Ana Vieira, Etiene Medeiros e Stephanie Balduccini<\/p>\n<p>&nbsp;<\/p>\n<figure id=\"attachment_16536\" aria-describedby=\"caption-attachment-16536\" style=\"width: 1800px\" class=\"wp-caption alignnone\"><img loading=\"lazy\" decoding=\"async\" class=\"size-full wp-image-16536\" src=\"https:\/\/swimchannel.net\/br\/wp-content\/uploads\/2019\/04\/71Q6731.jpg\" alt=\"\" width=\"1800\" height=\"1200\" srcset=\"https:\/\/swimchannel.net\/br\/wp-content\/uploads\/2019\/04\/71Q6731.jpg 1800w, https:\/\/swimchannel.net\/br\/wp-content\/uploads\/2019\/04\/71Q6731-600x400.jpg 600w\" sizes=\"auto, (max-width: 1800px) 100vw, 1800px\" \/><figcaption id=\"caption-attachment-16536\" class=\"wp-caption-text\">Revezamento 4x100m livre do Pinheiros &#8211; Foto: Satiro Sodr\u00e9\/SSPress\/CBDA<\/figcaption><\/figure>\n<p><strong>Domingo, 25 de julho, eliminat\u00f3rias 07:00 da manh\u00e3 <\/strong><br \/>\n07:22 &#8211; 200 metros nado livre masculino &#8211; 6 s\u00e9ries &#8211; Fernando Scheffer e Murilo Sartori<br \/>\n08:19 &#8211; 100 metros costas masculino &#8211; 5 s\u00e9ries &#8211; Guilherme Basseto e Guilherme Guido<br \/>\n09:10 &#8211; Revezamento 4&#215;100 metros nado livre masculino &#8211; 3 s\u00e9ries &#8211; Brasil Pedro Spajari, Gabriel Santos, Breno Correia e Marcelo Chierighini<\/p>\n<p>&nbsp;<\/p>\n<figure id=\"attachment_41032\" aria-describedby=\"caption-attachment-41032\" style=\"width: 2362px\" class=\"wp-caption alignnone\"><img loading=\"lazy\" decoding=\"async\" class=\"size-full wp-image-41032\" src=\"https:\/\/swimchannel.net\/br\/wp-content\/uploads\/2021\/04\/71Q1257.jpg\" alt=\"\" width=\"2362\" height=\"1575\" srcset=\"https:\/\/swimchannel.net\/br\/wp-content\/uploads\/2021\/04\/71Q1257.jpg 2362w, https:\/\/swimchannel.net\/br\/wp-content\/uploads\/2021\/04\/71Q1257-1012x675.jpg 1012w, https:\/\/swimchannel.net\/br\/wp-content\/uploads\/2021\/04\/71Q1257-1200x800.jpg 1200w, https:\/\/swimchannel.net\/br\/wp-content\/uploads\/2021\/04\/71Q1257-270x180.jpg 270w, https:\/\/swimchannel.net\/br\/wp-content\/uploads\/2021\/04\/71Q1257-768x512.jpg 768w, https:\/\/swimchannel.net\/br\/wp-content\/uploads\/2021\/04\/71Q1257-1536x1024.jpg 1536w, https:\/\/swimchannel.net\/br\/wp-content\/uploads\/2021\/04\/71Q1257-2048x1366.jpg 2048w, https:\/\/swimchannel.net\/br\/wp-content\/uploads\/2021\/04\/71Q1257-600x400.jpg 600w, https:\/\/swimchannel.net\/br\/wp-content\/uploads\/2021\/04\/71Q1257-750x500.jpg 750w, https:\/\/swimchannel.net\/br\/wp-content\/uploads\/2021\/04\/71Q1257-1140x760.jpg 1140w\" sizes=\"auto, (max-width: 2362px) 100vw, 2362px\" \/><figcaption id=\"caption-attachment-41032\" class=\"wp-caption-text\">Leonardo de Deus &#8211; Foto: Satiro Sodr\u00e9\/SSPress\/CBDA<\/figcaption><\/figure>\n<p><strong>Segunda, 26 de julho, eliminat\u00f3rias 07:00 da manh\u00e3 <\/strong><br \/>\n07:29 &#8211; 200 metros borboleta masculino &#8211; 4 s\u00e9ries Leonardo de Deus<br \/>\n08:26 &#8211; 1500 metros nado livre feminino &#8211; 4 s\u00e9ries Viviane Jungblut e Beatriz Dizotti<\/p>\n<p>&nbsp;<\/p>\n<figure id=\"attachment_41383\" aria-describedby=\"caption-attachment-41383\" style=\"width: 2362px\" class=\"wp-caption alignnone\"><img loading=\"lazy\" decoding=\"async\" class=\"size-full wp-image-41383\" src=\"https:\/\/swimchannel.net\/br\/wp-content\/uploads\/2021\/04\/71Q1697.jpg\" alt=\"\" width=\"2362\" height=\"1575\" srcset=\"https:\/\/swimchannel.net\/br\/wp-content\/uploads\/2021\/04\/71Q1697.jpg 2362w, https:\/\/swimchannel.net\/br\/wp-content\/uploads\/2021\/04\/71Q1697-1012x675.jpg 1012w, https:\/\/swimchannel.net\/br\/wp-content\/uploads\/2021\/04\/71Q1697-1200x800.jpg 1200w, https:\/\/swimchannel.net\/br\/wp-content\/uploads\/2021\/04\/71Q1697-270x180.jpg 270w, https:\/\/swimchannel.net\/br\/wp-content\/uploads\/2021\/04\/71Q1697-768x512.jpg 768w, https:\/\/swimchannel.net\/br\/wp-content\/uploads\/2021\/04\/71Q1697-1536x1024.jpg 1536w, https:\/\/swimchannel.net\/br\/wp-content\/uploads\/2021\/04\/71Q1697-2048x1366.jpg 2048w, https:\/\/swimchannel.net\/br\/wp-content\/uploads\/2021\/04\/71Q1697-600x400.jpg 600w, https:\/\/swimchannel.net\/br\/wp-content\/uploads\/2021\/04\/71Q1697-750x500.jpg 750w, https:\/\/swimchannel.net\/br\/wp-content\/uploads\/2021\/04\/71Q1697-1140x760.jpg 1140w\" sizes=\"auto, (max-width: 2362px) 100vw, 2362px\" \/><figcaption id=\"caption-attachment-41383\" class=\"wp-caption-text\">Gabriel Santos &#8211; Foto: Satiro Sodr\u00e9\/SSPress\/CBDA<\/figcaption><\/figure>\n<p><strong>Ter\u00e7a-feira, 27 de julho, eliminat\u00f3rias 07:00 da manh\u00e3 <\/strong><br \/>\n07:02 &#8211; 100 metros nado livre masculino &#8211; 8 s\u00e9ries Pedro Spajari e Gabriel Santos<br \/>\n08:17 &#8211; Revezamento 4&#215;200 metros nado livre masculino &#8211; 2 s\u00e9ries Brasil com Fernando Scheffer, Breno Correia, Murilo Sartori e Luiz Altamir Melo<br \/>\n08:37 &#8211; 800 metros nado livre masculino &#8211; 6 s\u00e9ries Guilherme Costa<\/p>\n<p>&nbsp;<\/p>\n<figure id=\"attachment_41033\" aria-describedby=\"caption-attachment-41033\" style=\"width: 2362px\" class=\"wp-caption alignnone\"><img loading=\"lazy\" decoding=\"async\" class=\"size-full wp-image-41033\" src=\"https:\/\/swimchannel.net\/br\/wp-content\/uploads\/2021\/04\/71Q1661.jpg\" alt=\"\" width=\"2362\" height=\"1575\" srcset=\"https:\/\/swimchannel.net\/br\/wp-content\/uploads\/2021\/04\/71Q1661.jpg 2362w, https:\/\/swimchannel.net\/br\/wp-content\/uploads\/2021\/04\/71Q1661-1012x675.jpg 1012w, https:\/\/swimchannel.net\/br\/wp-content\/uploads\/2021\/04\/71Q1661-1200x800.jpg 1200w, https:\/\/swimchannel.net\/br\/wp-content\/uploads\/2021\/04\/71Q1661-270x180.jpg 270w, https:\/\/swimchannel.net\/br\/wp-content\/uploads\/2021\/04\/71Q1661-768x512.jpg 768w, https:\/\/swimchannel.net\/br\/wp-content\/uploads\/2021\/04\/71Q1661-1536x1024.jpg 1536w, https:\/\/swimchannel.net\/br\/wp-content\/uploads\/2021\/04\/71Q1661-2048x1366.jpg 2048w, https:\/\/swimchannel.net\/br\/wp-content\/uploads\/2021\/04\/71Q1661-600x400.jpg 600w, https:\/\/swimchannel.net\/br\/wp-content\/uploads\/2021\/04\/71Q1661-750x500.jpg 750w, https:\/\/swimchannel.net\/br\/wp-content\/uploads\/2021\/04\/71Q1661-1140x760.jpg 1140w\" sizes=\"auto, (max-width: 2362px) 100vw, 2362px\" \/><figcaption id=\"caption-attachment-41033\" class=\"wp-caption-text\">Larissa Oliveira &#8211; Foto: Satiro Sodr\u00e9\/SSPress\/CBDA<\/figcaption><\/figure>\n<p><strong>Quarta-feira, 28 de julho, eliminat\u00f3rias 07:00 da manh\u00e3 <\/strong><br \/>\n07:02 &#8211; 100 metros nado livre feminino &#8211; 7 s\u00e9ries &#8211; Larissa Oliveira<br \/>\n08:15 &#8211; 200 metros medley masculino &#8211; 4 s\u00e9ries &#8211; Caio Pumputis e Vinicius Lanza<br \/>\n08:34 &#8211; Revezamento 4&#215;200 metros nado livre feminino &#8211; 2 s\u00e9ries Brasil com Aline Rodrigues, Larissa Oliveira, Nathalia Almeida e Gabrielle Roncatto<\/p>\n<p>&nbsp;<\/p>\n<figure id=\"attachment_27786\" aria-describedby=\"caption-attachment-27786\" style=\"width: 1772px\" class=\"wp-caption alignnone\"><img loading=\"lazy\" decoding=\"async\" class=\"size-full wp-image-27786\" src=\"https:\/\/swimchannel.net\/br\/wp-content\/uploads\/2020\/12\/131339403_4261240660557693_7238564209657903579_o.jpg\" alt=\"\" width=\"1772\" height=\"1182\" srcset=\"https:\/\/swimchannel.net\/br\/wp-content\/uploads\/2020\/12\/131339403_4261240660557693_7238564209657903579_o.jpg 1772w, https:\/\/swimchannel.net\/br\/wp-content\/uploads\/2020\/12\/131339403_4261240660557693_7238564209657903579_o-600x400.jpg 600w, https:\/\/swimchannel.net\/br\/wp-content\/uploads\/2020\/12\/131339403_4261240660557693_7238564209657903579_o-1012x675.jpg 1012w, https:\/\/swimchannel.net\/br\/wp-content\/uploads\/2020\/12\/131339403_4261240660557693_7238564209657903579_o-1199x800.jpg 1199w, https:\/\/swimchannel.net\/br\/wp-content\/uploads\/2020\/12\/131339403_4261240660557693_7238564209657903579_o-270x180.jpg 270w, https:\/\/swimchannel.net\/br\/wp-content\/uploads\/2020\/12\/131339403_4261240660557693_7238564209657903579_o-768x512.jpg 768w, https:\/\/swimchannel.net\/br\/wp-content\/uploads\/2020\/12\/131339403_4261240660557693_7238564209657903579_o-1536x1025.jpg 1536w\" sizes=\"auto, (max-width: 1772px) 100vw, 1772px\" \/><figcaption id=\"caption-attachment-27786\" class=\"wp-caption-text\">Viviane Jungblut &#8211; Foto: Satiro Sodr\u00e9\/SSPress\/CBDA<\/figcaption><\/figure>\n<p><strong>Quinta-feira, 29 de julho, eliminat\u00f3rias 07:00 da manh\u00e3 <\/strong><br \/>\n07:02 &#8211; 800 metros nado livre feminino &#8211; 4 s\u00e9ries &#8211; Viviane Jungblut<br \/>\n07:50 &#8211; 100 metros borboleta masculino &#8211; 6 s\u00e9ries &#8211; Vinicius Lanza e Matheus Gonche<br \/>\n08:28 &#8211; Revezamento 4&#215;100 metros medley misto &#8211; 2 s\u00e9ries &#8211; Brasil com Guilherme Basseto, Felipe Lima, Giovanna Diamante e Larissa Oliveira (costas e peito masculino poder\u00e3o ser modificados pelos resultados das provas individuais)<\/p>\n<p>&nbsp;<\/p>\n<figure id=\"attachment_27702\" aria-describedby=\"caption-attachment-27702\" style=\"width: 1500px\" class=\"wp-caption alignnone\"><img loading=\"lazy\" decoding=\"async\" class=\"size-full wp-image-27702\" src=\"https:\/\/swimchannel.net\/br\/wp-content\/uploads\/2020\/12\/fratus.jpg\" alt=\"\" width=\"1500\" height=\"1000\" srcset=\"https:\/\/swimchannel.net\/br\/wp-content\/uploads\/2020\/12\/fratus.jpg 1500w, https:\/\/swimchannel.net\/br\/wp-content\/uploads\/2020\/12\/fratus-600x400.jpg 600w, https:\/\/swimchannel.net\/br\/wp-content\/uploads\/2020\/12\/fratus-1013x675.jpg 1013w, https:\/\/swimchannel.net\/br\/wp-content\/uploads\/2020\/12\/fratus-1200x800.jpg 1200w, https:\/\/swimchannel.net\/br\/wp-content\/uploads\/2020\/12\/fratus-270x180.jpg 270w, https:\/\/swimchannel.net\/br\/wp-content\/uploads\/2020\/12\/fratus-768x512.jpg 768w\" sizes=\"auto, (max-width: 1500px) 100vw, 1500px\" \/><figcaption id=\"caption-attachment-27702\" class=\"wp-caption-text\">Bruno Fratus &#8211; Foto: Stefan Wermuth\/Reuters<\/figcaption><\/figure>\n<p><strong>Sexta-feira, 30 de julho, eliminat\u00f3rias 07:00 da manh\u00e3 <\/strong><br \/>\n07:02 &#8211; 50 metros nado livre masculino &#8211; 11 s\u00e9ries &#8211; Bruno Fratus<br \/>\n07:24 &#8211; 50 metros nado livre feminino &#8211; 12 s\u00e9ries &#8211; Etiene Medeiros<br \/>\n07:48 &#8211; 1500 metros nado livre masculino &#8211; 6 s\u00e9ries &#8211; Guilherme Costa<br \/>\n09:50 &#8211; Revezamento 4&#215;100 metros medley masculino &#8211; 3 s\u00e9ries &#8211; Brasil com equipe a ser definida pelas provas individuais, pela inscri\u00e7\u00e3o Guilherme Basseto, Felipe Lima, Matheus Gonche, Pedro Spajari<\/p>\n","protected":false},"excerpt":{"rendered":"<p>Vai come\u00e7ar! Para isso, organize a sua rotina para assistir a nata\u00e7\u00e3o brasileira em T\u00f3quio. Aqui, apresentamos o programa dia a dia, hor\u00e1rio de Bras\u00edlia, da participa\u00e7\u00e3o brasileira nas eliminat\u00f3rias da nata\u00e7\u00e3o dos Jogos Ol\u00edmpicos. Lembrando que o balizamento s\u00f3 ser\u00e1 divulgado ap\u00f3s a reuni\u00e3o do Congresso T\u00e9cnico que acontece nesta quinta-feira as 16 horas [&hellip;]<\/p>\n","protected":false},"author":12,"featured_media":28248,"comment_status":"open","ping_status":"open","sticky":false,"template":"","format":"gallery","meta":{"footnotes":""},"categories":[195],"tags":[122,183,5,714],"class_list":["post-43998","post","type-post","status-publish","format-gallery","has-post-thumbnail","hentry","category-jogos-olimpicos","tag-brasil","tag-jogos-olimpicos","tag-natacao","tag-toquio-2020","post_format-post-format-gallery"],"yoast_head":"<!-- This site is optimized with the Yoast SEO plugin v27.0 - https:\/\/yoast.com\/product\/yoast-seo-wordpress\/ -->\n<title>Confira o programa e hor\u00e1rio da nata\u00e7\u00e3o brasileira em T\u00f3quio - Swimchannel<\/title>\n<meta name=\"robots\" content=\"index, follow, max-snippet:-1, max-image-preview:large, max-video-preview:-1\" \/>\n<link rel=\"canonical\" href=\"https:\/\/swimchannel.net\/br\/confira-o-programa-horario-da-natacao-brasileira-em-toquio\/\" \/>\n<meta property=\"og:locale\" content=\"pt_BR\" \/>\n<meta property=\"og:type\" content=\"article\" \/>\n<meta property=\"og:title\" content=\"Confira o programa e hor\u00e1rio da nata\u00e7\u00e3o brasileira em T\u00f3quio - Swimchannel\" \/>\n<meta property=\"og:description\" content=\"Vai come\u00e7ar! Para isso, organize a sua rotina para assistir a nata\u00e7\u00e3o brasileira em T\u00f3quio. Aqui, apresentamos o programa dia a dia, hor\u00e1rio de Bras\u00edlia, da participa\u00e7\u00e3o brasileira nas eliminat\u00f3rias da nata\u00e7\u00e3o dos Jogos Ol\u00edmpicos. Lembrando que o balizamento s\u00f3 ser\u00e1 divulgado ap\u00f3s a reuni\u00e3o do Congresso T\u00e9cnico que acontece nesta quinta-feira as 16 horas [&hellip;]\" \/>\n<meta property=\"og:url\" content=\"https:\/\/swimchannel.net\/br\/confira-o-programa-horario-da-natacao-brasileira-em-toquio\/\" \/>\n<meta property=\"og:site_name\" content=\"Swimchannel\" \/>\n<meta property=\"article:publisher\" content=\"https:\/\/www.facebook.com\/swimchannel\" \/>\n<meta property=\"article:published_time\" content=\"2021-07-20T13:11:52+00:00\" \/>\n<meta property=\"article:modified_time\" content=\"2021-07-21T16:44:13+00:00\" \/>\n<meta property=\"og:image\" content=\"https:\/\/swimchannel.net\/br\/wp-content\/uploads\/2021\/01\/toquio20.jpg\" \/>\n\t<meta property=\"og:image:width\" content=\"1024\" \/>\n\t<meta property=\"og:image:height\" content=\"576\" \/>\n\t<meta property=\"og:image:type\" content=\"image\/jpeg\" \/>\n<meta name=\"author\" content=\"Alex Pussieldi\" \/>\n<meta name=\"twitter:card\" content=\"summary_large_image\" \/>\n<meta name=\"twitter:label1\" content=\"Escrito por\" \/>\n\t<meta name=\"twitter:data1\" content=\"Alex Pussieldi\" \/>\n\t<meta name=\"twitter:label2\" content=\"Est. tempo de leitura\" \/>\n\t<meta name=\"twitter:data2\" content=\"3 minutos\" \/>\n<script type=\"application\/ld+json\" class=\"yoast-schema-graph\">{\"@context\":\"https:\/\/schema.org\",\"@graph\":[{\"@type\":\"Article\",\"@id\":\"https:\/\/swimchannel.net\/br\/confira-o-programa-horario-da-natacao-brasileira-em-toquio\/#article\",\"isPartOf\":{\"@id\":\"https:\/\/swimchannel.net\/br\/confira-o-programa-horario-da-natacao-brasileira-em-toquio\/\"},\"author\":{\"name\":\"Alex Pussieldi\",\"@id\":\"https:\/\/swimchannel.net\/br\/#\/schema\/person\/cf549cb99cf75592fcf7c76213385e63\"},\"headline\":\"Confira o programa e hor\u00e1rio da nata\u00e7\u00e3o brasileira em T\u00f3quio\",\"datePublished\":\"2021-07-20T13:11:52+00:00\",\"dateModified\":\"2021-07-21T16:44:13+00:00\",\"mainEntityOfPage\":{\"@id\":\"https:\/\/swimchannel.net\/br\/confira-o-programa-horario-da-natacao-brasileira-em-toquio\/\"},\"wordCount\":579,\"commentCount\":0,\"publisher\":{\"@id\":\"https:\/\/swimchannel.net\/br\/#organization\"},\"image\":{\"@id\":\"https:\/\/swimchannel.net\/br\/confira-o-programa-horario-da-natacao-brasileira-em-toquio\/#primaryimage\"},\"thumbnailUrl\":\"https:\/\/swimchannel.net\/br\/wp-content\/uploads\/2021\/01\/toquio20.jpg\",\"keywords\":[\"Brasil\",\"Jogos Ol\u00edmpicos\",\"natacao\",\"T\u00f3quio-2020\"],\"articleSection\":[\"Jogos Ol\u00edmpicos\"],\"inLanguage\":\"pt-BR\",\"potentialAction\":[{\"@type\":\"CommentAction\",\"name\":\"Comment\",\"target\":[\"https:\/\/swimchannel.net\/br\/confira-o-programa-horario-da-natacao-brasileira-em-toquio\/#respond\"]}]},{\"@type\":\"WebPage\",\"@id\":\"https:\/\/swimchannel.net\/br\/confira-o-programa-horario-da-natacao-brasileira-em-toquio\/\",\"url\":\"https:\/\/swimchannel.net\/br\/confira-o-programa-horario-da-natacao-brasileira-em-toquio\/\",\"name\":\"Confira o programa e hor\u00e1rio da nata\u00e7\u00e3o brasileira em T\u00f3quio - Swimchannel\",\"isPartOf\":{\"@id\":\"https:\/\/swimchannel.net\/br\/#website\"},\"primaryImageOfPage\":{\"@id\":\"https:\/\/swimchannel.net\/br\/confira-o-programa-horario-da-natacao-brasileira-em-toquio\/#primaryimage\"},\"image\":{\"@id\":\"https:\/\/swimchannel.net\/br\/confira-o-programa-horario-da-natacao-brasileira-em-toquio\/#primaryimage\"},\"thumbnailUrl\":\"https:\/\/swimchannel.net\/br\/wp-content\/uploads\/2021\/01\/toquio20.jpg\",\"datePublished\":\"2021-07-20T13:11:52+00:00\",\"dateModified\":\"2021-07-21T16:44:13+00:00\",\"breadcrumb\":{\"@id\":\"https:\/\/swimchannel.net\/br\/confira-o-programa-horario-da-natacao-brasileira-em-toquio\/#breadcrumb\"},\"inLanguage\":\"pt-BR\",\"potentialAction\":[{\"@type\":\"ReadAction\",\"target\":[\"https:\/\/swimchannel.net\/br\/confira-o-programa-horario-da-natacao-brasileira-em-toquio\/\"]}]},{\"@type\":\"ImageObject\",\"inLanguage\":\"pt-BR\",\"@id\":\"https:\/\/swimchannel.net\/br\/confira-o-programa-horario-da-natacao-brasileira-em-toquio\/#primaryimage\",\"url\":\"https:\/\/swimchannel.net\/br\/wp-content\/uploads\/2021\/01\/toquio20.jpg\",\"contentUrl\":\"https:\/\/swimchannel.net\/br\/wp-content\/uploads\/2021\/01\/toquio20.jpg\",\"width\":1024,\"height\":576,\"caption\":\"Tokyo Aquatics Centre - Foto: Reprodu\u00e7\u00e3o\"},{\"@type\":\"BreadcrumbList\",\"@id\":\"https:\/\/swimchannel.net\/br\/confira-o-programa-horario-da-natacao-brasileira-em-toquio\/#breadcrumb\",\"itemListElement\":[{\"@type\":\"ListItem\",\"position\":1,\"name\":\"Home\",\"item\":\"https:\/\/swimchannel.net\/br\/\"},{\"@type\":\"ListItem\",\"position\":2,\"name\":\"Confira o programa e hor\u00e1rio da nata\u00e7\u00e3o brasileira em T\u00f3quio\"}]},{\"@type\":\"WebSite\",\"@id\":\"https:\/\/swimchannel.net\/br\/#website\",\"url\":\"https:\/\/swimchannel.net\/br\/\",\"name\":\"Swimchannel\",\"description\":\"Maior portal de nata\u00e7\u00e3o da america latina\",\"publisher\":{\"@id\":\"https:\/\/swimchannel.net\/br\/#organization\"},\"potentialAction\":[{\"@type\":\"SearchAction\",\"target\":{\"@type\":\"EntryPoint\",\"urlTemplate\":\"https:\/\/swimchannel.net\/br\/?s={search_term_string}\"},\"query-input\":{\"@type\":\"PropertyValueSpecification\",\"valueRequired\":true,\"valueName\":\"search_term_string\"}}],\"inLanguage\":\"pt-BR\"},{\"@type\":\"Organization\",\"@id\":\"https:\/\/swimchannel.net\/br\/#organization\",\"name\":\"Swimchannel - Conectando voc\u00ea a Nata\u00e7\u00e3o\",\"url\":\"https:\/\/swimchannel.net\/br\/\",\"logo\":{\"@type\":\"ImageObject\",\"inLanguage\":\"pt-BR\",\"@id\":\"https:\/\/swimchannel.net\/br\/#\/schema\/logo\/image\/\",\"url\":\"https:\/\/swimchannel.net\/br\/wp-content\/uploads\/2026\/02\/SWIM-CHANNEL.png\",\"contentUrl\":\"https:\/\/swimchannel.net\/br\/wp-content\/uploads\/2026\/02\/SWIM-CHANNEL.png\",\"width\":1120,\"height\":630,\"caption\":\"Swimchannel - Conectando voc\u00ea a Nata\u00e7\u00e3o\"},\"image\":{\"@id\":\"https:\/\/swimchannel.net\/br\/#\/schema\/logo\/image\/\"},\"sameAs\":[\"https:\/\/www.facebook.com\/swimchannel\",\"https:\/\/www.instagram.com\/swimchannel\"]},{\"@type\":\"Person\",\"@id\":\"https:\/\/swimchannel.net\/br\/#\/schema\/person\/cf549cb99cf75592fcf7c76213385e63\",\"name\":\"Alex Pussieldi\",\"image\":{\"@type\":\"ImageObject\",\"inLanguage\":\"pt-BR\",\"@id\":\"https:\/\/swimchannel.net\/br\/#\/schema\/person\/image\/\",\"url\":\"https:\/\/swimchannel.net\/br\/wp-content\/uploads\/2021\/02\/9b1c252d-a4bd-4eda-b399-24565cac4114-100x100.jpg\",\"contentUrl\":\"https:\/\/swimchannel.net\/br\/wp-content\/uploads\/2021\/02\/9b1c252d-a4bd-4eda-b399-24565cac4114-100x100.jpg\",\"caption\":\"Alex Pussieldi\"},\"description\":\"Alexandre Pussieldi, apelidado de \u201ccoach\u201d, Foi t\u00e9cnico da sele\u00e7\u00e3o verde e amarela nas Olimp\u00edadas de Pequim-2008 e Londres-2012. O treinador ainda comandou outros quatro pa\u00edses: Kuwait, Paraguai, Aruba e Antilhas Holandesas, al\u00e9m da sele\u00e7\u00e3o americana de \u00e1guas abertas. Pussieldi tem passagens como comentarista de nata\u00e7\u00e3o do Grupo Globo e Swim Channel.\",\"url\":\"https:\/\/swimchannel.net\/br\/author\/alexpussieldi\/\"}]}<\/script>\n<!-- \/ Yoast SEO plugin. -->","yoast_head_json":{"title":"Confira o programa e hor\u00e1rio da nata\u00e7\u00e3o brasileira em T\u00f3quio - Swimchannel","robots":{"index":"index","follow":"follow","max-snippet":"max-snippet:-1","max-image-preview":"max-image-preview:large","max-video-preview":"max-video-preview:-1"},"canonical":"https:\/\/swimchannel.net\/br\/confira-o-programa-horario-da-natacao-brasileira-em-toquio\/","og_locale":"pt_BR","og_type":"article","og_title":"Confira o programa e hor\u00e1rio da nata\u00e7\u00e3o brasileira em T\u00f3quio - Swimchannel","og_description":"Vai come\u00e7ar! Para isso, organize a sua rotina para assistir a nata\u00e7\u00e3o brasileira em T\u00f3quio. Aqui, apresentamos o programa dia a dia, hor\u00e1rio de Bras\u00edlia, da participa\u00e7\u00e3o brasileira nas eliminat\u00f3rias da nata\u00e7\u00e3o dos Jogos Ol\u00edmpicos. Lembrando que o balizamento s\u00f3 ser\u00e1 divulgado ap\u00f3s a reuni\u00e3o do Congresso T\u00e9cnico que acontece nesta quinta-feira as 16 horas [&hellip;]","og_url":"https:\/\/swimchannel.net\/br\/confira-o-programa-horario-da-natacao-brasileira-em-toquio\/","og_site_name":"Swimchannel","article_publisher":"https:\/\/www.facebook.com\/swimchannel","article_published_time":"2021-07-20T13:11:52+00:00","article_modified_time":"2021-07-21T16:44:13+00:00","og_image":[{"width":1024,"height":576,"url":"https:\/\/swimchannel.net\/br\/wp-content\/uploads\/2021\/01\/toquio20.jpg","type":"image\/jpeg"}],"author":"Alex Pussieldi","twitter_card":"summary_large_image","twitter_misc":{"Escrito por":"Alex Pussieldi","Est. tempo de leitura":"3 minutos"},"schema":{"@context":"https:\/\/schema.org","@graph":[{"@type":"Article","@id":"https:\/\/swimchannel.net\/br\/confira-o-programa-horario-da-natacao-brasileira-em-toquio\/#article","isPartOf":{"@id":"https:\/\/swimchannel.net\/br\/confira-o-programa-horario-da-natacao-brasileira-em-toquio\/"},"author":{"name":"Alex Pussieldi","@id":"https:\/\/swimchannel.net\/br\/#\/schema\/person\/cf549cb99cf75592fcf7c76213385e63"},"headline":"Confira o programa e hor\u00e1rio da nata\u00e7\u00e3o brasileira em T\u00f3quio","datePublished":"2021-07-20T13:11:52+00:00","dateModified":"2021-07-21T16:44:13+00:00","mainEntityOfPage":{"@id":"https:\/\/swimchannel.net\/br\/confira-o-programa-horario-da-natacao-brasileira-em-toquio\/"},"wordCount":579,"commentCount":0,"publisher":{"@id":"https:\/\/swimchannel.net\/br\/#organization"},"image":{"@id":"https:\/\/swimchannel.net\/br\/confira-o-programa-horario-da-natacao-brasileira-em-toquio\/#primaryimage"},"thumbnailUrl":"https:\/\/swimchannel.net\/br\/wp-content\/uploads\/2021\/01\/toquio20.jpg","keywords":["Brasil","Jogos Ol\u00edmpicos","natacao","T\u00f3quio-2020"],"articleSection":["Jogos Ol\u00edmpicos"],"inLanguage":"pt-BR","potentialAction":[{"@type":"CommentAction","name":"Comment","target":["https:\/\/swimchannel.net\/br\/confira-o-programa-horario-da-natacao-brasileira-em-toquio\/#respond"]}]},{"@type":"WebPage","@id":"https:\/\/swimchannel.net\/br\/confira-o-programa-horario-da-natacao-brasileira-em-toquio\/","url":"https:\/\/swimchannel.net\/br\/confira-o-programa-horario-da-natacao-brasileira-em-toquio\/","name":"Confira o programa e hor\u00e1rio da nata\u00e7\u00e3o brasileira em T\u00f3quio - Swimchannel","isPartOf":{"@id":"https:\/\/swimchannel.net\/br\/#website"},"primaryImageOfPage":{"@id":"https:\/\/swimchannel.net\/br\/confira-o-programa-horario-da-natacao-brasileira-em-toquio\/#primaryimage"},"image":{"@id":"https:\/\/swimchannel.net\/br\/confira-o-programa-horario-da-natacao-brasileira-em-toquio\/#primaryimage"},"thumbnailUrl":"https:\/\/swimchannel.net\/br\/wp-content\/uploads\/2021\/01\/toquio20.jpg","datePublished":"2021-07-20T13:11:52+00:00","dateModified":"2021-07-21T16:44:13+00:00","breadcrumb":{"@id":"https:\/\/swimchannel.net\/br\/confira-o-programa-horario-da-natacao-brasileira-em-toquio\/#breadcrumb"},"inLanguage":"pt-BR","potentialAction":[{"@type":"ReadAction","target":["https:\/\/swimchannel.net\/br\/confira-o-programa-horario-da-natacao-brasileira-em-toquio\/"]}]},{"@type":"ImageObject","inLanguage":"pt-BR","@id":"https:\/\/swimchannel.net\/br\/confira-o-programa-horario-da-natacao-brasileira-em-toquio\/#primaryimage","url":"https:\/\/swimchannel.net\/br\/wp-content\/uploads\/2021\/01\/toquio20.jpg","contentUrl":"https:\/\/swimchannel.net\/br\/wp-content\/uploads\/2021\/01\/toquio20.jpg","width":1024,"height":576,"caption":"Tokyo Aquatics Centre - Foto: Reprodu\u00e7\u00e3o"},{"@type":"BreadcrumbList","@id":"https:\/\/swimchannel.net\/br\/confira-o-programa-horario-da-natacao-brasileira-em-toquio\/#breadcrumb","itemListElement":[{"@type":"ListItem","position":1,"name":"Home","item":"https:\/\/swimchannel.net\/br\/"},{"@type":"ListItem","position":2,"name":"Confira o programa e hor\u00e1rio da nata\u00e7\u00e3o brasileira em T\u00f3quio"}]},{"@type":"WebSite","@id":"https:\/\/swimchannel.net\/br\/#website","url":"https:\/\/swimchannel.net\/br\/","name":"Swimchannel","description":"Maior portal de nata\u00e7\u00e3o da america latina","publisher":{"@id":"https:\/\/swimchannel.net\/br\/#organization"},"potentialAction":[{"@type":"SearchAction","target":{"@type":"EntryPoint","urlTemplate":"https:\/\/swimchannel.net\/br\/?s={search_term_string}"},"query-input":{"@type":"PropertyValueSpecification","valueRequired":true,"valueName":"search_term_string"}}],"inLanguage":"pt-BR"},{"@type":"Organization","@id":"https:\/\/swimchannel.net\/br\/#organization","name":"Swimchannel - Conectando voc\u00ea a Nata\u00e7\u00e3o","url":"https:\/\/swimchannel.net\/br\/","logo":{"@type":"ImageObject","inLanguage":"pt-BR","@id":"https:\/\/swimchannel.net\/br\/#\/schema\/logo\/image\/","url":"https:\/\/swimchannel.net\/br\/wp-content\/uploads\/2026\/02\/SWIM-CHANNEL.png","contentUrl":"https:\/\/swimchannel.net\/br\/wp-content\/uploads\/2026\/02\/SWIM-CHANNEL.png","width":1120,"height":630,"caption":"Swimchannel - Conectando voc\u00ea a Nata\u00e7\u00e3o"},"image":{"@id":"https:\/\/swimchannel.net\/br\/#\/schema\/logo\/image\/"},"sameAs":["https:\/\/www.facebook.com\/swimchannel","https:\/\/www.instagram.com\/swimchannel"]},{"@type":"Person","@id":"https:\/\/swimchannel.net\/br\/#\/schema\/person\/cf549cb99cf75592fcf7c76213385e63","name":"Alex Pussieldi","image":{"@type":"ImageObject","inLanguage":"pt-BR","@id":"https:\/\/swimchannel.net\/br\/#\/schema\/person\/image\/","url":"https:\/\/swimchannel.net\/br\/wp-content\/uploads\/2021\/02\/9b1c252d-a4bd-4eda-b399-24565cac4114-100x100.jpg","contentUrl":"https:\/\/swimchannel.net\/br\/wp-content\/uploads\/2021\/02\/9b1c252d-a4bd-4eda-b399-24565cac4114-100x100.jpg","caption":"Alex Pussieldi"},"description":"Alexandre Pussieldi, apelidado de \u201ccoach\u201d, Foi t\u00e9cnico da sele\u00e7\u00e3o verde e amarela nas Olimp\u00edadas de Pequim-2008 e Londres-2012. O treinador ainda comandou outros quatro pa\u00edses: Kuwait, Paraguai, Aruba e Antilhas Holandesas, al\u00e9m da sele\u00e7\u00e3o americana de \u00e1guas abertas. Pussieldi tem passagens como comentarista de nata\u00e7\u00e3o do Grupo Globo e Swim Channel.","url":"https:\/\/swimchannel.net\/br\/author\/alexpussieldi\/"}]}},"_links":{"self":[{"href":"https:\/\/swimchannel.net\/br\/wp-json\/wp\/v2\/posts\/43998","targetHints":{"allow":["GET"]}}],"collection":[{"href":"https:\/\/swimchannel.net\/br\/wp-json\/wp\/v2\/posts"}],"about":[{"href":"https:\/\/swimchannel.net\/br\/wp-json\/wp\/v2\/types\/post"}],"author":[{"embeddable":true,"href":"https:\/\/swimchannel.net\/br\/wp-json\/wp\/v2\/users\/12"}],"replies":[{"embeddable":true,"href":"https:\/\/swimchannel.net\/br\/wp-json\/wp\/v2\/comments?post=43998"}],"version-history":[{"count":0,"href":"https:\/\/swimchannel.net\/br\/wp-json\/wp\/v2\/posts\/43998\/revisions"}],"wp:featuredmedia":[{"embeddable":true,"href":"https:\/\/swimchannel.net\/br\/wp-json\/wp\/v2\/media\/28248"}],"wp:attachment":[{"href":"https:\/\/swimchannel.net\/br\/wp-json\/wp\/v2\/media?parent=43998"}],"wp:term":[{"taxonomy":"category","embeddable":true,"href":"https:\/\/swimchannel.net\/br\/wp-json\/wp\/v2\/categories?post=43998"},{"taxonomy":"post_tag","embeddable":true,"href":"https:\/\/swimchannel.net\/br\/wp-json\/wp\/v2\/tags?post=43998"}],"curies":[{"name":"wp","href":"https:\/\/api.w.org\/{rel}","templated":true}]}}