{"id":44002,"date":"2021-07-20T10:22:11","date_gmt":"2021-07-20T13:22:11","guid":{"rendered":"https:\/\/swimchannel.net\/br\/?p=44002"},"modified":"2026-03-11T12:47:47","modified_gmt":"2026-03-11T15:47:47","slug":"quem-sao-os-aquaticos-que-serao-porta-bandeiras-em-toquio","status":"publish","type":"post","link":"https:\/\/swimchannel.net\/br\/quem-sao-os-aquaticos-que-serao-porta-bandeiras-em-toquio\/","title":{"rendered":"Quem s\u00e3o os aqu\u00e1ticos que ser\u00e3o porta-bandeiras em T\u00f3quio"},"content":{"rendered":"<p>Cerim\u00f4nia de abertura dos Jogos Ol\u00edmpicos de T\u00f3quio nesta sexta-feira dia 23 de julho j\u00e1 tem v\u00e1rios pa\u00edses com seus porta-bandeira anunciados. Esta ser\u00e1 a primeira Olimp\u00edada onde cada pa\u00eds ter\u00e1 dois porta-bandeiras, um de cada sexo. Aqui, a <strong>SWIM CHANNEL<\/strong> traz para voc\u00ea a lista dos aqu\u00e1ticos que j\u00e1 s\u00e3o conhecidos:<\/p>\n<p><strong>ARUBA<\/strong><br \/>\nFoi o primeiro pa\u00eds a anunciar uma dupla de nadadores como porta-bandeira, Mikel Schreuders e Ally Ponson, os mesmos nadadores que representaram o pa\u00eds nos Jogos Ol\u00edmpicos do Rio 2016.<\/p>\n<p><strong>AUSTR\u00c1LIA<\/strong><br \/>\nCate Campbell ser\u00e1 a primeira nadadora da hist\u00f3ria da Austr\u00e1lia a ser porta-bandeira do pa\u00eds no desfile de abertura dos Jogos. Ela dever\u00e1 ser poupada das eliminat\u00f3rias do revezamento 4x100m livre feminino que acontecem no outro dia pela tarde.<\/p>\n<p><strong>BOL\u00cdVIA<\/strong><br \/>\nKaren Torrez que j\u00e1 foi porta-bandeira em Londres 2012, vai para a sua terceira Olimp\u00edada e voltar\u00e1 ao cargo na cerim\u00f4nia de abertura desta vez junto com Gabriel Castillo que faz sua estreia em Jogos Ol\u00edmpicos, uma dupla de nadadores.<\/p>\n<p><strong>COREIA DO SUL <\/strong><br \/>\nA jovem promessa da nata\u00e7\u00e3o sul-coreana, recordista mundial j\u00fanior dos 200m livre, Hwang Sun-Woo de 18 anos ser\u00e1 o porta-bandeira masculino do pa\u00eds.<\/p>\n<p><strong>EL SALVADOR<\/strong><br \/>\nNa sua primeira Olimp\u00edada, Celina Marquez ser\u00e1 a porta-bandeira de seu pa\u00eds.<\/p>\n<p><strong>ESPANHA<\/strong><br \/>\nNa sua quarta Olimp\u00edada, Mireia Belmonte, campe\u00e3 ol\u00edmpica dos 200m borboleta no Rio 2016 ser\u00e1 a primeira nadadora da hist\u00f3ria da Espanha a ser porta-bandeira do pa\u00eds.<\/p>\n<p><strong>HONDURAS<\/strong><br \/>\nJulio Horrego escolhido para ser o porta-bandeira por ter o melhor resultado do pa\u00eds em prova individual. Horrego estrear\u00e1 em Olimp\u00edadas e vai nadar os 200m peito classificado por Universalidade.<\/p>\n<p><strong>HUNGRIA<\/strong><br \/>\nLaszlo Cseh vai para a sua quinta e \u00faltima Olimp\u00edada aos 35 anos de idade. Com seis medalhas individuais conquistadas, se subir ao p\u00f3dio nos 200m livre alcan\u00e7ar\u00e1 algo in\u00e9dito, ser medalhista em cinco Jogos consecutivos.<\/p>\n<p><strong>ILHAS VIRGENS BRIT\u00c2NICAS <\/strong><br \/>\nA representante \u00fanica da nata\u00e7\u00e3o das Ilhas Virgens Brit\u00e2nicas esteve no Rio 2016 e vai carregar a bandeira de seu pa\u00eds pela segunda vez, ela tamb\u00e9m foi porta-bandeira nos Jogos Ol\u00edmpicos da Juventude de Buenos Aires em 2018.<\/p>\n<p><strong>ISRAEL <\/strong><br \/>\nYakov Toumarkin, primeiro nadador da hist\u00f3ria de Israel a participar de tr\u00eas Olimp\u00edadas, desta vez ser\u00e1 o porta-bandeira.<\/p>\n<p><strong>MALTA<\/strong><br \/>\nAndrew Chetcuti ser\u00e1 o porta-bandeira masculino representando a nata\u00e7\u00e3o de Malta, ele vai com a atiradora Eleanor Bezzina no desfile de abertura.<\/p>\n<p><strong>M\u00c9XICO<\/strong><br \/>\nO saltador Rommel Pacheco vai para a sua quarta Olimp\u00edada, tr\u00eas vezes medalhista em Campeonato Mundial e tr\u00eas vezes campe\u00e3o panamericano.<\/p>\n<p><strong>OMAN <\/strong><br \/>\nConsiderado o melhor nadador de Om\u00e3 da hist\u00f3ria, Issa Al-Adawi, 22 anos de idade, recordista nacional dos 50 aos 1500 metros nado livre de seu pa\u00eds ser\u00e1 o porta-bandeira no desfile.<\/p>\n<p><strong>ROM\u00caNIA<\/strong><br \/>\nRobert Glinta ser\u00e1 o primeiro nadador porta-bandeira do pa\u00eds na hist\u00f3ria dos Jogos Ol\u00edmpicos.<\/p>\n","protected":false},"excerpt":{"rendered":"<p>At\u00e9 o momento s\u00e3o 14 atletas de modalidades aqu\u00e1ticas confirmados para a cerim\u00f4nia de abertura<\/p>\n","protected":false},"author":12,"featured_media":0,"comment_status":"open","ping_status":"open","sticky":false,"template":"","format":"gallery","meta":{"footnotes":""},"categories":[195],"tags":[183,5,4291,714],"class_list":["post-44002","post","type-post","status-publish","format-gallery","hentry","category-jogos-olimpicos","tag-jogos-olimpicos","tag-natacao","tag-porta-bandeira","tag-toquio-2020","post_format-post-format-gallery"],"yoast_head":"<!-- This site is optimized with the Yoast SEO plugin v27.0 - https:\/\/yoast.com\/product\/yoast-seo-wordpress\/ -->\n<title>Quem s\u00e3o os aqu\u00e1ticos que ser\u00e3o porta-bandeiras em T\u00f3quio - Swimchannel<\/title>\n<meta name=\"robots\" content=\"index, follow, max-snippet:-1, max-image-preview:large, max-video-preview:-1\" \/>\n<link rel=\"canonical\" href=\"https:\/\/swimchannel.net\/br\/quem-sao-os-aquaticos-que-serao-porta-bandeiras-em-toquio\/\" \/>\n<meta property=\"og:locale\" content=\"pt_BR\" \/>\n<meta property=\"og:type\" content=\"article\" \/>\n<meta property=\"og:title\" content=\"Quem s\u00e3o os aqu\u00e1ticos que ser\u00e3o porta-bandeiras em T\u00f3quio - Swimchannel\" \/>\n<meta property=\"og:description\" content=\"At\u00e9 o momento s\u00e3o 14 atletas de modalidades aqu\u00e1ticas confirmados para a cerim\u00f4nia de abertura\" \/>\n<meta property=\"og:url\" content=\"https:\/\/swimchannel.net\/br\/quem-sao-os-aquaticos-que-serao-porta-bandeiras-em-toquio\/\" \/>\n<meta property=\"og:site_name\" content=\"Swimchannel\" \/>\n<meta property=\"article:publisher\" content=\"https:\/\/www.facebook.com\/swimchannel\" \/>\n<meta property=\"article:published_time\" content=\"2021-07-20T13:22:11+00:00\" \/>\n<meta property=\"article:modified_time\" content=\"2026-03-11T15:47:47+00:00\" \/>\n<meta name=\"author\" content=\"Alex Pussieldi\" \/>\n<meta name=\"twitter:card\" content=\"summary_large_image\" \/>\n<meta name=\"twitter:label1\" content=\"Escrito por\" \/>\n\t<meta name=\"twitter:data1\" content=\"Alex Pussieldi\" \/>\n\t<meta name=\"twitter:label2\" content=\"Est. tempo de leitura\" \/>\n\t<meta name=\"twitter:data2\" content=\"3 minutos\" \/>\n<script type=\"application\/ld+json\" class=\"yoast-schema-graph\">{\"@context\":\"https:\/\/schema.org\",\"@graph\":[{\"@type\":\"Article\",\"@id\":\"https:\/\/swimchannel.net\/br\/quem-sao-os-aquaticos-que-serao-porta-bandeiras-em-toquio\/#article\",\"isPartOf\":{\"@id\":\"https:\/\/swimchannel.net\/br\/quem-sao-os-aquaticos-que-serao-porta-bandeiras-em-toquio\/\"},\"author\":{\"name\":\"Alex Pussieldi\",\"@id\":\"https:\/\/swimchannel.net\/br\/#\/schema\/person\/cf549cb99cf75592fcf7c76213385e63\"},\"headline\":\"Quem s\u00e3o os aqu\u00e1ticos que ser\u00e3o porta-bandeiras em T\u00f3quio\",\"datePublished\":\"2021-07-20T13:22:11+00:00\",\"dateModified\":\"2026-03-11T15:47:47+00:00\",\"mainEntityOfPage\":{\"@id\":\"https:\/\/swimchannel.net\/br\/quem-sao-os-aquaticos-que-serao-porta-bandeiras-em-toquio\/\"},\"wordCount\":512,\"commentCount\":0,\"publisher\":{\"@id\":\"https:\/\/swimchannel.net\/br\/#organization\"},\"keywords\":[\"Jogos Ol\u00edmpicos\",\"natacao\",\"porta-bandeira\",\"T\u00f3quio-2020\"],\"articleSection\":[\"Jogos Ol\u00edmpicos\"],\"inLanguage\":\"pt-BR\",\"potentialAction\":[{\"@type\":\"CommentAction\",\"name\":\"Comment\",\"target\":[\"https:\/\/swimchannel.net\/br\/quem-sao-os-aquaticos-que-serao-porta-bandeiras-em-toquio\/#respond\"]}]},{\"@type\":\"WebPage\",\"@id\":\"https:\/\/swimchannel.net\/br\/quem-sao-os-aquaticos-que-serao-porta-bandeiras-em-toquio\/\",\"url\":\"https:\/\/swimchannel.net\/br\/quem-sao-os-aquaticos-que-serao-porta-bandeiras-em-toquio\/\",\"name\":\"Quem s\u00e3o os aqu\u00e1ticos que ser\u00e3o porta-bandeiras em T\u00f3quio - Swimchannel\",\"isPartOf\":{\"@id\":\"https:\/\/swimchannel.net\/br\/#website\"},\"datePublished\":\"2021-07-20T13:22:11+00:00\",\"dateModified\":\"2026-03-11T15:47:47+00:00\",\"breadcrumb\":{\"@id\":\"https:\/\/swimchannel.net\/br\/quem-sao-os-aquaticos-que-serao-porta-bandeiras-em-toquio\/#breadcrumb\"},\"inLanguage\":\"pt-BR\",\"potentialAction\":[{\"@type\":\"ReadAction\",\"target\":[\"https:\/\/swimchannel.net\/br\/quem-sao-os-aquaticos-que-serao-porta-bandeiras-em-toquio\/\"]}]},{\"@type\":\"BreadcrumbList\",\"@id\":\"https:\/\/swimchannel.net\/br\/quem-sao-os-aquaticos-que-serao-porta-bandeiras-em-toquio\/#breadcrumb\",\"itemListElement\":[{\"@type\":\"ListItem\",\"position\":1,\"name\":\"Home\",\"item\":\"https:\/\/swimchannel.net\/br\/\"},{\"@type\":\"ListItem\",\"position\":2,\"name\":\"Quem s\u00e3o os aqu\u00e1ticos que ser\u00e3o porta-bandeiras em T\u00f3quio\"}]},{\"@type\":\"WebSite\",\"@id\":\"https:\/\/swimchannel.net\/br\/#website\",\"url\":\"https:\/\/swimchannel.net\/br\/\",\"name\":\"Swimchannel\",\"description\":\"Maior portal de nata\u00e7\u00e3o da america latina\",\"publisher\":{\"@id\":\"https:\/\/swimchannel.net\/br\/#organization\"},\"potentialAction\":[{\"@type\":\"SearchAction\",\"target\":{\"@type\":\"EntryPoint\",\"urlTemplate\":\"https:\/\/swimchannel.net\/br\/?s={search_term_string}\"},\"query-input\":{\"@type\":\"PropertyValueSpecification\",\"valueRequired\":true,\"valueName\":\"search_term_string\"}}],\"inLanguage\":\"pt-BR\"},{\"@type\":\"Organization\",\"@id\":\"https:\/\/swimchannel.net\/br\/#organization\",\"name\":\"Swimchannel - Conectando voc\u00ea a Nata\u00e7\u00e3o\",\"url\":\"https:\/\/swimchannel.net\/br\/\",\"logo\":{\"@type\":\"ImageObject\",\"inLanguage\":\"pt-BR\",\"@id\":\"https:\/\/swimchannel.net\/br\/#\/schema\/logo\/image\/\",\"url\":\"https:\/\/swimchannel.net\/br\/wp-content\/uploads\/2026\/02\/SWIM-CHANNEL.png\",\"contentUrl\":\"https:\/\/swimchannel.net\/br\/wp-content\/uploads\/2026\/02\/SWIM-CHANNEL.png\",\"width\":1120,\"height\":630,\"caption\":\"Swimchannel - Conectando voc\u00ea a Nata\u00e7\u00e3o\"},\"image\":{\"@id\":\"https:\/\/swimchannel.net\/br\/#\/schema\/logo\/image\/\"},\"sameAs\":[\"https:\/\/www.facebook.com\/swimchannel\",\"https:\/\/www.instagram.com\/swimchannel\"]},{\"@type\":\"Person\",\"@id\":\"https:\/\/swimchannel.net\/br\/#\/schema\/person\/cf549cb99cf75592fcf7c76213385e63\",\"name\":\"Alex Pussieldi\",\"image\":{\"@type\":\"ImageObject\",\"inLanguage\":\"pt-BR\",\"@id\":\"https:\/\/swimchannel.net\/br\/#\/schema\/person\/image\/\",\"url\":\"https:\/\/swimchannel.net\/br\/wp-content\/uploads\/2021\/02\/9b1c252d-a4bd-4eda-b399-24565cac4114-100x100.jpg\",\"contentUrl\":\"https:\/\/swimchannel.net\/br\/wp-content\/uploads\/2021\/02\/9b1c252d-a4bd-4eda-b399-24565cac4114-100x100.jpg\",\"caption\":\"Alex Pussieldi\"},\"description\":\"Alexandre Pussieldi, apelidado de \u201ccoach\u201d, Foi t\u00e9cnico da sele\u00e7\u00e3o verde e amarela nas Olimp\u00edadas de Pequim-2008 e Londres-2012. O treinador ainda comandou outros quatro pa\u00edses: Kuwait, Paraguai, Aruba e Antilhas Holandesas, al\u00e9m da sele\u00e7\u00e3o americana de \u00e1guas abertas. Pussieldi tem passagens como comentarista de nata\u00e7\u00e3o do Grupo Globo e Swim Channel.\",\"url\":\"https:\/\/swimchannel.net\/br\/author\/alexpussieldi\/\"}]}<\/script>\n<!-- \/ Yoast SEO plugin. -->","yoast_head_json":{"title":"Quem s\u00e3o os aqu\u00e1ticos que ser\u00e3o porta-bandeiras em T\u00f3quio - Swimchannel","robots":{"index":"index","follow":"follow","max-snippet":"max-snippet:-1","max-image-preview":"max-image-preview:large","max-video-preview":"max-video-preview:-1"},"canonical":"https:\/\/swimchannel.net\/br\/quem-sao-os-aquaticos-que-serao-porta-bandeiras-em-toquio\/","og_locale":"pt_BR","og_type":"article","og_title":"Quem s\u00e3o os aqu\u00e1ticos que ser\u00e3o porta-bandeiras em T\u00f3quio - Swimchannel","og_description":"At\u00e9 o momento s\u00e3o 14 atletas de modalidades aqu\u00e1ticas confirmados para a cerim\u00f4nia de abertura","og_url":"https:\/\/swimchannel.net\/br\/quem-sao-os-aquaticos-que-serao-porta-bandeiras-em-toquio\/","og_site_name":"Swimchannel","article_publisher":"https:\/\/www.facebook.com\/swimchannel","article_published_time":"2021-07-20T13:22:11+00:00","article_modified_time":"2026-03-11T15:47:47+00:00","author":"Alex Pussieldi","twitter_card":"summary_large_image","twitter_misc":{"Escrito por":"Alex Pussieldi","Est. tempo de leitura":"3 minutos"},"schema":{"@context":"https:\/\/schema.org","@graph":[{"@type":"Article","@id":"https:\/\/swimchannel.net\/br\/quem-sao-os-aquaticos-que-serao-porta-bandeiras-em-toquio\/#article","isPartOf":{"@id":"https:\/\/swimchannel.net\/br\/quem-sao-os-aquaticos-que-serao-porta-bandeiras-em-toquio\/"},"author":{"name":"Alex Pussieldi","@id":"https:\/\/swimchannel.net\/br\/#\/schema\/person\/cf549cb99cf75592fcf7c76213385e63"},"headline":"Quem s\u00e3o os aqu\u00e1ticos que ser\u00e3o porta-bandeiras em T\u00f3quio","datePublished":"2021-07-20T13:22:11+00:00","dateModified":"2026-03-11T15:47:47+00:00","mainEntityOfPage":{"@id":"https:\/\/swimchannel.net\/br\/quem-sao-os-aquaticos-que-serao-porta-bandeiras-em-toquio\/"},"wordCount":512,"commentCount":0,"publisher":{"@id":"https:\/\/swimchannel.net\/br\/#organization"},"keywords":["Jogos Ol\u00edmpicos","natacao","porta-bandeira","T\u00f3quio-2020"],"articleSection":["Jogos Ol\u00edmpicos"],"inLanguage":"pt-BR","potentialAction":[{"@type":"CommentAction","name":"Comment","target":["https:\/\/swimchannel.net\/br\/quem-sao-os-aquaticos-que-serao-porta-bandeiras-em-toquio\/#respond"]}]},{"@type":"WebPage","@id":"https:\/\/swimchannel.net\/br\/quem-sao-os-aquaticos-que-serao-porta-bandeiras-em-toquio\/","url":"https:\/\/swimchannel.net\/br\/quem-sao-os-aquaticos-que-serao-porta-bandeiras-em-toquio\/","name":"Quem s\u00e3o os aqu\u00e1ticos que ser\u00e3o porta-bandeiras em T\u00f3quio - Swimchannel","isPartOf":{"@id":"https:\/\/swimchannel.net\/br\/#website"},"datePublished":"2021-07-20T13:22:11+00:00","dateModified":"2026-03-11T15:47:47+00:00","breadcrumb":{"@id":"https:\/\/swimchannel.net\/br\/quem-sao-os-aquaticos-que-serao-porta-bandeiras-em-toquio\/#breadcrumb"},"inLanguage":"pt-BR","potentialAction":[{"@type":"ReadAction","target":["https:\/\/swimchannel.net\/br\/quem-sao-os-aquaticos-que-serao-porta-bandeiras-em-toquio\/"]}]},{"@type":"BreadcrumbList","@id":"https:\/\/swimchannel.net\/br\/quem-sao-os-aquaticos-que-serao-porta-bandeiras-em-toquio\/#breadcrumb","itemListElement":[{"@type":"ListItem","position":1,"name":"Home","item":"https:\/\/swimchannel.net\/br\/"},{"@type":"ListItem","position":2,"name":"Quem s\u00e3o os aqu\u00e1ticos que ser\u00e3o porta-bandeiras em T\u00f3quio"}]},{"@type":"WebSite","@id":"https:\/\/swimchannel.net\/br\/#website","url":"https:\/\/swimchannel.net\/br\/","name":"Swimchannel","description":"Maior portal de nata\u00e7\u00e3o da america latina","publisher":{"@id":"https:\/\/swimchannel.net\/br\/#organization"},"potentialAction":[{"@type":"SearchAction","target":{"@type":"EntryPoint","urlTemplate":"https:\/\/swimchannel.net\/br\/?s={search_term_string}"},"query-input":{"@type":"PropertyValueSpecification","valueRequired":true,"valueName":"search_term_string"}}],"inLanguage":"pt-BR"},{"@type":"Organization","@id":"https:\/\/swimchannel.net\/br\/#organization","name":"Swimchannel - Conectando voc\u00ea a Nata\u00e7\u00e3o","url":"https:\/\/swimchannel.net\/br\/","logo":{"@type":"ImageObject","inLanguage":"pt-BR","@id":"https:\/\/swimchannel.net\/br\/#\/schema\/logo\/image\/","url":"https:\/\/swimchannel.net\/br\/wp-content\/uploads\/2026\/02\/SWIM-CHANNEL.png","contentUrl":"https:\/\/swimchannel.net\/br\/wp-content\/uploads\/2026\/02\/SWIM-CHANNEL.png","width":1120,"height":630,"caption":"Swimchannel - Conectando voc\u00ea a Nata\u00e7\u00e3o"},"image":{"@id":"https:\/\/swimchannel.net\/br\/#\/schema\/logo\/image\/"},"sameAs":["https:\/\/www.facebook.com\/swimchannel","https:\/\/www.instagram.com\/swimchannel"]},{"@type":"Person","@id":"https:\/\/swimchannel.net\/br\/#\/schema\/person\/cf549cb99cf75592fcf7c76213385e63","name":"Alex Pussieldi","image":{"@type":"ImageObject","inLanguage":"pt-BR","@id":"https:\/\/swimchannel.net\/br\/#\/schema\/person\/image\/","url":"https:\/\/swimchannel.net\/br\/wp-content\/uploads\/2021\/02\/9b1c252d-a4bd-4eda-b399-24565cac4114-100x100.jpg","contentUrl":"https:\/\/swimchannel.net\/br\/wp-content\/uploads\/2021\/02\/9b1c252d-a4bd-4eda-b399-24565cac4114-100x100.jpg","caption":"Alex Pussieldi"},"description":"Alexandre Pussieldi, apelidado de \u201ccoach\u201d, Foi t\u00e9cnico da sele\u00e7\u00e3o verde e amarela nas Olimp\u00edadas de Pequim-2008 e Londres-2012. O treinador ainda comandou outros quatro pa\u00edses: Kuwait, Paraguai, Aruba e Antilhas Holandesas, al\u00e9m da sele\u00e7\u00e3o americana de \u00e1guas abertas. Pussieldi tem passagens como comentarista de nata\u00e7\u00e3o do Grupo Globo e Swim Channel.","url":"https:\/\/swimchannel.net\/br\/author\/alexpussieldi\/"}]}},"_links":{"self":[{"href":"https:\/\/swimchannel.net\/br\/wp-json\/wp\/v2\/posts\/44002","targetHints":{"allow":["GET"]}}],"collection":[{"href":"https:\/\/swimchannel.net\/br\/wp-json\/wp\/v2\/posts"}],"about":[{"href":"https:\/\/swimchannel.net\/br\/wp-json\/wp\/v2\/types\/post"}],"author":[{"embeddable":true,"href":"https:\/\/swimchannel.net\/br\/wp-json\/wp\/v2\/users\/12"}],"replies":[{"embeddable":true,"href":"https:\/\/swimchannel.net\/br\/wp-json\/wp\/v2\/comments?post=44002"}],"version-history":[{"count":1,"href":"https:\/\/swimchannel.net\/br\/wp-json\/wp\/v2\/posts\/44002\/revisions"}],"predecessor-version":[{"id":80214,"href":"https:\/\/swimchannel.net\/br\/wp-json\/wp\/v2\/posts\/44002\/revisions\/80214"}],"wp:attachment":[{"href":"https:\/\/swimchannel.net\/br\/wp-json\/wp\/v2\/media?parent=44002"}],"wp:term":[{"taxonomy":"category","embeddable":true,"href":"https:\/\/swimchannel.net\/br\/wp-json\/wp\/v2\/categories?post=44002"},{"taxonomy":"post_tag","embeddable":true,"href":"https:\/\/swimchannel.net\/br\/wp-json\/wp\/v2\/tags?post=44002"}],"curies":[{"name":"wp","href":"https:\/\/api.w.org\/{rel}","templated":true}]}}