{"id":44005,"date":"2021-07-21T12:33:59","date_gmt":"2021-07-21T15:33:59","guid":{"rendered":"https:\/\/swimchannel.net\/br\/?p=44005"},"modified":"2026-03-11T12:46:59","modified_gmt":"2026-03-11T15:46:59","slug":"natacao-em-familia-confira-as-familias-que-estarao-na-disputa-da-natacao-olimpica-em-toquio","status":"publish","type":"post","link":"https:\/\/swimchannel.net\/br\/natacao-em-familia-confira-as-familias-que-estarao-na-disputa-da-natacao-olimpica-em-toquio\/","title":{"rendered":"Nata\u00e7\u00e3o em fam\u00edlia!"},"content":{"rendered":"<p><strong>Argentina<\/strong><br \/>\nCecilia Biagioli disputa sua quinta Olimp\u00edada e, assim como em 2012, \u00e9 treinada pelo irm\u00e3o Cl\u00e1dio Biagioli, vai nadar os 10 quil\u00f4metros das \u00e1guas abertas. A irm\u00e3 dos dois, Romina Biagioli tamb\u00e9m ser\u00e1 ol\u00edmpica, disputa o triatlo pela Argentina.<\/p>\n<p><strong>Austr\u00e1lia<\/strong><br \/>\nCate Campbell vai para a sua quarta Olimp\u00edada, sua irm\u00e3 Bronte para a terceira, as duas irm\u00e3s australianas s\u00e3o ol\u00edmpicas juntas h\u00e1 tr\u00eas edi\u00e7\u00f5es consecutivas. Recorde na hist\u00f3ria da nata\u00e7\u00e3o australiana.<\/p>\n<p><strong>Brasil<\/strong><br \/>\nBruno Fratus disputa sua terceira Olimp\u00edada, desta vez \u00e9 treinado pela sua esposa Michelle Lenhardt, a primeira treinadora e atleta da nata\u00e7\u00e3o brasileira em mais de 100 anos de nata\u00e7\u00e3o ol\u00edmpica.<\/p>\n<p><strong>Cabo Verde<\/strong><br \/>\nPela primeira vez o pa\u00eds participa dos Jogos Ol\u00edmpicos na nata\u00e7\u00e3o e leva uma dupla de irm\u00e3os no crit\u00e9rio da Universalidade, Troy Pina nada os 50m livre masculino e Jayla Pina participar\u00e1 dos 100m peito feminino.<\/p>\n<figure id=\"attachment_44090\" aria-describedby=\"caption-attachment-44090\" style=\"width: 1200px\" class=\"wp-caption alignnone\"><img loading=\"lazy\" decoding=\"async\" class=\"size-full wp-image-44090\" src=\"https:\/\/swimchannel.net\/br\/wp-content\/uploads\/2021\/07\/michel-e-e-bruno.jpg\" alt=\"\" width=\"1200\" height=\"1498\" srcset=\"https:\/\/swimchannel.net\/br\/wp-content\/uploads\/2021\/07\/michel-e-e-bruno.jpg 1200w, https:\/\/swimchannel.net\/br\/wp-content\/uploads\/2021\/07\/michel-e-e-bruno-541x675.jpg 541w, https:\/\/swimchannel.net\/br\/wp-content\/uploads\/2021\/07\/michel-e-e-bruno-641x800.jpg 641w, https:\/\/swimchannel.net\/br\/wp-content\/uploads\/2021\/07\/michel-e-e-bruno-144x180.jpg 144w, https:\/\/swimchannel.net\/br\/wp-content\/uploads\/2021\/07\/michel-e-e-bruno-768x959.jpg 768w, https:\/\/swimchannel.net\/br\/wp-content\/uploads\/2021\/07\/michel-e-e-bruno-160x200.jpg 160w, https:\/\/swimchannel.net\/br\/wp-content\/uploads\/2021\/07\/michel-e-e-bruno-600x749.jpg 600w, https:\/\/swimchannel.net\/br\/wp-content\/uploads\/2021\/07\/michel-e-e-bruno-750x936.jpg 750w, https:\/\/swimchannel.net\/br\/wp-content\/uploads\/2021\/07\/michel-e-e-bruno-1140x1423.jpg 1140w\" sizes=\"auto, (max-width: 1200px) 100vw, 1200px\" \/><figcaption id=\"caption-attachment-44090\" class=\"wp-caption-text\">Bruno Fratus e Michelle Lenhardt &#8211; Foto: Reprodu\u00e7\u00e3o\/Instagram<\/figcaption><\/figure>\n<p><strong>Equador<\/strong><br \/>\nPela primeira vez na nata\u00e7\u00e3o ol\u00edmpica do Equador, uma filha e um pai ol\u00edmpicos pelo pa\u00eds. Felipe Delgado foi um velocista de destaque do pa\u00eds e esteve nos Jogos de Atlanta-1996 e Sydney-2000, agora volta aos Jogos como treinador e pai de Annicka Delgado atual recordista nacional dos 50m e 100m livre, 50m e 100m borboleta.<\/p>\n<p><strong>Estados Unidos<\/strong><br \/>\nMichael Andrew \u00e9 um dos destaques da equipe americana e seu pai, seu treinador, Peter Andrew, tamb\u00e9m faz parte da delega\u00e7\u00e3o na Olimp\u00edada.<\/p>\n<p><strong>Gr\u00e3-Bretanha <\/strong><br \/>\nDupla de irm\u00e3os na equipe brit\u00e2nica, Max Litchfield que foi ol\u00edmpico em 2016 agora tem o irm\u00e3o Joe Litchfield na equipe.<\/p>\n<p><strong>Jord\u00e2nia<\/strong><br \/>\nPela segunda vez a fam\u00edlia Baqlah vai estar presente. A irm\u00e3 Talita Baqlah vai para a sua terceira Olimp\u00edada enquanto Khader Baqlah vai para sua segunda. Khader \u00e9 atleta da equipe profissional do Gators Swim Club sob o comando do treinador americano Gregg Troy tendo tido uma vitoriosa participa\u00e7\u00e3o na nata\u00e7\u00e3o universit\u00e1ria americana representando a Universidade da Fl\u00f3rida. Ele tamb\u00e9m faz parte da ISL e este ano vai representar o Cali Condors.<\/p>\n<p><strong>Pa\u00edses Baixos<\/strong><br \/>\nEnquanto a velocista Ranomi Kromowidjojo estar\u00e1 na piscina disputando os 50m e 100m livre, as menores provas do programa ol\u00edmpico, o marido Ferry Weertman estar\u00e1 participando da maior prova aqu\u00e1tica, os 10 quil\u00f4metros das \u00e1guas abertas.<\/p>\n<p><strong>Su\u00e9cia<\/strong><br \/>\nDupla de irm\u00e3s na equipe, Louise Hanson classificada para os 100m borboleta e Sophie Hanson nadar\u00e1 os 100m peito. As duas tamb\u00e9m devem estar juntas no bom revezamento 4x100m medley feminino da Su\u00e9cia.<\/p>\n<p><strong>Venezuela<\/strong><br \/>\nAlberto e Alfonso Mestre \u00e9 a dupla de irm\u00e3os que vai representar a nata\u00e7\u00e3o masculina da Venezuela. Ambos conseguiram suas marcas A no &#8220;apagar das luzes&#8221;, quando faltavam poucos dias para o fim do per\u00edodo determinado pela FINA. Primeiro foi Alfonso que fez nos 800m livre na passagem dos 1500m no CCCAN em Porto Rico, no dia seguinte, o irm\u00e3o mais velho Alberto fez a marca dos 50m livre na sua terceira tentativa em tomada de tempo. Detalhe que as marcas que ambos fizeram para se classificar foram novos recordes nacionais da Venezuela. Os dois s\u00e3o filhos de outro atleta ol\u00edmpico da Venezuela, Alberto Mestre integrante da equipe de nata\u00e7\u00e3o de Moscou-1980 e Los Angeles-1984, nesta \u00faltima chegando as finais dos 100m (6\u00ba lugar) e 200m livre (5\u00ba colocado).<\/p>\n","protected":false},"excerpt":{"rendered":"<p>Confira as fam\u00edlias que estar\u00e3o na disputa da nata\u00e7\u00e3o ol\u00edmpica em T\u00f3quio-2020<\/p>\n","protected":false},"author":12,"featured_media":44006,"comment_status":"open","ping_status":"open","sticky":false,"template":"","format":"gallery","meta":{"footnotes":""},"categories":[195],"tags":[14,4296,183,5,714],"class_list":["post-44005","post","type-post","status-publish","format-gallery","has-post-thumbnail","hentry","category-jogos-olimpicos","tag-aguas-abertas","tag-familia","tag-jogos-olimpicos","tag-natacao","tag-toquio-2020","post_format-post-format-gallery"],"yoast_head":"<!-- This site is optimized with the Yoast SEO plugin v27.0 - https:\/\/yoast.com\/product\/yoast-seo-wordpress\/ -->\n<title>Nata\u00e7\u00e3o em fam\u00edlia! - Swimchannel<\/title>\n<meta name=\"robots\" content=\"index, follow, max-snippet:-1, max-image-preview:large, max-video-preview:-1\" \/>\n<link rel=\"canonical\" href=\"https:\/\/swimchannel.net\/br\/natacao-em-familia-confira-as-familias-que-estarao-na-disputa-da-natacao-olimpica-em-toquio\/\" \/>\n<meta property=\"og:locale\" content=\"pt_BR\" \/>\n<meta property=\"og:type\" content=\"article\" \/>\n<meta property=\"og:title\" content=\"Nata\u00e7\u00e3o em fam\u00edlia! - Swimchannel\" \/>\n<meta property=\"og:description\" content=\"Confira as fam\u00edlias que estar\u00e3o na disputa da nata\u00e7\u00e3o ol\u00edmpica em T\u00f3quio-2020\" \/>\n<meta property=\"og:url\" content=\"https:\/\/swimchannel.net\/br\/natacao-em-familia-confira-as-familias-que-estarao-na-disputa-da-natacao-olimpica-em-toquio\/\" \/>\n<meta property=\"og:site_name\" content=\"Swimchannel\" \/>\n<meta property=\"article:publisher\" content=\"https:\/\/www.facebook.com\/swimchannel\" \/>\n<meta property=\"article:published_time\" content=\"2021-07-21T15:33:59+00:00\" \/>\n<meta property=\"article:modified_time\" content=\"2026-03-11T15:46:59+00:00\" \/>\n<meta property=\"og:image\" content=\"https:\/\/swimchannel.net\/br\/wp-content\/uploads\/2021\/07\/Screen-Shot-2020-04-27-at-1.26.06-PM.jpg\" \/>\n\t<meta property=\"og:image:width\" content=\"1798\" \/>\n\t<meta property=\"og:image:height\" content=\"1182\" \/>\n\t<meta property=\"og:image:type\" content=\"image\/jpeg\" \/>\n<meta name=\"author\" content=\"Alex Pussieldi\" \/>\n<meta name=\"twitter:card\" content=\"summary_large_image\" \/>\n<meta name=\"twitter:label1\" content=\"Escrito por\" \/>\n\t<meta name=\"twitter:data1\" content=\"Alex Pussieldi\" \/>\n\t<meta name=\"twitter:label2\" content=\"Est. tempo de leitura\" \/>\n\t<meta name=\"twitter:data2\" content=\"4 minutos\" \/>\n<script type=\"application\/ld+json\" class=\"yoast-schema-graph\">{\"@context\":\"https:\/\/schema.org\",\"@graph\":[{\"@type\":\"Article\",\"@id\":\"https:\/\/swimchannel.net\/br\/natacao-em-familia-confira-as-familias-que-estarao-na-disputa-da-natacao-olimpica-em-toquio\/#article\",\"isPartOf\":{\"@id\":\"https:\/\/swimchannel.net\/br\/natacao-em-familia-confira-as-familias-que-estarao-na-disputa-da-natacao-olimpica-em-toquio\/\"},\"author\":{\"name\":\"Alex Pussieldi\",\"@id\":\"https:\/\/swimchannel.net\/br\/#\/schema\/person\/cf549cb99cf75592fcf7c76213385e63\"},\"headline\":\"Nata\u00e7\u00e3o em fam\u00edlia!\",\"datePublished\":\"2021-07-21T15:33:59+00:00\",\"dateModified\":\"2026-03-11T15:46:59+00:00\",\"mainEntityOfPage\":{\"@id\":\"https:\/\/swimchannel.net\/br\/natacao-em-familia-confira-as-familias-que-estarao-na-disputa-da-natacao-olimpica-em-toquio\/\"},\"wordCount\":592,\"commentCount\":1,\"publisher\":{\"@id\":\"https:\/\/swimchannel.net\/br\/#organization\"},\"image\":{\"@id\":\"https:\/\/swimchannel.net\/br\/natacao-em-familia-confira-as-familias-que-estarao-na-disputa-da-natacao-olimpica-em-toquio\/#primaryimage\"},\"thumbnailUrl\":\"https:\/\/swimchannel.net\/br\/wp-content\/uploads\/2021\/07\/Screen-Shot-2020-04-27-at-1.26.06-PM.jpg\",\"keywords\":[\"\u00c1guas abertas\",\"fam\u00edlia\",\"Jogos Ol\u00edmpicos\",\"natacao\",\"T\u00f3quio-2020\"],\"articleSection\":[\"Jogos Ol\u00edmpicos\"],\"inLanguage\":\"pt-BR\",\"potentialAction\":[{\"@type\":\"CommentAction\",\"name\":\"Comment\",\"target\":[\"https:\/\/swimchannel.net\/br\/natacao-em-familia-confira-as-familias-que-estarao-na-disputa-da-natacao-olimpica-em-toquio\/#respond\"]}]},{\"@type\":\"WebPage\",\"@id\":\"https:\/\/swimchannel.net\/br\/natacao-em-familia-confira-as-familias-que-estarao-na-disputa-da-natacao-olimpica-em-toquio\/\",\"url\":\"https:\/\/swimchannel.net\/br\/natacao-em-familia-confira-as-familias-que-estarao-na-disputa-da-natacao-olimpica-em-toquio\/\",\"name\":\"Nata\u00e7\u00e3o em fam\u00edlia! - Swimchannel\",\"isPartOf\":{\"@id\":\"https:\/\/swimchannel.net\/br\/#website\"},\"primaryImageOfPage\":{\"@id\":\"https:\/\/swimchannel.net\/br\/natacao-em-familia-confira-as-familias-que-estarao-na-disputa-da-natacao-olimpica-em-toquio\/#primaryimage\"},\"image\":{\"@id\":\"https:\/\/swimchannel.net\/br\/natacao-em-familia-confira-as-familias-que-estarao-na-disputa-da-natacao-olimpica-em-toquio\/#primaryimage\"},\"thumbnailUrl\":\"https:\/\/swimchannel.net\/br\/wp-content\/uploads\/2021\/07\/Screen-Shot-2020-04-27-at-1.26.06-PM.jpg\",\"datePublished\":\"2021-07-21T15:33:59+00:00\",\"dateModified\":\"2026-03-11T15:46:59+00:00\",\"breadcrumb\":{\"@id\":\"https:\/\/swimchannel.net\/br\/natacao-em-familia-confira-as-familias-que-estarao-na-disputa-da-natacao-olimpica-em-toquio\/#breadcrumb\"},\"inLanguage\":\"pt-BR\",\"potentialAction\":[{\"@type\":\"ReadAction\",\"target\":[\"https:\/\/swimchannel.net\/br\/natacao-em-familia-confira-as-familias-que-estarao-na-disputa-da-natacao-olimpica-em-toquio\/\"]}]},{\"@type\":\"ImageObject\",\"inLanguage\":\"pt-BR\",\"@id\":\"https:\/\/swimchannel.net\/br\/natacao-em-familia-confira-as-familias-que-estarao-na-disputa-da-natacao-olimpica-em-toquio\/#primaryimage\",\"url\":\"https:\/\/swimchannel.net\/br\/wp-content\/uploads\/2021\/07\/Screen-Shot-2020-04-27-at-1.26.06-PM.jpg\",\"contentUrl\":\"https:\/\/swimchannel.net\/br\/wp-content\/uploads\/2021\/07\/Screen-Shot-2020-04-27-at-1.26.06-PM.jpg\",\"width\":1798,\"height\":1182,\"caption\":\"Bruno Fratus e Michelle Lenhardt - Foto: Reprodu\u00e7\u00e3o\/Instagram\"},{\"@type\":\"BreadcrumbList\",\"@id\":\"https:\/\/swimchannel.net\/br\/natacao-em-familia-confira-as-familias-que-estarao-na-disputa-da-natacao-olimpica-em-toquio\/#breadcrumb\",\"itemListElement\":[{\"@type\":\"ListItem\",\"position\":1,\"name\":\"Home\",\"item\":\"https:\/\/swimchannel.net\/br\/\"},{\"@type\":\"ListItem\",\"position\":2,\"name\":\"Nata\u00e7\u00e3o em fam\u00edlia!\"}]},{\"@type\":\"WebSite\",\"@id\":\"https:\/\/swimchannel.net\/br\/#website\",\"url\":\"https:\/\/swimchannel.net\/br\/\",\"name\":\"Swimchannel\",\"description\":\"Maior portal de nata\u00e7\u00e3o da america latina\",\"publisher\":{\"@id\":\"https:\/\/swimchannel.net\/br\/#organization\"},\"potentialAction\":[{\"@type\":\"SearchAction\",\"target\":{\"@type\":\"EntryPoint\",\"urlTemplate\":\"https:\/\/swimchannel.net\/br\/?s={search_term_string}\"},\"query-input\":{\"@type\":\"PropertyValueSpecification\",\"valueRequired\":true,\"valueName\":\"search_term_string\"}}],\"inLanguage\":\"pt-BR\"},{\"@type\":\"Organization\",\"@id\":\"https:\/\/swimchannel.net\/br\/#organization\",\"name\":\"Swimchannel - Conectando voc\u00ea a Nata\u00e7\u00e3o\",\"url\":\"https:\/\/swimchannel.net\/br\/\",\"logo\":{\"@type\":\"ImageObject\",\"inLanguage\":\"pt-BR\",\"@id\":\"https:\/\/swimchannel.net\/br\/#\/schema\/logo\/image\/\",\"url\":\"https:\/\/swimchannel.net\/br\/wp-content\/uploads\/2026\/02\/SWIM-CHANNEL.png\",\"contentUrl\":\"https:\/\/swimchannel.net\/br\/wp-content\/uploads\/2026\/02\/SWIM-CHANNEL.png\",\"width\":1120,\"height\":630,\"caption\":\"Swimchannel - Conectando voc\u00ea a Nata\u00e7\u00e3o\"},\"image\":{\"@id\":\"https:\/\/swimchannel.net\/br\/#\/schema\/logo\/image\/\"},\"sameAs\":[\"https:\/\/www.facebook.com\/swimchannel\",\"https:\/\/www.instagram.com\/swimchannel\"]},{\"@type\":\"Person\",\"@id\":\"https:\/\/swimchannel.net\/br\/#\/schema\/person\/cf549cb99cf75592fcf7c76213385e63\",\"name\":\"Alex Pussieldi\",\"image\":{\"@type\":\"ImageObject\",\"inLanguage\":\"pt-BR\",\"@id\":\"https:\/\/swimchannel.net\/br\/#\/schema\/person\/image\/\",\"url\":\"https:\/\/swimchannel.net\/br\/wp-content\/uploads\/2021\/02\/9b1c252d-a4bd-4eda-b399-24565cac4114-100x100.jpg\",\"contentUrl\":\"https:\/\/swimchannel.net\/br\/wp-content\/uploads\/2021\/02\/9b1c252d-a4bd-4eda-b399-24565cac4114-100x100.jpg\",\"caption\":\"Alex Pussieldi\"},\"description\":\"Alexandre Pussieldi, apelidado de \u201ccoach\u201d, Foi t\u00e9cnico da sele\u00e7\u00e3o verde e amarela nas Olimp\u00edadas de Pequim-2008 e Londres-2012. O treinador ainda comandou outros quatro pa\u00edses: Kuwait, Paraguai, Aruba e Antilhas Holandesas, al\u00e9m da sele\u00e7\u00e3o americana de \u00e1guas abertas. Pussieldi tem passagens como comentarista de nata\u00e7\u00e3o do Grupo Globo e Swim Channel.\",\"url\":\"https:\/\/swimchannel.net\/br\/author\/alexpussieldi\/\"}]}<\/script>\n<!-- \/ Yoast SEO plugin. -->","yoast_head_json":{"title":"Nata\u00e7\u00e3o em fam\u00edlia! - Swimchannel","robots":{"index":"index","follow":"follow","max-snippet":"max-snippet:-1","max-image-preview":"max-image-preview:large","max-video-preview":"max-video-preview:-1"},"canonical":"https:\/\/swimchannel.net\/br\/natacao-em-familia-confira-as-familias-que-estarao-na-disputa-da-natacao-olimpica-em-toquio\/","og_locale":"pt_BR","og_type":"article","og_title":"Nata\u00e7\u00e3o em fam\u00edlia! - Swimchannel","og_description":"Confira as fam\u00edlias que estar\u00e3o na disputa da nata\u00e7\u00e3o ol\u00edmpica em T\u00f3quio-2020","og_url":"https:\/\/swimchannel.net\/br\/natacao-em-familia-confira-as-familias-que-estarao-na-disputa-da-natacao-olimpica-em-toquio\/","og_site_name":"Swimchannel","article_publisher":"https:\/\/www.facebook.com\/swimchannel","article_published_time":"2021-07-21T15:33:59+00:00","article_modified_time":"2026-03-11T15:46:59+00:00","og_image":[{"width":1798,"height":1182,"url":"https:\/\/swimchannel.net\/br\/wp-content\/uploads\/2021\/07\/Screen-Shot-2020-04-27-at-1.26.06-PM.jpg","type":"image\/jpeg"}],"author":"Alex Pussieldi","twitter_card":"summary_large_image","twitter_misc":{"Escrito por":"Alex Pussieldi","Est. tempo de leitura":"4 minutos"},"schema":{"@context":"https:\/\/schema.org","@graph":[{"@type":"Article","@id":"https:\/\/swimchannel.net\/br\/natacao-em-familia-confira-as-familias-que-estarao-na-disputa-da-natacao-olimpica-em-toquio\/#article","isPartOf":{"@id":"https:\/\/swimchannel.net\/br\/natacao-em-familia-confira-as-familias-que-estarao-na-disputa-da-natacao-olimpica-em-toquio\/"},"author":{"name":"Alex Pussieldi","@id":"https:\/\/swimchannel.net\/br\/#\/schema\/person\/cf549cb99cf75592fcf7c76213385e63"},"headline":"Nata\u00e7\u00e3o em fam\u00edlia!","datePublished":"2021-07-21T15:33:59+00:00","dateModified":"2026-03-11T15:46:59+00:00","mainEntityOfPage":{"@id":"https:\/\/swimchannel.net\/br\/natacao-em-familia-confira-as-familias-que-estarao-na-disputa-da-natacao-olimpica-em-toquio\/"},"wordCount":592,"commentCount":1,"publisher":{"@id":"https:\/\/swimchannel.net\/br\/#organization"},"image":{"@id":"https:\/\/swimchannel.net\/br\/natacao-em-familia-confira-as-familias-que-estarao-na-disputa-da-natacao-olimpica-em-toquio\/#primaryimage"},"thumbnailUrl":"https:\/\/swimchannel.net\/br\/wp-content\/uploads\/2021\/07\/Screen-Shot-2020-04-27-at-1.26.06-PM.jpg","keywords":["\u00c1guas abertas","fam\u00edlia","Jogos Ol\u00edmpicos","natacao","T\u00f3quio-2020"],"articleSection":["Jogos Ol\u00edmpicos"],"inLanguage":"pt-BR","potentialAction":[{"@type":"CommentAction","name":"Comment","target":["https:\/\/swimchannel.net\/br\/natacao-em-familia-confira-as-familias-que-estarao-na-disputa-da-natacao-olimpica-em-toquio\/#respond"]}]},{"@type":"WebPage","@id":"https:\/\/swimchannel.net\/br\/natacao-em-familia-confira-as-familias-que-estarao-na-disputa-da-natacao-olimpica-em-toquio\/","url":"https:\/\/swimchannel.net\/br\/natacao-em-familia-confira-as-familias-que-estarao-na-disputa-da-natacao-olimpica-em-toquio\/","name":"Nata\u00e7\u00e3o em fam\u00edlia! - Swimchannel","isPartOf":{"@id":"https:\/\/swimchannel.net\/br\/#website"},"primaryImageOfPage":{"@id":"https:\/\/swimchannel.net\/br\/natacao-em-familia-confira-as-familias-que-estarao-na-disputa-da-natacao-olimpica-em-toquio\/#primaryimage"},"image":{"@id":"https:\/\/swimchannel.net\/br\/natacao-em-familia-confira-as-familias-que-estarao-na-disputa-da-natacao-olimpica-em-toquio\/#primaryimage"},"thumbnailUrl":"https:\/\/swimchannel.net\/br\/wp-content\/uploads\/2021\/07\/Screen-Shot-2020-04-27-at-1.26.06-PM.jpg","datePublished":"2021-07-21T15:33:59+00:00","dateModified":"2026-03-11T15:46:59+00:00","breadcrumb":{"@id":"https:\/\/swimchannel.net\/br\/natacao-em-familia-confira-as-familias-que-estarao-na-disputa-da-natacao-olimpica-em-toquio\/#breadcrumb"},"inLanguage":"pt-BR","potentialAction":[{"@type":"ReadAction","target":["https:\/\/swimchannel.net\/br\/natacao-em-familia-confira-as-familias-que-estarao-na-disputa-da-natacao-olimpica-em-toquio\/"]}]},{"@type":"ImageObject","inLanguage":"pt-BR","@id":"https:\/\/swimchannel.net\/br\/natacao-em-familia-confira-as-familias-que-estarao-na-disputa-da-natacao-olimpica-em-toquio\/#primaryimage","url":"https:\/\/swimchannel.net\/br\/wp-content\/uploads\/2021\/07\/Screen-Shot-2020-04-27-at-1.26.06-PM.jpg","contentUrl":"https:\/\/swimchannel.net\/br\/wp-content\/uploads\/2021\/07\/Screen-Shot-2020-04-27-at-1.26.06-PM.jpg","width":1798,"height":1182,"caption":"Bruno Fratus e Michelle Lenhardt - Foto: Reprodu\u00e7\u00e3o\/Instagram"},{"@type":"BreadcrumbList","@id":"https:\/\/swimchannel.net\/br\/natacao-em-familia-confira-as-familias-que-estarao-na-disputa-da-natacao-olimpica-em-toquio\/#breadcrumb","itemListElement":[{"@type":"ListItem","position":1,"name":"Home","item":"https:\/\/swimchannel.net\/br\/"},{"@type":"ListItem","position":2,"name":"Nata\u00e7\u00e3o em fam\u00edlia!"}]},{"@type":"WebSite","@id":"https:\/\/swimchannel.net\/br\/#website","url":"https:\/\/swimchannel.net\/br\/","name":"Swimchannel","description":"Maior portal de nata\u00e7\u00e3o da america latina","publisher":{"@id":"https:\/\/swimchannel.net\/br\/#organization"},"potentialAction":[{"@type":"SearchAction","target":{"@type":"EntryPoint","urlTemplate":"https:\/\/swimchannel.net\/br\/?s={search_term_string}"},"query-input":{"@type":"PropertyValueSpecification","valueRequired":true,"valueName":"search_term_string"}}],"inLanguage":"pt-BR"},{"@type":"Organization","@id":"https:\/\/swimchannel.net\/br\/#organization","name":"Swimchannel - Conectando voc\u00ea a Nata\u00e7\u00e3o","url":"https:\/\/swimchannel.net\/br\/","logo":{"@type":"ImageObject","inLanguage":"pt-BR","@id":"https:\/\/swimchannel.net\/br\/#\/schema\/logo\/image\/","url":"https:\/\/swimchannel.net\/br\/wp-content\/uploads\/2026\/02\/SWIM-CHANNEL.png","contentUrl":"https:\/\/swimchannel.net\/br\/wp-content\/uploads\/2026\/02\/SWIM-CHANNEL.png","width":1120,"height":630,"caption":"Swimchannel - Conectando voc\u00ea a Nata\u00e7\u00e3o"},"image":{"@id":"https:\/\/swimchannel.net\/br\/#\/schema\/logo\/image\/"},"sameAs":["https:\/\/www.facebook.com\/swimchannel","https:\/\/www.instagram.com\/swimchannel"]},{"@type":"Person","@id":"https:\/\/swimchannel.net\/br\/#\/schema\/person\/cf549cb99cf75592fcf7c76213385e63","name":"Alex Pussieldi","image":{"@type":"ImageObject","inLanguage":"pt-BR","@id":"https:\/\/swimchannel.net\/br\/#\/schema\/person\/image\/","url":"https:\/\/swimchannel.net\/br\/wp-content\/uploads\/2021\/02\/9b1c252d-a4bd-4eda-b399-24565cac4114-100x100.jpg","contentUrl":"https:\/\/swimchannel.net\/br\/wp-content\/uploads\/2021\/02\/9b1c252d-a4bd-4eda-b399-24565cac4114-100x100.jpg","caption":"Alex Pussieldi"},"description":"Alexandre Pussieldi, apelidado de \u201ccoach\u201d, Foi t\u00e9cnico da sele\u00e7\u00e3o verde e amarela nas Olimp\u00edadas de Pequim-2008 e Londres-2012. O treinador ainda comandou outros quatro pa\u00edses: Kuwait, Paraguai, Aruba e Antilhas Holandesas, al\u00e9m da sele\u00e7\u00e3o americana de \u00e1guas abertas. Pussieldi tem passagens como comentarista de nata\u00e7\u00e3o do Grupo Globo e Swim Channel.","url":"https:\/\/swimchannel.net\/br\/author\/alexpussieldi\/"}]}},"_links":{"self":[{"href":"https:\/\/swimchannel.net\/br\/wp-json\/wp\/v2\/posts\/44005","targetHints":{"allow":["GET"]}}],"collection":[{"href":"https:\/\/swimchannel.net\/br\/wp-json\/wp\/v2\/posts"}],"about":[{"href":"https:\/\/swimchannel.net\/br\/wp-json\/wp\/v2\/types\/post"}],"author":[{"embeddable":true,"href":"https:\/\/swimchannel.net\/br\/wp-json\/wp\/v2\/users\/12"}],"replies":[{"embeddable":true,"href":"https:\/\/swimchannel.net\/br\/wp-json\/wp\/v2\/comments?post=44005"}],"version-history":[{"count":1,"href":"https:\/\/swimchannel.net\/br\/wp-json\/wp\/v2\/posts\/44005\/revisions"}],"predecessor-version":[{"id":80208,"href":"https:\/\/swimchannel.net\/br\/wp-json\/wp\/v2\/posts\/44005\/revisions\/80208"}],"wp:featuredmedia":[{"embeddable":true,"href":"https:\/\/swimchannel.net\/br\/wp-json\/wp\/v2\/media\/44006"}],"wp:attachment":[{"href":"https:\/\/swimchannel.net\/br\/wp-json\/wp\/v2\/media?parent=44005"}],"wp:term":[{"taxonomy":"category","embeddable":true,"href":"https:\/\/swimchannel.net\/br\/wp-json\/wp\/v2\/categories?post=44005"},{"taxonomy":"post_tag","embeddable":true,"href":"https:\/\/swimchannel.net\/br\/wp-json\/wp\/v2\/tags?post=44005"}],"curies":[{"name":"wp","href":"https:\/\/api.w.org\/{rel}","templated":true}]}}