{"id":45883,"date":"2021-09-01T12:15:42","date_gmt":"2021-09-01T15:15:42","guid":{"rendered":"https:\/\/swimchannel.net\/br\/?p=45883"},"modified":"2021-09-01T19:23:58","modified_gmt":"2021-09-01T22:23:58","slug":"dia-de-recorde-de-medalhas-e-despedida","status":"publish","type":"post","link":"https:\/\/swimchannel.net\/br\/dia-de-recorde-de-medalhas-e-despedida\/","title":{"rendered":"Dia de recorde de medalhas e despedida"},"content":{"rendered":"<p>A nadadora Maria Carolina Santiago encerrou sua vitoriosa campanha em T\u00f3quio com mais uma medalha de ouro. Ap\u00f3s suas vit\u00f3rias nos 50m e 100m livre, a pernambucana venceu hoje os 100m peito SB12 batendo o recorde paral\u00edmpico com o tempo de 1min14s89. Carol termina sua participa\u00e7\u00e3o com a marca de cinco medalhas conquistadas, j\u00e1 que teve outra prata e outro bronze. Nos 100m peito a medalha de prata foi da russa Daria Lukianenko com 1min17s55 e a de bronze da ucraniana Matlo Yaryna com 1min20s31. Lucilene Sousa tamb\u00e9m nadou a final e ficou na quinta coloca\u00e7\u00e3o com 1min30s25.<\/p>\n<p>Quem tamb\u00e9m foi ao p\u00f3dio em T\u00f3quio foi Cec\u00edlia Ara\u00fajo que terminou com a medalha de prata nos 50m livre S8 com a marca de 30s83, sendo batida pela russa Viktoria Ishchiulova que foi campe\u00e3 com 29s91. O p\u00f3dio foi completado pela italiana Francesca Palazzo que terminou em terceiro lugar com a marca de 31s17.<\/p>\n<figure id=\"attachment_45886\" aria-describedby=\"caption-attachment-45886\" style=\"width: 779px\" class=\"wp-caption alignnone\"><img loading=\"lazy\" decoding=\"async\" class=\"size-full wp-image-45886\" src=\"https:\/\/swimchannel.net\/br\/wp-content\/uploads\/2021\/09\/51417058816_c972de772f_k.jpg\" alt=\"\" width=\"779\" height=\"630\" srcset=\"https:\/\/swimchannel.net\/br\/wp-content\/uploads\/2021\/09\/51417058816_c972de772f_k.jpg 779w, https:\/\/swimchannel.net\/br\/wp-content\/uploads\/2021\/09\/51417058816_c972de772f_k-223x180.jpg 223w, https:\/\/swimchannel.net\/br\/wp-content\/uploads\/2021\/09\/51417058816_c972de772f_k-768x621.jpg 768w, https:\/\/swimchannel.net\/br\/wp-content\/uploads\/2021\/09\/51417058816_c972de772f_k-200x162.jpg 200w, https:\/\/swimchannel.net\/br\/wp-content\/uploads\/2021\/09\/51417058816_c972de772f_k-600x485.jpg 600w, https:\/\/swimchannel.net\/br\/wp-content\/uploads\/2021\/09\/51417058816_c972de772f_k-750x607.jpg 750w\" sizes=\"auto, (max-width: 779px) 100vw, 779px\" \/><figcaption id=\"caption-attachment-45886\" class=\"wp-caption-text\">Cecilia Araujo &#8211; Foto: Ale Cabral\/CPB<\/figcaption><\/figure>\n<p>J\u00e1 nos 100m livre S6 masculino Talisson Glock conquistou a medalha de bronze com o tempo de 1min05s45, em seu segundo p\u00f3dio nestes Jogos Paral\u00edmpicos. A frente dele apenas o italiano Antonio Fantin com novo recorde mundial de 1min03s71 e o colombiano Nelson Corzo com 1min04s82. Agora o Brasil tem ao todo 20 medalhas em T\u00f3quio sendo seis de ouros, cinco de prata e nove de bronze, novo recorde da nata\u00e7\u00e3o do pa\u00eds em Paralimp\u00edadas.<\/p>\n<p>Mas o dia tamb\u00e9m registrou fortes emo\u00e7\u00f5es com a despedida de Daniel Dias das piscinas. O maior atleta paral\u00edmpico do Brasil nadou sua \u00faltima prova, os 50 livre S5 e com o tempo de 32s12 e ficou em quarto lugar atr\u00e1s dos chineses Zheng Tao, Yuan Weiyi, e Wang Lichao. Com esse resultado ele termina sua campanha em T\u00f3quio com tr\u00eas medalhas de bronze e 27 p\u00f3dios ao longo de sua carreira paral\u00edmpica. Uma lenda!<\/p>\n<figure id=\"attachment_45885\" aria-describedby=\"caption-attachment-45885\" style=\"width: 1004px\" class=\"wp-caption alignnone\"><img loading=\"lazy\" decoding=\"async\" class=\"wp-image-45885 size-full\" src=\"https:\/\/swimchannel.net\/br\/wp-content\/uploads\/2021\/09\/51418041075_d30d1c8469_k.jpg\" alt=\"\" width=\"1004\" height=\"630\" srcset=\"https:\/\/swimchannel.net\/br\/wp-content\/uploads\/2021\/09\/51418041075_d30d1c8469_k.jpg 1004w, https:\/\/swimchannel.net\/br\/wp-content\/uploads\/2021\/09\/51418041075_d30d1c8469_k-287x180.jpg 287w, https:\/\/swimchannel.net\/br\/wp-content\/uploads\/2021\/09\/51418041075_d30d1c8469_k-768x482.jpg 768w, https:\/\/swimchannel.net\/br\/wp-content\/uploads\/2021\/09\/51418041075_d30d1c8469_k-200x125.jpg 200w, https:\/\/swimchannel.net\/br\/wp-content\/uploads\/2021\/09\/51418041075_d30d1c8469_k-600x376.jpg 600w, https:\/\/swimchannel.net\/br\/wp-content\/uploads\/2021\/09\/51418041075_d30d1c8469_k-750x471.jpg 750w\" sizes=\"auto, (max-width: 1004px) 100vw, 1004px\" \/><figcaption id=\"caption-attachment-45885\" class=\"wp-caption-text\">Daniel Dias &#8211; Foto: Ale Cabral\/CPB<\/figcaption><\/figure>\n<p>Hoje a noite acontecem as eliminat\u00f3rias 400m livre masculino e feminino S6, 100m borboleta masculino e feminino S9, 100m costas masculino e feminino S10, 100m costas masculino e feminino S14, 50m costas masculino e feminino S2, 50m livre masculino S3 e 50m livre masculino e feminino S4.<\/p>\n","protected":false},"excerpt":{"rendered":"<p>Brasil chega a 20 p\u00f3dios na nata\u00e7\u00e3o paral\u00edmpica em campanha hist\u00f3rica e Daniel Dias disputa a \u00faltima prova de sua carreira<\/p>\n","protected":false},"author":3,"featured_media":45887,"comment_status":"open","ping_status":"open","sticky":false,"template":"","format":"gallery","meta":{"footnotes":""},"categories":[56],"tags":[9,339,4338,5,127,714],"class_list":["post-45883","post","type-post","status-publish","format-gallery","has-post-thumbnail","hentry","category-natacao-paralimpica","tag-daniel-dias","tag-jogos-paralimpicos","tag-maria-carolina-santiago","tag-natacao","tag-natacao-paralimpica","tag-toquio-2020","post_format-post-format-gallery"],"yoast_head":"<!-- This site is optimized with the Yoast SEO plugin v27.0 - https:\/\/yoast.com\/product\/yoast-seo-wordpress\/ -->\n<title>Dia de recorde de medalhas e despedida - Swimchannel<\/title>\n<meta name=\"robots\" content=\"index, follow, max-snippet:-1, max-image-preview:large, max-video-preview:-1\" \/>\n<link rel=\"canonical\" href=\"https:\/\/swimchannel.net\/br\/dia-de-recorde-de-medalhas-e-despedida\/\" \/>\n<meta property=\"og:locale\" content=\"pt_BR\" \/>\n<meta property=\"og:type\" content=\"article\" \/>\n<meta property=\"og:title\" content=\"Dia de recorde de medalhas e despedida - Swimchannel\" \/>\n<meta property=\"og:description\" content=\"Brasil chega a 20 p\u00f3dios na nata\u00e7\u00e3o paral\u00edmpica em campanha hist\u00f3rica e Daniel Dias disputa a \u00faltima prova de sua carreira\" \/>\n<meta property=\"og:url\" content=\"https:\/\/swimchannel.net\/br\/dia-de-recorde-de-medalhas-e-despedida\/\" \/>\n<meta property=\"og:site_name\" content=\"Swimchannel\" \/>\n<meta property=\"article:publisher\" content=\"https:\/\/www.facebook.com\/swimchannel\" \/>\n<meta property=\"article:published_time\" content=\"2021-09-01T15:15:42+00:00\" \/>\n<meta property=\"article:modified_time\" content=\"2021-09-01T22:23:58+00:00\" \/>\n<meta property=\"og:image\" content=\"https:\/\/swimchannel.net\/br\/wp-content\/uploads\/2021\/09\/51417319248_b4bce1d88e_k.jpg\" \/>\n\t<meta property=\"og:image:width\" content=\"914\" \/>\n\t<meta property=\"og:image:height\" content=\"630\" \/>\n\t<meta property=\"og:image:type\" content=\"image\/jpeg\" \/>\n<meta name=\"author\" content=\"Guilherme Freitas\" \/>\n<meta name=\"twitter:card\" content=\"summary_large_image\" \/>\n<meta name=\"twitter:label1\" content=\"Escrito por\" \/>\n\t<meta name=\"twitter:data1\" content=\"Guilherme Freitas\" \/>\n\t<meta name=\"twitter:label2\" content=\"Est. tempo de leitura\" \/>\n\t<meta name=\"twitter:data2\" content=\"2 minutos\" \/>\n<script type=\"application\/ld+json\" class=\"yoast-schema-graph\">{\"@context\":\"https:\/\/schema.org\",\"@graph\":[{\"@type\":\"Article\",\"@id\":\"https:\/\/swimchannel.net\/br\/dia-de-recorde-de-medalhas-e-despedida\/#article\",\"isPartOf\":{\"@id\":\"https:\/\/swimchannel.net\/br\/dia-de-recorde-de-medalhas-e-despedida\/\"},\"author\":{\"name\":\"Guilherme Freitas\",\"@id\":\"https:\/\/swimchannel.net\/br\/#\/schema\/person\/aa2a63bab3275f53749a83276b213c48\"},\"headline\":\"Dia de recorde de medalhas e despedida\",\"datePublished\":\"2021-09-01T15:15:42+00:00\",\"dateModified\":\"2021-09-01T22:23:58+00:00\",\"mainEntityOfPage\":{\"@id\":\"https:\/\/swimchannel.net\/br\/dia-de-recorde-de-medalhas-e-despedida\/\"},\"wordCount\":417,\"commentCount\":0,\"publisher\":{\"@id\":\"https:\/\/swimchannel.net\/br\/#organization\"},\"image\":{\"@id\":\"https:\/\/swimchannel.net\/br\/dia-de-recorde-de-medalhas-e-despedida\/#primaryimage\"},\"thumbnailUrl\":\"https:\/\/swimchannel.net\/br\/wp-content\/uploads\/2021\/09\/51417319248_b4bce1d88e_k.jpg\",\"keywords\":[\"Daniel Dias\",\"Jogos Paral\u00edmpicos\",\"Maria Carolina Santiago\",\"natacao\",\"nata\u00e7\u00e3o paral\u00edmpica\",\"T\u00f3quio-2020\"],\"articleSection\":[\"Nata\u00e7\u00e3o Paral\u00edmpica\"],\"inLanguage\":\"pt-BR\",\"potentialAction\":[{\"@type\":\"CommentAction\",\"name\":\"Comment\",\"target\":[\"https:\/\/swimchannel.net\/br\/dia-de-recorde-de-medalhas-e-despedida\/#respond\"]}]},{\"@type\":\"WebPage\",\"@id\":\"https:\/\/swimchannel.net\/br\/dia-de-recorde-de-medalhas-e-despedida\/\",\"url\":\"https:\/\/swimchannel.net\/br\/dia-de-recorde-de-medalhas-e-despedida\/\",\"name\":\"Dia de recorde de medalhas e despedida - Swimchannel\",\"isPartOf\":{\"@id\":\"https:\/\/swimchannel.net\/br\/#website\"},\"primaryImageOfPage\":{\"@id\":\"https:\/\/swimchannel.net\/br\/dia-de-recorde-de-medalhas-e-despedida\/#primaryimage\"},\"image\":{\"@id\":\"https:\/\/swimchannel.net\/br\/dia-de-recorde-de-medalhas-e-despedida\/#primaryimage\"},\"thumbnailUrl\":\"https:\/\/swimchannel.net\/br\/wp-content\/uploads\/2021\/09\/51417319248_b4bce1d88e_k.jpg\",\"datePublished\":\"2021-09-01T15:15:42+00:00\",\"dateModified\":\"2021-09-01T22:23:58+00:00\",\"breadcrumb\":{\"@id\":\"https:\/\/swimchannel.net\/br\/dia-de-recorde-de-medalhas-e-despedida\/#breadcrumb\"},\"inLanguage\":\"pt-BR\",\"potentialAction\":[{\"@type\":\"ReadAction\",\"target\":[\"https:\/\/swimchannel.net\/br\/dia-de-recorde-de-medalhas-e-despedida\/\"]}]},{\"@type\":\"ImageObject\",\"inLanguage\":\"pt-BR\",\"@id\":\"https:\/\/swimchannel.net\/br\/dia-de-recorde-de-medalhas-e-despedida\/#primaryimage\",\"url\":\"https:\/\/swimchannel.net\/br\/wp-content\/uploads\/2021\/09\/51417319248_b4bce1d88e_k.jpg\",\"contentUrl\":\"https:\/\/swimchannel.net\/br\/wp-content\/uploads\/2021\/09\/51417319248_b4bce1d88e_k.jpg\",\"width\":914,\"height\":630,\"caption\":\"Maria Carolina Santiago - Foto: Ale Cabral\/CPB\"},{\"@type\":\"BreadcrumbList\",\"@id\":\"https:\/\/swimchannel.net\/br\/dia-de-recorde-de-medalhas-e-despedida\/#breadcrumb\",\"itemListElement\":[{\"@type\":\"ListItem\",\"position\":1,\"name\":\"Home\",\"item\":\"https:\/\/swimchannel.net\/br\/\"},{\"@type\":\"ListItem\",\"position\":2,\"name\":\"Dia de recorde de medalhas e despedida\"}]},{\"@type\":\"WebSite\",\"@id\":\"https:\/\/swimchannel.net\/br\/#website\",\"url\":\"https:\/\/swimchannel.net\/br\/\",\"name\":\"Swimchannel\",\"description\":\"Maior portal de nata\u00e7\u00e3o da america latina\",\"publisher\":{\"@id\":\"https:\/\/swimchannel.net\/br\/#organization\"},\"potentialAction\":[{\"@type\":\"SearchAction\",\"target\":{\"@type\":\"EntryPoint\",\"urlTemplate\":\"https:\/\/swimchannel.net\/br\/?s={search_term_string}\"},\"query-input\":{\"@type\":\"PropertyValueSpecification\",\"valueRequired\":true,\"valueName\":\"search_term_string\"}}],\"inLanguage\":\"pt-BR\"},{\"@type\":\"Organization\",\"@id\":\"https:\/\/swimchannel.net\/br\/#organization\",\"name\":\"Swimchannel - Conectando voc\u00ea a Nata\u00e7\u00e3o\",\"url\":\"https:\/\/swimchannel.net\/br\/\",\"logo\":{\"@type\":\"ImageObject\",\"inLanguage\":\"pt-BR\",\"@id\":\"https:\/\/swimchannel.net\/br\/#\/schema\/logo\/image\/\",\"url\":\"https:\/\/swimchannel.net\/br\/wp-content\/uploads\/2026\/02\/SWIM-CHANNEL.png\",\"contentUrl\":\"https:\/\/swimchannel.net\/br\/wp-content\/uploads\/2026\/02\/SWIM-CHANNEL.png\",\"width\":1120,\"height\":630,\"caption\":\"Swimchannel - Conectando voc\u00ea a Nata\u00e7\u00e3o\"},\"image\":{\"@id\":\"https:\/\/swimchannel.net\/br\/#\/schema\/logo\/image\/\"},\"sameAs\":[\"https:\/\/www.facebook.com\/swimchannel\",\"https:\/\/www.instagram.com\/swimchannel\"]},{\"@type\":\"Person\",\"@id\":\"https:\/\/swimchannel.net\/br\/#\/schema\/person\/aa2a63bab3275f53749a83276b213c48\",\"name\":\"Guilherme Freitas\",\"image\":{\"@type\":\"ImageObject\",\"inLanguage\":\"pt-BR\",\"@id\":\"https:\/\/swimchannel.net\/br\/#\/schema\/person\/image\/\",\"url\":\"https:\/\/swimchannel.net\/br\/wp-content\/uploads\/2025\/10\/gui22-193x180.png\",\"contentUrl\":\"https:\/\/swimchannel.net\/br\/wp-content\/uploads\/2025\/10\/gui22-193x180.png\",\"caption\":\"Guilherme Freitas\"},\"description\":\"Jornalista s\u00eanior da SWIM CHANNEL, ex-correspondente da FINA no Brasil e pesquisador acad\u00eamico.\",\"sameAs\":[\"instagram.com\/guifreitas86\"],\"url\":\"https:\/\/swimchannel.net\/br\/author\/guilherme-freitas\/\"}]}<\/script>\n<!-- \/ Yoast SEO plugin. -->","yoast_head_json":{"title":"Dia de recorde de medalhas e despedida - Swimchannel","robots":{"index":"index","follow":"follow","max-snippet":"max-snippet:-1","max-image-preview":"max-image-preview:large","max-video-preview":"max-video-preview:-1"},"canonical":"https:\/\/swimchannel.net\/br\/dia-de-recorde-de-medalhas-e-despedida\/","og_locale":"pt_BR","og_type":"article","og_title":"Dia de recorde de medalhas e despedida - Swimchannel","og_description":"Brasil chega a 20 p\u00f3dios na nata\u00e7\u00e3o paral\u00edmpica em campanha hist\u00f3rica e Daniel Dias disputa a \u00faltima prova de sua carreira","og_url":"https:\/\/swimchannel.net\/br\/dia-de-recorde-de-medalhas-e-despedida\/","og_site_name":"Swimchannel","article_publisher":"https:\/\/www.facebook.com\/swimchannel","article_published_time":"2021-09-01T15:15:42+00:00","article_modified_time":"2021-09-01T22:23:58+00:00","og_image":[{"width":914,"height":630,"url":"https:\/\/swimchannel.net\/br\/wp-content\/uploads\/2021\/09\/51417319248_b4bce1d88e_k.jpg","type":"image\/jpeg"}],"author":"Guilherme Freitas","twitter_card":"summary_large_image","twitter_misc":{"Escrito por":"Guilherme Freitas","Est. tempo de leitura":"2 minutos"},"schema":{"@context":"https:\/\/schema.org","@graph":[{"@type":"Article","@id":"https:\/\/swimchannel.net\/br\/dia-de-recorde-de-medalhas-e-despedida\/#article","isPartOf":{"@id":"https:\/\/swimchannel.net\/br\/dia-de-recorde-de-medalhas-e-despedida\/"},"author":{"name":"Guilherme Freitas","@id":"https:\/\/swimchannel.net\/br\/#\/schema\/person\/aa2a63bab3275f53749a83276b213c48"},"headline":"Dia de recorde de medalhas e despedida","datePublished":"2021-09-01T15:15:42+00:00","dateModified":"2021-09-01T22:23:58+00:00","mainEntityOfPage":{"@id":"https:\/\/swimchannel.net\/br\/dia-de-recorde-de-medalhas-e-despedida\/"},"wordCount":417,"commentCount":0,"publisher":{"@id":"https:\/\/swimchannel.net\/br\/#organization"},"image":{"@id":"https:\/\/swimchannel.net\/br\/dia-de-recorde-de-medalhas-e-despedida\/#primaryimage"},"thumbnailUrl":"https:\/\/swimchannel.net\/br\/wp-content\/uploads\/2021\/09\/51417319248_b4bce1d88e_k.jpg","keywords":["Daniel Dias","Jogos Paral\u00edmpicos","Maria Carolina Santiago","natacao","nata\u00e7\u00e3o paral\u00edmpica","T\u00f3quio-2020"],"articleSection":["Nata\u00e7\u00e3o Paral\u00edmpica"],"inLanguage":"pt-BR","potentialAction":[{"@type":"CommentAction","name":"Comment","target":["https:\/\/swimchannel.net\/br\/dia-de-recorde-de-medalhas-e-despedida\/#respond"]}]},{"@type":"WebPage","@id":"https:\/\/swimchannel.net\/br\/dia-de-recorde-de-medalhas-e-despedida\/","url":"https:\/\/swimchannel.net\/br\/dia-de-recorde-de-medalhas-e-despedida\/","name":"Dia de recorde de medalhas e despedida - Swimchannel","isPartOf":{"@id":"https:\/\/swimchannel.net\/br\/#website"},"primaryImageOfPage":{"@id":"https:\/\/swimchannel.net\/br\/dia-de-recorde-de-medalhas-e-despedida\/#primaryimage"},"image":{"@id":"https:\/\/swimchannel.net\/br\/dia-de-recorde-de-medalhas-e-despedida\/#primaryimage"},"thumbnailUrl":"https:\/\/swimchannel.net\/br\/wp-content\/uploads\/2021\/09\/51417319248_b4bce1d88e_k.jpg","datePublished":"2021-09-01T15:15:42+00:00","dateModified":"2021-09-01T22:23:58+00:00","breadcrumb":{"@id":"https:\/\/swimchannel.net\/br\/dia-de-recorde-de-medalhas-e-despedida\/#breadcrumb"},"inLanguage":"pt-BR","potentialAction":[{"@type":"ReadAction","target":["https:\/\/swimchannel.net\/br\/dia-de-recorde-de-medalhas-e-despedida\/"]}]},{"@type":"ImageObject","inLanguage":"pt-BR","@id":"https:\/\/swimchannel.net\/br\/dia-de-recorde-de-medalhas-e-despedida\/#primaryimage","url":"https:\/\/swimchannel.net\/br\/wp-content\/uploads\/2021\/09\/51417319248_b4bce1d88e_k.jpg","contentUrl":"https:\/\/swimchannel.net\/br\/wp-content\/uploads\/2021\/09\/51417319248_b4bce1d88e_k.jpg","width":914,"height":630,"caption":"Maria Carolina Santiago - Foto: Ale Cabral\/CPB"},{"@type":"BreadcrumbList","@id":"https:\/\/swimchannel.net\/br\/dia-de-recorde-de-medalhas-e-despedida\/#breadcrumb","itemListElement":[{"@type":"ListItem","position":1,"name":"Home","item":"https:\/\/swimchannel.net\/br\/"},{"@type":"ListItem","position":2,"name":"Dia de recorde de medalhas e despedida"}]},{"@type":"WebSite","@id":"https:\/\/swimchannel.net\/br\/#website","url":"https:\/\/swimchannel.net\/br\/","name":"Swimchannel","description":"Maior portal de nata\u00e7\u00e3o da america latina","publisher":{"@id":"https:\/\/swimchannel.net\/br\/#organization"},"potentialAction":[{"@type":"SearchAction","target":{"@type":"EntryPoint","urlTemplate":"https:\/\/swimchannel.net\/br\/?s={search_term_string}"},"query-input":{"@type":"PropertyValueSpecification","valueRequired":true,"valueName":"search_term_string"}}],"inLanguage":"pt-BR"},{"@type":"Organization","@id":"https:\/\/swimchannel.net\/br\/#organization","name":"Swimchannel - Conectando voc\u00ea a Nata\u00e7\u00e3o","url":"https:\/\/swimchannel.net\/br\/","logo":{"@type":"ImageObject","inLanguage":"pt-BR","@id":"https:\/\/swimchannel.net\/br\/#\/schema\/logo\/image\/","url":"https:\/\/swimchannel.net\/br\/wp-content\/uploads\/2026\/02\/SWIM-CHANNEL.png","contentUrl":"https:\/\/swimchannel.net\/br\/wp-content\/uploads\/2026\/02\/SWIM-CHANNEL.png","width":1120,"height":630,"caption":"Swimchannel - Conectando voc\u00ea a Nata\u00e7\u00e3o"},"image":{"@id":"https:\/\/swimchannel.net\/br\/#\/schema\/logo\/image\/"},"sameAs":["https:\/\/www.facebook.com\/swimchannel","https:\/\/www.instagram.com\/swimchannel"]},{"@type":"Person","@id":"https:\/\/swimchannel.net\/br\/#\/schema\/person\/aa2a63bab3275f53749a83276b213c48","name":"Guilherme Freitas","image":{"@type":"ImageObject","inLanguage":"pt-BR","@id":"https:\/\/swimchannel.net\/br\/#\/schema\/person\/image\/","url":"https:\/\/swimchannel.net\/br\/wp-content\/uploads\/2025\/10\/gui22-193x180.png","contentUrl":"https:\/\/swimchannel.net\/br\/wp-content\/uploads\/2025\/10\/gui22-193x180.png","caption":"Guilherme Freitas"},"description":"Jornalista s\u00eanior da SWIM CHANNEL, ex-correspondente da FINA no Brasil e pesquisador acad\u00eamico.","sameAs":["instagram.com\/guifreitas86"],"url":"https:\/\/swimchannel.net\/br\/author\/guilherme-freitas\/"}]}},"_links":{"self":[{"href":"https:\/\/swimchannel.net\/br\/wp-json\/wp\/v2\/posts\/45883","targetHints":{"allow":["GET"]}}],"collection":[{"href":"https:\/\/swimchannel.net\/br\/wp-json\/wp\/v2\/posts"}],"about":[{"href":"https:\/\/swimchannel.net\/br\/wp-json\/wp\/v2\/types\/post"}],"author":[{"embeddable":true,"href":"https:\/\/swimchannel.net\/br\/wp-json\/wp\/v2\/users\/3"}],"replies":[{"embeddable":true,"href":"https:\/\/swimchannel.net\/br\/wp-json\/wp\/v2\/comments?post=45883"}],"version-history":[{"count":0,"href":"https:\/\/swimchannel.net\/br\/wp-json\/wp\/v2\/posts\/45883\/revisions"}],"wp:featuredmedia":[{"embeddable":true,"href":"https:\/\/swimchannel.net\/br\/wp-json\/wp\/v2\/media\/45887"}],"wp:attachment":[{"href":"https:\/\/swimchannel.net\/br\/wp-json\/wp\/v2\/media?parent=45883"}],"wp:term":[{"taxonomy":"category","embeddable":true,"href":"https:\/\/swimchannel.net\/br\/wp-json\/wp\/v2\/categories?post=45883"},{"taxonomy":"post_tag","embeddable":true,"href":"https:\/\/swimchannel.net\/br\/wp-json\/wp\/v2\/tags?post=45883"}],"curies":[{"name":"wp","href":"https:\/\/api.w.org\/{rel}","templated":true}]}}