{"id":48454,"date":"2022-01-10T11:25:13","date_gmt":"2022-01-10T14:25:13","guid":{"rendered":"https:\/\/swimchannel.net\/br\/?p=48454"},"modified":"2026-03-15T19:05:57","modified_gmt":"2026-03-15T22:05:57","slug":"adam-peaty-inicia-ano-com-training-camp-na-florida","status":"publish","type":"post","link":"https:\/\/swimchannel.net\/br\/adam-peaty-inicia-ano-com-training-camp-na-florida\/","title":{"rendered":"Adam Peaty inicia ano com training camp na Fl\u00f3rida"},"content":{"rendered":"<p>O campe\u00e3o ol\u00edmpico brit\u00e2nico e detentor do recorde mundial Adam Peaty viajou neste final de semana para a Fl\u00f3rida, nos Estados Unidos, onde far\u00e1 um training camp. Em declara\u00e7\u00f5es \u00e0 <a href=\"https:\/\/swimswam.com\/british-breaststroking-legend-adam-peaty-heads-to-florida-for-training-camp\/\" target=\"_blank\" rel=\"noopener\">SwimSwam<\/a>, o nadador revelou que treinar\u00e1 nos Centros Aqu\u00e1ticos de Deerfield e Pompano Beach nas pr\u00f3ximas tr\u00eas semanas. Ambas as cidades est\u00e3o localizadas no condado de Broward, no sudeste da Fl\u00f3rida e pr\u00f3ximo a cidade de Fort Lauderdale.<\/p>\n<p>\u201cO objetivo do camp \u00e9 acelerar o preparo f\u00edsico e tomar sol, pois este \u00e9 meu primeiro acampamento de treinamento desde a Austr\u00e1lia em janeiro de 2020\u201d, comentou o nadador para a Swim Swam. Depois de se tornar bicampe\u00e3o ol\u00edmpico dos 100m peito em T\u00f3quio, Peaty fez uma pausa na piscina e participou de uma competi\u00e7\u00e3o de dan\u00e7a bastante conhecida da televis\u00e3o brit\u00e2nica o Strictly Come Dancing , onde saiu antes da final.<\/p>\n<p>Depois da participa\u00e7\u00e3o no programa, Peaty e sua t\u00e9cnica de longa data, Melaine Marshall, divulgaram seu \u00faltimo projeto intitulado &#8216;Projeto Imortal&#8217;. O objetivo do projeto \u00e9 de estabelecer um recorde que resistir\u00e1 ao tempo. Eles pretendem superar novamente a marca mundial nos 100m peito visando n\u00e3o apenas diminuir o tempo, mas estabelecer um resultado que perdurar\u00e1 por muitas gera\u00e7\u00f5es.<\/p>\n<p>\u201cFazer um tempo que nunca pode ser derrotado \u00e9 algo incr\u00edvel. Temos como meta alcan\u00e7ar essa marca nos pr\u00f3ximos tr\u00eas anos, at\u00e9 os Jogos Ol\u00edmpicos de Paris. Mais do que nunca, temos que atacar para tornar esse objetivo uma realidade e eu sei onde preciso estar para chegar at\u00e9 l\u00e1\u201d, disse o nadador ao canal de TV brit\u00e2nico Sky Sports.<\/p>\n","protected":false},"excerpt":{"rendered":"<p>Campe\u00e3o ol\u00edmpico brit\u00e2nico viajou no \u00faltimo final de semana para os Estados Unidos e ficar\u00e1 por l\u00e1 at\u00e9 o fim do m\u00eas<\/p>\n","protected":false},"author":9,"featured_media":0,"comment_status":"open","ping_status":"open","sticky":false,"template":"","format":"gallery","meta":{"footnotes":""},"categories":[137],"tags":[94,5,952,4504],"class_list":["post-48454","post","type-post","status-publish","format-gallery","hentry","category-natacao","tag-adam-peaty","tag-natacao","tag-paris-2024","tag-training-camp","post_format-post-format-gallery"],"yoast_head":"<!-- This site is optimized with the Yoast SEO plugin v27.0 - https:\/\/yoast.com\/product\/yoast-seo-wordpress\/ -->\n<title>Adam Peaty inicia ano com training camp na Fl\u00f3rida - Swimchannel<\/title>\n<meta name=\"robots\" content=\"index, follow, max-snippet:-1, max-image-preview:large, max-video-preview:-1\" \/>\n<link rel=\"canonical\" href=\"https:\/\/swimchannel.net\/br\/adam-peaty-inicia-ano-com-training-camp-na-florida\/\" \/>\n<meta property=\"og:locale\" content=\"pt_BR\" \/>\n<meta property=\"og:type\" content=\"article\" \/>\n<meta property=\"og:title\" content=\"Adam Peaty inicia ano com training camp na Fl\u00f3rida - Swimchannel\" \/>\n<meta property=\"og:description\" content=\"Campe\u00e3o ol\u00edmpico brit\u00e2nico viajou no \u00faltimo final de semana para os Estados Unidos e ficar\u00e1 por l\u00e1 at\u00e9 o fim do m\u00eas\" \/>\n<meta property=\"og:url\" content=\"https:\/\/swimchannel.net\/br\/adam-peaty-inicia-ano-com-training-camp-na-florida\/\" \/>\n<meta property=\"og:site_name\" content=\"Swimchannel\" \/>\n<meta property=\"article:publisher\" content=\"https:\/\/www.facebook.com\/swimchannel\" \/>\n<meta property=\"article:published_time\" content=\"2022-01-10T14:25:13+00:00\" \/>\n<meta property=\"article:modified_time\" content=\"2026-03-15T22:05:57+00:00\" \/>\n<meta name=\"author\" content=\"Katarine Monteiro\" \/>\n<meta name=\"twitter:card\" content=\"summary_large_image\" \/>\n<meta name=\"twitter:creator\" content=\"@https:\/\/twitter.com\/Katarinem\" \/>\n<meta name=\"twitter:label1\" content=\"Escrito por\" \/>\n\t<meta name=\"twitter:data1\" content=\"Katarine Monteiro\" \/>\n\t<meta name=\"twitter:label2\" content=\"Est. tempo de leitura\" \/>\n\t<meta name=\"twitter:data2\" content=\"2 minutos\" \/>\n<script type=\"application\/ld+json\" class=\"yoast-schema-graph\">{\"@context\":\"https:\/\/schema.org\",\"@graph\":[{\"@type\":\"Article\",\"@id\":\"https:\/\/swimchannel.net\/br\/adam-peaty-inicia-ano-com-training-camp-na-florida\/#article\",\"isPartOf\":{\"@id\":\"https:\/\/swimchannel.net\/br\/adam-peaty-inicia-ano-com-training-camp-na-florida\/\"},\"author\":{\"name\":\"Katarine Monteiro\",\"@id\":\"https:\/\/swimchannel.net\/br\/#\/schema\/person\/73ae9cec62249968bca1f0a8098ef002\"},\"headline\":\"Adam Peaty inicia ano com training camp na Fl\u00f3rida\",\"datePublished\":\"2022-01-10T14:25:13+00:00\",\"dateModified\":\"2026-03-15T22:05:57+00:00\",\"mainEntityOfPage\":{\"@id\":\"https:\/\/swimchannel.net\/br\/adam-peaty-inicia-ano-com-training-camp-na-florida\/\"},\"wordCount\":293,\"commentCount\":1,\"publisher\":{\"@id\":\"https:\/\/swimchannel.net\/br\/#organization\"},\"keywords\":[\"Adam Peaty\",\"natacao\",\"Paris-2024\",\"training camp\"],\"articleSection\":[\"Nata\u00e7\u00e3o\"],\"inLanguage\":\"pt-BR\",\"potentialAction\":[{\"@type\":\"CommentAction\",\"name\":\"Comment\",\"target\":[\"https:\/\/swimchannel.net\/br\/adam-peaty-inicia-ano-com-training-camp-na-florida\/#respond\"]}]},{\"@type\":\"WebPage\",\"@id\":\"https:\/\/swimchannel.net\/br\/adam-peaty-inicia-ano-com-training-camp-na-florida\/\",\"url\":\"https:\/\/swimchannel.net\/br\/adam-peaty-inicia-ano-com-training-camp-na-florida\/\",\"name\":\"Adam Peaty inicia ano com training camp na Fl\u00f3rida - Swimchannel\",\"isPartOf\":{\"@id\":\"https:\/\/swimchannel.net\/br\/#website\"},\"datePublished\":\"2022-01-10T14:25:13+00:00\",\"dateModified\":\"2026-03-15T22:05:57+00:00\",\"breadcrumb\":{\"@id\":\"https:\/\/swimchannel.net\/br\/adam-peaty-inicia-ano-com-training-camp-na-florida\/#breadcrumb\"},\"inLanguage\":\"pt-BR\",\"potentialAction\":[{\"@type\":\"ReadAction\",\"target\":[\"https:\/\/swimchannel.net\/br\/adam-peaty-inicia-ano-com-training-camp-na-florida\/\"]}]},{\"@type\":\"BreadcrumbList\",\"@id\":\"https:\/\/swimchannel.net\/br\/adam-peaty-inicia-ano-com-training-camp-na-florida\/#breadcrumb\",\"itemListElement\":[{\"@type\":\"ListItem\",\"position\":1,\"name\":\"Home\",\"item\":\"https:\/\/swimchannel.net\/br\/\"},{\"@type\":\"ListItem\",\"position\":2,\"name\":\"Adam Peaty inicia ano com training camp na Fl\u00f3rida\"}]},{\"@type\":\"WebSite\",\"@id\":\"https:\/\/swimchannel.net\/br\/#website\",\"url\":\"https:\/\/swimchannel.net\/br\/\",\"name\":\"Swimchannel\",\"description\":\"Maior portal de nata\u00e7\u00e3o da america latina\",\"publisher\":{\"@id\":\"https:\/\/swimchannel.net\/br\/#organization\"},\"potentialAction\":[{\"@type\":\"SearchAction\",\"target\":{\"@type\":\"EntryPoint\",\"urlTemplate\":\"https:\/\/swimchannel.net\/br\/?s={search_term_string}\"},\"query-input\":{\"@type\":\"PropertyValueSpecification\",\"valueRequired\":true,\"valueName\":\"search_term_string\"}}],\"inLanguage\":\"pt-BR\"},{\"@type\":\"Organization\",\"@id\":\"https:\/\/swimchannel.net\/br\/#organization\",\"name\":\"Swimchannel - Conectando voc\u00ea a Nata\u00e7\u00e3o\",\"url\":\"https:\/\/swimchannel.net\/br\/\",\"logo\":{\"@type\":\"ImageObject\",\"inLanguage\":\"pt-BR\",\"@id\":\"https:\/\/swimchannel.net\/br\/#\/schema\/logo\/image\/\",\"url\":\"https:\/\/swimchannel.net\/br\/wp-content\/uploads\/2026\/02\/SWIM-CHANNEL.png\",\"contentUrl\":\"https:\/\/swimchannel.net\/br\/wp-content\/uploads\/2026\/02\/SWIM-CHANNEL.png\",\"width\":1120,\"height\":630,\"caption\":\"Swimchannel - Conectando voc\u00ea a Nata\u00e7\u00e3o\"},\"image\":{\"@id\":\"https:\/\/swimchannel.net\/br\/#\/schema\/logo\/image\/\"},\"sameAs\":[\"https:\/\/www.facebook.com\/swimchannel\",\"https:\/\/www.instagram.com\/swimchannel\"]},{\"@type\":\"Person\",\"@id\":\"https:\/\/swimchannel.net\/br\/#\/schema\/person\/73ae9cec62249968bca1f0a8098ef002\",\"name\":\"Katarine Monteiro\",\"image\":{\"@type\":\"ImageObject\",\"inLanguage\":\"pt-BR\",\"@id\":\"https:\/\/swimchannel.net\/br\/#\/schema\/person\/image\/\",\"url\":\"https:\/\/swimchannel.net\/br\/wp-content\/uploads\/2022\/01\/Katarine-Monteiro-100x100.jpg\",\"contentUrl\":\"https:\/\/swimchannel.net\/br\/wp-content\/uploads\/2022\/01\/Katarine-Monteiro-100x100.jpg\",\"caption\":\"Katarine Monteiro\"},\"description\":\"Jornalista SWIM CHANNEL especializada em esportes ol\u00edmpicos e em sa\u00fade. Com cobertura de grandes eventos internacionais, como Jogos Ol\u00edmpicos Rio 2016, Jogos Pan-Americanos em Lima 2019, Qatar Total Open 2020, Qatar ExxonMobil Open 2019 - t\u00eanis em Doha (QT), Semana Internacional de Vela de Ilhabela, Transat Jacques Vabre 2019 (Fran\u00e7a-Brasil), L'\u00c9tape Brasil by Tour de France, j\u00e1 fez in\u00fameras coberturas de nata\u00e7\u00e3o, maratona aqu\u00e1tica e polo aqu\u00e1tico. Formada tamb\u00e9m em Letras, a jornalista atua como assessora de imprensa, rela\u00e7\u00f5es p\u00fablicas e social media, com especializa\u00e7\u00e3o em marketing esportivo. Nadadora amadora de \u00e1guas abertas, j\u00e1 trabalhou com grandes nomes da nata\u00e7\u00e3o e do polo aqu\u00e1tico brasileiro.\",\"sameAs\":[\"https:\/\/www.instagram.com\/_katarinemonteiro\/\",\"https:\/\/www.linkedin.com\/in\/katarine-monteiro-19385297\/\",\"https:\/\/x.com\/https:\/\/twitter.com\/Katarinem\"],\"url\":\"https:\/\/swimchannel.net\/br\/author\/katarine-monteiro\/\"}]}<\/script>\n<!-- \/ Yoast SEO plugin. -->","yoast_head_json":{"title":"Adam Peaty inicia ano com training camp na Fl\u00f3rida - Swimchannel","robots":{"index":"index","follow":"follow","max-snippet":"max-snippet:-1","max-image-preview":"max-image-preview:large","max-video-preview":"max-video-preview:-1"},"canonical":"https:\/\/swimchannel.net\/br\/adam-peaty-inicia-ano-com-training-camp-na-florida\/","og_locale":"pt_BR","og_type":"article","og_title":"Adam Peaty inicia ano com training camp na Fl\u00f3rida - Swimchannel","og_description":"Campe\u00e3o ol\u00edmpico brit\u00e2nico viajou no \u00faltimo final de semana para os Estados Unidos e ficar\u00e1 por l\u00e1 at\u00e9 o fim do m\u00eas","og_url":"https:\/\/swimchannel.net\/br\/adam-peaty-inicia-ano-com-training-camp-na-florida\/","og_site_name":"Swimchannel","article_publisher":"https:\/\/www.facebook.com\/swimchannel","article_published_time":"2022-01-10T14:25:13+00:00","article_modified_time":"2026-03-15T22:05:57+00:00","author":"Katarine Monteiro","twitter_card":"summary_large_image","twitter_creator":"@https:\/\/twitter.com\/Katarinem","twitter_misc":{"Escrito por":"Katarine Monteiro","Est. tempo de leitura":"2 minutos"},"schema":{"@context":"https:\/\/schema.org","@graph":[{"@type":"Article","@id":"https:\/\/swimchannel.net\/br\/adam-peaty-inicia-ano-com-training-camp-na-florida\/#article","isPartOf":{"@id":"https:\/\/swimchannel.net\/br\/adam-peaty-inicia-ano-com-training-camp-na-florida\/"},"author":{"name":"Katarine Monteiro","@id":"https:\/\/swimchannel.net\/br\/#\/schema\/person\/73ae9cec62249968bca1f0a8098ef002"},"headline":"Adam Peaty inicia ano com training camp na Fl\u00f3rida","datePublished":"2022-01-10T14:25:13+00:00","dateModified":"2026-03-15T22:05:57+00:00","mainEntityOfPage":{"@id":"https:\/\/swimchannel.net\/br\/adam-peaty-inicia-ano-com-training-camp-na-florida\/"},"wordCount":293,"commentCount":1,"publisher":{"@id":"https:\/\/swimchannel.net\/br\/#organization"},"keywords":["Adam Peaty","natacao","Paris-2024","training camp"],"articleSection":["Nata\u00e7\u00e3o"],"inLanguage":"pt-BR","potentialAction":[{"@type":"CommentAction","name":"Comment","target":["https:\/\/swimchannel.net\/br\/adam-peaty-inicia-ano-com-training-camp-na-florida\/#respond"]}]},{"@type":"WebPage","@id":"https:\/\/swimchannel.net\/br\/adam-peaty-inicia-ano-com-training-camp-na-florida\/","url":"https:\/\/swimchannel.net\/br\/adam-peaty-inicia-ano-com-training-camp-na-florida\/","name":"Adam Peaty inicia ano com training camp na Fl\u00f3rida - Swimchannel","isPartOf":{"@id":"https:\/\/swimchannel.net\/br\/#website"},"datePublished":"2022-01-10T14:25:13+00:00","dateModified":"2026-03-15T22:05:57+00:00","breadcrumb":{"@id":"https:\/\/swimchannel.net\/br\/adam-peaty-inicia-ano-com-training-camp-na-florida\/#breadcrumb"},"inLanguage":"pt-BR","potentialAction":[{"@type":"ReadAction","target":["https:\/\/swimchannel.net\/br\/adam-peaty-inicia-ano-com-training-camp-na-florida\/"]}]},{"@type":"BreadcrumbList","@id":"https:\/\/swimchannel.net\/br\/adam-peaty-inicia-ano-com-training-camp-na-florida\/#breadcrumb","itemListElement":[{"@type":"ListItem","position":1,"name":"Home","item":"https:\/\/swimchannel.net\/br\/"},{"@type":"ListItem","position":2,"name":"Adam Peaty inicia ano com training camp na Fl\u00f3rida"}]},{"@type":"WebSite","@id":"https:\/\/swimchannel.net\/br\/#website","url":"https:\/\/swimchannel.net\/br\/","name":"Swimchannel","description":"Maior portal de nata\u00e7\u00e3o da america latina","publisher":{"@id":"https:\/\/swimchannel.net\/br\/#organization"},"potentialAction":[{"@type":"SearchAction","target":{"@type":"EntryPoint","urlTemplate":"https:\/\/swimchannel.net\/br\/?s={search_term_string}"},"query-input":{"@type":"PropertyValueSpecification","valueRequired":true,"valueName":"search_term_string"}}],"inLanguage":"pt-BR"},{"@type":"Organization","@id":"https:\/\/swimchannel.net\/br\/#organization","name":"Swimchannel - Conectando voc\u00ea a Nata\u00e7\u00e3o","url":"https:\/\/swimchannel.net\/br\/","logo":{"@type":"ImageObject","inLanguage":"pt-BR","@id":"https:\/\/swimchannel.net\/br\/#\/schema\/logo\/image\/","url":"https:\/\/swimchannel.net\/br\/wp-content\/uploads\/2026\/02\/SWIM-CHANNEL.png","contentUrl":"https:\/\/swimchannel.net\/br\/wp-content\/uploads\/2026\/02\/SWIM-CHANNEL.png","width":1120,"height":630,"caption":"Swimchannel - Conectando voc\u00ea a Nata\u00e7\u00e3o"},"image":{"@id":"https:\/\/swimchannel.net\/br\/#\/schema\/logo\/image\/"},"sameAs":["https:\/\/www.facebook.com\/swimchannel","https:\/\/www.instagram.com\/swimchannel"]},{"@type":"Person","@id":"https:\/\/swimchannel.net\/br\/#\/schema\/person\/73ae9cec62249968bca1f0a8098ef002","name":"Katarine Monteiro","image":{"@type":"ImageObject","inLanguage":"pt-BR","@id":"https:\/\/swimchannel.net\/br\/#\/schema\/person\/image\/","url":"https:\/\/swimchannel.net\/br\/wp-content\/uploads\/2022\/01\/Katarine-Monteiro-100x100.jpg","contentUrl":"https:\/\/swimchannel.net\/br\/wp-content\/uploads\/2022\/01\/Katarine-Monteiro-100x100.jpg","caption":"Katarine Monteiro"},"description":"Jornalista SWIM CHANNEL especializada em esportes ol\u00edmpicos e em sa\u00fade. Com cobertura de grandes eventos internacionais, como Jogos Ol\u00edmpicos Rio 2016, Jogos Pan-Americanos em Lima 2019, Qatar Total Open 2020, Qatar ExxonMobil Open 2019 - t\u00eanis em Doha (QT), Semana Internacional de Vela de Ilhabela, Transat Jacques Vabre 2019 (Fran\u00e7a-Brasil), L'\u00c9tape Brasil by Tour de France, j\u00e1 fez in\u00fameras coberturas de nata\u00e7\u00e3o, maratona aqu\u00e1tica e polo aqu\u00e1tico. Formada tamb\u00e9m em Letras, a jornalista atua como assessora de imprensa, rela\u00e7\u00f5es p\u00fablicas e social media, com especializa\u00e7\u00e3o em marketing esportivo. Nadadora amadora de \u00e1guas abertas, j\u00e1 trabalhou com grandes nomes da nata\u00e7\u00e3o e do polo aqu\u00e1tico brasileiro.","sameAs":["https:\/\/www.instagram.com\/_katarinemonteiro\/","https:\/\/www.linkedin.com\/in\/katarine-monteiro-19385297\/","https:\/\/x.com\/https:\/\/twitter.com\/Katarinem"],"url":"https:\/\/swimchannel.net\/br\/author\/katarine-monteiro\/"}]}},"_links":{"self":[{"href":"https:\/\/swimchannel.net\/br\/wp-json\/wp\/v2\/posts\/48454","targetHints":{"allow":["GET"]}}],"collection":[{"href":"https:\/\/swimchannel.net\/br\/wp-json\/wp\/v2\/posts"}],"about":[{"href":"https:\/\/swimchannel.net\/br\/wp-json\/wp\/v2\/types\/post"}],"author":[{"embeddable":true,"href":"https:\/\/swimchannel.net\/br\/wp-json\/wp\/v2\/users\/9"}],"replies":[{"embeddable":true,"href":"https:\/\/swimchannel.net\/br\/wp-json\/wp\/v2\/comments?post=48454"}],"version-history":[{"count":1,"href":"https:\/\/swimchannel.net\/br\/wp-json\/wp\/v2\/posts\/48454\/revisions"}],"predecessor-version":[{"id":80390,"href":"https:\/\/swimchannel.net\/br\/wp-json\/wp\/v2\/posts\/48454\/revisions\/80390"}],"wp:attachment":[{"href":"https:\/\/swimchannel.net\/br\/wp-json\/wp\/v2\/media?parent=48454"}],"wp:term":[{"taxonomy":"category","embeddable":true,"href":"https:\/\/swimchannel.net\/br\/wp-json\/wp\/v2\/categories?post=48454"},{"taxonomy":"post_tag","embeddable":true,"href":"https:\/\/swimchannel.net\/br\/wp-json\/wp\/v2\/tags?post=48454"}],"curies":[{"name":"wp","href":"https:\/\/api.w.org\/{rel}","templated":true}]}}