{"id":4878,"date":"2017-09-27T20:04:27","date_gmt":"2017-09-27T20:04:27","guid":{"rendered":"https:\/\/digitalprojects.websiteseguro.com\/projetos\/swimchannel\/?p=4878"},"modified":"2017-09-27T20:04:47","modified_gmt":"2017-09-27T20:04:47","slug":"selecao-para-o-mundial-militar-de-natacao-e-convocada","status":"publish","type":"post","link":"https:\/\/swimchannel.net\/br\/selecao-para-o-mundial-militar-de-natacao-e-convocada\/","title":{"rendered":"Sele\u00e7\u00e3o para o Mundial Militar de nata\u00e7\u00e3o \u00e9 convocada"},"content":{"rendered":"<p style=\"text-align: justify;\">Thiago Simon presta contin\u00eancia nos Jogos Pan-americanos de Toronto-2015 &#8211; Foto: Satiro Sodre\/SSPress<\/p>\n<p style=\"text-align: justify;\">Dezembro ser\u00e1 um m\u00eas bem agitado para 20 nadadores brasileiros. Entre os dias 6 e 9 eles disputam no Rio de Janeiro o Torneio Open CBDA. Um dia depois do t\u00e9rmino do \u00faltimo campeonato nacional eles voltam as piscinas para encarar outro evento tamb\u00e9m na cidade maravilhosa. Antes das f\u00e9rias de fim de ano este grupo de nadadores ter\u00e1 um \u00faltimo compromisso na temporada 2017: a disputa da 49\u00aa edi\u00e7\u00e3o do Campeonato Mundial de Nata\u00e7\u00e3o Militar, que vai do dia 10 a 17 de dezembro.<\/p>\n<p style=\"text-align: justify;\">A competi\u00e7\u00e3o ser\u00e1 realizada na piscina da\u00a0Universidade da For\u00e7a A\u00e9rea Brasileira\u00a0(UNIFA). Todos esses atletas, al\u00e9m de serem membros das For\u00e7as Armadas (Ex\u00e9rcito, Marinha e Aeron\u00e1utica) tamb\u00e9m s\u00e3o atletas da sele\u00e7\u00e3o brasileira principal, tendo no curr\u00edculo participa\u00e7\u00f5es em Jogos Ol\u00edmpicos, Jogos Pan-Americanos e Campeonatos Mundiais da Fina.\u00a0Os grandes destaques da equipe\u00a0convocada pela Comiss\u00e3o Desportiva Militar do Brasil ser\u00e3o\u00a0Etiene Medeiros e Jo\u00e3o Luiz J\u00fanior, medalhistas no \u00faltimo Campeonato Mundial de Esportes Aqu\u00e1ticos de Budapeste e que fazem parte da Marinha brasileira.\u00a0Ao todo 136 pa\u00edses est\u00e3o inscritos na competi\u00e7\u00e3o e dever\u00e3o participar do Mundial Militar. Confira abaixo a lista de convocados para o Miundial.<\/p>\n<figure id=\"attachment_4879\" aria-describedby=\"caption-attachment-4879\" style=\"width: 800px\" class=\"wp-caption alignnone\"><a href=\"https:\/\/digitalprojects.websiteseguro.com\/projetos\/swimchannel\/wp-content\/uploads\/2017\/09\/A71Q5857.jpg\"><img loading=\"lazy\" decoding=\"async\" class=\"wp-image-4879\" src=\"https:\/\/digitalprojects.websiteseguro.com\/projetos\/swimchannel\/wp-content\/uploads\/2017\/09\/A71Q5857.jpg\" alt=\"Etiene Medeiros \u00e9 atleta da Marinha do Brasil - Foto: Satiro Sodr\u00e9\/SSPress\/CBDA\" width=\"800\" height=\"533\" srcset=\"https:\/\/swimchannel.net\/br\/wp-content\/uploads\/2017\/09\/A71Q5857.jpg 2362w, https:\/\/swimchannel.net\/br\/wp-content\/uploads\/2017\/09\/A71Q5857-600x400.jpg 600w, https:\/\/swimchannel.net\/br\/wp-content\/uploads\/2017\/09\/A71Q5857-768x512.jpg 768w, https:\/\/swimchannel.net\/br\/wp-content\/uploads\/2017\/09\/A71Q5857-300x200.jpg 300w, https:\/\/swimchannel.net\/br\/wp-content\/uploads\/2017\/09\/A71Q5857-1024x683.jpg 1024w\" sizes=\"auto, (max-width: 800px) 100vw, 800px\" \/><\/a><figcaption id=\"caption-attachment-4879\" class=\"wp-caption-text\">Etiene Medeiros \u00e9 atleta da Marinha do Brasil &#8211; Foto: Satiro Sodr\u00e9\/SSPress\/CBDA<\/figcaption><\/figure>\n<p style=\"text-align: justify;\"><strong>Sele\u00e7\u00e3o brasileira do Mundial Militar:\u00a0<\/strong>Brandonn Almeida,\u00a0Daiene Dias,\u00a0Etiene Medeiros,\u00a0F\u00e1bio Santi, Gabriel Santos, Gabrielle Roncatto, Giovana Diamante,\u00a0Graciele Herrmann,\u00a0Guilherme Costa,\u00a0Henrique Martins,\u00a0Jhennifer Concei\u00e7\u00e3o,\u00a0Jo\u00e3o Luiz J\u00fanior, Larissa Oliveira, Leonardo de Deus,\u00a0Luiz Altamir, Manuella Lyrio,\u00a0Nat\u00e1lia de Luccas,\u00a0P\u00e2mela Souza,\u00a0Pedro Cardona e Thiago Simon.<\/p>\n<p style=\"text-align: justify;\"><strong>Por Guilherme Freitas<\/strong><\/p>\n","protected":false},"excerpt":{"rendered":"<p>Ao todo 20 nadadores foram convocados para evento que acontece no Rio de Janeiro em dezembro<\/p>\n","protected":false},"author":3,"featured_media":4880,"comment_status":"open","ping_status":"open","sticky":false,"template":"","format":"standard","meta":{"footnotes":""},"categories":[137],"tags":[40,1007,1008,5,207],"class_list":["post-4878","post","type-post","status-publish","format-standard","has-post-thumbnail","hentry","category-natacao","tag-etiene-medeiros","tag-forcas-armadas","tag-mundial-militar-de-natacao","tag-natacao","tag-rio-de-janeiro"],"yoast_head":"<!-- This site is optimized with the Yoast SEO plugin v27.0 - https:\/\/yoast.com\/product\/yoast-seo-wordpress\/ -->\n<title>Sele\u00e7\u00e3o para o Mundial Militar de nata\u00e7\u00e3o \u00e9 convocada - Swimchannel<\/title>\n<meta name=\"robots\" content=\"index, follow, max-snippet:-1, max-image-preview:large, max-video-preview:-1\" \/>\n<link rel=\"canonical\" href=\"https:\/\/swimchannel.net\/br\/selecao-para-o-mundial-militar-de-natacao-e-convocada\/\" \/>\n<meta property=\"og:locale\" content=\"pt_BR\" \/>\n<meta property=\"og:type\" content=\"article\" \/>\n<meta property=\"og:title\" content=\"Sele\u00e7\u00e3o para o Mundial Militar de nata\u00e7\u00e3o \u00e9 convocada - Swimchannel\" \/>\n<meta property=\"og:description\" content=\"Ao todo 20 nadadores foram convocados para evento que acontece no Rio de Janeiro em dezembro\" \/>\n<meta property=\"og:url\" content=\"https:\/\/swimchannel.net\/br\/selecao-para-o-mundial-militar-de-natacao-e-convocada\/\" \/>\n<meta property=\"og:site_name\" content=\"Swimchannel\" \/>\n<meta property=\"article:publisher\" content=\"https:\/\/www.facebook.com\/swimchannel\" \/>\n<meta property=\"article:published_time\" content=\"2017-09-27T20:04:27+00:00\" \/>\n<meta property=\"article:modified_time\" content=\"2017-09-27T20:04:47+00:00\" \/>\n<meta property=\"og:image\" content=\"https:\/\/swimchannel.net\/br\/wp-content\/uploads\/2017\/09\/A71Q5879.jpg\" \/>\n\t<meta property=\"og:image:width\" content=\"2362\" \/>\n\t<meta property=\"og:image:height\" content=\"1575\" \/>\n\t<meta property=\"og:image:type\" content=\"image\/jpeg\" \/>\n<meta name=\"author\" content=\"Guilherme Freitas\" \/>\n<meta name=\"twitter:card\" content=\"summary_large_image\" \/>\n<meta name=\"twitter:label1\" content=\"Escrito por\" \/>\n\t<meta name=\"twitter:data1\" content=\"Guilherme Freitas\" \/>\n\t<meta name=\"twitter:label2\" content=\"Est. tempo de leitura\" \/>\n\t<meta name=\"twitter:data2\" content=\"2 minutos\" \/>\n<script type=\"application\/ld+json\" class=\"yoast-schema-graph\">{\"@context\":\"https:\/\/schema.org\",\"@graph\":[{\"@type\":\"Article\",\"@id\":\"https:\/\/swimchannel.net\/br\/selecao-para-o-mundial-militar-de-natacao-e-convocada\/#article\",\"isPartOf\":{\"@id\":\"https:\/\/swimchannel.net\/br\/selecao-para-o-mundial-militar-de-natacao-e-convocada\/\"},\"author\":{\"name\":\"Guilherme Freitas\",\"@id\":\"https:\/\/swimchannel.net\/br\/#\/schema\/person\/aa2a63bab3275f53749a83276b213c48\"},\"headline\":\"Sele\u00e7\u00e3o para o Mundial Militar de nata\u00e7\u00e3o \u00e9 convocada\",\"datePublished\":\"2017-09-27T20:04:27+00:00\",\"dateModified\":\"2017-09-27T20:04:47+00:00\",\"mainEntityOfPage\":{\"@id\":\"https:\/\/swimchannel.net\/br\/selecao-para-o-mundial-militar-de-natacao-e-convocada\/\"},\"wordCount\":316,\"commentCount\":0,\"publisher\":{\"@id\":\"https:\/\/swimchannel.net\/br\/#organization\"},\"image\":{\"@id\":\"https:\/\/swimchannel.net\/br\/selecao-para-o-mundial-militar-de-natacao-e-convocada\/#primaryimage\"},\"thumbnailUrl\":\"https:\/\/swimchannel.net\/br\/wp-content\/uploads\/2017\/09\/A71Q5879.jpg\",\"keywords\":[\"Etiene Medeiros\",\"For\u00e7as Armadas\",\"Mundial Militar de Nata\u00e7\u00e3o\",\"natacao\",\"Rio de Janeiro\"],\"articleSection\":[\"Nata\u00e7\u00e3o\"],\"inLanguage\":\"pt-BR\",\"potentialAction\":[{\"@type\":\"CommentAction\",\"name\":\"Comment\",\"target\":[\"https:\/\/swimchannel.net\/br\/selecao-para-o-mundial-militar-de-natacao-e-convocada\/#respond\"]}]},{\"@type\":\"WebPage\",\"@id\":\"https:\/\/swimchannel.net\/br\/selecao-para-o-mundial-militar-de-natacao-e-convocada\/\",\"url\":\"https:\/\/swimchannel.net\/br\/selecao-para-o-mundial-militar-de-natacao-e-convocada\/\",\"name\":\"Sele\u00e7\u00e3o para o Mundial Militar de nata\u00e7\u00e3o \u00e9 convocada - Swimchannel\",\"isPartOf\":{\"@id\":\"https:\/\/swimchannel.net\/br\/#website\"},\"primaryImageOfPage\":{\"@id\":\"https:\/\/swimchannel.net\/br\/selecao-para-o-mundial-militar-de-natacao-e-convocada\/#primaryimage\"},\"image\":{\"@id\":\"https:\/\/swimchannel.net\/br\/selecao-para-o-mundial-militar-de-natacao-e-convocada\/#primaryimage\"},\"thumbnailUrl\":\"https:\/\/swimchannel.net\/br\/wp-content\/uploads\/2017\/09\/A71Q5879.jpg\",\"datePublished\":\"2017-09-27T20:04:27+00:00\",\"dateModified\":\"2017-09-27T20:04:47+00:00\",\"breadcrumb\":{\"@id\":\"https:\/\/swimchannel.net\/br\/selecao-para-o-mundial-militar-de-natacao-e-convocada\/#breadcrumb\"},\"inLanguage\":\"pt-BR\",\"potentialAction\":[{\"@type\":\"ReadAction\",\"target\":[\"https:\/\/swimchannel.net\/br\/selecao-para-o-mundial-militar-de-natacao-e-convocada\/\"]}]},{\"@type\":\"ImageObject\",\"inLanguage\":\"pt-BR\",\"@id\":\"https:\/\/swimchannel.net\/br\/selecao-para-o-mundial-militar-de-natacao-e-convocada\/#primaryimage\",\"url\":\"https:\/\/swimchannel.net\/br\/wp-content\/uploads\/2017\/09\/A71Q5879.jpg\",\"contentUrl\":\"https:\/\/swimchannel.net\/br\/wp-content\/uploads\/2017\/09\/A71Q5879.jpg\",\"width\":2362,\"height\":1575,\"caption\":\"Thiago Simon presta contin\u00eancia nos Jogos Pan-americanos de Toronto-2015 - Foto: Satiro Sodre\/SSPress\"},{\"@type\":\"BreadcrumbList\",\"@id\":\"https:\/\/swimchannel.net\/br\/selecao-para-o-mundial-militar-de-natacao-e-convocada\/#breadcrumb\",\"itemListElement\":[{\"@type\":\"ListItem\",\"position\":1,\"name\":\"Home\",\"item\":\"https:\/\/swimchannel.net\/br\/\"},{\"@type\":\"ListItem\",\"position\":2,\"name\":\"Sele\u00e7\u00e3o para o Mundial Militar de nata\u00e7\u00e3o \u00e9 convocada\"}]},{\"@type\":\"WebSite\",\"@id\":\"https:\/\/swimchannel.net\/br\/#website\",\"url\":\"https:\/\/swimchannel.net\/br\/\",\"name\":\"Swimchannel\",\"description\":\"Maior portal de nata\u00e7\u00e3o da america latina\",\"publisher\":{\"@id\":\"https:\/\/swimchannel.net\/br\/#organization\"},\"potentialAction\":[{\"@type\":\"SearchAction\",\"target\":{\"@type\":\"EntryPoint\",\"urlTemplate\":\"https:\/\/swimchannel.net\/br\/?s={search_term_string}\"},\"query-input\":{\"@type\":\"PropertyValueSpecification\",\"valueRequired\":true,\"valueName\":\"search_term_string\"}}],\"inLanguage\":\"pt-BR\"},{\"@type\":\"Organization\",\"@id\":\"https:\/\/swimchannel.net\/br\/#organization\",\"name\":\"Swimchannel - Conectando voc\u00ea a Nata\u00e7\u00e3o\",\"url\":\"https:\/\/swimchannel.net\/br\/\",\"logo\":{\"@type\":\"ImageObject\",\"inLanguage\":\"pt-BR\",\"@id\":\"https:\/\/swimchannel.net\/br\/#\/schema\/logo\/image\/\",\"url\":\"https:\/\/swimchannel.net\/br\/wp-content\/uploads\/2026\/02\/SWIM-CHANNEL.png\",\"contentUrl\":\"https:\/\/swimchannel.net\/br\/wp-content\/uploads\/2026\/02\/SWIM-CHANNEL.png\",\"width\":1120,\"height\":630,\"caption\":\"Swimchannel - Conectando voc\u00ea a Nata\u00e7\u00e3o\"},\"image\":{\"@id\":\"https:\/\/swimchannel.net\/br\/#\/schema\/logo\/image\/\"},\"sameAs\":[\"https:\/\/www.facebook.com\/swimchannel\",\"https:\/\/www.instagram.com\/swimchannel\"]},{\"@type\":\"Person\",\"@id\":\"https:\/\/swimchannel.net\/br\/#\/schema\/person\/aa2a63bab3275f53749a83276b213c48\",\"name\":\"Guilherme Freitas\",\"image\":{\"@type\":\"ImageObject\",\"inLanguage\":\"pt-BR\",\"@id\":\"https:\/\/swimchannel.net\/br\/#\/schema\/person\/image\/\",\"url\":\"https:\/\/swimchannel.net\/br\/wp-content\/uploads\/2025\/10\/gui22-193x180.png\",\"contentUrl\":\"https:\/\/swimchannel.net\/br\/wp-content\/uploads\/2025\/10\/gui22-193x180.png\",\"caption\":\"Guilherme Freitas\"},\"description\":\"Jornalista s\u00eanior da SWIM CHANNEL, ex-correspondente da FINA no Brasil e pesquisador acad\u00eamico.\",\"sameAs\":[\"instagram.com\/guifreitas86\"],\"url\":\"https:\/\/swimchannel.net\/br\/author\/guilherme-freitas\/\"}]}<\/script>\n<!-- \/ Yoast SEO plugin. -->","yoast_head_json":{"title":"Sele\u00e7\u00e3o para o Mundial Militar de nata\u00e7\u00e3o \u00e9 convocada - Swimchannel","robots":{"index":"index","follow":"follow","max-snippet":"max-snippet:-1","max-image-preview":"max-image-preview:large","max-video-preview":"max-video-preview:-1"},"canonical":"https:\/\/swimchannel.net\/br\/selecao-para-o-mundial-militar-de-natacao-e-convocada\/","og_locale":"pt_BR","og_type":"article","og_title":"Sele\u00e7\u00e3o para o Mundial Militar de nata\u00e7\u00e3o \u00e9 convocada - Swimchannel","og_description":"Ao todo 20 nadadores foram convocados para evento que acontece no Rio de Janeiro em dezembro","og_url":"https:\/\/swimchannel.net\/br\/selecao-para-o-mundial-militar-de-natacao-e-convocada\/","og_site_name":"Swimchannel","article_publisher":"https:\/\/www.facebook.com\/swimchannel","article_published_time":"2017-09-27T20:04:27+00:00","article_modified_time":"2017-09-27T20:04:47+00:00","og_image":[{"width":2362,"height":1575,"url":"https:\/\/swimchannel.net\/br\/wp-content\/uploads\/2017\/09\/A71Q5879.jpg","type":"image\/jpeg"}],"author":"Guilherme Freitas","twitter_card":"summary_large_image","twitter_misc":{"Escrito por":"Guilherme Freitas","Est. tempo de leitura":"2 minutos"},"schema":{"@context":"https:\/\/schema.org","@graph":[{"@type":"Article","@id":"https:\/\/swimchannel.net\/br\/selecao-para-o-mundial-militar-de-natacao-e-convocada\/#article","isPartOf":{"@id":"https:\/\/swimchannel.net\/br\/selecao-para-o-mundial-militar-de-natacao-e-convocada\/"},"author":{"name":"Guilherme Freitas","@id":"https:\/\/swimchannel.net\/br\/#\/schema\/person\/aa2a63bab3275f53749a83276b213c48"},"headline":"Sele\u00e7\u00e3o para o Mundial Militar de nata\u00e7\u00e3o \u00e9 convocada","datePublished":"2017-09-27T20:04:27+00:00","dateModified":"2017-09-27T20:04:47+00:00","mainEntityOfPage":{"@id":"https:\/\/swimchannel.net\/br\/selecao-para-o-mundial-militar-de-natacao-e-convocada\/"},"wordCount":316,"commentCount":0,"publisher":{"@id":"https:\/\/swimchannel.net\/br\/#organization"},"image":{"@id":"https:\/\/swimchannel.net\/br\/selecao-para-o-mundial-militar-de-natacao-e-convocada\/#primaryimage"},"thumbnailUrl":"https:\/\/swimchannel.net\/br\/wp-content\/uploads\/2017\/09\/A71Q5879.jpg","keywords":["Etiene Medeiros","For\u00e7as Armadas","Mundial Militar de Nata\u00e7\u00e3o","natacao","Rio de Janeiro"],"articleSection":["Nata\u00e7\u00e3o"],"inLanguage":"pt-BR","potentialAction":[{"@type":"CommentAction","name":"Comment","target":["https:\/\/swimchannel.net\/br\/selecao-para-o-mundial-militar-de-natacao-e-convocada\/#respond"]}]},{"@type":"WebPage","@id":"https:\/\/swimchannel.net\/br\/selecao-para-o-mundial-militar-de-natacao-e-convocada\/","url":"https:\/\/swimchannel.net\/br\/selecao-para-o-mundial-militar-de-natacao-e-convocada\/","name":"Sele\u00e7\u00e3o para o Mundial Militar de nata\u00e7\u00e3o \u00e9 convocada - Swimchannel","isPartOf":{"@id":"https:\/\/swimchannel.net\/br\/#website"},"primaryImageOfPage":{"@id":"https:\/\/swimchannel.net\/br\/selecao-para-o-mundial-militar-de-natacao-e-convocada\/#primaryimage"},"image":{"@id":"https:\/\/swimchannel.net\/br\/selecao-para-o-mundial-militar-de-natacao-e-convocada\/#primaryimage"},"thumbnailUrl":"https:\/\/swimchannel.net\/br\/wp-content\/uploads\/2017\/09\/A71Q5879.jpg","datePublished":"2017-09-27T20:04:27+00:00","dateModified":"2017-09-27T20:04:47+00:00","breadcrumb":{"@id":"https:\/\/swimchannel.net\/br\/selecao-para-o-mundial-militar-de-natacao-e-convocada\/#breadcrumb"},"inLanguage":"pt-BR","potentialAction":[{"@type":"ReadAction","target":["https:\/\/swimchannel.net\/br\/selecao-para-o-mundial-militar-de-natacao-e-convocada\/"]}]},{"@type":"ImageObject","inLanguage":"pt-BR","@id":"https:\/\/swimchannel.net\/br\/selecao-para-o-mundial-militar-de-natacao-e-convocada\/#primaryimage","url":"https:\/\/swimchannel.net\/br\/wp-content\/uploads\/2017\/09\/A71Q5879.jpg","contentUrl":"https:\/\/swimchannel.net\/br\/wp-content\/uploads\/2017\/09\/A71Q5879.jpg","width":2362,"height":1575,"caption":"Thiago Simon presta contin\u00eancia nos Jogos Pan-americanos de Toronto-2015 - Foto: Satiro Sodre\/SSPress"},{"@type":"BreadcrumbList","@id":"https:\/\/swimchannel.net\/br\/selecao-para-o-mundial-militar-de-natacao-e-convocada\/#breadcrumb","itemListElement":[{"@type":"ListItem","position":1,"name":"Home","item":"https:\/\/swimchannel.net\/br\/"},{"@type":"ListItem","position":2,"name":"Sele\u00e7\u00e3o para o Mundial Militar de nata\u00e7\u00e3o \u00e9 convocada"}]},{"@type":"WebSite","@id":"https:\/\/swimchannel.net\/br\/#website","url":"https:\/\/swimchannel.net\/br\/","name":"Swimchannel","description":"Maior portal de nata\u00e7\u00e3o da america latina","publisher":{"@id":"https:\/\/swimchannel.net\/br\/#organization"},"potentialAction":[{"@type":"SearchAction","target":{"@type":"EntryPoint","urlTemplate":"https:\/\/swimchannel.net\/br\/?s={search_term_string}"},"query-input":{"@type":"PropertyValueSpecification","valueRequired":true,"valueName":"search_term_string"}}],"inLanguage":"pt-BR"},{"@type":"Organization","@id":"https:\/\/swimchannel.net\/br\/#organization","name":"Swimchannel - Conectando voc\u00ea a Nata\u00e7\u00e3o","url":"https:\/\/swimchannel.net\/br\/","logo":{"@type":"ImageObject","inLanguage":"pt-BR","@id":"https:\/\/swimchannel.net\/br\/#\/schema\/logo\/image\/","url":"https:\/\/swimchannel.net\/br\/wp-content\/uploads\/2026\/02\/SWIM-CHANNEL.png","contentUrl":"https:\/\/swimchannel.net\/br\/wp-content\/uploads\/2026\/02\/SWIM-CHANNEL.png","width":1120,"height":630,"caption":"Swimchannel - Conectando voc\u00ea a Nata\u00e7\u00e3o"},"image":{"@id":"https:\/\/swimchannel.net\/br\/#\/schema\/logo\/image\/"},"sameAs":["https:\/\/www.facebook.com\/swimchannel","https:\/\/www.instagram.com\/swimchannel"]},{"@type":"Person","@id":"https:\/\/swimchannel.net\/br\/#\/schema\/person\/aa2a63bab3275f53749a83276b213c48","name":"Guilherme Freitas","image":{"@type":"ImageObject","inLanguage":"pt-BR","@id":"https:\/\/swimchannel.net\/br\/#\/schema\/person\/image\/","url":"https:\/\/swimchannel.net\/br\/wp-content\/uploads\/2025\/10\/gui22-193x180.png","contentUrl":"https:\/\/swimchannel.net\/br\/wp-content\/uploads\/2025\/10\/gui22-193x180.png","caption":"Guilherme Freitas"},"description":"Jornalista s\u00eanior da SWIM CHANNEL, ex-correspondente da FINA no Brasil e pesquisador acad\u00eamico.","sameAs":["instagram.com\/guifreitas86"],"url":"https:\/\/swimchannel.net\/br\/author\/guilherme-freitas\/"}]}},"_links":{"self":[{"href":"https:\/\/swimchannel.net\/br\/wp-json\/wp\/v2\/posts\/4878","targetHints":{"allow":["GET"]}}],"collection":[{"href":"https:\/\/swimchannel.net\/br\/wp-json\/wp\/v2\/posts"}],"about":[{"href":"https:\/\/swimchannel.net\/br\/wp-json\/wp\/v2\/types\/post"}],"author":[{"embeddable":true,"href":"https:\/\/swimchannel.net\/br\/wp-json\/wp\/v2\/users\/3"}],"replies":[{"embeddable":true,"href":"https:\/\/swimchannel.net\/br\/wp-json\/wp\/v2\/comments?post=4878"}],"version-history":[{"count":0,"href":"https:\/\/swimchannel.net\/br\/wp-json\/wp\/v2\/posts\/4878\/revisions"}],"wp:featuredmedia":[{"embeddable":true,"href":"https:\/\/swimchannel.net\/br\/wp-json\/wp\/v2\/media\/4880"}],"wp:attachment":[{"href":"https:\/\/swimchannel.net\/br\/wp-json\/wp\/v2\/media?parent=4878"}],"wp:term":[{"taxonomy":"category","embeddable":true,"href":"https:\/\/swimchannel.net\/br\/wp-json\/wp\/v2\/categories?post=4878"},{"taxonomy":"post_tag","embeddable":true,"href":"https:\/\/swimchannel.net\/br\/wp-json\/wp\/v2\/tags?post=4878"}],"curies":[{"name":"wp","href":"https:\/\/api.w.org\/{rel}","templated":true}]}}