{"id":48951,"date":"2022-02-10T15:44:55","date_gmt":"2022-02-10T18:44:55","guid":{"rendered":"https:\/\/swimchannel.net\/br\/?p=48951"},"modified":"2022-03-08T13:16:52","modified_gmt":"2022-03-08T16:16:52","slug":"circuito-maratour-anuncia-seu-calendario-para-2022","status":"publish","type":"post","link":"https:\/\/swimchannel.net\/br\/circuito-maratour-anuncia-seu-calendario-para-2022\/","title":{"rendered":"Circuito Maratour anuncia seu calend\u00e1rio para 2022"},"content":{"rendered":"<p>Mais um circuito de \u00e1guas abertas anunciou seu cronograma de provas para a temporada 2022. Trata-se do Circuito Maratour, evento bastante conhecido do p\u00fablico que mescla as atividades aqu\u00e1ticas com o turismo no belo litoral baiano. Nesta competi\u00e7\u00e3o os atletas s\u00e3o incentivados a competir e ao mesmo tempo curtir momentos de lazer na regi\u00e3o.<\/p>\n<p>Este ano o evento ter\u00e1 duas etapas no litoral baiano. A primeira acontece entre os dias 9 e 10 de abril em Morro de S\u00e3o Paulo, local j\u00e1 bastante tradicional dentro da hist\u00f3ria do Circuito Maratour. Esta etapa ter\u00e1 duas dist\u00e2ncias para o p\u00fablico geral de \u00e1guas abertas com percursos de 1 km e 3 km. Tamb\u00e9m haver\u00e1 uma prova na vers\u00e3o kids que ter\u00e1 400m de dist\u00e2ncia.<\/p>\n<figure id=\"attachment_48960\" aria-describedby=\"caption-attachment-48960\" style=\"width: 608px\" class=\"wp-caption alignnone\"><img loading=\"lazy\" decoding=\"async\" class=\"size-full wp-image-48960\" src=\"https:\/\/swimchannel.net\/br\/wp-content\/uploads\/2022\/02\/morro.png\" alt=\"\" width=\"608\" height=\"607\" srcset=\"https:\/\/swimchannel.net\/br\/wp-content\/uploads\/2022\/02\/morro.png 608w, https:\/\/swimchannel.net\/br\/wp-content\/uploads\/2022\/02\/morro-180x180.png 180w, https:\/\/swimchannel.net\/br\/wp-content\/uploads\/2022\/02\/morro-300x300.png 300w, https:\/\/swimchannel.net\/br\/wp-content\/uploads\/2022\/02\/morro-600x599.png 600w, https:\/\/swimchannel.net\/br\/wp-content\/uploads\/2022\/02\/morro-100x100.png 100w, https:\/\/swimchannel.net\/br\/wp-content\/uploads\/2022\/02\/morro-75x75.png 75w\" sizes=\"auto, (max-width: 608px) 100vw, 608px\" \/><figcaption id=\"caption-attachment-48960\" class=\"wp-caption-text\">Circuito Maratour 2022 &#8211; Foto: Reprodu\u00e7\u00e3o<\/figcaption><\/figure>\n<p>A segunda etapa do circuito ser\u00e1 bem mais desafiadora. Ela vai acontecer no belo litoral da Itaparica nos dias 21 e 22 de outubro. Al\u00e9m das provas abertas para o p\u00fablico geral de 1 km e 4 km, e da prova kids com 400m e de um aquathlon com 2,5km de corrida e 1km de nata\u00e7\u00e3o, a etapa ter\u00e1 uma novidade: a &#8220;Ultramaratour&#8221;, que ter\u00e1 a dist\u00e2ncia de 16 km e ser\u00e1 disputada no formato de travessia, com largada em um ponto e chegada em outro que ainda ser\u00e1 definidos pela organiza\u00e7\u00e3o da prova. Essa nova prova tamb\u00e9m poder\u00e1 ser feita em revezamento e tamb\u00e9m em paddleboard.<\/p>\n<p>A Ultramaratour foi inspirada no desafio que Bruno Riella, organizador e idealizador do Maratour, <a href=\"https:\/\/swimchannel.net\/br\/uma-nova-ultramaratona-no-litoral-baiano\/\" target=\"_blank\" rel=\"noopener\">realizou no fim do ano passado<\/a> com o remador e salva-vidas Jader Andrade na Bahia. Na ocasi\u00e3o eles nadaram 16,3 km entre Praia de Itaparica e a Praia de Mut\u00e1 e afirmaram a <strong>SWIM CHANNEL<\/strong> na \u00e9poca que pensavam em transformar o desafio em uma prova competitiva.<\/p>\n<div class=\"jeg_video_container jeg_video_content\"><iframe loading=\"lazy\" title=\"Maratour Morro 2022\" width=\"500\" height=\"375\" src=\"https:\/\/www.youtube.com\/embed\/6SsktbmwooM?feature=oembed\" frameborder=\"0\" allow=\"accelerometer; autoplay; clipboard-write; encrypted-media; gyroscope; picture-in-picture; web-share\" referrerpolicy=\"strict-origin-when-cross-origin\" allowfullscreen><\/iframe><\/div>\n<p>Com essa prova de 16 km os nadadores ultramaratonas ganhar\u00e3o mais uma op\u00e7\u00e3o para incluir em seus calend\u00e1rios de eventos. E a regi\u00e3o Nordeste tamb\u00e9m sai ganhando com uma nova prova que coloca o litoral baiano na mira de nadadores de todo o pa\u00eds. O Maratour tem em 2022 o patroc\u00ednio da marca esportiva Hammerhead, uma das mais utilizadas por nadadores brasileiros.<\/p>\n<p>As inscri\u00e7\u00f5es para a primeira etapa do Circuito Maratour j\u00e1 est\u00e3o abertas e podem ser realizadas na p\u00e1gina do evento. <a href=\"https:\/\/www.maratour.com.br\/\" target=\"_blank\" rel=\"noopener\">Clique aqui para fazer a sua<\/a>. Acompanhe tamb\u00e9m novidades na p\u00e1gina do Instagram atrav\u00e9s do perfil <a href=\"https:\/\/www.instagram.com\/maratour_maratona_aquatica\/\" target=\"_blank\" rel=\"noopener\">@maratour_maratona_aquatica<\/a>.<\/p>\n","protected":false},"excerpt":{"rendered":"<p>Evento que acontece no litoral da Bahia ter\u00e1 duas etapas e uma grande novidade este ano: uma ultramaratona aqu\u00e1tica de 16 km<\/p>\n","protected":false},"author":3,"featured_media":48962,"comment_status":"open","ping_status":"open","sticky":false,"template":"","format":"gallery","meta":{"footnotes":""},"categories":[115],"tags":[14,254,4393,1199,5,1090],"class_list":["post-48951","post","type-post","status-publish","format-gallery","has-post-thumbnail","hentry","category-aguas-abertas","tag-aguas-abertas","tag-bahia","tag-bruno-riella","tag-maratour","tag-natacao","tag-ultramaratona-aquatica","post_format-post-format-gallery"],"yoast_head":"<!-- This site is optimized with the Yoast SEO plugin v27.0 - https:\/\/yoast.com\/product\/yoast-seo-wordpress\/ -->\n<title>Circuito Maratour anuncia seu calend\u00e1rio para 2022 - Swimchannel<\/title>\n<meta name=\"robots\" content=\"index, follow, max-snippet:-1, max-image-preview:large, max-video-preview:-1\" \/>\n<link rel=\"canonical\" href=\"https:\/\/swimchannel.net\/br\/circuito-maratour-anuncia-seu-calendario-para-2022\/\" \/>\n<meta property=\"og:locale\" content=\"pt_BR\" \/>\n<meta property=\"og:type\" content=\"article\" \/>\n<meta property=\"og:title\" content=\"Circuito Maratour anuncia seu calend\u00e1rio para 2022 - Swimchannel\" \/>\n<meta property=\"og:description\" content=\"Evento que acontece no litoral da Bahia ter\u00e1 duas etapas e uma grande novidade este ano: uma ultramaratona aqu\u00e1tica de 16 km\" \/>\n<meta property=\"og:url\" content=\"https:\/\/swimchannel.net\/br\/circuito-maratour-anuncia-seu-calendario-para-2022\/\" \/>\n<meta property=\"og:site_name\" content=\"Swimchannel\" \/>\n<meta property=\"article:publisher\" content=\"https:\/\/www.facebook.com\/swimchannel\" \/>\n<meta property=\"article:published_time\" content=\"2022-02-10T18:44:55+00:00\" \/>\n<meta property=\"article:modified_time\" content=\"2022-03-08T16:16:52+00:00\" \/>\n<meta property=\"og:image\" content=\"https:\/\/swimchannel.net\/br\/wp-content\/uploads\/2022\/02\/DSC_0246.jpg\" \/>\n\t<meta property=\"og:image:width\" content=\"1200\" \/>\n\t<meta property=\"og:image:height\" content=\"675\" \/>\n\t<meta property=\"og:image:type\" content=\"image\/jpeg\" \/>\n<meta name=\"author\" content=\"Guilherme Freitas\" \/>\n<meta name=\"twitter:card\" content=\"summary_large_image\" \/>\n<meta name=\"twitter:label1\" content=\"Escrito por\" \/>\n\t<meta name=\"twitter:data1\" content=\"Guilherme Freitas\" \/>\n\t<meta name=\"twitter:label2\" content=\"Est. tempo de leitura\" \/>\n\t<meta name=\"twitter:data2\" content=\"2 minutos\" \/>\n<script type=\"application\/ld+json\" class=\"yoast-schema-graph\">{\"@context\":\"https:\/\/schema.org\",\"@graph\":[{\"@type\":\"Article\",\"@id\":\"https:\/\/swimchannel.net\/br\/circuito-maratour-anuncia-seu-calendario-para-2022\/#article\",\"isPartOf\":{\"@id\":\"https:\/\/swimchannel.net\/br\/circuito-maratour-anuncia-seu-calendario-para-2022\/\"},\"author\":{\"name\":\"Guilherme Freitas\",\"@id\":\"https:\/\/swimchannel.net\/br\/#\/schema\/person\/aa2a63bab3275f53749a83276b213c48\"},\"headline\":\"Circuito Maratour anuncia seu calend\u00e1rio para 2022\",\"datePublished\":\"2022-02-10T18:44:55+00:00\",\"dateModified\":\"2022-03-08T16:16:52+00:00\",\"mainEntityOfPage\":{\"@id\":\"https:\/\/swimchannel.net\/br\/circuito-maratour-anuncia-seu-calendario-para-2022\/\"},\"wordCount\":438,\"commentCount\":1,\"publisher\":{\"@id\":\"https:\/\/swimchannel.net\/br\/#organization\"},\"image\":{\"@id\":\"https:\/\/swimchannel.net\/br\/circuito-maratour-anuncia-seu-calendario-para-2022\/#primaryimage\"},\"thumbnailUrl\":\"https:\/\/swimchannel.net\/br\/wp-content\/uploads\/2022\/02\/DSC_0246.jpg\",\"keywords\":[\"\u00c1guas abertas\",\"Bahia\",\"Bruno Riella\",\"Maratour\",\"natacao\",\"ultramaratona aqu\u00e1tica\"],\"articleSection\":[\"\u00c1guas Abertas\"],\"inLanguage\":\"pt-BR\",\"potentialAction\":[{\"@type\":\"CommentAction\",\"name\":\"Comment\",\"target\":[\"https:\/\/swimchannel.net\/br\/circuito-maratour-anuncia-seu-calendario-para-2022\/#respond\"]}]},{\"@type\":\"WebPage\",\"@id\":\"https:\/\/swimchannel.net\/br\/circuito-maratour-anuncia-seu-calendario-para-2022\/\",\"url\":\"https:\/\/swimchannel.net\/br\/circuito-maratour-anuncia-seu-calendario-para-2022\/\",\"name\":\"Circuito Maratour anuncia seu calend\u00e1rio para 2022 - Swimchannel\",\"isPartOf\":{\"@id\":\"https:\/\/swimchannel.net\/br\/#website\"},\"primaryImageOfPage\":{\"@id\":\"https:\/\/swimchannel.net\/br\/circuito-maratour-anuncia-seu-calendario-para-2022\/#primaryimage\"},\"image\":{\"@id\":\"https:\/\/swimchannel.net\/br\/circuito-maratour-anuncia-seu-calendario-para-2022\/#primaryimage\"},\"thumbnailUrl\":\"https:\/\/swimchannel.net\/br\/wp-content\/uploads\/2022\/02\/DSC_0246.jpg\",\"datePublished\":\"2022-02-10T18:44:55+00:00\",\"dateModified\":\"2022-03-08T16:16:52+00:00\",\"breadcrumb\":{\"@id\":\"https:\/\/swimchannel.net\/br\/circuito-maratour-anuncia-seu-calendario-para-2022\/#breadcrumb\"},\"inLanguage\":\"pt-BR\",\"potentialAction\":[{\"@type\":\"ReadAction\",\"target\":[\"https:\/\/swimchannel.net\/br\/circuito-maratour-anuncia-seu-calendario-para-2022\/\"]}]},{\"@type\":\"ImageObject\",\"inLanguage\":\"pt-BR\",\"@id\":\"https:\/\/swimchannel.net\/br\/circuito-maratour-anuncia-seu-calendario-para-2022\/#primaryimage\",\"url\":\"https:\/\/swimchannel.net\/br\/wp-content\/uploads\/2022\/02\/DSC_0246.jpg\",\"contentUrl\":\"https:\/\/swimchannel.net\/br\/wp-content\/uploads\/2022\/02\/DSC_0246.jpg\",\"width\":1200,\"height\":675,\"caption\":\"Circuito Maratour 2022 - Foto: Reprodu\u00e7\u00e3o\"},{\"@type\":\"BreadcrumbList\",\"@id\":\"https:\/\/swimchannel.net\/br\/circuito-maratour-anuncia-seu-calendario-para-2022\/#breadcrumb\",\"itemListElement\":[{\"@type\":\"ListItem\",\"position\":1,\"name\":\"Home\",\"item\":\"https:\/\/swimchannel.net\/br\/\"},{\"@type\":\"ListItem\",\"position\":2,\"name\":\"Circuito Maratour anuncia seu calend\u00e1rio para 2022\"}]},{\"@type\":\"WebSite\",\"@id\":\"https:\/\/swimchannel.net\/br\/#website\",\"url\":\"https:\/\/swimchannel.net\/br\/\",\"name\":\"Swimchannel\",\"description\":\"Maior portal de nata\u00e7\u00e3o da america latina\",\"publisher\":{\"@id\":\"https:\/\/swimchannel.net\/br\/#organization\"},\"potentialAction\":[{\"@type\":\"SearchAction\",\"target\":{\"@type\":\"EntryPoint\",\"urlTemplate\":\"https:\/\/swimchannel.net\/br\/?s={search_term_string}\"},\"query-input\":{\"@type\":\"PropertyValueSpecification\",\"valueRequired\":true,\"valueName\":\"search_term_string\"}}],\"inLanguage\":\"pt-BR\"},{\"@type\":\"Organization\",\"@id\":\"https:\/\/swimchannel.net\/br\/#organization\",\"name\":\"Swimchannel - Conectando voc\u00ea a Nata\u00e7\u00e3o\",\"url\":\"https:\/\/swimchannel.net\/br\/\",\"logo\":{\"@type\":\"ImageObject\",\"inLanguage\":\"pt-BR\",\"@id\":\"https:\/\/swimchannel.net\/br\/#\/schema\/logo\/image\/\",\"url\":\"https:\/\/swimchannel.net\/br\/wp-content\/uploads\/2026\/02\/SWIM-CHANNEL.png\",\"contentUrl\":\"https:\/\/swimchannel.net\/br\/wp-content\/uploads\/2026\/02\/SWIM-CHANNEL.png\",\"width\":1120,\"height\":630,\"caption\":\"Swimchannel - Conectando voc\u00ea a Nata\u00e7\u00e3o\"},\"image\":{\"@id\":\"https:\/\/swimchannel.net\/br\/#\/schema\/logo\/image\/\"},\"sameAs\":[\"https:\/\/www.facebook.com\/swimchannel\",\"https:\/\/www.instagram.com\/swimchannel\"]},{\"@type\":\"Person\",\"@id\":\"https:\/\/swimchannel.net\/br\/#\/schema\/person\/aa2a63bab3275f53749a83276b213c48\",\"name\":\"Guilherme Freitas\",\"image\":{\"@type\":\"ImageObject\",\"inLanguage\":\"pt-BR\",\"@id\":\"https:\/\/swimchannel.net\/br\/#\/schema\/person\/image\/\",\"url\":\"https:\/\/swimchannel.net\/br\/wp-content\/uploads\/2025\/10\/gui22-193x180.png\",\"contentUrl\":\"https:\/\/swimchannel.net\/br\/wp-content\/uploads\/2025\/10\/gui22-193x180.png\",\"caption\":\"Guilherme Freitas\"},\"description\":\"Jornalista s\u00eanior da SWIM CHANNEL, ex-correspondente da FINA no Brasil e pesquisador acad\u00eamico.\",\"sameAs\":[\"instagram.com\/guifreitas86\"],\"url\":\"https:\/\/swimchannel.net\/br\/author\/guilherme-freitas\/\"}]}<\/script>\n<!-- \/ Yoast SEO plugin. -->","yoast_head_json":{"title":"Circuito Maratour anuncia seu calend\u00e1rio para 2022 - Swimchannel","robots":{"index":"index","follow":"follow","max-snippet":"max-snippet:-1","max-image-preview":"max-image-preview:large","max-video-preview":"max-video-preview:-1"},"canonical":"https:\/\/swimchannel.net\/br\/circuito-maratour-anuncia-seu-calendario-para-2022\/","og_locale":"pt_BR","og_type":"article","og_title":"Circuito Maratour anuncia seu calend\u00e1rio para 2022 - Swimchannel","og_description":"Evento que acontece no litoral da Bahia ter\u00e1 duas etapas e uma grande novidade este ano: uma ultramaratona aqu\u00e1tica de 16 km","og_url":"https:\/\/swimchannel.net\/br\/circuito-maratour-anuncia-seu-calendario-para-2022\/","og_site_name":"Swimchannel","article_publisher":"https:\/\/www.facebook.com\/swimchannel","article_published_time":"2022-02-10T18:44:55+00:00","article_modified_time":"2022-03-08T16:16:52+00:00","og_image":[{"width":1200,"height":675,"url":"https:\/\/swimchannel.net\/br\/wp-content\/uploads\/2022\/02\/DSC_0246.jpg","type":"image\/jpeg"}],"author":"Guilherme Freitas","twitter_card":"summary_large_image","twitter_misc":{"Escrito por":"Guilherme Freitas","Est. tempo de leitura":"2 minutos"},"schema":{"@context":"https:\/\/schema.org","@graph":[{"@type":"Article","@id":"https:\/\/swimchannel.net\/br\/circuito-maratour-anuncia-seu-calendario-para-2022\/#article","isPartOf":{"@id":"https:\/\/swimchannel.net\/br\/circuito-maratour-anuncia-seu-calendario-para-2022\/"},"author":{"name":"Guilherme Freitas","@id":"https:\/\/swimchannel.net\/br\/#\/schema\/person\/aa2a63bab3275f53749a83276b213c48"},"headline":"Circuito Maratour anuncia seu calend\u00e1rio para 2022","datePublished":"2022-02-10T18:44:55+00:00","dateModified":"2022-03-08T16:16:52+00:00","mainEntityOfPage":{"@id":"https:\/\/swimchannel.net\/br\/circuito-maratour-anuncia-seu-calendario-para-2022\/"},"wordCount":438,"commentCount":1,"publisher":{"@id":"https:\/\/swimchannel.net\/br\/#organization"},"image":{"@id":"https:\/\/swimchannel.net\/br\/circuito-maratour-anuncia-seu-calendario-para-2022\/#primaryimage"},"thumbnailUrl":"https:\/\/swimchannel.net\/br\/wp-content\/uploads\/2022\/02\/DSC_0246.jpg","keywords":["\u00c1guas abertas","Bahia","Bruno Riella","Maratour","natacao","ultramaratona aqu\u00e1tica"],"articleSection":["\u00c1guas Abertas"],"inLanguage":"pt-BR","potentialAction":[{"@type":"CommentAction","name":"Comment","target":["https:\/\/swimchannel.net\/br\/circuito-maratour-anuncia-seu-calendario-para-2022\/#respond"]}]},{"@type":"WebPage","@id":"https:\/\/swimchannel.net\/br\/circuito-maratour-anuncia-seu-calendario-para-2022\/","url":"https:\/\/swimchannel.net\/br\/circuito-maratour-anuncia-seu-calendario-para-2022\/","name":"Circuito Maratour anuncia seu calend\u00e1rio para 2022 - Swimchannel","isPartOf":{"@id":"https:\/\/swimchannel.net\/br\/#website"},"primaryImageOfPage":{"@id":"https:\/\/swimchannel.net\/br\/circuito-maratour-anuncia-seu-calendario-para-2022\/#primaryimage"},"image":{"@id":"https:\/\/swimchannel.net\/br\/circuito-maratour-anuncia-seu-calendario-para-2022\/#primaryimage"},"thumbnailUrl":"https:\/\/swimchannel.net\/br\/wp-content\/uploads\/2022\/02\/DSC_0246.jpg","datePublished":"2022-02-10T18:44:55+00:00","dateModified":"2022-03-08T16:16:52+00:00","breadcrumb":{"@id":"https:\/\/swimchannel.net\/br\/circuito-maratour-anuncia-seu-calendario-para-2022\/#breadcrumb"},"inLanguage":"pt-BR","potentialAction":[{"@type":"ReadAction","target":["https:\/\/swimchannel.net\/br\/circuito-maratour-anuncia-seu-calendario-para-2022\/"]}]},{"@type":"ImageObject","inLanguage":"pt-BR","@id":"https:\/\/swimchannel.net\/br\/circuito-maratour-anuncia-seu-calendario-para-2022\/#primaryimage","url":"https:\/\/swimchannel.net\/br\/wp-content\/uploads\/2022\/02\/DSC_0246.jpg","contentUrl":"https:\/\/swimchannel.net\/br\/wp-content\/uploads\/2022\/02\/DSC_0246.jpg","width":1200,"height":675,"caption":"Circuito Maratour 2022 - Foto: Reprodu\u00e7\u00e3o"},{"@type":"BreadcrumbList","@id":"https:\/\/swimchannel.net\/br\/circuito-maratour-anuncia-seu-calendario-para-2022\/#breadcrumb","itemListElement":[{"@type":"ListItem","position":1,"name":"Home","item":"https:\/\/swimchannel.net\/br\/"},{"@type":"ListItem","position":2,"name":"Circuito Maratour anuncia seu calend\u00e1rio para 2022"}]},{"@type":"WebSite","@id":"https:\/\/swimchannel.net\/br\/#website","url":"https:\/\/swimchannel.net\/br\/","name":"Swimchannel","description":"Maior portal de nata\u00e7\u00e3o da america latina","publisher":{"@id":"https:\/\/swimchannel.net\/br\/#organization"},"potentialAction":[{"@type":"SearchAction","target":{"@type":"EntryPoint","urlTemplate":"https:\/\/swimchannel.net\/br\/?s={search_term_string}"},"query-input":{"@type":"PropertyValueSpecification","valueRequired":true,"valueName":"search_term_string"}}],"inLanguage":"pt-BR"},{"@type":"Organization","@id":"https:\/\/swimchannel.net\/br\/#organization","name":"Swimchannel - Conectando voc\u00ea a Nata\u00e7\u00e3o","url":"https:\/\/swimchannel.net\/br\/","logo":{"@type":"ImageObject","inLanguage":"pt-BR","@id":"https:\/\/swimchannel.net\/br\/#\/schema\/logo\/image\/","url":"https:\/\/swimchannel.net\/br\/wp-content\/uploads\/2026\/02\/SWIM-CHANNEL.png","contentUrl":"https:\/\/swimchannel.net\/br\/wp-content\/uploads\/2026\/02\/SWIM-CHANNEL.png","width":1120,"height":630,"caption":"Swimchannel - Conectando voc\u00ea a Nata\u00e7\u00e3o"},"image":{"@id":"https:\/\/swimchannel.net\/br\/#\/schema\/logo\/image\/"},"sameAs":["https:\/\/www.facebook.com\/swimchannel","https:\/\/www.instagram.com\/swimchannel"]},{"@type":"Person","@id":"https:\/\/swimchannel.net\/br\/#\/schema\/person\/aa2a63bab3275f53749a83276b213c48","name":"Guilherme Freitas","image":{"@type":"ImageObject","inLanguage":"pt-BR","@id":"https:\/\/swimchannel.net\/br\/#\/schema\/person\/image\/","url":"https:\/\/swimchannel.net\/br\/wp-content\/uploads\/2025\/10\/gui22-193x180.png","contentUrl":"https:\/\/swimchannel.net\/br\/wp-content\/uploads\/2025\/10\/gui22-193x180.png","caption":"Guilherme Freitas"},"description":"Jornalista s\u00eanior da SWIM CHANNEL, ex-correspondente da FINA no Brasil e pesquisador acad\u00eamico.","sameAs":["instagram.com\/guifreitas86"],"url":"https:\/\/swimchannel.net\/br\/author\/guilherme-freitas\/"}]}},"_links":{"self":[{"href":"https:\/\/swimchannel.net\/br\/wp-json\/wp\/v2\/posts\/48951","targetHints":{"allow":["GET"]}}],"collection":[{"href":"https:\/\/swimchannel.net\/br\/wp-json\/wp\/v2\/posts"}],"about":[{"href":"https:\/\/swimchannel.net\/br\/wp-json\/wp\/v2\/types\/post"}],"author":[{"embeddable":true,"href":"https:\/\/swimchannel.net\/br\/wp-json\/wp\/v2\/users\/3"}],"replies":[{"embeddable":true,"href":"https:\/\/swimchannel.net\/br\/wp-json\/wp\/v2\/comments?post=48951"}],"version-history":[{"count":1,"href":"https:\/\/swimchannel.net\/br\/wp-json\/wp\/v2\/posts\/48951\/revisions"}],"predecessor-version":[{"id":49439,"href":"https:\/\/swimchannel.net\/br\/wp-json\/wp\/v2\/posts\/48951\/revisions\/49439"}],"wp:featuredmedia":[{"embeddable":true,"href":"https:\/\/swimchannel.net\/br\/wp-json\/wp\/v2\/media\/48962"}],"wp:attachment":[{"href":"https:\/\/swimchannel.net\/br\/wp-json\/wp\/v2\/media?parent=48951"}],"wp:term":[{"taxonomy":"category","embeddable":true,"href":"https:\/\/swimchannel.net\/br\/wp-json\/wp\/v2\/categories?post=48951"},{"taxonomy":"post_tag","embeddable":true,"href":"https:\/\/swimchannel.net\/br\/wp-json\/wp\/v2\/tags?post=48951"}],"curies":[{"name":"wp","href":"https:\/\/api.w.org\/{rel}","templated":true}]}}