{"id":49090,"date":"2022-02-17T14:17:40","date_gmt":"2022-02-17T17:17:40","guid":{"rendered":"https:\/\/swimchannel.net\/br\/?p=49090"},"modified":"2022-02-17T15:59:33","modified_gmt":"2022-02-17T18:59:33","slug":"fina-confirma-seychelles-como-sede-do-mundial-junior-de-aguas-abertas","status":"publish","type":"post","link":"https:\/\/swimchannel.net\/br\/fina-confirma-seychelles-como-sede-do-mundial-junior-de-aguas-abertas\/","title":{"rendered":"FINA confirma Seychelles como sede do Mundial J\u00fanior de \u00e1guas abertas"},"content":{"rendered":"<p>A Federa\u00e7\u00e3o Internacional de Nata\u00e7\u00e3o (FINA) confirmou nesta hoje Seychelles como a sede do 4\u00ba Campeonato Mundial J\u00fanior de \u00e1guas abertas. O evento ser\u00e1 realizado para atletas de 14 a 19 anos e acontecer\u00e1 de 1\u00ba a 4 de setembro de 2022 em <span class=\"goog-text-highlight\">Beau Vallon, em Seychelles, pa\u00eds localizado na \u00c1frica Oriental.\u00a0<\/span>O local foi o mesmo das provas da etapa do FINA Marathon Swim World Series em 2018 e 2019.<\/p>\n<p>\u201c\u00c9 um grande prazer confirmar Seychelles como o cen\u00e1rio para o pr\u00f3ximo Campeonato Mundial J\u00fanior de \u00e1guas abertas da FINA. Testemunhamos excelentes desempenhos em edi\u00e7\u00f5es anteriores deste evento, pois os atletas concorrentes conquistaram medalhas nos Campeonatos Mundiais e Jogos Ol\u00edmpicos da FINA, tornando-se um trampolim para o sucesso futuro no esporte. N\u00e3o tenho d\u00favidas de que, com o apoio do comit\u00ea organizador local e da Associa\u00e7\u00e3o de Nata\u00e7\u00e3o de Seychelles, o evento ser\u00e1 um grande sucesso e representar\u00e1 um marco para esta grande competi\u00e7\u00e3o\u201d, disse o presidente da FINA, Husain Al-Musallam.<\/p>\n<figure id=\"attachment_49091\" aria-describedby=\"caption-attachment-49091\" style=\"width: 1200px\" class=\"wp-caption alignnone\"><img loading=\"lazy\" decoding=\"async\" class=\"size-medium wp-image-49091\" src=\"https:\/\/swimchannel.net\/br\/wp-content\/uploads\/2022\/02\/OWS_Beau-Vallon-SEY-_2022_02-1200x675.webp\" alt=\"\" width=\"1200\" height=\"675\" srcset=\"https:\/\/swimchannel.net\/br\/wp-content\/uploads\/2022\/02\/OWS_Beau-Vallon-SEY-_2022_02-1200x675.webp 1200w, https:\/\/swimchannel.net\/br\/wp-content\/uploads\/2022\/02\/OWS_Beau-Vallon-SEY-_2022_02-1422x800.webp 1422w, https:\/\/swimchannel.net\/br\/wp-content\/uploads\/2022\/02\/OWS_Beau-Vallon-SEY-_2022_02-320x180.webp 320w, https:\/\/swimchannel.net\/br\/wp-content\/uploads\/2022\/02\/OWS_Beau-Vallon-SEY-_2022_02-768x432.webp 768w, https:\/\/swimchannel.net\/br\/wp-content\/uploads\/2022\/02\/OWS_Beau-Vallon-SEY-_2022_02-1536x864.webp 1536w, https:\/\/swimchannel.net\/br\/wp-content\/uploads\/2022\/02\/OWS_Beau-Vallon-SEY-_2022_02-600x338.webp 600w, https:\/\/swimchannel.net\/br\/wp-content\/uploads\/2022\/02\/OWS_Beau-Vallon-SEY-_2022_02-750x422.webp 750w, https:\/\/swimchannel.net\/br\/wp-content\/uploads\/2022\/02\/OWS_Beau-Vallon-SEY-_2022_02-1140x641.webp 1140w, https:\/\/swimchannel.net\/br\/wp-content\/uploads\/2022\/02\/OWS_Beau-Vallon-SEY-_2022_02.webp 1660w\" sizes=\"auto, (max-width: 1200px) 100vw, 1200px\" \/><figcaption id=\"caption-attachment-49091\" class=\"wp-caption-text\">Foto: FINA<\/figcaption><\/figure>\n<p>Nadadores nascidos entre 2003 e 2008 competir\u00e3o na ba\u00eda oce\u00e2nica de Beau Vallon, na costa noroeste de Mahe, em Seychelles. As provas ser\u00e3o em uma praia bem frequentada e conhecida por suas \u00e1guas claras que t\u00eam uma temperatura esperada de 28\u00b0C a 30\u00b0C, com uma profundidade de 1,4 a 4 metros.<\/p>\n<p>A competi\u00e7\u00e3o de quatro dias consistir\u00e1 em provas individuais de 5 km (14-15 anos), 7,5 km (16-17 anos) e 10 km (18-19 anos) para homens e mulheres. O campeonato ter\u00e1 tamb\u00e9m uma prova de equipe mista composta por dois atletas de cada g\u00eanero completando um percurso de 5 km (4&#215;1,25 km), que encerrar\u00e1 o evento.<\/p>\n<p>O primeiro Campeonato Mundial J\u00fanior de Nata\u00e7\u00e3o em \u00c1guas Abertas ocorreu em Welland, no Canad\u00e1, em 2012. As edi\u00e7\u00f5es seguintes do evento aconteceram em Balatonfured, na Hungria, em 2014, Hoorn, nos Pa\u00edses Baixos, em 2016 e Eilat, em Israel, em 2018. O evento de 2020 estava programado para ocorrer em Seychelles, mas foi adiado devido ao avan\u00e7o da pandemia pelo mundo.\u00a0Veja o comunicado oficial da FINA <a href=\"https:\/\/www.fina.org\/news\/2487563\/seychelles-awarded-the-fina-world-junior-open-water-swimming-championships-2022\">clicando aqui<\/a>.<\/p>\n","protected":false},"excerpt":{"rendered":"<p>Campeonato ser\u00e1 realizado entre os dias 1\u00ba e 4 de setembro deste ano e ter\u00e1 atletas de 14 a 19 anos<\/p>\n","protected":false},"author":9,"featured_media":49094,"comment_status":"open","ping_status":"open","sticky":false,"template":"","format":"gallery","meta":{"footnotes":""},"categories":[115,132],"tags":[14,131,4590,96,5,1794],"class_list":["post-49090","post","type-post","status-publish","format-gallery","has-post-thumbnail","hentry","category-aguas-abertas","category-campeonato-mundial-junior","tag-aguas-abertas","tag-campeonato-mundial-junior","tag-campeonato-mundial-junior-de-aguas-abertas","tag-fina","tag-natacao","tag-seychelles","post_format-post-format-gallery"],"yoast_head":"<!-- This site is optimized with the Yoast SEO plugin v27.0 - https:\/\/yoast.com\/product\/yoast-seo-wordpress\/ -->\n<title>FINA confirma Seychelles como sede do Mundial J\u00fanior de \u00e1guas abertas - Swimchannel<\/title>\n<meta name=\"robots\" content=\"index, follow, max-snippet:-1, max-image-preview:large, max-video-preview:-1\" \/>\n<link rel=\"canonical\" href=\"https:\/\/swimchannel.net\/br\/fina-confirma-seychelles-como-sede-do-mundial-junior-de-aguas-abertas\/\" \/>\n<meta property=\"og:locale\" content=\"pt_BR\" \/>\n<meta property=\"og:type\" content=\"article\" \/>\n<meta property=\"og:title\" content=\"FINA confirma Seychelles como sede do Mundial J\u00fanior de \u00e1guas abertas - Swimchannel\" \/>\n<meta property=\"og:description\" content=\"Campeonato ser\u00e1 realizado entre os dias 1\u00ba e 4 de setembro deste ano e ter\u00e1 atletas de 14 a 19 anos\" \/>\n<meta property=\"og:url\" content=\"https:\/\/swimchannel.net\/br\/fina-confirma-seychelles-como-sede-do-mundial-junior-de-aguas-abertas\/\" \/>\n<meta property=\"og:site_name\" content=\"Swimchannel\" \/>\n<meta property=\"article:publisher\" content=\"https:\/\/www.facebook.com\/swimchannel\" \/>\n<meta property=\"article:published_time\" content=\"2022-02-17T17:17:40+00:00\" \/>\n<meta property=\"article:modified_time\" content=\"2022-02-17T18:59:33+00:00\" \/>\n<meta property=\"og:image\" content=\"https:\/\/swimchannel.net\/br\/wp-content\/uploads\/2022\/02\/Seychelles.jpg\" \/>\n\t<meta property=\"og:image:width\" content=\"669\" \/>\n\t<meta property=\"og:image:height\" content=\"446\" \/>\n\t<meta property=\"og:image:type\" content=\"image\/jpeg\" \/>\n<meta name=\"author\" content=\"Katarine Monteiro\" \/>\n<meta name=\"twitter:card\" content=\"summary_large_image\" \/>\n<meta name=\"twitter:creator\" content=\"@https:\/\/twitter.com\/Katarinem\" \/>\n<meta name=\"twitter:label1\" content=\"Escrito por\" \/>\n\t<meta name=\"twitter:data1\" content=\"Katarine Monteiro\" \/>\n\t<meta name=\"twitter:label2\" content=\"Est. tempo de leitura\" \/>\n\t<meta name=\"twitter:data2\" content=\"2 minutos\" \/>\n<script type=\"application\/ld+json\" class=\"yoast-schema-graph\">{\"@context\":\"https:\/\/schema.org\",\"@graph\":[{\"@type\":\"Article\",\"@id\":\"https:\/\/swimchannel.net\/br\/fina-confirma-seychelles-como-sede-do-mundial-junior-de-aguas-abertas\/#article\",\"isPartOf\":{\"@id\":\"https:\/\/swimchannel.net\/br\/fina-confirma-seychelles-como-sede-do-mundial-junior-de-aguas-abertas\/\"},\"author\":{\"name\":\"Katarine Monteiro\",\"@id\":\"https:\/\/swimchannel.net\/br\/#\/schema\/person\/73ae9cec62249968bca1f0a8098ef002\"},\"headline\":\"FINA confirma Seychelles como sede do Mundial J\u00fanior de \u00e1guas abertas\",\"datePublished\":\"2022-02-17T17:17:40+00:00\",\"dateModified\":\"2022-02-17T18:59:33+00:00\",\"mainEntityOfPage\":{\"@id\":\"https:\/\/swimchannel.net\/br\/fina-confirma-seychelles-como-sede-do-mundial-junior-de-aguas-abertas\/\"},\"wordCount\":363,\"commentCount\":0,\"publisher\":{\"@id\":\"https:\/\/swimchannel.net\/br\/#organization\"},\"image\":{\"@id\":\"https:\/\/swimchannel.net\/br\/fina-confirma-seychelles-como-sede-do-mundial-junior-de-aguas-abertas\/#primaryimage\"},\"thumbnailUrl\":\"https:\/\/swimchannel.net\/br\/wp-content\/uploads\/2022\/02\/Seychelles.jpg\",\"keywords\":[\"\u00c1guas abertas\",\"Campeonato Mundial J\u00fanior\",\"Campeonato Mundial J\u00fanior de \u00e1guas abertas\",\"Fina\",\"natacao\",\"Seychelles\"],\"articleSection\":[\"\u00c1guas Abertas\",\"Campeonato Mundial J\u00fanior\"],\"inLanguage\":\"pt-BR\",\"potentialAction\":[{\"@type\":\"CommentAction\",\"name\":\"Comment\",\"target\":[\"https:\/\/swimchannel.net\/br\/fina-confirma-seychelles-como-sede-do-mundial-junior-de-aguas-abertas\/#respond\"]}]},{\"@type\":\"WebPage\",\"@id\":\"https:\/\/swimchannel.net\/br\/fina-confirma-seychelles-como-sede-do-mundial-junior-de-aguas-abertas\/\",\"url\":\"https:\/\/swimchannel.net\/br\/fina-confirma-seychelles-como-sede-do-mundial-junior-de-aguas-abertas\/\",\"name\":\"FINA confirma Seychelles como sede do Mundial J\u00fanior de \u00e1guas abertas - Swimchannel\",\"isPartOf\":{\"@id\":\"https:\/\/swimchannel.net\/br\/#website\"},\"primaryImageOfPage\":{\"@id\":\"https:\/\/swimchannel.net\/br\/fina-confirma-seychelles-como-sede-do-mundial-junior-de-aguas-abertas\/#primaryimage\"},\"image\":{\"@id\":\"https:\/\/swimchannel.net\/br\/fina-confirma-seychelles-como-sede-do-mundial-junior-de-aguas-abertas\/#primaryimage\"},\"thumbnailUrl\":\"https:\/\/swimchannel.net\/br\/wp-content\/uploads\/2022\/02\/Seychelles.jpg\",\"datePublished\":\"2022-02-17T17:17:40+00:00\",\"dateModified\":\"2022-02-17T18:59:33+00:00\",\"breadcrumb\":{\"@id\":\"https:\/\/swimchannel.net\/br\/fina-confirma-seychelles-como-sede-do-mundial-junior-de-aguas-abertas\/#breadcrumb\"},\"inLanguage\":\"pt-BR\",\"potentialAction\":[{\"@type\":\"ReadAction\",\"target\":[\"https:\/\/swimchannel.net\/br\/fina-confirma-seychelles-como-sede-do-mundial-junior-de-aguas-abertas\/\"]}]},{\"@type\":\"ImageObject\",\"inLanguage\":\"pt-BR\",\"@id\":\"https:\/\/swimchannel.net\/br\/fina-confirma-seychelles-como-sede-do-mundial-junior-de-aguas-abertas\/#primaryimage\",\"url\":\"https:\/\/swimchannel.net\/br\/wp-content\/uploads\/2022\/02\/Seychelles.jpg\",\"contentUrl\":\"https:\/\/swimchannel.net\/br\/wp-content\/uploads\/2022\/02\/Seychelles.jpg\",\"width\":669,\"height\":446},{\"@type\":\"BreadcrumbList\",\"@id\":\"https:\/\/swimchannel.net\/br\/fina-confirma-seychelles-como-sede-do-mundial-junior-de-aguas-abertas\/#breadcrumb\",\"itemListElement\":[{\"@type\":\"ListItem\",\"position\":1,\"name\":\"Home\",\"item\":\"https:\/\/swimchannel.net\/br\/\"},{\"@type\":\"ListItem\",\"position\":2,\"name\":\"FINA confirma Seychelles como sede do Mundial J\u00fanior de \u00e1guas abertas\"}]},{\"@type\":\"WebSite\",\"@id\":\"https:\/\/swimchannel.net\/br\/#website\",\"url\":\"https:\/\/swimchannel.net\/br\/\",\"name\":\"Swimchannel\",\"description\":\"Maior portal de nata\u00e7\u00e3o da america latina\",\"publisher\":{\"@id\":\"https:\/\/swimchannel.net\/br\/#organization\"},\"potentialAction\":[{\"@type\":\"SearchAction\",\"target\":{\"@type\":\"EntryPoint\",\"urlTemplate\":\"https:\/\/swimchannel.net\/br\/?s={search_term_string}\"},\"query-input\":{\"@type\":\"PropertyValueSpecification\",\"valueRequired\":true,\"valueName\":\"search_term_string\"}}],\"inLanguage\":\"pt-BR\"},{\"@type\":\"Organization\",\"@id\":\"https:\/\/swimchannel.net\/br\/#organization\",\"name\":\"Swimchannel - Conectando voc\u00ea a Nata\u00e7\u00e3o\",\"url\":\"https:\/\/swimchannel.net\/br\/\",\"logo\":{\"@type\":\"ImageObject\",\"inLanguage\":\"pt-BR\",\"@id\":\"https:\/\/swimchannel.net\/br\/#\/schema\/logo\/image\/\",\"url\":\"https:\/\/swimchannel.net\/br\/wp-content\/uploads\/2026\/02\/SWIM-CHANNEL.png\",\"contentUrl\":\"https:\/\/swimchannel.net\/br\/wp-content\/uploads\/2026\/02\/SWIM-CHANNEL.png\",\"width\":1120,\"height\":630,\"caption\":\"Swimchannel - Conectando voc\u00ea a Nata\u00e7\u00e3o\"},\"image\":{\"@id\":\"https:\/\/swimchannel.net\/br\/#\/schema\/logo\/image\/\"},\"sameAs\":[\"https:\/\/www.facebook.com\/swimchannel\",\"https:\/\/www.instagram.com\/swimchannel\"]},{\"@type\":\"Person\",\"@id\":\"https:\/\/swimchannel.net\/br\/#\/schema\/person\/73ae9cec62249968bca1f0a8098ef002\",\"name\":\"Katarine Monteiro\",\"image\":{\"@type\":\"ImageObject\",\"inLanguage\":\"pt-BR\",\"@id\":\"https:\/\/swimchannel.net\/br\/#\/schema\/person\/image\/\",\"url\":\"https:\/\/swimchannel.net\/br\/wp-content\/uploads\/2022\/01\/Katarine-Monteiro-100x100.jpg\",\"contentUrl\":\"https:\/\/swimchannel.net\/br\/wp-content\/uploads\/2022\/01\/Katarine-Monteiro-100x100.jpg\",\"caption\":\"Katarine Monteiro\"},\"description\":\"Jornalista SWIM CHANNEL especializada em esportes ol\u00edmpicos e em sa\u00fade. Com cobertura de grandes eventos internacionais, como Jogos Ol\u00edmpicos Rio 2016, Jogos Pan-Americanos em Lima 2019, Qatar Total Open 2020, Qatar ExxonMobil Open 2019 - t\u00eanis em Doha (QT), Semana Internacional de Vela de Ilhabela, Transat Jacques Vabre 2019 (Fran\u00e7a-Brasil), L'\u00c9tape Brasil by Tour de France, j\u00e1 fez in\u00fameras coberturas de nata\u00e7\u00e3o, maratona aqu\u00e1tica e polo aqu\u00e1tico. Formada tamb\u00e9m em Letras, a jornalista atua como assessora de imprensa, rela\u00e7\u00f5es p\u00fablicas e social media, com especializa\u00e7\u00e3o em marketing esportivo. Nadadora amadora de \u00e1guas abertas, j\u00e1 trabalhou com grandes nomes da nata\u00e7\u00e3o e do polo aqu\u00e1tico brasileiro.\",\"sameAs\":[\"https:\/\/www.instagram.com\/_katarinemonteiro\/\",\"https:\/\/www.linkedin.com\/in\/katarine-monteiro-19385297\/\",\"https:\/\/x.com\/https:\/\/twitter.com\/Katarinem\"],\"url\":\"https:\/\/swimchannel.net\/br\/author\/katarine-monteiro\/\"}]}<\/script>\n<!-- \/ Yoast SEO plugin. -->","yoast_head_json":{"title":"FINA confirma Seychelles como sede do Mundial J\u00fanior de \u00e1guas abertas - Swimchannel","robots":{"index":"index","follow":"follow","max-snippet":"max-snippet:-1","max-image-preview":"max-image-preview:large","max-video-preview":"max-video-preview:-1"},"canonical":"https:\/\/swimchannel.net\/br\/fina-confirma-seychelles-como-sede-do-mundial-junior-de-aguas-abertas\/","og_locale":"pt_BR","og_type":"article","og_title":"FINA confirma Seychelles como sede do Mundial J\u00fanior de \u00e1guas abertas - Swimchannel","og_description":"Campeonato ser\u00e1 realizado entre os dias 1\u00ba e 4 de setembro deste ano e ter\u00e1 atletas de 14 a 19 anos","og_url":"https:\/\/swimchannel.net\/br\/fina-confirma-seychelles-como-sede-do-mundial-junior-de-aguas-abertas\/","og_site_name":"Swimchannel","article_publisher":"https:\/\/www.facebook.com\/swimchannel","article_published_time":"2022-02-17T17:17:40+00:00","article_modified_time":"2022-02-17T18:59:33+00:00","og_image":[{"width":669,"height":446,"url":"https:\/\/swimchannel.net\/br\/wp-content\/uploads\/2022\/02\/Seychelles.jpg","type":"image\/jpeg"}],"author":"Katarine Monteiro","twitter_card":"summary_large_image","twitter_creator":"@https:\/\/twitter.com\/Katarinem","twitter_misc":{"Escrito por":"Katarine Monteiro","Est. tempo de leitura":"2 minutos"},"schema":{"@context":"https:\/\/schema.org","@graph":[{"@type":"Article","@id":"https:\/\/swimchannel.net\/br\/fina-confirma-seychelles-como-sede-do-mundial-junior-de-aguas-abertas\/#article","isPartOf":{"@id":"https:\/\/swimchannel.net\/br\/fina-confirma-seychelles-como-sede-do-mundial-junior-de-aguas-abertas\/"},"author":{"name":"Katarine Monteiro","@id":"https:\/\/swimchannel.net\/br\/#\/schema\/person\/73ae9cec62249968bca1f0a8098ef002"},"headline":"FINA confirma Seychelles como sede do Mundial J\u00fanior de \u00e1guas abertas","datePublished":"2022-02-17T17:17:40+00:00","dateModified":"2022-02-17T18:59:33+00:00","mainEntityOfPage":{"@id":"https:\/\/swimchannel.net\/br\/fina-confirma-seychelles-como-sede-do-mundial-junior-de-aguas-abertas\/"},"wordCount":363,"commentCount":0,"publisher":{"@id":"https:\/\/swimchannel.net\/br\/#organization"},"image":{"@id":"https:\/\/swimchannel.net\/br\/fina-confirma-seychelles-como-sede-do-mundial-junior-de-aguas-abertas\/#primaryimage"},"thumbnailUrl":"https:\/\/swimchannel.net\/br\/wp-content\/uploads\/2022\/02\/Seychelles.jpg","keywords":["\u00c1guas abertas","Campeonato Mundial J\u00fanior","Campeonato Mundial J\u00fanior de \u00e1guas abertas","Fina","natacao","Seychelles"],"articleSection":["\u00c1guas Abertas","Campeonato Mundial J\u00fanior"],"inLanguage":"pt-BR","potentialAction":[{"@type":"CommentAction","name":"Comment","target":["https:\/\/swimchannel.net\/br\/fina-confirma-seychelles-como-sede-do-mundial-junior-de-aguas-abertas\/#respond"]}]},{"@type":"WebPage","@id":"https:\/\/swimchannel.net\/br\/fina-confirma-seychelles-como-sede-do-mundial-junior-de-aguas-abertas\/","url":"https:\/\/swimchannel.net\/br\/fina-confirma-seychelles-como-sede-do-mundial-junior-de-aguas-abertas\/","name":"FINA confirma Seychelles como sede do Mundial J\u00fanior de \u00e1guas abertas - Swimchannel","isPartOf":{"@id":"https:\/\/swimchannel.net\/br\/#website"},"primaryImageOfPage":{"@id":"https:\/\/swimchannel.net\/br\/fina-confirma-seychelles-como-sede-do-mundial-junior-de-aguas-abertas\/#primaryimage"},"image":{"@id":"https:\/\/swimchannel.net\/br\/fina-confirma-seychelles-como-sede-do-mundial-junior-de-aguas-abertas\/#primaryimage"},"thumbnailUrl":"https:\/\/swimchannel.net\/br\/wp-content\/uploads\/2022\/02\/Seychelles.jpg","datePublished":"2022-02-17T17:17:40+00:00","dateModified":"2022-02-17T18:59:33+00:00","breadcrumb":{"@id":"https:\/\/swimchannel.net\/br\/fina-confirma-seychelles-como-sede-do-mundial-junior-de-aguas-abertas\/#breadcrumb"},"inLanguage":"pt-BR","potentialAction":[{"@type":"ReadAction","target":["https:\/\/swimchannel.net\/br\/fina-confirma-seychelles-como-sede-do-mundial-junior-de-aguas-abertas\/"]}]},{"@type":"ImageObject","inLanguage":"pt-BR","@id":"https:\/\/swimchannel.net\/br\/fina-confirma-seychelles-como-sede-do-mundial-junior-de-aguas-abertas\/#primaryimage","url":"https:\/\/swimchannel.net\/br\/wp-content\/uploads\/2022\/02\/Seychelles.jpg","contentUrl":"https:\/\/swimchannel.net\/br\/wp-content\/uploads\/2022\/02\/Seychelles.jpg","width":669,"height":446},{"@type":"BreadcrumbList","@id":"https:\/\/swimchannel.net\/br\/fina-confirma-seychelles-como-sede-do-mundial-junior-de-aguas-abertas\/#breadcrumb","itemListElement":[{"@type":"ListItem","position":1,"name":"Home","item":"https:\/\/swimchannel.net\/br\/"},{"@type":"ListItem","position":2,"name":"FINA confirma Seychelles como sede do Mundial J\u00fanior de \u00e1guas abertas"}]},{"@type":"WebSite","@id":"https:\/\/swimchannel.net\/br\/#website","url":"https:\/\/swimchannel.net\/br\/","name":"Swimchannel","description":"Maior portal de nata\u00e7\u00e3o da america latina","publisher":{"@id":"https:\/\/swimchannel.net\/br\/#organization"},"potentialAction":[{"@type":"SearchAction","target":{"@type":"EntryPoint","urlTemplate":"https:\/\/swimchannel.net\/br\/?s={search_term_string}"},"query-input":{"@type":"PropertyValueSpecification","valueRequired":true,"valueName":"search_term_string"}}],"inLanguage":"pt-BR"},{"@type":"Organization","@id":"https:\/\/swimchannel.net\/br\/#organization","name":"Swimchannel - Conectando voc\u00ea a Nata\u00e7\u00e3o","url":"https:\/\/swimchannel.net\/br\/","logo":{"@type":"ImageObject","inLanguage":"pt-BR","@id":"https:\/\/swimchannel.net\/br\/#\/schema\/logo\/image\/","url":"https:\/\/swimchannel.net\/br\/wp-content\/uploads\/2026\/02\/SWIM-CHANNEL.png","contentUrl":"https:\/\/swimchannel.net\/br\/wp-content\/uploads\/2026\/02\/SWIM-CHANNEL.png","width":1120,"height":630,"caption":"Swimchannel - Conectando voc\u00ea a Nata\u00e7\u00e3o"},"image":{"@id":"https:\/\/swimchannel.net\/br\/#\/schema\/logo\/image\/"},"sameAs":["https:\/\/www.facebook.com\/swimchannel","https:\/\/www.instagram.com\/swimchannel"]},{"@type":"Person","@id":"https:\/\/swimchannel.net\/br\/#\/schema\/person\/73ae9cec62249968bca1f0a8098ef002","name":"Katarine Monteiro","image":{"@type":"ImageObject","inLanguage":"pt-BR","@id":"https:\/\/swimchannel.net\/br\/#\/schema\/person\/image\/","url":"https:\/\/swimchannel.net\/br\/wp-content\/uploads\/2022\/01\/Katarine-Monteiro-100x100.jpg","contentUrl":"https:\/\/swimchannel.net\/br\/wp-content\/uploads\/2022\/01\/Katarine-Monteiro-100x100.jpg","caption":"Katarine Monteiro"},"description":"Jornalista SWIM CHANNEL especializada em esportes ol\u00edmpicos e em sa\u00fade. Com cobertura de grandes eventos internacionais, como Jogos Ol\u00edmpicos Rio 2016, Jogos Pan-Americanos em Lima 2019, Qatar Total Open 2020, Qatar ExxonMobil Open 2019 - t\u00eanis em Doha (QT), Semana Internacional de Vela de Ilhabela, Transat Jacques Vabre 2019 (Fran\u00e7a-Brasil), L'\u00c9tape Brasil by Tour de France, j\u00e1 fez in\u00fameras coberturas de nata\u00e7\u00e3o, maratona aqu\u00e1tica e polo aqu\u00e1tico. Formada tamb\u00e9m em Letras, a jornalista atua como assessora de imprensa, rela\u00e7\u00f5es p\u00fablicas e social media, com especializa\u00e7\u00e3o em marketing esportivo. Nadadora amadora de \u00e1guas abertas, j\u00e1 trabalhou com grandes nomes da nata\u00e7\u00e3o e do polo aqu\u00e1tico brasileiro.","sameAs":["https:\/\/www.instagram.com\/_katarinemonteiro\/","https:\/\/www.linkedin.com\/in\/katarine-monteiro-19385297\/","https:\/\/x.com\/https:\/\/twitter.com\/Katarinem"],"url":"https:\/\/swimchannel.net\/br\/author\/katarine-monteiro\/"}]}},"_links":{"self":[{"href":"https:\/\/swimchannel.net\/br\/wp-json\/wp\/v2\/posts\/49090","targetHints":{"allow":["GET"]}}],"collection":[{"href":"https:\/\/swimchannel.net\/br\/wp-json\/wp\/v2\/posts"}],"about":[{"href":"https:\/\/swimchannel.net\/br\/wp-json\/wp\/v2\/types\/post"}],"author":[{"embeddable":true,"href":"https:\/\/swimchannel.net\/br\/wp-json\/wp\/v2\/users\/9"}],"replies":[{"embeddable":true,"href":"https:\/\/swimchannel.net\/br\/wp-json\/wp\/v2\/comments?post=49090"}],"version-history":[{"count":0,"href":"https:\/\/swimchannel.net\/br\/wp-json\/wp\/v2\/posts\/49090\/revisions"}],"wp:featuredmedia":[{"embeddable":true,"href":"https:\/\/swimchannel.net\/br\/wp-json\/wp\/v2\/media\/49094"}],"wp:attachment":[{"href":"https:\/\/swimchannel.net\/br\/wp-json\/wp\/v2\/media?parent=49090"}],"wp:term":[{"taxonomy":"category","embeddable":true,"href":"https:\/\/swimchannel.net\/br\/wp-json\/wp\/v2\/categories?post=49090"},{"taxonomy":"post_tag","embeddable":true,"href":"https:\/\/swimchannel.net\/br\/wp-json\/wp\/v2\/tags?post=49090"}],"curies":[{"name":"wp","href":"https:\/\/api.w.org\/{rel}","templated":true}]}}