{"id":4918,"date":"2017-10-09T02:13:49","date_gmt":"2017-10-09T02:13:49","guid":{"rendered":"https:\/\/digitalprojects.websiteseguro.com\/projetos\/swimchannel\/?p=4918"},"modified":"2017-10-09T15:06:33","modified_gmt":"2017-10-09T15:06:33","slug":"as-equipes-do-raia-rapida-2017","status":"publish","type":"post","link":"https:\/\/swimchannel.net\/br\/as-equipes-do-raia-rapida-2017\/","title":{"rendered":"As equipes do Raia R\u00e1pida 2017"},"content":{"rendered":"<p style=\"text-align: justify;\">No dia 15 de outubro, ser\u00e1 realizada no Rio de Janeiro a sexta edi\u00e7\u00e3o do Desafio Raia R\u00e1pida. A competi\u00e7\u00e3o, criada em 2012, j\u00e1 trouxe nos \u00faltimos anos grandes nomes da nata\u00e7\u00e3o mundial, como Florent Mandaudou, James Magnussen, Christian Sprenger, Roland Schoeman, Luca Dotto e muitos outros. O formato din\u00e2mico, com provas de 50m e revezamento, feito sob medida para televis\u00e3o e premia\u00e7\u00e3o em dinheiro, sempre atraiu estrelas da nata\u00e7\u00e3o mundial.<\/p>\n<p style=\"text-align: justify;\">Neste ano, uma novidade: na onda do revezamento medley misto, que foi inclu\u00eddo no programa ol\u00edmpico e ser\u00e1 disputado pela primeira vez em 2020 em Jogos Ol\u00edmpicos, desta vez o Raia R\u00e1pida ser\u00e1 disputado por homens e mulheres.<\/p>\n<figure id=\"attachment_4922\" aria-describedby=\"caption-attachment-4922\" style=\"width: 800px\" class=\"wp-caption aligncenter\"><a href=\"https:\/\/digitalprojects.websiteseguro.com\/projetos\/swimchannel\/wp-content\/uploads\/2017\/10\/C16I3565-1.jpg\"><img loading=\"lazy\" decoding=\"async\" class=\"wp-image-4922\" src=\"https:\/\/digitalprojects.websiteseguro.com\/projetos\/swimchannel\/wp-content\/uploads\/2017\/10\/C16I3565-1.jpg\" alt=\"Etiene Medeiros, estrela brasileira no Desafio Raia R\u00e1pida 2017 (foto: Satiro Sodr\u00e9\/SSPress)\" width=\"800\" height=\"533\" srcset=\"https:\/\/swimchannel.net\/br\/wp-content\/uploads\/2017\/10\/C16I3565-1.jpg 2362w, https:\/\/swimchannel.net\/br\/wp-content\/uploads\/2017\/10\/C16I3565-1-600x400.jpg 600w, https:\/\/swimchannel.net\/br\/wp-content\/uploads\/2017\/10\/C16I3565-1-768x512.jpg 768w, https:\/\/swimchannel.net\/br\/wp-content\/uploads\/2017\/10\/C16I3565-1-300x200.jpg 300w, https:\/\/swimchannel.net\/br\/wp-content\/uploads\/2017\/10\/C16I3565-1-1024x683.jpg 1024w\" sizes=\"auto, (max-width: 800px) 100vw, 800px\" \/><\/a><figcaption id=\"caption-attachment-4922\" class=\"wp-caption-text\">Etiene Medeiros, estrela brasileira no Desafio Raia R\u00e1pida 2017 (foto: Satiro Sodr\u00e9\/SSPress)<\/figcaption><\/figure>\n<p style=\"text-align: justify;\">Ser\u00e3o disputadas as provas de 50m costas, peito, borboleta e livre. Cada prova contar\u00e1 com quatro nadadores, um de cada pa\u00eds, em formato eliminat\u00f3rio: s\u00e3o tr\u00eas baterias disputadas, sempre com o \u00faltimo nadador sendo eliminado e n\u00e3o participando na bateria seguinte. A pontua\u00e7\u00e3o \u00e9 distribu\u00edda da seguinte forma para os pa\u00edses dos nadadores: 3 para o primeiro, 2 para o segundo, 1 para o terceiro e 0 para o quarto colocado.<\/p>\n<p style=\"text-align: justify;\">As provas de costas e borboleta ser\u00e3o nadadas por atletas mulheres, e as de peito e livre, por homens.<\/p>\n<p style=\"text-align: justify;\">Ap\u00f3s as provas individuais, ser\u00e1 disputado um revezamento 4x50m medley misto, com pontua\u00e7\u00e3o dobrada em rela\u00e7\u00e3o \u00e0s provas individuais: 6 pontos para o pa\u00eds que chegar em primeiro, 4 para o segundo, 2 para o terceiro e 0 para o \u00faltimo. Ao final, ser\u00e3o somadas as pontua\u00e7\u00f5es das provas individuais e do revezamento para apontar o pa\u00eds campe\u00e3o do desafio.<\/p>\n<p style=\"text-align: justify;\">O evento ter\u00e1 transmiss\u00e3o ao vivo pela Rede Globo, no Esporte Espetacular, a partir das 10h, e ser\u00e1 disputado em piscina de 50 metros, no Parque Aqu\u00e1tico Maria Lenk.<\/p>\n<figure id=\"attachment_4923\" aria-describedby=\"caption-attachment-4923\" style=\"width: 800px\" class=\"wp-caption aligncenter\"><a href=\"https:\/\/digitalprojects.websiteseguro.com\/projetos\/swimchannel\/wp-content\/uploads\/2017\/10\/fratus3.jpg\"><img loading=\"lazy\" decoding=\"async\" class=\"wp-image-4923\" src=\"https:\/\/digitalprojects.websiteseguro.com\/projetos\/swimchannel\/wp-content\/uploads\/2017\/10\/fratus3.jpg\" alt=\"Bruno Fratus, outro integrante da equipe brasileira (foto: Satiro Sodr\u00e9\/SSPress)\" width=\"800\" height=\"533\" srcset=\"https:\/\/swimchannel.net\/br\/wp-content\/uploads\/2017\/10\/fratus3.jpg 2362w, https:\/\/swimchannel.net\/br\/wp-content\/uploads\/2017\/10\/fratus3-600x400.jpg 600w, https:\/\/swimchannel.net\/br\/wp-content\/uploads\/2017\/10\/fratus3-768x512.jpg 768w, https:\/\/swimchannel.net\/br\/wp-content\/uploads\/2017\/10\/fratus3-300x200.jpg 300w, https:\/\/swimchannel.net\/br\/wp-content\/uploads\/2017\/10\/fratus3-1024x683.jpg 1024w\" sizes=\"auto, (max-width: 800px) 100vw, 800px\" \/><\/a><figcaption id=\"caption-attachment-4923\" class=\"wp-caption-text\">Bruno Fratus, outro integrante da equipe brasileira (foto: Satiro Sodr\u00e9\/SSPress)<\/figcaption><\/figure>\n<p style=\"text-align: justify;\">Os pa\u00edses confirmados s\u00e3o Brasil, Estados Unidos, It\u00e1lia e Argentina.<\/p>\n<p style=\"text-align: justify;\">Brasileiros e americanos est\u00e3o presentes a todas as edi\u00e7\u00f5es desde 2012. Os italianos mandam equipe desde 2015, enquanto os argentinos estream em 2017.<\/p>\n<p style=\"text-align: justify;\">A equipe brasileira \u00e9 fort\u00edssima:\u00a0<strong>Etiene Medeiros<\/strong>, campe\u00e3 mundial dos 50m costas;\u00a0<strong>Jo\u00e3o Gomes J\u00fanior<\/strong>, vice-campe\u00e3o mundial dos 50m peito;\u00a0<strong>Daynara de Paula<\/strong>, recordista sul-americana dos 50m borboleta; e\u00a0<strong>Bruno Fratus<\/strong>, vice-campe\u00e3o mundial dos 50m livre. A qualidade dos nadadores \u00e9 alt\u00edssima e o favoritismo \u00e9 indiscut\u00edvel.<\/p>\n<p style=\"text-align: justify;\">Os Estados Unidos v\u00eam liderados pelo veterano\u00a0<strong>Anthony Ervin<\/strong>, bicampe\u00e3o ol\u00edmpico dos 50m livre e presente a todas as edi\u00e7\u00f5es desde 2014. Ter\u00e3o ainda\u00a0<strong>Kendyl Stewart<\/strong>, bronze nos 100m borboleta no Pan-Pac\u00edfico de 2014;\u00a0<strong>Chuck Katis<\/strong>, bronze nas 100 e 200 jardas peito no NCAA (Campeonato Universit\u00e1rio Americano) em 2015; e\u00a0<strong>Hellen Moffitt<\/strong>, atual campe\u00e3 mundial universit\u00e1ria dos 100m borboleta. Stewart e Moffitt tamb\u00e9m nadam muito bem o costas e ser\u00e1 decidido posteriormente quem nadar\u00e1 o estilo.<\/p>\n<figure id=\"attachment_4924\" aria-describedby=\"caption-attachment-4924\" style=\"width: 800px\" class=\"wp-caption aligncenter\"><a href=\"https:\/\/digitalprojects.websiteseguro.com\/projetos\/swimchannel\/wp-content\/uploads\/2017\/10\/ervin.jpg\"><img loading=\"lazy\" decoding=\"async\" class=\"wp-image-4924\" src=\"https:\/\/digitalprojects.websiteseguro.com\/projetos\/swimchannel\/wp-content\/uploads\/2017\/10\/ervin.jpg\" alt=\"Anthony Ervin (foto: Getty Images)\" width=\"800\" height=\"427\" srcset=\"https:\/\/swimchannel.net\/br\/wp-content\/uploads\/2017\/10\/ervin.jpg 1500w, https:\/\/swimchannel.net\/br\/wp-content\/uploads\/2017\/10\/ervin-600x320.jpg 600w, https:\/\/swimchannel.net\/br\/wp-content\/uploads\/2017\/10\/ervin-768x410.jpg 768w, https:\/\/swimchannel.net\/br\/wp-content\/uploads\/2017\/10\/ervin-300x160.jpg 300w, https:\/\/swimchannel.net\/br\/wp-content\/uploads\/2017\/10\/ervin-1024x546.jpg 1024w\" sizes=\"auto, (max-width: 800px) 100vw, 800px\" \/><\/a><figcaption id=\"caption-attachment-4924\" class=\"wp-caption-text\">Anthony Ervin (foto: Getty Images)<\/figcaption><\/figure>\n<p style=\"text-align: justify;\">A maior estrela italiana do evento ser\u00e1\u00a0<strong>Fabio Scozzoli<\/strong>, vice-campe\u00e3o mundial nos 50m e 100m peito em 2011 e campe\u00e3o mundial em piscina curta nos 100m peito em 2012. Ser\u00e1 acompanhado por\u00a0<strong>Elena Gemo<\/strong>, vice-campe\u00e3 europeia nos 50m costas em 2010;\u00a0<strong>Elena di Liddo<\/strong>, vice-campe\u00e3 mundial universit\u00e1ria nos 50m e 100m borboleta em 2017; e\u00a0<strong>Lorenzo Benatti<\/strong>, vice-campe\u00e3o mundial universit\u00e1rio no 4x100m livre e quinto colocado nos 100m livre na Univers\u00edade de 2013.<\/p>\n<p style=\"text-align: justify;\">Para completar, os hermanos argentinos, liderados por\u00a0<strong>Federico Grabich<\/strong>, uma das grandes estrelas da nata\u00e7\u00e3o sul-americana, bronze nos 100m livre no Mundial de 2015 e campe\u00e3o pan-americano da prova em 2015.\u00a0<strong>Andrea Berrino<\/strong>, campe\u00e3 sul-americana em provas do nado de costas;\u00a0<strong>Facundo Miguelena<\/strong>, detentor de cinco recordes nacionais no estilo peito; e\u00a0<strong>Mar\u00eda Bel\u00e9n D\u00edaz<\/strong>, atual vice-campe\u00e3 sul-americana dos 50m borboleta, completam a equipe.<\/p>\n<figure id=\"attachment_4925\" aria-describedby=\"caption-attachment-4925\" style=\"width: 800px\" class=\"wp-caption aligncenter\"><a href=\"https:\/\/digitalprojects.websiteseguro.com\/projetos\/swimchannel\/wp-content\/uploads\/2017\/10\/image55a865fb73aee7.65787240.jpg\"><img loading=\"lazy\" decoding=\"async\" class=\"wp-image-4925\" src=\"https:\/\/digitalprojects.websiteseguro.com\/projetos\/swimchannel\/wp-content\/uploads\/2017\/10\/image55a865fb73aee7.65787240.jpg\" alt=\"O argentino Federico Grabich (foto: AP)\" width=\"800\" height=\"596\" \/><\/a><figcaption id=\"caption-attachment-4925\" class=\"wp-caption-text\">O argentino Federico Grabich (foto: AP)<\/figcaption><\/figure>\n<p style=\"text-align: justify;\">Alguns duelos ser\u00e3o interessant\u00edssimos, como Bruno Fratus x Anthony Ervin x Federico Grabich nos 50m livre e Jo\u00e3o Gomes J\u00fanior x Fabio Scozzoli nos 50m peito. Uma coisa \u00e9 certa: grandes nomes, formato din\u00e2mico e transmiss\u00e3o pela televis\u00e3o certamente garantir\u00e3o disputas empolgantes e uma competi\u00e7\u00e3o \u00e0 altura da tradi\u00e7\u00e3o que o evento vem conquistando.<\/p>\n<p style=\"text-align: justify;\"><strong>Por Daniel Takata<\/strong><\/p>\n","protected":false},"excerpt":{"rendered":"<p>Este ano o evento contar\u00e1 com mulheres e homens e empolgante disputa do revezamento 4x50m medley misto <\/p>\n","protected":false},"author":12,"featured_media":4919,"comment_status":"open","ping_status":"open","sticky":false,"template":"","format":"standard","meta":{"footnotes":""},"categories":[153],"tags":[466,104,1019,154,40,258,458,780,5],"class_list":["post-4918","post","type-post","status-publish","format-standard","has-post-thumbnail","hentry","category-desafio-raia-rapida","tag-anthony-ervin","tag-bruno-fratus","tag-daynara-de-paula","tag-desafio-raia-rapida","tag-etiene-medeiros","tag-federico-grabich","tag-joao-gomes-jr","tag-maria-lenk","tag-natacao"],"yoast_head":"<!-- This site is optimized with the Yoast SEO plugin v27.0 - https:\/\/yoast.com\/product\/yoast-seo-wordpress\/ -->\n<title>As equipes do Raia R\u00e1pida 2017 - Swimchannel<\/title>\n<meta name=\"robots\" content=\"index, follow, max-snippet:-1, max-image-preview:large, max-video-preview:-1\" \/>\n<link rel=\"canonical\" href=\"https:\/\/swimchannel.net\/br\/as-equipes-do-raia-rapida-2017\/\" \/>\n<meta property=\"og:locale\" content=\"pt_BR\" \/>\n<meta property=\"og:type\" content=\"article\" \/>\n<meta property=\"og:title\" content=\"As equipes do Raia R\u00e1pida 2017 - Swimchannel\" \/>\n<meta property=\"og:description\" content=\"Este ano o evento contar\u00e1 com mulheres e homens e empolgante disputa do revezamento 4x50m medley misto\" \/>\n<meta property=\"og:url\" content=\"https:\/\/swimchannel.net\/br\/as-equipes-do-raia-rapida-2017\/\" \/>\n<meta property=\"og:site_name\" content=\"Swimchannel\" \/>\n<meta property=\"article:publisher\" content=\"https:\/\/www.facebook.com\/swimchannel\" \/>\n<meta property=\"article:published_time\" content=\"2017-10-09T02:13:49+00:00\" \/>\n<meta property=\"article:modified_time\" content=\"2017-10-09T15:06:33+00:00\" \/>\n<meta property=\"og:image\" content=\"https:\/\/swimchannel.net\/br\/wp-content\/uploads\/2017\/10\/raiarapida2017.png\" \/>\n\t<meta property=\"og:image:width\" content=\"1074\" \/>\n\t<meta property=\"og:image:height\" content=\"478\" \/>\n\t<meta property=\"og:image:type\" content=\"image\/png\" \/>\n<meta name=\"author\" content=\"Alex Pussieldi\" \/>\n<meta name=\"twitter:card\" content=\"summary_large_image\" \/>\n<meta name=\"twitter:label1\" content=\"Escrito por\" \/>\n\t<meta name=\"twitter:data1\" content=\"Alex Pussieldi\" \/>\n\t<meta name=\"twitter:label2\" content=\"Est. tempo de leitura\" \/>\n\t<meta name=\"twitter:data2\" content=\"4 minutos\" \/>\n<script type=\"application\/ld+json\" class=\"yoast-schema-graph\">{\"@context\":\"https:\/\/schema.org\",\"@graph\":[{\"@type\":\"Article\",\"@id\":\"https:\/\/swimchannel.net\/br\/as-equipes-do-raia-rapida-2017\/#article\",\"isPartOf\":{\"@id\":\"https:\/\/swimchannel.net\/br\/as-equipes-do-raia-rapida-2017\/\"},\"author\":{\"name\":\"Alex Pussieldi\",\"@id\":\"https:\/\/swimchannel.net\/br\/#\/schema\/person\/cf549cb99cf75592fcf7c76213385e63\"},\"headline\":\"As equipes do Raia R\u00e1pida 2017\",\"datePublished\":\"2017-10-09T02:13:49+00:00\",\"dateModified\":\"2017-10-09T15:06:33+00:00\",\"mainEntityOfPage\":{\"@id\":\"https:\/\/swimchannel.net\/br\/as-equipes-do-raia-rapida-2017\/\"},\"wordCount\":751,\"commentCount\":1,\"publisher\":{\"@id\":\"https:\/\/swimchannel.net\/br\/#organization\"},\"image\":{\"@id\":\"https:\/\/swimchannel.net\/br\/as-equipes-do-raia-rapida-2017\/#primaryimage\"},\"thumbnailUrl\":\"https:\/\/swimchannel.net\/br\/wp-content\/uploads\/2017\/10\/raiarapida2017.png\",\"keywords\":[\"Anthony Ervin\",\"Bruno Fratus\",\"Daynara de Paula\",\"Desafio Raia R\u00e1pida\",\"Etiene Medeiros\",\"Federico Grabich\",\"Jo\u00e3o Gomes Jr.\",\"Maria Lenk\",\"natacao\"],\"articleSection\":[\"Desafio Raia R\u00e1pida\"],\"inLanguage\":\"pt-BR\",\"potentialAction\":[{\"@type\":\"CommentAction\",\"name\":\"Comment\",\"target\":[\"https:\/\/swimchannel.net\/br\/as-equipes-do-raia-rapida-2017\/#respond\"]}]},{\"@type\":\"WebPage\",\"@id\":\"https:\/\/swimchannel.net\/br\/as-equipes-do-raia-rapida-2017\/\",\"url\":\"https:\/\/swimchannel.net\/br\/as-equipes-do-raia-rapida-2017\/\",\"name\":\"As equipes do Raia R\u00e1pida 2017 - Swimchannel\",\"isPartOf\":{\"@id\":\"https:\/\/swimchannel.net\/br\/#website\"},\"primaryImageOfPage\":{\"@id\":\"https:\/\/swimchannel.net\/br\/as-equipes-do-raia-rapida-2017\/#primaryimage\"},\"image\":{\"@id\":\"https:\/\/swimchannel.net\/br\/as-equipes-do-raia-rapida-2017\/#primaryimage\"},\"thumbnailUrl\":\"https:\/\/swimchannel.net\/br\/wp-content\/uploads\/2017\/10\/raiarapida2017.png\",\"datePublished\":\"2017-10-09T02:13:49+00:00\",\"dateModified\":\"2017-10-09T15:06:33+00:00\",\"breadcrumb\":{\"@id\":\"https:\/\/swimchannel.net\/br\/as-equipes-do-raia-rapida-2017\/#breadcrumb\"},\"inLanguage\":\"pt-BR\",\"potentialAction\":[{\"@type\":\"ReadAction\",\"target\":[\"https:\/\/swimchannel.net\/br\/as-equipes-do-raia-rapida-2017\/\"]}]},{\"@type\":\"ImageObject\",\"inLanguage\":\"pt-BR\",\"@id\":\"https:\/\/swimchannel.net\/br\/as-equipes-do-raia-rapida-2017\/#primaryimage\",\"url\":\"https:\/\/swimchannel.net\/br\/wp-content\/uploads\/2017\/10\/raiarapida2017.png\",\"contentUrl\":\"https:\/\/swimchannel.net\/br\/wp-content\/uploads\/2017\/10\/raiarapida2017.png\",\"width\":1074,\"height\":478},{\"@type\":\"BreadcrumbList\",\"@id\":\"https:\/\/swimchannel.net\/br\/as-equipes-do-raia-rapida-2017\/#breadcrumb\",\"itemListElement\":[{\"@type\":\"ListItem\",\"position\":1,\"name\":\"Home\",\"item\":\"https:\/\/swimchannel.net\/br\/\"},{\"@type\":\"ListItem\",\"position\":2,\"name\":\"As equipes do Raia R\u00e1pida 2017\"}]},{\"@type\":\"WebSite\",\"@id\":\"https:\/\/swimchannel.net\/br\/#website\",\"url\":\"https:\/\/swimchannel.net\/br\/\",\"name\":\"Swimchannel\",\"description\":\"Maior portal de nata\u00e7\u00e3o da america latina\",\"publisher\":{\"@id\":\"https:\/\/swimchannel.net\/br\/#organization\"},\"potentialAction\":[{\"@type\":\"SearchAction\",\"target\":{\"@type\":\"EntryPoint\",\"urlTemplate\":\"https:\/\/swimchannel.net\/br\/?s={search_term_string}\"},\"query-input\":{\"@type\":\"PropertyValueSpecification\",\"valueRequired\":true,\"valueName\":\"search_term_string\"}}],\"inLanguage\":\"pt-BR\"},{\"@type\":\"Organization\",\"@id\":\"https:\/\/swimchannel.net\/br\/#organization\",\"name\":\"Swimchannel - Conectando voc\u00ea a Nata\u00e7\u00e3o\",\"url\":\"https:\/\/swimchannel.net\/br\/\",\"logo\":{\"@type\":\"ImageObject\",\"inLanguage\":\"pt-BR\",\"@id\":\"https:\/\/swimchannel.net\/br\/#\/schema\/logo\/image\/\",\"url\":\"https:\/\/swimchannel.net\/br\/wp-content\/uploads\/2026\/02\/SWIM-CHANNEL.png\",\"contentUrl\":\"https:\/\/swimchannel.net\/br\/wp-content\/uploads\/2026\/02\/SWIM-CHANNEL.png\",\"width\":1120,\"height\":630,\"caption\":\"Swimchannel - Conectando voc\u00ea a Nata\u00e7\u00e3o\"},\"image\":{\"@id\":\"https:\/\/swimchannel.net\/br\/#\/schema\/logo\/image\/\"},\"sameAs\":[\"https:\/\/www.facebook.com\/swimchannel\",\"https:\/\/www.instagram.com\/swimchannel\"]},{\"@type\":\"Person\",\"@id\":\"https:\/\/swimchannel.net\/br\/#\/schema\/person\/cf549cb99cf75592fcf7c76213385e63\",\"name\":\"Alex Pussieldi\",\"image\":{\"@type\":\"ImageObject\",\"inLanguage\":\"pt-BR\",\"@id\":\"https:\/\/swimchannel.net\/br\/#\/schema\/person\/image\/\",\"url\":\"https:\/\/swimchannel.net\/br\/wp-content\/uploads\/2021\/02\/9b1c252d-a4bd-4eda-b399-24565cac4114-100x100.jpg\",\"contentUrl\":\"https:\/\/swimchannel.net\/br\/wp-content\/uploads\/2021\/02\/9b1c252d-a4bd-4eda-b399-24565cac4114-100x100.jpg\",\"caption\":\"Alex Pussieldi\"},\"description\":\"Alexandre Pussieldi, apelidado de \u201ccoach\u201d, Foi t\u00e9cnico da sele\u00e7\u00e3o verde e amarela nas Olimp\u00edadas de Pequim-2008 e Londres-2012. O treinador ainda comandou outros quatro pa\u00edses: Kuwait, Paraguai, Aruba e Antilhas Holandesas, al\u00e9m da sele\u00e7\u00e3o americana de \u00e1guas abertas. Pussieldi tem passagens como comentarista de nata\u00e7\u00e3o do Grupo Globo e Swim Channel.\",\"url\":\"https:\/\/swimchannel.net\/br\/author\/alexpussieldi\/\"}]}<\/script>\n<!-- \/ Yoast SEO plugin. -->","yoast_head_json":{"title":"As equipes do Raia R\u00e1pida 2017 - Swimchannel","robots":{"index":"index","follow":"follow","max-snippet":"max-snippet:-1","max-image-preview":"max-image-preview:large","max-video-preview":"max-video-preview:-1"},"canonical":"https:\/\/swimchannel.net\/br\/as-equipes-do-raia-rapida-2017\/","og_locale":"pt_BR","og_type":"article","og_title":"As equipes do Raia R\u00e1pida 2017 - Swimchannel","og_description":"Este ano o evento contar\u00e1 com mulheres e homens e empolgante disputa do revezamento 4x50m medley misto","og_url":"https:\/\/swimchannel.net\/br\/as-equipes-do-raia-rapida-2017\/","og_site_name":"Swimchannel","article_publisher":"https:\/\/www.facebook.com\/swimchannel","article_published_time":"2017-10-09T02:13:49+00:00","article_modified_time":"2017-10-09T15:06:33+00:00","og_image":[{"width":1074,"height":478,"url":"https:\/\/swimchannel.net\/br\/wp-content\/uploads\/2017\/10\/raiarapida2017.png","type":"image\/png"}],"author":"Alex Pussieldi","twitter_card":"summary_large_image","twitter_misc":{"Escrito por":"Alex Pussieldi","Est. tempo de leitura":"4 minutos"},"schema":{"@context":"https:\/\/schema.org","@graph":[{"@type":"Article","@id":"https:\/\/swimchannel.net\/br\/as-equipes-do-raia-rapida-2017\/#article","isPartOf":{"@id":"https:\/\/swimchannel.net\/br\/as-equipes-do-raia-rapida-2017\/"},"author":{"name":"Alex Pussieldi","@id":"https:\/\/swimchannel.net\/br\/#\/schema\/person\/cf549cb99cf75592fcf7c76213385e63"},"headline":"As equipes do Raia R\u00e1pida 2017","datePublished":"2017-10-09T02:13:49+00:00","dateModified":"2017-10-09T15:06:33+00:00","mainEntityOfPage":{"@id":"https:\/\/swimchannel.net\/br\/as-equipes-do-raia-rapida-2017\/"},"wordCount":751,"commentCount":1,"publisher":{"@id":"https:\/\/swimchannel.net\/br\/#organization"},"image":{"@id":"https:\/\/swimchannel.net\/br\/as-equipes-do-raia-rapida-2017\/#primaryimage"},"thumbnailUrl":"https:\/\/swimchannel.net\/br\/wp-content\/uploads\/2017\/10\/raiarapida2017.png","keywords":["Anthony Ervin","Bruno Fratus","Daynara de Paula","Desafio Raia R\u00e1pida","Etiene Medeiros","Federico Grabich","Jo\u00e3o Gomes Jr.","Maria Lenk","natacao"],"articleSection":["Desafio Raia R\u00e1pida"],"inLanguage":"pt-BR","potentialAction":[{"@type":"CommentAction","name":"Comment","target":["https:\/\/swimchannel.net\/br\/as-equipes-do-raia-rapida-2017\/#respond"]}]},{"@type":"WebPage","@id":"https:\/\/swimchannel.net\/br\/as-equipes-do-raia-rapida-2017\/","url":"https:\/\/swimchannel.net\/br\/as-equipes-do-raia-rapida-2017\/","name":"As equipes do Raia R\u00e1pida 2017 - Swimchannel","isPartOf":{"@id":"https:\/\/swimchannel.net\/br\/#website"},"primaryImageOfPage":{"@id":"https:\/\/swimchannel.net\/br\/as-equipes-do-raia-rapida-2017\/#primaryimage"},"image":{"@id":"https:\/\/swimchannel.net\/br\/as-equipes-do-raia-rapida-2017\/#primaryimage"},"thumbnailUrl":"https:\/\/swimchannel.net\/br\/wp-content\/uploads\/2017\/10\/raiarapida2017.png","datePublished":"2017-10-09T02:13:49+00:00","dateModified":"2017-10-09T15:06:33+00:00","breadcrumb":{"@id":"https:\/\/swimchannel.net\/br\/as-equipes-do-raia-rapida-2017\/#breadcrumb"},"inLanguage":"pt-BR","potentialAction":[{"@type":"ReadAction","target":["https:\/\/swimchannel.net\/br\/as-equipes-do-raia-rapida-2017\/"]}]},{"@type":"ImageObject","inLanguage":"pt-BR","@id":"https:\/\/swimchannel.net\/br\/as-equipes-do-raia-rapida-2017\/#primaryimage","url":"https:\/\/swimchannel.net\/br\/wp-content\/uploads\/2017\/10\/raiarapida2017.png","contentUrl":"https:\/\/swimchannel.net\/br\/wp-content\/uploads\/2017\/10\/raiarapida2017.png","width":1074,"height":478},{"@type":"BreadcrumbList","@id":"https:\/\/swimchannel.net\/br\/as-equipes-do-raia-rapida-2017\/#breadcrumb","itemListElement":[{"@type":"ListItem","position":1,"name":"Home","item":"https:\/\/swimchannel.net\/br\/"},{"@type":"ListItem","position":2,"name":"As equipes do Raia R\u00e1pida 2017"}]},{"@type":"WebSite","@id":"https:\/\/swimchannel.net\/br\/#website","url":"https:\/\/swimchannel.net\/br\/","name":"Swimchannel","description":"Maior portal de nata\u00e7\u00e3o da america latina","publisher":{"@id":"https:\/\/swimchannel.net\/br\/#organization"},"potentialAction":[{"@type":"SearchAction","target":{"@type":"EntryPoint","urlTemplate":"https:\/\/swimchannel.net\/br\/?s={search_term_string}"},"query-input":{"@type":"PropertyValueSpecification","valueRequired":true,"valueName":"search_term_string"}}],"inLanguage":"pt-BR"},{"@type":"Organization","@id":"https:\/\/swimchannel.net\/br\/#organization","name":"Swimchannel - Conectando voc\u00ea a Nata\u00e7\u00e3o","url":"https:\/\/swimchannel.net\/br\/","logo":{"@type":"ImageObject","inLanguage":"pt-BR","@id":"https:\/\/swimchannel.net\/br\/#\/schema\/logo\/image\/","url":"https:\/\/swimchannel.net\/br\/wp-content\/uploads\/2026\/02\/SWIM-CHANNEL.png","contentUrl":"https:\/\/swimchannel.net\/br\/wp-content\/uploads\/2026\/02\/SWIM-CHANNEL.png","width":1120,"height":630,"caption":"Swimchannel - Conectando voc\u00ea a Nata\u00e7\u00e3o"},"image":{"@id":"https:\/\/swimchannel.net\/br\/#\/schema\/logo\/image\/"},"sameAs":["https:\/\/www.facebook.com\/swimchannel","https:\/\/www.instagram.com\/swimchannel"]},{"@type":"Person","@id":"https:\/\/swimchannel.net\/br\/#\/schema\/person\/cf549cb99cf75592fcf7c76213385e63","name":"Alex Pussieldi","image":{"@type":"ImageObject","inLanguage":"pt-BR","@id":"https:\/\/swimchannel.net\/br\/#\/schema\/person\/image\/","url":"https:\/\/swimchannel.net\/br\/wp-content\/uploads\/2021\/02\/9b1c252d-a4bd-4eda-b399-24565cac4114-100x100.jpg","contentUrl":"https:\/\/swimchannel.net\/br\/wp-content\/uploads\/2021\/02\/9b1c252d-a4bd-4eda-b399-24565cac4114-100x100.jpg","caption":"Alex Pussieldi"},"description":"Alexandre Pussieldi, apelidado de \u201ccoach\u201d, Foi t\u00e9cnico da sele\u00e7\u00e3o verde e amarela nas Olimp\u00edadas de Pequim-2008 e Londres-2012. O treinador ainda comandou outros quatro pa\u00edses: Kuwait, Paraguai, Aruba e Antilhas Holandesas, al\u00e9m da sele\u00e7\u00e3o americana de \u00e1guas abertas. Pussieldi tem passagens como comentarista de nata\u00e7\u00e3o do Grupo Globo e Swim Channel.","url":"https:\/\/swimchannel.net\/br\/author\/alexpussieldi\/"}]}},"_links":{"self":[{"href":"https:\/\/swimchannel.net\/br\/wp-json\/wp\/v2\/posts\/4918","targetHints":{"allow":["GET"]}}],"collection":[{"href":"https:\/\/swimchannel.net\/br\/wp-json\/wp\/v2\/posts"}],"about":[{"href":"https:\/\/swimchannel.net\/br\/wp-json\/wp\/v2\/types\/post"}],"author":[{"embeddable":true,"href":"https:\/\/swimchannel.net\/br\/wp-json\/wp\/v2\/users\/12"}],"replies":[{"embeddable":true,"href":"https:\/\/swimchannel.net\/br\/wp-json\/wp\/v2\/comments?post=4918"}],"version-history":[{"count":0,"href":"https:\/\/swimchannel.net\/br\/wp-json\/wp\/v2\/posts\/4918\/revisions"}],"wp:featuredmedia":[{"embeddable":true,"href":"https:\/\/swimchannel.net\/br\/wp-json\/wp\/v2\/media\/4919"}],"wp:attachment":[{"href":"https:\/\/swimchannel.net\/br\/wp-json\/wp\/v2\/media?parent=4918"}],"wp:term":[{"taxonomy":"category","embeddable":true,"href":"https:\/\/swimchannel.net\/br\/wp-json\/wp\/v2\/categories?post=4918"},{"taxonomy":"post_tag","embeddable":true,"href":"https:\/\/swimchannel.net\/br\/wp-json\/wp\/v2\/tags?post=4918"}],"curies":[{"name":"wp","href":"https:\/\/api.w.org\/{rel}","templated":true}]}}