{"id":4943,"date":"2017-10-13T16:12:58","date_gmt":"2017-10-13T16:12:58","guid":{"rendered":"https:\/\/digitalprojects.websiteseguro.com\/projetos\/swimchannel\/?p=4943"},"modified":"2017-10-16T01:46:47","modified_gmt":"2017-10-16T01:46:47","slug":"raia-rapida-2017-atletas-no-rio-tudo-pronto-para-o-evento","status":"publish","type":"post","link":"https:\/\/swimchannel.net\/br\/raia-rapida-2017-atletas-no-rio-tudo-pronto-para-o-evento\/","title":{"rendered":"Raia R\u00e1pida 2017: atletas no Rio, tudo pronto para o evento"},"content":{"rendered":"<p style=\"text-align: justify;\">O Desafio Raia R\u00e1pida 2017 acontece no domingo, dia 15, na piscina do Parque Aqu\u00e1tico Maria Lenk, no Rio de Janeiro. Mas o evento j\u00e1 come\u00e7ou para os atletas.<\/p>\n<p style=\"text-align: justify;\">Todos j\u00e1 chegaram ao Rio de Janeiro: Andrea Berrino, Maria Bel\u00e9n Diaz, Facundo Miguelena e Federico Grabich, da Argentina; Elena Gemo, Elena Di Liddo, Fabio Scozzoli e Lorenzo Benatti, da It\u00e1lia; Hellen Moffitt, Kendyl Stewart, Chuck Katis e Anthony Ervin, dos Estados Unidos; e, claro, Etiene Medeiros, Daynara de Paula, Jo\u00e3o Gomes J\u00fanior e Bruno Fratus, do Brasil.<\/p>\n<figure id=\"attachment_4947\" aria-describedby=\"caption-attachment-4947\" style=\"width: 3500px\" class=\"wp-caption alignnone\"><a href=\"https:\/\/digitalprojects.websiteseguro.com\/projetos\/swimchannel\/wp-content\/uploads\/2017\/10\/rr_brasil.jpg\"><img loading=\"lazy\" decoding=\"async\" class=\"size-full wp-image-4947\" src=\"https:\/\/digitalprojects.websiteseguro.com\/projetos\/swimchannel\/wp-content\/uploads\/2017\/10\/rr_brasil.jpg\" alt=\"O time brasileiro do Desafio Raia R\u00e1pida 2017 (foto: Satiro Sodr\u00e9\/SSPress)\" width=\"3500\" height=\"2333\" \/><\/a><figcaption id=\"caption-attachment-4947\" class=\"wp-caption-text\">O time brasileiro do Desafio Raia R\u00e1pida 2017 (foto: Satiro Sodr\u00e9\/SSPress)<\/figcaption><\/figure>\n<p>Pela primeira vez, a competi\u00e7\u00e3o envolver\u00e1 homens e mulheres, incluindo um revezamento 4x50m medley misto, o que tem animado muito os participantes. Etiene Medeiros, campe\u00e3 mundial dos 50m costas, disse que nos outros anos assistia pela TV morrendo de vontade de participar e sempre pressionava a organiza\u00e7\u00e3o da competi\u00e7\u00e3o para que as mulheres tamb\u00e9m pudessem nadar.<\/p>\n<p style=\"text-align: justify;\">Nesta manh\u00e3, os atletas participaram de uma cl\u00ednica com crian\u00e7as de projetos sociais da Baixada, Costa Verde e Regi\u00e3o dos Lagos, compartilhando seus conhecimentos com a pr\u00f3xima gera\u00e7\u00e3o de campe\u00f5es. O destaque foi Jo\u00e3o Gomes, assumindo o papel de treinador e de mestre de cerim\u00f4nias, mostrando habilidade e carisma com o microfone nas m\u00e3os.<\/p>\n<figure id=\"attachment_4962\" aria-describedby=\"caption-attachment-4962\" style=\"width: 800px\" class=\"wp-caption aligncenter\"><a href=\"https:\/\/digitalprojects.websiteseguro.com\/projetos\/swimchannel\/wp-content\/uploads\/2017\/10\/criancas_RR.jpg\"><img loading=\"lazy\" decoding=\"async\" class=\"wp-image-4962\" src=\"https:\/\/digitalprojects.websiteseguro.com\/projetos\/swimchannel\/wp-content\/uploads\/2017\/10\/criancas_RR.jpg\" alt=\"Atletas e crian\u00e7as no Parque Aqu\u00e1tico Maria Lenk (foto: Satiro Sodr\u00e9\/SSPress)\" width=\"800\" height=\"533\" srcset=\"https:\/\/swimchannel.net\/br\/wp-content\/uploads\/2017\/10\/criancas_RR.jpg 1838w, https:\/\/swimchannel.net\/br\/wp-content\/uploads\/2017\/10\/criancas_RR-600x400.jpg 600w, https:\/\/swimchannel.net\/br\/wp-content\/uploads\/2017\/10\/criancas_RR-768x512.jpg 768w, https:\/\/swimchannel.net\/br\/wp-content\/uploads\/2017\/10\/criancas_RR-300x200.jpg 300w, https:\/\/swimchannel.net\/br\/wp-content\/uploads\/2017\/10\/criancas_RR-1024x682.jpg 1024w\" sizes=\"auto, (max-width: 800px) 100vw, 800px\" \/><\/a><figcaption id=\"caption-attachment-4962\" class=\"wp-caption-text\">Atletas e crian\u00e7as no Parque Aqu\u00e1tico Maria Lenk (foto: Satiro Sodr\u00e9\/SSPress)<\/figcaption><\/figure>\n<p style=\"text-align: justify;\">Jo\u00e3o, ali\u00e1s, assumiu que encara a competi\u00e7\u00e3o como uma &#8220;divers\u00e3o s\u00e9ria&#8221;. O clima \u00e9 descontra\u00eddo, mas que quer ganhar dos advers\u00e1rios todas as vezes que for cair na \u00e1gua, sejam nas tr\u00eas baterias individuais, seja no revezamento. A estrat\u00e9gia, segundo ele, \u00e9 chegar na frente todas as vezes.<\/p>\n<p style=\"text-align: justify;\">Jo\u00e3o, atual vice-campe\u00e3o mundial dos 50m peito, ter\u00e1 o desafio do italiano Fabio Scozzoli, vice-campe\u00e3o mundial dos 50m e 100m peito em 2011. Scozzoli admite que ser\u00e1 dif\u00edcil bater o brasileiro, mas quer melhorar sua posi\u00e7\u00e3o da prova individual do ano passado, em que chegou em terceiro, e quer levar o time italiano a um desempenho melhor que a quarta posi\u00e7\u00e3o de 2016.<\/p>\n<p style=\"text-align: justify;\">O desafio Raia R\u00e1pida acontecer\u00e1 no domingo, a partir das 10h, com transmiss\u00e3o do Esporte Espetacular da Rede Globo. Quem quiser presenciar o evento, a entrada ser\u00e1 gratuita no Parque Aqu\u00e1tico Maria Lenk.<\/p>\n<p style=\"text-align: justify;\"><strong>Por Daniel Takata<\/strong><\/p>\n","protected":false},"excerpt":{"rendered":"<p>Tudo pronto para o in\u00edcio da sexta edi\u00e7\u00e3o do torneio que ocorre pela primeira vez no Maria Lenk<\/p>\n","protected":false},"author":12,"featured_media":4944,"comment_status":"open","ping_status":"open","sticky":false,"template":"","format":"standard","meta":{"footnotes":""},"categories":[153],"tags":[14,104,1019,40,458,780,5,494],"class_list":["post-4943","post","type-post","status-publish","format-standard","has-post-thumbnail","hentry","category-desafio-raia-rapida","tag-aguas-abertas","tag-bruno-fratus","tag-daynara-de-paula","tag-etiene-medeiros","tag-joao-gomes-jr","tag-maria-lenk","tag-natacao","tag-raia-rapida"],"yoast_head":"<!-- This site is optimized with the Yoast SEO plugin v27.0 - https:\/\/yoast.com\/product\/yoast-seo-wordpress\/ -->\n<title>Raia R\u00e1pida 2017: atletas no Rio, tudo pronto para o evento - Swimchannel<\/title>\n<meta name=\"robots\" content=\"index, follow, max-snippet:-1, max-image-preview:large, max-video-preview:-1\" \/>\n<link rel=\"canonical\" href=\"https:\/\/swimchannel.net\/br\/raia-rapida-2017-atletas-no-rio-tudo-pronto-para-o-evento\/\" \/>\n<meta property=\"og:locale\" content=\"pt_BR\" \/>\n<meta property=\"og:type\" content=\"article\" \/>\n<meta property=\"og:title\" content=\"Raia R\u00e1pida 2017: atletas no Rio, tudo pronto para o evento - Swimchannel\" \/>\n<meta property=\"og:description\" content=\"Tudo pronto para o in\u00edcio da sexta edi\u00e7\u00e3o do torneio que ocorre pela primeira vez no Maria Lenk\" \/>\n<meta property=\"og:url\" content=\"https:\/\/swimchannel.net\/br\/raia-rapida-2017-atletas-no-rio-tudo-pronto-para-o-evento\/\" \/>\n<meta property=\"og:site_name\" content=\"Swimchannel\" \/>\n<meta property=\"article:publisher\" content=\"https:\/\/www.facebook.com\/swimchannel\" \/>\n<meta property=\"article:published_time\" content=\"2017-10-13T16:12:58+00:00\" \/>\n<meta property=\"article:modified_time\" content=\"2017-10-16T01:46:47+00:00\" \/>\n<meta property=\"og:image\" content=\"https:\/\/swimchannel.net\/br\/wp-content\/uploads\/2017\/10\/atletas_RR-scaled.jpg\" \/>\n\t<meta property=\"og:image:width\" content=\"2560\" \/>\n\t<meta property=\"og:image:height\" content=\"1706\" \/>\n\t<meta property=\"og:image:type\" content=\"image\/jpeg\" \/>\n<meta name=\"author\" content=\"Alex Pussieldi\" \/>\n<meta name=\"twitter:card\" content=\"summary_large_image\" \/>\n<meta name=\"twitter:label1\" content=\"Escrito por\" \/>\n\t<meta name=\"twitter:data1\" content=\"Alex Pussieldi\" \/>\n\t<meta name=\"twitter:label2\" content=\"Est. tempo de leitura\" \/>\n\t<meta name=\"twitter:data2\" content=\"2 minutos\" \/>\n<script type=\"application\/ld+json\" class=\"yoast-schema-graph\">{\"@context\":\"https:\/\/schema.org\",\"@graph\":[{\"@type\":\"Article\",\"@id\":\"https:\/\/swimchannel.net\/br\/raia-rapida-2017-atletas-no-rio-tudo-pronto-para-o-evento\/#article\",\"isPartOf\":{\"@id\":\"https:\/\/swimchannel.net\/br\/raia-rapida-2017-atletas-no-rio-tudo-pronto-para-o-evento\/\"},\"author\":{\"name\":\"Alex Pussieldi\",\"@id\":\"https:\/\/swimchannel.net\/br\/#\/schema\/person\/cf549cb99cf75592fcf7c76213385e63\"},\"headline\":\"Raia R\u00e1pida 2017: atletas no Rio, tudo pronto para o evento\",\"datePublished\":\"2017-10-13T16:12:58+00:00\",\"dateModified\":\"2017-10-16T01:46:47+00:00\",\"mainEntityOfPage\":{\"@id\":\"https:\/\/swimchannel.net\/br\/raia-rapida-2017-atletas-no-rio-tudo-pronto-para-o-evento\/\"},\"wordCount\":428,\"commentCount\":0,\"publisher\":{\"@id\":\"https:\/\/swimchannel.net\/br\/#organization\"},\"image\":{\"@id\":\"https:\/\/swimchannel.net\/br\/raia-rapida-2017-atletas-no-rio-tudo-pronto-para-o-evento\/#primaryimage\"},\"thumbnailUrl\":\"https:\/\/swimchannel.net\/br\/wp-content\/uploads\/2017\/10\/atletas_RR-scaled.jpg\",\"keywords\":[\"\u00c1guas abertas\",\"Bruno Fratus\",\"Daynara de Paula\",\"Etiene Medeiros\",\"Jo\u00e3o Gomes Jr.\",\"Maria Lenk\",\"natacao\",\"Raia R\u00e1pida\"],\"articleSection\":[\"Desafio Raia R\u00e1pida\"],\"inLanguage\":\"pt-BR\",\"potentialAction\":[{\"@type\":\"CommentAction\",\"name\":\"Comment\",\"target\":[\"https:\/\/swimchannel.net\/br\/raia-rapida-2017-atletas-no-rio-tudo-pronto-para-o-evento\/#respond\"]}]},{\"@type\":\"WebPage\",\"@id\":\"https:\/\/swimchannel.net\/br\/raia-rapida-2017-atletas-no-rio-tudo-pronto-para-o-evento\/\",\"url\":\"https:\/\/swimchannel.net\/br\/raia-rapida-2017-atletas-no-rio-tudo-pronto-para-o-evento\/\",\"name\":\"Raia R\u00e1pida 2017: atletas no Rio, tudo pronto para o evento - Swimchannel\",\"isPartOf\":{\"@id\":\"https:\/\/swimchannel.net\/br\/#website\"},\"primaryImageOfPage\":{\"@id\":\"https:\/\/swimchannel.net\/br\/raia-rapida-2017-atletas-no-rio-tudo-pronto-para-o-evento\/#primaryimage\"},\"image\":{\"@id\":\"https:\/\/swimchannel.net\/br\/raia-rapida-2017-atletas-no-rio-tudo-pronto-para-o-evento\/#primaryimage\"},\"thumbnailUrl\":\"https:\/\/swimchannel.net\/br\/wp-content\/uploads\/2017\/10\/atletas_RR-scaled.jpg\",\"datePublished\":\"2017-10-13T16:12:58+00:00\",\"dateModified\":\"2017-10-16T01:46:47+00:00\",\"breadcrumb\":{\"@id\":\"https:\/\/swimchannel.net\/br\/raia-rapida-2017-atletas-no-rio-tudo-pronto-para-o-evento\/#breadcrumb\"},\"inLanguage\":\"pt-BR\",\"potentialAction\":[{\"@type\":\"ReadAction\",\"target\":[\"https:\/\/swimchannel.net\/br\/raia-rapida-2017-atletas-no-rio-tudo-pronto-para-o-evento\/\"]}]},{\"@type\":\"ImageObject\",\"inLanguage\":\"pt-BR\",\"@id\":\"https:\/\/swimchannel.net\/br\/raia-rapida-2017-atletas-no-rio-tudo-pronto-para-o-evento\/#primaryimage\",\"url\":\"https:\/\/swimchannel.net\/br\/wp-content\/uploads\/2017\/10\/atletas_RR-scaled.jpg\",\"contentUrl\":\"https:\/\/swimchannel.net\/br\/wp-content\/uploads\/2017\/10\/atletas_RR-scaled.jpg\",\"width\":2560,\"height\":1706,\"caption\":\"Desafio Raia Rapida no Parque Aguatico Maria Lenk. 13 de outubro 2017. Rio de Janeiro. RJ. Brasil. Foto: Satiro Sodre\/ SSPress\"},{\"@type\":\"BreadcrumbList\",\"@id\":\"https:\/\/swimchannel.net\/br\/raia-rapida-2017-atletas-no-rio-tudo-pronto-para-o-evento\/#breadcrumb\",\"itemListElement\":[{\"@type\":\"ListItem\",\"position\":1,\"name\":\"Home\",\"item\":\"https:\/\/swimchannel.net\/br\/\"},{\"@type\":\"ListItem\",\"position\":2,\"name\":\"Raia R\u00e1pida 2017: atletas no Rio, tudo pronto para o evento\"}]},{\"@type\":\"WebSite\",\"@id\":\"https:\/\/swimchannel.net\/br\/#website\",\"url\":\"https:\/\/swimchannel.net\/br\/\",\"name\":\"Swimchannel\",\"description\":\"Maior portal de nata\u00e7\u00e3o da america latina\",\"publisher\":{\"@id\":\"https:\/\/swimchannel.net\/br\/#organization\"},\"potentialAction\":[{\"@type\":\"SearchAction\",\"target\":{\"@type\":\"EntryPoint\",\"urlTemplate\":\"https:\/\/swimchannel.net\/br\/?s={search_term_string}\"},\"query-input\":{\"@type\":\"PropertyValueSpecification\",\"valueRequired\":true,\"valueName\":\"search_term_string\"}}],\"inLanguage\":\"pt-BR\"},{\"@type\":\"Organization\",\"@id\":\"https:\/\/swimchannel.net\/br\/#organization\",\"name\":\"Swimchannel - Conectando voc\u00ea a Nata\u00e7\u00e3o\",\"url\":\"https:\/\/swimchannel.net\/br\/\",\"logo\":{\"@type\":\"ImageObject\",\"inLanguage\":\"pt-BR\",\"@id\":\"https:\/\/swimchannel.net\/br\/#\/schema\/logo\/image\/\",\"url\":\"https:\/\/swimchannel.net\/br\/wp-content\/uploads\/2026\/02\/SWIM-CHANNEL.png\",\"contentUrl\":\"https:\/\/swimchannel.net\/br\/wp-content\/uploads\/2026\/02\/SWIM-CHANNEL.png\",\"width\":1120,\"height\":630,\"caption\":\"Swimchannel - Conectando voc\u00ea a Nata\u00e7\u00e3o\"},\"image\":{\"@id\":\"https:\/\/swimchannel.net\/br\/#\/schema\/logo\/image\/\"},\"sameAs\":[\"https:\/\/www.facebook.com\/swimchannel\",\"https:\/\/www.instagram.com\/swimchannel\"]},{\"@type\":\"Person\",\"@id\":\"https:\/\/swimchannel.net\/br\/#\/schema\/person\/cf549cb99cf75592fcf7c76213385e63\",\"name\":\"Alex Pussieldi\",\"image\":{\"@type\":\"ImageObject\",\"inLanguage\":\"pt-BR\",\"@id\":\"https:\/\/swimchannel.net\/br\/#\/schema\/person\/image\/\",\"url\":\"https:\/\/swimchannel.net\/br\/wp-content\/uploads\/2021\/02\/9b1c252d-a4bd-4eda-b399-24565cac4114-100x100.jpg\",\"contentUrl\":\"https:\/\/swimchannel.net\/br\/wp-content\/uploads\/2021\/02\/9b1c252d-a4bd-4eda-b399-24565cac4114-100x100.jpg\",\"caption\":\"Alex Pussieldi\"},\"description\":\"Alexandre Pussieldi, apelidado de \u201ccoach\u201d, Foi t\u00e9cnico da sele\u00e7\u00e3o verde e amarela nas Olimp\u00edadas de Pequim-2008 e Londres-2012. O treinador ainda comandou outros quatro pa\u00edses: Kuwait, Paraguai, Aruba e Antilhas Holandesas, al\u00e9m da sele\u00e7\u00e3o americana de \u00e1guas abertas. Pussieldi tem passagens como comentarista de nata\u00e7\u00e3o do Grupo Globo e Swim Channel.\",\"url\":\"https:\/\/swimchannel.net\/br\/author\/alexpussieldi\/\"}]}<\/script>\n<!-- \/ Yoast SEO plugin. -->","yoast_head_json":{"title":"Raia R\u00e1pida 2017: atletas no Rio, tudo pronto para o evento - Swimchannel","robots":{"index":"index","follow":"follow","max-snippet":"max-snippet:-1","max-image-preview":"max-image-preview:large","max-video-preview":"max-video-preview:-1"},"canonical":"https:\/\/swimchannel.net\/br\/raia-rapida-2017-atletas-no-rio-tudo-pronto-para-o-evento\/","og_locale":"pt_BR","og_type":"article","og_title":"Raia R\u00e1pida 2017: atletas no Rio, tudo pronto para o evento - Swimchannel","og_description":"Tudo pronto para o in\u00edcio da sexta edi\u00e7\u00e3o do torneio que ocorre pela primeira vez no Maria Lenk","og_url":"https:\/\/swimchannel.net\/br\/raia-rapida-2017-atletas-no-rio-tudo-pronto-para-o-evento\/","og_site_name":"Swimchannel","article_publisher":"https:\/\/www.facebook.com\/swimchannel","article_published_time":"2017-10-13T16:12:58+00:00","article_modified_time":"2017-10-16T01:46:47+00:00","og_image":[{"width":2560,"height":1706,"url":"https:\/\/swimchannel.net\/br\/wp-content\/uploads\/2017\/10\/atletas_RR-scaled.jpg","type":"image\/jpeg"}],"author":"Alex Pussieldi","twitter_card":"summary_large_image","twitter_misc":{"Escrito por":"Alex Pussieldi","Est. tempo de leitura":"2 minutos"},"schema":{"@context":"https:\/\/schema.org","@graph":[{"@type":"Article","@id":"https:\/\/swimchannel.net\/br\/raia-rapida-2017-atletas-no-rio-tudo-pronto-para-o-evento\/#article","isPartOf":{"@id":"https:\/\/swimchannel.net\/br\/raia-rapida-2017-atletas-no-rio-tudo-pronto-para-o-evento\/"},"author":{"name":"Alex Pussieldi","@id":"https:\/\/swimchannel.net\/br\/#\/schema\/person\/cf549cb99cf75592fcf7c76213385e63"},"headline":"Raia R\u00e1pida 2017: atletas no Rio, tudo pronto para o evento","datePublished":"2017-10-13T16:12:58+00:00","dateModified":"2017-10-16T01:46:47+00:00","mainEntityOfPage":{"@id":"https:\/\/swimchannel.net\/br\/raia-rapida-2017-atletas-no-rio-tudo-pronto-para-o-evento\/"},"wordCount":428,"commentCount":0,"publisher":{"@id":"https:\/\/swimchannel.net\/br\/#organization"},"image":{"@id":"https:\/\/swimchannel.net\/br\/raia-rapida-2017-atletas-no-rio-tudo-pronto-para-o-evento\/#primaryimage"},"thumbnailUrl":"https:\/\/swimchannel.net\/br\/wp-content\/uploads\/2017\/10\/atletas_RR-scaled.jpg","keywords":["\u00c1guas abertas","Bruno Fratus","Daynara de Paula","Etiene Medeiros","Jo\u00e3o Gomes Jr.","Maria Lenk","natacao","Raia R\u00e1pida"],"articleSection":["Desafio Raia R\u00e1pida"],"inLanguage":"pt-BR","potentialAction":[{"@type":"CommentAction","name":"Comment","target":["https:\/\/swimchannel.net\/br\/raia-rapida-2017-atletas-no-rio-tudo-pronto-para-o-evento\/#respond"]}]},{"@type":"WebPage","@id":"https:\/\/swimchannel.net\/br\/raia-rapida-2017-atletas-no-rio-tudo-pronto-para-o-evento\/","url":"https:\/\/swimchannel.net\/br\/raia-rapida-2017-atletas-no-rio-tudo-pronto-para-o-evento\/","name":"Raia R\u00e1pida 2017: atletas no Rio, tudo pronto para o evento - Swimchannel","isPartOf":{"@id":"https:\/\/swimchannel.net\/br\/#website"},"primaryImageOfPage":{"@id":"https:\/\/swimchannel.net\/br\/raia-rapida-2017-atletas-no-rio-tudo-pronto-para-o-evento\/#primaryimage"},"image":{"@id":"https:\/\/swimchannel.net\/br\/raia-rapida-2017-atletas-no-rio-tudo-pronto-para-o-evento\/#primaryimage"},"thumbnailUrl":"https:\/\/swimchannel.net\/br\/wp-content\/uploads\/2017\/10\/atletas_RR-scaled.jpg","datePublished":"2017-10-13T16:12:58+00:00","dateModified":"2017-10-16T01:46:47+00:00","breadcrumb":{"@id":"https:\/\/swimchannel.net\/br\/raia-rapida-2017-atletas-no-rio-tudo-pronto-para-o-evento\/#breadcrumb"},"inLanguage":"pt-BR","potentialAction":[{"@type":"ReadAction","target":["https:\/\/swimchannel.net\/br\/raia-rapida-2017-atletas-no-rio-tudo-pronto-para-o-evento\/"]}]},{"@type":"ImageObject","inLanguage":"pt-BR","@id":"https:\/\/swimchannel.net\/br\/raia-rapida-2017-atletas-no-rio-tudo-pronto-para-o-evento\/#primaryimage","url":"https:\/\/swimchannel.net\/br\/wp-content\/uploads\/2017\/10\/atletas_RR-scaled.jpg","contentUrl":"https:\/\/swimchannel.net\/br\/wp-content\/uploads\/2017\/10\/atletas_RR-scaled.jpg","width":2560,"height":1706,"caption":"Desafio Raia Rapida no Parque Aguatico Maria Lenk. 13 de outubro 2017. Rio de Janeiro. RJ. Brasil. Foto: Satiro Sodre\/ SSPress"},{"@type":"BreadcrumbList","@id":"https:\/\/swimchannel.net\/br\/raia-rapida-2017-atletas-no-rio-tudo-pronto-para-o-evento\/#breadcrumb","itemListElement":[{"@type":"ListItem","position":1,"name":"Home","item":"https:\/\/swimchannel.net\/br\/"},{"@type":"ListItem","position":2,"name":"Raia R\u00e1pida 2017: atletas no Rio, tudo pronto para o evento"}]},{"@type":"WebSite","@id":"https:\/\/swimchannel.net\/br\/#website","url":"https:\/\/swimchannel.net\/br\/","name":"Swimchannel","description":"Maior portal de nata\u00e7\u00e3o da america latina","publisher":{"@id":"https:\/\/swimchannel.net\/br\/#organization"},"potentialAction":[{"@type":"SearchAction","target":{"@type":"EntryPoint","urlTemplate":"https:\/\/swimchannel.net\/br\/?s={search_term_string}"},"query-input":{"@type":"PropertyValueSpecification","valueRequired":true,"valueName":"search_term_string"}}],"inLanguage":"pt-BR"},{"@type":"Organization","@id":"https:\/\/swimchannel.net\/br\/#organization","name":"Swimchannel - Conectando voc\u00ea a Nata\u00e7\u00e3o","url":"https:\/\/swimchannel.net\/br\/","logo":{"@type":"ImageObject","inLanguage":"pt-BR","@id":"https:\/\/swimchannel.net\/br\/#\/schema\/logo\/image\/","url":"https:\/\/swimchannel.net\/br\/wp-content\/uploads\/2026\/02\/SWIM-CHANNEL.png","contentUrl":"https:\/\/swimchannel.net\/br\/wp-content\/uploads\/2026\/02\/SWIM-CHANNEL.png","width":1120,"height":630,"caption":"Swimchannel - Conectando voc\u00ea a Nata\u00e7\u00e3o"},"image":{"@id":"https:\/\/swimchannel.net\/br\/#\/schema\/logo\/image\/"},"sameAs":["https:\/\/www.facebook.com\/swimchannel","https:\/\/www.instagram.com\/swimchannel"]},{"@type":"Person","@id":"https:\/\/swimchannel.net\/br\/#\/schema\/person\/cf549cb99cf75592fcf7c76213385e63","name":"Alex Pussieldi","image":{"@type":"ImageObject","inLanguage":"pt-BR","@id":"https:\/\/swimchannel.net\/br\/#\/schema\/person\/image\/","url":"https:\/\/swimchannel.net\/br\/wp-content\/uploads\/2021\/02\/9b1c252d-a4bd-4eda-b399-24565cac4114-100x100.jpg","contentUrl":"https:\/\/swimchannel.net\/br\/wp-content\/uploads\/2021\/02\/9b1c252d-a4bd-4eda-b399-24565cac4114-100x100.jpg","caption":"Alex Pussieldi"},"description":"Alexandre Pussieldi, apelidado de \u201ccoach\u201d, Foi t\u00e9cnico da sele\u00e7\u00e3o verde e amarela nas Olimp\u00edadas de Pequim-2008 e Londres-2012. O treinador ainda comandou outros quatro pa\u00edses: Kuwait, Paraguai, Aruba e Antilhas Holandesas, al\u00e9m da sele\u00e7\u00e3o americana de \u00e1guas abertas. Pussieldi tem passagens como comentarista de nata\u00e7\u00e3o do Grupo Globo e Swim Channel.","url":"https:\/\/swimchannel.net\/br\/author\/alexpussieldi\/"}]}},"_links":{"self":[{"href":"https:\/\/swimchannel.net\/br\/wp-json\/wp\/v2\/posts\/4943","targetHints":{"allow":["GET"]}}],"collection":[{"href":"https:\/\/swimchannel.net\/br\/wp-json\/wp\/v2\/posts"}],"about":[{"href":"https:\/\/swimchannel.net\/br\/wp-json\/wp\/v2\/types\/post"}],"author":[{"embeddable":true,"href":"https:\/\/swimchannel.net\/br\/wp-json\/wp\/v2\/users\/12"}],"replies":[{"embeddable":true,"href":"https:\/\/swimchannel.net\/br\/wp-json\/wp\/v2\/comments?post=4943"}],"version-history":[{"count":0,"href":"https:\/\/swimchannel.net\/br\/wp-json\/wp\/v2\/posts\/4943\/revisions"}],"wp:featuredmedia":[{"embeddable":true,"href":"https:\/\/swimchannel.net\/br\/wp-json\/wp\/v2\/media\/4944"}],"wp:attachment":[{"href":"https:\/\/swimchannel.net\/br\/wp-json\/wp\/v2\/media?parent=4943"}],"wp:term":[{"taxonomy":"category","embeddable":true,"href":"https:\/\/swimchannel.net\/br\/wp-json\/wp\/v2\/categories?post=4943"},{"taxonomy":"post_tag","embeddable":true,"href":"https:\/\/swimchannel.net\/br\/wp-json\/wp\/v2\/tags?post=4943"}],"curies":[{"name":"wp","href":"https:\/\/api.w.org\/{rel}","templated":true}]}}