{"id":4956,"date":"2017-10-15T20:29:48","date_gmt":"2017-10-15T20:29:48","guid":{"rendered":"https:\/\/digitalprojects.websiteseguro.com\/projetos\/swimchannel\/?p=4956"},"modified":"2017-10-16T16:01:38","modified_gmt":"2017-10-16T16:01:38","slug":"brasil-tetracampeao-do-desafio-raia-rapida","status":"publish","type":"post","link":"https:\/\/swimchannel.net\/br\/brasil-tetracampeao-do-desafio-raia-rapida\/","title":{"rendered":"Brasil, tetracampe\u00e3o do Desafio Raia R\u00e1pida"},"content":{"rendered":"<p style=\"text-align: justify;\">N\u00e3o podemos dizer que a vit\u00f3ria brasileira na sexta edi\u00e7\u00e3o do Desafio Raia R\u00e1pida tenha sido uma surpresa. Afinal, no papel era indiscutivelmente a equipe mais forte, com tr\u00eas medalhistas no \u00faltimo Mundial de Budapeste. Mas a vit\u00f3ria no revezamento foi dif\u00edcil, ao contr\u00e1rio do que os resultados das provas individuais indicavam, e sobrou emo\u00e7\u00e3o na disputa.<\/p>\n<p style=\"text-align: justify;\">O clima no Parque Aqu\u00e1tico Maria Lenk nesta manh\u00e3 de domingo foi chuvoso por quase todo o tempo. Mas n\u00e3o diminuiu a anima\u00e7\u00e3o da torcida, que incentivou por todo o tempo os brasileiros contra as equipes dos Estados Unidos, It\u00e1lia e Argentina. Confira abaixo um resumo das provas.<\/p>\n<p style=\"text-align: justify;\"><strong>50m costas feminino<\/strong><br \/>\nA campe\u00e3 mundial Etiene Medeiros n\u00e3o teve dificuldades para vencer as tr\u00eas baterias. Na \u00faltima, derrotou a americana Hellen Moffit, com 28s00 contra 28s74. Seu t\u00e9cnico Fernando Vanzella achou o tempo excelente para a fase de treinamentos, destacando que seria muito dif\u00edcil ela nadar na casa dos 27s, e por um cent\u00e9simo ela n\u00e3o conseguiu faz\u00ea-lo. Sua melhor sa\u00edda foi obtida na primeira bateria, quando estava descansada, de acordo com an\u00e1lise biomec\u00e2nica da Meazure Sport Sciences (primeiros 15m com tempo de 6s99, contra 7s01 da bateria final).<\/p>\n<figure id=\"attachment_4984\" aria-describedby=\"caption-attachment-4984\" style=\"width: 800px\" class=\"wp-caption aligncenter\"><a href=\"https:\/\/digitalprojects.websiteseguro.com\/projetos\/swimchannel\/wp-content\/uploads\/2017\/10\/rr_etiene.jpg\"><img loading=\"lazy\" decoding=\"async\" class=\"wp-image-4984\" src=\"https:\/\/digitalprojects.websiteseguro.com\/projetos\/swimchannel\/wp-content\/uploads\/2017\/10\/rr_etiene.jpg\" alt=\"Etiene Medeiros (foto: Satiro Sodr\u00e9\/SSPress)\" width=\"800\" height=\"533\" \/><\/a><figcaption id=\"caption-attachment-4984\" class=\"wp-caption-text\">Etiene Medeiros (foto: Satiro Sodr\u00e9\/SSPress)<\/figcaption><\/figure>\n<p style=\"text-align: justify;\"><strong>50m peito masculino<\/strong><br \/>\nJo\u00e3o Gomes J\u00fanior, vice-campe\u00e3o mundial da prova, exibiu a mesma hegemonia de Etiene, vencendo as tr\u00eas baterias. Na \u00faltima, o esperado duelo contra o italiano Fabio Scozzoli, vice-campe\u00e3o mundial da prova em 2011. O brasileiro levou com 27s25 contra 27s68 do advers\u00e1rio. Jo\u00e3o queria nadar abaixo de 27s e quebrar o recorde da competi\u00e7\u00e3o que \u00e9 dele de 27s09, e disse que poderia faz\u00ea-lo na primeira bateria, quando estava descansado. Mas preferiu se poupar para chegar inteiro \u00e0s pr\u00f3ximas s\u00e9ries e principalmente ao revezamento, o que se revelou na estrat\u00e9gia correta.<\/p>\n<figure id=\"attachment_4985\" aria-describedby=\"caption-attachment-4985\" style=\"width: 800px\" class=\"wp-caption aligncenter\"><a href=\"https:\/\/digitalprojects.websiteseguro.com\/projetos\/swimchannel\/wp-content\/uploads\/2017\/10\/RAIA-RAPIDA-8528.jpg\"><img loading=\"lazy\" decoding=\"async\" class=\"wp-image-4985\" src=\"https:\/\/digitalprojects.websiteseguro.com\/projetos\/swimchannel\/wp-content\/uploads\/2017\/10\/RAIA-RAPIDA-8528.jpg\" alt=\"Jo\u00e3o Gomes J\u00fanior (foto: Satiro Sodr\u00e9\/SSPress)\" width=\"800\" height=\"533\" \/><\/a><figcaption id=\"caption-attachment-4985\" class=\"wp-caption-text\">Jo\u00e3o Gomes J\u00fanior (foto: Satiro Sodr\u00e9\/SSPress)<\/figcaption><\/figure>\n<p style=\"text-align: justify;\"><strong>50m borboleta feminino<br \/>\n<\/strong>Daynara de Paula chegou \u00e0 final contra a americana Kendyl Stewart, vice-campe\u00e3 no Pan-Pac\u00edfico de 2014. Stewart venceu com 26s28 contra 26s76 da brasileira. Mas Daynara n\u00e3o tem do que reclamar: seu tempo na segunda bateria de 26s44 foi sua melhor marca no ano, e mostrou muita for\u00e7a na sa\u00edda de prova, levando clara vantagem nessa parte da prova sobre as advers\u00e1rias. Em todas as baterias, ela teve o melhor tempo na marca dos 15 metros em rela\u00e7\u00e3o \u00e0s advers\u00e1rias.<\/p>\n<figure id=\"attachment_4986\" aria-describedby=\"caption-attachment-4986\" style=\"width: 800px\" class=\"wp-caption aligncenter\"><a href=\"https:\/\/digitalprojects.websiteseguro.com\/projetos\/swimchannel\/wp-content\/uploads\/2017\/10\/RAIA-RAPIDA-0234.jpg\"><img loading=\"lazy\" decoding=\"async\" class=\"wp-image-4986\" src=\"https:\/\/digitalprojects.websiteseguro.com\/projetos\/swimchannel\/wp-content\/uploads\/2017\/10\/RAIA-RAPIDA-0234.jpg\" alt=\"Daynara de Paula e Kendyl Stewart (foto: Satiro Sodr\u00e9\/SSPress)\" width=\"800\" height=\"533\" \/><\/a><figcaption id=\"caption-attachment-4986\" class=\"wp-caption-text\">Daynara de Paula e Kendyl Stewart (foto: Satiro Sodr\u00e9\/SSPress)<\/figcaption><\/figure>\n<p style=\"text-align: justify;\"><strong>50m livre masculino<\/strong><br \/>\nO argentino campe\u00e3o pan-americano dos 100m livre Federico Grabich, uma das estrelas da competi\u00e7\u00e3o, decepcionou e foi eliminado logo na primeira s\u00e9rie. Na segunda, foi eliminado o italiano Lorenzo Benatti. O esperado duelo entre o vice-campe\u00e3o mundial Bruno Fratus e o campe\u00e3o ol\u00edmpico Anthony Ervin ficou para o final. Melhor para o brasileiro, com 22s36, contra 22s64. Bruno dominou todas as baterias e n\u00e3o deu chance para o azar. Ervin saiu da piscina dizendo, em tom de lamento, que foi sua primeira derrota em solo brasileiro em provas individuais &#8211; de fato, ele havia vencido a prova nas tr\u00eas edi\u00e7\u00f5es do Raia R\u00e1pida anteriores, al\u00e9m de ter conquistado o ouro ol\u00edmpico no Rio de Janeiro. Hoje, teve que se render \u00e0 for\u00e7a de Bruno, que pela an\u00e1lise biomec\u00e2nica foi o mais r\u00e1pido em todos os trechos da prova.<\/p>\n<figure id=\"attachment_4987\" aria-describedby=\"caption-attachment-4987\" style=\"width: 800px\" class=\"wp-caption alignnone\"><a href=\"https:\/\/digitalprojects.websiteseguro.com\/projetos\/swimchannel\/wp-content\/uploads\/2017\/10\/frats_erv.jpg\"><img loading=\"lazy\" decoding=\"async\" class=\"wp-image-4987\" src=\"https:\/\/digitalprojects.websiteseguro.com\/projetos\/swimchannel\/wp-content\/uploads\/2017\/10\/frats_erv.jpg\" alt=\"Bruno Fratus e Anthony Ervin (foto: Satiro Sodr\u00e9\/SSPress)\" width=\"800\" height=\"533\" \/><\/a><figcaption id=\"caption-attachment-4987\" class=\"wp-caption-text\">Bruno Fratus e Anthony Ervin (foto: Satiro Sodr\u00e9\/SSPress)<\/figcaption><\/figure>\n<p style=\"text-align: justify;\"><strong>Revezamento 4x50m medley misto<\/strong><br \/>\nN\u00e3o encontramos registro da realiza\u00e7\u00e3o dessa prova em piscina longa em competi\u00e7\u00f5es pr\u00e9vias. Mas muito provavelmente o tempo obtido pelo Brasil \u00e9 o mais r\u00e1pido da hist\u00f3ria da prova, com 1min45s38. Como todos os brasileiros nadaram todas as s\u00e9ries das provas individuais, chegaram mais desgastados do que os advers\u00e1rios. Os americanos souberam explorar isso e endureceram. Bruno Fratus chegou a pular atr\u00e1s de Anthony Ervin para fechar a prova, mas ultrapassou o americano (parcial manual e n\u00e3o-oficial de 21s91) para garantir a vit\u00f3ria. Pela pontua\u00e7\u00e3o, o Brasil venceria a competi\u00e7\u00e3o mesmo que chegasse em segundo no revezamento. Mas n\u00e3o teria a mesma gra\u00e7a. A vit\u00f3ria emocionante por apenas 15 cent\u00e9simos serviu como cereja no bolo para colocar de vez os brasileiros nas gra\u00e7as da torcida presente.<\/p>\n<figure id=\"attachment_4957\" aria-describedby=\"caption-attachment-4957\" style=\"width: 800px\" class=\"wp-caption aligncenter\"><a href=\"https:\/\/digitalprojects.websiteseguro.com\/projetos\/swimchannel\/wp-content\/uploads\/2017\/10\/raiarapida.jpg\"><img loading=\"lazy\" decoding=\"async\" class=\"wp-image-4957\" src=\"https:\/\/digitalprojects.websiteseguro.com\/projetos\/swimchannel\/wp-content\/uploads\/2017\/10\/raiarapida.jpg\" alt=\"As quatro equipes no p\u00f3dio (foto: Satiro Sodr\u00e9\/SSPress)\" width=\"800\" height=\"533\" srcset=\"https:\/\/swimchannel.net\/br\/wp-content\/uploads\/2017\/10\/raiarapida.jpg 2362w, https:\/\/swimchannel.net\/br\/wp-content\/uploads\/2017\/10\/raiarapida-600x400.jpg 600w, https:\/\/swimchannel.net\/br\/wp-content\/uploads\/2017\/10\/raiarapida-768x512.jpg 768w, https:\/\/swimchannel.net\/br\/wp-content\/uploads\/2017\/10\/raiarapida-300x200.jpg 300w, https:\/\/swimchannel.net\/br\/wp-content\/uploads\/2017\/10\/raiarapida-1024x683.jpg 1024w\" sizes=\"auto, (max-width: 800px) 100vw, 800px\" \/><\/a><figcaption id=\"caption-attachment-4957\" class=\"wp-caption-text\">As quatro equipes no p\u00f3dio (foto: Satiro Sodr\u00e9\/SSPress)<\/figcaption><\/figure>\n<p style=\"text-align: justify;\"><strong>Pontua\u00e7\u00e3o final:<\/strong><br \/>\nBrasil: 17<br \/>\nEstados Unidos: 12<br \/>\nIt\u00e1lia: 6<br \/>\nArgentina: 1<\/p>\n<p style=\"text-align: justify;\"><strong>Por Daniel Takata<\/strong><\/p>\n","protected":false},"excerpt":{"rendered":"<p>Pelo quarto consecutivo os brasileiros triunfaram na competi\u00e7\u00e3o disputada no Rio de Janeiro<\/p>\n","protected":false},"author":12,"featured_media":4957,"comment_status":"open","ping_status":"open","sticky":false,"template":"","format":"standard","meta":{"footnotes":""},"categories":[153],"tags":[14,104,1019,40,458,5,494],"class_list":["post-4956","post","type-post","status-publish","format-standard","has-post-thumbnail","hentry","category-desafio-raia-rapida","tag-aguas-abertas","tag-bruno-fratus","tag-daynara-de-paula","tag-etiene-medeiros","tag-joao-gomes-jr","tag-natacao","tag-raia-rapida"],"yoast_head":"<!-- This site is optimized with the Yoast SEO plugin v27.0 - https:\/\/yoast.com\/product\/yoast-seo-wordpress\/ -->\n<title>Brasil, tetracampe\u00e3o do Desafio Raia R\u00e1pida - Swimchannel<\/title>\n<meta name=\"robots\" content=\"index, follow, max-snippet:-1, max-image-preview:large, max-video-preview:-1\" \/>\n<link rel=\"canonical\" href=\"https:\/\/swimchannel.net\/br\/brasil-tetracampeao-do-desafio-raia-rapida\/\" \/>\n<meta property=\"og:locale\" content=\"pt_BR\" \/>\n<meta property=\"og:type\" content=\"article\" \/>\n<meta property=\"og:title\" content=\"Brasil, tetracampe\u00e3o do Desafio Raia R\u00e1pida - Swimchannel\" \/>\n<meta property=\"og:description\" content=\"Pelo quarto consecutivo os brasileiros triunfaram na competi\u00e7\u00e3o disputada no Rio de Janeiro\" \/>\n<meta property=\"og:url\" content=\"https:\/\/swimchannel.net\/br\/brasil-tetracampeao-do-desafio-raia-rapida\/\" \/>\n<meta property=\"og:site_name\" content=\"Swimchannel\" \/>\n<meta property=\"article:publisher\" content=\"https:\/\/www.facebook.com\/swimchannel\" \/>\n<meta property=\"article:published_time\" content=\"2017-10-15T20:29:48+00:00\" \/>\n<meta property=\"article:modified_time\" content=\"2017-10-16T16:01:38+00:00\" \/>\n<meta property=\"og:image\" content=\"https:\/\/swimchannel.net\/br\/wp-content\/uploads\/2017\/10\/raiarapida.jpg\" \/>\n\t<meta property=\"og:image:width\" content=\"2362\" \/>\n\t<meta property=\"og:image:height\" content=\"1575\" \/>\n\t<meta property=\"og:image:type\" content=\"image\/jpeg\" \/>\n<meta name=\"author\" content=\"Alex Pussieldi\" \/>\n<meta name=\"twitter:card\" content=\"summary_large_image\" \/>\n<meta name=\"twitter:label1\" content=\"Escrito por\" \/>\n\t<meta name=\"twitter:data1\" content=\"Alex Pussieldi\" \/>\n\t<meta name=\"twitter:label2\" content=\"Est. tempo de leitura\" \/>\n\t<meta name=\"twitter:data2\" content=\"4 minutos\" \/>\n<script type=\"application\/ld+json\" class=\"yoast-schema-graph\">{\"@context\":\"https:\/\/schema.org\",\"@graph\":[{\"@type\":\"Article\",\"@id\":\"https:\/\/swimchannel.net\/br\/brasil-tetracampeao-do-desafio-raia-rapida\/#article\",\"isPartOf\":{\"@id\":\"https:\/\/swimchannel.net\/br\/brasil-tetracampeao-do-desafio-raia-rapida\/\"},\"author\":{\"name\":\"Alex Pussieldi\",\"@id\":\"https:\/\/swimchannel.net\/br\/#\/schema\/person\/cf549cb99cf75592fcf7c76213385e63\"},\"headline\":\"Brasil, tetracampe\u00e3o do Desafio Raia R\u00e1pida\",\"datePublished\":\"2017-10-15T20:29:48+00:00\",\"dateModified\":\"2017-10-16T16:01:38+00:00\",\"mainEntityOfPage\":{\"@id\":\"https:\/\/swimchannel.net\/br\/brasil-tetracampeao-do-desafio-raia-rapida\/\"},\"wordCount\":812,\"commentCount\":0,\"publisher\":{\"@id\":\"https:\/\/swimchannel.net\/br\/#organization\"},\"image\":{\"@id\":\"https:\/\/swimchannel.net\/br\/brasil-tetracampeao-do-desafio-raia-rapida\/#primaryimage\"},\"thumbnailUrl\":\"https:\/\/swimchannel.net\/br\/wp-content\/uploads\/2017\/10\/raiarapida.jpg\",\"keywords\":[\"\u00c1guas abertas\",\"Bruno Fratus\",\"Daynara de Paula\",\"Etiene Medeiros\",\"Jo\u00e3o Gomes Jr.\",\"natacao\",\"Raia R\u00e1pida\"],\"articleSection\":[\"Desafio Raia R\u00e1pida\"],\"inLanguage\":\"pt-BR\",\"potentialAction\":[{\"@type\":\"CommentAction\",\"name\":\"Comment\",\"target\":[\"https:\/\/swimchannel.net\/br\/brasil-tetracampeao-do-desafio-raia-rapida\/#respond\"]}]},{\"@type\":\"WebPage\",\"@id\":\"https:\/\/swimchannel.net\/br\/brasil-tetracampeao-do-desafio-raia-rapida\/\",\"url\":\"https:\/\/swimchannel.net\/br\/brasil-tetracampeao-do-desafio-raia-rapida\/\",\"name\":\"Brasil, tetracampe\u00e3o do Desafio Raia R\u00e1pida - Swimchannel\",\"isPartOf\":{\"@id\":\"https:\/\/swimchannel.net\/br\/#website\"},\"primaryImageOfPage\":{\"@id\":\"https:\/\/swimchannel.net\/br\/brasil-tetracampeao-do-desafio-raia-rapida\/#primaryimage\"},\"image\":{\"@id\":\"https:\/\/swimchannel.net\/br\/brasil-tetracampeao-do-desafio-raia-rapida\/#primaryimage\"},\"thumbnailUrl\":\"https:\/\/swimchannel.net\/br\/wp-content\/uploads\/2017\/10\/raiarapida.jpg\",\"datePublished\":\"2017-10-15T20:29:48+00:00\",\"dateModified\":\"2017-10-16T16:01:38+00:00\",\"breadcrumb\":{\"@id\":\"https:\/\/swimchannel.net\/br\/brasil-tetracampeao-do-desafio-raia-rapida\/#breadcrumb\"},\"inLanguage\":\"pt-BR\",\"potentialAction\":[{\"@type\":\"ReadAction\",\"target\":[\"https:\/\/swimchannel.net\/br\/brasil-tetracampeao-do-desafio-raia-rapida\/\"]}]},{\"@type\":\"ImageObject\",\"inLanguage\":\"pt-BR\",\"@id\":\"https:\/\/swimchannel.net\/br\/brasil-tetracampeao-do-desafio-raia-rapida\/#primaryimage\",\"url\":\"https:\/\/swimchannel.net\/br\/wp-content\/uploads\/2017\/10\/raiarapida.jpg\",\"contentUrl\":\"https:\/\/swimchannel.net\/br\/wp-content\/uploads\/2017\/10\/raiarapida.jpg\",\"width\":2362,\"height\":1575,\"caption\":\"As quatro equipes no p\u00f3dio (foto: Satiro Sodr\u00e9\/SSPress)\"},{\"@type\":\"BreadcrumbList\",\"@id\":\"https:\/\/swimchannel.net\/br\/brasil-tetracampeao-do-desafio-raia-rapida\/#breadcrumb\",\"itemListElement\":[{\"@type\":\"ListItem\",\"position\":1,\"name\":\"Home\",\"item\":\"https:\/\/swimchannel.net\/br\/\"},{\"@type\":\"ListItem\",\"position\":2,\"name\":\"Brasil, tetracampe\u00e3o do Desafio Raia R\u00e1pida\"}]},{\"@type\":\"WebSite\",\"@id\":\"https:\/\/swimchannel.net\/br\/#website\",\"url\":\"https:\/\/swimchannel.net\/br\/\",\"name\":\"Swimchannel\",\"description\":\"Maior portal de nata\u00e7\u00e3o da america latina\",\"publisher\":{\"@id\":\"https:\/\/swimchannel.net\/br\/#organization\"},\"potentialAction\":[{\"@type\":\"SearchAction\",\"target\":{\"@type\":\"EntryPoint\",\"urlTemplate\":\"https:\/\/swimchannel.net\/br\/?s={search_term_string}\"},\"query-input\":{\"@type\":\"PropertyValueSpecification\",\"valueRequired\":true,\"valueName\":\"search_term_string\"}}],\"inLanguage\":\"pt-BR\"},{\"@type\":\"Organization\",\"@id\":\"https:\/\/swimchannel.net\/br\/#organization\",\"name\":\"Swimchannel - Conectando voc\u00ea a Nata\u00e7\u00e3o\",\"url\":\"https:\/\/swimchannel.net\/br\/\",\"logo\":{\"@type\":\"ImageObject\",\"inLanguage\":\"pt-BR\",\"@id\":\"https:\/\/swimchannel.net\/br\/#\/schema\/logo\/image\/\",\"url\":\"https:\/\/swimchannel.net\/br\/wp-content\/uploads\/2026\/02\/SWIM-CHANNEL.png\",\"contentUrl\":\"https:\/\/swimchannel.net\/br\/wp-content\/uploads\/2026\/02\/SWIM-CHANNEL.png\",\"width\":1120,\"height\":630,\"caption\":\"Swimchannel - Conectando voc\u00ea a Nata\u00e7\u00e3o\"},\"image\":{\"@id\":\"https:\/\/swimchannel.net\/br\/#\/schema\/logo\/image\/\"},\"sameAs\":[\"https:\/\/www.facebook.com\/swimchannel\",\"https:\/\/www.instagram.com\/swimchannel\"]},{\"@type\":\"Person\",\"@id\":\"https:\/\/swimchannel.net\/br\/#\/schema\/person\/cf549cb99cf75592fcf7c76213385e63\",\"name\":\"Alex Pussieldi\",\"image\":{\"@type\":\"ImageObject\",\"inLanguage\":\"pt-BR\",\"@id\":\"https:\/\/swimchannel.net\/br\/#\/schema\/person\/image\/\",\"url\":\"https:\/\/swimchannel.net\/br\/wp-content\/uploads\/2021\/02\/9b1c252d-a4bd-4eda-b399-24565cac4114-100x100.jpg\",\"contentUrl\":\"https:\/\/swimchannel.net\/br\/wp-content\/uploads\/2021\/02\/9b1c252d-a4bd-4eda-b399-24565cac4114-100x100.jpg\",\"caption\":\"Alex Pussieldi\"},\"description\":\"Alexandre Pussieldi, apelidado de \u201ccoach\u201d, Foi t\u00e9cnico da sele\u00e7\u00e3o verde e amarela nas Olimp\u00edadas de Pequim-2008 e Londres-2012. O treinador ainda comandou outros quatro pa\u00edses: Kuwait, Paraguai, Aruba e Antilhas Holandesas, al\u00e9m da sele\u00e7\u00e3o americana de \u00e1guas abertas. Pussieldi tem passagens como comentarista de nata\u00e7\u00e3o do Grupo Globo e Swim Channel.\",\"url\":\"https:\/\/swimchannel.net\/br\/author\/alexpussieldi\/\"}]}<\/script>\n<!-- \/ Yoast SEO plugin. -->","yoast_head_json":{"title":"Brasil, tetracampe\u00e3o do Desafio Raia R\u00e1pida - Swimchannel","robots":{"index":"index","follow":"follow","max-snippet":"max-snippet:-1","max-image-preview":"max-image-preview:large","max-video-preview":"max-video-preview:-1"},"canonical":"https:\/\/swimchannel.net\/br\/brasil-tetracampeao-do-desafio-raia-rapida\/","og_locale":"pt_BR","og_type":"article","og_title":"Brasil, tetracampe\u00e3o do Desafio Raia R\u00e1pida - Swimchannel","og_description":"Pelo quarto consecutivo os brasileiros triunfaram na competi\u00e7\u00e3o disputada no Rio de Janeiro","og_url":"https:\/\/swimchannel.net\/br\/brasil-tetracampeao-do-desafio-raia-rapida\/","og_site_name":"Swimchannel","article_publisher":"https:\/\/www.facebook.com\/swimchannel","article_published_time":"2017-10-15T20:29:48+00:00","article_modified_time":"2017-10-16T16:01:38+00:00","og_image":[{"width":2362,"height":1575,"url":"https:\/\/swimchannel.net\/br\/wp-content\/uploads\/2017\/10\/raiarapida.jpg","type":"image\/jpeg"}],"author":"Alex Pussieldi","twitter_card":"summary_large_image","twitter_misc":{"Escrito por":"Alex Pussieldi","Est. tempo de leitura":"4 minutos"},"schema":{"@context":"https:\/\/schema.org","@graph":[{"@type":"Article","@id":"https:\/\/swimchannel.net\/br\/brasil-tetracampeao-do-desafio-raia-rapida\/#article","isPartOf":{"@id":"https:\/\/swimchannel.net\/br\/brasil-tetracampeao-do-desafio-raia-rapida\/"},"author":{"name":"Alex Pussieldi","@id":"https:\/\/swimchannel.net\/br\/#\/schema\/person\/cf549cb99cf75592fcf7c76213385e63"},"headline":"Brasil, tetracampe\u00e3o do Desafio Raia R\u00e1pida","datePublished":"2017-10-15T20:29:48+00:00","dateModified":"2017-10-16T16:01:38+00:00","mainEntityOfPage":{"@id":"https:\/\/swimchannel.net\/br\/brasil-tetracampeao-do-desafio-raia-rapida\/"},"wordCount":812,"commentCount":0,"publisher":{"@id":"https:\/\/swimchannel.net\/br\/#organization"},"image":{"@id":"https:\/\/swimchannel.net\/br\/brasil-tetracampeao-do-desafio-raia-rapida\/#primaryimage"},"thumbnailUrl":"https:\/\/swimchannel.net\/br\/wp-content\/uploads\/2017\/10\/raiarapida.jpg","keywords":["\u00c1guas abertas","Bruno Fratus","Daynara de Paula","Etiene Medeiros","Jo\u00e3o Gomes Jr.","natacao","Raia R\u00e1pida"],"articleSection":["Desafio Raia R\u00e1pida"],"inLanguage":"pt-BR","potentialAction":[{"@type":"CommentAction","name":"Comment","target":["https:\/\/swimchannel.net\/br\/brasil-tetracampeao-do-desafio-raia-rapida\/#respond"]}]},{"@type":"WebPage","@id":"https:\/\/swimchannel.net\/br\/brasil-tetracampeao-do-desafio-raia-rapida\/","url":"https:\/\/swimchannel.net\/br\/brasil-tetracampeao-do-desafio-raia-rapida\/","name":"Brasil, tetracampe\u00e3o do Desafio Raia R\u00e1pida - Swimchannel","isPartOf":{"@id":"https:\/\/swimchannel.net\/br\/#website"},"primaryImageOfPage":{"@id":"https:\/\/swimchannel.net\/br\/brasil-tetracampeao-do-desafio-raia-rapida\/#primaryimage"},"image":{"@id":"https:\/\/swimchannel.net\/br\/brasil-tetracampeao-do-desafio-raia-rapida\/#primaryimage"},"thumbnailUrl":"https:\/\/swimchannel.net\/br\/wp-content\/uploads\/2017\/10\/raiarapida.jpg","datePublished":"2017-10-15T20:29:48+00:00","dateModified":"2017-10-16T16:01:38+00:00","breadcrumb":{"@id":"https:\/\/swimchannel.net\/br\/brasil-tetracampeao-do-desafio-raia-rapida\/#breadcrumb"},"inLanguage":"pt-BR","potentialAction":[{"@type":"ReadAction","target":["https:\/\/swimchannel.net\/br\/brasil-tetracampeao-do-desafio-raia-rapida\/"]}]},{"@type":"ImageObject","inLanguage":"pt-BR","@id":"https:\/\/swimchannel.net\/br\/brasil-tetracampeao-do-desafio-raia-rapida\/#primaryimage","url":"https:\/\/swimchannel.net\/br\/wp-content\/uploads\/2017\/10\/raiarapida.jpg","contentUrl":"https:\/\/swimchannel.net\/br\/wp-content\/uploads\/2017\/10\/raiarapida.jpg","width":2362,"height":1575,"caption":"As quatro equipes no p\u00f3dio (foto: Satiro Sodr\u00e9\/SSPress)"},{"@type":"BreadcrumbList","@id":"https:\/\/swimchannel.net\/br\/brasil-tetracampeao-do-desafio-raia-rapida\/#breadcrumb","itemListElement":[{"@type":"ListItem","position":1,"name":"Home","item":"https:\/\/swimchannel.net\/br\/"},{"@type":"ListItem","position":2,"name":"Brasil, tetracampe\u00e3o do Desafio Raia R\u00e1pida"}]},{"@type":"WebSite","@id":"https:\/\/swimchannel.net\/br\/#website","url":"https:\/\/swimchannel.net\/br\/","name":"Swimchannel","description":"Maior portal de nata\u00e7\u00e3o da america latina","publisher":{"@id":"https:\/\/swimchannel.net\/br\/#organization"},"potentialAction":[{"@type":"SearchAction","target":{"@type":"EntryPoint","urlTemplate":"https:\/\/swimchannel.net\/br\/?s={search_term_string}"},"query-input":{"@type":"PropertyValueSpecification","valueRequired":true,"valueName":"search_term_string"}}],"inLanguage":"pt-BR"},{"@type":"Organization","@id":"https:\/\/swimchannel.net\/br\/#organization","name":"Swimchannel - Conectando voc\u00ea a Nata\u00e7\u00e3o","url":"https:\/\/swimchannel.net\/br\/","logo":{"@type":"ImageObject","inLanguage":"pt-BR","@id":"https:\/\/swimchannel.net\/br\/#\/schema\/logo\/image\/","url":"https:\/\/swimchannel.net\/br\/wp-content\/uploads\/2026\/02\/SWIM-CHANNEL.png","contentUrl":"https:\/\/swimchannel.net\/br\/wp-content\/uploads\/2026\/02\/SWIM-CHANNEL.png","width":1120,"height":630,"caption":"Swimchannel - Conectando voc\u00ea a Nata\u00e7\u00e3o"},"image":{"@id":"https:\/\/swimchannel.net\/br\/#\/schema\/logo\/image\/"},"sameAs":["https:\/\/www.facebook.com\/swimchannel","https:\/\/www.instagram.com\/swimchannel"]},{"@type":"Person","@id":"https:\/\/swimchannel.net\/br\/#\/schema\/person\/cf549cb99cf75592fcf7c76213385e63","name":"Alex Pussieldi","image":{"@type":"ImageObject","inLanguage":"pt-BR","@id":"https:\/\/swimchannel.net\/br\/#\/schema\/person\/image\/","url":"https:\/\/swimchannel.net\/br\/wp-content\/uploads\/2021\/02\/9b1c252d-a4bd-4eda-b399-24565cac4114-100x100.jpg","contentUrl":"https:\/\/swimchannel.net\/br\/wp-content\/uploads\/2021\/02\/9b1c252d-a4bd-4eda-b399-24565cac4114-100x100.jpg","caption":"Alex Pussieldi"},"description":"Alexandre Pussieldi, apelidado de \u201ccoach\u201d, Foi t\u00e9cnico da sele\u00e7\u00e3o verde e amarela nas Olimp\u00edadas de Pequim-2008 e Londres-2012. O treinador ainda comandou outros quatro pa\u00edses: Kuwait, Paraguai, Aruba e Antilhas Holandesas, al\u00e9m da sele\u00e7\u00e3o americana de \u00e1guas abertas. Pussieldi tem passagens como comentarista de nata\u00e7\u00e3o do Grupo Globo e Swim Channel.","url":"https:\/\/swimchannel.net\/br\/author\/alexpussieldi\/"}]}},"_links":{"self":[{"href":"https:\/\/swimchannel.net\/br\/wp-json\/wp\/v2\/posts\/4956","targetHints":{"allow":["GET"]}}],"collection":[{"href":"https:\/\/swimchannel.net\/br\/wp-json\/wp\/v2\/posts"}],"about":[{"href":"https:\/\/swimchannel.net\/br\/wp-json\/wp\/v2\/types\/post"}],"author":[{"embeddable":true,"href":"https:\/\/swimchannel.net\/br\/wp-json\/wp\/v2\/users\/12"}],"replies":[{"embeddable":true,"href":"https:\/\/swimchannel.net\/br\/wp-json\/wp\/v2\/comments?post=4956"}],"version-history":[{"count":0,"href":"https:\/\/swimchannel.net\/br\/wp-json\/wp\/v2\/posts\/4956\/revisions"}],"wp:featuredmedia":[{"embeddable":true,"href":"https:\/\/swimchannel.net\/br\/wp-json\/wp\/v2\/media\/4957"}],"wp:attachment":[{"href":"https:\/\/swimchannel.net\/br\/wp-json\/wp\/v2\/media?parent=4956"}],"wp:term":[{"taxonomy":"category","embeddable":true,"href":"https:\/\/swimchannel.net\/br\/wp-json\/wp\/v2\/categories?post=4956"},{"taxonomy":"post_tag","embeddable":true,"href":"https:\/\/swimchannel.net\/br\/wp-json\/wp\/v2\/tags?post=4956"}],"curies":[{"name":"wp","href":"https:\/\/api.w.org\/{rel}","templated":true}]}}