{"id":49579,"date":"2022-03-30T05:00:30","date_gmt":"2022-03-30T08:00:30","guid":{"rendered":"https:\/\/swimchannel.net\/br\/?p=49579"},"modified":"2022-03-29T23:36:32","modified_gmt":"2022-03-30T02:36:32","slug":"contagem-regressiva-trofeu-brasil-2022-faltam-5-dias","status":"publish","type":"post","link":"https:\/\/swimchannel.net\/br\/contagem-regressiva-trofeu-brasil-2022-faltam-5-dias\/","title":{"rendered":"Contagem Regressiva Trof\u00e9u Brasil 2022: Faltam 5 dias"},"content":{"rendered":"<p>Primeiro e \u00fanico nadador da Am\u00e9rica do Sul a nadar os 1500m livre abaixo da barreira dos 15 minutos, Guilherme Costa acumula um total de cinco recordes sul-americanos na prova. Este \u00e9 o registro escolhido para marcar os cinco dias que faltam na Contagem Regressiva do Trof\u00e9u Brasil 2022.<\/p>\n<p>Guilherme Costa j\u00e1 est\u00e1 classificado para o Mundial de Budapeste na prova dos 800m livre ao ter chegado a final ol\u00edmpica da prova em T\u00f3quio, no ano passado. L\u00e1, ele bateu o recorde sul-americano da dist\u00e2ncia nas eliminat\u00f3rias. Foi seu 13\u00ba recorde sul-americano:<\/p>\n<p>400m livre &#8211; 2 vezes<br \/>\n800m livre &#8211; 6 vezes<br \/>\n1500m livre &#8211; 5 vezes<\/p>\n<figure id=\"attachment_44270\" aria-describedby=\"caption-attachment-44270\" style=\"width: 1013px\" class=\"wp-caption alignnone\"><img loading=\"lazy\" decoding=\"async\" class=\"size-medium wp-image-44270\" src=\"https:\/\/swimchannel.net\/br\/wp-content\/uploads\/2021\/07\/64I2567-1013x675.jpg\" alt=\"\" width=\"1013\" height=\"675\" srcset=\"https:\/\/swimchannel.net\/br\/wp-content\/uploads\/2021\/07\/64I2567-1013x675.jpg 1013w, https:\/\/swimchannel.net\/br\/wp-content\/uploads\/2021\/07\/64I2567-1200x800.jpg 1200w, https:\/\/swimchannel.net\/br\/wp-content\/uploads\/2021\/07\/64I2567-270x180.jpg 270w, https:\/\/swimchannel.net\/br\/wp-content\/uploads\/2021\/07\/64I2567-768x512.jpg 768w, https:\/\/swimchannel.net\/br\/wp-content\/uploads\/2021\/07\/64I2567-1536x1024.jpg 1536w, https:\/\/swimchannel.net\/br\/wp-content\/uploads\/2021\/07\/64I2567-200x133.jpg 200w, https:\/\/swimchannel.net\/br\/wp-content\/uploads\/2021\/07\/64I2567-600x400.jpg 600w, https:\/\/swimchannel.net\/br\/wp-content\/uploads\/2021\/07\/64I2567-750x500.jpg 750w, https:\/\/swimchannel.net\/br\/wp-content\/uploads\/2021\/07\/64I2567-1140x760.jpg 1140w, https:\/\/swimchannel.net\/br\/wp-content\/uploads\/2021\/07\/64I2567.jpg 1800w\" sizes=\"auto, (max-width: 1013px) 100vw, 1013px\" \/><figcaption id=\"caption-attachment-44270\" class=\"wp-caption-text\">Guilherme Costa &#8211; Foto: Satiro Sodr\u00e9\/SSPress\/CBDA<\/figcaption><\/figure>\n<p>Foi no Trof\u00e9u Brasil Seletiva Ol\u00edmpica de 2016 que Guilherme Costa subiu ao p\u00f3dio pela primeira vez na competi\u00e7\u00e3o. Foi bronze na prova com 15min26s94 que fechou a competi\u00e7\u00e3o. Ficou distante de mais de dez segundos dos dois \u00faltimos classificados para o Time Brasil daquele ano, Miguel Valente e Brandonn Almeida.<\/p>\n<p>No ano seguinte, a primeira vit\u00f3ria de Guilherme Costa no Trof\u00e9u Brasil veio nos 400m livre e fechou com a segunda nos 1500m livre. Desde ent\u00e3o, s\u00e3o oito vit\u00f3rias de Trof\u00e9u Brasil, quatro nos 1500m livre, duas nos 800m e outras duas nos 400m livre. Apenas uma vez, no Trof\u00e9u Brasil 2020, que Costa conseguiu vencer as tr\u00eas provas na mesma edi\u00e7\u00e3o.<\/p>\n<figure id=\"attachment_27721\" aria-describedby=\"caption-attachment-27721\" style=\"width: 1012px\" class=\"wp-caption alignnone\"><img loading=\"lazy\" decoding=\"async\" class=\"size-medium wp-image-27721\" src=\"https:\/\/swimchannel.net\/br\/wp-content\/uploads\/2020\/12\/130453300_4252648761416883_4570730322257995384_o-1012x675.jpg\" alt=\"\" width=\"1012\" height=\"675\" srcset=\"https:\/\/swimchannel.net\/br\/wp-content\/uploads\/2020\/12\/130453300_4252648761416883_4570730322257995384_o-1012x675.jpg 1012w, https:\/\/swimchannel.net\/br\/wp-content\/uploads\/2020\/12\/130453300_4252648761416883_4570730322257995384_o-600x400.jpg 600w, https:\/\/swimchannel.net\/br\/wp-content\/uploads\/2020\/12\/130453300_4252648761416883_4570730322257995384_o-270x180.jpg 270w, https:\/\/swimchannel.net\/br\/wp-content\/uploads\/2020\/12\/130453300_4252648761416883_4570730322257995384_o-768x512.jpg 768w, https:\/\/swimchannel.net\/br\/wp-content\/uploads\/2020\/12\/130453300_4252648761416883_4570730322257995384_o.jpg 1181w\" sizes=\"auto, (max-width: 1012px) 100vw, 1012px\" \/><figcaption id=\"caption-attachment-27721\" class=\"wp-caption-text\">Guilherme Costa &#8211; Foto: Ricardo Sodr\u00e9\/SSPress\/CBDA<\/figcaption><\/figure>\n<p>Veja os cinco recordes sul-americanos de Guilherme Costa na prova dos 1500m livre:<\/p>\n<p>14min55s49 no US Open 2019<br \/>\n14min59s01 no Julio de Lamare 2017<br \/>\n15min00s54 no Paulista J\u00fanior 2017<br \/>\n15min02s18 no Campeonato Paulista 2017<br \/>\n15min05s23 no Torneio Regional 2017<\/p>\n<p>Contagem Regressiva Trof\u00e9u Brasil 2022 volta amanh\u00e3 com 4!<\/p>\n","protected":false},"excerpt":{"rendered":"<p>Guilherme Costa acumula cinco recordes sul-americanos nos 1500 livre<\/p>\n","protected":false},"author":12,"featured_media":44639,"comment_status":"open","ping_status":"open","sticky":false,"template":"","format":"gallery","meta":{"footnotes":""},"categories":[240],"tags":[66,815,5,789],"class_list":["post-49579","post","type-post","status-publish","format-gallery","has-post-thumbnail","hentry","category-trofeu-brasil","tag-1500m-livre","tag-guilherme-costa","tag-natacao","tag-trofeu-brasil","post_format-post-format-gallery"],"yoast_head":"<!-- This site is optimized with the Yoast SEO plugin v27.0 - https:\/\/yoast.com\/product\/yoast-seo-wordpress\/ -->\n<title>Contagem Regressiva Trof\u00e9u Brasil 2022: Faltam 5 dias - Swimchannel<\/title>\n<meta name=\"robots\" content=\"index, follow, max-snippet:-1, max-image-preview:large, max-video-preview:-1\" \/>\n<link rel=\"canonical\" href=\"https:\/\/swimchannel.net\/br\/contagem-regressiva-trofeu-brasil-2022-faltam-5-dias\/\" \/>\n<meta property=\"og:locale\" content=\"pt_BR\" \/>\n<meta property=\"og:type\" content=\"article\" \/>\n<meta property=\"og:title\" content=\"Contagem Regressiva Trof\u00e9u Brasil 2022: Faltam 5 dias - Swimchannel\" \/>\n<meta property=\"og:description\" content=\"Guilherme Costa acumula cinco recordes sul-americanos nos 1500 livre\" \/>\n<meta property=\"og:url\" content=\"https:\/\/swimchannel.net\/br\/contagem-regressiva-trofeu-brasil-2022-faltam-5-dias\/\" \/>\n<meta property=\"og:site_name\" content=\"Swimchannel\" \/>\n<meta property=\"article:publisher\" content=\"https:\/\/www.facebook.com\/swimchannel\" \/>\n<meta property=\"article:published_time\" content=\"2022-03-30T08:00:30+00:00\" \/>\n<meta property=\"og:image\" content=\"https:\/\/swimchannel.net\/br\/wp-content\/uploads\/2021\/07\/NAT_JR_17.07.21_00009238-1200x800-5b2df79.jpg\" \/>\n\t<meta property=\"og:image:width\" content=\"944\" \/>\n\t<meta property=\"og:image:height\" content=\"630\" \/>\n\t<meta property=\"og:image:type\" content=\"image\/jpeg\" \/>\n<meta name=\"author\" content=\"Alex Pussieldi\" \/>\n<meta name=\"twitter:card\" content=\"summary_large_image\" \/>\n<meta name=\"twitter:label1\" content=\"Escrito por\" \/>\n\t<meta name=\"twitter:data1\" content=\"Alex Pussieldi\" \/>\n\t<meta name=\"twitter:label2\" content=\"Est. tempo de leitura\" \/>\n\t<meta name=\"twitter:data2\" content=\"2 minutos\" \/>\n<script type=\"application\/ld+json\" class=\"yoast-schema-graph\">{\"@context\":\"https:\/\/schema.org\",\"@graph\":[{\"@type\":\"Article\",\"@id\":\"https:\/\/swimchannel.net\/br\/contagem-regressiva-trofeu-brasil-2022-faltam-5-dias\/#article\",\"isPartOf\":{\"@id\":\"https:\/\/swimchannel.net\/br\/contagem-regressiva-trofeu-brasil-2022-faltam-5-dias\/\"},\"author\":{\"name\":\"Alex Pussieldi\",\"@id\":\"https:\/\/swimchannel.net\/br\/#\/schema\/person\/cf549cb99cf75592fcf7c76213385e63\"},\"headline\":\"Contagem Regressiva Trof\u00e9u Brasil 2022: Faltam 5 dias\",\"datePublished\":\"2022-03-30T08:00:30+00:00\",\"mainEntityOfPage\":{\"@id\":\"https:\/\/swimchannel.net\/br\/contagem-regressiva-trofeu-brasil-2022-faltam-5-dias\/\"},\"wordCount\":317,\"commentCount\":1,\"publisher\":{\"@id\":\"https:\/\/swimchannel.net\/br\/#organization\"},\"image\":{\"@id\":\"https:\/\/swimchannel.net\/br\/contagem-regressiva-trofeu-brasil-2022-faltam-5-dias\/#primaryimage\"},\"thumbnailUrl\":\"https:\/\/swimchannel.net\/br\/wp-content\/uploads\/2021\/07\/NAT_JR_17.07.21_00009238-1200x800-5b2df79.jpg\",\"keywords\":[\"1500m livre\",\"Guilherme Costa\",\"natacao\",\"Trof\u00e9u Brasil\"],\"articleSection\":[\"Trof\u00e9u Brasil\"],\"inLanguage\":\"pt-BR\",\"potentialAction\":[{\"@type\":\"CommentAction\",\"name\":\"Comment\",\"target\":[\"https:\/\/swimchannel.net\/br\/contagem-regressiva-trofeu-brasil-2022-faltam-5-dias\/#respond\"]}]},{\"@type\":\"WebPage\",\"@id\":\"https:\/\/swimchannel.net\/br\/contagem-regressiva-trofeu-brasil-2022-faltam-5-dias\/\",\"url\":\"https:\/\/swimchannel.net\/br\/contagem-regressiva-trofeu-brasil-2022-faltam-5-dias\/\",\"name\":\"Contagem Regressiva Trof\u00e9u Brasil 2022: Faltam 5 dias - Swimchannel\",\"isPartOf\":{\"@id\":\"https:\/\/swimchannel.net\/br\/#website\"},\"primaryImageOfPage\":{\"@id\":\"https:\/\/swimchannel.net\/br\/contagem-regressiva-trofeu-brasil-2022-faltam-5-dias\/#primaryimage\"},\"image\":{\"@id\":\"https:\/\/swimchannel.net\/br\/contagem-regressiva-trofeu-brasil-2022-faltam-5-dias\/#primaryimage\"},\"thumbnailUrl\":\"https:\/\/swimchannel.net\/br\/wp-content\/uploads\/2021\/07\/NAT_JR_17.07.21_00009238-1200x800-5b2df79.jpg\",\"datePublished\":\"2022-03-30T08:00:30+00:00\",\"breadcrumb\":{\"@id\":\"https:\/\/swimchannel.net\/br\/contagem-regressiva-trofeu-brasil-2022-faltam-5-dias\/#breadcrumb\"},\"inLanguage\":\"pt-BR\",\"potentialAction\":[{\"@type\":\"ReadAction\",\"target\":[\"https:\/\/swimchannel.net\/br\/contagem-regressiva-trofeu-brasil-2022-faltam-5-dias\/\"]}]},{\"@type\":\"ImageObject\",\"inLanguage\":\"pt-BR\",\"@id\":\"https:\/\/swimchannel.net\/br\/contagem-regressiva-trofeu-brasil-2022-faltam-5-dias\/#primaryimage\",\"url\":\"https:\/\/swimchannel.net\/br\/wp-content\/uploads\/2021\/07\/NAT_JR_17.07.21_00009238-1200x800-5b2df79.jpg\",\"contentUrl\":\"https:\/\/swimchannel.net\/br\/wp-content\/uploads\/2021\/07\/NAT_JR_17.07.21_00009238-1200x800-5b2df79.jpg\",\"width\":944,\"height\":630,\"caption\":\"Guilherme Costa - Foto: Jonne Roriz\/COB\"},{\"@type\":\"BreadcrumbList\",\"@id\":\"https:\/\/swimchannel.net\/br\/contagem-regressiva-trofeu-brasil-2022-faltam-5-dias\/#breadcrumb\",\"itemListElement\":[{\"@type\":\"ListItem\",\"position\":1,\"name\":\"Home\",\"item\":\"https:\/\/swimchannel.net\/br\/\"},{\"@type\":\"ListItem\",\"position\":2,\"name\":\"Contagem Regressiva Trof\u00e9u Brasil 2022: Faltam 5 dias\"}]},{\"@type\":\"WebSite\",\"@id\":\"https:\/\/swimchannel.net\/br\/#website\",\"url\":\"https:\/\/swimchannel.net\/br\/\",\"name\":\"Swimchannel\",\"description\":\"Maior portal de nata\u00e7\u00e3o da america latina\",\"publisher\":{\"@id\":\"https:\/\/swimchannel.net\/br\/#organization\"},\"potentialAction\":[{\"@type\":\"SearchAction\",\"target\":{\"@type\":\"EntryPoint\",\"urlTemplate\":\"https:\/\/swimchannel.net\/br\/?s={search_term_string}\"},\"query-input\":{\"@type\":\"PropertyValueSpecification\",\"valueRequired\":true,\"valueName\":\"search_term_string\"}}],\"inLanguage\":\"pt-BR\"},{\"@type\":\"Organization\",\"@id\":\"https:\/\/swimchannel.net\/br\/#organization\",\"name\":\"Swimchannel - Conectando voc\u00ea a Nata\u00e7\u00e3o\",\"url\":\"https:\/\/swimchannel.net\/br\/\",\"logo\":{\"@type\":\"ImageObject\",\"inLanguage\":\"pt-BR\",\"@id\":\"https:\/\/swimchannel.net\/br\/#\/schema\/logo\/image\/\",\"url\":\"https:\/\/swimchannel.net\/br\/wp-content\/uploads\/2026\/02\/SWIM-CHANNEL.png\",\"contentUrl\":\"https:\/\/swimchannel.net\/br\/wp-content\/uploads\/2026\/02\/SWIM-CHANNEL.png\",\"width\":1120,\"height\":630,\"caption\":\"Swimchannel - Conectando voc\u00ea a Nata\u00e7\u00e3o\"},\"image\":{\"@id\":\"https:\/\/swimchannel.net\/br\/#\/schema\/logo\/image\/\"},\"sameAs\":[\"https:\/\/www.facebook.com\/swimchannel\",\"https:\/\/www.instagram.com\/swimchannel\"]},{\"@type\":\"Person\",\"@id\":\"https:\/\/swimchannel.net\/br\/#\/schema\/person\/cf549cb99cf75592fcf7c76213385e63\",\"name\":\"Alex Pussieldi\",\"image\":{\"@type\":\"ImageObject\",\"inLanguage\":\"pt-BR\",\"@id\":\"https:\/\/swimchannel.net\/br\/#\/schema\/person\/image\/\",\"url\":\"https:\/\/swimchannel.net\/br\/wp-content\/uploads\/2021\/02\/9b1c252d-a4bd-4eda-b399-24565cac4114-100x100.jpg\",\"contentUrl\":\"https:\/\/swimchannel.net\/br\/wp-content\/uploads\/2021\/02\/9b1c252d-a4bd-4eda-b399-24565cac4114-100x100.jpg\",\"caption\":\"Alex Pussieldi\"},\"description\":\"Alexandre Pussieldi, apelidado de \u201ccoach\u201d, Foi t\u00e9cnico da sele\u00e7\u00e3o verde e amarela nas Olimp\u00edadas de Pequim-2008 e Londres-2012. O treinador ainda comandou outros quatro pa\u00edses: Kuwait, Paraguai, Aruba e Antilhas Holandesas, al\u00e9m da sele\u00e7\u00e3o americana de \u00e1guas abertas. Pussieldi tem passagens como comentarista de nata\u00e7\u00e3o do Grupo Globo e Swim Channel.\",\"url\":\"https:\/\/swimchannel.net\/br\/author\/alexpussieldi\/\"}]}<\/script>\n<!-- \/ Yoast SEO plugin. -->","yoast_head_json":{"title":"Contagem Regressiva Trof\u00e9u Brasil 2022: Faltam 5 dias - Swimchannel","robots":{"index":"index","follow":"follow","max-snippet":"max-snippet:-1","max-image-preview":"max-image-preview:large","max-video-preview":"max-video-preview:-1"},"canonical":"https:\/\/swimchannel.net\/br\/contagem-regressiva-trofeu-brasil-2022-faltam-5-dias\/","og_locale":"pt_BR","og_type":"article","og_title":"Contagem Regressiva Trof\u00e9u Brasil 2022: Faltam 5 dias - Swimchannel","og_description":"Guilherme Costa acumula cinco recordes sul-americanos nos 1500 livre","og_url":"https:\/\/swimchannel.net\/br\/contagem-regressiva-trofeu-brasil-2022-faltam-5-dias\/","og_site_name":"Swimchannel","article_publisher":"https:\/\/www.facebook.com\/swimchannel","article_published_time":"2022-03-30T08:00:30+00:00","og_image":[{"width":944,"height":630,"url":"https:\/\/swimchannel.net\/br\/wp-content\/uploads\/2021\/07\/NAT_JR_17.07.21_00009238-1200x800-5b2df79.jpg","type":"image\/jpeg"}],"author":"Alex Pussieldi","twitter_card":"summary_large_image","twitter_misc":{"Escrito por":"Alex Pussieldi","Est. tempo de leitura":"2 minutos"},"schema":{"@context":"https:\/\/schema.org","@graph":[{"@type":"Article","@id":"https:\/\/swimchannel.net\/br\/contagem-regressiva-trofeu-brasil-2022-faltam-5-dias\/#article","isPartOf":{"@id":"https:\/\/swimchannel.net\/br\/contagem-regressiva-trofeu-brasil-2022-faltam-5-dias\/"},"author":{"name":"Alex Pussieldi","@id":"https:\/\/swimchannel.net\/br\/#\/schema\/person\/cf549cb99cf75592fcf7c76213385e63"},"headline":"Contagem Regressiva Trof\u00e9u Brasil 2022: Faltam 5 dias","datePublished":"2022-03-30T08:00:30+00:00","mainEntityOfPage":{"@id":"https:\/\/swimchannel.net\/br\/contagem-regressiva-trofeu-brasil-2022-faltam-5-dias\/"},"wordCount":317,"commentCount":1,"publisher":{"@id":"https:\/\/swimchannel.net\/br\/#organization"},"image":{"@id":"https:\/\/swimchannel.net\/br\/contagem-regressiva-trofeu-brasil-2022-faltam-5-dias\/#primaryimage"},"thumbnailUrl":"https:\/\/swimchannel.net\/br\/wp-content\/uploads\/2021\/07\/NAT_JR_17.07.21_00009238-1200x800-5b2df79.jpg","keywords":["1500m livre","Guilherme Costa","natacao","Trof\u00e9u Brasil"],"articleSection":["Trof\u00e9u Brasil"],"inLanguage":"pt-BR","potentialAction":[{"@type":"CommentAction","name":"Comment","target":["https:\/\/swimchannel.net\/br\/contagem-regressiva-trofeu-brasil-2022-faltam-5-dias\/#respond"]}]},{"@type":"WebPage","@id":"https:\/\/swimchannel.net\/br\/contagem-regressiva-trofeu-brasil-2022-faltam-5-dias\/","url":"https:\/\/swimchannel.net\/br\/contagem-regressiva-trofeu-brasil-2022-faltam-5-dias\/","name":"Contagem Regressiva Trof\u00e9u Brasil 2022: Faltam 5 dias - Swimchannel","isPartOf":{"@id":"https:\/\/swimchannel.net\/br\/#website"},"primaryImageOfPage":{"@id":"https:\/\/swimchannel.net\/br\/contagem-regressiva-trofeu-brasil-2022-faltam-5-dias\/#primaryimage"},"image":{"@id":"https:\/\/swimchannel.net\/br\/contagem-regressiva-trofeu-brasil-2022-faltam-5-dias\/#primaryimage"},"thumbnailUrl":"https:\/\/swimchannel.net\/br\/wp-content\/uploads\/2021\/07\/NAT_JR_17.07.21_00009238-1200x800-5b2df79.jpg","datePublished":"2022-03-30T08:00:30+00:00","breadcrumb":{"@id":"https:\/\/swimchannel.net\/br\/contagem-regressiva-trofeu-brasil-2022-faltam-5-dias\/#breadcrumb"},"inLanguage":"pt-BR","potentialAction":[{"@type":"ReadAction","target":["https:\/\/swimchannel.net\/br\/contagem-regressiva-trofeu-brasil-2022-faltam-5-dias\/"]}]},{"@type":"ImageObject","inLanguage":"pt-BR","@id":"https:\/\/swimchannel.net\/br\/contagem-regressiva-trofeu-brasil-2022-faltam-5-dias\/#primaryimage","url":"https:\/\/swimchannel.net\/br\/wp-content\/uploads\/2021\/07\/NAT_JR_17.07.21_00009238-1200x800-5b2df79.jpg","contentUrl":"https:\/\/swimchannel.net\/br\/wp-content\/uploads\/2021\/07\/NAT_JR_17.07.21_00009238-1200x800-5b2df79.jpg","width":944,"height":630,"caption":"Guilherme Costa - Foto: Jonne Roriz\/COB"},{"@type":"BreadcrumbList","@id":"https:\/\/swimchannel.net\/br\/contagem-regressiva-trofeu-brasil-2022-faltam-5-dias\/#breadcrumb","itemListElement":[{"@type":"ListItem","position":1,"name":"Home","item":"https:\/\/swimchannel.net\/br\/"},{"@type":"ListItem","position":2,"name":"Contagem Regressiva Trof\u00e9u Brasil 2022: Faltam 5 dias"}]},{"@type":"WebSite","@id":"https:\/\/swimchannel.net\/br\/#website","url":"https:\/\/swimchannel.net\/br\/","name":"Swimchannel","description":"Maior portal de nata\u00e7\u00e3o da america latina","publisher":{"@id":"https:\/\/swimchannel.net\/br\/#organization"},"potentialAction":[{"@type":"SearchAction","target":{"@type":"EntryPoint","urlTemplate":"https:\/\/swimchannel.net\/br\/?s={search_term_string}"},"query-input":{"@type":"PropertyValueSpecification","valueRequired":true,"valueName":"search_term_string"}}],"inLanguage":"pt-BR"},{"@type":"Organization","@id":"https:\/\/swimchannel.net\/br\/#organization","name":"Swimchannel - Conectando voc\u00ea a Nata\u00e7\u00e3o","url":"https:\/\/swimchannel.net\/br\/","logo":{"@type":"ImageObject","inLanguage":"pt-BR","@id":"https:\/\/swimchannel.net\/br\/#\/schema\/logo\/image\/","url":"https:\/\/swimchannel.net\/br\/wp-content\/uploads\/2026\/02\/SWIM-CHANNEL.png","contentUrl":"https:\/\/swimchannel.net\/br\/wp-content\/uploads\/2026\/02\/SWIM-CHANNEL.png","width":1120,"height":630,"caption":"Swimchannel - Conectando voc\u00ea a Nata\u00e7\u00e3o"},"image":{"@id":"https:\/\/swimchannel.net\/br\/#\/schema\/logo\/image\/"},"sameAs":["https:\/\/www.facebook.com\/swimchannel","https:\/\/www.instagram.com\/swimchannel"]},{"@type":"Person","@id":"https:\/\/swimchannel.net\/br\/#\/schema\/person\/cf549cb99cf75592fcf7c76213385e63","name":"Alex Pussieldi","image":{"@type":"ImageObject","inLanguage":"pt-BR","@id":"https:\/\/swimchannel.net\/br\/#\/schema\/person\/image\/","url":"https:\/\/swimchannel.net\/br\/wp-content\/uploads\/2021\/02\/9b1c252d-a4bd-4eda-b399-24565cac4114-100x100.jpg","contentUrl":"https:\/\/swimchannel.net\/br\/wp-content\/uploads\/2021\/02\/9b1c252d-a4bd-4eda-b399-24565cac4114-100x100.jpg","caption":"Alex Pussieldi"},"description":"Alexandre Pussieldi, apelidado de \u201ccoach\u201d, Foi t\u00e9cnico da sele\u00e7\u00e3o verde e amarela nas Olimp\u00edadas de Pequim-2008 e Londres-2012. O treinador ainda comandou outros quatro pa\u00edses: Kuwait, Paraguai, Aruba e Antilhas Holandesas, al\u00e9m da sele\u00e7\u00e3o americana de \u00e1guas abertas. Pussieldi tem passagens como comentarista de nata\u00e7\u00e3o do Grupo Globo e Swim Channel.","url":"https:\/\/swimchannel.net\/br\/author\/alexpussieldi\/"}]}},"_links":{"self":[{"href":"https:\/\/swimchannel.net\/br\/wp-json\/wp\/v2\/posts\/49579","targetHints":{"allow":["GET"]}}],"collection":[{"href":"https:\/\/swimchannel.net\/br\/wp-json\/wp\/v2\/posts"}],"about":[{"href":"https:\/\/swimchannel.net\/br\/wp-json\/wp\/v2\/types\/post"}],"author":[{"embeddable":true,"href":"https:\/\/swimchannel.net\/br\/wp-json\/wp\/v2\/users\/12"}],"replies":[{"embeddable":true,"href":"https:\/\/swimchannel.net\/br\/wp-json\/wp\/v2\/comments?post=49579"}],"version-history":[{"count":2,"href":"https:\/\/swimchannel.net\/br\/wp-json\/wp\/v2\/posts\/49579\/revisions"}],"predecessor-version":[{"id":49898,"href":"https:\/\/swimchannel.net\/br\/wp-json\/wp\/v2\/posts\/49579\/revisions\/49898"}],"wp:featuredmedia":[{"embeddable":true,"href":"https:\/\/swimchannel.net\/br\/wp-json\/wp\/v2\/media\/44639"}],"wp:attachment":[{"href":"https:\/\/swimchannel.net\/br\/wp-json\/wp\/v2\/media?parent=49579"}],"wp:term":[{"taxonomy":"category","embeddable":true,"href":"https:\/\/swimchannel.net\/br\/wp-json\/wp\/v2\/categories?post=49579"},{"taxonomy":"post_tag","embeddable":true,"href":"https:\/\/swimchannel.net\/br\/wp-json\/wp\/v2\/tags?post=49579"}],"curies":[{"name":"wp","href":"https:\/\/api.w.org\/{rel}","templated":true}]}}