{"id":50220,"date":"2022-04-07T12:27:00","date_gmt":"2022-04-07T15:27:00","guid":{"rendered":"https:\/\/swimchannel.net\/br\/?p=50220"},"modified":"2022-04-07T17:53:58","modified_gmt":"2022-04-07T20:53:58","slug":"destaque-do-dia-swim-channel-joao-gomes-junior","status":"publish","type":"post","link":"https:\/\/swimchannel.net\/br\/destaque-do-dia-swim-channel-joao-gomes-junior\/","title":{"rendered":"Destaque do dia SWIM CHANNEL: Jo\u00e3o Gomes J\u00fanior"},"content":{"rendered":"<p>Mais um dia de Trof\u00e9u Brasil se passou e com ele a equipe<strong> SWIM CHANNEL<\/strong> elegeu o destaque do terceiro dia de finais: Jo\u00e3o Gomes Jr. O nadador do Pinheiros venceu os 50m peito na noite desta quarta-feira (06) no Trof\u00e9u Brasil de Nata\u00e7\u00e3o e garantiu sua ida a mais um Campeonato Mundial de Desportes Aqu\u00e1ticos. O capixaba deu a volta por cima ap\u00f3s n\u00e3o se classificar na prova dos 100m peito.<\/p>\n<p>Jo\u00e3o Gomes nadou a prova em 26s62, abaixo do \u00edndice de 27s33 e vai para mais seu quinto Mundial da carreira. O tempo feito pelo nadador de 36 anos foi o melhor do mundo na prova, ele superou o bicampe\u00e3o ol\u00edmpico dos 100m peito, Adam Peaty, que venceu tamb\u00e9m nesta quarta-feira a prova dos 50m peito no Campeonato Brit\u00e2nico (27s10 e 26s91)<\/p>\n<p>Com o feito, ele \u00e9 hoje um dos principais nomes para brigar pelo p\u00f3dio no Mundial. Logo pela manh\u00e3 ele j\u00e1 havia nadado abaixo do tempo exigido, com 26s66 nas eliminat\u00f3rias, segundo melhor tempo do mundo. A prata da prova ficou com Felipe Fran\u00e7a que fez 27s11 e o bronze foi de Caio Pumputis com 27s62.<\/p>\n<figure id=\"attachment_50187\" aria-describedby=\"caption-attachment-50187\" style=\"width: 945px\" class=\"wp-caption alignnone\"><img loading=\"lazy\" decoding=\"async\" class=\"size-full wp-image-50187\" src=\"https:\/\/swimchannel.net\/br\/wp-content\/uploads\/2022\/04\/51982533574_8bf473aab5_b.jpg\" alt=\"\" width=\"945\" height=\"630\" srcset=\"https:\/\/swimchannel.net\/br\/wp-content\/uploads\/2022\/04\/51982533574_8bf473aab5_b.jpg 945w, https:\/\/swimchannel.net\/br\/wp-content\/uploads\/2022\/04\/51982533574_8bf473aab5_b-270x180.jpg 270w, https:\/\/swimchannel.net\/br\/wp-content\/uploads\/2022\/04\/51982533574_8bf473aab5_b-768x512.jpg 768w, https:\/\/swimchannel.net\/br\/wp-content\/uploads\/2022\/04\/51982533574_8bf473aab5_b-750x500.jpg 750w\" sizes=\"auto, (max-width: 945px) 100vw, 945px\" \/><figcaption id=\"caption-attachment-50187\" class=\"wp-caption-text\">Jo\u00e3o Gomes J\u00fanior &#8211; Foto: Ricardo Sodr\u00e9<\/figcaption><\/figure>\n<p>Natural de Vit\u00f3ria, Jo\u00e3o Gomes J\u00fanior \u00e9 um dos principais nomes do nado peito brasileiro. Em 2008 come\u00e7ou a se destacar e integrar o talentoso grupo de peitistas brasileiros que j\u00e1 contava com Felipe Fran\u00e7a, Henrique Barbosa, Felipe Lima e Eduardo Fischer. No ano seguinte chegou pela primeira vez a sele\u00e7\u00e3o principal disputando o Campeonato Mundial de Roma onde foi finalista nos 50m peito.<\/p>\n<p>No Rio-2016 conquistou o melhor desempenho individual do Brasil na competi\u00e7\u00e3o: um quinto lugar nos 100m peito e foi sexto colocado com o revezamento o 4x100m medley. No Mundial de Budapeste de 2017 foi vice-campe\u00e3o mundial nos 50m peito e no Mundial de Gwangju-2019 foi bronze na mesma prova.<\/p>\n<p>Jo\u00e3o Gomes \u00e9 tamb\u00e9m medalhista de ouro nos Jogos Pan-Americanos de Lima em 2019, conquistando a medalha nos 100m peito e tamb\u00e9m com o revezamento 4x100m medley misto.\u00a0Assista abaixo a live da<strong>\u00a0SWIM CHANNEL<\/strong> ap\u00f3s o terceiro dia de finais do Trof\u00e9u Brasil:<\/p>\n<blockquote class=\"instagram-media\" style=\"background: #FFF; border: 0; border-radius: 3px; box-shadow: 0 0 1px 0 rgba(0,0,0,0.5),0 1px 10px 0 rgba(0,0,0,0.15); margin: 1px; max-width: 540px; min-width: 326px; padding: 0; width: calc(100% - 2px);\" data-instgrm-captioned=\"\" data-instgrm-permalink=\"https:\/\/www.instagram.com\/tv\/CcB3pQepBs8\/?utm_source=ig_embed&amp;utm_campaign=loading\" data-instgrm-version=\"14\">\n<div style=\"padding: 16px;\">\n<p>&nbsp;<\/p>\n<div style=\"display: flex; flex-direction: row; align-items: center;\">\n<div style=\"background-color: #f4f4f4; border-radius: 50%; flex-grow: 0; height: 40px; margin-right: 14px; width: 40px;\"><\/div>\n<div style=\"display: flex; flex-direction: column; flex-grow: 1; justify-content: center;\">\n<div style=\"background-color: #f4f4f4; border-radius: 4px; flex-grow: 0; height: 14px; margin-bottom: 6px; width: 100px;\"><\/div>\n<div style=\"background-color: #f4f4f4; border-radius: 4px; flex-grow: 0; height: 14px; width: 60px;\"><\/div>\n<\/div>\n<\/div>\n<div style=\"padding: 19% 0;\"><\/div>\n<div style=\"display: block; height: 50px; margin: 0 auto 12px; width: 50px;\"><\/div>\n<div style=\"padding-top: 8px;\">\n<div style=\"color: #3897f0; font-family: Arial,sans-serif; font-size: 14px; font-style: normal; font-weight: 550; line-height: 18px;\">Ver essa foto no Instagram<\/div>\n<\/div>\n<div style=\"padding: 12.5% 0;\"><\/div>\n<div style=\"display: flex; flex-direction: row; margin-bottom: 14px; align-items: center;\">\n<div>\n<div style=\"background-color: #f4f4f4; border-radius: 50%; height: 12.5px; width: 12.5px; transform: translateX(0px) translateY(7px);\"><\/div>\n<div style=\"background-color: #f4f4f4; height: 12.5px; transform: rotate(-45deg) translateX(3px) translateY(1px); width: 12.5px; flex-grow: 0; margin-right: 14px; margin-left: 2px;\"><\/div>\n<div style=\"background-color: #f4f4f4; border-radius: 50%; height: 12.5px; width: 12.5px; transform: translateX(9px) translateY(-18px);\"><\/div>\n<\/div>\n<div style=\"margin-left: 8px;\">\n<div style=\"background-color: #f4f4f4; border-radius: 50%; flex-grow: 0; height: 20px; width: 20px;\"><\/div>\n<div style=\"width: 0; height: 0; border-top: 2px solid transparent; border-left: 6px solid #f4f4f4; border-bottom: 2px solid transparent; transform: translateX(16px) translateY(-4px) rotate(30deg);\"><\/div>\n<\/div>\n<div style=\"margin-left: auto;\">\n<div style=\"width: 0px; border-top: 8px solid #F4F4F4; border-right: 8px solid transparent; transform: translateY(16px);\"><\/div>\n<div style=\"background-color: #f4f4f4; flex-grow: 0; height: 12px; width: 16px; transform: translateY(-4px);\"><\/div>\n<div style=\"width: 0; height: 0; border-top: 8px solid #F4F4F4; border-left: 8px solid transparent; transform: translateY(-4px) translateX(8px);\"><\/div>\n<\/div>\n<\/div>\n<div style=\"display: flex; flex-direction: column; flex-grow: 1; justify-content: center; margin-bottom: 24px;\">\n<div style=\"background-color: #f4f4f4; border-radius: 4px; flex-grow: 0; height: 14px; margin-bottom: 6px; width: 224px;\"><\/div>\n<div style=\"background-color: #f4f4f4; border-radius: 4px; flex-grow: 0; height: 14px; width: 144px;\"><\/div>\n<\/div>\n<p>&nbsp;<\/p>\n<p style=\"color: #c9c8cd; font-family: Arial,sans-serif; font-size: 14px; line-height: 17px; margin-bottom: 0; margin-top: 8px; overflow: hidden; padding: 8px 0 7px; text-align: center; text-overflow: ellipsis; white-space: nowrap;\"><a style=\"color: #c9c8cd; font-family: Arial,sans-serif; font-size: 14px; font-style: normal; font-weight: normal; line-height: 17px; text-decoration: none;\" href=\"https:\/\/www.instagram.com\/tv\/CcB3pQepBs8\/?utm_source=ig_embed&amp;utm_campaign=loading\" target=\"_blank\" rel=\"noopener\">Uma publica\u00e7\u00e3o compartilhada por Swim Channel (@swimchannel)<\/a><\/p>\n<\/div>\n<\/blockquote>\n<p><script async src=\"\/\/www.instagram.com\/embed.js\"><\/script><\/p>\n","protected":false},"excerpt":{"rendered":"<p>Nadador do Pinheiros venceu os 50m peito e vai disputar mais um Mundial na carreira<\/p>\n","protected":false},"author":9,"featured_media":50205,"comment_status":"open","ping_status":"open","sticky":false,"template":"","format":"gallery","meta":{"footnotes":""},"categories":[240],"tags":[458,5,789,4692],"class_list":["post-50220","post","type-post","status-publish","format-gallery","has-post-thumbnail","hentry","category-trofeu-brasil","tag-joao-gomes-jr","tag-natacao","tag-trofeu-brasil","tag-trofeu-brasil-de-natacao","post_format-post-format-gallery"],"yoast_head":"<!-- This site is optimized with the Yoast SEO plugin v27.0 - https:\/\/yoast.com\/product\/yoast-seo-wordpress\/ -->\n<title>Destaque do dia SWIM CHANNEL: Jo\u00e3o Gomes J\u00fanior - Swimchannel<\/title>\n<meta name=\"robots\" content=\"index, follow, max-snippet:-1, max-image-preview:large, max-video-preview:-1\" \/>\n<link rel=\"canonical\" href=\"https:\/\/swimchannel.net\/br\/destaque-do-dia-swim-channel-joao-gomes-junior\/\" \/>\n<meta property=\"og:locale\" content=\"pt_BR\" \/>\n<meta property=\"og:type\" content=\"article\" \/>\n<meta property=\"og:title\" content=\"Destaque do dia SWIM CHANNEL: Jo\u00e3o Gomes J\u00fanior - Swimchannel\" \/>\n<meta property=\"og:description\" content=\"Nadador do Pinheiros venceu os 50m peito e vai disputar mais um Mundial na carreira\" \/>\n<meta property=\"og:url\" content=\"https:\/\/swimchannel.net\/br\/destaque-do-dia-swim-channel-joao-gomes-junior\/\" \/>\n<meta property=\"og:site_name\" content=\"Swimchannel\" \/>\n<meta property=\"article:publisher\" content=\"https:\/\/www.facebook.com\/swimchannel\" \/>\n<meta property=\"article:published_time\" content=\"2022-04-07T15:27:00+00:00\" \/>\n<meta property=\"article:modified_time\" content=\"2022-04-07T20:53:58+00:00\" \/>\n<meta property=\"og:image\" content=\"https:\/\/swimchannel.net\/br\/wp-content\/uploads\/2022\/04\/51986928695_6524179eb6_b.jpg\" \/>\n\t<meta property=\"og:image:width\" content=\"945\" \/>\n\t<meta property=\"og:image:height\" content=\"630\" \/>\n\t<meta property=\"og:image:type\" content=\"image\/jpeg\" \/>\n<meta name=\"author\" content=\"Katarine Monteiro\" \/>\n<meta name=\"twitter:card\" content=\"summary_large_image\" \/>\n<meta name=\"twitter:creator\" content=\"@https:\/\/twitter.com\/Katarinem\" \/>\n<meta name=\"twitter:label1\" content=\"Escrito por\" \/>\n\t<meta name=\"twitter:data1\" content=\"Katarine Monteiro\" \/>\n\t<meta name=\"twitter:label2\" content=\"Est. tempo de leitura\" \/>\n\t<meta name=\"twitter:data2\" content=\"2 minutos\" \/>\n<script type=\"application\/ld+json\" class=\"yoast-schema-graph\">{\"@context\":\"https:\/\/schema.org\",\"@graph\":[{\"@type\":\"Article\",\"@id\":\"https:\/\/swimchannel.net\/br\/destaque-do-dia-swim-channel-joao-gomes-junior\/#article\",\"isPartOf\":{\"@id\":\"https:\/\/swimchannel.net\/br\/destaque-do-dia-swim-channel-joao-gomes-junior\/\"},\"author\":{\"name\":\"Katarine Monteiro\",\"@id\":\"https:\/\/swimchannel.net\/br\/#\/schema\/person\/73ae9cec62249968bca1f0a8098ef002\"},\"headline\":\"Destaque do dia SWIM CHANNEL: Jo\u00e3o Gomes J\u00fanior\",\"datePublished\":\"2022-04-07T15:27:00+00:00\",\"dateModified\":\"2022-04-07T20:53:58+00:00\",\"mainEntityOfPage\":{\"@id\":\"https:\/\/swimchannel.net\/br\/destaque-do-dia-swim-channel-joao-gomes-junior\/\"},\"wordCount\":410,\"commentCount\":0,\"publisher\":{\"@id\":\"https:\/\/swimchannel.net\/br\/#organization\"},\"image\":{\"@id\":\"https:\/\/swimchannel.net\/br\/destaque-do-dia-swim-channel-joao-gomes-junior\/#primaryimage\"},\"thumbnailUrl\":\"https:\/\/swimchannel.net\/br\/wp-content\/uploads\/2022\/04\/51986928695_6524179eb6_b.jpg\",\"keywords\":[\"Jo\u00e3o Gomes Jr.\",\"natacao\",\"Trof\u00e9u Brasil\",\"Trof\u00e9u Brasil de nata\u00e7\u00e3o\"],\"articleSection\":[\"Trof\u00e9u Brasil\"],\"inLanguage\":\"pt-BR\",\"potentialAction\":[{\"@type\":\"CommentAction\",\"name\":\"Comment\",\"target\":[\"https:\/\/swimchannel.net\/br\/destaque-do-dia-swim-channel-joao-gomes-junior\/#respond\"]}]},{\"@type\":\"WebPage\",\"@id\":\"https:\/\/swimchannel.net\/br\/destaque-do-dia-swim-channel-joao-gomes-junior\/\",\"url\":\"https:\/\/swimchannel.net\/br\/destaque-do-dia-swim-channel-joao-gomes-junior\/\",\"name\":\"Destaque do dia SWIM CHANNEL: Jo\u00e3o Gomes J\u00fanior - Swimchannel\",\"isPartOf\":{\"@id\":\"https:\/\/swimchannel.net\/br\/#website\"},\"primaryImageOfPage\":{\"@id\":\"https:\/\/swimchannel.net\/br\/destaque-do-dia-swim-channel-joao-gomes-junior\/#primaryimage\"},\"image\":{\"@id\":\"https:\/\/swimchannel.net\/br\/destaque-do-dia-swim-channel-joao-gomes-junior\/#primaryimage\"},\"thumbnailUrl\":\"https:\/\/swimchannel.net\/br\/wp-content\/uploads\/2022\/04\/51986928695_6524179eb6_b.jpg\",\"datePublished\":\"2022-04-07T15:27:00+00:00\",\"dateModified\":\"2022-04-07T20:53:58+00:00\",\"breadcrumb\":{\"@id\":\"https:\/\/swimchannel.net\/br\/destaque-do-dia-swim-channel-joao-gomes-junior\/#breadcrumb\"},\"inLanguage\":\"pt-BR\",\"potentialAction\":[{\"@type\":\"ReadAction\",\"target\":[\"https:\/\/swimchannel.net\/br\/destaque-do-dia-swim-channel-joao-gomes-junior\/\"]}]},{\"@type\":\"ImageObject\",\"inLanguage\":\"pt-BR\",\"@id\":\"https:\/\/swimchannel.net\/br\/destaque-do-dia-swim-channel-joao-gomes-junior\/#primaryimage\",\"url\":\"https:\/\/swimchannel.net\/br\/wp-content\/uploads\/2022\/04\/51986928695_6524179eb6_b.jpg\",\"contentUrl\":\"https:\/\/swimchannel.net\/br\/wp-content\/uploads\/2022\/04\/51986928695_6524179eb6_b.jpg\",\"width\":945,\"height\":630,\"caption\":\"Jo\u00e3o Gomes J\u00fanior - Foto: Ricardo Sodr\u00e9\"},{\"@type\":\"BreadcrumbList\",\"@id\":\"https:\/\/swimchannel.net\/br\/destaque-do-dia-swim-channel-joao-gomes-junior\/#breadcrumb\",\"itemListElement\":[{\"@type\":\"ListItem\",\"position\":1,\"name\":\"Home\",\"item\":\"https:\/\/swimchannel.net\/br\/\"},{\"@type\":\"ListItem\",\"position\":2,\"name\":\"Destaque do dia SWIM CHANNEL: Jo\u00e3o Gomes J\u00fanior\"}]},{\"@type\":\"WebSite\",\"@id\":\"https:\/\/swimchannel.net\/br\/#website\",\"url\":\"https:\/\/swimchannel.net\/br\/\",\"name\":\"Swimchannel\",\"description\":\"Maior portal de nata\u00e7\u00e3o da america latina\",\"publisher\":{\"@id\":\"https:\/\/swimchannel.net\/br\/#organization\"},\"potentialAction\":[{\"@type\":\"SearchAction\",\"target\":{\"@type\":\"EntryPoint\",\"urlTemplate\":\"https:\/\/swimchannel.net\/br\/?s={search_term_string}\"},\"query-input\":{\"@type\":\"PropertyValueSpecification\",\"valueRequired\":true,\"valueName\":\"search_term_string\"}}],\"inLanguage\":\"pt-BR\"},{\"@type\":\"Organization\",\"@id\":\"https:\/\/swimchannel.net\/br\/#organization\",\"name\":\"Swimchannel - Conectando voc\u00ea a Nata\u00e7\u00e3o\",\"url\":\"https:\/\/swimchannel.net\/br\/\",\"logo\":{\"@type\":\"ImageObject\",\"inLanguage\":\"pt-BR\",\"@id\":\"https:\/\/swimchannel.net\/br\/#\/schema\/logo\/image\/\",\"url\":\"https:\/\/swimchannel.net\/br\/wp-content\/uploads\/2026\/02\/SWIM-CHANNEL.png\",\"contentUrl\":\"https:\/\/swimchannel.net\/br\/wp-content\/uploads\/2026\/02\/SWIM-CHANNEL.png\",\"width\":1120,\"height\":630,\"caption\":\"Swimchannel - Conectando voc\u00ea a Nata\u00e7\u00e3o\"},\"image\":{\"@id\":\"https:\/\/swimchannel.net\/br\/#\/schema\/logo\/image\/\"},\"sameAs\":[\"https:\/\/www.facebook.com\/swimchannel\",\"https:\/\/www.instagram.com\/swimchannel\"]},{\"@type\":\"Person\",\"@id\":\"https:\/\/swimchannel.net\/br\/#\/schema\/person\/73ae9cec62249968bca1f0a8098ef002\",\"name\":\"Katarine Monteiro\",\"image\":{\"@type\":\"ImageObject\",\"inLanguage\":\"pt-BR\",\"@id\":\"https:\/\/swimchannel.net\/br\/#\/schema\/person\/image\/\",\"url\":\"https:\/\/swimchannel.net\/br\/wp-content\/uploads\/2022\/01\/Katarine-Monteiro-100x100.jpg\",\"contentUrl\":\"https:\/\/swimchannel.net\/br\/wp-content\/uploads\/2022\/01\/Katarine-Monteiro-100x100.jpg\",\"caption\":\"Katarine Monteiro\"},\"description\":\"Jornalista SWIM CHANNEL especializada em esportes ol\u00edmpicos e em sa\u00fade. Com cobertura de grandes eventos internacionais, como Jogos Ol\u00edmpicos Rio 2016, Jogos Pan-Americanos em Lima 2019, Qatar Total Open 2020, Qatar ExxonMobil Open 2019 - t\u00eanis em Doha (QT), Semana Internacional de Vela de Ilhabela, Transat Jacques Vabre 2019 (Fran\u00e7a-Brasil), L'\u00c9tape Brasil by Tour de France, j\u00e1 fez in\u00fameras coberturas de nata\u00e7\u00e3o, maratona aqu\u00e1tica e polo aqu\u00e1tico. Formada tamb\u00e9m em Letras, a jornalista atua como assessora de imprensa, rela\u00e7\u00f5es p\u00fablicas e social media, com especializa\u00e7\u00e3o em marketing esportivo. Nadadora amadora de \u00e1guas abertas, j\u00e1 trabalhou com grandes nomes da nata\u00e7\u00e3o e do polo aqu\u00e1tico brasileiro.\",\"sameAs\":[\"https:\/\/www.instagram.com\/_katarinemonteiro\/\",\"https:\/\/www.linkedin.com\/in\/katarine-monteiro-19385297\/\",\"https:\/\/x.com\/https:\/\/twitter.com\/Katarinem\"],\"url\":\"https:\/\/swimchannel.net\/br\/author\/katarine-monteiro\/\"}]}<\/script>\n<!-- \/ Yoast SEO plugin. -->","yoast_head_json":{"title":"Destaque do dia SWIM CHANNEL: Jo\u00e3o Gomes J\u00fanior - Swimchannel","robots":{"index":"index","follow":"follow","max-snippet":"max-snippet:-1","max-image-preview":"max-image-preview:large","max-video-preview":"max-video-preview:-1"},"canonical":"https:\/\/swimchannel.net\/br\/destaque-do-dia-swim-channel-joao-gomes-junior\/","og_locale":"pt_BR","og_type":"article","og_title":"Destaque do dia SWIM CHANNEL: Jo\u00e3o Gomes J\u00fanior - Swimchannel","og_description":"Nadador do Pinheiros venceu os 50m peito e vai disputar mais um Mundial na carreira","og_url":"https:\/\/swimchannel.net\/br\/destaque-do-dia-swim-channel-joao-gomes-junior\/","og_site_name":"Swimchannel","article_publisher":"https:\/\/www.facebook.com\/swimchannel","article_published_time":"2022-04-07T15:27:00+00:00","article_modified_time":"2022-04-07T20:53:58+00:00","og_image":[{"width":945,"height":630,"url":"https:\/\/swimchannel.net\/br\/wp-content\/uploads\/2022\/04\/51986928695_6524179eb6_b.jpg","type":"image\/jpeg"}],"author":"Katarine Monteiro","twitter_card":"summary_large_image","twitter_creator":"@https:\/\/twitter.com\/Katarinem","twitter_misc":{"Escrito por":"Katarine Monteiro","Est. tempo de leitura":"2 minutos"},"schema":{"@context":"https:\/\/schema.org","@graph":[{"@type":"Article","@id":"https:\/\/swimchannel.net\/br\/destaque-do-dia-swim-channel-joao-gomes-junior\/#article","isPartOf":{"@id":"https:\/\/swimchannel.net\/br\/destaque-do-dia-swim-channel-joao-gomes-junior\/"},"author":{"name":"Katarine Monteiro","@id":"https:\/\/swimchannel.net\/br\/#\/schema\/person\/73ae9cec62249968bca1f0a8098ef002"},"headline":"Destaque do dia SWIM CHANNEL: Jo\u00e3o Gomes J\u00fanior","datePublished":"2022-04-07T15:27:00+00:00","dateModified":"2022-04-07T20:53:58+00:00","mainEntityOfPage":{"@id":"https:\/\/swimchannel.net\/br\/destaque-do-dia-swim-channel-joao-gomes-junior\/"},"wordCount":410,"commentCount":0,"publisher":{"@id":"https:\/\/swimchannel.net\/br\/#organization"},"image":{"@id":"https:\/\/swimchannel.net\/br\/destaque-do-dia-swim-channel-joao-gomes-junior\/#primaryimage"},"thumbnailUrl":"https:\/\/swimchannel.net\/br\/wp-content\/uploads\/2022\/04\/51986928695_6524179eb6_b.jpg","keywords":["Jo\u00e3o Gomes Jr.","natacao","Trof\u00e9u Brasil","Trof\u00e9u Brasil de nata\u00e7\u00e3o"],"articleSection":["Trof\u00e9u Brasil"],"inLanguage":"pt-BR","potentialAction":[{"@type":"CommentAction","name":"Comment","target":["https:\/\/swimchannel.net\/br\/destaque-do-dia-swim-channel-joao-gomes-junior\/#respond"]}]},{"@type":"WebPage","@id":"https:\/\/swimchannel.net\/br\/destaque-do-dia-swim-channel-joao-gomes-junior\/","url":"https:\/\/swimchannel.net\/br\/destaque-do-dia-swim-channel-joao-gomes-junior\/","name":"Destaque do dia SWIM CHANNEL: Jo\u00e3o Gomes J\u00fanior - Swimchannel","isPartOf":{"@id":"https:\/\/swimchannel.net\/br\/#website"},"primaryImageOfPage":{"@id":"https:\/\/swimchannel.net\/br\/destaque-do-dia-swim-channel-joao-gomes-junior\/#primaryimage"},"image":{"@id":"https:\/\/swimchannel.net\/br\/destaque-do-dia-swim-channel-joao-gomes-junior\/#primaryimage"},"thumbnailUrl":"https:\/\/swimchannel.net\/br\/wp-content\/uploads\/2022\/04\/51986928695_6524179eb6_b.jpg","datePublished":"2022-04-07T15:27:00+00:00","dateModified":"2022-04-07T20:53:58+00:00","breadcrumb":{"@id":"https:\/\/swimchannel.net\/br\/destaque-do-dia-swim-channel-joao-gomes-junior\/#breadcrumb"},"inLanguage":"pt-BR","potentialAction":[{"@type":"ReadAction","target":["https:\/\/swimchannel.net\/br\/destaque-do-dia-swim-channel-joao-gomes-junior\/"]}]},{"@type":"ImageObject","inLanguage":"pt-BR","@id":"https:\/\/swimchannel.net\/br\/destaque-do-dia-swim-channel-joao-gomes-junior\/#primaryimage","url":"https:\/\/swimchannel.net\/br\/wp-content\/uploads\/2022\/04\/51986928695_6524179eb6_b.jpg","contentUrl":"https:\/\/swimchannel.net\/br\/wp-content\/uploads\/2022\/04\/51986928695_6524179eb6_b.jpg","width":945,"height":630,"caption":"Jo\u00e3o Gomes J\u00fanior - Foto: Ricardo Sodr\u00e9"},{"@type":"BreadcrumbList","@id":"https:\/\/swimchannel.net\/br\/destaque-do-dia-swim-channel-joao-gomes-junior\/#breadcrumb","itemListElement":[{"@type":"ListItem","position":1,"name":"Home","item":"https:\/\/swimchannel.net\/br\/"},{"@type":"ListItem","position":2,"name":"Destaque do dia SWIM CHANNEL: Jo\u00e3o Gomes J\u00fanior"}]},{"@type":"WebSite","@id":"https:\/\/swimchannel.net\/br\/#website","url":"https:\/\/swimchannel.net\/br\/","name":"Swimchannel","description":"Maior portal de nata\u00e7\u00e3o da america latina","publisher":{"@id":"https:\/\/swimchannel.net\/br\/#organization"},"potentialAction":[{"@type":"SearchAction","target":{"@type":"EntryPoint","urlTemplate":"https:\/\/swimchannel.net\/br\/?s={search_term_string}"},"query-input":{"@type":"PropertyValueSpecification","valueRequired":true,"valueName":"search_term_string"}}],"inLanguage":"pt-BR"},{"@type":"Organization","@id":"https:\/\/swimchannel.net\/br\/#organization","name":"Swimchannel - Conectando voc\u00ea a Nata\u00e7\u00e3o","url":"https:\/\/swimchannel.net\/br\/","logo":{"@type":"ImageObject","inLanguage":"pt-BR","@id":"https:\/\/swimchannel.net\/br\/#\/schema\/logo\/image\/","url":"https:\/\/swimchannel.net\/br\/wp-content\/uploads\/2026\/02\/SWIM-CHANNEL.png","contentUrl":"https:\/\/swimchannel.net\/br\/wp-content\/uploads\/2026\/02\/SWIM-CHANNEL.png","width":1120,"height":630,"caption":"Swimchannel - Conectando voc\u00ea a Nata\u00e7\u00e3o"},"image":{"@id":"https:\/\/swimchannel.net\/br\/#\/schema\/logo\/image\/"},"sameAs":["https:\/\/www.facebook.com\/swimchannel","https:\/\/www.instagram.com\/swimchannel"]},{"@type":"Person","@id":"https:\/\/swimchannel.net\/br\/#\/schema\/person\/73ae9cec62249968bca1f0a8098ef002","name":"Katarine Monteiro","image":{"@type":"ImageObject","inLanguage":"pt-BR","@id":"https:\/\/swimchannel.net\/br\/#\/schema\/person\/image\/","url":"https:\/\/swimchannel.net\/br\/wp-content\/uploads\/2022\/01\/Katarine-Monteiro-100x100.jpg","contentUrl":"https:\/\/swimchannel.net\/br\/wp-content\/uploads\/2022\/01\/Katarine-Monteiro-100x100.jpg","caption":"Katarine Monteiro"},"description":"Jornalista SWIM CHANNEL especializada em esportes ol\u00edmpicos e em sa\u00fade. Com cobertura de grandes eventos internacionais, como Jogos Ol\u00edmpicos Rio 2016, Jogos Pan-Americanos em Lima 2019, Qatar Total Open 2020, Qatar ExxonMobil Open 2019 - t\u00eanis em Doha (QT), Semana Internacional de Vela de Ilhabela, Transat Jacques Vabre 2019 (Fran\u00e7a-Brasil), L'\u00c9tape Brasil by Tour de France, j\u00e1 fez in\u00fameras coberturas de nata\u00e7\u00e3o, maratona aqu\u00e1tica e polo aqu\u00e1tico. Formada tamb\u00e9m em Letras, a jornalista atua como assessora de imprensa, rela\u00e7\u00f5es p\u00fablicas e social media, com especializa\u00e7\u00e3o em marketing esportivo. Nadadora amadora de \u00e1guas abertas, j\u00e1 trabalhou com grandes nomes da nata\u00e7\u00e3o e do polo aqu\u00e1tico brasileiro.","sameAs":["https:\/\/www.instagram.com\/_katarinemonteiro\/","https:\/\/www.linkedin.com\/in\/katarine-monteiro-19385297\/","https:\/\/x.com\/https:\/\/twitter.com\/Katarinem"],"url":"https:\/\/swimchannel.net\/br\/author\/katarine-monteiro\/"}]}},"_links":{"self":[{"href":"https:\/\/swimchannel.net\/br\/wp-json\/wp\/v2\/posts\/50220","targetHints":{"allow":["GET"]}}],"collection":[{"href":"https:\/\/swimchannel.net\/br\/wp-json\/wp\/v2\/posts"}],"about":[{"href":"https:\/\/swimchannel.net\/br\/wp-json\/wp\/v2\/types\/post"}],"author":[{"embeddable":true,"href":"https:\/\/swimchannel.net\/br\/wp-json\/wp\/v2\/users\/9"}],"replies":[{"embeddable":true,"href":"https:\/\/swimchannel.net\/br\/wp-json\/wp\/v2\/comments?post=50220"}],"version-history":[{"count":4,"href":"https:\/\/swimchannel.net\/br\/wp-json\/wp\/v2\/posts\/50220\/revisions"}],"predecessor-version":[{"id":50224,"href":"https:\/\/swimchannel.net\/br\/wp-json\/wp\/v2\/posts\/50220\/revisions\/50224"}],"wp:featuredmedia":[{"embeddable":true,"href":"https:\/\/swimchannel.net\/br\/wp-json\/wp\/v2\/media\/50205"}],"wp:attachment":[{"href":"https:\/\/swimchannel.net\/br\/wp-json\/wp\/v2\/media?parent=50220"}],"wp:term":[{"taxonomy":"category","embeddable":true,"href":"https:\/\/swimchannel.net\/br\/wp-json\/wp\/v2\/categories?post=50220"},{"taxonomy":"post_tag","embeddable":true,"href":"https:\/\/swimchannel.net\/br\/wp-json\/wp\/v2\/tags?post=50220"}],"curies":[{"name":"wp","href":"https:\/\/api.w.org\/{rel}","templated":true}]}}