{"id":50456,"date":"2022-04-14T13:08:54","date_gmt":"2022-04-14T16:08:54","guid":{"rendered":"https:\/\/swimchannel.net\/br\/?p=50456"},"modified":"2022-04-14T18:44:04","modified_gmt":"2022-04-14T21:44:04","slug":"armando-junior-e-ana-morelli-vencem-os-23-km-na-ilha-do-mel","status":"publish","type":"post","link":"https:\/\/swimchannel.net\/br\/armando-junior-e-ana-morelli-vencem-os-23-km-na-ilha-do-mel\/","title":{"rendered":"Armando Junior e Ana Morelli vencem os 23 km na Ilha do Mel"},"content":{"rendered":"<p>A tradicional Travessia da Ilha do Mel foi realizada no \u00faltimo final de semana no Paran\u00e1. A sexta edi\u00e7\u00e3o da prova reuniu as conhecidas dist\u00e2ncias de 13 km e 23 km na famosa ilha do estado paranaense. Um das provas mais extremas e dif\u00edceis na opini\u00e3o de v\u00e1rios nadadores, devido as caracter\u00edsticas do local, teve dois campe\u00f5es in\u00e9ditos na prova mais longa de 23 km.<\/p>\n<p>No masculino Armando Lopes Junior da BF Swim foi o mais r\u00e1pido nadando a dist\u00e2ncia em 4h51min09, batendo dois ultramaratonistas bastante conhecidos: Glauco Rangel, que terminou na segunda coloca\u00e7\u00e3o com o tempo total de 4h52min41s e Samir Barel, que foi o terceira colocado da prova de 23 km com o tempo de 4h59min14s. Ao fim da prova, Armando celebrou bastante sua vit\u00f3ria.<\/p>\n<figure id=\"attachment_50457\" aria-describedby=\"caption-attachment-50457\" style=\"width: 504px\" class=\"wp-caption alignnone\"><img loading=\"lazy\" decoding=\"async\" class=\"size-full wp-image-50457\" src=\"https:\/\/swimchannel.net\/br\/wp-content\/uploads\/2022\/04\/278002713_168252368971090_7373762669468199726_n.jpg\" alt=\"\" width=\"504\" height=\"630\" srcset=\"https:\/\/swimchannel.net\/br\/wp-content\/uploads\/2022\/04\/278002713_168252368971090_7373762669468199726_n.jpg 504w, https:\/\/swimchannel.net\/br\/wp-content\/uploads\/2022\/04\/278002713_168252368971090_7373762669468199726_n-144x180.jpg 144w\" sizes=\"auto, (max-width: 504px) 100vw, 504px\" \/><figcaption id=\"caption-attachment-50457\" class=\"wp-caption-text\">Armando Lopes J\u00fanior &#8211; Foto: Reprodu\u00e7\u00e3o<\/figcaption><\/figure>\n<p>No feminino o t\u00edtulo geral ficou com Ana Carolina Morelli da equipe Samir Barel. Ex-nadadora de piscina e velocista, ela vem se especializando em prova de \u00e1guas abertas e nadou na Ilha do Mel a maior prova de sua carreira. Ela venceu com tempo total de 5h24min54, sendo seguida por Silvana Santos e Priscilla Magalh\u00e3es, que marcaram 5h41min54s e 5h42min31s, respectivamente.<\/p>\n<p>Na prova dos 13 km, os campe\u00f5es foram Alessandro Ricardo Vieira, do Metralhas, com 3h15min56 no masculino e Caline Fuckner Noronha, da Nata\u00e7\u00e3o Samir Barel, com 3h21min21 no feminino. O p\u00f3dio masculino teve ainda Kleiton Uehara em segundo com 3h20min55s e Ademar Barbosa em terceiro com 3h28min13. No feminino Sandra Egg foi a segunda com 3h38min56s e Rosemari Rodrigues a terceira colocada com 3h45min00s.<\/p>\n<figure id=\"attachment_50460\" aria-describedby=\"caption-attachment-50460\" style=\"width: 1120px\" class=\"wp-caption alignnone\"><img loading=\"lazy\" decoding=\"async\" class=\"size-full wp-image-50460\" src=\"https:\/\/swimchannel.net\/br\/wp-content\/uploads\/2022\/04\/IMG-20220406-WA0006.jpg\" alt=\"\" width=\"1120\" height=\"630\" srcset=\"https:\/\/swimchannel.net\/br\/wp-content\/uploads\/2022\/04\/IMG-20220406-WA0006.jpg 1120w, https:\/\/swimchannel.net\/br\/wp-content\/uploads\/2022\/04\/IMG-20220406-WA0006-320x180.jpg 320w, https:\/\/swimchannel.net\/br\/wp-content\/uploads\/2022\/04\/IMG-20220406-WA0006-768x432.jpg 768w, https:\/\/swimchannel.net\/br\/wp-content\/uploads\/2022\/04\/IMG-20220406-WA0006-750x422.jpg 750w\" sizes=\"auto, (max-width: 1120px) 100vw, 1120px\" \/><figcaption id=\"caption-attachment-50460\" class=\"wp-caption-text\">Gabriele Casagrande &#8211; Foto: Reprodu\u00e7\u00e3o<\/figcaption><\/figure>\n<p>Outro destaque na Ilha do Mel foi a jovem Gabriele Casagrande, de 15 anos, da equipe Alexandre Ramos Consultoria Aqu\u00e1tica. Com essa idade ela se tornou a atleta mas jovem da hist\u00f3ria a nadar o desafio de 45 km na ilha, alguns dias antes do fim de semana da Ultramaratona da Ilha do Mel. Ela completou o percurso em 16h19min. Veja todos os resultados das provas disptadas na Ilha do Mel <a href=\"https:\/\/www.correrenadar.com.br\/eventos\/reports\/inscricoes_resultados.php\">clicando aqui.\u00a0<\/a><\/p>\n","protected":false},"excerpt":{"rendered":"<p>Tradicional ultramaratona no Paran\u00e1 aconteceu no \u00faltimo fim de semana; nos 13 km Alessandro Vieira e Caline Fuckner foram os campe\u00f5es<\/p>\n","protected":false},"author":9,"featured_media":50462,"comment_status":"open","ping_status":"open","sticky":false,"template":"","format":"gallery","meta":{"footnotes":""},"categories":[115],"tags":[14,4265,4723,4724,729,5],"class_list":["post-50456","post","type-post","status-publish","format-gallery","has-post-thumbnail","hentry","category-aguas-abertas","tag-aguas-abertas","tag-ana-carolina-morelli","tag-armando-lopes-junior","tag-gabriele-casagrande","tag-ilha-do-mel","tag-natacao","post_format-post-format-gallery"],"yoast_head":"<!-- This site is optimized with the Yoast SEO plugin v27.0 - https:\/\/yoast.com\/product\/yoast-seo-wordpress\/ -->\n<title>Armando Junior e Ana Morelli vencem os 23 km na Ilha do Mel - Swimchannel<\/title>\n<meta name=\"robots\" content=\"index, follow, max-snippet:-1, max-image-preview:large, max-video-preview:-1\" \/>\n<link rel=\"canonical\" href=\"https:\/\/swimchannel.net\/br\/armando-junior-e-ana-morelli-vencem-os-23-km-na-ilha-do-mel\/\" \/>\n<meta property=\"og:locale\" content=\"pt_BR\" \/>\n<meta property=\"og:type\" content=\"article\" \/>\n<meta property=\"og:title\" content=\"Armando Junior e Ana Morelli vencem os 23 km na Ilha do Mel - Swimchannel\" \/>\n<meta property=\"og:description\" content=\"Tradicional ultramaratona no Paran\u00e1 aconteceu no \u00faltimo fim de semana; nos 13 km Alessandro Vieira e Caline Fuckner foram os campe\u00f5es\" \/>\n<meta property=\"og:url\" content=\"https:\/\/swimchannel.net\/br\/armando-junior-e-ana-morelli-vencem-os-23-km-na-ilha-do-mel\/\" \/>\n<meta property=\"og:site_name\" content=\"Swimchannel\" \/>\n<meta property=\"article:publisher\" content=\"https:\/\/www.facebook.com\/swimchannel\" \/>\n<meta property=\"article:published_time\" content=\"2022-04-14T16:08:54+00:00\" \/>\n<meta property=\"article:modified_time\" content=\"2022-04-14T21:44:04+00:00\" \/>\n<meta property=\"og:image\" content=\"https:\/\/swimchannel.net\/br\/wp-content\/uploads\/2022\/04\/277911612_399325685277667_8205175130391795675_n.jpg\" \/>\n\t<meta property=\"og:image:width\" content=\"1024\" \/>\n\t<meta property=\"og:image:height\" content=\"565\" \/>\n\t<meta property=\"og:image:type\" content=\"image\/jpeg\" \/>\n<meta name=\"author\" content=\"Katarine Monteiro\" \/>\n<meta name=\"twitter:card\" content=\"summary_large_image\" \/>\n<meta name=\"twitter:creator\" content=\"@https:\/\/twitter.com\/Katarinem\" \/>\n<meta name=\"twitter:label1\" content=\"Escrito por\" \/>\n\t<meta name=\"twitter:data1\" content=\"Katarine Monteiro\" \/>\n\t<meta name=\"twitter:label2\" content=\"Est. tempo de leitura\" \/>\n\t<meta name=\"twitter:data2\" content=\"2 minutos\" \/>\n<script type=\"application\/ld+json\" class=\"yoast-schema-graph\">{\"@context\":\"https:\/\/schema.org\",\"@graph\":[{\"@type\":\"Article\",\"@id\":\"https:\/\/swimchannel.net\/br\/armando-junior-e-ana-morelli-vencem-os-23-km-na-ilha-do-mel\/#article\",\"isPartOf\":{\"@id\":\"https:\/\/swimchannel.net\/br\/armando-junior-e-ana-morelli-vencem-os-23-km-na-ilha-do-mel\/\"},\"author\":{\"name\":\"Katarine Monteiro\",\"@id\":\"https:\/\/swimchannel.net\/br\/#\/schema\/person\/73ae9cec62249968bca1f0a8098ef002\"},\"headline\":\"Armando Junior e Ana Morelli vencem os 23 km na Ilha do Mel\",\"datePublished\":\"2022-04-14T16:08:54+00:00\",\"dateModified\":\"2022-04-14T21:44:04+00:00\",\"mainEntityOfPage\":{\"@id\":\"https:\/\/swimchannel.net\/br\/armando-junior-e-ana-morelli-vencem-os-23-km-na-ilha-do-mel\/\"},\"wordCount\":397,\"commentCount\":0,\"publisher\":{\"@id\":\"https:\/\/swimchannel.net\/br\/#organization\"},\"image\":{\"@id\":\"https:\/\/swimchannel.net\/br\/armando-junior-e-ana-morelli-vencem-os-23-km-na-ilha-do-mel\/#primaryimage\"},\"thumbnailUrl\":\"https:\/\/swimchannel.net\/br\/wp-content\/uploads\/2022\/04\/277911612_399325685277667_8205175130391795675_n.jpg\",\"keywords\":[\"\u00c1guas abertas\",\"Ana Carolina Morelli\",\"Armando Lopes J\u00fanior\",\"Gabriele Casagrande\",\"Ilha do Mel\",\"natacao\"],\"articleSection\":[\"\u00c1guas Abertas\"],\"inLanguage\":\"pt-BR\",\"potentialAction\":[{\"@type\":\"CommentAction\",\"name\":\"Comment\",\"target\":[\"https:\/\/swimchannel.net\/br\/armando-junior-e-ana-morelli-vencem-os-23-km-na-ilha-do-mel\/#respond\"]}]},{\"@type\":\"WebPage\",\"@id\":\"https:\/\/swimchannel.net\/br\/armando-junior-e-ana-morelli-vencem-os-23-km-na-ilha-do-mel\/\",\"url\":\"https:\/\/swimchannel.net\/br\/armando-junior-e-ana-morelli-vencem-os-23-km-na-ilha-do-mel\/\",\"name\":\"Armando Junior e Ana Morelli vencem os 23 km na Ilha do Mel - Swimchannel\",\"isPartOf\":{\"@id\":\"https:\/\/swimchannel.net\/br\/#website\"},\"primaryImageOfPage\":{\"@id\":\"https:\/\/swimchannel.net\/br\/armando-junior-e-ana-morelli-vencem-os-23-km-na-ilha-do-mel\/#primaryimage\"},\"image\":{\"@id\":\"https:\/\/swimchannel.net\/br\/armando-junior-e-ana-morelli-vencem-os-23-km-na-ilha-do-mel\/#primaryimage\"},\"thumbnailUrl\":\"https:\/\/swimchannel.net\/br\/wp-content\/uploads\/2022\/04\/277911612_399325685277667_8205175130391795675_n.jpg\",\"datePublished\":\"2022-04-14T16:08:54+00:00\",\"dateModified\":\"2022-04-14T21:44:04+00:00\",\"breadcrumb\":{\"@id\":\"https:\/\/swimchannel.net\/br\/armando-junior-e-ana-morelli-vencem-os-23-km-na-ilha-do-mel\/#breadcrumb\"},\"inLanguage\":\"pt-BR\",\"potentialAction\":[{\"@type\":\"ReadAction\",\"target\":[\"https:\/\/swimchannel.net\/br\/armando-junior-e-ana-morelli-vencem-os-23-km-na-ilha-do-mel\/\"]}]},{\"@type\":\"ImageObject\",\"inLanguage\":\"pt-BR\",\"@id\":\"https:\/\/swimchannel.net\/br\/armando-junior-e-ana-morelli-vencem-os-23-km-na-ilha-do-mel\/#primaryimage\",\"url\":\"https:\/\/swimchannel.net\/br\/wp-content\/uploads\/2022\/04\/277911612_399325685277667_8205175130391795675_n.jpg\",\"contentUrl\":\"https:\/\/swimchannel.net\/br\/wp-content\/uploads\/2022\/04\/277911612_399325685277667_8205175130391795675_n.jpg\",\"width\":1024,\"height\":565,\"caption\":\"Ana Carolina Morelli - Foto: Fabio Motta Photo\"},{\"@type\":\"BreadcrumbList\",\"@id\":\"https:\/\/swimchannel.net\/br\/armando-junior-e-ana-morelli-vencem-os-23-km-na-ilha-do-mel\/#breadcrumb\",\"itemListElement\":[{\"@type\":\"ListItem\",\"position\":1,\"name\":\"Home\",\"item\":\"https:\/\/swimchannel.net\/br\/\"},{\"@type\":\"ListItem\",\"position\":2,\"name\":\"Armando Junior e Ana Morelli vencem os 23 km na Ilha do Mel\"}]},{\"@type\":\"WebSite\",\"@id\":\"https:\/\/swimchannel.net\/br\/#website\",\"url\":\"https:\/\/swimchannel.net\/br\/\",\"name\":\"Swimchannel\",\"description\":\"Maior portal de nata\u00e7\u00e3o da america latina\",\"publisher\":{\"@id\":\"https:\/\/swimchannel.net\/br\/#organization\"},\"potentialAction\":[{\"@type\":\"SearchAction\",\"target\":{\"@type\":\"EntryPoint\",\"urlTemplate\":\"https:\/\/swimchannel.net\/br\/?s={search_term_string}\"},\"query-input\":{\"@type\":\"PropertyValueSpecification\",\"valueRequired\":true,\"valueName\":\"search_term_string\"}}],\"inLanguage\":\"pt-BR\"},{\"@type\":\"Organization\",\"@id\":\"https:\/\/swimchannel.net\/br\/#organization\",\"name\":\"Swimchannel - Conectando voc\u00ea a Nata\u00e7\u00e3o\",\"url\":\"https:\/\/swimchannel.net\/br\/\",\"logo\":{\"@type\":\"ImageObject\",\"inLanguage\":\"pt-BR\",\"@id\":\"https:\/\/swimchannel.net\/br\/#\/schema\/logo\/image\/\",\"url\":\"https:\/\/swimchannel.net\/br\/wp-content\/uploads\/2026\/02\/SWIM-CHANNEL.png\",\"contentUrl\":\"https:\/\/swimchannel.net\/br\/wp-content\/uploads\/2026\/02\/SWIM-CHANNEL.png\",\"width\":1120,\"height\":630,\"caption\":\"Swimchannel - Conectando voc\u00ea a Nata\u00e7\u00e3o\"},\"image\":{\"@id\":\"https:\/\/swimchannel.net\/br\/#\/schema\/logo\/image\/\"},\"sameAs\":[\"https:\/\/www.facebook.com\/swimchannel\",\"https:\/\/www.instagram.com\/swimchannel\"]},{\"@type\":\"Person\",\"@id\":\"https:\/\/swimchannel.net\/br\/#\/schema\/person\/73ae9cec62249968bca1f0a8098ef002\",\"name\":\"Katarine Monteiro\",\"image\":{\"@type\":\"ImageObject\",\"inLanguage\":\"pt-BR\",\"@id\":\"https:\/\/swimchannel.net\/br\/#\/schema\/person\/image\/\",\"url\":\"https:\/\/swimchannel.net\/br\/wp-content\/uploads\/2022\/01\/Katarine-Monteiro-100x100.jpg\",\"contentUrl\":\"https:\/\/swimchannel.net\/br\/wp-content\/uploads\/2022\/01\/Katarine-Monteiro-100x100.jpg\",\"caption\":\"Katarine Monteiro\"},\"description\":\"Jornalista SWIM CHANNEL especializada em esportes ol\u00edmpicos e em sa\u00fade. Com cobertura de grandes eventos internacionais, como Jogos Ol\u00edmpicos Rio 2016, Jogos Pan-Americanos em Lima 2019, Qatar Total Open 2020, Qatar ExxonMobil Open 2019 - t\u00eanis em Doha (QT), Semana Internacional de Vela de Ilhabela, Transat Jacques Vabre 2019 (Fran\u00e7a-Brasil), L'\u00c9tape Brasil by Tour de France, j\u00e1 fez in\u00fameras coberturas de nata\u00e7\u00e3o, maratona aqu\u00e1tica e polo aqu\u00e1tico. Formada tamb\u00e9m em Letras, a jornalista atua como assessora de imprensa, rela\u00e7\u00f5es p\u00fablicas e social media, com especializa\u00e7\u00e3o em marketing esportivo. Nadadora amadora de \u00e1guas abertas, j\u00e1 trabalhou com grandes nomes da nata\u00e7\u00e3o e do polo aqu\u00e1tico brasileiro.\",\"sameAs\":[\"https:\/\/www.instagram.com\/_katarinemonteiro\/\",\"https:\/\/www.linkedin.com\/in\/katarine-monteiro-19385297\/\",\"https:\/\/x.com\/https:\/\/twitter.com\/Katarinem\"],\"url\":\"https:\/\/swimchannel.net\/br\/author\/katarine-monteiro\/\"}]}<\/script>\n<!-- \/ Yoast SEO plugin. -->","yoast_head_json":{"title":"Armando Junior e Ana Morelli vencem os 23 km na Ilha do Mel - Swimchannel","robots":{"index":"index","follow":"follow","max-snippet":"max-snippet:-1","max-image-preview":"max-image-preview:large","max-video-preview":"max-video-preview:-1"},"canonical":"https:\/\/swimchannel.net\/br\/armando-junior-e-ana-morelli-vencem-os-23-km-na-ilha-do-mel\/","og_locale":"pt_BR","og_type":"article","og_title":"Armando Junior e Ana Morelli vencem os 23 km na Ilha do Mel - Swimchannel","og_description":"Tradicional ultramaratona no Paran\u00e1 aconteceu no \u00faltimo fim de semana; nos 13 km Alessandro Vieira e Caline Fuckner foram os campe\u00f5es","og_url":"https:\/\/swimchannel.net\/br\/armando-junior-e-ana-morelli-vencem-os-23-km-na-ilha-do-mel\/","og_site_name":"Swimchannel","article_publisher":"https:\/\/www.facebook.com\/swimchannel","article_published_time":"2022-04-14T16:08:54+00:00","article_modified_time":"2022-04-14T21:44:04+00:00","og_image":[{"width":1024,"height":565,"url":"https:\/\/swimchannel.net\/br\/wp-content\/uploads\/2022\/04\/277911612_399325685277667_8205175130391795675_n.jpg","type":"image\/jpeg"}],"author":"Katarine Monteiro","twitter_card":"summary_large_image","twitter_creator":"@https:\/\/twitter.com\/Katarinem","twitter_misc":{"Escrito por":"Katarine Monteiro","Est. tempo de leitura":"2 minutos"},"schema":{"@context":"https:\/\/schema.org","@graph":[{"@type":"Article","@id":"https:\/\/swimchannel.net\/br\/armando-junior-e-ana-morelli-vencem-os-23-km-na-ilha-do-mel\/#article","isPartOf":{"@id":"https:\/\/swimchannel.net\/br\/armando-junior-e-ana-morelli-vencem-os-23-km-na-ilha-do-mel\/"},"author":{"name":"Katarine Monteiro","@id":"https:\/\/swimchannel.net\/br\/#\/schema\/person\/73ae9cec62249968bca1f0a8098ef002"},"headline":"Armando Junior e Ana Morelli vencem os 23 km na Ilha do Mel","datePublished":"2022-04-14T16:08:54+00:00","dateModified":"2022-04-14T21:44:04+00:00","mainEntityOfPage":{"@id":"https:\/\/swimchannel.net\/br\/armando-junior-e-ana-morelli-vencem-os-23-km-na-ilha-do-mel\/"},"wordCount":397,"commentCount":0,"publisher":{"@id":"https:\/\/swimchannel.net\/br\/#organization"},"image":{"@id":"https:\/\/swimchannel.net\/br\/armando-junior-e-ana-morelli-vencem-os-23-km-na-ilha-do-mel\/#primaryimage"},"thumbnailUrl":"https:\/\/swimchannel.net\/br\/wp-content\/uploads\/2022\/04\/277911612_399325685277667_8205175130391795675_n.jpg","keywords":["\u00c1guas abertas","Ana Carolina Morelli","Armando Lopes J\u00fanior","Gabriele Casagrande","Ilha do Mel","natacao"],"articleSection":["\u00c1guas Abertas"],"inLanguage":"pt-BR","potentialAction":[{"@type":"CommentAction","name":"Comment","target":["https:\/\/swimchannel.net\/br\/armando-junior-e-ana-morelli-vencem-os-23-km-na-ilha-do-mel\/#respond"]}]},{"@type":"WebPage","@id":"https:\/\/swimchannel.net\/br\/armando-junior-e-ana-morelli-vencem-os-23-km-na-ilha-do-mel\/","url":"https:\/\/swimchannel.net\/br\/armando-junior-e-ana-morelli-vencem-os-23-km-na-ilha-do-mel\/","name":"Armando Junior e Ana Morelli vencem os 23 km na Ilha do Mel - Swimchannel","isPartOf":{"@id":"https:\/\/swimchannel.net\/br\/#website"},"primaryImageOfPage":{"@id":"https:\/\/swimchannel.net\/br\/armando-junior-e-ana-morelli-vencem-os-23-km-na-ilha-do-mel\/#primaryimage"},"image":{"@id":"https:\/\/swimchannel.net\/br\/armando-junior-e-ana-morelli-vencem-os-23-km-na-ilha-do-mel\/#primaryimage"},"thumbnailUrl":"https:\/\/swimchannel.net\/br\/wp-content\/uploads\/2022\/04\/277911612_399325685277667_8205175130391795675_n.jpg","datePublished":"2022-04-14T16:08:54+00:00","dateModified":"2022-04-14T21:44:04+00:00","breadcrumb":{"@id":"https:\/\/swimchannel.net\/br\/armando-junior-e-ana-morelli-vencem-os-23-km-na-ilha-do-mel\/#breadcrumb"},"inLanguage":"pt-BR","potentialAction":[{"@type":"ReadAction","target":["https:\/\/swimchannel.net\/br\/armando-junior-e-ana-morelli-vencem-os-23-km-na-ilha-do-mel\/"]}]},{"@type":"ImageObject","inLanguage":"pt-BR","@id":"https:\/\/swimchannel.net\/br\/armando-junior-e-ana-morelli-vencem-os-23-km-na-ilha-do-mel\/#primaryimage","url":"https:\/\/swimchannel.net\/br\/wp-content\/uploads\/2022\/04\/277911612_399325685277667_8205175130391795675_n.jpg","contentUrl":"https:\/\/swimchannel.net\/br\/wp-content\/uploads\/2022\/04\/277911612_399325685277667_8205175130391795675_n.jpg","width":1024,"height":565,"caption":"Ana Carolina Morelli - Foto: Fabio Motta Photo"},{"@type":"BreadcrumbList","@id":"https:\/\/swimchannel.net\/br\/armando-junior-e-ana-morelli-vencem-os-23-km-na-ilha-do-mel\/#breadcrumb","itemListElement":[{"@type":"ListItem","position":1,"name":"Home","item":"https:\/\/swimchannel.net\/br\/"},{"@type":"ListItem","position":2,"name":"Armando Junior e Ana Morelli vencem os 23 km na Ilha do Mel"}]},{"@type":"WebSite","@id":"https:\/\/swimchannel.net\/br\/#website","url":"https:\/\/swimchannel.net\/br\/","name":"Swimchannel","description":"Maior portal de nata\u00e7\u00e3o da america latina","publisher":{"@id":"https:\/\/swimchannel.net\/br\/#organization"},"potentialAction":[{"@type":"SearchAction","target":{"@type":"EntryPoint","urlTemplate":"https:\/\/swimchannel.net\/br\/?s={search_term_string}"},"query-input":{"@type":"PropertyValueSpecification","valueRequired":true,"valueName":"search_term_string"}}],"inLanguage":"pt-BR"},{"@type":"Organization","@id":"https:\/\/swimchannel.net\/br\/#organization","name":"Swimchannel - Conectando voc\u00ea a Nata\u00e7\u00e3o","url":"https:\/\/swimchannel.net\/br\/","logo":{"@type":"ImageObject","inLanguage":"pt-BR","@id":"https:\/\/swimchannel.net\/br\/#\/schema\/logo\/image\/","url":"https:\/\/swimchannel.net\/br\/wp-content\/uploads\/2026\/02\/SWIM-CHANNEL.png","contentUrl":"https:\/\/swimchannel.net\/br\/wp-content\/uploads\/2026\/02\/SWIM-CHANNEL.png","width":1120,"height":630,"caption":"Swimchannel - Conectando voc\u00ea a Nata\u00e7\u00e3o"},"image":{"@id":"https:\/\/swimchannel.net\/br\/#\/schema\/logo\/image\/"},"sameAs":["https:\/\/www.facebook.com\/swimchannel","https:\/\/www.instagram.com\/swimchannel"]},{"@type":"Person","@id":"https:\/\/swimchannel.net\/br\/#\/schema\/person\/73ae9cec62249968bca1f0a8098ef002","name":"Katarine Monteiro","image":{"@type":"ImageObject","inLanguage":"pt-BR","@id":"https:\/\/swimchannel.net\/br\/#\/schema\/person\/image\/","url":"https:\/\/swimchannel.net\/br\/wp-content\/uploads\/2022\/01\/Katarine-Monteiro-100x100.jpg","contentUrl":"https:\/\/swimchannel.net\/br\/wp-content\/uploads\/2022\/01\/Katarine-Monteiro-100x100.jpg","caption":"Katarine Monteiro"},"description":"Jornalista SWIM CHANNEL especializada em esportes ol\u00edmpicos e em sa\u00fade. Com cobertura de grandes eventos internacionais, como Jogos Ol\u00edmpicos Rio 2016, Jogos Pan-Americanos em Lima 2019, Qatar Total Open 2020, Qatar ExxonMobil Open 2019 - t\u00eanis em Doha (QT), Semana Internacional de Vela de Ilhabela, Transat Jacques Vabre 2019 (Fran\u00e7a-Brasil), L'\u00c9tape Brasil by Tour de France, j\u00e1 fez in\u00fameras coberturas de nata\u00e7\u00e3o, maratona aqu\u00e1tica e polo aqu\u00e1tico. Formada tamb\u00e9m em Letras, a jornalista atua como assessora de imprensa, rela\u00e7\u00f5es p\u00fablicas e social media, com especializa\u00e7\u00e3o em marketing esportivo. Nadadora amadora de \u00e1guas abertas, j\u00e1 trabalhou com grandes nomes da nata\u00e7\u00e3o e do polo aqu\u00e1tico brasileiro.","sameAs":["https:\/\/www.instagram.com\/_katarinemonteiro\/","https:\/\/www.linkedin.com\/in\/katarine-monteiro-19385297\/","https:\/\/x.com\/https:\/\/twitter.com\/Katarinem"],"url":"https:\/\/swimchannel.net\/br\/author\/katarine-monteiro\/"}]}},"_links":{"self":[{"href":"https:\/\/swimchannel.net\/br\/wp-json\/wp\/v2\/posts\/50456","targetHints":{"allow":["GET"]}}],"collection":[{"href":"https:\/\/swimchannel.net\/br\/wp-json\/wp\/v2\/posts"}],"about":[{"href":"https:\/\/swimchannel.net\/br\/wp-json\/wp\/v2\/types\/post"}],"author":[{"embeddable":true,"href":"https:\/\/swimchannel.net\/br\/wp-json\/wp\/v2\/users\/9"}],"replies":[{"embeddable":true,"href":"https:\/\/swimchannel.net\/br\/wp-json\/wp\/v2\/comments?post=50456"}],"version-history":[{"count":4,"href":"https:\/\/swimchannel.net\/br\/wp-json\/wp\/v2\/posts\/50456\/revisions"}],"predecessor-version":[{"id":50470,"href":"https:\/\/swimchannel.net\/br\/wp-json\/wp\/v2\/posts\/50456\/revisions\/50470"}],"wp:featuredmedia":[{"embeddable":true,"href":"https:\/\/swimchannel.net\/br\/wp-json\/wp\/v2\/media\/50462"}],"wp:attachment":[{"href":"https:\/\/swimchannel.net\/br\/wp-json\/wp\/v2\/media?parent=50456"}],"wp:term":[{"taxonomy":"category","embeddable":true,"href":"https:\/\/swimchannel.net\/br\/wp-json\/wp\/v2\/categories?post=50456"},{"taxonomy":"post_tag","embeddable":true,"href":"https:\/\/swimchannel.net\/br\/wp-json\/wp\/v2\/tags?post=50456"}],"curies":[{"name":"wp","href":"https:\/\/api.w.org\/{rel}","templated":true}]}}