{"id":50886,"date":"2022-05-12T11:50:18","date_gmt":"2022-05-12T14:50:18","guid":{"rendered":"https:\/\/swimchannel.net\/br\/?p=50886"},"modified":"2022-05-12T11:50:18","modified_gmt":"2022-05-12T14:50:18","slug":"o-desgoverno-do-desporto-em-portugal","status":"publish","type":"post","link":"https:\/\/swimchannel.net\/br\/o-desgoverno-do-desporto-em-portugal\/","title":{"rendered":"&#8216;O (des)governo do desporto em Portugal&#8217;&#8230;"},"content":{"rendered":"<p>&#8216;O (des)governo do desporto em Portugal&#8217;.<\/p>\n<p>\u00c9 este o t\u00edtulo do livro que o presidente da Federa\u00e7\u00e3o Portuguesa de Nata\u00e7\u00e3o, Ant\u00f3nio Jos\u00e9 Silva, apresenta hoje na sede do Comit\u00e9 Ol\u00edmpico de Portugal (COP), em Lisboa.<\/p>\n<p>Segundo me disse: &#8220;este \u00e9 o primeiro de quatro volumes previstos&#8221;. E quais os temas? &#8220;O volume 1 \u00e9 este, sobre a relev\u00e2ncia social do desporto, e a falta de relev\u00e2ncia pol\u00edtica do mesmo&#8221;, tema bem atual em qualquer sociedade contempor\u00e2nea.<\/p>\n<p>Os volumes 2 e 3 ser\u00e3o &#8220;sobre os fatores cr\u00edticos do modelo de organiza\u00e7\u00e3o do desporto que se quer competitivo em qualquer pa\u00eds, e neste caso em Portugal&#8221;, explicou Ant\u00f3nio Silva, que completou recentemente tr\u00eas meses na presid\u00eancia da Liga Europeia de Nata\u00e7\u00e3o (LEN).<\/p>\n<figure id=\"attachment_50888\" aria-describedby=\"caption-attachment-50888\" style=\"width: 424px\" class=\"wp-caption aligncenter\"><img loading=\"lazy\" decoding=\"async\" class=\"size-full wp-image-50888\" src=\"https:\/\/swimchannel.net\/br\/wp-content\/uploads\/2022\/05\/280845491_2830367560442035_9117258076690109530_n.jpg\" alt=\"\" width=\"424\" height=\"630\" srcset=\"https:\/\/swimchannel.net\/br\/wp-content\/uploads\/2022\/05\/280845491_2830367560442035_9117258076690109530_n.jpg 424w, https:\/\/swimchannel.net\/br\/wp-content\/uploads\/2022\/05\/280845491_2830367560442035_9117258076690109530_n-121x180.jpg 121w\" sizes=\"auto, (max-width: 424px) 100vw, 424px\" \/><figcaption id=\"caption-attachment-50888\" class=\"wp-caption-text\">Novo livro de Ant\u00f3nio Silva &#8211; Foto: Reprodu\u00e7\u00e3o<\/figcaption><\/figure>\n<p>Ali\u00e1s, o seu primeiro Congresso Extraordin\u00e1rio \u00e0 frente da LEN realiza-se no pr\u00f3ximo s\u00e1bado em Cascais, cumprindo a promessa eleitoral de &#8216;prestar contas&#8217; no final dos primeiros 100 dias de governan\u00e7a \u00e0 frente da &#8216;European Aquatics&#8217;.<\/p>\n<p>Finalmente, o volume 4 abordar\u00e1 &#8220;exemplos de projetos concretos que alavancam os fatores cr\u00edticos na prova do modelo &#8216;SPLISS&#8217; (Sport Politics Leading Internacional Success),&#8221; revelou a <strong>SWIM CHANNEL<\/strong>.<\/p>\n<p>Quanto a datas de lan\u00e7amento, a previs\u00e3o \u00e9: 2023 para o volume 2, 2024 volume 3, e 2025 o volume 4.<\/p>\n<p>Al\u00e9m da presen\u00e7a do presidente do COP, Jos\u00e9 Manuel Constantino, e do artista pl\u00e1stico M\u00e1rio Vit\u00f3ria (autor da capa do volume 1), a apresenta\u00e7\u00e3o ser\u00e1 feita por Alexandre Mestre, destacado especialista europeu em direito do desporto, ex-secret\u00e1rio de estado do desporto, e especialista tamb\u00e9m em olimpismo.<\/p>\n<p>Quando perguntei a Ant\u00f3nio Silva o porqu\u00ea da escolha, referiu: &#8220;porque tendo sido secret\u00e1rio de estado do desporto pode ser confrontado com pol\u00edticas desportivas&#8221;. E s\u00e3o estas \u2013 ou a sua aus\u00eancia \u2013 que ser\u00e3o abordadas no livro, e debatidas na apresenta\u00e7\u00e3o p\u00fablica de hoje.<\/p>\n<figure id=\"attachment_50887\" aria-describedby=\"caption-attachment-50887\" style=\"width: 960px\" class=\"wp-caption alignnone\"><img loading=\"lazy\" decoding=\"async\" class=\"size-full wp-image-50887\" src=\"https:\/\/swimchannel.net\/br\/wp-content\/uploads\/2022\/05\/WhatsApp-Image-2022-05-12-at-09.53.17.jpeg\" alt=\"\" width=\"960\" height=\"600\" srcset=\"https:\/\/swimchannel.net\/br\/wp-content\/uploads\/2022\/05\/WhatsApp-Image-2022-05-12-at-09.53.17.jpeg 960w, https:\/\/swimchannel.net\/br\/wp-content\/uploads\/2022\/05\/WhatsApp-Image-2022-05-12-at-09.53.17-288x180.jpeg 288w, https:\/\/swimchannel.net\/br\/wp-content\/uploads\/2022\/05\/WhatsApp-Image-2022-05-12-at-09.53.17-768x480.jpeg 768w, https:\/\/swimchannel.net\/br\/wp-content\/uploads\/2022\/05\/WhatsApp-Image-2022-05-12-at-09.53.17-750x469.jpeg 750w\" sizes=\"auto, (max-width: 960px) 100vw, 960px\" \/><figcaption id=\"caption-attachment-50887\" class=\"wp-caption-text\">Convite de lan\u00e7amento de livro &#8211; Foto: Reprodu\u00e7\u00e3o<\/figcaption><\/figure>\n","protected":false},"excerpt":{"rendered":"<p>\u00c9 este o tema do livro de Ant\u00f3nio Silva hoje apresentado em Lisboa, em v\u00e9speras do Congresso Extraordin\u00e1rio da LEN em Cascais <\/p>\n","protected":false},"author":174,"featured_media":48885,"comment_status":"open","ping_status":"open","sticky":false,"template":"","format":"gallery","meta":{"footnotes":""},"categories":[4188],"tags":[4771,4430,4770,5,627,631],"class_list":["post-50886","post","type-post","status-publish","format-gallery","has-post-thumbnail","hentry","category-natacao-portuguesa","tag-alexandre-miguel-mestre","tag-antonio-jose-silva","tag-jose-manuel-constantino","tag-natacao","tag-natacao-portuguesa","tag-portugal","post_format-post-format-gallery"],"yoast_head":"<!-- This site is optimized with the Yoast SEO plugin v27.0 - https:\/\/yoast.com\/product\/yoast-seo-wordpress\/ -->\n<title>&#039;O (des)governo do desporto em Portugal&#039;... - Swimchannel<\/title>\n<meta name=\"robots\" content=\"index, follow, max-snippet:-1, max-image-preview:large, max-video-preview:-1\" \/>\n<link rel=\"canonical\" href=\"https:\/\/swimchannel.net\/br\/o-desgoverno-do-desporto-em-portugal\/\" \/>\n<meta property=\"og:locale\" content=\"pt_BR\" \/>\n<meta property=\"og:type\" content=\"article\" \/>\n<meta property=\"og:title\" content=\"&#039;O (des)governo do desporto em Portugal&#039;... - Swimchannel\" \/>\n<meta property=\"og:description\" content=\"\u00c9 este o tema do livro de Ant\u00f3nio Silva hoje apresentado em Lisboa, em v\u00e9speras do Congresso Extraordin\u00e1rio da LEN em Cascais\" \/>\n<meta property=\"og:url\" content=\"https:\/\/swimchannel.net\/br\/o-desgoverno-do-desporto-em-portugal\/\" \/>\n<meta property=\"og:site_name\" content=\"Swimchannel\" \/>\n<meta property=\"article:publisher\" content=\"https:\/\/www.facebook.com\/swimchannel\" \/>\n<meta property=\"article:published_time\" content=\"2022-05-12T14:50:18+00:00\" \/>\n<meta property=\"og:image\" content=\"https:\/\/swimchannel.net\/br\/wp-content\/uploads\/2022\/02\/Antonio-Jose-Silva9-scaled-1.jpg\" \/>\n\t<meta property=\"og:image:width\" content=\"2560\" \/>\n\t<meta property=\"og:image:height\" content=\"1703\" \/>\n\t<meta property=\"og:image:type\" content=\"image\/jpeg\" \/>\n<meta name=\"author\" content=\"Nuno Albuquerque\" \/>\n<meta name=\"twitter:card\" content=\"summary_large_image\" \/>\n<meta name=\"twitter:label1\" content=\"Escrito por\" \/>\n\t<meta name=\"twitter:data1\" content=\"Nuno Albuquerque\" \/>\n\t<meta name=\"twitter:label2\" content=\"Est. tempo de leitura\" \/>\n\t<meta name=\"twitter:data2\" content=\"2 minutos\" \/>\n<script type=\"application\/ld+json\" class=\"yoast-schema-graph\">{\"@context\":\"https:\/\/schema.org\",\"@graph\":[{\"@type\":\"Article\",\"@id\":\"https:\/\/swimchannel.net\/br\/o-desgoverno-do-desporto-em-portugal\/#article\",\"isPartOf\":{\"@id\":\"https:\/\/swimchannel.net\/br\/o-desgoverno-do-desporto-em-portugal\/\"},\"author\":{\"name\":\"Nuno Albuquerque\",\"@id\":\"https:\/\/swimchannel.net\/br\/#\/schema\/person\/96742bc4be7f63afabd531ac47a43eba\"},\"headline\":\"&#8216;O (des)governo do desporto em Portugal&#8217;&#8230;\",\"datePublished\":\"2022-05-12T14:50:18+00:00\",\"mainEntityOfPage\":{\"@id\":\"https:\/\/swimchannel.net\/br\/o-desgoverno-do-desporto-em-portugal\/\"},\"wordCount\":359,\"commentCount\":0,\"publisher\":{\"@id\":\"https:\/\/swimchannel.net\/br\/#organization\"},\"image\":{\"@id\":\"https:\/\/swimchannel.net\/br\/o-desgoverno-do-desporto-em-portugal\/#primaryimage\"},\"thumbnailUrl\":\"https:\/\/swimchannel.net\/br\/wp-content\/uploads\/2022\/02\/Antonio-Jose-Silva9-scaled-1.jpg\",\"keywords\":[\"Alexandre Miguel Mestre\",\"Ant\u00f4nio Jos\u00e9 Silva\",\"Jos\u00e9 Manuel Constantino\",\"natacao\",\"nata\u00e7\u00e3o portuguesa\",\"Portugal\"],\"articleSection\":[\"Nata\u00e7\u00e3o Portuguesa\"],\"inLanguage\":\"pt-BR\",\"potentialAction\":[{\"@type\":\"CommentAction\",\"name\":\"Comment\",\"target\":[\"https:\/\/swimchannel.net\/br\/o-desgoverno-do-desporto-em-portugal\/#respond\"]}]},{\"@type\":\"WebPage\",\"@id\":\"https:\/\/swimchannel.net\/br\/o-desgoverno-do-desporto-em-portugal\/\",\"url\":\"https:\/\/swimchannel.net\/br\/o-desgoverno-do-desporto-em-portugal\/\",\"name\":\"'O (des)governo do desporto em Portugal'... - Swimchannel\",\"isPartOf\":{\"@id\":\"https:\/\/swimchannel.net\/br\/#website\"},\"primaryImageOfPage\":{\"@id\":\"https:\/\/swimchannel.net\/br\/o-desgoverno-do-desporto-em-portugal\/#primaryimage\"},\"image\":{\"@id\":\"https:\/\/swimchannel.net\/br\/o-desgoverno-do-desporto-em-portugal\/#primaryimage\"},\"thumbnailUrl\":\"https:\/\/swimchannel.net\/br\/wp-content\/uploads\/2022\/02\/Antonio-Jose-Silva9-scaled-1.jpg\",\"datePublished\":\"2022-05-12T14:50:18+00:00\",\"breadcrumb\":{\"@id\":\"https:\/\/swimchannel.net\/br\/o-desgoverno-do-desporto-em-portugal\/#breadcrumb\"},\"inLanguage\":\"pt-BR\",\"potentialAction\":[{\"@type\":\"ReadAction\",\"target\":[\"https:\/\/swimchannel.net\/br\/o-desgoverno-do-desporto-em-portugal\/\"]}]},{\"@type\":\"ImageObject\",\"inLanguage\":\"pt-BR\",\"@id\":\"https:\/\/swimchannel.net\/br\/o-desgoverno-do-desporto-em-portugal\/#primaryimage\",\"url\":\"https:\/\/swimchannel.net\/br\/wp-content\/uploads\/2022\/02\/Antonio-Jose-Silva9-scaled-1.jpg\",\"contentUrl\":\"https:\/\/swimchannel.net\/br\/wp-content\/uploads\/2022\/02\/Antonio-Jose-Silva9-scaled-1.jpg\",\"width\":2560,\"height\":1703,\"caption\":\"Ant\u00f3nio Silva - Foto: Reprodu\u00e7\u00e3o\"},{\"@type\":\"BreadcrumbList\",\"@id\":\"https:\/\/swimchannel.net\/br\/o-desgoverno-do-desporto-em-portugal\/#breadcrumb\",\"itemListElement\":[{\"@type\":\"ListItem\",\"position\":1,\"name\":\"Home\",\"item\":\"https:\/\/swimchannel.net\/br\/\"},{\"@type\":\"ListItem\",\"position\":2,\"name\":\"&#8216;O (des)governo do desporto em Portugal&#8217;&#8230;\"}]},{\"@type\":\"WebSite\",\"@id\":\"https:\/\/swimchannel.net\/br\/#website\",\"url\":\"https:\/\/swimchannel.net\/br\/\",\"name\":\"Swimchannel\",\"description\":\"Maior portal de nata\u00e7\u00e3o da america latina\",\"publisher\":{\"@id\":\"https:\/\/swimchannel.net\/br\/#organization\"},\"potentialAction\":[{\"@type\":\"SearchAction\",\"target\":{\"@type\":\"EntryPoint\",\"urlTemplate\":\"https:\/\/swimchannel.net\/br\/?s={search_term_string}\"},\"query-input\":{\"@type\":\"PropertyValueSpecification\",\"valueRequired\":true,\"valueName\":\"search_term_string\"}}],\"inLanguage\":\"pt-BR\"},{\"@type\":\"Organization\",\"@id\":\"https:\/\/swimchannel.net\/br\/#organization\",\"name\":\"Swimchannel - Conectando voc\u00ea a Nata\u00e7\u00e3o\",\"url\":\"https:\/\/swimchannel.net\/br\/\",\"logo\":{\"@type\":\"ImageObject\",\"inLanguage\":\"pt-BR\",\"@id\":\"https:\/\/swimchannel.net\/br\/#\/schema\/logo\/image\/\",\"url\":\"https:\/\/swimchannel.net\/br\/wp-content\/uploads\/2026\/02\/SWIM-CHANNEL.png\",\"contentUrl\":\"https:\/\/swimchannel.net\/br\/wp-content\/uploads\/2026\/02\/SWIM-CHANNEL.png\",\"width\":1120,\"height\":630,\"caption\":\"Swimchannel - Conectando voc\u00ea a Nata\u00e7\u00e3o\"},\"image\":{\"@id\":\"https:\/\/swimchannel.net\/br\/#\/schema\/logo\/image\/\"},\"sameAs\":[\"https:\/\/www.facebook.com\/swimchannel\",\"https:\/\/www.instagram.com\/swimchannel\"]},{\"@type\":\"Person\",\"@id\":\"https:\/\/swimchannel.net\/br\/#\/schema\/person\/96742bc4be7f63afabd531ac47a43eba\",\"name\":\"Nuno Albuquerque\",\"image\":{\"@type\":\"ImageObject\",\"inLanguage\":\"pt-BR\",\"@id\":\"https:\/\/swimchannel.net\/br\/#\/schema\/person\/image\/\",\"url\":\"https:\/\/swimchannel.net\/br\/wp-content\/uploads\/2021\/10\/175265239_284626789786752_3471159347588969871_n-100x100.jpg\",\"contentUrl\":\"https:\/\/swimchannel.net\/br\/wp-content\/uploads\/2021\/10\/175265239_284626789786752_3471159347588969871_n-100x100.jpg\",\"caption\":\"Nuno Albuquerque\"},\"description\":\"Jornalista e t\u00e9cnico de nata\u00e7\u00e3o, trabalha na modalidade h\u00e1 muitos anos. Desde o Campeonato Mundial da FINA de 1986 na cidade de Madri, Nuno j\u00e1 era rep\u00f3rter para um dos principais jornais de Portugal.\",\"url\":\"https:\/\/swimchannel.net\/br\/author\/nunoalbuquerque\/\"}]}<\/script>\n<!-- \/ Yoast SEO plugin. -->","yoast_head_json":{"title":"'O (des)governo do desporto em Portugal'... - Swimchannel","robots":{"index":"index","follow":"follow","max-snippet":"max-snippet:-1","max-image-preview":"max-image-preview:large","max-video-preview":"max-video-preview:-1"},"canonical":"https:\/\/swimchannel.net\/br\/o-desgoverno-do-desporto-em-portugal\/","og_locale":"pt_BR","og_type":"article","og_title":"'O (des)governo do desporto em Portugal'... - Swimchannel","og_description":"\u00c9 este o tema do livro de Ant\u00f3nio Silva hoje apresentado em Lisboa, em v\u00e9speras do Congresso Extraordin\u00e1rio da LEN em Cascais","og_url":"https:\/\/swimchannel.net\/br\/o-desgoverno-do-desporto-em-portugal\/","og_site_name":"Swimchannel","article_publisher":"https:\/\/www.facebook.com\/swimchannel","article_published_time":"2022-05-12T14:50:18+00:00","og_image":[{"width":2560,"height":1703,"url":"https:\/\/swimchannel.net\/br\/wp-content\/uploads\/2022\/02\/Antonio-Jose-Silva9-scaled-1.jpg","type":"image\/jpeg"}],"author":"Nuno Albuquerque","twitter_card":"summary_large_image","twitter_misc":{"Escrito por":"Nuno Albuquerque","Est. tempo de leitura":"2 minutos"},"schema":{"@context":"https:\/\/schema.org","@graph":[{"@type":"Article","@id":"https:\/\/swimchannel.net\/br\/o-desgoverno-do-desporto-em-portugal\/#article","isPartOf":{"@id":"https:\/\/swimchannel.net\/br\/o-desgoverno-do-desporto-em-portugal\/"},"author":{"name":"Nuno Albuquerque","@id":"https:\/\/swimchannel.net\/br\/#\/schema\/person\/96742bc4be7f63afabd531ac47a43eba"},"headline":"&#8216;O (des)governo do desporto em Portugal&#8217;&#8230;","datePublished":"2022-05-12T14:50:18+00:00","mainEntityOfPage":{"@id":"https:\/\/swimchannel.net\/br\/o-desgoverno-do-desporto-em-portugal\/"},"wordCount":359,"commentCount":0,"publisher":{"@id":"https:\/\/swimchannel.net\/br\/#organization"},"image":{"@id":"https:\/\/swimchannel.net\/br\/o-desgoverno-do-desporto-em-portugal\/#primaryimage"},"thumbnailUrl":"https:\/\/swimchannel.net\/br\/wp-content\/uploads\/2022\/02\/Antonio-Jose-Silva9-scaled-1.jpg","keywords":["Alexandre Miguel Mestre","Ant\u00f4nio Jos\u00e9 Silva","Jos\u00e9 Manuel Constantino","natacao","nata\u00e7\u00e3o portuguesa","Portugal"],"articleSection":["Nata\u00e7\u00e3o Portuguesa"],"inLanguage":"pt-BR","potentialAction":[{"@type":"CommentAction","name":"Comment","target":["https:\/\/swimchannel.net\/br\/o-desgoverno-do-desporto-em-portugal\/#respond"]}]},{"@type":"WebPage","@id":"https:\/\/swimchannel.net\/br\/o-desgoverno-do-desporto-em-portugal\/","url":"https:\/\/swimchannel.net\/br\/o-desgoverno-do-desporto-em-portugal\/","name":"'O (des)governo do desporto em Portugal'... - Swimchannel","isPartOf":{"@id":"https:\/\/swimchannel.net\/br\/#website"},"primaryImageOfPage":{"@id":"https:\/\/swimchannel.net\/br\/o-desgoverno-do-desporto-em-portugal\/#primaryimage"},"image":{"@id":"https:\/\/swimchannel.net\/br\/o-desgoverno-do-desporto-em-portugal\/#primaryimage"},"thumbnailUrl":"https:\/\/swimchannel.net\/br\/wp-content\/uploads\/2022\/02\/Antonio-Jose-Silva9-scaled-1.jpg","datePublished":"2022-05-12T14:50:18+00:00","breadcrumb":{"@id":"https:\/\/swimchannel.net\/br\/o-desgoverno-do-desporto-em-portugal\/#breadcrumb"},"inLanguage":"pt-BR","potentialAction":[{"@type":"ReadAction","target":["https:\/\/swimchannel.net\/br\/o-desgoverno-do-desporto-em-portugal\/"]}]},{"@type":"ImageObject","inLanguage":"pt-BR","@id":"https:\/\/swimchannel.net\/br\/o-desgoverno-do-desporto-em-portugal\/#primaryimage","url":"https:\/\/swimchannel.net\/br\/wp-content\/uploads\/2022\/02\/Antonio-Jose-Silva9-scaled-1.jpg","contentUrl":"https:\/\/swimchannel.net\/br\/wp-content\/uploads\/2022\/02\/Antonio-Jose-Silva9-scaled-1.jpg","width":2560,"height":1703,"caption":"Ant\u00f3nio Silva - Foto: Reprodu\u00e7\u00e3o"},{"@type":"BreadcrumbList","@id":"https:\/\/swimchannel.net\/br\/o-desgoverno-do-desporto-em-portugal\/#breadcrumb","itemListElement":[{"@type":"ListItem","position":1,"name":"Home","item":"https:\/\/swimchannel.net\/br\/"},{"@type":"ListItem","position":2,"name":"&#8216;O (des)governo do desporto em Portugal&#8217;&#8230;"}]},{"@type":"WebSite","@id":"https:\/\/swimchannel.net\/br\/#website","url":"https:\/\/swimchannel.net\/br\/","name":"Swimchannel","description":"Maior portal de nata\u00e7\u00e3o da america latina","publisher":{"@id":"https:\/\/swimchannel.net\/br\/#organization"},"potentialAction":[{"@type":"SearchAction","target":{"@type":"EntryPoint","urlTemplate":"https:\/\/swimchannel.net\/br\/?s={search_term_string}"},"query-input":{"@type":"PropertyValueSpecification","valueRequired":true,"valueName":"search_term_string"}}],"inLanguage":"pt-BR"},{"@type":"Organization","@id":"https:\/\/swimchannel.net\/br\/#organization","name":"Swimchannel - Conectando voc\u00ea a Nata\u00e7\u00e3o","url":"https:\/\/swimchannel.net\/br\/","logo":{"@type":"ImageObject","inLanguage":"pt-BR","@id":"https:\/\/swimchannel.net\/br\/#\/schema\/logo\/image\/","url":"https:\/\/swimchannel.net\/br\/wp-content\/uploads\/2026\/02\/SWIM-CHANNEL.png","contentUrl":"https:\/\/swimchannel.net\/br\/wp-content\/uploads\/2026\/02\/SWIM-CHANNEL.png","width":1120,"height":630,"caption":"Swimchannel - Conectando voc\u00ea a Nata\u00e7\u00e3o"},"image":{"@id":"https:\/\/swimchannel.net\/br\/#\/schema\/logo\/image\/"},"sameAs":["https:\/\/www.facebook.com\/swimchannel","https:\/\/www.instagram.com\/swimchannel"]},{"@type":"Person","@id":"https:\/\/swimchannel.net\/br\/#\/schema\/person\/96742bc4be7f63afabd531ac47a43eba","name":"Nuno Albuquerque","image":{"@type":"ImageObject","inLanguage":"pt-BR","@id":"https:\/\/swimchannel.net\/br\/#\/schema\/person\/image\/","url":"https:\/\/swimchannel.net\/br\/wp-content\/uploads\/2021\/10\/175265239_284626789786752_3471159347588969871_n-100x100.jpg","contentUrl":"https:\/\/swimchannel.net\/br\/wp-content\/uploads\/2021\/10\/175265239_284626789786752_3471159347588969871_n-100x100.jpg","caption":"Nuno Albuquerque"},"description":"Jornalista e t\u00e9cnico de nata\u00e7\u00e3o, trabalha na modalidade h\u00e1 muitos anos. Desde o Campeonato Mundial da FINA de 1986 na cidade de Madri, Nuno j\u00e1 era rep\u00f3rter para um dos principais jornais de Portugal.","url":"https:\/\/swimchannel.net\/br\/author\/nunoalbuquerque\/"}]}},"_links":{"self":[{"href":"https:\/\/swimchannel.net\/br\/wp-json\/wp\/v2\/posts\/50886","targetHints":{"allow":["GET"]}}],"collection":[{"href":"https:\/\/swimchannel.net\/br\/wp-json\/wp\/v2\/posts"}],"about":[{"href":"https:\/\/swimchannel.net\/br\/wp-json\/wp\/v2\/types\/post"}],"author":[{"embeddable":true,"href":"https:\/\/swimchannel.net\/br\/wp-json\/wp\/v2\/users\/174"}],"replies":[{"embeddable":true,"href":"https:\/\/swimchannel.net\/br\/wp-json\/wp\/v2\/comments?post=50886"}],"version-history":[{"count":1,"href":"https:\/\/swimchannel.net\/br\/wp-json\/wp\/v2\/posts\/50886\/revisions"}],"predecessor-version":[{"id":50889,"href":"https:\/\/swimchannel.net\/br\/wp-json\/wp\/v2\/posts\/50886\/revisions\/50889"}],"wp:featuredmedia":[{"embeddable":true,"href":"https:\/\/swimchannel.net\/br\/wp-json\/wp\/v2\/media\/48885"}],"wp:attachment":[{"href":"https:\/\/swimchannel.net\/br\/wp-json\/wp\/v2\/media?parent=50886"}],"wp:term":[{"taxonomy":"category","embeddable":true,"href":"https:\/\/swimchannel.net\/br\/wp-json\/wp\/v2\/categories?post=50886"},{"taxonomy":"post_tag","embeddable":true,"href":"https:\/\/swimchannel.net\/br\/wp-json\/wp\/v2\/tags?post=50886"}],"curies":[{"name":"wp","href":"https:\/\/api.w.org\/{rel}","templated":true}]}}