{"id":51053,"date":"2022-05-19T18:49:30","date_gmt":"2022-05-19T21:49:30","guid":{"rendered":"https:\/\/swimchannel.net\/br\/?p=51053"},"modified":"2026-03-17T11:58:41","modified_gmt":"2026-03-17T14:58:41","slug":"australia-vai-receber-o-mundial-de-piscina-curta-pela-primeira-vez","status":"publish","type":"post","link":"https:\/\/swimchannel.net\/br\/australia-vai-receber-o-mundial-de-piscina-curta-pela-primeira-vez\/","title":{"rendered":"Austr\u00e1lia vai receber o Mundial de Piscina Curta pela primeira vez"},"content":{"rendered":"<p>FINA e Swimming Australia definiram nesta quinta-feira a sede do Campeonato Mundial de Piscina Curta para a cidade de Melbourne, no per\u00edodo de 13 a 18 de dezembro. As duas entidades j\u00e1 negociavam h\u00e1 algumas semanas a sede que inicialmente estava marcado para Kazan, na R\u00fassia, no per\u00edodo de 17 a 22 de dezembro.<\/p>\n<p>Esta ser\u00e1 a primeira vez que um Campeonato Mundial de Piscina Curta ser\u00e1 realizado na Austr\u00e1lia. A competi\u00e7\u00e3o em 15 edi\u00e7\u00f5es nunca foi disputado na Oceania. A Austr\u00e1lia j\u00e1 foi sede de tr\u00eas edi\u00e7\u00f5es dos Mundiais de Longa nos anos de 1991 e 1998 em Perth e 2007 em Melbourne.<\/p>\n<figure id=\"attachment_29925\" aria-describedby=\"caption-attachment-29925\" style=\"width: 1200px\" class=\"wp-caption alignnone\"><img loading=\"lazy\" decoding=\"async\" class=\"size-medium wp-image-29925\" src=\"https:\/\/swimchannel.net\/br\/wp-content\/uploads\/2021\/03\/image_processing20210309-6817-5romwr-1200x600.jpg\" alt=\"\" width=\"1200\" height=\"600\" srcset=\"https:\/\/swimchannel.net\/br\/wp-content\/uploads\/2021\/03\/image_processing20210309-6817-5romwr-1200x600.jpg 1200w, https:\/\/swimchannel.net\/br\/wp-content\/uploads\/2021\/03\/image_processing20210309-6817-5romwr-1600x800.jpg 1600w, https:\/\/swimchannel.net\/br\/wp-content\/uploads\/2021\/03\/image_processing20210309-6817-5romwr-320x160.jpg 320w, https:\/\/swimchannel.net\/br\/wp-content\/uploads\/2021\/03\/image_processing20210309-6817-5romwr-768x384.jpg 768w, https:\/\/swimchannel.net\/br\/wp-content\/uploads\/2021\/03\/image_processing20210309-6817-5romwr-1536x768.jpg 1536w, https:\/\/swimchannel.net\/br\/wp-content\/uploads\/2021\/03\/image_processing20210309-6817-5romwr-600x300.jpg 600w, https:\/\/swimchannel.net\/br\/wp-content\/uploads\/2021\/03\/image_processing20210309-6817-5romwr-360x180.jpg 360w, https:\/\/swimchannel.net\/br\/wp-content\/uploads\/2021\/03\/image_processing20210309-6817-5romwr-750x375.jpg 750w, https:\/\/swimchannel.net\/br\/wp-content\/uploads\/2021\/03\/image_processing20210309-6817-5romwr-1140x570.jpg 1140w, https:\/\/swimchannel.net\/br\/wp-content\/uploads\/2021\/03\/image_processing20210309-6817-5romwr.jpg 1920w\" sizes=\"auto, (max-width: 1200px) 100vw, 1200px\" \/><figcaption id=\"caption-attachment-29925\" class=\"wp-caption-text\">A equipe australiana &#8211; Foto: Arena Sport<\/figcaption><\/figure>\n<p>Com a competi\u00e7\u00e3o marcada para a Austr\u00e1lia, o pa\u00eds agora iguala a China (Shanghai) e Canad\u00e1 (Montreal e Windsor) que s\u00e3o os \u00fanicos pa\u00edses que j\u00e1 organizaram os Mundiais de longa e piscina curta.<\/p>\n<p>A FINA ainda n\u00e3o oficializou o an\u00fancio da sede e datas o que deve acontecer nos pr\u00f3ximos dias. Tamb\u00e9m existe a possibilidade que o evento seja novamente disputado nos mesmos moldes do Festival Aqu\u00e1tico de Abu Dhabi, realizado em dezembro do ano passado.<\/p>\n","protected":false},"excerpt":{"rendered":"<p>Melbourne foi a cidade australiana escolhida para sediar o evento<\/p>\n","protected":false},"author":12,"featured_media":51055,"comment_status":"open","ping_status":"open","sticky":false,"template":"","format":"gallery","meta":{"footnotes":""},"categories":[58,137],"tags":[121,96,541,5],"class_list":["post-51053","post","type-post","status-publish","format-gallery","has-post-thumbnail","hentry","category-campeonato-mundial","category-natacao","tag-australia","tag-fina","tag-mundial-de-piscina-curta","tag-natacao","post_format-post-format-gallery"],"yoast_head":"<!-- This site is optimized with the Yoast SEO plugin v27.0 - https:\/\/yoast.com\/product\/yoast-seo-wordpress\/ -->\n<title>Austr\u00e1lia vai receber o Mundial de Piscina Curta pela primeira vez - Swimchannel<\/title>\n<meta name=\"robots\" content=\"index, follow, max-snippet:-1, max-image-preview:large, max-video-preview:-1\" \/>\n<link rel=\"canonical\" href=\"https:\/\/swimchannel.net\/br\/australia-vai-receber-o-mundial-de-piscina-curta-pela-primeira-vez\/\" \/>\n<meta property=\"og:locale\" content=\"pt_BR\" \/>\n<meta property=\"og:type\" content=\"article\" \/>\n<meta property=\"og:title\" content=\"Austr\u00e1lia vai receber o Mundial de Piscina Curta pela primeira vez - Swimchannel\" \/>\n<meta property=\"og:description\" content=\"Melbourne foi a cidade australiana escolhida para sediar o evento\" \/>\n<meta property=\"og:url\" content=\"https:\/\/swimchannel.net\/br\/australia-vai-receber-o-mundial-de-piscina-curta-pela-primeira-vez\/\" \/>\n<meta property=\"og:site_name\" content=\"Swimchannel\" \/>\n<meta property=\"article:publisher\" content=\"https:\/\/www.facebook.com\/swimchannel\" \/>\n<meta property=\"article:published_time\" content=\"2022-05-19T21:49:30+00:00\" \/>\n<meta property=\"article:modified_time\" content=\"2026-03-17T14:58:41+00:00\" \/>\n<meta property=\"og:image\" content=\"https:\/\/swimchannel.net\/br\/wp-content\/uploads\/2022\/05\/flags-2019-FINA-Champs-Indy-1433-1024x768-1.jpg\" \/>\n\t<meta property=\"og:image:width\" content=\"840\" \/>\n\t<meta property=\"og:image:height\" content=\"630\" \/>\n\t<meta property=\"og:image:type\" content=\"image\/jpeg\" \/>\n<meta name=\"author\" content=\"Alex Pussieldi\" \/>\n<meta name=\"twitter:card\" content=\"summary_large_image\" \/>\n<meta name=\"twitter:label1\" content=\"Escrito por\" \/>\n\t<meta name=\"twitter:data1\" content=\"Alex Pussieldi\" \/>\n\t<meta name=\"twitter:label2\" content=\"Est. tempo de leitura\" \/>\n\t<meta name=\"twitter:data2\" content=\"2 minutos\" \/>\n<script type=\"application\/ld+json\" class=\"yoast-schema-graph\">{\"@context\":\"https:\/\/schema.org\",\"@graph\":[{\"@type\":\"Article\",\"@id\":\"https:\/\/swimchannel.net\/br\/australia-vai-receber-o-mundial-de-piscina-curta-pela-primeira-vez\/#article\",\"isPartOf\":{\"@id\":\"https:\/\/swimchannel.net\/br\/australia-vai-receber-o-mundial-de-piscina-curta-pela-primeira-vez\/\"},\"author\":{\"name\":\"Alex Pussieldi\",\"@id\":\"https:\/\/swimchannel.net\/br\/#\/schema\/person\/cf549cb99cf75592fcf7c76213385e63\"},\"headline\":\"Austr\u00e1lia vai receber o Mundial de Piscina Curta pela primeira vez\",\"datePublished\":\"2022-05-19T21:49:30+00:00\",\"dateModified\":\"2026-03-17T14:58:41+00:00\",\"mainEntityOfPage\":{\"@id\":\"https:\/\/swimchannel.net\/br\/australia-vai-receber-o-mundial-de-piscina-curta-pela-primeira-vez\/\"},\"wordCount\":218,\"commentCount\":0,\"publisher\":{\"@id\":\"https:\/\/swimchannel.net\/br\/#organization\"},\"image\":{\"@id\":\"https:\/\/swimchannel.net\/br\/australia-vai-receber-o-mundial-de-piscina-curta-pela-primeira-vez\/#primaryimage\"},\"thumbnailUrl\":\"https:\/\/swimchannel.net\/br\/wp-content\/uploads\/2022\/05\/flags-2019-FINA-Champs-Indy-1433-1024x768-1.jpg\",\"keywords\":[\"Austr\u00e1lia\",\"Fina\",\"Mundial de piscina curta\",\"natacao\"],\"articleSection\":[\"Campeonato Mundial\",\"Nata\u00e7\u00e3o\"],\"inLanguage\":\"pt-BR\",\"potentialAction\":[{\"@type\":\"CommentAction\",\"name\":\"Comment\",\"target\":[\"https:\/\/swimchannel.net\/br\/australia-vai-receber-o-mundial-de-piscina-curta-pela-primeira-vez\/#respond\"]}]},{\"@type\":\"WebPage\",\"@id\":\"https:\/\/swimchannel.net\/br\/australia-vai-receber-o-mundial-de-piscina-curta-pela-primeira-vez\/\",\"url\":\"https:\/\/swimchannel.net\/br\/australia-vai-receber-o-mundial-de-piscina-curta-pela-primeira-vez\/\",\"name\":\"Austr\u00e1lia vai receber o Mundial de Piscina Curta pela primeira vez - Swimchannel\",\"isPartOf\":{\"@id\":\"https:\/\/swimchannel.net\/br\/#website\"},\"primaryImageOfPage\":{\"@id\":\"https:\/\/swimchannel.net\/br\/australia-vai-receber-o-mundial-de-piscina-curta-pela-primeira-vez\/#primaryimage\"},\"image\":{\"@id\":\"https:\/\/swimchannel.net\/br\/australia-vai-receber-o-mundial-de-piscina-curta-pela-primeira-vez\/#primaryimage\"},\"thumbnailUrl\":\"https:\/\/swimchannel.net\/br\/wp-content\/uploads\/2022\/05\/flags-2019-FINA-Champs-Indy-1433-1024x768-1.jpg\",\"datePublished\":\"2022-05-19T21:49:30+00:00\",\"dateModified\":\"2026-03-17T14:58:41+00:00\",\"breadcrumb\":{\"@id\":\"https:\/\/swimchannel.net\/br\/australia-vai-receber-o-mundial-de-piscina-curta-pela-primeira-vez\/#breadcrumb\"},\"inLanguage\":\"pt-BR\",\"potentialAction\":[{\"@type\":\"ReadAction\",\"target\":[\"https:\/\/swimchannel.net\/br\/australia-vai-receber-o-mundial-de-piscina-curta-pela-primeira-vez\/\"]}]},{\"@type\":\"ImageObject\",\"inLanguage\":\"pt-BR\",\"@id\":\"https:\/\/swimchannel.net\/br\/australia-vai-receber-o-mundial-de-piscina-curta-pela-primeira-vez\/#primaryimage\",\"url\":\"https:\/\/swimchannel.net\/br\/wp-content\/uploads\/2022\/05\/flags-2019-FINA-Champs-Indy-1433-1024x768-1.jpg\",\"contentUrl\":\"https:\/\/swimchannel.net\/br\/wp-content\/uploads\/2022\/05\/flags-2019-FINA-Champs-Indy-1433-1024x768-1.jpg\",\"width\":840,\"height\":630,\"caption\":\"FINA - Foto: Reprodu\u00e7\u00e3o\"},{\"@type\":\"BreadcrumbList\",\"@id\":\"https:\/\/swimchannel.net\/br\/australia-vai-receber-o-mundial-de-piscina-curta-pela-primeira-vez\/#breadcrumb\",\"itemListElement\":[{\"@type\":\"ListItem\",\"position\":1,\"name\":\"Home\",\"item\":\"https:\/\/swimchannel.net\/br\/\"},{\"@type\":\"ListItem\",\"position\":2,\"name\":\"Austr\u00e1lia vai receber o Mundial de Piscina Curta pela primeira vez\"}]},{\"@type\":\"WebSite\",\"@id\":\"https:\/\/swimchannel.net\/br\/#website\",\"url\":\"https:\/\/swimchannel.net\/br\/\",\"name\":\"Swimchannel\",\"description\":\"Maior portal de nata\u00e7\u00e3o da america latina\",\"publisher\":{\"@id\":\"https:\/\/swimchannel.net\/br\/#organization\"},\"potentialAction\":[{\"@type\":\"SearchAction\",\"target\":{\"@type\":\"EntryPoint\",\"urlTemplate\":\"https:\/\/swimchannel.net\/br\/?s={search_term_string}\"},\"query-input\":{\"@type\":\"PropertyValueSpecification\",\"valueRequired\":true,\"valueName\":\"search_term_string\"}}],\"inLanguage\":\"pt-BR\"},{\"@type\":\"Organization\",\"@id\":\"https:\/\/swimchannel.net\/br\/#organization\",\"name\":\"Swimchannel - Conectando voc\u00ea a Nata\u00e7\u00e3o\",\"url\":\"https:\/\/swimchannel.net\/br\/\",\"logo\":{\"@type\":\"ImageObject\",\"inLanguage\":\"pt-BR\",\"@id\":\"https:\/\/swimchannel.net\/br\/#\/schema\/logo\/image\/\",\"url\":\"https:\/\/swimchannel.net\/br\/wp-content\/uploads\/2026\/02\/SWIM-CHANNEL.png\",\"contentUrl\":\"https:\/\/swimchannel.net\/br\/wp-content\/uploads\/2026\/02\/SWIM-CHANNEL.png\",\"width\":1120,\"height\":630,\"caption\":\"Swimchannel - Conectando voc\u00ea a Nata\u00e7\u00e3o\"},\"image\":{\"@id\":\"https:\/\/swimchannel.net\/br\/#\/schema\/logo\/image\/\"},\"sameAs\":[\"https:\/\/www.facebook.com\/swimchannel\",\"https:\/\/www.instagram.com\/swimchannel\"]},{\"@type\":\"Person\",\"@id\":\"https:\/\/swimchannel.net\/br\/#\/schema\/person\/cf549cb99cf75592fcf7c76213385e63\",\"name\":\"Alex Pussieldi\",\"image\":{\"@type\":\"ImageObject\",\"inLanguage\":\"pt-BR\",\"@id\":\"https:\/\/swimchannel.net\/br\/#\/schema\/person\/image\/\",\"url\":\"https:\/\/swimchannel.net\/br\/wp-content\/uploads\/2021\/02\/9b1c252d-a4bd-4eda-b399-24565cac4114-100x100.jpg\",\"contentUrl\":\"https:\/\/swimchannel.net\/br\/wp-content\/uploads\/2021\/02\/9b1c252d-a4bd-4eda-b399-24565cac4114-100x100.jpg\",\"caption\":\"Alex Pussieldi\"},\"description\":\"Alexandre Pussieldi, apelidado de \u201ccoach\u201d, Foi t\u00e9cnico da sele\u00e7\u00e3o verde e amarela nas Olimp\u00edadas de Pequim-2008 e Londres-2012. O treinador ainda comandou outros quatro pa\u00edses: Kuwait, Paraguai, Aruba e Antilhas Holandesas, al\u00e9m da sele\u00e7\u00e3o americana de \u00e1guas abertas. Pussieldi tem passagens como comentarista de nata\u00e7\u00e3o do Grupo Globo e Swim Channel.\",\"url\":\"https:\/\/swimchannel.net\/br\/author\/alexpussieldi\/\"}]}<\/script>\n<!-- \/ Yoast SEO plugin. -->","yoast_head_json":{"title":"Austr\u00e1lia vai receber o Mundial de Piscina Curta pela primeira vez - Swimchannel","robots":{"index":"index","follow":"follow","max-snippet":"max-snippet:-1","max-image-preview":"max-image-preview:large","max-video-preview":"max-video-preview:-1"},"canonical":"https:\/\/swimchannel.net\/br\/australia-vai-receber-o-mundial-de-piscina-curta-pela-primeira-vez\/","og_locale":"pt_BR","og_type":"article","og_title":"Austr\u00e1lia vai receber o Mundial de Piscina Curta pela primeira vez - Swimchannel","og_description":"Melbourne foi a cidade australiana escolhida para sediar o evento","og_url":"https:\/\/swimchannel.net\/br\/australia-vai-receber-o-mundial-de-piscina-curta-pela-primeira-vez\/","og_site_name":"Swimchannel","article_publisher":"https:\/\/www.facebook.com\/swimchannel","article_published_time":"2022-05-19T21:49:30+00:00","article_modified_time":"2026-03-17T14:58:41+00:00","og_image":[{"width":840,"height":630,"url":"https:\/\/swimchannel.net\/br\/wp-content\/uploads\/2022\/05\/flags-2019-FINA-Champs-Indy-1433-1024x768-1.jpg","type":"image\/jpeg"}],"author":"Alex Pussieldi","twitter_card":"summary_large_image","twitter_misc":{"Escrito por":"Alex Pussieldi","Est. tempo de leitura":"2 minutos"},"schema":{"@context":"https:\/\/schema.org","@graph":[{"@type":"Article","@id":"https:\/\/swimchannel.net\/br\/australia-vai-receber-o-mundial-de-piscina-curta-pela-primeira-vez\/#article","isPartOf":{"@id":"https:\/\/swimchannel.net\/br\/australia-vai-receber-o-mundial-de-piscina-curta-pela-primeira-vez\/"},"author":{"name":"Alex Pussieldi","@id":"https:\/\/swimchannel.net\/br\/#\/schema\/person\/cf549cb99cf75592fcf7c76213385e63"},"headline":"Austr\u00e1lia vai receber o Mundial de Piscina Curta pela primeira vez","datePublished":"2022-05-19T21:49:30+00:00","dateModified":"2026-03-17T14:58:41+00:00","mainEntityOfPage":{"@id":"https:\/\/swimchannel.net\/br\/australia-vai-receber-o-mundial-de-piscina-curta-pela-primeira-vez\/"},"wordCount":218,"commentCount":0,"publisher":{"@id":"https:\/\/swimchannel.net\/br\/#organization"},"image":{"@id":"https:\/\/swimchannel.net\/br\/australia-vai-receber-o-mundial-de-piscina-curta-pela-primeira-vez\/#primaryimage"},"thumbnailUrl":"https:\/\/swimchannel.net\/br\/wp-content\/uploads\/2022\/05\/flags-2019-FINA-Champs-Indy-1433-1024x768-1.jpg","keywords":["Austr\u00e1lia","Fina","Mundial de piscina curta","natacao"],"articleSection":["Campeonato Mundial","Nata\u00e7\u00e3o"],"inLanguage":"pt-BR","potentialAction":[{"@type":"CommentAction","name":"Comment","target":["https:\/\/swimchannel.net\/br\/australia-vai-receber-o-mundial-de-piscina-curta-pela-primeira-vez\/#respond"]}]},{"@type":"WebPage","@id":"https:\/\/swimchannel.net\/br\/australia-vai-receber-o-mundial-de-piscina-curta-pela-primeira-vez\/","url":"https:\/\/swimchannel.net\/br\/australia-vai-receber-o-mundial-de-piscina-curta-pela-primeira-vez\/","name":"Austr\u00e1lia vai receber o Mundial de Piscina Curta pela primeira vez - Swimchannel","isPartOf":{"@id":"https:\/\/swimchannel.net\/br\/#website"},"primaryImageOfPage":{"@id":"https:\/\/swimchannel.net\/br\/australia-vai-receber-o-mundial-de-piscina-curta-pela-primeira-vez\/#primaryimage"},"image":{"@id":"https:\/\/swimchannel.net\/br\/australia-vai-receber-o-mundial-de-piscina-curta-pela-primeira-vez\/#primaryimage"},"thumbnailUrl":"https:\/\/swimchannel.net\/br\/wp-content\/uploads\/2022\/05\/flags-2019-FINA-Champs-Indy-1433-1024x768-1.jpg","datePublished":"2022-05-19T21:49:30+00:00","dateModified":"2026-03-17T14:58:41+00:00","breadcrumb":{"@id":"https:\/\/swimchannel.net\/br\/australia-vai-receber-o-mundial-de-piscina-curta-pela-primeira-vez\/#breadcrumb"},"inLanguage":"pt-BR","potentialAction":[{"@type":"ReadAction","target":["https:\/\/swimchannel.net\/br\/australia-vai-receber-o-mundial-de-piscina-curta-pela-primeira-vez\/"]}]},{"@type":"ImageObject","inLanguage":"pt-BR","@id":"https:\/\/swimchannel.net\/br\/australia-vai-receber-o-mundial-de-piscina-curta-pela-primeira-vez\/#primaryimage","url":"https:\/\/swimchannel.net\/br\/wp-content\/uploads\/2022\/05\/flags-2019-FINA-Champs-Indy-1433-1024x768-1.jpg","contentUrl":"https:\/\/swimchannel.net\/br\/wp-content\/uploads\/2022\/05\/flags-2019-FINA-Champs-Indy-1433-1024x768-1.jpg","width":840,"height":630,"caption":"FINA - Foto: Reprodu\u00e7\u00e3o"},{"@type":"BreadcrumbList","@id":"https:\/\/swimchannel.net\/br\/australia-vai-receber-o-mundial-de-piscina-curta-pela-primeira-vez\/#breadcrumb","itemListElement":[{"@type":"ListItem","position":1,"name":"Home","item":"https:\/\/swimchannel.net\/br\/"},{"@type":"ListItem","position":2,"name":"Austr\u00e1lia vai receber o Mundial de Piscina Curta pela primeira vez"}]},{"@type":"WebSite","@id":"https:\/\/swimchannel.net\/br\/#website","url":"https:\/\/swimchannel.net\/br\/","name":"Swimchannel","description":"Maior portal de nata\u00e7\u00e3o da america latina","publisher":{"@id":"https:\/\/swimchannel.net\/br\/#organization"},"potentialAction":[{"@type":"SearchAction","target":{"@type":"EntryPoint","urlTemplate":"https:\/\/swimchannel.net\/br\/?s={search_term_string}"},"query-input":{"@type":"PropertyValueSpecification","valueRequired":true,"valueName":"search_term_string"}}],"inLanguage":"pt-BR"},{"@type":"Organization","@id":"https:\/\/swimchannel.net\/br\/#organization","name":"Swimchannel - Conectando voc\u00ea a Nata\u00e7\u00e3o","url":"https:\/\/swimchannel.net\/br\/","logo":{"@type":"ImageObject","inLanguage":"pt-BR","@id":"https:\/\/swimchannel.net\/br\/#\/schema\/logo\/image\/","url":"https:\/\/swimchannel.net\/br\/wp-content\/uploads\/2026\/02\/SWIM-CHANNEL.png","contentUrl":"https:\/\/swimchannel.net\/br\/wp-content\/uploads\/2026\/02\/SWIM-CHANNEL.png","width":1120,"height":630,"caption":"Swimchannel - Conectando voc\u00ea a Nata\u00e7\u00e3o"},"image":{"@id":"https:\/\/swimchannel.net\/br\/#\/schema\/logo\/image\/"},"sameAs":["https:\/\/www.facebook.com\/swimchannel","https:\/\/www.instagram.com\/swimchannel"]},{"@type":"Person","@id":"https:\/\/swimchannel.net\/br\/#\/schema\/person\/cf549cb99cf75592fcf7c76213385e63","name":"Alex Pussieldi","image":{"@type":"ImageObject","inLanguage":"pt-BR","@id":"https:\/\/swimchannel.net\/br\/#\/schema\/person\/image\/","url":"https:\/\/swimchannel.net\/br\/wp-content\/uploads\/2021\/02\/9b1c252d-a4bd-4eda-b399-24565cac4114-100x100.jpg","contentUrl":"https:\/\/swimchannel.net\/br\/wp-content\/uploads\/2021\/02\/9b1c252d-a4bd-4eda-b399-24565cac4114-100x100.jpg","caption":"Alex Pussieldi"},"description":"Alexandre Pussieldi, apelidado de \u201ccoach\u201d, Foi t\u00e9cnico da sele\u00e7\u00e3o verde e amarela nas Olimp\u00edadas de Pequim-2008 e Londres-2012. O treinador ainda comandou outros quatro pa\u00edses: Kuwait, Paraguai, Aruba e Antilhas Holandesas, al\u00e9m da sele\u00e7\u00e3o americana de \u00e1guas abertas. Pussieldi tem passagens como comentarista de nata\u00e7\u00e3o do Grupo Globo e Swim Channel.","url":"https:\/\/swimchannel.net\/br\/author\/alexpussieldi\/"}]}},"_links":{"self":[{"href":"https:\/\/swimchannel.net\/br\/wp-json\/wp\/v2\/posts\/51053","targetHints":{"allow":["GET"]}}],"collection":[{"href":"https:\/\/swimchannel.net\/br\/wp-json\/wp\/v2\/posts"}],"about":[{"href":"https:\/\/swimchannel.net\/br\/wp-json\/wp\/v2\/types\/post"}],"author":[{"embeddable":true,"href":"https:\/\/swimchannel.net\/br\/wp-json\/wp\/v2\/users\/12"}],"replies":[{"embeddable":true,"href":"https:\/\/swimchannel.net\/br\/wp-json\/wp\/v2\/comments?post=51053"}],"version-history":[{"count":3,"href":"https:\/\/swimchannel.net\/br\/wp-json\/wp\/v2\/posts\/51053\/revisions"}],"predecessor-version":[{"id":51058,"href":"https:\/\/swimchannel.net\/br\/wp-json\/wp\/v2\/posts\/51053\/revisions\/51058"}],"wp:featuredmedia":[{"embeddable":true,"href":"https:\/\/swimchannel.net\/br\/wp-json\/wp\/v2\/media\/51055"}],"wp:attachment":[{"href":"https:\/\/swimchannel.net\/br\/wp-json\/wp\/v2\/media?parent=51053"}],"wp:term":[{"taxonomy":"category","embeddable":true,"href":"https:\/\/swimchannel.net\/br\/wp-json\/wp\/v2\/categories?post=51053"},{"taxonomy":"post_tag","embeddable":true,"href":"https:\/\/swimchannel.net\/br\/wp-json\/wp\/v2\/tags?post=51053"}],"curies":[{"name":"wp","href":"https:\/\/api.w.org\/{rel}","templated":true}]}}