{"id":51059,"date":"2022-05-20T11:34:39","date_gmt":"2022-05-20T14:34:39","guid":{"rendered":"https:\/\/swimchannel.net\/br\/?p=51059"},"modified":"2022-05-20T14:32:55","modified_gmt":"2022-05-20T17:32:55","slug":"ana-marcela-cunha-ouro-na-espanha-viviane-jungblut-prata-na-italia","status":"publish","type":"post","link":"https:\/\/swimchannel.net\/br\/ana-marcela-cunha-ouro-na-espanha-viviane-jungblut-prata-na-italia\/","title":{"rendered":"Ana Marcela Cunha ouro na Espanha, Viviane Jungblut prata na It\u00e1lia"},"content":{"rendered":"<p>Que sexta-feira de bons resultados para as \u00e1guas abertas feminino do Brasil faltando menos de um m\u00eas para o Campeonato Mundial dos Esportes Aqu\u00e1ticos, em Budapeste, na Hungria.<\/p>\n<p>Nossas duas principais nadadoras, em plena fase de treinamento, brilharam em dois importantes eventos na Europa. Ana Marcela Cunha iniciou seu giro de 55 dias de viagens internacionais ganhando a medalha de ouro no Campeonato Espanhol, em Banyoles, em prova que dominou desde o princ\u00edpio. Viviane Jungblut foi prata na It\u00e1lia, participou da terceira etapa da Copa LEN de \u00c1guas Abertas terminando em segundo lugar fechando seu ciclo de duas competi\u00e7\u00f5es preparat\u00f3rias antes de retornar ao pa\u00eds.<\/p>\n<figure id=\"attachment_51063\" aria-describedby=\"caption-attachment-51063\" style=\"width: 630px\" class=\"wp-caption alignnone\"><img loading=\"lazy\" decoding=\"async\" class=\"size-full wp-image-51063\" src=\"https:\/\/swimchannel.net\/br\/wp-content\/uploads\/2022\/05\/283147917_5182051865218493_5585668241520130968_n.jpg\" alt=\"\" width=\"630\" height=\"630\" srcset=\"https:\/\/swimchannel.net\/br\/wp-content\/uploads\/2022\/05\/283147917_5182051865218493_5585668241520130968_n.jpg 630w, https:\/\/swimchannel.net\/br\/wp-content\/uploads\/2022\/05\/283147917_5182051865218493_5585668241520130968_n-180x180.jpg 180w, https:\/\/swimchannel.net\/br\/wp-content\/uploads\/2022\/05\/283147917_5182051865218493_5585668241520130968_n-75x75.jpg 75w\" sizes=\"auto, (max-width: 630px) 100vw, 630px\" \/><figcaption id=\"caption-attachment-51063\" class=\"wp-caption-text\">P\u00f3dio do Campeonato Espanhol &#8211; Foto: Reprodu\u00e7\u00e3o<\/figcaption><\/figure>\n<p>Ana Marcela Cunha j\u00e1 tinha sido campe\u00e3 espanhola de \u00e1guas abertas, mas somente na prova dos 5 quil\u00f4metros. No ano passado, na prova dos 10 km, foi derrotada pela neerlandesa Sharon van Rouwendaal. E foi com ela que travou uma forte disputa decidida no final. A brasileira teve a lideran\u00e7a em todo o percurso e acabou sendo atacada na parte final da prova.<\/p>\n<p>Embora a diferen\u00e7a de Ana Marcela e Sharon van Rouwendaal tenha sido bem vis\u00edvel a cronometragem oficial apontou mesmo tempo para as duas nadadoras.<\/p>\n<p>Al\u00e9m de Ana Marcela e van Rouwendaal a forte sele\u00e7\u00e3o alem\u00e3 completa estava na prova incrementando o n\u00edvel da disputa. Amanh\u00e3, a brasileira volta a competir, nada a prova dos 5 quil\u00f4metros onde \u00e9 a atual campe\u00e3 nacional da Espanha.<\/p>\n<figure id=\"attachment_51064\" aria-describedby=\"caption-attachment-51064\" style=\"width: 720px\" class=\"wp-caption aligncenter\"><img loading=\"lazy\" decoding=\"async\" class=\"size-full wp-image-51064\" src=\"https:\/\/swimchannel.net\/br\/wp-content\/uploads\/2022\/05\/280543703_5603304743021769_1887025825489686587_n.jpg\" alt=\"\" width=\"720\" height=\"405\" srcset=\"https:\/\/swimchannel.net\/br\/wp-content\/uploads\/2022\/05\/280543703_5603304743021769_1887025825489686587_n.jpg 720w, https:\/\/swimchannel.net\/br\/wp-content\/uploads\/2022\/05\/280543703_5603304743021769_1887025825489686587_n-320x180.jpg 320w\" sizes=\"auto, (max-width: 720px) 100vw, 720px\" \/><figcaption id=\"caption-attachment-51064\" class=\"wp-caption-text\">P\u00f3dio da Copa LEN de \u00c1guas Abertas<\/figcaption><\/figure>\n<p>Enquanto isso, a pouco mais de 800 quil\u00f4metros de Banyoles, Viviane Jungblut ficou em segundo lugar nos 10 quil\u00f4metros da Copa LEN de \u00c1guas Abertas em Alghero, na regi\u00e3o da Sardenha, na It\u00e1lia. Foi a terceira etapa do Circuito Europeu onde ela j\u00e1 havia nadado na semana passada em Piombino, tamb\u00e9m na It\u00e1lia.<\/p>\n<p>Desta vez, Viviane n\u00e3o perdeu o pelot\u00e3o final como havia acontecido na parte final da prova da semana anterior e teve uma disputa acirrada decidida no toque. A vit\u00f3ria ficou com a h\u00fangara Mira Szimcs\u00e1k de 18 anos, um d\u00e9cimo a frente de Viviane, e dois d\u00e9cimos a frente da italiana Rahelle Bruni, terceira colocada.<\/p>\n<p>Os resultados de Banyoles e Alghero tamb\u00e9m foram grandes performances para os treinadores Fernando Possenti e Kiko Klaser pelos seus atletas internacionais. Alberto Martinez foi o 10o colocado da prova, mas o melhor espanhol, em prova que vale a sua confirma\u00e7\u00e3o de classifica\u00e7\u00e3o para o Mundial. Enquanto pela segunda semana consecutiva, Rachele Bruni \u00e9 a melhor italiana na disputa da Copa LEN, outra classifica\u00e7\u00e3o confirmada para Budapeste.<\/p>\n","protected":false},"excerpt":{"rendered":"<p>Que sexta-feira de bons resultados para as \u00e1guas abertas feminino do Brasil faltando menos de um m\u00eas para o Campeonato Mundial dos Esportes Aqu\u00e1ticos, em Budapeste, na Hungria. Nossas duas principais nadadoras, em plena fase de treinamento, brilharam em dois importantes eventos na Europa. Ana Marcela Cunha iniciou seu giro de 55 dias de viagens [&hellip;]<\/p>\n","protected":false},"author":12,"featured_media":20449,"comment_status":"open","ping_status":"open","sticky":false,"template":"","format":"gallery","meta":{"footnotes":""},"categories":[115],"tags":[14,47,716,5,543],"class_list":["post-51059","post","type-post","status-publish","format-gallery","has-post-thumbnail","hentry","category-aguas-abertas","tag-aguas-abertas","tag-ana-marcela-cunha","tag-copa-len","tag-natacao","tag-viviane-jungblut","post_format-post-format-gallery"],"yoast_head":"<!-- This site is optimized with the Yoast SEO plugin v27.0 - https:\/\/yoast.com\/product\/yoast-seo-wordpress\/ -->\n<title>Ana Marcela Cunha ouro na Espanha, Viviane Jungblut prata na It\u00e1lia - Swimchannel<\/title>\n<meta name=\"robots\" content=\"index, follow, max-snippet:-1, max-image-preview:large, max-video-preview:-1\" \/>\n<link rel=\"canonical\" href=\"https:\/\/swimchannel.net\/br\/ana-marcela-cunha-ouro-na-espanha-viviane-jungblut-prata-na-italia\/\" \/>\n<meta property=\"og:locale\" content=\"pt_BR\" \/>\n<meta property=\"og:type\" content=\"article\" \/>\n<meta property=\"og:title\" content=\"Ana Marcela Cunha ouro na Espanha, Viviane Jungblut prata na It\u00e1lia - Swimchannel\" \/>\n<meta property=\"og:description\" content=\"Que sexta-feira de bons resultados para as \u00e1guas abertas feminino do Brasil faltando menos de um m\u00eas para o Campeonato Mundial dos Esportes Aqu\u00e1ticos, em Budapeste, na Hungria. Nossas duas principais nadadoras, em plena fase de treinamento, brilharam em dois importantes eventos na Europa. Ana Marcela Cunha iniciou seu giro de 55 dias de viagens [&hellip;]\" \/>\n<meta property=\"og:url\" content=\"https:\/\/swimchannel.net\/br\/ana-marcela-cunha-ouro-na-espanha-viviane-jungblut-prata-na-italia\/\" \/>\n<meta property=\"og:site_name\" content=\"Swimchannel\" \/>\n<meta property=\"article:publisher\" content=\"https:\/\/www.facebook.com\/swimchannel\" \/>\n<meta property=\"article:published_time\" content=\"2022-05-20T14:34:39+00:00\" \/>\n<meta property=\"article:modified_time\" content=\"2022-05-20T17:32:55+00:00\" \/>\n<meta property=\"og:image\" content=\"https:\/\/swimchannel.net\/br\/wp-content\/uploads\/2019\/10\/ana-marcela-1.jpg\" \/>\n\t<meta property=\"og:image:width\" content=\"1600\" \/>\n\t<meta property=\"og:image:height\" content=\"1066\" \/>\n\t<meta property=\"og:image:type\" content=\"image\/jpeg\" \/>\n<meta name=\"author\" content=\"Alex Pussieldi\" \/>\n<meta name=\"twitter:card\" content=\"summary_large_image\" \/>\n<meta name=\"twitter:label1\" content=\"Escrito por\" \/>\n\t<meta name=\"twitter:data1\" content=\"Alex Pussieldi\" \/>\n\t<meta name=\"twitter:label2\" content=\"Est. tempo de leitura\" \/>\n\t<meta name=\"twitter:data2\" content=\"2 minutos\" \/>\n<script type=\"application\/ld+json\" class=\"yoast-schema-graph\">{\"@context\":\"https:\/\/schema.org\",\"@graph\":[{\"@type\":\"Article\",\"@id\":\"https:\/\/swimchannel.net\/br\/ana-marcela-cunha-ouro-na-espanha-viviane-jungblut-prata-na-italia\/#article\",\"isPartOf\":{\"@id\":\"https:\/\/swimchannel.net\/br\/ana-marcela-cunha-ouro-na-espanha-viviane-jungblut-prata-na-italia\/\"},\"author\":{\"name\":\"Alex Pussieldi\",\"@id\":\"https:\/\/swimchannel.net\/br\/#\/schema\/person\/cf549cb99cf75592fcf7c76213385e63\"},\"headline\":\"Ana Marcela Cunha ouro na Espanha, Viviane Jungblut prata na It\u00e1lia\",\"datePublished\":\"2022-05-20T14:34:39+00:00\",\"dateModified\":\"2022-05-20T17:32:55+00:00\",\"mainEntityOfPage\":{\"@id\":\"https:\/\/swimchannel.net\/br\/ana-marcela-cunha-ouro-na-espanha-viviane-jungblut-prata-na-italia\/\"},\"wordCount\":473,\"commentCount\":0,\"publisher\":{\"@id\":\"https:\/\/swimchannel.net\/br\/#organization\"},\"image\":{\"@id\":\"https:\/\/swimchannel.net\/br\/ana-marcela-cunha-ouro-na-espanha-viviane-jungblut-prata-na-italia\/#primaryimage\"},\"thumbnailUrl\":\"https:\/\/swimchannel.net\/br\/wp-content\/uploads\/2019\/10\/ana-marcela-1.jpg\",\"keywords\":[\"\u00c1guas abertas\",\"Ana Marcela Cunha\",\"Copa LEN\",\"natacao\",\"Viviane Jungblut\"],\"articleSection\":[\"\u00c1guas Abertas\"],\"inLanguage\":\"pt-BR\",\"potentialAction\":[{\"@type\":\"CommentAction\",\"name\":\"Comment\",\"target\":[\"https:\/\/swimchannel.net\/br\/ana-marcela-cunha-ouro-na-espanha-viviane-jungblut-prata-na-italia\/#respond\"]}]},{\"@type\":\"WebPage\",\"@id\":\"https:\/\/swimchannel.net\/br\/ana-marcela-cunha-ouro-na-espanha-viviane-jungblut-prata-na-italia\/\",\"url\":\"https:\/\/swimchannel.net\/br\/ana-marcela-cunha-ouro-na-espanha-viviane-jungblut-prata-na-italia\/\",\"name\":\"Ana Marcela Cunha ouro na Espanha, Viviane Jungblut prata na It\u00e1lia - Swimchannel\",\"isPartOf\":{\"@id\":\"https:\/\/swimchannel.net\/br\/#website\"},\"primaryImageOfPage\":{\"@id\":\"https:\/\/swimchannel.net\/br\/ana-marcela-cunha-ouro-na-espanha-viviane-jungblut-prata-na-italia\/#primaryimage\"},\"image\":{\"@id\":\"https:\/\/swimchannel.net\/br\/ana-marcela-cunha-ouro-na-espanha-viviane-jungblut-prata-na-italia\/#primaryimage\"},\"thumbnailUrl\":\"https:\/\/swimchannel.net\/br\/wp-content\/uploads\/2019\/10\/ana-marcela-1.jpg\",\"datePublished\":\"2022-05-20T14:34:39+00:00\",\"dateModified\":\"2022-05-20T17:32:55+00:00\",\"breadcrumb\":{\"@id\":\"https:\/\/swimchannel.net\/br\/ana-marcela-cunha-ouro-na-espanha-viviane-jungblut-prata-na-italia\/#breadcrumb\"},\"inLanguage\":\"pt-BR\",\"potentialAction\":[{\"@type\":\"ReadAction\",\"target\":[\"https:\/\/swimchannel.net\/br\/ana-marcela-cunha-ouro-na-espanha-viviane-jungblut-prata-na-italia\/\"]}]},{\"@type\":\"ImageObject\",\"inLanguage\":\"pt-BR\",\"@id\":\"https:\/\/swimchannel.net\/br\/ana-marcela-cunha-ouro-na-espanha-viviane-jungblut-prata-na-italia\/#primaryimage\",\"url\":\"https:\/\/swimchannel.net\/br\/wp-content\/uploads\/2019\/10\/ana-marcela-1.jpg\",\"contentUrl\":\"https:\/\/swimchannel.net\/br\/wp-content\/uploads\/2019\/10\/ana-marcela-1.jpg\",\"width\":1600,\"height\":1066,\"caption\":\"Ana Marcela Cunha gosta de \u00e1guas mais mexidas - Foto: Satiro Sodr\u00e9\/SSPress\"},{\"@type\":\"BreadcrumbList\",\"@id\":\"https:\/\/swimchannel.net\/br\/ana-marcela-cunha-ouro-na-espanha-viviane-jungblut-prata-na-italia\/#breadcrumb\",\"itemListElement\":[{\"@type\":\"ListItem\",\"position\":1,\"name\":\"Home\",\"item\":\"https:\/\/swimchannel.net\/br\/\"},{\"@type\":\"ListItem\",\"position\":2,\"name\":\"Ana Marcela Cunha ouro na Espanha, Viviane Jungblut prata na It\u00e1lia\"}]},{\"@type\":\"WebSite\",\"@id\":\"https:\/\/swimchannel.net\/br\/#website\",\"url\":\"https:\/\/swimchannel.net\/br\/\",\"name\":\"Swimchannel\",\"description\":\"Maior portal de nata\u00e7\u00e3o da america latina\",\"publisher\":{\"@id\":\"https:\/\/swimchannel.net\/br\/#organization\"},\"potentialAction\":[{\"@type\":\"SearchAction\",\"target\":{\"@type\":\"EntryPoint\",\"urlTemplate\":\"https:\/\/swimchannel.net\/br\/?s={search_term_string}\"},\"query-input\":{\"@type\":\"PropertyValueSpecification\",\"valueRequired\":true,\"valueName\":\"search_term_string\"}}],\"inLanguage\":\"pt-BR\"},{\"@type\":\"Organization\",\"@id\":\"https:\/\/swimchannel.net\/br\/#organization\",\"name\":\"Swimchannel - Conectando voc\u00ea a Nata\u00e7\u00e3o\",\"url\":\"https:\/\/swimchannel.net\/br\/\",\"logo\":{\"@type\":\"ImageObject\",\"inLanguage\":\"pt-BR\",\"@id\":\"https:\/\/swimchannel.net\/br\/#\/schema\/logo\/image\/\",\"url\":\"https:\/\/swimchannel.net\/br\/wp-content\/uploads\/2026\/02\/SWIM-CHANNEL.png\",\"contentUrl\":\"https:\/\/swimchannel.net\/br\/wp-content\/uploads\/2026\/02\/SWIM-CHANNEL.png\",\"width\":1120,\"height\":630,\"caption\":\"Swimchannel - Conectando voc\u00ea a Nata\u00e7\u00e3o\"},\"image\":{\"@id\":\"https:\/\/swimchannel.net\/br\/#\/schema\/logo\/image\/\"},\"sameAs\":[\"https:\/\/www.facebook.com\/swimchannel\",\"https:\/\/www.instagram.com\/swimchannel\"]},{\"@type\":\"Person\",\"@id\":\"https:\/\/swimchannel.net\/br\/#\/schema\/person\/cf549cb99cf75592fcf7c76213385e63\",\"name\":\"Alex Pussieldi\",\"image\":{\"@type\":\"ImageObject\",\"inLanguage\":\"pt-BR\",\"@id\":\"https:\/\/swimchannel.net\/br\/#\/schema\/person\/image\/\",\"url\":\"https:\/\/swimchannel.net\/br\/wp-content\/uploads\/2021\/02\/9b1c252d-a4bd-4eda-b399-24565cac4114-100x100.jpg\",\"contentUrl\":\"https:\/\/swimchannel.net\/br\/wp-content\/uploads\/2021\/02\/9b1c252d-a4bd-4eda-b399-24565cac4114-100x100.jpg\",\"caption\":\"Alex Pussieldi\"},\"description\":\"Alexandre Pussieldi, apelidado de \u201ccoach\u201d, Foi t\u00e9cnico da sele\u00e7\u00e3o verde e amarela nas Olimp\u00edadas de Pequim-2008 e Londres-2012. O treinador ainda comandou outros quatro pa\u00edses: Kuwait, Paraguai, Aruba e Antilhas Holandesas, al\u00e9m da sele\u00e7\u00e3o americana de \u00e1guas abertas. Pussieldi tem passagens como comentarista de nata\u00e7\u00e3o do Grupo Globo e Swim Channel.\",\"url\":\"https:\/\/swimchannel.net\/br\/author\/alexpussieldi\/\"}]}<\/script>\n<!-- \/ Yoast SEO plugin. -->","yoast_head_json":{"title":"Ana Marcela Cunha ouro na Espanha, Viviane Jungblut prata na It\u00e1lia - Swimchannel","robots":{"index":"index","follow":"follow","max-snippet":"max-snippet:-1","max-image-preview":"max-image-preview:large","max-video-preview":"max-video-preview:-1"},"canonical":"https:\/\/swimchannel.net\/br\/ana-marcela-cunha-ouro-na-espanha-viviane-jungblut-prata-na-italia\/","og_locale":"pt_BR","og_type":"article","og_title":"Ana Marcela Cunha ouro na Espanha, Viviane Jungblut prata na It\u00e1lia - Swimchannel","og_description":"Que sexta-feira de bons resultados para as \u00e1guas abertas feminino do Brasil faltando menos de um m\u00eas para o Campeonato Mundial dos Esportes Aqu\u00e1ticos, em Budapeste, na Hungria. Nossas duas principais nadadoras, em plena fase de treinamento, brilharam em dois importantes eventos na Europa. Ana Marcela Cunha iniciou seu giro de 55 dias de viagens [&hellip;]","og_url":"https:\/\/swimchannel.net\/br\/ana-marcela-cunha-ouro-na-espanha-viviane-jungblut-prata-na-italia\/","og_site_name":"Swimchannel","article_publisher":"https:\/\/www.facebook.com\/swimchannel","article_published_time":"2022-05-20T14:34:39+00:00","article_modified_time":"2022-05-20T17:32:55+00:00","og_image":[{"width":1600,"height":1066,"url":"https:\/\/swimchannel.net\/br\/wp-content\/uploads\/2019\/10\/ana-marcela-1.jpg","type":"image\/jpeg"}],"author":"Alex Pussieldi","twitter_card":"summary_large_image","twitter_misc":{"Escrito por":"Alex Pussieldi","Est. tempo de leitura":"2 minutos"},"schema":{"@context":"https:\/\/schema.org","@graph":[{"@type":"Article","@id":"https:\/\/swimchannel.net\/br\/ana-marcela-cunha-ouro-na-espanha-viviane-jungblut-prata-na-italia\/#article","isPartOf":{"@id":"https:\/\/swimchannel.net\/br\/ana-marcela-cunha-ouro-na-espanha-viviane-jungblut-prata-na-italia\/"},"author":{"name":"Alex Pussieldi","@id":"https:\/\/swimchannel.net\/br\/#\/schema\/person\/cf549cb99cf75592fcf7c76213385e63"},"headline":"Ana Marcela Cunha ouro na Espanha, Viviane Jungblut prata na It\u00e1lia","datePublished":"2022-05-20T14:34:39+00:00","dateModified":"2022-05-20T17:32:55+00:00","mainEntityOfPage":{"@id":"https:\/\/swimchannel.net\/br\/ana-marcela-cunha-ouro-na-espanha-viviane-jungblut-prata-na-italia\/"},"wordCount":473,"commentCount":0,"publisher":{"@id":"https:\/\/swimchannel.net\/br\/#organization"},"image":{"@id":"https:\/\/swimchannel.net\/br\/ana-marcela-cunha-ouro-na-espanha-viviane-jungblut-prata-na-italia\/#primaryimage"},"thumbnailUrl":"https:\/\/swimchannel.net\/br\/wp-content\/uploads\/2019\/10\/ana-marcela-1.jpg","keywords":["\u00c1guas abertas","Ana Marcela Cunha","Copa LEN","natacao","Viviane Jungblut"],"articleSection":["\u00c1guas Abertas"],"inLanguage":"pt-BR","potentialAction":[{"@type":"CommentAction","name":"Comment","target":["https:\/\/swimchannel.net\/br\/ana-marcela-cunha-ouro-na-espanha-viviane-jungblut-prata-na-italia\/#respond"]}]},{"@type":"WebPage","@id":"https:\/\/swimchannel.net\/br\/ana-marcela-cunha-ouro-na-espanha-viviane-jungblut-prata-na-italia\/","url":"https:\/\/swimchannel.net\/br\/ana-marcela-cunha-ouro-na-espanha-viviane-jungblut-prata-na-italia\/","name":"Ana Marcela Cunha ouro na Espanha, Viviane Jungblut prata na It\u00e1lia - Swimchannel","isPartOf":{"@id":"https:\/\/swimchannel.net\/br\/#website"},"primaryImageOfPage":{"@id":"https:\/\/swimchannel.net\/br\/ana-marcela-cunha-ouro-na-espanha-viviane-jungblut-prata-na-italia\/#primaryimage"},"image":{"@id":"https:\/\/swimchannel.net\/br\/ana-marcela-cunha-ouro-na-espanha-viviane-jungblut-prata-na-italia\/#primaryimage"},"thumbnailUrl":"https:\/\/swimchannel.net\/br\/wp-content\/uploads\/2019\/10\/ana-marcela-1.jpg","datePublished":"2022-05-20T14:34:39+00:00","dateModified":"2022-05-20T17:32:55+00:00","breadcrumb":{"@id":"https:\/\/swimchannel.net\/br\/ana-marcela-cunha-ouro-na-espanha-viviane-jungblut-prata-na-italia\/#breadcrumb"},"inLanguage":"pt-BR","potentialAction":[{"@type":"ReadAction","target":["https:\/\/swimchannel.net\/br\/ana-marcela-cunha-ouro-na-espanha-viviane-jungblut-prata-na-italia\/"]}]},{"@type":"ImageObject","inLanguage":"pt-BR","@id":"https:\/\/swimchannel.net\/br\/ana-marcela-cunha-ouro-na-espanha-viviane-jungblut-prata-na-italia\/#primaryimage","url":"https:\/\/swimchannel.net\/br\/wp-content\/uploads\/2019\/10\/ana-marcela-1.jpg","contentUrl":"https:\/\/swimchannel.net\/br\/wp-content\/uploads\/2019\/10\/ana-marcela-1.jpg","width":1600,"height":1066,"caption":"Ana Marcela Cunha gosta de \u00e1guas mais mexidas - Foto: Satiro Sodr\u00e9\/SSPress"},{"@type":"BreadcrumbList","@id":"https:\/\/swimchannel.net\/br\/ana-marcela-cunha-ouro-na-espanha-viviane-jungblut-prata-na-italia\/#breadcrumb","itemListElement":[{"@type":"ListItem","position":1,"name":"Home","item":"https:\/\/swimchannel.net\/br\/"},{"@type":"ListItem","position":2,"name":"Ana Marcela Cunha ouro na Espanha, Viviane Jungblut prata na It\u00e1lia"}]},{"@type":"WebSite","@id":"https:\/\/swimchannel.net\/br\/#website","url":"https:\/\/swimchannel.net\/br\/","name":"Swimchannel","description":"Maior portal de nata\u00e7\u00e3o da america latina","publisher":{"@id":"https:\/\/swimchannel.net\/br\/#organization"},"potentialAction":[{"@type":"SearchAction","target":{"@type":"EntryPoint","urlTemplate":"https:\/\/swimchannel.net\/br\/?s={search_term_string}"},"query-input":{"@type":"PropertyValueSpecification","valueRequired":true,"valueName":"search_term_string"}}],"inLanguage":"pt-BR"},{"@type":"Organization","@id":"https:\/\/swimchannel.net\/br\/#organization","name":"Swimchannel - Conectando voc\u00ea a Nata\u00e7\u00e3o","url":"https:\/\/swimchannel.net\/br\/","logo":{"@type":"ImageObject","inLanguage":"pt-BR","@id":"https:\/\/swimchannel.net\/br\/#\/schema\/logo\/image\/","url":"https:\/\/swimchannel.net\/br\/wp-content\/uploads\/2026\/02\/SWIM-CHANNEL.png","contentUrl":"https:\/\/swimchannel.net\/br\/wp-content\/uploads\/2026\/02\/SWIM-CHANNEL.png","width":1120,"height":630,"caption":"Swimchannel - Conectando voc\u00ea a Nata\u00e7\u00e3o"},"image":{"@id":"https:\/\/swimchannel.net\/br\/#\/schema\/logo\/image\/"},"sameAs":["https:\/\/www.facebook.com\/swimchannel","https:\/\/www.instagram.com\/swimchannel"]},{"@type":"Person","@id":"https:\/\/swimchannel.net\/br\/#\/schema\/person\/cf549cb99cf75592fcf7c76213385e63","name":"Alex Pussieldi","image":{"@type":"ImageObject","inLanguage":"pt-BR","@id":"https:\/\/swimchannel.net\/br\/#\/schema\/person\/image\/","url":"https:\/\/swimchannel.net\/br\/wp-content\/uploads\/2021\/02\/9b1c252d-a4bd-4eda-b399-24565cac4114-100x100.jpg","contentUrl":"https:\/\/swimchannel.net\/br\/wp-content\/uploads\/2021\/02\/9b1c252d-a4bd-4eda-b399-24565cac4114-100x100.jpg","caption":"Alex Pussieldi"},"description":"Alexandre Pussieldi, apelidado de \u201ccoach\u201d, Foi t\u00e9cnico da sele\u00e7\u00e3o verde e amarela nas Olimp\u00edadas de Pequim-2008 e Londres-2012. O treinador ainda comandou outros quatro pa\u00edses: Kuwait, Paraguai, Aruba e Antilhas Holandesas, al\u00e9m da sele\u00e7\u00e3o americana de \u00e1guas abertas. Pussieldi tem passagens como comentarista de nata\u00e7\u00e3o do Grupo Globo e Swim Channel.","url":"https:\/\/swimchannel.net\/br\/author\/alexpussieldi\/"}]}},"_links":{"self":[{"href":"https:\/\/swimchannel.net\/br\/wp-json\/wp\/v2\/posts\/51059","targetHints":{"allow":["GET"]}}],"collection":[{"href":"https:\/\/swimchannel.net\/br\/wp-json\/wp\/v2\/posts"}],"about":[{"href":"https:\/\/swimchannel.net\/br\/wp-json\/wp\/v2\/types\/post"}],"author":[{"embeddable":true,"href":"https:\/\/swimchannel.net\/br\/wp-json\/wp\/v2\/users\/12"}],"replies":[{"embeddable":true,"href":"https:\/\/swimchannel.net\/br\/wp-json\/wp\/v2\/comments?post=51059"}],"version-history":[{"count":3,"href":"https:\/\/swimchannel.net\/br\/wp-json\/wp\/v2\/posts\/51059\/revisions"}],"predecessor-version":[{"id":51073,"href":"https:\/\/swimchannel.net\/br\/wp-json\/wp\/v2\/posts\/51059\/revisions\/51073"}],"wp:featuredmedia":[{"embeddable":true,"href":"https:\/\/swimchannel.net\/br\/wp-json\/wp\/v2\/media\/20449"}],"wp:attachment":[{"href":"https:\/\/swimchannel.net\/br\/wp-json\/wp\/v2\/media?parent=51059"}],"wp:term":[{"taxonomy":"category","embeddable":true,"href":"https:\/\/swimchannel.net\/br\/wp-json\/wp\/v2\/categories?post=51059"},{"taxonomy":"post_tag","embeddable":true,"href":"https:\/\/swimchannel.net\/br\/wp-json\/wp\/v2\/tags?post=51059"}],"curies":[{"name":"wp","href":"https:\/\/api.w.org\/{rel}","templated":true}]}}