{"id":51090,"date":"2022-05-21T14:14:40","date_gmt":"2022-05-21T17:14:40","guid":{"rendered":"https:\/\/swimchannel.net\/br\/?p=51090"},"modified":"2022-05-21T17:17:49","modified_gmt":"2022-05-21T20:17:49","slug":"portugal-com-16-atletas-no-mundial-10-em-artistica","status":"publish","type":"post","link":"https:\/\/swimchannel.net\/br\/portugal-com-16-atletas-no-mundial-10-em-artistica\/","title":{"rendered":"Portugal com 16 atletas no Mundial, 10 em nata\u00e7\u00e3o art\u00edstica"},"content":{"rendered":"<p>Portugal estar\u00e1 representado por 16 atletas no pr\u00f3ximo Campeonato do Mundo FINA (18 de junho a tr\u00eas de julho), sendo a nata\u00e7\u00e3o de piscina a menos representada entre as tr\u00eas disciplinas aqu\u00e1ticas, com destaque para a nata\u00e7\u00e3o art\u00edstica, com 10 atletas.<\/p>\n<p>Dos cinco atletas que obtiveram tempos m\u00ednimos nesta \u00e9poca para o 19\u00ba Mundial nenhum optou por estar na competi\u00e7\u00e3o na capital h\u00fangara, Budapeste: Tamila Holub (SC Braga), Diogo Ribeiro e Miguel Nascimento (SL Benfica\/CAR), Jo\u00e3o Costa (V. Guimar\u00e3es), e Gabriel Lopes (Louzan) preferiram concentrar for\u00e7as no Europeu de Roma (11 a 17 de agosto) que, na minha opini\u00e3o, ser\u00e1 dos mais fortes para a nata\u00e7\u00e3o portuguesa nos \u00faltimos anos.<\/p>\n<p>Confirmam-se, assim, as aus\u00eancias da dupla do Centro de Alto Rendimento e do Benfica, Diogo Ribeiro e Miguel Nascimento (tal como hav\u00edamos informado dia 8 de abril na <strong>SWIM CHANNEL<\/strong>), mantendo Alberto Silva a sua posi\u00e7\u00e3o de considerar n\u00e3o ser aconselh\u00e1vel ao fant\u00e1stico j\u00fanior de Coimbra a presen\u00e7a em tantas competi\u00e7\u00f5es (ver \u201c<a href=\"https:\/\/swimchannel.net\/br\/diogo-ribeiro-nao-ira-ao-europeu-junior-e-ao-mundial\/\">Diogo Ribeiro n\u00e3o ir\u00e1 ao Europeu J\u00fanior e ao Mundial<\/a>\u201d).<\/p>\n<figure id=\"attachment_51096\" aria-describedby=\"caption-attachment-51096\" style=\"width: 595px\" class=\"wp-caption alignnone\"><img loading=\"lazy\" decoding=\"async\" class=\"size-full wp-image-51096\" src=\"https:\/\/swimchannel.net\/br\/wp-content\/uploads\/2022\/05\/jose.jpg\" alt=\"\" width=\"595\" height=\"395\" srcset=\"https:\/\/swimchannel.net\/br\/wp-content\/uploads\/2022\/05\/jose.jpg 595w, https:\/\/swimchannel.net\/br\/wp-content\/uploads\/2022\/05\/jose-271x180.jpg 271w\" sizes=\"auto, (max-width: 595px) 100vw, 595px\" \/><figcaption id=\"caption-attachment-51096\" class=\"wp-caption-text\">Jos\u00e9 Paulo Lopes &#8211; Foto: Reprodu\u00e7\u00e3o<\/figcaption><\/figure>\n<p>Assim, s\u00f3 os ol\u00edmpicos Diana Dur\u00e3es (SL Benfica) e Jos\u00e9 Paulo Lopes (SC Braga) \u2013 com m\u00ednimos da \u00e9poca anterior, obtidos nos Jogos Ol\u00edmpicos de T\u00f3quio &#8211; nadar\u00e3o na famosa Duna Arena entre 18 e 25 de junho, local que j\u00e1 recebeu o Mundial de 2017; a atleta de Ricardo Santos nadar\u00e1 os 1500m livres, e o pupilo de Lu\u00eds Cameira os 400m e 800m livres.<\/p>\n<p>Para este t\u00e9cnico duas vezes ol\u00edmpico, a op\u00e7\u00e3o foi simples: \u201copt\u00e1mos por participar com o Z\u00e9 no Mundial em primeiro lugar porque tem m\u00ednimos; depois porque ele supera-se sempre em grandes competi\u00e7\u00f5es, e achamos que esta seria a ideal para ele voltar a superar-se, pelo elevad\u00edssimo n\u00edvel que ter\u00e1 em Budapeste\u201d, disse-me.<br \/>\nDiana Dur\u00e3es segue da segunda etapa do circuito Mare Nostrum em Barcelona (Espanha) para um est\u00e1gio de altitude na Serra Nevada (sul de Espanha), onde estar\u00e1 com o seu treinador Ricardo Santos de 27 de maio a 16 de junho.<\/p>\n<p>&nbsp;<\/p>\n<figure id=\"attachment_51094\" aria-describedby=\"caption-attachment-51094\" style=\"width: 590px\" class=\"wp-caption alignnone\"><img loading=\"lazy\" decoding=\"async\" class=\"size-full wp-image-51094\" src=\"https:\/\/swimchannel.net\/br\/wp-content\/uploads\/2022\/05\/open.jpg\" alt=\"\" width=\"590\" height=\"594\" srcset=\"https:\/\/swimchannel.net\/br\/wp-content\/uploads\/2022\/05\/open.jpg 590w, https:\/\/swimchannel.net\/br\/wp-content\/uploads\/2022\/05\/open-179x180.jpg 179w, https:\/\/swimchannel.net\/br\/wp-content\/uploads\/2022\/05\/open-75x75.jpg 75w\" sizes=\"auto, (max-width: 590px) 100vw, 590px\" \/><figcaption id=\"caption-attachment-51094\" class=\"wp-caption-text\">Beatriz Gon\u00e7alves e Cheila Vieira &#8211; Foto: Reprodu\u00e7\u00e3o<\/figcaption><\/figure>\n<p><strong>Art\u00edstica faz hist\u00f3ria<\/strong><\/p>\n<p>Mas a \u2018estrela\u2019 da sele\u00e7\u00e3o de Portugal ser\u00e1 a equipa de nata\u00e7\u00e3o art\u00edstica, que competir\u00e1 pela primeira vez num Mundial com uma equipa t\u00e9cnica, composta por dez atletas, cinco das quais da GES Loures.<br \/>\nS\u00e3o elas:<\/p>\n<p>Maria Beatriz Gon\u00e7alves, Cheila Morais Vieira, Ana B\u00e1rbara Costa, Carlota Sena Fonseca, e Marta Amaral Moreira (GES Loures), Beatriz Cruz Gama e Filipa Abreu Faria (Ovar Sincro), Francisca Rosa Damman (Portinado &#8211; Portim\u00e3o), In\u00eas Maria Dubini (C. Fluvial Portuense), e Mariana Nogueira Ganh\u00e3o (AMINATA &#8211; \u00c9vora).<\/p>\n<p>Al\u00e9m da equipa, tamb\u00e9m o \u2013 cada vez mais experiente \u2013 dueto luso marca presen\u00e7a. Para Beatriz Gon\u00e7alves e Cheila Vieira o Mundial n\u00e3o \u00e9 novidade, depois de marcarem presen\u00e7a na Coreia em 2019.<\/p>\n<figure id=\"attachment_51095\" aria-describedby=\"caption-attachment-51095\" style=\"width: 597px\" class=\"wp-caption alignnone\"><img loading=\"lazy\" decoding=\"async\" class=\"size-full wp-image-51095\" src=\"https:\/\/swimchannel.net\/br\/wp-content\/uploads\/2022\/05\/nado2.jpg\" alt=\"\" width=\"597\" height=\"395\" srcset=\"https:\/\/swimchannel.net\/br\/wp-content\/uploads\/2022\/05\/nado2.jpg 597w, https:\/\/swimchannel.net\/br\/wp-content\/uploads\/2022\/05\/nado2-272x180.jpg 272w\" sizes=\"auto, (max-width: 597px) 100vw, 597px\" \/><figcaption id=\"caption-attachment-51095\" class=\"wp-caption-text\">Beatriz Gon\u00e7alves e Cheila Vieira &#8211; Foto: Reprodu\u00e7\u00e3o<\/figcaption><\/figure>\n<p>\u00c0 <strong>SWIM CHANNEL<\/strong> a selecionadora nacional Sylvia Hernandez declarou que \u201co objetivo no Mundial para a equipa \u00e9 atingir os 75.000 pontos, e fazer bem [a sua atua\u00e7\u00e3o]\u201d, sabendo-se que este \u00e9 um marco hist\u00f3rico para a modalidade, que tem crescido bastante nos \u00faltimos anos.<\/p>\n<p>Em dueto (onde Portugal esteve presente pela primeira vez em 2015) os objetivos da dupla Beatriz\/Cheila s\u00e3o \u201cficar na primeira metade da tabela\u201d, diz-me a treinadora espanhola, o que pode n\u00e3o parecer mas \u00e9 ambicioso, dada a enorme qualidade das equipas advers\u00e1rias.<\/p>\n<p>A art\u00edstica atuar\u00e1 no Complexo Aqu\u00e1tico Alfred Hajos, entre 18 e 25 de junho.<\/p>\n<p>&nbsp;<\/p>\n<figure id=\"attachment_51097\" aria-describedby=\"caption-attachment-51097\" style=\"width: 860px\" class=\"wp-caption alignnone\"><img loading=\"lazy\" decoding=\"async\" class=\"size-full wp-image-51097\" src=\"https:\/\/swimchannel.net\/br\/wp-content\/uploads\/2022\/05\/fee3c5d4cd718acd674844f5c0bcf85e.webp\" alt=\"\" width=\"860\" height=\"471\" srcset=\"https:\/\/swimchannel.net\/br\/wp-content\/uploads\/2022\/05\/fee3c5d4cd718acd674844f5c0bcf85e.webp 860w, https:\/\/swimchannel.net\/br\/wp-content\/uploads\/2022\/05\/fee3c5d4cd718acd674844f5c0bcf85e-320x175.webp 320w, https:\/\/swimchannel.net\/br\/wp-content\/uploads\/2022\/05\/fee3c5d4cd718acd674844f5c0bcf85e-768x421.webp 768w, https:\/\/swimchannel.net\/br\/wp-content\/uploads\/2022\/05\/fee3c5d4cd718acd674844f5c0bcf85e-750x411.webp 750w\" sizes=\"auto, (max-width: 860px) 100vw, 860px\" \/><figcaption id=\"caption-attachment-51097\" class=\"wp-caption-text\">Angelica Andr\u00e9 &#8211; Foto: Reprodu\u00e7\u00e3o<\/figcaption><\/figure>\n<p><strong>Quarteto de n\u00edvel em \u00e1guas abertas<\/strong><\/p>\n<p>Em \u00e1guas abertas Portugal apresentar\u00e1 o seu mais forte quarteto, com os ol\u00edmpicos Ang\u00e9lica Andr\u00e9 (FC Porto) e Tiago Campos (CN Rio Maior), a campe\u00e3 europeia j\u00fanior Mafalda Rosa (tamb\u00e9m de Rio Maior), e o jovem em ascens\u00e3o Diogo Cardoso (Sporting CP). Os dois primeiros sagraram-se este s\u00e1bado campe\u00f5es nacionais de \u00e1guas abertas aos 7,5 km em Avis, com os vice-campe\u00f5es a serem exatamente Mafalda e Diogo.<\/p>\n<p>As \u00e1guas abertas decorrem, como habitual, no Lago Lupa em Budapeste, e as provas disputam-se nos dias 26, 27, 29 e 30 de junho.<\/p>\n","protected":false},"excerpt":{"rendered":"<p>A modalidade \u00e9 a mais numerosa, seguida das \u00e1guas abertas (4 atletas) e a nata\u00e7\u00e3o pura com Diana Dur\u00e3es e Jos\u00e9 P. Lopes<\/p>\n","protected":false},"author":174,"featured_media":42109,"comment_status":"open","ping_status":"open","sticky":false,"template":"","format":"gallery","meta":{"footnotes":""},"categories":[4188],"tags":[4357,4785,4577,44,4786,628,4666,4187,4667,5,627,4358],"class_list":["post-51090","post","type-post","status-publish","format-gallery","has-post-thumbnail","hentry","category-natacao-portuguesa","tag-angelica-andre","tag-beatriz-goncalves","tag-budapeste-2022","tag-campeonato-mundial","tag-cheila-vieira","tag-diana-duraes","tag-diogo-cardoso","tag-jose-paulo-lopes","tag-mafalda-rosa","tag-natacao","tag-natacao-portuguesa","tag-tiago-campos","post_format-post-format-gallery"],"yoast_head":"<!-- This site is optimized with the Yoast SEO plugin v27.0 - https:\/\/yoast.com\/product\/yoast-seo-wordpress\/ -->\n<title>Portugal com 16 atletas no Mundial, 10 em nata\u00e7\u00e3o art\u00edstica - Swimchannel<\/title>\n<meta name=\"robots\" content=\"index, follow, max-snippet:-1, max-image-preview:large, max-video-preview:-1\" \/>\n<link rel=\"canonical\" href=\"https:\/\/swimchannel.net\/br\/portugal-com-16-atletas-no-mundial-10-em-artistica\/\" \/>\n<meta property=\"og:locale\" content=\"pt_BR\" \/>\n<meta property=\"og:type\" content=\"article\" \/>\n<meta property=\"og:title\" content=\"Portugal com 16 atletas no Mundial, 10 em nata\u00e7\u00e3o art\u00edstica - Swimchannel\" \/>\n<meta property=\"og:description\" content=\"A modalidade \u00e9 a mais numerosa, seguida das \u00e1guas abertas (4 atletas) e a nata\u00e7\u00e3o pura com Diana Dur\u00e3es e Jos\u00e9 P. Lopes\" \/>\n<meta property=\"og:url\" content=\"https:\/\/swimchannel.net\/br\/portugal-com-16-atletas-no-mundial-10-em-artistica\/\" \/>\n<meta property=\"og:site_name\" content=\"Swimchannel\" \/>\n<meta property=\"article:publisher\" content=\"https:\/\/www.facebook.com\/swimchannel\" \/>\n<meta property=\"article:published_time\" content=\"2022-05-21T17:14:40+00:00\" \/>\n<meta property=\"article:modified_time\" content=\"2022-05-21T20:17:49+00:00\" \/>\n<meta property=\"og:image\" content=\"https:\/\/swimchannel.net\/br\/wp-content\/uploads\/2021\/05\/Jose-Paulo-Lopes10.jpg\" \/>\n\t<meta property=\"og:image:width\" content=\"1200\" \/>\n\t<meta property=\"og:image:height\" content=\"675\" \/>\n\t<meta property=\"og:image:type\" content=\"image\/jpeg\" \/>\n<meta name=\"author\" content=\"Nuno Albuquerque\" \/>\n<meta name=\"twitter:card\" content=\"summary_large_image\" \/>\n<meta name=\"twitter:label1\" content=\"Escrito por\" \/>\n\t<meta name=\"twitter:data1\" content=\"Nuno Albuquerque\" \/>\n\t<meta name=\"twitter:label2\" content=\"Est. tempo de leitura\" \/>\n\t<meta name=\"twitter:data2\" content=\"4 minutos\" \/>\n<script type=\"application\/ld+json\" class=\"yoast-schema-graph\">{\"@context\":\"https:\/\/schema.org\",\"@graph\":[{\"@type\":\"Article\",\"@id\":\"https:\/\/swimchannel.net\/br\/portugal-com-16-atletas-no-mundial-10-em-artistica\/#article\",\"isPartOf\":{\"@id\":\"https:\/\/swimchannel.net\/br\/portugal-com-16-atletas-no-mundial-10-em-artistica\/\"},\"author\":{\"name\":\"Nuno Albuquerque\",\"@id\":\"https:\/\/swimchannel.net\/br\/#\/schema\/person\/96742bc4be7f63afabd531ac47a43eba\"},\"headline\":\"Portugal com 16 atletas no Mundial, 10 em nata\u00e7\u00e3o art\u00edstica\",\"datePublished\":\"2022-05-21T17:14:40+00:00\",\"dateModified\":\"2022-05-21T20:17:49+00:00\",\"mainEntityOfPage\":{\"@id\":\"https:\/\/swimchannel.net\/br\/portugal-com-16-atletas-no-mundial-10-em-artistica\/\"},\"wordCount\":769,\"commentCount\":0,\"publisher\":{\"@id\":\"https:\/\/swimchannel.net\/br\/#organization\"},\"image\":{\"@id\":\"https:\/\/swimchannel.net\/br\/portugal-com-16-atletas-no-mundial-10-em-artistica\/#primaryimage\"},\"thumbnailUrl\":\"https:\/\/swimchannel.net\/br\/wp-content\/uploads\/2021\/05\/Jose-Paulo-Lopes10.jpg\",\"keywords\":[\"Angelica Andr\u00e9\",\"Beatriz Gon\u00e7alves\",\"Budapeste-2022\",\"Campeonato Mundial\",\"Cheila Vieira\",\"Diana Dur\u00e3es\",\"Diogo Cardoso\",\"Jos\u00e9 Paulo Lopes\",\"Mafalda Rosa\",\"natacao\",\"nata\u00e7\u00e3o portuguesa\",\"Tiago campos\"],\"articleSection\":[\"Nata\u00e7\u00e3o Portuguesa\"],\"inLanguage\":\"pt-BR\",\"potentialAction\":[{\"@type\":\"CommentAction\",\"name\":\"Comment\",\"target\":[\"https:\/\/swimchannel.net\/br\/portugal-com-16-atletas-no-mundial-10-em-artistica\/#respond\"]}]},{\"@type\":\"WebPage\",\"@id\":\"https:\/\/swimchannel.net\/br\/portugal-com-16-atletas-no-mundial-10-em-artistica\/\",\"url\":\"https:\/\/swimchannel.net\/br\/portugal-com-16-atletas-no-mundial-10-em-artistica\/\",\"name\":\"Portugal com 16 atletas no Mundial, 10 em nata\u00e7\u00e3o art\u00edstica - Swimchannel\",\"isPartOf\":{\"@id\":\"https:\/\/swimchannel.net\/br\/#website\"},\"primaryImageOfPage\":{\"@id\":\"https:\/\/swimchannel.net\/br\/portugal-com-16-atletas-no-mundial-10-em-artistica\/#primaryimage\"},\"image\":{\"@id\":\"https:\/\/swimchannel.net\/br\/portugal-com-16-atletas-no-mundial-10-em-artistica\/#primaryimage\"},\"thumbnailUrl\":\"https:\/\/swimchannel.net\/br\/wp-content\/uploads\/2021\/05\/Jose-Paulo-Lopes10.jpg\",\"datePublished\":\"2022-05-21T17:14:40+00:00\",\"dateModified\":\"2022-05-21T20:17:49+00:00\",\"breadcrumb\":{\"@id\":\"https:\/\/swimchannel.net\/br\/portugal-com-16-atletas-no-mundial-10-em-artistica\/#breadcrumb\"},\"inLanguage\":\"pt-BR\",\"potentialAction\":[{\"@type\":\"ReadAction\",\"target\":[\"https:\/\/swimchannel.net\/br\/portugal-com-16-atletas-no-mundial-10-em-artistica\/\"]}]},{\"@type\":\"ImageObject\",\"inLanguage\":\"pt-BR\",\"@id\":\"https:\/\/swimchannel.net\/br\/portugal-com-16-atletas-no-mundial-10-em-artistica\/#primaryimage\",\"url\":\"https:\/\/swimchannel.net\/br\/wp-content\/uploads\/2021\/05\/Jose-Paulo-Lopes10.jpg\",\"contentUrl\":\"https:\/\/swimchannel.net\/br\/wp-content\/uploads\/2021\/05\/Jose-Paulo-Lopes10.jpg\",\"width\":1200,\"height\":675,\"caption\":\"Jos\u00e9 Paulo Lopes - Foto: Reprodu\u00e7\u00e3o\"},{\"@type\":\"BreadcrumbList\",\"@id\":\"https:\/\/swimchannel.net\/br\/portugal-com-16-atletas-no-mundial-10-em-artistica\/#breadcrumb\",\"itemListElement\":[{\"@type\":\"ListItem\",\"position\":1,\"name\":\"Home\",\"item\":\"https:\/\/swimchannel.net\/br\/\"},{\"@type\":\"ListItem\",\"position\":2,\"name\":\"Portugal com 16 atletas no Mundial, 10 em nata\u00e7\u00e3o art\u00edstica\"}]},{\"@type\":\"WebSite\",\"@id\":\"https:\/\/swimchannel.net\/br\/#website\",\"url\":\"https:\/\/swimchannel.net\/br\/\",\"name\":\"Swimchannel\",\"description\":\"Maior portal de nata\u00e7\u00e3o da america latina\",\"publisher\":{\"@id\":\"https:\/\/swimchannel.net\/br\/#organization\"},\"potentialAction\":[{\"@type\":\"SearchAction\",\"target\":{\"@type\":\"EntryPoint\",\"urlTemplate\":\"https:\/\/swimchannel.net\/br\/?s={search_term_string}\"},\"query-input\":{\"@type\":\"PropertyValueSpecification\",\"valueRequired\":true,\"valueName\":\"search_term_string\"}}],\"inLanguage\":\"pt-BR\"},{\"@type\":\"Organization\",\"@id\":\"https:\/\/swimchannel.net\/br\/#organization\",\"name\":\"Swimchannel - Conectando voc\u00ea a Nata\u00e7\u00e3o\",\"url\":\"https:\/\/swimchannel.net\/br\/\",\"logo\":{\"@type\":\"ImageObject\",\"inLanguage\":\"pt-BR\",\"@id\":\"https:\/\/swimchannel.net\/br\/#\/schema\/logo\/image\/\",\"url\":\"https:\/\/swimchannel.net\/br\/wp-content\/uploads\/2026\/02\/SWIM-CHANNEL.png\",\"contentUrl\":\"https:\/\/swimchannel.net\/br\/wp-content\/uploads\/2026\/02\/SWIM-CHANNEL.png\",\"width\":1120,\"height\":630,\"caption\":\"Swimchannel - Conectando voc\u00ea a Nata\u00e7\u00e3o\"},\"image\":{\"@id\":\"https:\/\/swimchannel.net\/br\/#\/schema\/logo\/image\/\"},\"sameAs\":[\"https:\/\/www.facebook.com\/swimchannel\",\"https:\/\/www.instagram.com\/swimchannel\"]},{\"@type\":\"Person\",\"@id\":\"https:\/\/swimchannel.net\/br\/#\/schema\/person\/96742bc4be7f63afabd531ac47a43eba\",\"name\":\"Nuno Albuquerque\",\"image\":{\"@type\":\"ImageObject\",\"inLanguage\":\"pt-BR\",\"@id\":\"https:\/\/swimchannel.net\/br\/#\/schema\/person\/image\/\",\"url\":\"https:\/\/swimchannel.net\/br\/wp-content\/uploads\/2021\/10\/175265239_284626789786752_3471159347588969871_n-100x100.jpg\",\"contentUrl\":\"https:\/\/swimchannel.net\/br\/wp-content\/uploads\/2021\/10\/175265239_284626789786752_3471159347588969871_n-100x100.jpg\",\"caption\":\"Nuno Albuquerque\"},\"description\":\"Jornalista e t\u00e9cnico de nata\u00e7\u00e3o, trabalha na modalidade h\u00e1 muitos anos. Desde o Campeonato Mundial da FINA de 1986 na cidade de Madri, Nuno j\u00e1 era rep\u00f3rter para um dos principais jornais de Portugal.\",\"url\":\"https:\/\/swimchannel.net\/br\/author\/nunoalbuquerque\/\"}]}<\/script>\n<!-- \/ Yoast SEO plugin. -->","yoast_head_json":{"title":"Portugal com 16 atletas no Mundial, 10 em nata\u00e7\u00e3o art\u00edstica - Swimchannel","robots":{"index":"index","follow":"follow","max-snippet":"max-snippet:-1","max-image-preview":"max-image-preview:large","max-video-preview":"max-video-preview:-1"},"canonical":"https:\/\/swimchannel.net\/br\/portugal-com-16-atletas-no-mundial-10-em-artistica\/","og_locale":"pt_BR","og_type":"article","og_title":"Portugal com 16 atletas no Mundial, 10 em nata\u00e7\u00e3o art\u00edstica - Swimchannel","og_description":"A modalidade \u00e9 a mais numerosa, seguida das \u00e1guas abertas (4 atletas) e a nata\u00e7\u00e3o pura com Diana Dur\u00e3es e Jos\u00e9 P. Lopes","og_url":"https:\/\/swimchannel.net\/br\/portugal-com-16-atletas-no-mundial-10-em-artistica\/","og_site_name":"Swimchannel","article_publisher":"https:\/\/www.facebook.com\/swimchannel","article_published_time":"2022-05-21T17:14:40+00:00","article_modified_time":"2022-05-21T20:17:49+00:00","og_image":[{"width":1200,"height":675,"url":"https:\/\/swimchannel.net\/br\/wp-content\/uploads\/2021\/05\/Jose-Paulo-Lopes10.jpg","type":"image\/jpeg"}],"author":"Nuno Albuquerque","twitter_card":"summary_large_image","twitter_misc":{"Escrito por":"Nuno Albuquerque","Est. tempo de leitura":"4 minutos"},"schema":{"@context":"https:\/\/schema.org","@graph":[{"@type":"Article","@id":"https:\/\/swimchannel.net\/br\/portugal-com-16-atletas-no-mundial-10-em-artistica\/#article","isPartOf":{"@id":"https:\/\/swimchannel.net\/br\/portugal-com-16-atletas-no-mundial-10-em-artistica\/"},"author":{"name":"Nuno Albuquerque","@id":"https:\/\/swimchannel.net\/br\/#\/schema\/person\/96742bc4be7f63afabd531ac47a43eba"},"headline":"Portugal com 16 atletas no Mundial, 10 em nata\u00e7\u00e3o art\u00edstica","datePublished":"2022-05-21T17:14:40+00:00","dateModified":"2022-05-21T20:17:49+00:00","mainEntityOfPage":{"@id":"https:\/\/swimchannel.net\/br\/portugal-com-16-atletas-no-mundial-10-em-artistica\/"},"wordCount":769,"commentCount":0,"publisher":{"@id":"https:\/\/swimchannel.net\/br\/#organization"},"image":{"@id":"https:\/\/swimchannel.net\/br\/portugal-com-16-atletas-no-mundial-10-em-artistica\/#primaryimage"},"thumbnailUrl":"https:\/\/swimchannel.net\/br\/wp-content\/uploads\/2021\/05\/Jose-Paulo-Lopes10.jpg","keywords":["Angelica Andr\u00e9","Beatriz Gon\u00e7alves","Budapeste-2022","Campeonato Mundial","Cheila Vieira","Diana Dur\u00e3es","Diogo Cardoso","Jos\u00e9 Paulo Lopes","Mafalda Rosa","natacao","nata\u00e7\u00e3o portuguesa","Tiago campos"],"articleSection":["Nata\u00e7\u00e3o Portuguesa"],"inLanguage":"pt-BR","potentialAction":[{"@type":"CommentAction","name":"Comment","target":["https:\/\/swimchannel.net\/br\/portugal-com-16-atletas-no-mundial-10-em-artistica\/#respond"]}]},{"@type":"WebPage","@id":"https:\/\/swimchannel.net\/br\/portugal-com-16-atletas-no-mundial-10-em-artistica\/","url":"https:\/\/swimchannel.net\/br\/portugal-com-16-atletas-no-mundial-10-em-artistica\/","name":"Portugal com 16 atletas no Mundial, 10 em nata\u00e7\u00e3o art\u00edstica - Swimchannel","isPartOf":{"@id":"https:\/\/swimchannel.net\/br\/#website"},"primaryImageOfPage":{"@id":"https:\/\/swimchannel.net\/br\/portugal-com-16-atletas-no-mundial-10-em-artistica\/#primaryimage"},"image":{"@id":"https:\/\/swimchannel.net\/br\/portugal-com-16-atletas-no-mundial-10-em-artistica\/#primaryimage"},"thumbnailUrl":"https:\/\/swimchannel.net\/br\/wp-content\/uploads\/2021\/05\/Jose-Paulo-Lopes10.jpg","datePublished":"2022-05-21T17:14:40+00:00","dateModified":"2022-05-21T20:17:49+00:00","breadcrumb":{"@id":"https:\/\/swimchannel.net\/br\/portugal-com-16-atletas-no-mundial-10-em-artistica\/#breadcrumb"},"inLanguage":"pt-BR","potentialAction":[{"@type":"ReadAction","target":["https:\/\/swimchannel.net\/br\/portugal-com-16-atletas-no-mundial-10-em-artistica\/"]}]},{"@type":"ImageObject","inLanguage":"pt-BR","@id":"https:\/\/swimchannel.net\/br\/portugal-com-16-atletas-no-mundial-10-em-artistica\/#primaryimage","url":"https:\/\/swimchannel.net\/br\/wp-content\/uploads\/2021\/05\/Jose-Paulo-Lopes10.jpg","contentUrl":"https:\/\/swimchannel.net\/br\/wp-content\/uploads\/2021\/05\/Jose-Paulo-Lopes10.jpg","width":1200,"height":675,"caption":"Jos\u00e9 Paulo Lopes - Foto: Reprodu\u00e7\u00e3o"},{"@type":"BreadcrumbList","@id":"https:\/\/swimchannel.net\/br\/portugal-com-16-atletas-no-mundial-10-em-artistica\/#breadcrumb","itemListElement":[{"@type":"ListItem","position":1,"name":"Home","item":"https:\/\/swimchannel.net\/br\/"},{"@type":"ListItem","position":2,"name":"Portugal com 16 atletas no Mundial, 10 em nata\u00e7\u00e3o art\u00edstica"}]},{"@type":"WebSite","@id":"https:\/\/swimchannel.net\/br\/#website","url":"https:\/\/swimchannel.net\/br\/","name":"Swimchannel","description":"Maior portal de nata\u00e7\u00e3o da america latina","publisher":{"@id":"https:\/\/swimchannel.net\/br\/#organization"},"potentialAction":[{"@type":"SearchAction","target":{"@type":"EntryPoint","urlTemplate":"https:\/\/swimchannel.net\/br\/?s={search_term_string}"},"query-input":{"@type":"PropertyValueSpecification","valueRequired":true,"valueName":"search_term_string"}}],"inLanguage":"pt-BR"},{"@type":"Organization","@id":"https:\/\/swimchannel.net\/br\/#organization","name":"Swimchannel - Conectando voc\u00ea a Nata\u00e7\u00e3o","url":"https:\/\/swimchannel.net\/br\/","logo":{"@type":"ImageObject","inLanguage":"pt-BR","@id":"https:\/\/swimchannel.net\/br\/#\/schema\/logo\/image\/","url":"https:\/\/swimchannel.net\/br\/wp-content\/uploads\/2026\/02\/SWIM-CHANNEL.png","contentUrl":"https:\/\/swimchannel.net\/br\/wp-content\/uploads\/2026\/02\/SWIM-CHANNEL.png","width":1120,"height":630,"caption":"Swimchannel - Conectando voc\u00ea a Nata\u00e7\u00e3o"},"image":{"@id":"https:\/\/swimchannel.net\/br\/#\/schema\/logo\/image\/"},"sameAs":["https:\/\/www.facebook.com\/swimchannel","https:\/\/www.instagram.com\/swimchannel"]},{"@type":"Person","@id":"https:\/\/swimchannel.net\/br\/#\/schema\/person\/96742bc4be7f63afabd531ac47a43eba","name":"Nuno Albuquerque","image":{"@type":"ImageObject","inLanguage":"pt-BR","@id":"https:\/\/swimchannel.net\/br\/#\/schema\/person\/image\/","url":"https:\/\/swimchannel.net\/br\/wp-content\/uploads\/2021\/10\/175265239_284626789786752_3471159347588969871_n-100x100.jpg","contentUrl":"https:\/\/swimchannel.net\/br\/wp-content\/uploads\/2021\/10\/175265239_284626789786752_3471159347588969871_n-100x100.jpg","caption":"Nuno Albuquerque"},"description":"Jornalista e t\u00e9cnico de nata\u00e7\u00e3o, trabalha na modalidade h\u00e1 muitos anos. Desde o Campeonato Mundial da FINA de 1986 na cidade de Madri, Nuno j\u00e1 era rep\u00f3rter para um dos principais jornais de Portugal.","url":"https:\/\/swimchannel.net\/br\/author\/nunoalbuquerque\/"}]}},"_links":{"self":[{"href":"https:\/\/swimchannel.net\/br\/wp-json\/wp\/v2\/posts\/51090","targetHints":{"allow":["GET"]}}],"collection":[{"href":"https:\/\/swimchannel.net\/br\/wp-json\/wp\/v2\/posts"}],"about":[{"href":"https:\/\/swimchannel.net\/br\/wp-json\/wp\/v2\/types\/post"}],"author":[{"embeddable":true,"href":"https:\/\/swimchannel.net\/br\/wp-json\/wp\/v2\/users\/174"}],"replies":[{"embeddable":true,"href":"https:\/\/swimchannel.net\/br\/wp-json\/wp\/v2\/comments?post=51090"}],"version-history":[{"count":5,"href":"https:\/\/swimchannel.net\/br\/wp-json\/wp\/v2\/posts\/51090\/revisions"}],"predecessor-version":[{"id":51107,"href":"https:\/\/swimchannel.net\/br\/wp-json\/wp\/v2\/posts\/51090\/revisions\/51107"}],"wp:featuredmedia":[{"embeddable":true,"href":"https:\/\/swimchannel.net\/br\/wp-json\/wp\/v2\/media\/42109"}],"wp:attachment":[{"href":"https:\/\/swimchannel.net\/br\/wp-json\/wp\/v2\/media?parent=51090"}],"wp:term":[{"taxonomy":"category","embeddable":true,"href":"https:\/\/swimchannel.net\/br\/wp-json\/wp\/v2\/categories?post=51090"},{"taxonomy":"post_tag","embeddable":true,"href":"https:\/\/swimchannel.net\/br\/wp-json\/wp\/v2\/tags?post=51090"}],"curies":[{"name":"wp","href":"https:\/\/api.w.org\/{rel}","templated":true}]}}