{"id":51330,"date":"2022-06-04T20:21:12","date_gmt":"2022-06-04T23:21:12","guid":{"rendered":"https:\/\/swimchannel.net\/br\/?p=51330"},"modified":"2022-06-06T01:44:57","modified_gmt":"2022-06-06T04:44:57","slug":"mafalda-rosa-repete-podio-e-e-bronze-no-europeu-junior-aos-10k","status":"publish","type":"post","link":"https:\/\/swimchannel.net\/br\/mafalda-rosa-repete-podio-e-e-bronze-no-europeu-junior-aos-10k\/","title":{"rendered":"Mafalda Rosa repete p\u00f3dio e \u00e9 bronze no Europeu J\u00fanior aos 10k"},"content":{"rendered":"<p>Dois Europeus, duas medalhas!<\/p>\n<p>\u00c9 este o esp\u00f3lio da menina de Rio Maior, cada vez \u2018mais mulher\u2019 e a ter em conta internacionalmente.<\/p>\n<p>Hoje, em Set\u00fabal, era muito dif\u00edcil a Mafalda Rosa repetir o t\u00edtulo de 24 de julho do ano passado em Paris (Fran\u00e7a), quando conquistou a primeira medalha para Portugal em Europeus Juniores, j\u00e1 que a francesa Madelon Catteau queria, exatamente, a \u2018revanche\u2019 de 2021, quando em casa foi apenas terceira classificada.<\/p>\n<p>Enorme, mais de 1,80m, Madelon tinha ainda dois bronzes na edi\u00e7\u00e3o de 2019, embora j\u00e1 seja campe\u00e3 mundial j\u00fanior, em Israel 2018\u2026Desta vez foi ouro num Europeu em 1:55.07, sendo este o terceiro ouro para\u2026o terceiro atleta de Fran\u00e7a, que trouxe a Set\u00fabal apenas quatro representantes. Um excelente trabalho do experiente t\u00e9cnico, e coordenador das equipas de \u00e1guas abertas da Federa\u00e7\u00e3o Francesa, Stephane Lecat.<\/p>\n<p>Perante condi\u00e7\u00f5es duras desta vertente da nata\u00e7\u00e3o, verdadeiramente radical (muito vento e ondula\u00e7\u00e3o, correntes fortes), Mafalda integrou sempre o quarteto que liderou, para a centenas de metros a francesa arrancar e chegar com 32 segundos de avan\u00e7o sobre as outras medalhadas.<\/p>\n<p>Mafalda ainda esteve no segundo lugar algum tempo, mas a h\u00fangara Mira Szimcsake acabou por a apanhar com uma excelente ponta final, tocando na placa escasso seis cent\u00e9simos de segundo antes da atleta de Nuno Ricardo.<\/p>\n<figure style=\"width: 2048px\" class=\"wp-caption alignnone\"><img loading=\"lazy\" decoding=\"async\" src=\"https:\/\/scontent.flis11-2.fna.fbcdn.net\/v\/t39.30808-6\/286203362_2852933128185478_8910198276308226926_n.jpg?_nc_cat=111&amp;ccb=1-7&amp;_nc_sid=730e14&amp;_nc_eui2=AeGIlIVAVSWxdJjTE9oCGAtVUQj8dq8ICCxRCPx2rwgILK1ne2dBqHPHIa1BhqIWvh4&amp;_nc_ohc=cf-091GfUZQAX_NDBWY&amp;_nc_ht=scontent.flis11-2.fna&amp;oh=00_AT8rm84AKuoNXBv4XSYdJ9UJOgzUIITwLrQmtLCI0uNsXA&amp;oe=629FDCB5\" alt=\"Pode ser uma imagem de 1 pessoa, massa de \u00e1gua e texto que diz &quot;arena&quot;\" width=\"2048\" height=\"1339\" \/><figcaption class=\"wp-caption-text\">Mafalda vai agora para est\u00e1gio em altitude antes do Mundial (Foto: FPN\/LFN)<\/figcaption><\/figure>\n<p><strong>Mafalda quer o top 15 no Mundial<\/strong><\/p>\n<p>Swim Channel esteve em Set\u00fabal e ouviu a dupla medalhada em Europeus dizer que ficou \u00a0\u201csatisfeita, pois foi um excelente resultado em casa, com a fam\u00edlia e amigos a apoiar; claro que fica aquele sabor agridoce, mas sei que dei o meu m\u00e1ximo e lutei at\u00e9 ao fim\u201d.<\/p>\n<p>Mafalda ir\u00e1 juntar-se durante a pr\u00f3xima semana aos tr\u00eas colegas que j\u00e1 est\u00e3o no est\u00e1gio em altitude em Serra Nevada (Espanha) \u2013 Tiago Campos, Ang\u00e9lica Andr\u00e9 e Diogo Cardoso \u2013 tendo depois o Mundial de Budapeste, dentro de tr\u00eas semanas, como grande objetivo: \u201cvou tentar ficar no top 15 nos 10 km, para forma a poder integrar o projeto ol\u00edmpico, para depois me poder ajudar na prepara\u00e7\u00e3o para os Jogos Ol\u00edmpicos\u201d de Paris 2024, disse a talentosa nadadora.<\/p>\n<p>De uma a quatro de setembro tem ainda o importante 4\u00ba Mundial J\u00fanior de \u00c1guas Abertas, nas paradis\u00edacas Ilhas Seychelles, para o qual foi apurada por se ter classificado em Set\u00fabal entre as cinco primeiras classificadas.<\/p>\n<p>A nata\u00e7\u00e3o portuguesa ganhou definitivamente nos \u00faltimos meses dois dos melhores juniores mundiais nas suas provas: Mafalda Rosa e, claro, Diogo Ribeiro em piscina.<\/p>\n<figure id=\"attachment_51334\" aria-describedby=\"caption-attachment-51334\" style=\"width: 749px\" class=\"wp-caption alignnone\"><img loading=\"lazy\" decoding=\"async\" class=\" wp-image-51334\" src=\"https:\/\/swimchannel.net\/br\/wp-content\/uploads\/2022\/06\/285919659_339504834949743_8640533626873835232_n.jpg\" alt=\"\" width=\"749\" height=\"635\" srcset=\"https:\/\/swimchannel.net\/br\/wp-content\/uploads\/2022\/06\/285919659_339504834949743_8640533626873835232_n.jpg 566w, https:\/\/swimchannel.net\/br\/wp-content\/uploads\/2022\/06\/285919659_339504834949743_8640533626873835232_n-212x180.jpg 212w\" sizes=\"auto, (max-width: 749px) 100vw, 749px\" \/><figcaption id=\"caption-attachment-51334\" class=\"wp-caption-text\">H\u00fangaro vencedor, ladeado por italianos (Foto: FPN\/LFN)<\/figcaption><\/figure>\n<p>Na prova em masculinos, David Betlehem repetiu o ouro de 2021, vencendo os 10 km em 1:44.15, chegando primeiro que a dupla italiana Pasquale Giordano (+2.16 minutos) e Giuuseppe Ilario (+2.17 min.).<\/p>\n<p>Os portugueses Gustavo Marques e Martim Carvalho foram 13\u00ba e 20\u00ba lugar respetivamente, destacando-se a boa prova de Gustavo perante advers\u00e1rios fort\u00edssimos.<\/p>\n<p>No domingo disputam-se as estafetas mistas de 4x1250m, que encerram este Europeu J\u00fanior, com a participa\u00e7\u00e3o de Portugal.<\/p>\n","protected":false},"excerpt":{"rendered":"<p>Em Set\u00fabal a jovem de Rio Maior deu mais uma medalha para Portugal em Europeus de \u00e1guas abertas, e no Mundial de Budapeste quer pelo menos o top 15<\/p>\n","protected":false},"author":174,"featured_media":51331,"comment_status":"open","ping_status":"open","sticky":false,"template":"","format":"gallery","meta":{"footnotes":""},"categories":[4188],"tags":[4801,4800,4667,4802],"class_list":["post-51330","post","type-post","status-publish","format-gallery","has-post-thumbnail","hentry","category-natacao-portuguesa","tag-aguas-abertas-portugal","tag-europeu-junior-de-setubal","tag-mafalda-rosa","tag-nuno-ricardo","post_format-post-format-gallery"],"yoast_head":"<!-- This site is optimized with the Yoast SEO plugin v27.0 - https:\/\/yoast.com\/product\/yoast-seo-wordpress\/ -->\n<title>Mafalda Rosa repete p\u00f3dio e \u00e9 bronze no Europeu J\u00fanior aos 10k - Swimchannel<\/title>\n<meta name=\"robots\" content=\"index, follow, max-snippet:-1, max-image-preview:large, max-video-preview:-1\" \/>\n<link rel=\"canonical\" href=\"https:\/\/swimchannel.net\/br\/mafalda-rosa-repete-podio-e-e-bronze-no-europeu-junior-aos-10k\/\" \/>\n<meta property=\"og:locale\" content=\"pt_BR\" \/>\n<meta property=\"og:type\" content=\"article\" \/>\n<meta property=\"og:title\" content=\"Mafalda Rosa repete p\u00f3dio e \u00e9 bronze no Europeu J\u00fanior aos 10k - Swimchannel\" \/>\n<meta property=\"og:description\" content=\"Em Set\u00fabal a jovem de Rio Maior deu mais uma medalha para Portugal em Europeus de \u00e1guas abertas, e no Mundial de Budapeste quer pelo menos o top 15\" \/>\n<meta property=\"og:url\" content=\"https:\/\/swimchannel.net\/br\/mafalda-rosa-repete-podio-e-e-bronze-no-europeu-junior-aos-10k\/\" \/>\n<meta property=\"og:site_name\" content=\"Swimchannel\" \/>\n<meta property=\"article:publisher\" content=\"https:\/\/www.facebook.com\/swimchannel\" \/>\n<meta property=\"article:published_time\" content=\"2022-06-04T23:21:12+00:00\" \/>\n<meta property=\"article:modified_time\" content=\"2022-06-06T04:44:57+00:00\" \/>\n<meta property=\"og:image\" content=\"https:\/\/swimchannel.net\/br\/wp-content\/uploads\/2022\/06\/286157961_2852965831515541_3285677614294242832_n.jpg\" \/>\n\t<meta property=\"og:image:width\" content=\"720\" \/>\n\t<meta property=\"og:image:height\" content=\"511\" \/>\n\t<meta property=\"og:image:type\" content=\"image\/jpeg\" \/>\n<meta name=\"author\" content=\"Nuno Albuquerque\" \/>\n<meta name=\"twitter:card\" content=\"summary_large_image\" \/>\n<meta name=\"twitter:label1\" content=\"Escrito por\" \/>\n\t<meta name=\"twitter:data1\" content=\"Nuno Albuquerque\" \/>\n\t<meta name=\"twitter:label2\" content=\"Est. tempo de leitura\" \/>\n\t<meta name=\"twitter:data2\" content=\"3 minutos\" \/>\n<script type=\"application\/ld+json\" class=\"yoast-schema-graph\">{\"@context\":\"https:\/\/schema.org\",\"@graph\":[{\"@type\":\"Article\",\"@id\":\"https:\/\/swimchannel.net\/br\/mafalda-rosa-repete-podio-e-e-bronze-no-europeu-junior-aos-10k\/#article\",\"isPartOf\":{\"@id\":\"https:\/\/swimchannel.net\/br\/mafalda-rosa-repete-podio-e-e-bronze-no-europeu-junior-aos-10k\/\"},\"author\":{\"name\":\"Nuno Albuquerque\",\"@id\":\"https:\/\/swimchannel.net\/br\/#\/schema\/person\/96742bc4be7f63afabd531ac47a43eba\"},\"headline\":\"Mafalda Rosa repete p\u00f3dio e \u00e9 bronze no Europeu J\u00fanior aos 10k\",\"datePublished\":\"2022-06-04T23:21:12+00:00\",\"dateModified\":\"2022-06-06T04:44:57+00:00\",\"mainEntityOfPage\":{\"@id\":\"https:\/\/swimchannel.net\/br\/mafalda-rosa-repete-podio-e-e-bronze-no-europeu-junior-aos-10k\/\"},\"wordCount\":548,\"commentCount\":0,\"publisher\":{\"@id\":\"https:\/\/swimchannel.net\/br\/#organization\"},\"image\":{\"@id\":\"https:\/\/swimchannel.net\/br\/mafalda-rosa-repete-podio-e-e-bronze-no-europeu-junior-aos-10k\/#primaryimage\"},\"thumbnailUrl\":\"https:\/\/swimchannel.net\/br\/wp-content\/uploads\/2022\/06\/286157961_2852965831515541_3285677614294242832_n.jpg\",\"keywords\":[\"\u00c1guas abertas Portugal\",\"Europeu J\u00fanior de Set\u00fabal\",\"Mafalda Rosa\",\"Nuno Ricardo\"],\"articleSection\":[\"Nata\u00e7\u00e3o Portuguesa\"],\"inLanguage\":\"pt-BR\",\"potentialAction\":[{\"@type\":\"CommentAction\",\"name\":\"Comment\",\"target\":[\"https:\/\/swimchannel.net\/br\/mafalda-rosa-repete-podio-e-e-bronze-no-europeu-junior-aos-10k\/#respond\"]}]},{\"@type\":\"WebPage\",\"@id\":\"https:\/\/swimchannel.net\/br\/mafalda-rosa-repete-podio-e-e-bronze-no-europeu-junior-aos-10k\/\",\"url\":\"https:\/\/swimchannel.net\/br\/mafalda-rosa-repete-podio-e-e-bronze-no-europeu-junior-aos-10k\/\",\"name\":\"Mafalda Rosa repete p\u00f3dio e \u00e9 bronze no Europeu J\u00fanior aos 10k - Swimchannel\",\"isPartOf\":{\"@id\":\"https:\/\/swimchannel.net\/br\/#website\"},\"primaryImageOfPage\":{\"@id\":\"https:\/\/swimchannel.net\/br\/mafalda-rosa-repete-podio-e-e-bronze-no-europeu-junior-aos-10k\/#primaryimage\"},\"image\":{\"@id\":\"https:\/\/swimchannel.net\/br\/mafalda-rosa-repete-podio-e-e-bronze-no-europeu-junior-aos-10k\/#primaryimage\"},\"thumbnailUrl\":\"https:\/\/swimchannel.net\/br\/wp-content\/uploads\/2022\/06\/286157961_2852965831515541_3285677614294242832_n.jpg\",\"datePublished\":\"2022-06-04T23:21:12+00:00\",\"dateModified\":\"2022-06-06T04:44:57+00:00\",\"breadcrumb\":{\"@id\":\"https:\/\/swimchannel.net\/br\/mafalda-rosa-repete-podio-e-e-bronze-no-europeu-junior-aos-10k\/#breadcrumb\"},\"inLanguage\":\"pt-BR\",\"potentialAction\":[{\"@type\":\"ReadAction\",\"target\":[\"https:\/\/swimchannel.net\/br\/mafalda-rosa-repete-podio-e-e-bronze-no-europeu-junior-aos-10k\/\"]}]},{\"@type\":\"ImageObject\",\"inLanguage\":\"pt-BR\",\"@id\":\"https:\/\/swimchannel.net\/br\/mafalda-rosa-repete-podio-e-e-bronze-no-europeu-junior-aos-10k\/#primaryimage\",\"url\":\"https:\/\/swimchannel.net\/br\/wp-content\/uploads\/2022\/06\/286157961_2852965831515541_3285677614294242832_n.jpg\",\"contentUrl\":\"https:\/\/swimchannel.net\/br\/wp-content\/uploads\/2022\/06\/286157961_2852965831515541_3285677614294242832_n.jpg\",\"width\":720,\"height\":511,\"caption\":\"Mafalda Rosa (\u00e0 direita) foi bronze depois do ouro de 2021 (Foto: FPN\/LFN)\"},{\"@type\":\"BreadcrumbList\",\"@id\":\"https:\/\/swimchannel.net\/br\/mafalda-rosa-repete-podio-e-e-bronze-no-europeu-junior-aos-10k\/#breadcrumb\",\"itemListElement\":[{\"@type\":\"ListItem\",\"position\":1,\"name\":\"Home\",\"item\":\"https:\/\/swimchannel.net\/br\/\"},{\"@type\":\"ListItem\",\"position\":2,\"name\":\"Mafalda Rosa repete p\u00f3dio e \u00e9 bronze no Europeu J\u00fanior aos 10k\"}]},{\"@type\":\"WebSite\",\"@id\":\"https:\/\/swimchannel.net\/br\/#website\",\"url\":\"https:\/\/swimchannel.net\/br\/\",\"name\":\"Swimchannel\",\"description\":\"Maior portal de nata\u00e7\u00e3o da america latina\",\"publisher\":{\"@id\":\"https:\/\/swimchannel.net\/br\/#organization\"},\"potentialAction\":[{\"@type\":\"SearchAction\",\"target\":{\"@type\":\"EntryPoint\",\"urlTemplate\":\"https:\/\/swimchannel.net\/br\/?s={search_term_string}\"},\"query-input\":{\"@type\":\"PropertyValueSpecification\",\"valueRequired\":true,\"valueName\":\"search_term_string\"}}],\"inLanguage\":\"pt-BR\"},{\"@type\":\"Organization\",\"@id\":\"https:\/\/swimchannel.net\/br\/#organization\",\"name\":\"Swimchannel - Conectando voc\u00ea a Nata\u00e7\u00e3o\",\"url\":\"https:\/\/swimchannel.net\/br\/\",\"logo\":{\"@type\":\"ImageObject\",\"inLanguage\":\"pt-BR\",\"@id\":\"https:\/\/swimchannel.net\/br\/#\/schema\/logo\/image\/\",\"url\":\"https:\/\/swimchannel.net\/br\/wp-content\/uploads\/2026\/02\/SWIM-CHANNEL.png\",\"contentUrl\":\"https:\/\/swimchannel.net\/br\/wp-content\/uploads\/2026\/02\/SWIM-CHANNEL.png\",\"width\":1120,\"height\":630,\"caption\":\"Swimchannel - Conectando voc\u00ea a Nata\u00e7\u00e3o\"},\"image\":{\"@id\":\"https:\/\/swimchannel.net\/br\/#\/schema\/logo\/image\/\"},\"sameAs\":[\"https:\/\/www.facebook.com\/swimchannel\",\"https:\/\/www.instagram.com\/swimchannel\"]},{\"@type\":\"Person\",\"@id\":\"https:\/\/swimchannel.net\/br\/#\/schema\/person\/96742bc4be7f63afabd531ac47a43eba\",\"name\":\"Nuno Albuquerque\",\"image\":{\"@type\":\"ImageObject\",\"inLanguage\":\"pt-BR\",\"@id\":\"https:\/\/swimchannel.net\/br\/#\/schema\/person\/image\/\",\"url\":\"https:\/\/swimchannel.net\/br\/wp-content\/uploads\/2021\/10\/175265239_284626789786752_3471159347588969871_n-100x100.jpg\",\"contentUrl\":\"https:\/\/swimchannel.net\/br\/wp-content\/uploads\/2021\/10\/175265239_284626789786752_3471159347588969871_n-100x100.jpg\",\"caption\":\"Nuno Albuquerque\"},\"description\":\"Jornalista e t\u00e9cnico de nata\u00e7\u00e3o, trabalha na modalidade h\u00e1 muitos anos. Desde o Campeonato Mundial da FINA de 1986 na cidade de Madri, Nuno j\u00e1 era rep\u00f3rter para um dos principais jornais de Portugal.\",\"url\":\"https:\/\/swimchannel.net\/br\/author\/nunoalbuquerque\/\"}]}<\/script>\n<!-- \/ Yoast SEO plugin. -->","yoast_head_json":{"title":"Mafalda Rosa repete p\u00f3dio e \u00e9 bronze no Europeu J\u00fanior aos 10k - Swimchannel","robots":{"index":"index","follow":"follow","max-snippet":"max-snippet:-1","max-image-preview":"max-image-preview:large","max-video-preview":"max-video-preview:-1"},"canonical":"https:\/\/swimchannel.net\/br\/mafalda-rosa-repete-podio-e-e-bronze-no-europeu-junior-aos-10k\/","og_locale":"pt_BR","og_type":"article","og_title":"Mafalda Rosa repete p\u00f3dio e \u00e9 bronze no Europeu J\u00fanior aos 10k - Swimchannel","og_description":"Em Set\u00fabal a jovem de Rio Maior deu mais uma medalha para Portugal em Europeus de \u00e1guas abertas, e no Mundial de Budapeste quer pelo menos o top 15","og_url":"https:\/\/swimchannel.net\/br\/mafalda-rosa-repete-podio-e-e-bronze-no-europeu-junior-aos-10k\/","og_site_name":"Swimchannel","article_publisher":"https:\/\/www.facebook.com\/swimchannel","article_published_time":"2022-06-04T23:21:12+00:00","article_modified_time":"2022-06-06T04:44:57+00:00","og_image":[{"width":720,"height":511,"url":"https:\/\/swimchannel.net\/br\/wp-content\/uploads\/2022\/06\/286157961_2852965831515541_3285677614294242832_n.jpg","type":"image\/jpeg"}],"author":"Nuno Albuquerque","twitter_card":"summary_large_image","twitter_misc":{"Escrito por":"Nuno Albuquerque","Est. tempo de leitura":"3 minutos"},"schema":{"@context":"https:\/\/schema.org","@graph":[{"@type":"Article","@id":"https:\/\/swimchannel.net\/br\/mafalda-rosa-repete-podio-e-e-bronze-no-europeu-junior-aos-10k\/#article","isPartOf":{"@id":"https:\/\/swimchannel.net\/br\/mafalda-rosa-repete-podio-e-e-bronze-no-europeu-junior-aos-10k\/"},"author":{"name":"Nuno Albuquerque","@id":"https:\/\/swimchannel.net\/br\/#\/schema\/person\/96742bc4be7f63afabd531ac47a43eba"},"headline":"Mafalda Rosa repete p\u00f3dio e \u00e9 bronze no Europeu J\u00fanior aos 10k","datePublished":"2022-06-04T23:21:12+00:00","dateModified":"2022-06-06T04:44:57+00:00","mainEntityOfPage":{"@id":"https:\/\/swimchannel.net\/br\/mafalda-rosa-repete-podio-e-e-bronze-no-europeu-junior-aos-10k\/"},"wordCount":548,"commentCount":0,"publisher":{"@id":"https:\/\/swimchannel.net\/br\/#organization"},"image":{"@id":"https:\/\/swimchannel.net\/br\/mafalda-rosa-repete-podio-e-e-bronze-no-europeu-junior-aos-10k\/#primaryimage"},"thumbnailUrl":"https:\/\/swimchannel.net\/br\/wp-content\/uploads\/2022\/06\/286157961_2852965831515541_3285677614294242832_n.jpg","keywords":["\u00c1guas abertas Portugal","Europeu J\u00fanior de Set\u00fabal","Mafalda Rosa","Nuno Ricardo"],"articleSection":["Nata\u00e7\u00e3o Portuguesa"],"inLanguage":"pt-BR","potentialAction":[{"@type":"CommentAction","name":"Comment","target":["https:\/\/swimchannel.net\/br\/mafalda-rosa-repete-podio-e-e-bronze-no-europeu-junior-aos-10k\/#respond"]}]},{"@type":"WebPage","@id":"https:\/\/swimchannel.net\/br\/mafalda-rosa-repete-podio-e-e-bronze-no-europeu-junior-aos-10k\/","url":"https:\/\/swimchannel.net\/br\/mafalda-rosa-repete-podio-e-e-bronze-no-europeu-junior-aos-10k\/","name":"Mafalda Rosa repete p\u00f3dio e \u00e9 bronze no Europeu J\u00fanior aos 10k - Swimchannel","isPartOf":{"@id":"https:\/\/swimchannel.net\/br\/#website"},"primaryImageOfPage":{"@id":"https:\/\/swimchannel.net\/br\/mafalda-rosa-repete-podio-e-e-bronze-no-europeu-junior-aos-10k\/#primaryimage"},"image":{"@id":"https:\/\/swimchannel.net\/br\/mafalda-rosa-repete-podio-e-e-bronze-no-europeu-junior-aos-10k\/#primaryimage"},"thumbnailUrl":"https:\/\/swimchannel.net\/br\/wp-content\/uploads\/2022\/06\/286157961_2852965831515541_3285677614294242832_n.jpg","datePublished":"2022-06-04T23:21:12+00:00","dateModified":"2022-06-06T04:44:57+00:00","breadcrumb":{"@id":"https:\/\/swimchannel.net\/br\/mafalda-rosa-repete-podio-e-e-bronze-no-europeu-junior-aos-10k\/#breadcrumb"},"inLanguage":"pt-BR","potentialAction":[{"@type":"ReadAction","target":["https:\/\/swimchannel.net\/br\/mafalda-rosa-repete-podio-e-e-bronze-no-europeu-junior-aos-10k\/"]}]},{"@type":"ImageObject","inLanguage":"pt-BR","@id":"https:\/\/swimchannel.net\/br\/mafalda-rosa-repete-podio-e-e-bronze-no-europeu-junior-aos-10k\/#primaryimage","url":"https:\/\/swimchannel.net\/br\/wp-content\/uploads\/2022\/06\/286157961_2852965831515541_3285677614294242832_n.jpg","contentUrl":"https:\/\/swimchannel.net\/br\/wp-content\/uploads\/2022\/06\/286157961_2852965831515541_3285677614294242832_n.jpg","width":720,"height":511,"caption":"Mafalda Rosa (\u00e0 direita) foi bronze depois do ouro de 2021 (Foto: FPN\/LFN)"},{"@type":"BreadcrumbList","@id":"https:\/\/swimchannel.net\/br\/mafalda-rosa-repete-podio-e-e-bronze-no-europeu-junior-aos-10k\/#breadcrumb","itemListElement":[{"@type":"ListItem","position":1,"name":"Home","item":"https:\/\/swimchannel.net\/br\/"},{"@type":"ListItem","position":2,"name":"Mafalda Rosa repete p\u00f3dio e \u00e9 bronze no Europeu J\u00fanior aos 10k"}]},{"@type":"WebSite","@id":"https:\/\/swimchannel.net\/br\/#website","url":"https:\/\/swimchannel.net\/br\/","name":"Swimchannel","description":"Maior portal de nata\u00e7\u00e3o da america latina","publisher":{"@id":"https:\/\/swimchannel.net\/br\/#organization"},"potentialAction":[{"@type":"SearchAction","target":{"@type":"EntryPoint","urlTemplate":"https:\/\/swimchannel.net\/br\/?s={search_term_string}"},"query-input":{"@type":"PropertyValueSpecification","valueRequired":true,"valueName":"search_term_string"}}],"inLanguage":"pt-BR"},{"@type":"Organization","@id":"https:\/\/swimchannel.net\/br\/#organization","name":"Swimchannel - Conectando voc\u00ea a Nata\u00e7\u00e3o","url":"https:\/\/swimchannel.net\/br\/","logo":{"@type":"ImageObject","inLanguage":"pt-BR","@id":"https:\/\/swimchannel.net\/br\/#\/schema\/logo\/image\/","url":"https:\/\/swimchannel.net\/br\/wp-content\/uploads\/2026\/02\/SWIM-CHANNEL.png","contentUrl":"https:\/\/swimchannel.net\/br\/wp-content\/uploads\/2026\/02\/SWIM-CHANNEL.png","width":1120,"height":630,"caption":"Swimchannel - Conectando voc\u00ea a Nata\u00e7\u00e3o"},"image":{"@id":"https:\/\/swimchannel.net\/br\/#\/schema\/logo\/image\/"},"sameAs":["https:\/\/www.facebook.com\/swimchannel","https:\/\/www.instagram.com\/swimchannel"]},{"@type":"Person","@id":"https:\/\/swimchannel.net\/br\/#\/schema\/person\/96742bc4be7f63afabd531ac47a43eba","name":"Nuno Albuquerque","image":{"@type":"ImageObject","inLanguage":"pt-BR","@id":"https:\/\/swimchannel.net\/br\/#\/schema\/person\/image\/","url":"https:\/\/swimchannel.net\/br\/wp-content\/uploads\/2021\/10\/175265239_284626789786752_3471159347588969871_n-100x100.jpg","contentUrl":"https:\/\/swimchannel.net\/br\/wp-content\/uploads\/2021\/10\/175265239_284626789786752_3471159347588969871_n-100x100.jpg","caption":"Nuno Albuquerque"},"description":"Jornalista e t\u00e9cnico de nata\u00e7\u00e3o, trabalha na modalidade h\u00e1 muitos anos. Desde o Campeonato Mundial da FINA de 1986 na cidade de Madri, Nuno j\u00e1 era rep\u00f3rter para um dos principais jornais de Portugal.","url":"https:\/\/swimchannel.net\/br\/author\/nunoalbuquerque\/"}]}},"_links":{"self":[{"href":"https:\/\/swimchannel.net\/br\/wp-json\/wp\/v2\/posts\/51330","targetHints":{"allow":["GET"]}}],"collection":[{"href":"https:\/\/swimchannel.net\/br\/wp-json\/wp\/v2\/posts"}],"about":[{"href":"https:\/\/swimchannel.net\/br\/wp-json\/wp\/v2\/types\/post"}],"author":[{"embeddable":true,"href":"https:\/\/swimchannel.net\/br\/wp-json\/wp\/v2\/users\/174"}],"replies":[{"embeddable":true,"href":"https:\/\/swimchannel.net\/br\/wp-json\/wp\/v2\/comments?post=51330"}],"version-history":[{"count":5,"href":"https:\/\/swimchannel.net\/br\/wp-json\/wp\/v2\/posts\/51330\/revisions"}],"predecessor-version":[{"id":51344,"href":"https:\/\/swimchannel.net\/br\/wp-json\/wp\/v2\/posts\/51330\/revisions\/51344"}],"wp:featuredmedia":[{"embeddable":true,"href":"https:\/\/swimchannel.net\/br\/wp-json\/wp\/v2\/media\/51331"}],"wp:attachment":[{"href":"https:\/\/swimchannel.net\/br\/wp-json\/wp\/v2\/media?parent=51330"}],"wp:term":[{"taxonomy":"category","embeddable":true,"href":"https:\/\/swimchannel.net\/br\/wp-json\/wp\/v2\/categories?post=51330"},{"taxonomy":"post_tag","embeddable":true,"href":"https:\/\/swimchannel.net\/br\/wp-json\/wp\/v2\/tags?post=51330"}],"curies":[{"name":"wp","href":"https:\/\/api.w.org\/{rel}","templated":true}]}}