{"id":51364,"date":"2022-06-07T16:51:46","date_gmt":"2022-06-07T19:51:46","guid":{"rendered":"https:\/\/swimchannel.net\/br\/?p=51364"},"modified":"2022-06-07T16:51:46","modified_gmt":"2022-06-07T19:51:46","slug":"ana-marcela-cunha-esta-na-disputa-para-a-comissao-de-atletas-da-fina","status":"publish","type":"post","link":"https:\/\/swimchannel.net\/br\/ana-marcela-cunha-esta-na-disputa-para-a-comissao-de-atletas-da-fina\/","title":{"rendered":"Ana Marcela Cunha est\u00e1 na disputa para a Comiss\u00e3o de Atletas da FINA"},"content":{"rendered":"<p>A FINA anunciou ontem a lista dos 29 atletas que est\u00e3o na disputa pelas 20 vagas para fazer parte da Comiss\u00e3o de Atletas da FINA com a presen\u00e7a da nadadora brasileira Ana Marcela Cunha, \u00fanica representante do nosso pa\u00eds e \u00fanica das \u00e1guas abertas feminina. A nova Comiss\u00e3o de Atletas da FINA faz parte das tantas reformas implantadas pelo novo Presidente da entidade Husain Al-Musallam.<\/p>\n<p>Pela primeira vez, os atletas presentes ao Campeonato Mundial de Budapeste ter\u00e3o a oportunidade de votar diretamente para seus representantes. Todos os 29 candidatos foram apresentados pelas respectivas federa\u00e7\u00f5es nacionais e seus nomes, curr\u00edculos e hist\u00f3rico foram avaliados por um comit\u00ea especial da FINA.<\/p>\n<p>As vota\u00e7\u00f5es ser\u00e3o divididas por modalidade no Mundial de Budapeste sendo que os atletas de nata\u00e7\u00e3o entre os dias 16 a 25 de junho e as demais modalidades de 16 a 28 de junho. O High Diving que n\u00e3o ser\u00e1 disputado neste Mundial ter\u00e1 sua vota\u00e7\u00e3o feita online e todos os atletas que estiveram no \u00faltimo Mundial de Gwangju, em 2019, s\u00e3o eleg\u00edveis para o voto.<\/p>\n<figure id=\"attachment_44923\" aria-describedby=\"caption-attachment-44923\" style=\"width: 945px\" class=\"wp-caption alignnone\"><img loading=\"lazy\" decoding=\"async\" class=\"size-full wp-image-44923\" src=\"https:\/\/swimchannel.net\/br\/wp-content\/uploads\/2021\/08\/E73OmcFXIAc_2Ap.jpg\" alt=\"\" width=\"945\" height=\"630\" srcset=\"https:\/\/swimchannel.net\/br\/wp-content\/uploads\/2021\/08\/E73OmcFXIAc_2Ap.jpg 945w, https:\/\/swimchannel.net\/br\/wp-content\/uploads\/2021\/08\/E73OmcFXIAc_2Ap-270x180.jpg 270w, https:\/\/swimchannel.net\/br\/wp-content\/uploads\/2021\/08\/E73OmcFXIAc_2Ap-768x512.jpg 768w, https:\/\/swimchannel.net\/br\/wp-content\/uploads\/2021\/08\/E73OmcFXIAc_2Ap-200x133.jpg 200w, https:\/\/swimchannel.net\/br\/wp-content\/uploads\/2021\/08\/E73OmcFXIAc_2Ap-600x400.jpg 600w, https:\/\/swimchannel.net\/br\/wp-content\/uploads\/2021\/08\/E73OmcFXIAc_2Ap-750x500.jpg 750w\" sizes=\"auto, (max-width: 945px) 100vw, 945px\" \/><figcaption id=\"caption-attachment-44923\" class=\"wp-caption-text\">Ana Marcela Cunha &#8211; Foto: Satiro Sodr\u00e9\/SSPress<\/figcaption><\/figure>\n<p>Para estar nesta lista de 29 atletas todos precisavam ter disputado uma das duas \u00faltimas edi\u00e7\u00f5es do Mundial ou dos Jogos Ol\u00edmpicos.<\/p>\n<p>A Comiss\u00e3o de Atletas da FINA ainda ter\u00e1 mais outros 12 nomes, seis atletas a serem escolhidos nas diferentes modalidades para melhor composi\u00e7\u00e3o e seis &#8220;atletas honor\u00e1rios&#8221;, reconhecendo atletas e ex-atletas com relevantes resultados no esporte aqu\u00e1tico. Estes 12 nomes adicionais ser\u00e3o de escolha direta do Presidente da FINA, Husain Al-Musallam, mas precisar\u00e3o ter a aprova\u00e7\u00e3o do Bureau.<\/p>\n<p>Todos os nomes dos integrantes da nova Comiss\u00e3o de Atletas da FINA ser\u00e3o oficialmente anunciados em cerim\u00f4nia durante o Mundial no dia 29 de junho. Atualmente, a Comisss\u00e3o de Atletas da FINA tem um brasileiro, \u00e9 Thiago Pereira que pode estar na rela\u00e7\u00e3o dos Atletas Honor\u00e1rios a serem indicados pela presid\u00eancia da FINA. Thiago substituiu a Gustavo Borges, o primeiro brasileiro que fez parte da comiss\u00e3o.<\/p>\n<p>Veja aqui a lista de todos os atletas que est\u00e3o entre os 29 apontados para as elei\u00e7\u00f5es: <a href=\"https:\/\/www.fina.org\/news\/2638531\/29-candidates-running-for-election-to-the-fina-athletes-committee\">https:\/\/www.fina.org\/news\/2638531\/29-candidates-running-for-election-to-the-fina-athletes-committee<\/a>.<\/p>\n","protected":false},"excerpt":{"rendered":"<p>Comiss\u00e3o de atletas vai definir os membros durante o Mundial de Budapeste<\/p>\n","protected":false},"author":12,"featured_media":45070,"comment_status":"open","ping_status":"open","sticky":false,"template":"","format":"standard","meta":{"footnotes":""},"categories":[115],"tags":[14,47,4805,5],"class_list":["post-51364","post","type-post","status-publish","format-standard","has-post-thumbnail","hentry","category-aguas-abertas","tag-aguas-abertas","tag-ana-marcela-cunha","tag-comissao-de-atletas-da-fina","tag-natacao"],"yoast_head":"<!-- This site is optimized with the Yoast SEO plugin v27.0 - https:\/\/yoast.com\/product\/yoast-seo-wordpress\/ -->\n<title>Ana Marcela Cunha est\u00e1 na disputa para a Comiss\u00e3o de Atletas da FINA - Swimchannel<\/title>\n<meta name=\"robots\" content=\"index, follow, max-snippet:-1, max-image-preview:large, max-video-preview:-1\" \/>\n<link rel=\"canonical\" href=\"https:\/\/swimchannel.net\/br\/ana-marcela-cunha-esta-na-disputa-para-a-comissao-de-atletas-da-fina\/\" \/>\n<meta property=\"og:locale\" content=\"pt_BR\" \/>\n<meta property=\"og:type\" content=\"article\" \/>\n<meta property=\"og:title\" content=\"Ana Marcela Cunha est\u00e1 na disputa para a Comiss\u00e3o de Atletas da FINA - Swimchannel\" \/>\n<meta property=\"og:description\" content=\"Comiss\u00e3o de atletas vai definir os membros durante o Mundial de Budapeste\" \/>\n<meta property=\"og:url\" content=\"https:\/\/swimchannel.net\/br\/ana-marcela-cunha-esta-na-disputa-para-a-comissao-de-atletas-da-fina\/\" \/>\n<meta property=\"og:site_name\" content=\"Swimchannel\" \/>\n<meta property=\"article:publisher\" content=\"https:\/\/www.facebook.com\/swimchannel\" \/>\n<meta property=\"article:published_time\" content=\"2022-06-07T19:51:46+00:00\" \/>\n<meta property=\"og:image\" content=\"https:\/\/swimchannel.net\/br\/wp-content\/uploads\/2021\/08\/51353138017_bd2452974e_k.jpg\" \/>\n\t<meta property=\"og:image:width\" content=\"1053\" \/>\n\t<meta property=\"og:image:height\" content=\"630\" \/>\n\t<meta property=\"og:image:type\" content=\"image\/jpeg\" \/>\n<meta name=\"author\" content=\"Alex Pussieldi\" \/>\n<meta name=\"twitter:card\" content=\"summary_large_image\" \/>\n<meta name=\"twitter:label1\" content=\"Escrito por\" \/>\n\t<meta name=\"twitter:data1\" content=\"Alex Pussieldi\" \/>\n\t<meta name=\"twitter:label2\" content=\"Est. tempo de leitura\" \/>\n\t<meta name=\"twitter:data2\" content=\"2 minutos\" \/>\n<script type=\"application\/ld+json\" class=\"yoast-schema-graph\">{\"@context\":\"https:\/\/schema.org\",\"@graph\":[{\"@type\":\"Article\",\"@id\":\"https:\/\/swimchannel.net\/br\/ana-marcela-cunha-esta-na-disputa-para-a-comissao-de-atletas-da-fina\/#article\",\"isPartOf\":{\"@id\":\"https:\/\/swimchannel.net\/br\/ana-marcela-cunha-esta-na-disputa-para-a-comissao-de-atletas-da-fina\/\"},\"author\":{\"name\":\"Alex Pussieldi\",\"@id\":\"https:\/\/swimchannel.net\/br\/#\/schema\/person\/cf549cb99cf75592fcf7c76213385e63\"},\"headline\":\"Ana Marcela Cunha est\u00e1 na disputa para a Comiss\u00e3o de Atletas da FINA\",\"datePublished\":\"2022-06-07T19:51:46+00:00\",\"mainEntityOfPage\":{\"@id\":\"https:\/\/swimchannel.net\/br\/ana-marcela-cunha-esta-na-disputa-para-a-comissao-de-atletas-da-fina\/\"},\"wordCount\":394,\"commentCount\":0,\"publisher\":{\"@id\":\"https:\/\/swimchannel.net\/br\/#organization\"},\"image\":{\"@id\":\"https:\/\/swimchannel.net\/br\/ana-marcela-cunha-esta-na-disputa-para-a-comissao-de-atletas-da-fina\/#primaryimage\"},\"thumbnailUrl\":\"https:\/\/swimchannel.net\/br\/wp-content\/uploads\/2021\/08\/51353138017_bd2452974e_k.jpg\",\"keywords\":[\"\u00c1guas abertas\",\"Ana Marcela Cunha\",\"Comiss\u00e3o de Atletas da FINA\",\"natacao\"],\"articleSection\":[\"\u00c1guas Abertas\"],\"inLanguage\":\"pt-BR\",\"potentialAction\":[{\"@type\":\"CommentAction\",\"name\":\"Comment\",\"target\":[\"https:\/\/swimchannel.net\/br\/ana-marcela-cunha-esta-na-disputa-para-a-comissao-de-atletas-da-fina\/#respond\"]}]},{\"@type\":\"WebPage\",\"@id\":\"https:\/\/swimchannel.net\/br\/ana-marcela-cunha-esta-na-disputa-para-a-comissao-de-atletas-da-fina\/\",\"url\":\"https:\/\/swimchannel.net\/br\/ana-marcela-cunha-esta-na-disputa-para-a-comissao-de-atletas-da-fina\/\",\"name\":\"Ana Marcela Cunha est\u00e1 na disputa para a Comiss\u00e3o de Atletas da FINA - Swimchannel\",\"isPartOf\":{\"@id\":\"https:\/\/swimchannel.net\/br\/#website\"},\"primaryImageOfPage\":{\"@id\":\"https:\/\/swimchannel.net\/br\/ana-marcela-cunha-esta-na-disputa-para-a-comissao-de-atletas-da-fina\/#primaryimage\"},\"image\":{\"@id\":\"https:\/\/swimchannel.net\/br\/ana-marcela-cunha-esta-na-disputa-para-a-comissao-de-atletas-da-fina\/#primaryimage\"},\"thumbnailUrl\":\"https:\/\/swimchannel.net\/br\/wp-content\/uploads\/2021\/08\/51353138017_bd2452974e_k.jpg\",\"datePublished\":\"2022-06-07T19:51:46+00:00\",\"breadcrumb\":{\"@id\":\"https:\/\/swimchannel.net\/br\/ana-marcela-cunha-esta-na-disputa-para-a-comissao-de-atletas-da-fina\/#breadcrumb\"},\"inLanguage\":\"pt-BR\",\"potentialAction\":[{\"@type\":\"ReadAction\",\"target\":[\"https:\/\/swimchannel.net\/br\/ana-marcela-cunha-esta-na-disputa-para-a-comissao-de-atletas-da-fina\/\"]}]},{\"@type\":\"ImageObject\",\"inLanguage\":\"pt-BR\",\"@id\":\"https:\/\/swimchannel.net\/br\/ana-marcela-cunha-esta-na-disputa-para-a-comissao-de-atletas-da-fina\/#primaryimage\",\"url\":\"https:\/\/swimchannel.net\/br\/wp-content\/uploads\/2021\/08\/51353138017_bd2452974e_k.jpg\",\"contentUrl\":\"https:\/\/swimchannel.net\/br\/wp-content\/uploads\/2021\/08\/51353138017_bd2452974e_k.jpg\",\"width\":1053,\"height\":630,\"caption\":\"Ana Marcela Cunha - Foto: Satiro Sodr\u00e9\/SSPress\"},{\"@type\":\"BreadcrumbList\",\"@id\":\"https:\/\/swimchannel.net\/br\/ana-marcela-cunha-esta-na-disputa-para-a-comissao-de-atletas-da-fina\/#breadcrumb\",\"itemListElement\":[{\"@type\":\"ListItem\",\"position\":1,\"name\":\"Home\",\"item\":\"https:\/\/swimchannel.net\/br\/\"},{\"@type\":\"ListItem\",\"position\":2,\"name\":\"Ana Marcela Cunha est\u00e1 na disputa para a Comiss\u00e3o de Atletas da FINA\"}]},{\"@type\":\"WebSite\",\"@id\":\"https:\/\/swimchannel.net\/br\/#website\",\"url\":\"https:\/\/swimchannel.net\/br\/\",\"name\":\"Swimchannel\",\"description\":\"Maior portal de nata\u00e7\u00e3o da america latina\",\"publisher\":{\"@id\":\"https:\/\/swimchannel.net\/br\/#organization\"},\"potentialAction\":[{\"@type\":\"SearchAction\",\"target\":{\"@type\":\"EntryPoint\",\"urlTemplate\":\"https:\/\/swimchannel.net\/br\/?s={search_term_string}\"},\"query-input\":{\"@type\":\"PropertyValueSpecification\",\"valueRequired\":true,\"valueName\":\"search_term_string\"}}],\"inLanguage\":\"pt-BR\"},{\"@type\":\"Organization\",\"@id\":\"https:\/\/swimchannel.net\/br\/#organization\",\"name\":\"Swimchannel - Conectando voc\u00ea a Nata\u00e7\u00e3o\",\"url\":\"https:\/\/swimchannel.net\/br\/\",\"logo\":{\"@type\":\"ImageObject\",\"inLanguage\":\"pt-BR\",\"@id\":\"https:\/\/swimchannel.net\/br\/#\/schema\/logo\/image\/\",\"url\":\"https:\/\/swimchannel.net\/br\/wp-content\/uploads\/2026\/02\/SWIM-CHANNEL.png\",\"contentUrl\":\"https:\/\/swimchannel.net\/br\/wp-content\/uploads\/2026\/02\/SWIM-CHANNEL.png\",\"width\":1120,\"height\":630,\"caption\":\"Swimchannel - Conectando voc\u00ea a Nata\u00e7\u00e3o\"},\"image\":{\"@id\":\"https:\/\/swimchannel.net\/br\/#\/schema\/logo\/image\/\"},\"sameAs\":[\"https:\/\/www.facebook.com\/swimchannel\",\"https:\/\/www.instagram.com\/swimchannel\"]},{\"@type\":\"Person\",\"@id\":\"https:\/\/swimchannel.net\/br\/#\/schema\/person\/cf549cb99cf75592fcf7c76213385e63\",\"name\":\"Alex Pussieldi\",\"image\":{\"@type\":\"ImageObject\",\"inLanguage\":\"pt-BR\",\"@id\":\"https:\/\/swimchannel.net\/br\/#\/schema\/person\/image\/\",\"url\":\"https:\/\/swimchannel.net\/br\/wp-content\/uploads\/2021\/02\/9b1c252d-a4bd-4eda-b399-24565cac4114-100x100.jpg\",\"contentUrl\":\"https:\/\/swimchannel.net\/br\/wp-content\/uploads\/2021\/02\/9b1c252d-a4bd-4eda-b399-24565cac4114-100x100.jpg\",\"caption\":\"Alex Pussieldi\"},\"description\":\"Alexandre Pussieldi, apelidado de \u201ccoach\u201d, Foi t\u00e9cnico da sele\u00e7\u00e3o verde e amarela nas Olimp\u00edadas de Pequim-2008 e Londres-2012. O treinador ainda comandou outros quatro pa\u00edses: Kuwait, Paraguai, Aruba e Antilhas Holandesas, al\u00e9m da sele\u00e7\u00e3o americana de \u00e1guas abertas. Pussieldi tem passagens como comentarista de nata\u00e7\u00e3o do Grupo Globo e Swim Channel.\",\"url\":\"https:\/\/swimchannel.net\/br\/author\/alexpussieldi\/\"}]}<\/script>\n<!-- \/ Yoast SEO plugin. -->","yoast_head_json":{"title":"Ana Marcela Cunha est\u00e1 na disputa para a Comiss\u00e3o de Atletas da FINA - Swimchannel","robots":{"index":"index","follow":"follow","max-snippet":"max-snippet:-1","max-image-preview":"max-image-preview:large","max-video-preview":"max-video-preview:-1"},"canonical":"https:\/\/swimchannel.net\/br\/ana-marcela-cunha-esta-na-disputa-para-a-comissao-de-atletas-da-fina\/","og_locale":"pt_BR","og_type":"article","og_title":"Ana Marcela Cunha est\u00e1 na disputa para a Comiss\u00e3o de Atletas da FINA - Swimchannel","og_description":"Comiss\u00e3o de atletas vai definir os membros durante o Mundial de Budapeste","og_url":"https:\/\/swimchannel.net\/br\/ana-marcela-cunha-esta-na-disputa-para-a-comissao-de-atletas-da-fina\/","og_site_name":"Swimchannel","article_publisher":"https:\/\/www.facebook.com\/swimchannel","article_published_time":"2022-06-07T19:51:46+00:00","og_image":[{"width":1053,"height":630,"url":"https:\/\/swimchannel.net\/br\/wp-content\/uploads\/2021\/08\/51353138017_bd2452974e_k.jpg","type":"image\/jpeg"}],"author":"Alex Pussieldi","twitter_card":"summary_large_image","twitter_misc":{"Escrito por":"Alex Pussieldi","Est. tempo de leitura":"2 minutos"},"schema":{"@context":"https:\/\/schema.org","@graph":[{"@type":"Article","@id":"https:\/\/swimchannel.net\/br\/ana-marcela-cunha-esta-na-disputa-para-a-comissao-de-atletas-da-fina\/#article","isPartOf":{"@id":"https:\/\/swimchannel.net\/br\/ana-marcela-cunha-esta-na-disputa-para-a-comissao-de-atletas-da-fina\/"},"author":{"name":"Alex Pussieldi","@id":"https:\/\/swimchannel.net\/br\/#\/schema\/person\/cf549cb99cf75592fcf7c76213385e63"},"headline":"Ana Marcela Cunha est\u00e1 na disputa para a Comiss\u00e3o de Atletas da FINA","datePublished":"2022-06-07T19:51:46+00:00","mainEntityOfPage":{"@id":"https:\/\/swimchannel.net\/br\/ana-marcela-cunha-esta-na-disputa-para-a-comissao-de-atletas-da-fina\/"},"wordCount":394,"commentCount":0,"publisher":{"@id":"https:\/\/swimchannel.net\/br\/#organization"},"image":{"@id":"https:\/\/swimchannel.net\/br\/ana-marcela-cunha-esta-na-disputa-para-a-comissao-de-atletas-da-fina\/#primaryimage"},"thumbnailUrl":"https:\/\/swimchannel.net\/br\/wp-content\/uploads\/2021\/08\/51353138017_bd2452974e_k.jpg","keywords":["\u00c1guas abertas","Ana Marcela Cunha","Comiss\u00e3o de Atletas da FINA","natacao"],"articleSection":["\u00c1guas Abertas"],"inLanguage":"pt-BR","potentialAction":[{"@type":"CommentAction","name":"Comment","target":["https:\/\/swimchannel.net\/br\/ana-marcela-cunha-esta-na-disputa-para-a-comissao-de-atletas-da-fina\/#respond"]}]},{"@type":"WebPage","@id":"https:\/\/swimchannel.net\/br\/ana-marcela-cunha-esta-na-disputa-para-a-comissao-de-atletas-da-fina\/","url":"https:\/\/swimchannel.net\/br\/ana-marcela-cunha-esta-na-disputa-para-a-comissao-de-atletas-da-fina\/","name":"Ana Marcela Cunha est\u00e1 na disputa para a Comiss\u00e3o de Atletas da FINA - Swimchannel","isPartOf":{"@id":"https:\/\/swimchannel.net\/br\/#website"},"primaryImageOfPage":{"@id":"https:\/\/swimchannel.net\/br\/ana-marcela-cunha-esta-na-disputa-para-a-comissao-de-atletas-da-fina\/#primaryimage"},"image":{"@id":"https:\/\/swimchannel.net\/br\/ana-marcela-cunha-esta-na-disputa-para-a-comissao-de-atletas-da-fina\/#primaryimage"},"thumbnailUrl":"https:\/\/swimchannel.net\/br\/wp-content\/uploads\/2021\/08\/51353138017_bd2452974e_k.jpg","datePublished":"2022-06-07T19:51:46+00:00","breadcrumb":{"@id":"https:\/\/swimchannel.net\/br\/ana-marcela-cunha-esta-na-disputa-para-a-comissao-de-atletas-da-fina\/#breadcrumb"},"inLanguage":"pt-BR","potentialAction":[{"@type":"ReadAction","target":["https:\/\/swimchannel.net\/br\/ana-marcela-cunha-esta-na-disputa-para-a-comissao-de-atletas-da-fina\/"]}]},{"@type":"ImageObject","inLanguage":"pt-BR","@id":"https:\/\/swimchannel.net\/br\/ana-marcela-cunha-esta-na-disputa-para-a-comissao-de-atletas-da-fina\/#primaryimage","url":"https:\/\/swimchannel.net\/br\/wp-content\/uploads\/2021\/08\/51353138017_bd2452974e_k.jpg","contentUrl":"https:\/\/swimchannel.net\/br\/wp-content\/uploads\/2021\/08\/51353138017_bd2452974e_k.jpg","width":1053,"height":630,"caption":"Ana Marcela Cunha - Foto: Satiro Sodr\u00e9\/SSPress"},{"@type":"BreadcrumbList","@id":"https:\/\/swimchannel.net\/br\/ana-marcela-cunha-esta-na-disputa-para-a-comissao-de-atletas-da-fina\/#breadcrumb","itemListElement":[{"@type":"ListItem","position":1,"name":"Home","item":"https:\/\/swimchannel.net\/br\/"},{"@type":"ListItem","position":2,"name":"Ana Marcela Cunha est\u00e1 na disputa para a Comiss\u00e3o de Atletas da FINA"}]},{"@type":"WebSite","@id":"https:\/\/swimchannel.net\/br\/#website","url":"https:\/\/swimchannel.net\/br\/","name":"Swimchannel","description":"Maior portal de nata\u00e7\u00e3o da america latina","publisher":{"@id":"https:\/\/swimchannel.net\/br\/#organization"},"potentialAction":[{"@type":"SearchAction","target":{"@type":"EntryPoint","urlTemplate":"https:\/\/swimchannel.net\/br\/?s={search_term_string}"},"query-input":{"@type":"PropertyValueSpecification","valueRequired":true,"valueName":"search_term_string"}}],"inLanguage":"pt-BR"},{"@type":"Organization","@id":"https:\/\/swimchannel.net\/br\/#organization","name":"Swimchannel - Conectando voc\u00ea a Nata\u00e7\u00e3o","url":"https:\/\/swimchannel.net\/br\/","logo":{"@type":"ImageObject","inLanguage":"pt-BR","@id":"https:\/\/swimchannel.net\/br\/#\/schema\/logo\/image\/","url":"https:\/\/swimchannel.net\/br\/wp-content\/uploads\/2026\/02\/SWIM-CHANNEL.png","contentUrl":"https:\/\/swimchannel.net\/br\/wp-content\/uploads\/2026\/02\/SWIM-CHANNEL.png","width":1120,"height":630,"caption":"Swimchannel - Conectando voc\u00ea a Nata\u00e7\u00e3o"},"image":{"@id":"https:\/\/swimchannel.net\/br\/#\/schema\/logo\/image\/"},"sameAs":["https:\/\/www.facebook.com\/swimchannel","https:\/\/www.instagram.com\/swimchannel"]},{"@type":"Person","@id":"https:\/\/swimchannel.net\/br\/#\/schema\/person\/cf549cb99cf75592fcf7c76213385e63","name":"Alex Pussieldi","image":{"@type":"ImageObject","inLanguage":"pt-BR","@id":"https:\/\/swimchannel.net\/br\/#\/schema\/person\/image\/","url":"https:\/\/swimchannel.net\/br\/wp-content\/uploads\/2021\/02\/9b1c252d-a4bd-4eda-b399-24565cac4114-100x100.jpg","contentUrl":"https:\/\/swimchannel.net\/br\/wp-content\/uploads\/2021\/02\/9b1c252d-a4bd-4eda-b399-24565cac4114-100x100.jpg","caption":"Alex Pussieldi"},"description":"Alexandre Pussieldi, apelidado de \u201ccoach\u201d, Foi t\u00e9cnico da sele\u00e7\u00e3o verde e amarela nas Olimp\u00edadas de Pequim-2008 e Londres-2012. O treinador ainda comandou outros quatro pa\u00edses: Kuwait, Paraguai, Aruba e Antilhas Holandesas, al\u00e9m da sele\u00e7\u00e3o americana de \u00e1guas abertas. Pussieldi tem passagens como comentarista de nata\u00e7\u00e3o do Grupo Globo e Swim Channel.","url":"https:\/\/swimchannel.net\/br\/author\/alexpussieldi\/"}]}},"_links":{"self":[{"href":"https:\/\/swimchannel.net\/br\/wp-json\/wp\/v2\/posts\/51364","targetHints":{"allow":["GET"]}}],"collection":[{"href":"https:\/\/swimchannel.net\/br\/wp-json\/wp\/v2\/posts"}],"about":[{"href":"https:\/\/swimchannel.net\/br\/wp-json\/wp\/v2\/types\/post"}],"author":[{"embeddable":true,"href":"https:\/\/swimchannel.net\/br\/wp-json\/wp\/v2\/users\/12"}],"replies":[{"embeddable":true,"href":"https:\/\/swimchannel.net\/br\/wp-json\/wp\/v2\/comments?post=51364"}],"version-history":[{"count":2,"href":"https:\/\/swimchannel.net\/br\/wp-json\/wp\/v2\/posts\/51364\/revisions"}],"predecessor-version":[{"id":51366,"href":"https:\/\/swimchannel.net\/br\/wp-json\/wp\/v2\/posts\/51364\/revisions\/51366"}],"wp:featuredmedia":[{"embeddable":true,"href":"https:\/\/swimchannel.net\/br\/wp-json\/wp\/v2\/media\/45070"}],"wp:attachment":[{"href":"https:\/\/swimchannel.net\/br\/wp-json\/wp\/v2\/media?parent=51364"}],"wp:term":[{"taxonomy":"category","embeddable":true,"href":"https:\/\/swimchannel.net\/br\/wp-json\/wp\/v2\/categories?post=51364"},{"taxonomy":"post_tag","embeddable":true,"href":"https:\/\/swimchannel.net\/br\/wp-json\/wp\/v2\/tags?post=51364"}],"curies":[{"name":"wp","href":"https:\/\/api.w.org\/{rel}","templated":true}]}}