{"id":51386,"date":"2022-06-10T07:00:53","date_gmt":"2022-06-10T10:00:53","guid":{"rendered":"https:\/\/swimchannel.net\/br\/?p=51386"},"modified":"2022-06-09T19:04:29","modified_gmt":"2022-06-09T22:04:29","slug":"as-medalhas-das-aguas-abertas-do-brasil-no-mundial-de-esportes-aquaticos","status":"publish","type":"post","link":"https:\/\/swimchannel.net\/br\/as-medalhas-das-aguas-abertas-do-brasil-no-mundial-de-esportes-aquaticos\/","title":{"rendered":"As medalhas das \u00e1guas abertas do Brasil no Mundial de Esportes Aqu\u00e1ticos"},"content":{"rendered":"<p>O Campeonato Mundial de Desportos Aqu\u00e1ticos da FINA ser\u00e1 realizado em Budapeste, na Hungria, de 18 de junho a 3 de julho. As provas de \u00e1guas abertas ser\u00e3o realizadas entre os dias 26 e 30 de junho e o Brasil tem grandes de chances de p\u00f3dio. Na hist\u00f3ria das \u00e1guas abertas no Mundial da FINA ao todo foram conquistadas pelos brasileiros 15 medalhas na modalidade, n\u00famero que pode aumentar com a edi\u00e7\u00e3o de 2022 do evento. Veja aqui a rela\u00e7\u00e3o das medalhas conquistadas pelo Brasil nas \u00e1guas abertas em ordem cronol\u00f3gica:<\/p>\n<p><strong>Bronze:<\/strong> Poliana Okimoto &#8211; 5 km &#8211; Roma-2009<\/p>\n<p><strong>Ouro:<\/strong> Ana Marcela Cunha &#8211; 25 km &#8211; Xangai-2011<\/p>\n<p><strong>Ouro:<\/strong> Poliana Okimoto &#8211; 10 km &#8211; Barcelona-2013<\/p>\n<p><strong>Prata:<\/strong> Ana Marcela Cunha &#8211; 10 km &#8211; Barcelona-2013<\/p>\n<p><strong>Prata:<\/strong> Poliana Okimoto &#8211;\u00a0 5km &#8211; Barcelona-2013<\/p>\n<figure id=\"attachment_18310\" aria-describedby=\"caption-attachment-18310\" style=\"width: 1200px\" class=\"wp-caption alignnone\"><img loading=\"lazy\" decoding=\"async\" class=\"size-full wp-image-18310\" src=\"https:\/\/swimchannel.net\/br\/wp-content\/uploads\/2019\/07\/ana.jpg\" alt=\"\" width=\"1200\" height=\"675\" srcset=\"https:\/\/swimchannel.net\/br\/wp-content\/uploads\/2019\/07\/ana.jpg 1200w, https:\/\/swimchannel.net\/br\/wp-content\/uploads\/2019\/07\/ana-600x338.jpg 600w\" sizes=\"auto, (max-width: 1200px) 100vw, 1200px\" \/><figcaption id=\"caption-attachment-18310\" class=\"wp-caption-text\">Ana Marcela Cunha &#8211; Foto: Satiro Sodr\u00e9<\/figcaption><\/figure>\n<p><strong>Bronze:<\/strong> Ana Marcela Cunha &#8211; 5km &#8211; Barcelona-2013<\/p>\n<p><strong>Bronze:<\/strong> Allan do Carmo, Samuel de Bona, Poliana Okimoto &#8211; Revezamento &#8211; Barcelona-2013<\/p>\n<p><strong>Ouro:<\/strong> Ana Marcela Cunha &#8211; 25 km &#8211; Kazan-2015<\/p>\n<p><strong>Prata:<\/strong> Allan do Carmo, Diogo Villarinho, Ana Marcela Cunha &#8211; Revezamento -Kazan-2015<\/p>\n<p><strong>Bronze:<\/strong> Ana Marcela Cunha &#8211; 10 km &#8211; Kazan-2015<\/p>\n<figure id=\"attachment_6039\" aria-describedby=\"caption-attachment-6039\" style=\"width: 1200px\" class=\"wp-caption alignnone\"><img loading=\"lazy\" decoding=\"async\" class=\"wp-image-6039 size-full\" src=\"https:\/\/swimchannel.net\/br\/wp-content\/uploads\/2018\/01\/ana-poliana.jpg\" alt=\"\" width=\"1200\" height=\"675\" srcset=\"https:\/\/swimchannel.net\/br\/wp-content\/uploads\/2018\/01\/ana-poliana.jpg 1200w, https:\/\/swimchannel.net\/br\/wp-content\/uploads\/2018\/01\/ana-poliana-600x338.jpg 600w, https:\/\/swimchannel.net\/br\/wp-content\/uploads\/2018\/01\/ana-poliana-300x169.jpg 300w, https:\/\/swimchannel.net\/br\/wp-content\/uploads\/2018\/01\/ana-poliana-768x432.jpg 768w, https:\/\/swimchannel.net\/br\/wp-content\/uploads\/2018\/01\/ana-poliana-1024x576.jpg 1024w, https:\/\/swimchannel.net\/br\/wp-content\/uploads\/2018\/01\/ana-poliana-640x360.jpg 640w, https:\/\/swimchannel.net\/br\/wp-content\/uploads\/2018\/01\/ana-poliana-320x180.jpg 320w\" sizes=\"auto, (max-width: 1200px) 100vw, 1200px\" \/><figcaption id=\"caption-attachment-6039\" class=\"wp-caption-text\">Ana Marcela Cunha e Poliana Okimoto &#8211; Foto: Daniel Takata\/Swim Channel<\/figcaption><\/figure>\n<p><strong>Ouro:<\/strong> Ana Marcela Cunha &#8211; 25 km &#8211; Budapeste-2017<\/p>\n<p><strong>Bronze:<\/strong> Ana Marcela Cunha &#8211; 5km &#8211; Budapeste-2017<\/p>\n<p><strong>Bronze:<\/strong> Ana Marcela Cunha &#8211; 10 km &#8211; Budapeste-2017<\/p>\n<p><strong>Ouro:<\/strong> Ana Marcela Cunha &#8211; 5 km &#8211; Gwangju-2019<\/p>\n<p><strong>Ouro:<\/strong> Ana Marcela Cunha &#8211; 25 km &#8211; Gwangju-2019<\/p>\n","protected":false},"excerpt":{"rendered":"<p>Ao todo, os atletas brasileiros de \u00e1guas abertas conquistaram 15 medalhas em Mundiais<\/p>\n","protected":false},"author":9,"featured_media":18213,"comment_status":"open","ping_status":"open","sticky":false,"template":"","format":"gallery","meta":{"footnotes":""},"categories":[58],"tags":[14,122,4577,44,96,5],"class_list":["post-51386","post","type-post","status-publish","format-gallery","has-post-thumbnail","hentry","category-campeonato-mundial","tag-aguas-abertas","tag-brasil","tag-budapeste-2022","tag-campeonato-mundial","tag-fina","tag-natacao","post_format-post-format-gallery"],"yoast_head":"<!-- This site is optimized with the Yoast SEO plugin v27.0 - https:\/\/yoast.com\/product\/yoast-seo-wordpress\/ -->\n<title>As medalhas das \u00e1guas abertas do Brasil no Mundial de Esportes Aqu\u00e1ticos - Swimchannel<\/title>\n<meta name=\"robots\" content=\"index, follow, max-snippet:-1, max-image-preview:large, max-video-preview:-1\" \/>\n<link rel=\"canonical\" href=\"https:\/\/swimchannel.net\/br\/as-medalhas-das-aguas-abertas-do-brasil-no-mundial-de-esportes-aquaticos\/\" \/>\n<meta property=\"og:locale\" content=\"pt_BR\" \/>\n<meta property=\"og:type\" content=\"article\" \/>\n<meta property=\"og:title\" content=\"As medalhas das \u00e1guas abertas do Brasil no Mundial de Esportes Aqu\u00e1ticos - Swimchannel\" \/>\n<meta property=\"og:description\" content=\"Ao todo, os atletas brasileiros de \u00e1guas abertas conquistaram 15 medalhas em Mundiais\" \/>\n<meta property=\"og:url\" content=\"https:\/\/swimchannel.net\/br\/as-medalhas-das-aguas-abertas-do-brasil-no-mundial-de-esportes-aquaticos\/\" \/>\n<meta property=\"og:site_name\" content=\"Swimchannel\" \/>\n<meta property=\"article:publisher\" content=\"https:\/\/www.facebook.com\/swimchannel\" \/>\n<meta property=\"article:published_time\" content=\"2022-06-10T10:00:53+00:00\" \/>\n<meta property=\"og:image\" content=\"https:\/\/swimchannel.net\/br\/wp-content\/uploads\/2019\/07\/N6I5236.jpg\" \/>\n\t<meta property=\"og:image:width\" content=\"1200\" \/>\n\t<meta property=\"og:image:height\" content=\"675\" \/>\n\t<meta property=\"og:image:type\" content=\"image\/jpeg\" \/>\n<meta name=\"author\" content=\"Katarine Monteiro\" \/>\n<meta name=\"twitter:card\" content=\"summary_large_image\" \/>\n<meta name=\"twitter:creator\" content=\"@https:\/\/twitter.com\/Katarinem\" \/>\n<meta name=\"twitter:label1\" content=\"Escrito por\" \/>\n\t<meta name=\"twitter:data1\" content=\"Katarine Monteiro\" \/>\n\t<meta name=\"twitter:label2\" content=\"Est. tempo de leitura\" \/>\n\t<meta name=\"twitter:data2\" content=\"1 minuto\" \/>\n<script type=\"application\/ld+json\" class=\"yoast-schema-graph\">{\"@context\":\"https:\/\/schema.org\",\"@graph\":[{\"@type\":\"Article\",\"@id\":\"https:\/\/swimchannel.net\/br\/as-medalhas-das-aguas-abertas-do-brasil-no-mundial-de-esportes-aquaticos\/#article\",\"isPartOf\":{\"@id\":\"https:\/\/swimchannel.net\/br\/as-medalhas-das-aguas-abertas-do-brasil-no-mundial-de-esportes-aquaticos\/\"},\"author\":{\"name\":\"Katarine Monteiro\",\"@id\":\"https:\/\/swimchannel.net\/br\/#\/schema\/person\/73ae9cec62249968bca1f0a8098ef002\"},\"headline\":\"As medalhas das \u00e1guas abertas do Brasil no Mundial de Esportes Aqu\u00e1ticos\",\"datePublished\":\"2022-06-10T10:00:53+00:00\",\"mainEntityOfPage\":{\"@id\":\"https:\/\/swimchannel.net\/br\/as-medalhas-das-aguas-abertas-do-brasil-no-mundial-de-esportes-aquaticos\/\"},\"wordCount\":265,\"commentCount\":1,\"publisher\":{\"@id\":\"https:\/\/swimchannel.net\/br\/#organization\"},\"image\":{\"@id\":\"https:\/\/swimchannel.net\/br\/as-medalhas-das-aguas-abertas-do-brasil-no-mundial-de-esportes-aquaticos\/#primaryimage\"},\"thumbnailUrl\":\"https:\/\/swimchannel.net\/br\/wp-content\/uploads\/2019\/07\/N6I5236.jpg\",\"keywords\":[\"\u00c1guas abertas\",\"Brasil\",\"Budapeste-2022\",\"Campeonato Mundial\",\"Fina\",\"natacao\"],\"articleSection\":[\"Campeonato Mundial\"],\"inLanguage\":\"pt-BR\",\"potentialAction\":[{\"@type\":\"CommentAction\",\"name\":\"Comment\",\"target\":[\"https:\/\/swimchannel.net\/br\/as-medalhas-das-aguas-abertas-do-brasil-no-mundial-de-esportes-aquaticos\/#respond\"]}]},{\"@type\":\"WebPage\",\"@id\":\"https:\/\/swimchannel.net\/br\/as-medalhas-das-aguas-abertas-do-brasil-no-mundial-de-esportes-aquaticos\/\",\"url\":\"https:\/\/swimchannel.net\/br\/as-medalhas-das-aguas-abertas-do-brasil-no-mundial-de-esportes-aquaticos\/\",\"name\":\"As medalhas das \u00e1guas abertas do Brasil no Mundial de Esportes Aqu\u00e1ticos - Swimchannel\",\"isPartOf\":{\"@id\":\"https:\/\/swimchannel.net\/br\/#website\"},\"primaryImageOfPage\":{\"@id\":\"https:\/\/swimchannel.net\/br\/as-medalhas-das-aguas-abertas-do-brasil-no-mundial-de-esportes-aquaticos\/#primaryimage\"},\"image\":{\"@id\":\"https:\/\/swimchannel.net\/br\/as-medalhas-das-aguas-abertas-do-brasil-no-mundial-de-esportes-aquaticos\/#primaryimage\"},\"thumbnailUrl\":\"https:\/\/swimchannel.net\/br\/wp-content\/uploads\/2019\/07\/N6I5236.jpg\",\"datePublished\":\"2022-06-10T10:00:53+00:00\",\"breadcrumb\":{\"@id\":\"https:\/\/swimchannel.net\/br\/as-medalhas-das-aguas-abertas-do-brasil-no-mundial-de-esportes-aquaticos\/#breadcrumb\"},\"inLanguage\":\"pt-BR\",\"potentialAction\":[{\"@type\":\"ReadAction\",\"target\":[\"https:\/\/swimchannel.net\/br\/as-medalhas-das-aguas-abertas-do-brasil-no-mundial-de-esportes-aquaticos\/\"]}]},{\"@type\":\"ImageObject\",\"inLanguage\":\"pt-BR\",\"@id\":\"https:\/\/swimchannel.net\/br\/as-medalhas-das-aguas-abertas-do-brasil-no-mundial-de-esportes-aquaticos\/#primaryimage\",\"url\":\"https:\/\/swimchannel.net\/br\/wp-content\/uploads\/2019\/07\/N6I5236.jpg\",\"contentUrl\":\"https:\/\/swimchannel.net\/br\/wp-content\/uploads\/2019\/07\/N6I5236.jpg\",\"width\":1200,\"height\":675,\"caption\":\"Ana Marcela Cunha - Foto: Satiro Sodr\u00e9\"},{\"@type\":\"BreadcrumbList\",\"@id\":\"https:\/\/swimchannel.net\/br\/as-medalhas-das-aguas-abertas-do-brasil-no-mundial-de-esportes-aquaticos\/#breadcrumb\",\"itemListElement\":[{\"@type\":\"ListItem\",\"position\":1,\"name\":\"Home\",\"item\":\"https:\/\/swimchannel.net\/br\/\"},{\"@type\":\"ListItem\",\"position\":2,\"name\":\"As medalhas das \u00e1guas abertas do Brasil no Mundial de Esportes Aqu\u00e1ticos\"}]},{\"@type\":\"WebSite\",\"@id\":\"https:\/\/swimchannel.net\/br\/#website\",\"url\":\"https:\/\/swimchannel.net\/br\/\",\"name\":\"Swimchannel\",\"description\":\"Maior portal de nata\u00e7\u00e3o da america latina\",\"publisher\":{\"@id\":\"https:\/\/swimchannel.net\/br\/#organization\"},\"potentialAction\":[{\"@type\":\"SearchAction\",\"target\":{\"@type\":\"EntryPoint\",\"urlTemplate\":\"https:\/\/swimchannel.net\/br\/?s={search_term_string}\"},\"query-input\":{\"@type\":\"PropertyValueSpecification\",\"valueRequired\":true,\"valueName\":\"search_term_string\"}}],\"inLanguage\":\"pt-BR\"},{\"@type\":\"Organization\",\"@id\":\"https:\/\/swimchannel.net\/br\/#organization\",\"name\":\"Swimchannel - Conectando voc\u00ea a Nata\u00e7\u00e3o\",\"url\":\"https:\/\/swimchannel.net\/br\/\",\"logo\":{\"@type\":\"ImageObject\",\"inLanguage\":\"pt-BR\",\"@id\":\"https:\/\/swimchannel.net\/br\/#\/schema\/logo\/image\/\",\"url\":\"https:\/\/swimchannel.net\/br\/wp-content\/uploads\/2026\/02\/SWIM-CHANNEL.png\",\"contentUrl\":\"https:\/\/swimchannel.net\/br\/wp-content\/uploads\/2026\/02\/SWIM-CHANNEL.png\",\"width\":1120,\"height\":630,\"caption\":\"Swimchannel - Conectando voc\u00ea a Nata\u00e7\u00e3o\"},\"image\":{\"@id\":\"https:\/\/swimchannel.net\/br\/#\/schema\/logo\/image\/\"},\"sameAs\":[\"https:\/\/www.facebook.com\/swimchannel\",\"https:\/\/www.instagram.com\/swimchannel\"]},{\"@type\":\"Person\",\"@id\":\"https:\/\/swimchannel.net\/br\/#\/schema\/person\/73ae9cec62249968bca1f0a8098ef002\",\"name\":\"Katarine Monteiro\",\"image\":{\"@type\":\"ImageObject\",\"inLanguage\":\"pt-BR\",\"@id\":\"https:\/\/swimchannel.net\/br\/#\/schema\/person\/image\/\",\"url\":\"https:\/\/swimchannel.net\/br\/wp-content\/uploads\/2022\/01\/Katarine-Monteiro-100x100.jpg\",\"contentUrl\":\"https:\/\/swimchannel.net\/br\/wp-content\/uploads\/2022\/01\/Katarine-Monteiro-100x100.jpg\",\"caption\":\"Katarine Monteiro\"},\"description\":\"Jornalista SWIM CHANNEL especializada em esportes ol\u00edmpicos e em sa\u00fade. Com cobertura de grandes eventos internacionais, como Jogos Ol\u00edmpicos Rio 2016, Jogos Pan-Americanos em Lima 2019, Qatar Total Open 2020, Qatar ExxonMobil Open 2019 - t\u00eanis em Doha (QT), Semana Internacional de Vela de Ilhabela, Transat Jacques Vabre 2019 (Fran\u00e7a-Brasil), L'\u00c9tape Brasil by Tour de France, j\u00e1 fez in\u00fameras coberturas de nata\u00e7\u00e3o, maratona aqu\u00e1tica e polo aqu\u00e1tico. Formada tamb\u00e9m em Letras, a jornalista atua como assessora de imprensa, rela\u00e7\u00f5es p\u00fablicas e social media, com especializa\u00e7\u00e3o em marketing esportivo. Nadadora amadora de \u00e1guas abertas, j\u00e1 trabalhou com grandes nomes da nata\u00e7\u00e3o e do polo aqu\u00e1tico brasileiro.\",\"sameAs\":[\"https:\/\/www.instagram.com\/_katarinemonteiro\/\",\"https:\/\/www.linkedin.com\/in\/katarine-monteiro-19385297\/\",\"https:\/\/x.com\/https:\/\/twitter.com\/Katarinem\"],\"url\":\"https:\/\/swimchannel.net\/br\/author\/katarine-monteiro\/\"}]}<\/script>\n<!-- \/ Yoast SEO plugin. -->","yoast_head_json":{"title":"As medalhas das \u00e1guas abertas do Brasil no Mundial de Esportes Aqu\u00e1ticos - Swimchannel","robots":{"index":"index","follow":"follow","max-snippet":"max-snippet:-1","max-image-preview":"max-image-preview:large","max-video-preview":"max-video-preview:-1"},"canonical":"https:\/\/swimchannel.net\/br\/as-medalhas-das-aguas-abertas-do-brasil-no-mundial-de-esportes-aquaticos\/","og_locale":"pt_BR","og_type":"article","og_title":"As medalhas das \u00e1guas abertas do Brasil no Mundial de Esportes Aqu\u00e1ticos - Swimchannel","og_description":"Ao todo, os atletas brasileiros de \u00e1guas abertas conquistaram 15 medalhas em Mundiais","og_url":"https:\/\/swimchannel.net\/br\/as-medalhas-das-aguas-abertas-do-brasil-no-mundial-de-esportes-aquaticos\/","og_site_name":"Swimchannel","article_publisher":"https:\/\/www.facebook.com\/swimchannel","article_published_time":"2022-06-10T10:00:53+00:00","og_image":[{"width":1200,"height":675,"url":"https:\/\/swimchannel.net\/br\/wp-content\/uploads\/2019\/07\/N6I5236.jpg","type":"image\/jpeg"}],"author":"Katarine Monteiro","twitter_card":"summary_large_image","twitter_creator":"@https:\/\/twitter.com\/Katarinem","twitter_misc":{"Escrito por":"Katarine Monteiro","Est. tempo de leitura":"1 minuto"},"schema":{"@context":"https:\/\/schema.org","@graph":[{"@type":"Article","@id":"https:\/\/swimchannel.net\/br\/as-medalhas-das-aguas-abertas-do-brasil-no-mundial-de-esportes-aquaticos\/#article","isPartOf":{"@id":"https:\/\/swimchannel.net\/br\/as-medalhas-das-aguas-abertas-do-brasil-no-mundial-de-esportes-aquaticos\/"},"author":{"name":"Katarine Monteiro","@id":"https:\/\/swimchannel.net\/br\/#\/schema\/person\/73ae9cec62249968bca1f0a8098ef002"},"headline":"As medalhas das \u00e1guas abertas do Brasil no Mundial de Esportes Aqu\u00e1ticos","datePublished":"2022-06-10T10:00:53+00:00","mainEntityOfPage":{"@id":"https:\/\/swimchannel.net\/br\/as-medalhas-das-aguas-abertas-do-brasil-no-mundial-de-esportes-aquaticos\/"},"wordCount":265,"commentCount":1,"publisher":{"@id":"https:\/\/swimchannel.net\/br\/#organization"},"image":{"@id":"https:\/\/swimchannel.net\/br\/as-medalhas-das-aguas-abertas-do-brasil-no-mundial-de-esportes-aquaticos\/#primaryimage"},"thumbnailUrl":"https:\/\/swimchannel.net\/br\/wp-content\/uploads\/2019\/07\/N6I5236.jpg","keywords":["\u00c1guas abertas","Brasil","Budapeste-2022","Campeonato Mundial","Fina","natacao"],"articleSection":["Campeonato Mundial"],"inLanguage":"pt-BR","potentialAction":[{"@type":"CommentAction","name":"Comment","target":["https:\/\/swimchannel.net\/br\/as-medalhas-das-aguas-abertas-do-brasil-no-mundial-de-esportes-aquaticos\/#respond"]}]},{"@type":"WebPage","@id":"https:\/\/swimchannel.net\/br\/as-medalhas-das-aguas-abertas-do-brasil-no-mundial-de-esportes-aquaticos\/","url":"https:\/\/swimchannel.net\/br\/as-medalhas-das-aguas-abertas-do-brasil-no-mundial-de-esportes-aquaticos\/","name":"As medalhas das \u00e1guas abertas do Brasil no Mundial de Esportes Aqu\u00e1ticos - Swimchannel","isPartOf":{"@id":"https:\/\/swimchannel.net\/br\/#website"},"primaryImageOfPage":{"@id":"https:\/\/swimchannel.net\/br\/as-medalhas-das-aguas-abertas-do-brasil-no-mundial-de-esportes-aquaticos\/#primaryimage"},"image":{"@id":"https:\/\/swimchannel.net\/br\/as-medalhas-das-aguas-abertas-do-brasil-no-mundial-de-esportes-aquaticos\/#primaryimage"},"thumbnailUrl":"https:\/\/swimchannel.net\/br\/wp-content\/uploads\/2019\/07\/N6I5236.jpg","datePublished":"2022-06-10T10:00:53+00:00","breadcrumb":{"@id":"https:\/\/swimchannel.net\/br\/as-medalhas-das-aguas-abertas-do-brasil-no-mundial-de-esportes-aquaticos\/#breadcrumb"},"inLanguage":"pt-BR","potentialAction":[{"@type":"ReadAction","target":["https:\/\/swimchannel.net\/br\/as-medalhas-das-aguas-abertas-do-brasil-no-mundial-de-esportes-aquaticos\/"]}]},{"@type":"ImageObject","inLanguage":"pt-BR","@id":"https:\/\/swimchannel.net\/br\/as-medalhas-das-aguas-abertas-do-brasil-no-mundial-de-esportes-aquaticos\/#primaryimage","url":"https:\/\/swimchannel.net\/br\/wp-content\/uploads\/2019\/07\/N6I5236.jpg","contentUrl":"https:\/\/swimchannel.net\/br\/wp-content\/uploads\/2019\/07\/N6I5236.jpg","width":1200,"height":675,"caption":"Ana Marcela Cunha - Foto: Satiro Sodr\u00e9"},{"@type":"BreadcrumbList","@id":"https:\/\/swimchannel.net\/br\/as-medalhas-das-aguas-abertas-do-brasil-no-mundial-de-esportes-aquaticos\/#breadcrumb","itemListElement":[{"@type":"ListItem","position":1,"name":"Home","item":"https:\/\/swimchannel.net\/br\/"},{"@type":"ListItem","position":2,"name":"As medalhas das \u00e1guas abertas do Brasil no Mundial de Esportes Aqu\u00e1ticos"}]},{"@type":"WebSite","@id":"https:\/\/swimchannel.net\/br\/#website","url":"https:\/\/swimchannel.net\/br\/","name":"Swimchannel","description":"Maior portal de nata\u00e7\u00e3o da america latina","publisher":{"@id":"https:\/\/swimchannel.net\/br\/#organization"},"potentialAction":[{"@type":"SearchAction","target":{"@type":"EntryPoint","urlTemplate":"https:\/\/swimchannel.net\/br\/?s={search_term_string}"},"query-input":{"@type":"PropertyValueSpecification","valueRequired":true,"valueName":"search_term_string"}}],"inLanguage":"pt-BR"},{"@type":"Organization","@id":"https:\/\/swimchannel.net\/br\/#organization","name":"Swimchannel - Conectando voc\u00ea a Nata\u00e7\u00e3o","url":"https:\/\/swimchannel.net\/br\/","logo":{"@type":"ImageObject","inLanguage":"pt-BR","@id":"https:\/\/swimchannel.net\/br\/#\/schema\/logo\/image\/","url":"https:\/\/swimchannel.net\/br\/wp-content\/uploads\/2026\/02\/SWIM-CHANNEL.png","contentUrl":"https:\/\/swimchannel.net\/br\/wp-content\/uploads\/2026\/02\/SWIM-CHANNEL.png","width":1120,"height":630,"caption":"Swimchannel - Conectando voc\u00ea a Nata\u00e7\u00e3o"},"image":{"@id":"https:\/\/swimchannel.net\/br\/#\/schema\/logo\/image\/"},"sameAs":["https:\/\/www.facebook.com\/swimchannel","https:\/\/www.instagram.com\/swimchannel"]},{"@type":"Person","@id":"https:\/\/swimchannel.net\/br\/#\/schema\/person\/73ae9cec62249968bca1f0a8098ef002","name":"Katarine Monteiro","image":{"@type":"ImageObject","inLanguage":"pt-BR","@id":"https:\/\/swimchannel.net\/br\/#\/schema\/person\/image\/","url":"https:\/\/swimchannel.net\/br\/wp-content\/uploads\/2022\/01\/Katarine-Monteiro-100x100.jpg","contentUrl":"https:\/\/swimchannel.net\/br\/wp-content\/uploads\/2022\/01\/Katarine-Monteiro-100x100.jpg","caption":"Katarine Monteiro"},"description":"Jornalista SWIM CHANNEL especializada em esportes ol\u00edmpicos e em sa\u00fade. Com cobertura de grandes eventos internacionais, como Jogos Ol\u00edmpicos Rio 2016, Jogos Pan-Americanos em Lima 2019, Qatar Total Open 2020, Qatar ExxonMobil Open 2019 - t\u00eanis em Doha (QT), Semana Internacional de Vela de Ilhabela, Transat Jacques Vabre 2019 (Fran\u00e7a-Brasil), L'\u00c9tape Brasil by Tour de France, j\u00e1 fez in\u00fameras coberturas de nata\u00e7\u00e3o, maratona aqu\u00e1tica e polo aqu\u00e1tico. Formada tamb\u00e9m em Letras, a jornalista atua como assessora de imprensa, rela\u00e7\u00f5es p\u00fablicas e social media, com especializa\u00e7\u00e3o em marketing esportivo. Nadadora amadora de \u00e1guas abertas, j\u00e1 trabalhou com grandes nomes da nata\u00e7\u00e3o e do polo aqu\u00e1tico brasileiro.","sameAs":["https:\/\/www.instagram.com\/_katarinemonteiro\/","https:\/\/www.linkedin.com\/in\/katarine-monteiro-19385297\/","https:\/\/x.com\/https:\/\/twitter.com\/Katarinem"],"url":"https:\/\/swimchannel.net\/br\/author\/katarine-monteiro\/"}]}},"_links":{"self":[{"href":"https:\/\/swimchannel.net\/br\/wp-json\/wp\/v2\/posts\/51386","targetHints":{"allow":["GET"]}}],"collection":[{"href":"https:\/\/swimchannel.net\/br\/wp-json\/wp\/v2\/posts"}],"about":[{"href":"https:\/\/swimchannel.net\/br\/wp-json\/wp\/v2\/types\/post"}],"author":[{"embeddable":true,"href":"https:\/\/swimchannel.net\/br\/wp-json\/wp\/v2\/users\/9"}],"replies":[{"embeddable":true,"href":"https:\/\/swimchannel.net\/br\/wp-json\/wp\/v2\/comments?post=51386"}],"version-history":[{"count":8,"href":"https:\/\/swimchannel.net\/br\/wp-json\/wp\/v2\/posts\/51386\/revisions"}],"predecessor-version":[{"id":51402,"href":"https:\/\/swimchannel.net\/br\/wp-json\/wp\/v2\/posts\/51386\/revisions\/51402"}],"wp:featuredmedia":[{"embeddable":true,"href":"https:\/\/swimchannel.net\/br\/wp-json\/wp\/v2\/media\/18213"}],"wp:attachment":[{"href":"https:\/\/swimchannel.net\/br\/wp-json\/wp\/v2\/media?parent=51386"}],"wp:term":[{"taxonomy":"category","embeddable":true,"href":"https:\/\/swimchannel.net\/br\/wp-json\/wp\/v2\/categories?post=51386"},{"taxonomy":"post_tag","embeddable":true,"href":"https:\/\/swimchannel.net\/br\/wp-json\/wp\/v2\/tags?post=51386"}],"curies":[{"name":"wp","href":"https:\/\/api.w.org\/{rel}","templated":true}]}}