{"id":51474,"date":"2022-06-17T09:00:40","date_gmt":"2022-06-17T12:00:40","guid":{"rendered":"https:\/\/swimchannel.net\/br\/?p=51474"},"modified":"2022-06-15T16:02:51","modified_gmt":"2022-06-15T19:02:51","slug":"as-provas-dos-brasileiros-no-mundial-de-budapeste","status":"publish","type":"post","link":"https:\/\/swimchannel.net\/br\/as-provas-dos-brasileiros-no-mundial-de-budapeste\/","title":{"rendered":"As provas dos brasileiros no Mundial de Budapeste"},"content":{"rendered":"<p>O Mundial de Esportes Aqu\u00e1ticos absoluto da FINA &#8211; Federa\u00e7\u00e3o Internacional de Nata\u00e7\u00e3o come\u00e7a amanh\u00e3 e vai at\u00e9 o dia 3 de julho em Budapeste, capital da Hungria. Na nata\u00e7\u00e3o ser\u00e3o 30 atletas brasileiros que come\u00e7am sua jornada a partir das 4h para as eliminat\u00f3rias (hor\u00e1rio de Bras\u00edlia). Nas \u00e1guas abertas ser\u00e3o cinco atletas representando o pa\u00eds, que come\u00e7am a disputa no dia 26 de junho.<\/p>\n<p>Veja abaixo as provas dos Brasileiros neste Mundial:<\/p>\n<p><strong>18 de junho\u00a0<\/strong><br \/>\n400m livre feminino \u2013 Gabrielle Roncatto<br \/>\n100m borboleta feminino \u2013 Giovanna Diamante<br \/>\n200m medley feminino \u2013 Stephanie Balduccini<br \/>\n4x100m livre feminino \u2013 Equipe brasileira<br \/>\n400m livre masculino \u2013 Guilherme Costa e Fernando Scheffer<br \/>\n100m peito masculino \u2013 Felipe Fran\u00e7a<br \/>\n50m borboleta masculino \u2013 Nicholas Santos<br \/>\n400m medley masculino \u2013 Stephan Steverink<br \/>\n4x100m livre masculino \u2013 Equipe brasileira<\/p>\n<figure id=\"attachment_29397\" aria-describedby=\"caption-attachment-29397\" style=\"width: 1200px\" class=\"wp-caption alignnone\"><img loading=\"lazy\" decoding=\"async\" class=\"size-medium wp-image-29397\" src=\"https:\/\/swimchannel.net\/br\/wp-content\/uploads\/2021\/02\/stephan-1200x675.jpg\" alt=\"\" width=\"1200\" height=\"675\" srcset=\"https:\/\/swimchannel.net\/br\/wp-content\/uploads\/2021\/02\/stephan.jpg 1200w, https:\/\/swimchannel.net\/br\/wp-content\/uploads\/2021\/02\/stephan-320x180.jpg 320w, https:\/\/swimchannel.net\/br\/wp-content\/uploads\/2021\/02\/stephan-768x432.jpg 768w, https:\/\/swimchannel.net\/br\/wp-content\/uploads\/2021\/02\/stephan-600x338.jpg 600w, https:\/\/swimchannel.net\/br\/wp-content\/uploads\/2021\/02\/stephan-750x422.jpg 750w, https:\/\/swimchannel.net\/br\/wp-content\/uploads\/2021\/02\/stephan-1140x641.jpg 1140w\" sizes=\"auto, (max-width: 1200px) 100vw, 1200px\" \/><figcaption id=\"caption-attachment-29397\" class=\"wp-caption-text\">Stephan Steverink &#8211; Foto: Satiro Sodr\u00e9\/SSPress\/CBDA<\/figcaption><\/figure>\n<p><strong>19 de junho<\/strong><br \/>\n1500m livre feminino &#8211; Viviane Jungblut e Beatriz Dizotti<br \/>\n100m peito feminino \u2013 Jhennifer Concei\u00e7\u00e3o<br \/>\n200m livre masculino \u2013 Fernando Scheffer e Breno Correia<br \/>\n100m costas masculino \u2013 Guilherme Basseto<\/p>\n<p><strong>20 de junho<\/strong><br \/>\n200m livre feminino \u2013 Stephani Balduccini<br \/>\n800m livre masculino \u2013 Guilherme Costa<br \/>\n50m peito masculino \u2013 Jo\u00e3o Gomes Junior e Felipe Fran\u00e7a<br \/>\n200m borboleta masculino \u2013 Leonardo de Deus e Matheus Gonche<\/p>\n<p><strong>21 de junho<\/strong><br \/>\n200m borboleta feminino \u2013 Giovanna Diamante<br \/>\n100m livre masculino \u2013 Gabriel Santos e Marcelo Chierighini<br \/>\n200m medley masculino \u2013 Caio Pumputis e Vinicius Lanza<br \/>\n4x100m medley misto \u2013 Equipe brasileira<\/p>\n<p><strong>22 de junho<\/strong><br \/>\n100m livre feminino \u2013 Stephanie Balduccini<br \/>\n4x200m livre feminino \u2013 Equipe brasileira<br \/>\n200m peito masculino \u2013 Caio Pumputis<\/p>\n<figure id=\"attachment_50170\" aria-describedby=\"caption-attachment-50170\" style=\"width: 945px\" class=\"wp-caption alignnone\"><img loading=\"lazy\" decoding=\"async\" class=\"size-full wp-image-50170\" src=\"https:\/\/swimchannel.net\/br\/wp-content\/uploads\/2022\/04\/51984575929_b08a9b9883_b.jpg\" alt=\"\" width=\"945\" height=\"630\" srcset=\"https:\/\/swimchannel.net\/br\/wp-content\/uploads\/2022\/04\/51984575929_b08a9b9883_b.jpg 945w, https:\/\/swimchannel.net\/br\/wp-content\/uploads\/2022\/04\/51984575929_b08a9b9883_b-270x180.jpg 270w, https:\/\/swimchannel.net\/br\/wp-content\/uploads\/2022\/04\/51984575929_b08a9b9883_b-768x512.jpg 768w, https:\/\/swimchannel.net\/br\/wp-content\/uploads\/2022\/04\/51984575929_b08a9b9883_b-750x500.jpg 750w\" sizes=\"auto, (max-width: 945px) 100vw, 945px\" \/><figcaption id=\"caption-attachment-50170\" class=\"wp-caption-text\">Stephanie Balduccini &#8211; Foto: Ricardo Sodr\u00e9\/SSPress<\/figcaption><\/figure>\n<p><strong>23 de junho<\/strong><br \/>\n800m livre feminino \u2013 Viviane Jungblut e Gabrielle Roncatto<br \/>\n50m borboleta feminino \u2013 Giovanna Diamante<br \/>\n50m livre masculino \u2013 Bruno Fratus e Luiz Gustavo Borges<br \/>\n100m borboleta masculino \u2013 Matheus Gonche e Vinicius Lanza<br \/>\n4x200m livre masculino \u2013 Equipe brasileira<\/p>\n<p><strong>24 de junho<\/strong><br \/>\n50m livre feminino \u2013 Lorrane Ferreira<br \/>\n50m peito feminino \u2013 Jhennifer Concei\u00e7\u00e3o<br \/>\n1500m livre masculino \u2013 Guilherme Costa<br \/>\n50m costas masculino \u2013 Guilherme Basseto<br \/>\n4x100m livre misto \u2013 Equipe brasileira<\/p>\n<figure id=\"attachment_50240\" aria-describedby=\"caption-attachment-50240\" style=\"width: 945px\" class=\"wp-caption alignnone\"><img loading=\"lazy\" decoding=\"async\" class=\"size-full wp-image-50240\" src=\"https:\/\/swimchannel.net\/br\/wp-content\/uploads\/2022\/04\/51989536640_13160897b7_b.jpg\" alt=\"\" width=\"945\" height=\"630\" srcset=\"https:\/\/swimchannel.net\/br\/wp-content\/uploads\/2022\/04\/51989536640_13160897b7_b.jpg 945w, https:\/\/swimchannel.net\/br\/wp-content\/uploads\/2022\/04\/51989536640_13160897b7_b-270x180.jpg 270w, https:\/\/swimchannel.net\/br\/wp-content\/uploads\/2022\/04\/51989536640_13160897b7_b-768x512.jpg 768w, https:\/\/swimchannel.net\/br\/wp-content\/uploads\/2022\/04\/51989536640_13160897b7_b-750x500.jpg 750w\" sizes=\"auto, (max-width: 945px) 100vw, 945px\" \/><figcaption id=\"caption-attachment-50240\" class=\"wp-caption-text\">Guilherme Basseto &#8211; Foto: Ricardo Sodr\u00e9<\/figcaption><\/figure>\n<p><strong>25 de junho<\/strong><br \/>\n400m medley feminino \u2013 Gabrielle Roncatto<br \/>\n4x100m medley feminino \u2013 Equipe brasileira<br \/>\n4x100m medley masculino \u2013 Equipe brasileira<\/p>\n<p><strong>26 de junho<\/strong><br \/>\n\u00c1guas Abertas<br \/>\nRevezamento 4x1500m livre \u2013 Viviane Jungblut, Cibelle Jungblut, Guilherme Costa e Bruce Hanson<\/p>\n<p><strong>27 de junho<\/strong><br \/>\n\u00c1guas Abertas<br \/>\n5 km feminino \u2013 Ana Marcela Cunha e Viviane Jungblut<br \/>\n5 km masculino \u2013 Bruce Hanson e Gabriel Arteiro<\/p>\n<figure id=\"attachment_51218\" aria-describedby=\"caption-attachment-51218\" style=\"width: 1015px\" class=\"wp-caption alignnone\"><img loading=\"lazy\" decoding=\"async\" class=\"size-medium wp-image-51218\" src=\"https:\/\/swimchannel.net\/br\/wp-content\/uploads\/2022\/05\/ana-marcela-cunha-1015x675.webp\" alt=\"\" width=\"1015\" height=\"675\" srcset=\"https:\/\/swimchannel.net\/br\/wp-content\/uploads\/2022\/05\/ana-marcela-cunha-1015x675.webp 1015w, https:\/\/swimchannel.net\/br\/wp-content\/uploads\/2022\/05\/ana-marcela-cunha-1203x800.webp 1203w, https:\/\/swimchannel.net\/br\/wp-content\/uploads\/2022\/05\/ana-marcela-cunha-271x180.webp 271w, https:\/\/swimchannel.net\/br\/wp-content\/uploads\/2022\/05\/ana-marcela-cunha-768x511.webp 768w, https:\/\/swimchannel.net\/br\/wp-content\/uploads\/2022\/05\/ana-marcela-cunha-750x499.webp 750w, https:\/\/swimchannel.net\/br\/wp-content\/uploads\/2022\/05\/ana-marcela-cunha-1140x758.webp 1140w, https:\/\/swimchannel.net\/br\/wp-content\/uploads\/2022\/05\/ana-marcela-cunha.webp 1280w\" sizes=\"auto, (max-width: 1015px) 100vw, 1015px\" \/><figcaption id=\"caption-attachment-51218\" class=\"wp-caption-text\">Ana Marcela Cunha &#8211; Foto: Reprodu\u00e7\u00e3o<\/figcaption><\/figure>\n<p><strong>29 de junho<\/strong><br \/>\n\u00c1guas Abertas<br \/>\n10 km feminino \u2013 Ana Marcela Cunha e Viviane Jungblut<br \/>\n10 km masculino \u2013 Guilherme Costa e Bruce Hanson<\/p>\n<p><strong>30 de junho<\/strong><br \/>\n\u00c1guas Abertas<br \/>\n25 km feminino \u2013 Ana Marcela Cunha, Cibelle Jungblt<br \/>\n25 km masculino \u2013 Guilherme Costa e Bruce Hanson<\/p>\n","protected":false},"excerpt":{"rendered":"<p>Competi\u00e7\u00e3o come\u00e7a s\u00e1bado na capital h\u00fangara e 30 nadadores do pa\u00eds disputam o evento<\/p>\n","protected":false},"author":9,"featured_media":50208,"comment_status":"open","ping_status":"open","sticky":false,"template":"","format":"gallery","meta":{"footnotes":""},"categories":[58],"tags":[14,4577,44,96,5],"class_list":["post-51474","post","type-post","status-publish","format-gallery","has-post-thumbnail","hentry","category-campeonato-mundial","tag-aguas-abertas","tag-budapeste-2022","tag-campeonato-mundial","tag-fina","tag-natacao","post_format-post-format-gallery"],"yoast_head":"<!-- This site is optimized with the Yoast SEO plugin v27.0 - https:\/\/yoast.com\/product\/yoast-seo-wordpress\/ -->\n<title>As provas dos brasileiros no Mundial de Budapeste - Swimchannel<\/title>\n<meta name=\"robots\" content=\"index, follow, max-snippet:-1, max-image-preview:large, max-video-preview:-1\" \/>\n<link rel=\"canonical\" href=\"https:\/\/swimchannel.net\/br\/as-provas-dos-brasileiros-no-mundial-de-budapeste\/\" \/>\n<meta property=\"og:locale\" content=\"pt_BR\" \/>\n<meta property=\"og:type\" content=\"article\" \/>\n<meta property=\"og:title\" content=\"As provas dos brasileiros no Mundial de Budapeste - Swimchannel\" \/>\n<meta property=\"og:description\" content=\"Competi\u00e7\u00e3o come\u00e7a s\u00e1bado na capital h\u00fangara e 30 nadadores do pa\u00eds disputam o evento\" \/>\n<meta property=\"og:url\" content=\"https:\/\/swimchannel.net\/br\/as-provas-dos-brasileiros-no-mundial-de-budapeste\/\" \/>\n<meta property=\"og:site_name\" content=\"Swimchannel\" \/>\n<meta property=\"article:publisher\" content=\"https:\/\/www.facebook.com\/swimchannel\" \/>\n<meta property=\"article:published_time\" content=\"2022-06-17T12:00:40+00:00\" \/>\n<meta property=\"og:image\" content=\"https:\/\/swimchannel.net\/br\/wp-content\/uploads\/2022\/04\/51983011181_5b4e284807_k.jpg\" \/>\n\t<meta property=\"og:image:width\" content=\"945\" \/>\n\t<meta property=\"og:image:height\" content=\"630\" \/>\n\t<meta property=\"og:image:type\" content=\"image\/jpeg\" \/>\n<meta name=\"author\" content=\"Katarine Monteiro\" \/>\n<meta name=\"twitter:card\" content=\"summary_large_image\" \/>\n<meta name=\"twitter:creator\" content=\"@https:\/\/twitter.com\/Katarinem\" \/>\n<meta name=\"twitter:label1\" content=\"Escrito por\" \/>\n\t<meta name=\"twitter:data1\" content=\"Katarine Monteiro\" \/>\n\t<meta name=\"twitter:label2\" content=\"Est. tempo de leitura\" \/>\n\t<meta name=\"twitter:data2\" content=\"2 minutos\" \/>\n<script type=\"application\/ld+json\" class=\"yoast-schema-graph\">{\"@context\":\"https:\/\/schema.org\",\"@graph\":[{\"@type\":\"Article\",\"@id\":\"https:\/\/swimchannel.net\/br\/as-provas-dos-brasileiros-no-mundial-de-budapeste\/#article\",\"isPartOf\":{\"@id\":\"https:\/\/swimchannel.net\/br\/as-provas-dos-brasileiros-no-mundial-de-budapeste\/\"},\"author\":{\"name\":\"Katarine Monteiro\",\"@id\":\"https:\/\/swimchannel.net\/br\/#\/schema\/person\/73ae9cec62249968bca1f0a8098ef002\"},\"headline\":\"As provas dos brasileiros no Mundial de Budapeste\",\"datePublished\":\"2022-06-17T12:00:40+00:00\",\"mainEntityOfPage\":{\"@id\":\"https:\/\/swimchannel.net\/br\/as-provas-dos-brasileiros-no-mundial-de-budapeste\/\"},\"wordCount\":469,\"commentCount\":1,\"publisher\":{\"@id\":\"https:\/\/swimchannel.net\/br\/#organization\"},\"image\":{\"@id\":\"https:\/\/swimchannel.net\/br\/as-provas-dos-brasileiros-no-mundial-de-budapeste\/#primaryimage\"},\"thumbnailUrl\":\"https:\/\/swimchannel.net\/br\/wp-content\/uploads\/2022\/04\/51983011181_5b4e284807_k.jpg\",\"keywords\":[\"\u00c1guas abertas\",\"Budapeste-2022\",\"Campeonato Mundial\",\"Fina\",\"natacao\"],\"articleSection\":[\"Campeonato Mundial\"],\"inLanguage\":\"pt-BR\",\"potentialAction\":[{\"@type\":\"CommentAction\",\"name\":\"Comment\",\"target\":[\"https:\/\/swimchannel.net\/br\/as-provas-dos-brasileiros-no-mundial-de-budapeste\/#respond\"]}]},{\"@type\":\"WebPage\",\"@id\":\"https:\/\/swimchannel.net\/br\/as-provas-dos-brasileiros-no-mundial-de-budapeste\/\",\"url\":\"https:\/\/swimchannel.net\/br\/as-provas-dos-brasileiros-no-mundial-de-budapeste\/\",\"name\":\"As provas dos brasileiros no Mundial de Budapeste - Swimchannel\",\"isPartOf\":{\"@id\":\"https:\/\/swimchannel.net\/br\/#website\"},\"primaryImageOfPage\":{\"@id\":\"https:\/\/swimchannel.net\/br\/as-provas-dos-brasileiros-no-mundial-de-budapeste\/#primaryimage\"},\"image\":{\"@id\":\"https:\/\/swimchannel.net\/br\/as-provas-dos-brasileiros-no-mundial-de-budapeste\/#primaryimage\"},\"thumbnailUrl\":\"https:\/\/swimchannel.net\/br\/wp-content\/uploads\/2022\/04\/51983011181_5b4e284807_k.jpg\",\"datePublished\":\"2022-06-17T12:00:40+00:00\",\"breadcrumb\":{\"@id\":\"https:\/\/swimchannel.net\/br\/as-provas-dos-brasileiros-no-mundial-de-budapeste\/#breadcrumb\"},\"inLanguage\":\"pt-BR\",\"potentialAction\":[{\"@type\":\"ReadAction\",\"target\":[\"https:\/\/swimchannel.net\/br\/as-provas-dos-brasileiros-no-mundial-de-budapeste\/\"]}]},{\"@type\":\"ImageObject\",\"inLanguage\":\"pt-BR\",\"@id\":\"https:\/\/swimchannel.net\/br\/as-provas-dos-brasileiros-no-mundial-de-budapeste\/#primaryimage\",\"url\":\"https:\/\/swimchannel.net\/br\/wp-content\/uploads\/2022\/04\/51983011181_5b4e284807_k.jpg\",\"contentUrl\":\"https:\/\/swimchannel.net\/br\/wp-content\/uploads\/2022\/04\/51983011181_5b4e284807_k.jpg\",\"width\":945,\"height\":630,\"caption\":\"Fernando Scheffer - Foto: Ricardo Sodr\u00e9\"},{\"@type\":\"BreadcrumbList\",\"@id\":\"https:\/\/swimchannel.net\/br\/as-provas-dos-brasileiros-no-mundial-de-budapeste\/#breadcrumb\",\"itemListElement\":[{\"@type\":\"ListItem\",\"position\":1,\"name\":\"Home\",\"item\":\"https:\/\/swimchannel.net\/br\/\"},{\"@type\":\"ListItem\",\"position\":2,\"name\":\"As provas dos brasileiros no Mundial de Budapeste\"}]},{\"@type\":\"WebSite\",\"@id\":\"https:\/\/swimchannel.net\/br\/#website\",\"url\":\"https:\/\/swimchannel.net\/br\/\",\"name\":\"Swimchannel\",\"description\":\"Maior portal de nata\u00e7\u00e3o da america latina\",\"publisher\":{\"@id\":\"https:\/\/swimchannel.net\/br\/#organization\"},\"potentialAction\":[{\"@type\":\"SearchAction\",\"target\":{\"@type\":\"EntryPoint\",\"urlTemplate\":\"https:\/\/swimchannel.net\/br\/?s={search_term_string}\"},\"query-input\":{\"@type\":\"PropertyValueSpecification\",\"valueRequired\":true,\"valueName\":\"search_term_string\"}}],\"inLanguage\":\"pt-BR\"},{\"@type\":\"Organization\",\"@id\":\"https:\/\/swimchannel.net\/br\/#organization\",\"name\":\"Swimchannel - Conectando voc\u00ea a Nata\u00e7\u00e3o\",\"url\":\"https:\/\/swimchannel.net\/br\/\",\"logo\":{\"@type\":\"ImageObject\",\"inLanguage\":\"pt-BR\",\"@id\":\"https:\/\/swimchannel.net\/br\/#\/schema\/logo\/image\/\",\"url\":\"https:\/\/swimchannel.net\/br\/wp-content\/uploads\/2026\/02\/SWIM-CHANNEL.png\",\"contentUrl\":\"https:\/\/swimchannel.net\/br\/wp-content\/uploads\/2026\/02\/SWIM-CHANNEL.png\",\"width\":1120,\"height\":630,\"caption\":\"Swimchannel - Conectando voc\u00ea a Nata\u00e7\u00e3o\"},\"image\":{\"@id\":\"https:\/\/swimchannel.net\/br\/#\/schema\/logo\/image\/\"},\"sameAs\":[\"https:\/\/www.facebook.com\/swimchannel\",\"https:\/\/www.instagram.com\/swimchannel\"]},{\"@type\":\"Person\",\"@id\":\"https:\/\/swimchannel.net\/br\/#\/schema\/person\/73ae9cec62249968bca1f0a8098ef002\",\"name\":\"Katarine Monteiro\",\"image\":{\"@type\":\"ImageObject\",\"inLanguage\":\"pt-BR\",\"@id\":\"https:\/\/swimchannel.net\/br\/#\/schema\/person\/image\/\",\"url\":\"https:\/\/swimchannel.net\/br\/wp-content\/uploads\/2022\/01\/Katarine-Monteiro-100x100.jpg\",\"contentUrl\":\"https:\/\/swimchannel.net\/br\/wp-content\/uploads\/2022\/01\/Katarine-Monteiro-100x100.jpg\",\"caption\":\"Katarine Monteiro\"},\"description\":\"Jornalista SWIM CHANNEL especializada em esportes ol\u00edmpicos e em sa\u00fade. Com cobertura de grandes eventos internacionais, como Jogos Ol\u00edmpicos Rio 2016, Jogos Pan-Americanos em Lima 2019, Qatar Total Open 2020, Qatar ExxonMobil Open 2019 - t\u00eanis em Doha (QT), Semana Internacional de Vela de Ilhabela, Transat Jacques Vabre 2019 (Fran\u00e7a-Brasil), L'\u00c9tape Brasil by Tour de France, j\u00e1 fez in\u00fameras coberturas de nata\u00e7\u00e3o, maratona aqu\u00e1tica e polo aqu\u00e1tico. Formada tamb\u00e9m em Letras, a jornalista atua como assessora de imprensa, rela\u00e7\u00f5es p\u00fablicas e social media, com especializa\u00e7\u00e3o em marketing esportivo. Nadadora amadora de \u00e1guas abertas, j\u00e1 trabalhou com grandes nomes da nata\u00e7\u00e3o e do polo aqu\u00e1tico brasileiro.\",\"sameAs\":[\"https:\/\/www.instagram.com\/_katarinemonteiro\/\",\"https:\/\/www.linkedin.com\/in\/katarine-monteiro-19385297\/\",\"https:\/\/x.com\/https:\/\/twitter.com\/Katarinem\"],\"url\":\"https:\/\/swimchannel.net\/br\/author\/katarine-monteiro\/\"}]}<\/script>\n<!-- \/ Yoast SEO plugin. -->","yoast_head_json":{"title":"As provas dos brasileiros no Mundial de Budapeste - Swimchannel","robots":{"index":"index","follow":"follow","max-snippet":"max-snippet:-1","max-image-preview":"max-image-preview:large","max-video-preview":"max-video-preview:-1"},"canonical":"https:\/\/swimchannel.net\/br\/as-provas-dos-brasileiros-no-mundial-de-budapeste\/","og_locale":"pt_BR","og_type":"article","og_title":"As provas dos brasileiros no Mundial de Budapeste - Swimchannel","og_description":"Competi\u00e7\u00e3o come\u00e7a s\u00e1bado na capital h\u00fangara e 30 nadadores do pa\u00eds disputam o evento","og_url":"https:\/\/swimchannel.net\/br\/as-provas-dos-brasileiros-no-mundial-de-budapeste\/","og_site_name":"Swimchannel","article_publisher":"https:\/\/www.facebook.com\/swimchannel","article_published_time":"2022-06-17T12:00:40+00:00","og_image":[{"width":945,"height":630,"url":"https:\/\/swimchannel.net\/br\/wp-content\/uploads\/2022\/04\/51983011181_5b4e284807_k.jpg","type":"image\/jpeg"}],"author":"Katarine Monteiro","twitter_card":"summary_large_image","twitter_creator":"@https:\/\/twitter.com\/Katarinem","twitter_misc":{"Escrito por":"Katarine Monteiro","Est. tempo de leitura":"2 minutos"},"schema":{"@context":"https:\/\/schema.org","@graph":[{"@type":"Article","@id":"https:\/\/swimchannel.net\/br\/as-provas-dos-brasileiros-no-mundial-de-budapeste\/#article","isPartOf":{"@id":"https:\/\/swimchannel.net\/br\/as-provas-dos-brasileiros-no-mundial-de-budapeste\/"},"author":{"name":"Katarine Monteiro","@id":"https:\/\/swimchannel.net\/br\/#\/schema\/person\/73ae9cec62249968bca1f0a8098ef002"},"headline":"As provas dos brasileiros no Mundial de Budapeste","datePublished":"2022-06-17T12:00:40+00:00","mainEntityOfPage":{"@id":"https:\/\/swimchannel.net\/br\/as-provas-dos-brasileiros-no-mundial-de-budapeste\/"},"wordCount":469,"commentCount":1,"publisher":{"@id":"https:\/\/swimchannel.net\/br\/#organization"},"image":{"@id":"https:\/\/swimchannel.net\/br\/as-provas-dos-brasileiros-no-mundial-de-budapeste\/#primaryimage"},"thumbnailUrl":"https:\/\/swimchannel.net\/br\/wp-content\/uploads\/2022\/04\/51983011181_5b4e284807_k.jpg","keywords":["\u00c1guas abertas","Budapeste-2022","Campeonato Mundial","Fina","natacao"],"articleSection":["Campeonato Mundial"],"inLanguage":"pt-BR","potentialAction":[{"@type":"CommentAction","name":"Comment","target":["https:\/\/swimchannel.net\/br\/as-provas-dos-brasileiros-no-mundial-de-budapeste\/#respond"]}]},{"@type":"WebPage","@id":"https:\/\/swimchannel.net\/br\/as-provas-dos-brasileiros-no-mundial-de-budapeste\/","url":"https:\/\/swimchannel.net\/br\/as-provas-dos-brasileiros-no-mundial-de-budapeste\/","name":"As provas dos brasileiros no Mundial de Budapeste - Swimchannel","isPartOf":{"@id":"https:\/\/swimchannel.net\/br\/#website"},"primaryImageOfPage":{"@id":"https:\/\/swimchannel.net\/br\/as-provas-dos-brasileiros-no-mundial-de-budapeste\/#primaryimage"},"image":{"@id":"https:\/\/swimchannel.net\/br\/as-provas-dos-brasileiros-no-mundial-de-budapeste\/#primaryimage"},"thumbnailUrl":"https:\/\/swimchannel.net\/br\/wp-content\/uploads\/2022\/04\/51983011181_5b4e284807_k.jpg","datePublished":"2022-06-17T12:00:40+00:00","breadcrumb":{"@id":"https:\/\/swimchannel.net\/br\/as-provas-dos-brasileiros-no-mundial-de-budapeste\/#breadcrumb"},"inLanguage":"pt-BR","potentialAction":[{"@type":"ReadAction","target":["https:\/\/swimchannel.net\/br\/as-provas-dos-brasileiros-no-mundial-de-budapeste\/"]}]},{"@type":"ImageObject","inLanguage":"pt-BR","@id":"https:\/\/swimchannel.net\/br\/as-provas-dos-brasileiros-no-mundial-de-budapeste\/#primaryimage","url":"https:\/\/swimchannel.net\/br\/wp-content\/uploads\/2022\/04\/51983011181_5b4e284807_k.jpg","contentUrl":"https:\/\/swimchannel.net\/br\/wp-content\/uploads\/2022\/04\/51983011181_5b4e284807_k.jpg","width":945,"height":630,"caption":"Fernando Scheffer - Foto: Ricardo Sodr\u00e9"},{"@type":"BreadcrumbList","@id":"https:\/\/swimchannel.net\/br\/as-provas-dos-brasileiros-no-mundial-de-budapeste\/#breadcrumb","itemListElement":[{"@type":"ListItem","position":1,"name":"Home","item":"https:\/\/swimchannel.net\/br\/"},{"@type":"ListItem","position":2,"name":"As provas dos brasileiros no Mundial de Budapeste"}]},{"@type":"WebSite","@id":"https:\/\/swimchannel.net\/br\/#website","url":"https:\/\/swimchannel.net\/br\/","name":"Swimchannel","description":"Maior portal de nata\u00e7\u00e3o da america latina","publisher":{"@id":"https:\/\/swimchannel.net\/br\/#organization"},"potentialAction":[{"@type":"SearchAction","target":{"@type":"EntryPoint","urlTemplate":"https:\/\/swimchannel.net\/br\/?s={search_term_string}"},"query-input":{"@type":"PropertyValueSpecification","valueRequired":true,"valueName":"search_term_string"}}],"inLanguage":"pt-BR"},{"@type":"Organization","@id":"https:\/\/swimchannel.net\/br\/#organization","name":"Swimchannel - Conectando voc\u00ea a Nata\u00e7\u00e3o","url":"https:\/\/swimchannel.net\/br\/","logo":{"@type":"ImageObject","inLanguage":"pt-BR","@id":"https:\/\/swimchannel.net\/br\/#\/schema\/logo\/image\/","url":"https:\/\/swimchannel.net\/br\/wp-content\/uploads\/2026\/02\/SWIM-CHANNEL.png","contentUrl":"https:\/\/swimchannel.net\/br\/wp-content\/uploads\/2026\/02\/SWIM-CHANNEL.png","width":1120,"height":630,"caption":"Swimchannel - Conectando voc\u00ea a Nata\u00e7\u00e3o"},"image":{"@id":"https:\/\/swimchannel.net\/br\/#\/schema\/logo\/image\/"},"sameAs":["https:\/\/www.facebook.com\/swimchannel","https:\/\/www.instagram.com\/swimchannel"]},{"@type":"Person","@id":"https:\/\/swimchannel.net\/br\/#\/schema\/person\/73ae9cec62249968bca1f0a8098ef002","name":"Katarine Monteiro","image":{"@type":"ImageObject","inLanguage":"pt-BR","@id":"https:\/\/swimchannel.net\/br\/#\/schema\/person\/image\/","url":"https:\/\/swimchannel.net\/br\/wp-content\/uploads\/2022\/01\/Katarine-Monteiro-100x100.jpg","contentUrl":"https:\/\/swimchannel.net\/br\/wp-content\/uploads\/2022\/01\/Katarine-Monteiro-100x100.jpg","caption":"Katarine Monteiro"},"description":"Jornalista SWIM CHANNEL especializada em esportes ol\u00edmpicos e em sa\u00fade. Com cobertura de grandes eventos internacionais, como Jogos Ol\u00edmpicos Rio 2016, Jogos Pan-Americanos em Lima 2019, Qatar Total Open 2020, Qatar ExxonMobil Open 2019 - t\u00eanis em Doha (QT), Semana Internacional de Vela de Ilhabela, Transat Jacques Vabre 2019 (Fran\u00e7a-Brasil), L'\u00c9tape Brasil by Tour de France, j\u00e1 fez in\u00fameras coberturas de nata\u00e7\u00e3o, maratona aqu\u00e1tica e polo aqu\u00e1tico. Formada tamb\u00e9m em Letras, a jornalista atua como assessora de imprensa, rela\u00e7\u00f5es p\u00fablicas e social media, com especializa\u00e7\u00e3o em marketing esportivo. Nadadora amadora de \u00e1guas abertas, j\u00e1 trabalhou com grandes nomes da nata\u00e7\u00e3o e do polo aqu\u00e1tico brasileiro.","sameAs":["https:\/\/www.instagram.com\/_katarinemonteiro\/","https:\/\/www.linkedin.com\/in\/katarine-monteiro-19385297\/","https:\/\/x.com\/https:\/\/twitter.com\/Katarinem"],"url":"https:\/\/swimchannel.net\/br\/author\/katarine-monteiro\/"}]}},"_links":{"self":[{"href":"https:\/\/swimchannel.net\/br\/wp-json\/wp\/v2\/posts\/51474","targetHints":{"allow":["GET"]}}],"collection":[{"href":"https:\/\/swimchannel.net\/br\/wp-json\/wp\/v2\/posts"}],"about":[{"href":"https:\/\/swimchannel.net\/br\/wp-json\/wp\/v2\/types\/post"}],"author":[{"embeddable":true,"href":"https:\/\/swimchannel.net\/br\/wp-json\/wp\/v2\/users\/9"}],"replies":[{"embeddable":true,"href":"https:\/\/swimchannel.net\/br\/wp-json\/wp\/v2\/comments?post=51474"}],"version-history":[{"count":6,"href":"https:\/\/swimchannel.net\/br\/wp-json\/wp\/v2\/posts\/51474\/revisions"}],"predecessor-version":[{"id":51507,"href":"https:\/\/swimchannel.net\/br\/wp-json\/wp\/v2\/posts\/51474\/revisions\/51507"}],"wp:featuredmedia":[{"embeddable":true,"href":"https:\/\/swimchannel.net\/br\/wp-json\/wp\/v2\/media\/50208"}],"wp:attachment":[{"href":"https:\/\/swimchannel.net\/br\/wp-json\/wp\/v2\/media?parent=51474"}],"wp:term":[{"taxonomy":"category","embeddable":true,"href":"https:\/\/swimchannel.net\/br\/wp-json\/wp\/v2\/categories?post=51474"},{"taxonomy":"post_tag","embeddable":true,"href":"https:\/\/swimchannel.net\/br\/wp-json\/wp\/v2\/tags?post=51474"}],"curies":[{"name":"wp","href":"https:\/\/api.w.org\/{rel}","templated":true}]}}