{"id":51595,"date":"2022-06-18T10:08:48","date_gmt":"2022-06-18T13:08:48","guid":{"rendered":"https:\/\/swimchannel.net\/br\/?p=51595"},"modified":"2026-03-17T12:33:51","modified_gmt":"2026-03-17T15:33:51","slug":"duas-finais-ineditas-no-primeiro-dia-do-brasil-em-budapeste","status":"publish","type":"post","link":"https:\/\/swimchannel.net\/br\/duas-finais-ineditas-no-primeiro-dia-do-brasil-em-budapeste\/","title":{"rendered":"Duas finais in\u00e9ditas no primeiro dia do Brasil em Budapeste"},"content":{"rendered":"<p>Os 400m livre de Guilherme Costa e o revezamento feminino do 4x100m livre fizeram hist\u00f3ria hoje em Budapeste. As duas classifica\u00e7\u00f5es s\u00e3o in\u00e9ditas para o Brasil na disputa dos Campeonatos Mundiais de longa.<\/p>\n<p>Guilherme Costa e seus 3min44s52 com novo recorde sul-americano lhe deu a terceira posi\u00e7\u00e3o para a final de uma prova que faz parte do programa da competi\u00e7\u00e3o desde a primeira edi\u00e7\u00e3o, em 1973. Com a vaga na final para o Brasil nos 400m livre, agora de todas as provas do programa masculino a \u00fanica que ainda nunca teve um brasileiro na final \u00e9 os 800m livre.<\/p>\n<figure id=\"attachment_51596\" aria-describedby=\"caption-attachment-51596\" style=\"width: 945px\" class=\"wp-caption alignnone\"><img loading=\"lazy\" decoding=\"async\" class=\"size-full wp-image-51596\" src=\"https:\/\/swimchannel.net\/br\/wp-content\/uploads\/2022\/06\/WhatsApp-Image-2022-06-18-at-2.15.02-PM.jpeg\" alt=\"\" width=\"945\" height=\"630\" srcset=\"https:\/\/swimchannel.net\/br\/wp-content\/uploads\/2022\/06\/WhatsApp-Image-2022-06-18-at-2.15.02-PM.jpeg 945w, https:\/\/swimchannel.net\/br\/wp-content\/uploads\/2022\/06\/WhatsApp-Image-2022-06-18-at-2.15.02-PM-270x180.jpeg 270w, https:\/\/swimchannel.net\/br\/wp-content\/uploads\/2022\/06\/WhatsApp-Image-2022-06-18-at-2.15.02-PM-768x512.jpeg 768w, https:\/\/swimchannel.net\/br\/wp-content\/uploads\/2022\/06\/WhatsApp-Image-2022-06-18-at-2.15.02-PM-750x500.jpeg 750w\" sizes=\"auto, (max-width: 945px) 100vw, 945px\" \/><figcaption id=\"caption-attachment-51596\" class=\"wp-caption-text\">Guilherme Costa &#8211; Foto: Jo\u00e3o Paulo Castro\/CBDA<\/figcaption><\/figure>\n<p>O revezamento de Ana Carolina Vieira, Stephanie Balduccini, Giovanna Diamante e Giovana Reis ganhou a s\u00e9tima vaga para a final. Com tempo de 3min18s04, se aproximando do recorde sul-americano da prova, a equipe quebrou um jejum que se mantinha desde 2009. No Mundial de Roma, foi a primeira, e \u00fanica, vez que um revezamento feminino esteve em final de Mundial de longa, na \u00e9poca o 4x100m medley que ficou na oitava classifica\u00e7\u00e3o.<\/p>\n<p>A classifica\u00e7\u00e3o do 4x100m livre feminino tamb\u00e9m quebrou outro jejum de n\u00e3o ter mulheres em finais de Mundial de provas ol\u00edmpicas, desde o Mundial de Roma onde tivemos o revezamento 4x100m medley e Gabriella Silva nos 100m borboleta.<\/p>\n","protected":false},"excerpt":{"rendered":"<p>Feitos vieram com Guilherme Costa nos 400m livre e o revezamento 4x100m livre feminino<\/p>\n","protected":false},"author":12,"featured_media":44665,"comment_status":"open","ping_status":"open","sticky":false,"template":"","format":"gallery","meta":{"footnotes":""},"categories":[58],"tags":[122,4577,44,815,5,848],"class_list":["post-51595","post","type-post","status-publish","format-gallery","has-post-thumbnail","hentry","category-campeonato-mundial","tag-brasil","tag-budapeste-2022","tag-campeonato-mundial","tag-guilherme-costa","tag-natacao","tag-revezamento-4x100m-livre","post_format-post-format-gallery"],"yoast_head":"<!-- This site is optimized with the Yoast SEO plugin v27.0 - https:\/\/yoast.com\/product\/yoast-seo-wordpress\/ -->\n<title>Duas finais in\u00e9ditas no primeiro dia do Brasil em Budapeste - Swimchannel<\/title>\n<meta name=\"robots\" content=\"index, follow, max-snippet:-1, max-image-preview:large, max-video-preview:-1\" \/>\n<link rel=\"canonical\" href=\"https:\/\/swimchannel.net\/br\/duas-finais-ineditas-no-primeiro-dia-do-brasil-em-budapeste\/\" \/>\n<meta property=\"og:locale\" content=\"pt_BR\" \/>\n<meta property=\"og:type\" content=\"article\" \/>\n<meta property=\"og:title\" content=\"Duas finais in\u00e9ditas no primeiro dia do Brasil em Budapeste - Swimchannel\" \/>\n<meta property=\"og:description\" content=\"Feitos vieram com Guilherme Costa nos 400m livre e o revezamento 4x100m livre feminino\" \/>\n<meta property=\"og:url\" content=\"https:\/\/swimchannel.net\/br\/duas-finais-ineditas-no-primeiro-dia-do-brasil-em-budapeste\/\" \/>\n<meta property=\"og:site_name\" content=\"Swimchannel\" \/>\n<meta property=\"article:publisher\" content=\"https:\/\/www.facebook.com\/swimchannel\" \/>\n<meta property=\"article:published_time\" content=\"2022-06-18T13:08:48+00:00\" \/>\n<meta property=\"article:modified_time\" content=\"2026-03-17T15:33:51+00:00\" \/>\n<meta property=\"og:image\" content=\"https:\/\/swimchannel.net\/br\/wp-content\/uploads\/2021\/07\/64I4806.jpg\" \/>\n\t<meta property=\"og:image:width\" content=\"945\" \/>\n\t<meta property=\"og:image:height\" content=\"630\" \/>\n\t<meta property=\"og:image:type\" content=\"image\/jpeg\" \/>\n<meta name=\"author\" content=\"Alex Pussieldi\" \/>\n<meta name=\"twitter:card\" content=\"summary_large_image\" \/>\n<meta name=\"twitter:label1\" content=\"Escrito por\" \/>\n\t<meta name=\"twitter:data1\" content=\"Alex Pussieldi\" \/>\n\t<meta name=\"twitter:label2\" content=\"Est. tempo de leitura\" \/>\n\t<meta name=\"twitter:data2\" content=\"2 minutos\" \/>\n<script type=\"application\/ld+json\" class=\"yoast-schema-graph\">{\"@context\":\"https:\/\/schema.org\",\"@graph\":[{\"@type\":\"Article\",\"@id\":\"https:\/\/swimchannel.net\/br\/duas-finais-ineditas-no-primeiro-dia-do-brasil-em-budapeste\/#article\",\"isPartOf\":{\"@id\":\"https:\/\/swimchannel.net\/br\/duas-finais-ineditas-no-primeiro-dia-do-brasil-em-budapeste\/\"},\"author\":{\"name\":\"Alex Pussieldi\",\"@id\":\"https:\/\/swimchannel.net\/br\/#\/schema\/person\/cf549cb99cf75592fcf7c76213385e63\"},\"headline\":\"Duas finais in\u00e9ditas no primeiro dia do Brasil em Budapeste\",\"datePublished\":\"2022-06-18T13:08:48+00:00\",\"dateModified\":\"2026-03-17T15:33:51+00:00\",\"mainEntityOfPage\":{\"@id\":\"https:\/\/swimchannel.net\/br\/duas-finais-ineditas-no-primeiro-dia-do-brasil-em-budapeste\/\"},\"wordCount\":252,\"commentCount\":0,\"publisher\":{\"@id\":\"https:\/\/swimchannel.net\/br\/#organization\"},\"image\":{\"@id\":\"https:\/\/swimchannel.net\/br\/duas-finais-ineditas-no-primeiro-dia-do-brasil-em-budapeste\/#primaryimage\"},\"thumbnailUrl\":\"https:\/\/swimchannel.net\/br\/wp-content\/uploads\/2021\/07\/64I4806.jpg\",\"keywords\":[\"Brasil\",\"Budapeste-2022\",\"Campeonato Mundial\",\"Guilherme Costa\",\"natacao\",\"revezamento 4x100m livre\"],\"articleSection\":[\"Campeonato Mundial\"],\"inLanguage\":\"pt-BR\",\"potentialAction\":[{\"@type\":\"CommentAction\",\"name\":\"Comment\",\"target\":[\"https:\/\/swimchannel.net\/br\/duas-finais-ineditas-no-primeiro-dia-do-brasil-em-budapeste\/#respond\"]}]},{\"@type\":\"WebPage\",\"@id\":\"https:\/\/swimchannel.net\/br\/duas-finais-ineditas-no-primeiro-dia-do-brasil-em-budapeste\/\",\"url\":\"https:\/\/swimchannel.net\/br\/duas-finais-ineditas-no-primeiro-dia-do-brasil-em-budapeste\/\",\"name\":\"Duas finais in\u00e9ditas no primeiro dia do Brasil em Budapeste - Swimchannel\",\"isPartOf\":{\"@id\":\"https:\/\/swimchannel.net\/br\/#website\"},\"primaryImageOfPage\":{\"@id\":\"https:\/\/swimchannel.net\/br\/duas-finais-ineditas-no-primeiro-dia-do-brasil-em-budapeste\/#primaryimage\"},\"image\":{\"@id\":\"https:\/\/swimchannel.net\/br\/duas-finais-ineditas-no-primeiro-dia-do-brasil-em-budapeste\/#primaryimage\"},\"thumbnailUrl\":\"https:\/\/swimchannel.net\/br\/wp-content\/uploads\/2021\/07\/64I4806.jpg\",\"datePublished\":\"2022-06-18T13:08:48+00:00\",\"dateModified\":\"2026-03-17T15:33:51+00:00\",\"breadcrumb\":{\"@id\":\"https:\/\/swimchannel.net\/br\/duas-finais-ineditas-no-primeiro-dia-do-brasil-em-budapeste\/#breadcrumb\"},\"inLanguage\":\"pt-BR\",\"potentialAction\":[{\"@type\":\"ReadAction\",\"target\":[\"https:\/\/swimchannel.net\/br\/duas-finais-ineditas-no-primeiro-dia-do-brasil-em-budapeste\/\"]}]},{\"@type\":\"ImageObject\",\"inLanguage\":\"pt-BR\",\"@id\":\"https:\/\/swimchannel.net\/br\/duas-finais-ineditas-no-primeiro-dia-do-brasil-em-budapeste\/#primaryimage\",\"url\":\"https:\/\/swimchannel.net\/br\/wp-content\/uploads\/2021\/07\/64I4806.jpg\",\"contentUrl\":\"https:\/\/swimchannel.net\/br\/wp-content\/uploads\/2021\/07\/64I4806.jpg\",\"width\":945,\"height\":630,\"caption\":\"Guilherme Costa - Foto: Satiro Sodr\u00e9\/SSPress\/CBDA\"},{\"@type\":\"BreadcrumbList\",\"@id\":\"https:\/\/swimchannel.net\/br\/duas-finais-ineditas-no-primeiro-dia-do-brasil-em-budapeste\/#breadcrumb\",\"itemListElement\":[{\"@type\":\"ListItem\",\"position\":1,\"name\":\"Home\",\"item\":\"https:\/\/swimchannel.net\/br\/\"},{\"@type\":\"ListItem\",\"position\":2,\"name\":\"Duas finais in\u00e9ditas no primeiro dia do Brasil em Budapeste\"}]},{\"@type\":\"WebSite\",\"@id\":\"https:\/\/swimchannel.net\/br\/#website\",\"url\":\"https:\/\/swimchannel.net\/br\/\",\"name\":\"Swimchannel\",\"description\":\"Maior portal de nata\u00e7\u00e3o da america latina\",\"publisher\":{\"@id\":\"https:\/\/swimchannel.net\/br\/#organization\"},\"potentialAction\":[{\"@type\":\"SearchAction\",\"target\":{\"@type\":\"EntryPoint\",\"urlTemplate\":\"https:\/\/swimchannel.net\/br\/?s={search_term_string}\"},\"query-input\":{\"@type\":\"PropertyValueSpecification\",\"valueRequired\":true,\"valueName\":\"search_term_string\"}}],\"inLanguage\":\"pt-BR\"},{\"@type\":\"Organization\",\"@id\":\"https:\/\/swimchannel.net\/br\/#organization\",\"name\":\"Swimchannel - Conectando voc\u00ea a Nata\u00e7\u00e3o\",\"url\":\"https:\/\/swimchannel.net\/br\/\",\"logo\":{\"@type\":\"ImageObject\",\"inLanguage\":\"pt-BR\",\"@id\":\"https:\/\/swimchannel.net\/br\/#\/schema\/logo\/image\/\",\"url\":\"https:\/\/swimchannel.net\/br\/wp-content\/uploads\/2026\/02\/SWIM-CHANNEL.png\",\"contentUrl\":\"https:\/\/swimchannel.net\/br\/wp-content\/uploads\/2026\/02\/SWIM-CHANNEL.png\",\"width\":1120,\"height\":630,\"caption\":\"Swimchannel - Conectando voc\u00ea a Nata\u00e7\u00e3o\"},\"image\":{\"@id\":\"https:\/\/swimchannel.net\/br\/#\/schema\/logo\/image\/\"},\"sameAs\":[\"https:\/\/www.facebook.com\/swimchannel\",\"https:\/\/www.instagram.com\/swimchannel\"]},{\"@type\":\"Person\",\"@id\":\"https:\/\/swimchannel.net\/br\/#\/schema\/person\/cf549cb99cf75592fcf7c76213385e63\",\"name\":\"Alex Pussieldi\",\"image\":{\"@type\":\"ImageObject\",\"inLanguage\":\"pt-BR\",\"@id\":\"https:\/\/swimchannel.net\/br\/#\/schema\/person\/image\/\",\"url\":\"https:\/\/swimchannel.net\/br\/wp-content\/uploads\/2021\/02\/9b1c252d-a4bd-4eda-b399-24565cac4114-100x100.jpg\",\"contentUrl\":\"https:\/\/swimchannel.net\/br\/wp-content\/uploads\/2021\/02\/9b1c252d-a4bd-4eda-b399-24565cac4114-100x100.jpg\",\"caption\":\"Alex Pussieldi\"},\"description\":\"Alexandre Pussieldi, apelidado de \u201ccoach\u201d, Foi t\u00e9cnico da sele\u00e7\u00e3o verde e amarela nas Olimp\u00edadas de Pequim-2008 e Londres-2012. O treinador ainda comandou outros quatro pa\u00edses: Kuwait, Paraguai, Aruba e Antilhas Holandesas, al\u00e9m da sele\u00e7\u00e3o americana de \u00e1guas abertas. Pussieldi tem passagens como comentarista de nata\u00e7\u00e3o do Grupo Globo e Swim Channel.\",\"url\":\"https:\/\/swimchannel.net\/br\/author\/alexpussieldi\/\"}]}<\/script>\n<!-- \/ Yoast SEO plugin. -->","yoast_head_json":{"title":"Duas finais in\u00e9ditas no primeiro dia do Brasil em Budapeste - Swimchannel","robots":{"index":"index","follow":"follow","max-snippet":"max-snippet:-1","max-image-preview":"max-image-preview:large","max-video-preview":"max-video-preview:-1"},"canonical":"https:\/\/swimchannel.net\/br\/duas-finais-ineditas-no-primeiro-dia-do-brasil-em-budapeste\/","og_locale":"pt_BR","og_type":"article","og_title":"Duas finais in\u00e9ditas no primeiro dia do Brasil em Budapeste - Swimchannel","og_description":"Feitos vieram com Guilherme Costa nos 400m livre e o revezamento 4x100m livre feminino","og_url":"https:\/\/swimchannel.net\/br\/duas-finais-ineditas-no-primeiro-dia-do-brasil-em-budapeste\/","og_site_name":"Swimchannel","article_publisher":"https:\/\/www.facebook.com\/swimchannel","article_published_time":"2022-06-18T13:08:48+00:00","article_modified_time":"2026-03-17T15:33:51+00:00","og_image":[{"width":945,"height":630,"url":"https:\/\/swimchannel.net\/br\/wp-content\/uploads\/2021\/07\/64I4806.jpg","type":"image\/jpeg"}],"author":"Alex Pussieldi","twitter_card":"summary_large_image","twitter_misc":{"Escrito por":"Alex Pussieldi","Est. tempo de leitura":"2 minutos"},"schema":{"@context":"https:\/\/schema.org","@graph":[{"@type":"Article","@id":"https:\/\/swimchannel.net\/br\/duas-finais-ineditas-no-primeiro-dia-do-brasil-em-budapeste\/#article","isPartOf":{"@id":"https:\/\/swimchannel.net\/br\/duas-finais-ineditas-no-primeiro-dia-do-brasil-em-budapeste\/"},"author":{"name":"Alex Pussieldi","@id":"https:\/\/swimchannel.net\/br\/#\/schema\/person\/cf549cb99cf75592fcf7c76213385e63"},"headline":"Duas finais in\u00e9ditas no primeiro dia do Brasil em Budapeste","datePublished":"2022-06-18T13:08:48+00:00","dateModified":"2026-03-17T15:33:51+00:00","mainEntityOfPage":{"@id":"https:\/\/swimchannel.net\/br\/duas-finais-ineditas-no-primeiro-dia-do-brasil-em-budapeste\/"},"wordCount":252,"commentCount":0,"publisher":{"@id":"https:\/\/swimchannel.net\/br\/#organization"},"image":{"@id":"https:\/\/swimchannel.net\/br\/duas-finais-ineditas-no-primeiro-dia-do-brasil-em-budapeste\/#primaryimage"},"thumbnailUrl":"https:\/\/swimchannel.net\/br\/wp-content\/uploads\/2021\/07\/64I4806.jpg","keywords":["Brasil","Budapeste-2022","Campeonato Mundial","Guilherme Costa","natacao","revezamento 4x100m livre"],"articleSection":["Campeonato Mundial"],"inLanguage":"pt-BR","potentialAction":[{"@type":"CommentAction","name":"Comment","target":["https:\/\/swimchannel.net\/br\/duas-finais-ineditas-no-primeiro-dia-do-brasil-em-budapeste\/#respond"]}]},{"@type":"WebPage","@id":"https:\/\/swimchannel.net\/br\/duas-finais-ineditas-no-primeiro-dia-do-brasil-em-budapeste\/","url":"https:\/\/swimchannel.net\/br\/duas-finais-ineditas-no-primeiro-dia-do-brasil-em-budapeste\/","name":"Duas finais in\u00e9ditas no primeiro dia do Brasil em Budapeste - Swimchannel","isPartOf":{"@id":"https:\/\/swimchannel.net\/br\/#website"},"primaryImageOfPage":{"@id":"https:\/\/swimchannel.net\/br\/duas-finais-ineditas-no-primeiro-dia-do-brasil-em-budapeste\/#primaryimage"},"image":{"@id":"https:\/\/swimchannel.net\/br\/duas-finais-ineditas-no-primeiro-dia-do-brasil-em-budapeste\/#primaryimage"},"thumbnailUrl":"https:\/\/swimchannel.net\/br\/wp-content\/uploads\/2021\/07\/64I4806.jpg","datePublished":"2022-06-18T13:08:48+00:00","dateModified":"2026-03-17T15:33:51+00:00","breadcrumb":{"@id":"https:\/\/swimchannel.net\/br\/duas-finais-ineditas-no-primeiro-dia-do-brasil-em-budapeste\/#breadcrumb"},"inLanguage":"pt-BR","potentialAction":[{"@type":"ReadAction","target":["https:\/\/swimchannel.net\/br\/duas-finais-ineditas-no-primeiro-dia-do-brasil-em-budapeste\/"]}]},{"@type":"ImageObject","inLanguage":"pt-BR","@id":"https:\/\/swimchannel.net\/br\/duas-finais-ineditas-no-primeiro-dia-do-brasil-em-budapeste\/#primaryimage","url":"https:\/\/swimchannel.net\/br\/wp-content\/uploads\/2021\/07\/64I4806.jpg","contentUrl":"https:\/\/swimchannel.net\/br\/wp-content\/uploads\/2021\/07\/64I4806.jpg","width":945,"height":630,"caption":"Guilherme Costa - Foto: Satiro Sodr\u00e9\/SSPress\/CBDA"},{"@type":"BreadcrumbList","@id":"https:\/\/swimchannel.net\/br\/duas-finais-ineditas-no-primeiro-dia-do-brasil-em-budapeste\/#breadcrumb","itemListElement":[{"@type":"ListItem","position":1,"name":"Home","item":"https:\/\/swimchannel.net\/br\/"},{"@type":"ListItem","position":2,"name":"Duas finais in\u00e9ditas no primeiro dia do Brasil em Budapeste"}]},{"@type":"WebSite","@id":"https:\/\/swimchannel.net\/br\/#website","url":"https:\/\/swimchannel.net\/br\/","name":"Swimchannel","description":"Maior portal de nata\u00e7\u00e3o da america latina","publisher":{"@id":"https:\/\/swimchannel.net\/br\/#organization"},"potentialAction":[{"@type":"SearchAction","target":{"@type":"EntryPoint","urlTemplate":"https:\/\/swimchannel.net\/br\/?s={search_term_string}"},"query-input":{"@type":"PropertyValueSpecification","valueRequired":true,"valueName":"search_term_string"}}],"inLanguage":"pt-BR"},{"@type":"Organization","@id":"https:\/\/swimchannel.net\/br\/#organization","name":"Swimchannel - Conectando voc\u00ea a Nata\u00e7\u00e3o","url":"https:\/\/swimchannel.net\/br\/","logo":{"@type":"ImageObject","inLanguage":"pt-BR","@id":"https:\/\/swimchannel.net\/br\/#\/schema\/logo\/image\/","url":"https:\/\/swimchannel.net\/br\/wp-content\/uploads\/2026\/02\/SWIM-CHANNEL.png","contentUrl":"https:\/\/swimchannel.net\/br\/wp-content\/uploads\/2026\/02\/SWIM-CHANNEL.png","width":1120,"height":630,"caption":"Swimchannel - Conectando voc\u00ea a Nata\u00e7\u00e3o"},"image":{"@id":"https:\/\/swimchannel.net\/br\/#\/schema\/logo\/image\/"},"sameAs":["https:\/\/www.facebook.com\/swimchannel","https:\/\/www.instagram.com\/swimchannel"]},{"@type":"Person","@id":"https:\/\/swimchannel.net\/br\/#\/schema\/person\/cf549cb99cf75592fcf7c76213385e63","name":"Alex Pussieldi","image":{"@type":"ImageObject","inLanguage":"pt-BR","@id":"https:\/\/swimchannel.net\/br\/#\/schema\/person\/image\/","url":"https:\/\/swimchannel.net\/br\/wp-content\/uploads\/2021\/02\/9b1c252d-a4bd-4eda-b399-24565cac4114-100x100.jpg","contentUrl":"https:\/\/swimchannel.net\/br\/wp-content\/uploads\/2021\/02\/9b1c252d-a4bd-4eda-b399-24565cac4114-100x100.jpg","caption":"Alex Pussieldi"},"description":"Alexandre Pussieldi, apelidado de \u201ccoach\u201d, Foi t\u00e9cnico da sele\u00e7\u00e3o verde e amarela nas Olimp\u00edadas de Pequim-2008 e Londres-2012. O treinador ainda comandou outros quatro pa\u00edses: Kuwait, Paraguai, Aruba e Antilhas Holandesas, al\u00e9m da sele\u00e7\u00e3o americana de \u00e1guas abertas. Pussieldi tem passagens como comentarista de nata\u00e7\u00e3o do Grupo Globo e Swim Channel.","url":"https:\/\/swimchannel.net\/br\/author\/alexpussieldi\/"}]}},"_links":{"self":[{"href":"https:\/\/swimchannel.net\/br\/wp-json\/wp\/v2\/posts\/51595","targetHints":{"allow":["GET"]}}],"collection":[{"href":"https:\/\/swimchannel.net\/br\/wp-json\/wp\/v2\/posts"}],"about":[{"href":"https:\/\/swimchannel.net\/br\/wp-json\/wp\/v2\/types\/post"}],"author":[{"embeddable":true,"href":"https:\/\/swimchannel.net\/br\/wp-json\/wp\/v2\/users\/12"}],"replies":[{"embeddable":true,"href":"https:\/\/swimchannel.net\/br\/wp-json\/wp\/v2\/comments?post=51595"}],"version-history":[{"count":3,"href":"https:\/\/swimchannel.net\/br\/wp-json\/wp\/v2\/posts\/51595\/revisions"}],"predecessor-version":[{"id":51600,"href":"https:\/\/swimchannel.net\/br\/wp-json\/wp\/v2\/posts\/51595\/revisions\/51600"}],"wp:featuredmedia":[{"embeddable":true,"href":"https:\/\/swimchannel.net\/br\/wp-json\/wp\/v2\/media\/44665"}],"wp:attachment":[{"href":"https:\/\/swimchannel.net\/br\/wp-json\/wp\/v2\/media?parent=51595"}],"wp:term":[{"taxonomy":"category","embeddable":true,"href":"https:\/\/swimchannel.net\/br\/wp-json\/wp\/v2\/categories?post=51595"},{"taxonomy":"post_tag","embeddable":true,"href":"https:\/\/swimchannel.net\/br\/wp-json\/wp\/v2\/tags?post=51595"}],"curies":[{"name":"wp","href":"https:\/\/api.w.org\/{rel}","templated":true}]}}