{"id":51934,"date":"2022-06-29T20:48:59","date_gmt":"2022-06-29T23:48:59","guid":{"rendered":"https:\/\/swimchannel.net\/br\/?p=51934"},"modified":"2022-07-02T17:49:49","modified_gmt":"2022-07-02T20:49:49","slug":"dia-historico-para-portugal-com-os-melhores-resultados-de-sempre-nos-10k","status":"publish","type":"post","link":"https:\/\/swimchannel.net\/br\/dia-historico-para-portugal-com-os-melhores-resultados-de-sempre-nos-10k\/","title":{"rendered":"Dia hist\u00f3rico para Portugal com os melhores resultados de sempre nos 10k"},"content":{"rendered":"<p>Pode bem dizer-se que o pen\u00faltimo dia de junho foi hist\u00f3rico para as \u00e1guas abertas de Portugal, que obteve os melhores resultados de sempre em Campeonatos do Mundo na exigente prova de 10k: um 7\u00ba lugar de Ang\u00e9lica Andr\u00e9, 12\u00ba de Mafalda Rosa, e um 20\u00ba de Tiago Campos, todos automaticamente integrados no Projeto Ol\u00edmpico Paris 2024 por se terem classificado no top 22 do Mundial de Budapeste.<\/p>\n<p>Tamb\u00e9m o quarto atleta de Portugal, Diogo Cardoso, esteve em bom n\u00edvel, sendo 27\u00ba classificado, o que aos 21 anos, e para estreia num Mundial, foi muito positivo (e s\u00f3 cinco atletas do top 28 eram mais novos que o sportinguista).<\/p>\n<p>Mas al\u00e9m da presta\u00e7\u00e3o top, gostei muito de ouvir as declara\u00e7\u00f5es da Ang\u00e9lica a Alex Pussieldi da Swim Channel, e que repetiu \u00e0 FPN no final da prova, dizendo que \u201cfoi uma prova f\u00e1cil\u2026e, at\u00e9 \u00e0 terceira volta, foi suave\u2026depois houve um \u2018arranquezinho\u2019, parou outra vez; senti-me bem do princ\u00edpio ao fim\u2026Pena n\u00e3o ter conseguido fazer ainda um bocadinho melhor,,,mas acho que j\u00e1 foi muito bom \u00f3bvio; senti-me sempre bem, cometi ali uns errozitos de abastecimento [nem sabia que tinha levado um cart\u00e3o amarelo, que em nada prejudicou a classifica\u00e7\u00e3o]. Mas foi uma boa prova, e a melhor classifica\u00e7\u00e3o de sempre\u201d, disse a ol\u00edmpica lusa.<\/p>\n<p>A mim dissera-me que \u201cfoi uma prova que n\u00e3o foi r\u00e1pida, e senti que fiz o que tinha de ser feito. O meu primeiro objetivo era sempre fazer melhor que no \u00faltimo mundial\u201d, na Coreia em 2019, onde foi 19\u00aa classificada.<\/p>\n<figure style=\"width: 2048px\" class=\"wp-caption alignnone\"><img loading=\"lazy\" decoding=\"async\" src=\"https:\/\/scontent.flis11-1.fna.fbcdn.net\/v\/t39.30808-6\/291119452_2876039279208196_6839690712551078458_n.jpg?_nc_cat=102&amp;ccb=1-7&amp;_nc_sid=0debeb&amp;_nc_ohc=sNgciPagakMAX-Kj0CF&amp;_nc_ht=scontent.flis11-1.fna&amp;oh=00_AT9hmaRsdQ1Au2SkqcKhHcJjJb1-3mtBXX6INjTQ8dX8zg&amp;oe=62C286A9\" alt=\"Pode ser uma imagem de 1 pessoa e massa de \u00e1gua\" width=\"2048\" height=\"1365\" \/><figcaption class=\"wp-caption-text\">Ang\u00e9lica Andr\u00e9 subiu do 19\u00ba lugar em 2019 para 7\u00ba em 2022 (Foto: FPN)<\/figcaption><\/figure>\n<p>Ang\u00e9lica &#8211; treinada por Jos\u00e9 Manuel Borges no Futebol Clube do Porto \u2013 terminou os dez mil metros em 2h 02:39.30, apenas a 10s 10c da campe\u00e3 mundial (Sharon van Rouwendaal, dos Pa\u00edses Baixos<strong>; t\u00ed<\/strong>nhamo-la referido no artigo de ontem), e apenas a 8s 20c da medalha de bronze, que falou portugu\u00eas\u2026Ana Marcela Cunha, que desta vez n\u00e3o foi a \u2018rainha\u2019.<\/p>\n<p>A prata foi para Leonie Beck, que no dia 26 conquistou o ouro com o quarteto da Alemanha nos 4x1500m, enquanto Aurelie Muler (Fran\u00e7a) foi a quarta melhor e Katie Grimes (EUA) quintaMuito importante \u00e9 tamb\u00e9m que Ang\u00e9lica (experiente, com 27 anos) tenha sido a segunda melhor ibero latina logo depois de Ana Marcela, e ainda a quinta melhor europeia, o que deixa no ar boas perspetivas para o Europeu de Roma de agosto.<\/p>\n<p>Ser\u00e1 assim, perguntei-lhe? \u201cSim, o pr\u00f3ximo objetivo \u00e9 o Europeu, fazer o que se fez hoje, e tentar fazer melhor que no \u00faltimo europeu\u201d, no mesmo Lago Lupa, e onde foi 6\u00aa classificada nesta dist\u00e2ncia.<\/p>\n<p><strong>\u201cResultado \u00e9 a soma de muitos anos de trabalho\u201d<\/strong><\/p>\n<p>De seguida a resposta que o treinador de Ang\u00e9lica, Jos\u00e9 M. Borges, me deu ap\u00f3s as minhas perguntas sobre os objetivos, e o que mudou na prepara\u00e7\u00e3o da \u2018antiga\u2019 Ang\u00e9lica para a atual? (a atleta deixou o Clube Fluvial Portuense, onde era treinada por Rui Borges, irm\u00e3o do Jos\u00e9, ingressando em outubro no FC Porto).<\/p>\n<p>\u201cO nosso objetivo era andar sempre com as da frente e chegar ao final em posi\u00e7\u00e3o de discutir os lugares cimeiros. A Ang\u00e9lica fez uma prova irrepreens\u00edvel e cumpriu tudo o que plane\u00e1mos\u201d, disse-me o t\u00e9cnico, v\u00e1rias vezes ol\u00edmpico.<\/p>\n<p>\u201cNa prepara\u00e7\u00e3o n\u00e3o sei o que mudou, sei apenas que ela cumpriu totalmente o planeado e acreditou naquilo que diariamente fazemos. A Ang\u00e9lica sempre foi uma nadadora de topo, n\u00e3o \u00e9 de agora; este resultado \u00e9 a soma de muitos anos de trabalho. Manter este n\u00edvel competitivo (ou melhor\u00e1-lo, neste caso) n\u00e3o \u00e9 f\u00e1cil para ningu\u00e9m. Todas as carreiras t\u00eam pontos altos e baixos e a sua capacidade de supera\u00e7\u00e3o faz a diferen\u00e7a\u201d, concluiu o t\u00e9cnico do FCP.<\/p>\n<figure style=\"width: 2048px\" class=\"wp-caption alignnone\"><img loading=\"lazy\" decoding=\"async\" src=\"https:\/\/scontent.flis11-2.fna.fbcdn.net\/v\/t39.30808-6\/290920203_2876039225874868_2660374949569517439_n.jpg?_nc_cat=111&amp;ccb=1-7&amp;_nc_sid=0debeb&amp;_nc_ohc=4VDW4qeKlEkAX-KIkM5&amp;tn=SRmpRPISt_TUAcr-&amp;_nc_ht=scontent.flis11-2.fna&amp;oh=00_AT_yeV2wrmJnrocrbW4sIcCENbPt4tyrfI20YEDmE6AqKA&amp;oe=62C11218\" alt=\"Pode ser uma imagem de 1 pessoa\" width=\"2048\" height=\"1365\" \/><figcaption class=\"wp-caption-text\">Ainda j\u00fanior, Mafalda Rosa entrou para o Projeto Ol\u00edmpico 2024 (Foto: FPN)<\/figcaption><\/figure>\n<p><strong>Mafalda excelente no primeiro Mundial<\/strong><\/p>\n<p>Com apenas 18 anos a campe\u00e3 europeia j\u00fanior em Paris 2021 e medalha de bronze em Set\u00fabal 2022 levar\u00e1 por certo \u00f3tima mem\u00f3ria do seu primeiro Mundial de \u2018\u00e9lites\u2019, como se diz muito na modalidade.<\/p>\n<p>A \u2018menina\u2019 de Rio Maior competiu entre as mulheres (come\u00e7aram 61 e terminaram 58), concluindo em 2h 02:48.30, a 19s 10c da campe\u00e3, e no top 20 europeu; foi ainda a quarta melhor ibero latina (a espanhola Maria de Valdes foi a terceira, 10\u00aa da geral).<\/p>\n<p>As suas declara\u00e7\u00f5es a Swim Channel tamb\u00e9m foram de grande maturidade: \u201co objetivo era ficar entre as primeiras 14, e claramente cumpri, pois obtive um 12\u00ba lugar e estou bastante feliz; com as melhores do mundo aqui \u00e9 um resulto excelente para a minha idade e para o primeiro mundial de elites\u201d.<\/p>\n<p>E agora Mafalda, pr\u00f3ximos objetivos? \u201cEspero ficar entre as 10 primeiras no Europeu de Roma, e no Mundial J\u00fanior nas Seychelles [pausa\u2026] vamos ver se consigo fazer um p\u00f3dio\u2026\u201d disse-me a atleta de Nuno Ricardo no Clube de Nata\u00e7\u00e3o de Rio Maior.<\/p>\n<p>Este refor\u00e7ou o que disse Mafalda ao referir que \u201cfoi uma prova super bem conseguida; fizemos bem em apostar no Mundial e trazer o projeto ol\u00edmpico para casa. A Mafalda j\u00e1 merecia este apoio h\u00e1 muito tempo, por todo o esfor\u00e7o e dedica\u00e7\u00e3o que teve durante anos. Finalmente podemos respirar melhor durante o nosso dia-a-dia; n\u00e3o esquecendo que a Mafalda tem ainda 18 anos\u201d.<\/p>\n<figure style=\"width: 2048px\" class=\"wp-caption alignnone\"><img loading=\"lazy\" decoding=\"async\" src=\"https:\/\/scontent.flis11-1.fna.fbcdn.net\/v\/t39.30808-6\/290919316_2876043109207813_2010332728890713613_n.jpg?_nc_cat=100&amp;ccb=1-7&amp;_nc_sid=0debeb&amp;_nc_ohc=7SQNvQP5oAEAX8f0-gq&amp;tn=SRmpRPISt_TUAcr-&amp;_nc_ht=scontent.flis11-1.fna&amp;oh=00_AT8J-NwmlJKFmIdaQUSEQhJ6ZT7Guze30wgI80x17lBkvg&amp;oe=62C2BD62\" alt=\"Pode ser uma imagem de 3 pessoas\" width=\"2048\" height=\"1365\" \/><figcaption class=\"wp-caption-text\">Tiago Campos foi 20\u00ba e tamb\u00e9m entrou para o Projeto Paris 2024 (Foto: FPN)<\/figcaption><\/figure>\n<p><strong>Tiago em \u00f3timo plano<\/strong><\/p>\n<p>O segundo atleta de Nuno Ricardo em Rio Maior foi Tiago Campos, e o ol\u00edmpico em T\u00f3quio 2021 esteve igualmente em \u00f3timo plano, sendo 20\u00ba classificado em 1h 55:33.50, 20\u00ba, a 4m 36c do campe\u00e3o \u2018surpresa\u2019 Gregorio Paltrinieri. O compatriota Domenico Acerenza foi segundo (ambos tinham sido medalhados tamb\u00e9m na etapa de Set\u00fabal das \u2018FINA World Series\u2019, h\u00e1 tr\u00eas semanas), sendo terceiro Florian Wellbrock (Alemanha) e quarto Marc-Antoine Olivier (Fran\u00e7a).<\/p>\n<p>Tiago, foi o 14\u00ba europeu, numa disciplina \u2013 ainda mais em masculinos &#8211; claramente dominada a n\u00edvel mundial pelos europeus (como no polo aqu\u00e1tico masculino ali\u00e1s); os sete primeiros nadadores s\u00e3o europeus!<\/p>\n<p>Diogo Cardoso (Sporting Clube de Portugal) superou as expectativas do DTN da FPN Daniel Viegas (ver artigo de ontem), sendo 27\u00ba classificado em 1h 56:18.40, a 5m 21s do campe\u00e3o. Refira-se que 64 atletas come\u00e7aram a prova, mas s\u00f3 58 terminaram\u2026<\/p>\n<figure style=\"width: 2048px\" class=\"wp-caption alignnone\"><img loading=\"lazy\" decoding=\"async\" src=\"https:\/\/scontent.flis11-2.fna.fbcdn.net\/v\/t39.30808-6\/290688046_2876043515874439_6112748805410854393_n.jpg?_nc_cat=108&amp;ccb=1-7&amp;_nc_sid=0debeb&amp;_nc_ohc=5DeplC_xZ0sAX9y2pOk&amp;_nc_ht=scontent.flis11-2.fna&amp;oh=00_AT-bhGvoN1NMH24Z0uL0ae3JE_6_KEZB5A8-JEm6PjBJ9g&amp;oe=62C0EEED\" alt=\"Pode ser uma imagem de 1 pessoa e massa de \u00e1gua\" width=\"2048\" height=\"1365\" \/><figcaption class=\"wp-caption-text\">No seu primeiro Mundial Diogo Cardoso superou as expectativas (Foto: FPN)<\/figcaption><\/figure>\n<p><strong>Projeto Ol\u00edmpico Paris 2024<\/strong><\/p>\n<p>Aproveitamos para explicar os crit\u00e9rios do Projeto Ol\u00edmpico \u2018Paris 2024\u2019 do Comit\u00e9 Ol\u00edmpico de Portugal, em que h\u00e1 tr\u00eas n\u00edveis de acesso: n\u00edvel C), tem entrada quem se qualifique num Campeonato do Mundo entre o 22\u00ba e o 15\u00ba lugar; para o n\u00edvel B) qualificam-se atletas entre o 14\u00ba e o 8\u00ba lugar; e para o n\u00edvel A) atletas que fiquem entre o 7\u00ba lugar e o 1\u00ba lugar em Mundiais.<\/p>\n<p>Ou seja, a Ang\u00e9lica entrou para o n\u00edvel principal (A), a Mafalda para o B e o Tiago Campos renovou o n\u00edvel C, que j\u00e1 tinha.<\/p>\n<p>Quanto \u00e0 qualifica\u00e7\u00e3o ol\u00edmpica para Paris 2024 (dentro de pouco mais de 2 anos), os crit\u00e9rios est\u00e3o a ser revistos, pois o Comit\u00e9 Ol\u00edmpico Internacional (COI) reduziu o n\u00famero de vagas (o que incomodou a comunidade mundial de \u00e1guas abertas), e estes ainda n\u00e3o foram divulgados; fala-se inclusive, da possibilidade de o apuramento para Paris ser feito com base num \u2018ranking\u2019 mundial por pontos, de acordo com as competi\u00e7\u00f5es. Mas para o pr\u00f3ximo Mundial de Fukuoka, Jap\u00e3o (julho de 2023) os crit\u00e9rios j\u00e1 ter\u00e3o de ser conhecidos.<\/p>\n<p>A verdade \u00e9 que as \u00e1guas abertas de Portugal regressam de Budapeste com tr\u00eas atletas em excelente posi\u00e7\u00e3o de lutar por uma vaga ol\u00edmpica (o que seria in\u00e9dito, mais que dois atletas a competir em Jogos Ol\u00edmpicos), e com Diogo Cardoso a espreitar a oportunidade de uma vida.<\/p>\n","protected":false},"excerpt":{"rendered":"<p>Pode bem dizer-se que o pen\u00faltimo dia de junho foi hist\u00f3rico para as \u00e1guas abertas de Portugal, que obteve os melhores resultados de sempre em Campeonatos do Mundo na exigente prova de 10k: um 7\u00ba lugar de Ang\u00e9lica Andr\u00e9, 12\u00ba de Mafalda Rosa, e um 20\u00ba de Tiago Campos, todos automaticamente integrados no Projeto Ol\u00edmpico [&hellip;]<\/p>\n","protected":false},"author":174,"featured_media":51936,"comment_status":"open","ping_status":"open","sticky":false,"template":"","format":"standard","meta":{"footnotes":""},"categories":[58],"tags":[4357,4666,4667,4743,4802,4358],"class_list":["post-51934","post","type-post","status-publish","format-standard","has-post-thumbnail","hentry","category-campeonato-mundial","tag-angelica-andre","tag-diogo-cardoso","tag-mafalda-rosa","tag-mundial-budapeste-2022","tag-nuno-ricardo","tag-tiago-campos"],"yoast_head":"<!-- This site is optimized with the Yoast SEO plugin v27.0 - https:\/\/yoast.com\/product\/yoast-seo-wordpress\/ -->\n<title>Dia hist\u00f3rico para Portugal com os melhores resultados de sempre nos 10k - Swimchannel<\/title>\n<meta name=\"robots\" content=\"index, follow, max-snippet:-1, max-image-preview:large, max-video-preview:-1\" \/>\n<link rel=\"canonical\" href=\"https:\/\/swimchannel.net\/br\/dia-historico-para-portugal-com-os-melhores-resultados-de-sempre-nos-10k\/\" \/>\n<meta property=\"og:locale\" content=\"pt_BR\" \/>\n<meta property=\"og:type\" content=\"article\" \/>\n<meta property=\"og:title\" content=\"Dia hist\u00f3rico para Portugal com os melhores resultados de sempre nos 10k - Swimchannel\" \/>\n<meta property=\"og:description\" content=\"Pode bem dizer-se que o pen\u00faltimo dia de junho foi hist\u00f3rico para as \u00e1guas abertas de Portugal, que obteve os melhores resultados de sempre em Campeonatos do Mundo na exigente prova de 10k: um 7\u00ba lugar de Ang\u00e9lica Andr\u00e9, 12\u00ba de Mafalda Rosa, e um 20\u00ba de Tiago Campos, todos automaticamente integrados no Projeto Ol\u00edmpico [&hellip;]\" \/>\n<meta property=\"og:url\" content=\"https:\/\/swimchannel.net\/br\/dia-historico-para-portugal-com-os-melhores-resultados-de-sempre-nos-10k\/\" \/>\n<meta property=\"og:site_name\" content=\"Swimchannel\" \/>\n<meta property=\"article:publisher\" content=\"https:\/\/www.facebook.com\/swimchannel\" \/>\n<meta property=\"article:published_time\" content=\"2022-06-29T23:48:59+00:00\" \/>\n<meta property=\"article:modified_time\" content=\"2022-07-02T20:49:49+00:00\" \/>\n<meta property=\"og:image\" content=\"https:\/\/swimchannel.net\/br\/wp-content\/uploads\/2022\/06\/291252977_2876038919208232_8314181311213620820_n.jpg\" \/>\n\t<meta property=\"og:image:width\" content=\"945\" \/>\n\t<meta property=\"og:image:height\" content=\"630\" \/>\n\t<meta property=\"og:image:type\" content=\"image\/jpeg\" \/>\n<meta name=\"author\" content=\"Nuno Albuquerque\" \/>\n<meta name=\"twitter:card\" content=\"summary_large_image\" \/>\n<meta name=\"twitter:label1\" content=\"Escrito por\" \/>\n\t<meta name=\"twitter:data1\" content=\"Nuno Albuquerque\" \/>\n\t<meta name=\"twitter:label2\" content=\"Est. tempo de leitura\" \/>\n\t<meta name=\"twitter:data2\" content=\"7 minutos\" \/>\n<script type=\"application\/ld+json\" class=\"yoast-schema-graph\">{\"@context\":\"https:\/\/schema.org\",\"@graph\":[{\"@type\":\"Article\",\"@id\":\"https:\/\/swimchannel.net\/br\/dia-historico-para-portugal-com-os-melhores-resultados-de-sempre-nos-10k\/#article\",\"isPartOf\":{\"@id\":\"https:\/\/swimchannel.net\/br\/dia-historico-para-portugal-com-os-melhores-resultados-de-sempre-nos-10k\/\"},\"author\":{\"name\":\"Nuno Albuquerque\",\"@id\":\"https:\/\/swimchannel.net\/br\/#\/schema\/person\/96742bc4be7f63afabd531ac47a43eba\"},\"headline\":\"Dia hist\u00f3rico para Portugal com os melhores resultados de sempre nos 10k\",\"datePublished\":\"2022-06-29T23:48:59+00:00\",\"dateModified\":\"2022-07-02T20:49:49+00:00\",\"mainEntityOfPage\":{\"@id\":\"https:\/\/swimchannel.net\/br\/dia-historico-para-portugal-com-os-melhores-resultados-de-sempre-nos-10k\/\"},\"wordCount\":1376,\"commentCount\":0,\"publisher\":{\"@id\":\"https:\/\/swimchannel.net\/br\/#organization\"},\"image\":{\"@id\":\"https:\/\/swimchannel.net\/br\/dia-historico-para-portugal-com-os-melhores-resultados-de-sempre-nos-10k\/#primaryimage\"},\"thumbnailUrl\":\"https:\/\/swimchannel.net\/br\/wp-content\/uploads\/2022\/06\/291252977_2876038919208232_8314181311213620820_n.jpg\",\"keywords\":[\"Angelica Andr\u00e9\",\"Diogo Cardoso\",\"Mafalda Rosa\",\"Mundial Budapeste 2022\",\"Nuno Ricardo\",\"Tiago campos\"],\"articleSection\":[\"Campeonato Mundial\"],\"inLanguage\":\"pt-BR\",\"potentialAction\":[{\"@type\":\"CommentAction\",\"name\":\"Comment\",\"target\":[\"https:\/\/swimchannel.net\/br\/dia-historico-para-portugal-com-os-melhores-resultados-de-sempre-nos-10k\/#respond\"]}]},{\"@type\":\"WebPage\",\"@id\":\"https:\/\/swimchannel.net\/br\/dia-historico-para-portugal-com-os-melhores-resultados-de-sempre-nos-10k\/\",\"url\":\"https:\/\/swimchannel.net\/br\/dia-historico-para-portugal-com-os-melhores-resultados-de-sempre-nos-10k\/\",\"name\":\"Dia hist\u00f3rico para Portugal com os melhores resultados de sempre nos 10k - Swimchannel\",\"isPartOf\":{\"@id\":\"https:\/\/swimchannel.net\/br\/#website\"},\"primaryImageOfPage\":{\"@id\":\"https:\/\/swimchannel.net\/br\/dia-historico-para-portugal-com-os-melhores-resultados-de-sempre-nos-10k\/#primaryimage\"},\"image\":{\"@id\":\"https:\/\/swimchannel.net\/br\/dia-historico-para-portugal-com-os-melhores-resultados-de-sempre-nos-10k\/#primaryimage\"},\"thumbnailUrl\":\"https:\/\/swimchannel.net\/br\/wp-content\/uploads\/2022\/06\/291252977_2876038919208232_8314181311213620820_n.jpg\",\"datePublished\":\"2022-06-29T23:48:59+00:00\",\"dateModified\":\"2022-07-02T20:49:49+00:00\",\"breadcrumb\":{\"@id\":\"https:\/\/swimchannel.net\/br\/dia-historico-para-portugal-com-os-melhores-resultados-de-sempre-nos-10k\/#breadcrumb\"},\"inLanguage\":\"pt-BR\",\"potentialAction\":[{\"@type\":\"ReadAction\",\"target\":[\"https:\/\/swimchannel.net\/br\/dia-historico-para-portugal-com-os-melhores-resultados-de-sempre-nos-10k\/\"]}]},{\"@type\":\"ImageObject\",\"inLanguage\":\"pt-BR\",\"@id\":\"https:\/\/swimchannel.net\/br\/dia-historico-para-portugal-com-os-melhores-resultados-de-sempre-nos-10k\/#primaryimage\",\"url\":\"https:\/\/swimchannel.net\/br\/wp-content\/uploads\/2022\/06\/291252977_2876038919208232_8314181311213620820_n.jpg\",\"contentUrl\":\"https:\/\/swimchannel.net\/br\/wp-content\/uploads\/2022\/06\/291252977_2876038919208232_8314181311213620820_n.jpg\",\"width\":945,\"height\":630,\"caption\":\"Dupla feminina portuguesa em destaque no Mundial (Foto: FPN)\"},{\"@type\":\"BreadcrumbList\",\"@id\":\"https:\/\/swimchannel.net\/br\/dia-historico-para-portugal-com-os-melhores-resultados-de-sempre-nos-10k\/#breadcrumb\",\"itemListElement\":[{\"@type\":\"ListItem\",\"position\":1,\"name\":\"Home\",\"item\":\"https:\/\/swimchannel.net\/br\/\"},{\"@type\":\"ListItem\",\"position\":2,\"name\":\"Dia hist\u00f3rico para Portugal com os melhores resultados de sempre nos 10k\"}]},{\"@type\":\"WebSite\",\"@id\":\"https:\/\/swimchannel.net\/br\/#website\",\"url\":\"https:\/\/swimchannel.net\/br\/\",\"name\":\"Swimchannel\",\"description\":\"Maior portal de nata\u00e7\u00e3o da america latina\",\"publisher\":{\"@id\":\"https:\/\/swimchannel.net\/br\/#organization\"},\"potentialAction\":[{\"@type\":\"SearchAction\",\"target\":{\"@type\":\"EntryPoint\",\"urlTemplate\":\"https:\/\/swimchannel.net\/br\/?s={search_term_string}\"},\"query-input\":{\"@type\":\"PropertyValueSpecification\",\"valueRequired\":true,\"valueName\":\"search_term_string\"}}],\"inLanguage\":\"pt-BR\"},{\"@type\":\"Organization\",\"@id\":\"https:\/\/swimchannel.net\/br\/#organization\",\"name\":\"Swimchannel - Conectando voc\u00ea a Nata\u00e7\u00e3o\",\"url\":\"https:\/\/swimchannel.net\/br\/\",\"logo\":{\"@type\":\"ImageObject\",\"inLanguage\":\"pt-BR\",\"@id\":\"https:\/\/swimchannel.net\/br\/#\/schema\/logo\/image\/\",\"url\":\"https:\/\/swimchannel.net\/br\/wp-content\/uploads\/2026\/02\/SWIM-CHANNEL.png\",\"contentUrl\":\"https:\/\/swimchannel.net\/br\/wp-content\/uploads\/2026\/02\/SWIM-CHANNEL.png\",\"width\":1120,\"height\":630,\"caption\":\"Swimchannel - Conectando voc\u00ea a Nata\u00e7\u00e3o\"},\"image\":{\"@id\":\"https:\/\/swimchannel.net\/br\/#\/schema\/logo\/image\/\"},\"sameAs\":[\"https:\/\/www.facebook.com\/swimchannel\",\"https:\/\/www.instagram.com\/swimchannel\"]},{\"@type\":\"Person\",\"@id\":\"https:\/\/swimchannel.net\/br\/#\/schema\/person\/96742bc4be7f63afabd531ac47a43eba\",\"name\":\"Nuno Albuquerque\",\"image\":{\"@type\":\"ImageObject\",\"inLanguage\":\"pt-BR\",\"@id\":\"https:\/\/swimchannel.net\/br\/#\/schema\/person\/image\/\",\"url\":\"https:\/\/swimchannel.net\/br\/wp-content\/uploads\/2021\/10\/175265239_284626789786752_3471159347588969871_n-100x100.jpg\",\"contentUrl\":\"https:\/\/swimchannel.net\/br\/wp-content\/uploads\/2021\/10\/175265239_284626789786752_3471159347588969871_n-100x100.jpg\",\"caption\":\"Nuno Albuquerque\"},\"description\":\"Jornalista e t\u00e9cnico de nata\u00e7\u00e3o, trabalha na modalidade h\u00e1 muitos anos. Desde o Campeonato Mundial da FINA de 1986 na cidade de Madri, Nuno j\u00e1 era rep\u00f3rter para um dos principais jornais de Portugal.\",\"url\":\"https:\/\/swimchannel.net\/br\/author\/nunoalbuquerque\/\"}]}<\/script>\n<!-- \/ Yoast SEO plugin. -->","yoast_head_json":{"title":"Dia hist\u00f3rico para Portugal com os melhores resultados de sempre nos 10k - Swimchannel","robots":{"index":"index","follow":"follow","max-snippet":"max-snippet:-1","max-image-preview":"max-image-preview:large","max-video-preview":"max-video-preview:-1"},"canonical":"https:\/\/swimchannel.net\/br\/dia-historico-para-portugal-com-os-melhores-resultados-de-sempre-nos-10k\/","og_locale":"pt_BR","og_type":"article","og_title":"Dia hist\u00f3rico para Portugal com os melhores resultados de sempre nos 10k - Swimchannel","og_description":"Pode bem dizer-se que o pen\u00faltimo dia de junho foi hist\u00f3rico para as \u00e1guas abertas de Portugal, que obteve os melhores resultados de sempre em Campeonatos do Mundo na exigente prova de 10k: um 7\u00ba lugar de Ang\u00e9lica Andr\u00e9, 12\u00ba de Mafalda Rosa, e um 20\u00ba de Tiago Campos, todos automaticamente integrados no Projeto Ol\u00edmpico [&hellip;]","og_url":"https:\/\/swimchannel.net\/br\/dia-historico-para-portugal-com-os-melhores-resultados-de-sempre-nos-10k\/","og_site_name":"Swimchannel","article_publisher":"https:\/\/www.facebook.com\/swimchannel","article_published_time":"2022-06-29T23:48:59+00:00","article_modified_time":"2022-07-02T20:49:49+00:00","og_image":[{"width":945,"height":630,"url":"https:\/\/swimchannel.net\/br\/wp-content\/uploads\/2022\/06\/291252977_2876038919208232_8314181311213620820_n.jpg","type":"image\/jpeg"}],"author":"Nuno Albuquerque","twitter_card":"summary_large_image","twitter_misc":{"Escrito por":"Nuno Albuquerque","Est. tempo de leitura":"7 minutos"},"schema":{"@context":"https:\/\/schema.org","@graph":[{"@type":"Article","@id":"https:\/\/swimchannel.net\/br\/dia-historico-para-portugal-com-os-melhores-resultados-de-sempre-nos-10k\/#article","isPartOf":{"@id":"https:\/\/swimchannel.net\/br\/dia-historico-para-portugal-com-os-melhores-resultados-de-sempre-nos-10k\/"},"author":{"name":"Nuno Albuquerque","@id":"https:\/\/swimchannel.net\/br\/#\/schema\/person\/96742bc4be7f63afabd531ac47a43eba"},"headline":"Dia hist\u00f3rico para Portugal com os melhores resultados de sempre nos 10k","datePublished":"2022-06-29T23:48:59+00:00","dateModified":"2022-07-02T20:49:49+00:00","mainEntityOfPage":{"@id":"https:\/\/swimchannel.net\/br\/dia-historico-para-portugal-com-os-melhores-resultados-de-sempre-nos-10k\/"},"wordCount":1376,"commentCount":0,"publisher":{"@id":"https:\/\/swimchannel.net\/br\/#organization"},"image":{"@id":"https:\/\/swimchannel.net\/br\/dia-historico-para-portugal-com-os-melhores-resultados-de-sempre-nos-10k\/#primaryimage"},"thumbnailUrl":"https:\/\/swimchannel.net\/br\/wp-content\/uploads\/2022\/06\/291252977_2876038919208232_8314181311213620820_n.jpg","keywords":["Angelica Andr\u00e9","Diogo Cardoso","Mafalda Rosa","Mundial Budapeste 2022","Nuno Ricardo","Tiago campos"],"articleSection":["Campeonato Mundial"],"inLanguage":"pt-BR","potentialAction":[{"@type":"CommentAction","name":"Comment","target":["https:\/\/swimchannel.net\/br\/dia-historico-para-portugal-com-os-melhores-resultados-de-sempre-nos-10k\/#respond"]}]},{"@type":"WebPage","@id":"https:\/\/swimchannel.net\/br\/dia-historico-para-portugal-com-os-melhores-resultados-de-sempre-nos-10k\/","url":"https:\/\/swimchannel.net\/br\/dia-historico-para-portugal-com-os-melhores-resultados-de-sempre-nos-10k\/","name":"Dia hist\u00f3rico para Portugal com os melhores resultados de sempre nos 10k - Swimchannel","isPartOf":{"@id":"https:\/\/swimchannel.net\/br\/#website"},"primaryImageOfPage":{"@id":"https:\/\/swimchannel.net\/br\/dia-historico-para-portugal-com-os-melhores-resultados-de-sempre-nos-10k\/#primaryimage"},"image":{"@id":"https:\/\/swimchannel.net\/br\/dia-historico-para-portugal-com-os-melhores-resultados-de-sempre-nos-10k\/#primaryimage"},"thumbnailUrl":"https:\/\/swimchannel.net\/br\/wp-content\/uploads\/2022\/06\/291252977_2876038919208232_8314181311213620820_n.jpg","datePublished":"2022-06-29T23:48:59+00:00","dateModified":"2022-07-02T20:49:49+00:00","breadcrumb":{"@id":"https:\/\/swimchannel.net\/br\/dia-historico-para-portugal-com-os-melhores-resultados-de-sempre-nos-10k\/#breadcrumb"},"inLanguage":"pt-BR","potentialAction":[{"@type":"ReadAction","target":["https:\/\/swimchannel.net\/br\/dia-historico-para-portugal-com-os-melhores-resultados-de-sempre-nos-10k\/"]}]},{"@type":"ImageObject","inLanguage":"pt-BR","@id":"https:\/\/swimchannel.net\/br\/dia-historico-para-portugal-com-os-melhores-resultados-de-sempre-nos-10k\/#primaryimage","url":"https:\/\/swimchannel.net\/br\/wp-content\/uploads\/2022\/06\/291252977_2876038919208232_8314181311213620820_n.jpg","contentUrl":"https:\/\/swimchannel.net\/br\/wp-content\/uploads\/2022\/06\/291252977_2876038919208232_8314181311213620820_n.jpg","width":945,"height":630,"caption":"Dupla feminina portuguesa em destaque no Mundial (Foto: FPN)"},{"@type":"BreadcrumbList","@id":"https:\/\/swimchannel.net\/br\/dia-historico-para-portugal-com-os-melhores-resultados-de-sempre-nos-10k\/#breadcrumb","itemListElement":[{"@type":"ListItem","position":1,"name":"Home","item":"https:\/\/swimchannel.net\/br\/"},{"@type":"ListItem","position":2,"name":"Dia hist\u00f3rico para Portugal com os melhores resultados de sempre nos 10k"}]},{"@type":"WebSite","@id":"https:\/\/swimchannel.net\/br\/#website","url":"https:\/\/swimchannel.net\/br\/","name":"Swimchannel","description":"Maior portal de nata\u00e7\u00e3o da america latina","publisher":{"@id":"https:\/\/swimchannel.net\/br\/#organization"},"potentialAction":[{"@type":"SearchAction","target":{"@type":"EntryPoint","urlTemplate":"https:\/\/swimchannel.net\/br\/?s={search_term_string}"},"query-input":{"@type":"PropertyValueSpecification","valueRequired":true,"valueName":"search_term_string"}}],"inLanguage":"pt-BR"},{"@type":"Organization","@id":"https:\/\/swimchannel.net\/br\/#organization","name":"Swimchannel - Conectando voc\u00ea a Nata\u00e7\u00e3o","url":"https:\/\/swimchannel.net\/br\/","logo":{"@type":"ImageObject","inLanguage":"pt-BR","@id":"https:\/\/swimchannel.net\/br\/#\/schema\/logo\/image\/","url":"https:\/\/swimchannel.net\/br\/wp-content\/uploads\/2026\/02\/SWIM-CHANNEL.png","contentUrl":"https:\/\/swimchannel.net\/br\/wp-content\/uploads\/2026\/02\/SWIM-CHANNEL.png","width":1120,"height":630,"caption":"Swimchannel - Conectando voc\u00ea a Nata\u00e7\u00e3o"},"image":{"@id":"https:\/\/swimchannel.net\/br\/#\/schema\/logo\/image\/"},"sameAs":["https:\/\/www.facebook.com\/swimchannel","https:\/\/www.instagram.com\/swimchannel"]},{"@type":"Person","@id":"https:\/\/swimchannel.net\/br\/#\/schema\/person\/96742bc4be7f63afabd531ac47a43eba","name":"Nuno Albuquerque","image":{"@type":"ImageObject","inLanguage":"pt-BR","@id":"https:\/\/swimchannel.net\/br\/#\/schema\/person\/image\/","url":"https:\/\/swimchannel.net\/br\/wp-content\/uploads\/2021\/10\/175265239_284626789786752_3471159347588969871_n-100x100.jpg","contentUrl":"https:\/\/swimchannel.net\/br\/wp-content\/uploads\/2021\/10\/175265239_284626789786752_3471159347588969871_n-100x100.jpg","caption":"Nuno Albuquerque"},"description":"Jornalista e t\u00e9cnico de nata\u00e7\u00e3o, trabalha na modalidade h\u00e1 muitos anos. Desde o Campeonato Mundial da FINA de 1986 na cidade de Madri, Nuno j\u00e1 era rep\u00f3rter para um dos principais jornais de Portugal.","url":"https:\/\/swimchannel.net\/br\/author\/nunoalbuquerque\/"}]}},"_links":{"self":[{"href":"https:\/\/swimchannel.net\/br\/wp-json\/wp\/v2\/posts\/51934","targetHints":{"allow":["GET"]}}],"collection":[{"href":"https:\/\/swimchannel.net\/br\/wp-json\/wp\/v2\/posts"}],"about":[{"href":"https:\/\/swimchannel.net\/br\/wp-json\/wp\/v2\/types\/post"}],"author":[{"embeddable":true,"href":"https:\/\/swimchannel.net\/br\/wp-json\/wp\/v2\/users\/174"}],"replies":[{"embeddable":true,"href":"https:\/\/swimchannel.net\/br\/wp-json\/wp\/v2\/comments?post=51934"}],"version-history":[{"count":6,"href":"https:\/\/swimchannel.net\/br\/wp-json\/wp\/v2\/posts\/51934\/revisions"}],"predecessor-version":[{"id":51941,"href":"https:\/\/swimchannel.net\/br\/wp-json\/wp\/v2\/posts\/51934\/revisions\/51941"}],"wp:featuredmedia":[{"embeddable":true,"href":"https:\/\/swimchannel.net\/br\/wp-json\/wp\/v2\/media\/51936"}],"wp:attachment":[{"href":"https:\/\/swimchannel.net\/br\/wp-json\/wp\/v2\/media?parent=51934"}],"wp:term":[{"taxonomy":"category","embeddable":true,"href":"https:\/\/swimchannel.net\/br\/wp-json\/wp\/v2\/categories?post=51934"},{"taxonomy":"post_tag","embeddable":true,"href":"https:\/\/swimchannel.net\/br\/wp-json\/wp\/v2\/tags?post=51934"}],"curies":[{"name":"wp","href":"https:\/\/api.w.org\/{rel}","templated":true}]}}