{"id":52057,"date":"2022-07-11T06:00:10","date_gmt":"2022-07-11T09:00:10","guid":{"rendered":"https:\/\/swimchannel.net\/br\/?p=52057"},"modified":"2026-03-18T12:34:23","modified_gmt":"2026-03-18T15:34:23","slug":"lendario-nadador-australiano-michael-klim-revela-doenca-rara-e-sem-cura","status":"publish","type":"post","link":"https:\/\/swimchannel.net\/br\/lendario-nadador-australiano-michael-klim-revela-doenca-rara-e-sem-cura\/","title":{"rendered":"Lend\u00e1rio nadador australiano Michael Klim revela doen\u00e7a rara e sem cura"},"content":{"rendered":"<p>Polineuropatia Inflamat\u00f3ria Desmielinizante Cr\u00f4nica (CIDP), doen\u00e7a rara e auto imune, \u00e9 o que o ex-nadador australiano Michael Klim revelou neste final de semana em reportagem publicada no The Sunday Thelegraph, um dos principais jornais do pa\u00eds.<\/p>\n<p>A doen\u00e7a foi diagnosticada h\u00e1 dois anos, mas Klim vinha sentindo os primeiros sintomas h\u00e1 muito mais tempo. A doen\u00e7a \u00e9 auto imune e sem cura. Dados indicam que de 5 a 7 casos a cada 100 mil indiv\u00edduos e normalmente diagnosticadas por volta dos 50 anos de idade.<\/p>\n<p>Klim j\u00e1 se locomove apenas com a ajuda de duas bengalas. A doen\u00e7a lhe traz perda de for\u00e7a em ambas as pernas, dificuldade para subir escadas, al\u00e9m de altera\u00e7\u00e3o de sensibilidade, desequil\u00edbrio e at\u00e9 mesmo dificuldade em engolir.<\/p>\n<figure id=\"attachment_52077\" aria-describedby=\"caption-attachment-52077\" style=\"width: 535px\" class=\"wp-caption alignnone\"><img loading=\"lazy\" decoding=\"async\" class=\"size-full wp-image-52077\" src=\"https:\/\/swimchannel.net\/br\/wp-content\/uploads\/2022\/07\/IMG-20220711-WA0001.jpg\" alt=\"\" width=\"535\" height=\"630\" srcset=\"https:\/\/swimchannel.net\/br\/wp-content\/uploads\/2022\/07\/IMG-20220711-WA0001.jpg 535w, https:\/\/swimchannel.net\/br\/wp-content\/uploads\/2022\/07\/IMG-20220711-WA0001-153x180.jpg 153w\" sizes=\"auto, (max-width: 535px) 100vw, 535px\" \/><figcaption id=\"caption-attachment-52077\" class=\"wp-caption-text\">Michael Klim &#8211; Foto: Reprodu\u00e7\u00e3o<\/figcaption><\/figure>\n<p>Michael Klim \u00e9 um dos maiores nadadores da hist\u00f3ria da nata\u00e7\u00e3o australiana, dono de seis medalhas ol\u00edmpicas, sendo a mais famosa delas no revezamento 4x100m livre onde a Austr\u00e1lia bateu o forte e favorito time americano na disputa que ficou conhecida como &#8220;batalha das guitarras&#8221;.<\/p>\n<p>Klim tamb\u00e9m acumula 11 medalhas em Campeonatos Mundiais, sendo sete de ouro. Ele foi o principal nadador do Mundial de Perth, em 1998, quando se tornou no primeiro nadador da hist\u00f3ria a ganhar sete medalhas em um Mundial, quatro de ouro, duas de prata e uma de bronze.<\/p>\n<p>A hist\u00f3ria de Michael Klim na nata\u00e7\u00e3o tem um in\u00edcio curioso. Quando crian\u00e7a, ele sofreu uma queda da janela e foi recomendado para fazer atividades f\u00edsicas de baixo impacto, nascia ali um dos maiores nadadores da hist\u00f3ria.<\/p>\n<figure id=\"attachment_52076\" aria-describedby=\"caption-attachment-52076\" style=\"width: 535px\" class=\"wp-caption alignnone\"><img loading=\"lazy\" decoding=\"async\" class=\"size-full wp-image-52076\" src=\"https:\/\/swimchannel.net\/br\/wp-content\/uploads\/2022\/07\/IMG-20220711-WA0002.jpg\" alt=\"\" width=\"535\" height=\"630\" srcset=\"https:\/\/swimchannel.net\/br\/wp-content\/uploads\/2022\/07\/IMG-20220711-WA0002.jpg 535w, https:\/\/swimchannel.net\/br\/wp-content\/uploads\/2022\/07\/IMG-20220711-WA0002-153x180.jpg 153w\" sizes=\"auto, (max-width: 535px) 100vw, 535px\" \/><figcaption id=\"caption-attachment-52076\" class=\"wp-caption-text\">Michael Klim &#8211; Foto: Reprodu\u00e7\u00e3o<\/figcaption><\/figure>\n<p>Ele nadou at\u00e9 2007, anunciando a sua primeira aposentadoria. Quatro anos depois, entretanto, retomou a carreira com a inten\u00e7\u00e3o de fazer parte do time australiano para os Jogos Ol\u00edmpicos de Londres, em 2012. Sem sucesso, abandonou o esporte definitivamente ap\u00f3s a seletiva ol\u00edmpica.<\/p>\n<p>Klim mora em Bali, onde foi casado com uma princesa e modelo local, tem tr\u00eas filhos adolescentes e est\u00e1 separado h\u00e1 seis anos. Na reportagem do The Sunday Telegraph, ele revela que os filhos tem lhe acompanhado na sua recupera\u00e7\u00e3o, al\u00e9m da atual namorada Michele Owen e o ex-companheiro de sele\u00e7\u00e3o australiana, Ian Thorpe.<\/p>\n<p>Uma reportagem exibida na TV australiana tamb\u00e9m trouxe em detalhes o tratamento rigoroso que o ex-nadador est\u00e1 cumprindo. Isso vai desde uma dieta baseada em prote\u00ednas, al\u00e9m de massagens, ventosas, acupuntura para ativa\u00e7\u00e3o dos m\u00fasculos, al\u00e9m de indu\u00e7\u00e3o intravenosa de Imunoglobina para reduzir os efeitos da inflama\u00e7\u00e3o que afeta o sistema imunol\u00f3gico. Um par de bengalas, junto com uma bota ortop\u00e9dica \u00e9 o que ainda permite que Klim se mantenha em p\u00e9.<\/p>\n","protected":false},"excerpt":{"rendered":"<p>Campe\u00e3o ol\u00edmpico foi diagnosticado com Polineuropatia Inflamat\u00f3ria Desmielinizante Cr\u00f4nica<\/p>\n","protected":false},"author":12,"featured_media":0,"comment_status":"open","ping_status":"open","sticky":false,"template":"","format":"gallery","meta":{"footnotes":""},"categories":[137],"tags":[121,2106,5,4877,2166],"class_list":["post-52057","post","type-post","status-publish","format-gallery","hentry","category-natacao","tag-australia","tag-michael-klim","tag-natacao","tag-polineuropatia-inflamatoria-desmielinizante-cronica","tag-saude","post_format-post-format-gallery"],"yoast_head":"<!-- This site is optimized with the Yoast SEO plugin v27.0 - https:\/\/yoast.com\/product\/yoast-seo-wordpress\/ -->\n<title>Lend\u00e1rio nadador australiano Michael Klim revela doen\u00e7a rara e sem cura - Swimchannel<\/title>\n<meta name=\"robots\" content=\"index, follow, max-snippet:-1, max-image-preview:large, max-video-preview:-1\" \/>\n<link rel=\"canonical\" href=\"https:\/\/swimchannel.net\/br\/lendario-nadador-australiano-michael-klim-revela-doenca-rara-e-sem-cura\/\" \/>\n<meta property=\"og:locale\" content=\"pt_BR\" \/>\n<meta property=\"og:type\" content=\"article\" \/>\n<meta property=\"og:title\" content=\"Lend\u00e1rio nadador australiano Michael Klim revela doen\u00e7a rara e sem cura - Swimchannel\" \/>\n<meta property=\"og:description\" content=\"Campe\u00e3o ol\u00edmpico foi diagnosticado com Polineuropatia Inflamat\u00f3ria Desmielinizante Cr\u00f4nica\" \/>\n<meta property=\"og:url\" content=\"https:\/\/swimchannel.net\/br\/lendario-nadador-australiano-michael-klim-revela-doenca-rara-e-sem-cura\/\" \/>\n<meta property=\"og:site_name\" content=\"Swimchannel\" \/>\n<meta property=\"article:publisher\" content=\"https:\/\/www.facebook.com\/swimchannel\" \/>\n<meta property=\"article:published_time\" content=\"2022-07-11T09:00:10+00:00\" \/>\n<meta property=\"article:modified_time\" content=\"2026-03-18T15:34:23+00:00\" \/>\n<meta property=\"og:image\" content=\"https:\/\/swimchannel.net\/br\/wp-content\/uploads\/2022\/07\/IMG-20220711-WA0001.jpg\" \/>\n\t<meta property=\"og:image:width\" content=\"535\" \/>\n\t<meta property=\"og:image:height\" content=\"630\" \/>\n\t<meta property=\"og:image:type\" content=\"image\/jpeg\" \/>\n<meta name=\"author\" content=\"Alex Pussieldi\" \/>\n<meta name=\"twitter:card\" content=\"summary_large_image\" \/>\n<meta name=\"twitter:label1\" content=\"Escrito por\" \/>\n\t<meta name=\"twitter:data1\" content=\"Alex Pussieldi\" \/>\n\t<meta name=\"twitter:label2\" content=\"Est. tempo de leitura\" \/>\n\t<meta name=\"twitter:data2\" content=\"3 minutos\" \/>\n<script type=\"application\/ld+json\" class=\"yoast-schema-graph\">{\"@context\":\"https:\/\/schema.org\",\"@graph\":[{\"@type\":\"Article\",\"@id\":\"https:\/\/swimchannel.net\/br\/lendario-nadador-australiano-michael-klim-revela-doenca-rara-e-sem-cura\/#article\",\"isPartOf\":{\"@id\":\"https:\/\/swimchannel.net\/br\/lendario-nadador-australiano-michael-klim-revela-doenca-rara-e-sem-cura\/\"},\"author\":{\"name\":\"Alex Pussieldi\",\"@id\":\"https:\/\/swimchannel.net\/br\/#\/schema\/person\/cf549cb99cf75592fcf7c76213385e63\"},\"headline\":\"Lend\u00e1rio nadador australiano Michael Klim revela doen\u00e7a rara e sem cura\",\"datePublished\":\"2022-07-11T09:00:10+00:00\",\"dateModified\":\"2026-03-18T15:34:23+00:00\",\"mainEntityOfPage\":{\"@id\":\"https:\/\/swimchannel.net\/br\/lendario-nadador-australiano-michael-klim-revela-doenca-rara-e-sem-cura\/\"},\"wordCount\":492,\"commentCount\":0,\"publisher\":{\"@id\":\"https:\/\/swimchannel.net\/br\/#organization\"},\"image\":{\"@id\":\"https:\/\/swimchannel.net\/br\/lendario-nadador-australiano-michael-klim-revela-doenca-rara-e-sem-cura\/#primaryimage\"},\"thumbnailUrl\":\"https:\/\/swimchannel.net\/br\/wp-content\/uploads\/2022\/07\/IMG-20220711-WA0001.jpg\",\"keywords\":[\"Austr\u00e1lia\",\"Michael Klim\",\"natacao\",\"Polineuropatia Inflamat\u00f3ria Desmielinizante Cr\u00f4nica\",\"sa\u00fade\"],\"articleSection\":[\"Nata\u00e7\u00e3o\"],\"inLanguage\":\"pt-BR\",\"potentialAction\":[{\"@type\":\"CommentAction\",\"name\":\"Comment\",\"target\":[\"https:\/\/swimchannel.net\/br\/lendario-nadador-australiano-michael-klim-revela-doenca-rara-e-sem-cura\/#respond\"]}]},{\"@type\":\"WebPage\",\"@id\":\"https:\/\/swimchannel.net\/br\/lendario-nadador-australiano-michael-klim-revela-doenca-rara-e-sem-cura\/\",\"url\":\"https:\/\/swimchannel.net\/br\/lendario-nadador-australiano-michael-klim-revela-doenca-rara-e-sem-cura\/\",\"name\":\"Lend\u00e1rio nadador australiano Michael Klim revela doen\u00e7a rara e sem cura - Swimchannel\",\"isPartOf\":{\"@id\":\"https:\/\/swimchannel.net\/br\/#website\"},\"primaryImageOfPage\":{\"@id\":\"https:\/\/swimchannel.net\/br\/lendario-nadador-australiano-michael-klim-revela-doenca-rara-e-sem-cura\/#primaryimage\"},\"image\":{\"@id\":\"https:\/\/swimchannel.net\/br\/lendario-nadador-australiano-michael-klim-revela-doenca-rara-e-sem-cura\/#primaryimage\"},\"thumbnailUrl\":\"https:\/\/swimchannel.net\/br\/wp-content\/uploads\/2022\/07\/IMG-20220711-WA0001.jpg\",\"datePublished\":\"2022-07-11T09:00:10+00:00\",\"dateModified\":\"2026-03-18T15:34:23+00:00\",\"breadcrumb\":{\"@id\":\"https:\/\/swimchannel.net\/br\/lendario-nadador-australiano-michael-klim-revela-doenca-rara-e-sem-cura\/#breadcrumb\"},\"inLanguage\":\"pt-BR\",\"potentialAction\":[{\"@type\":\"ReadAction\",\"target\":[\"https:\/\/swimchannel.net\/br\/lendario-nadador-australiano-michael-klim-revela-doenca-rara-e-sem-cura\/\"]}]},{\"@type\":\"ImageObject\",\"inLanguage\":\"pt-BR\",\"@id\":\"https:\/\/swimchannel.net\/br\/lendario-nadador-australiano-michael-klim-revela-doenca-rara-e-sem-cura\/#primaryimage\",\"url\":\"https:\/\/swimchannel.net\/br\/wp-content\/uploads\/2022\/07\/IMG-20220711-WA0001.jpg\",\"contentUrl\":\"https:\/\/swimchannel.net\/br\/wp-content\/uploads\/2022\/07\/IMG-20220711-WA0001.jpg\",\"width\":535,\"height\":630,\"caption\":\"Michael Klim - Foto: Reprodu\u00e7\u00e3o\"},{\"@type\":\"BreadcrumbList\",\"@id\":\"https:\/\/swimchannel.net\/br\/lendario-nadador-australiano-michael-klim-revela-doenca-rara-e-sem-cura\/#breadcrumb\",\"itemListElement\":[{\"@type\":\"ListItem\",\"position\":1,\"name\":\"Home\",\"item\":\"https:\/\/swimchannel.net\/br\/\"},{\"@type\":\"ListItem\",\"position\":2,\"name\":\"Lend\u00e1rio nadador australiano Michael Klim revela doen\u00e7a rara e sem cura\"}]},{\"@type\":\"WebSite\",\"@id\":\"https:\/\/swimchannel.net\/br\/#website\",\"url\":\"https:\/\/swimchannel.net\/br\/\",\"name\":\"Swimchannel\",\"description\":\"Maior portal de nata\u00e7\u00e3o da america latina\",\"publisher\":{\"@id\":\"https:\/\/swimchannel.net\/br\/#organization\"},\"potentialAction\":[{\"@type\":\"SearchAction\",\"target\":{\"@type\":\"EntryPoint\",\"urlTemplate\":\"https:\/\/swimchannel.net\/br\/?s={search_term_string}\"},\"query-input\":{\"@type\":\"PropertyValueSpecification\",\"valueRequired\":true,\"valueName\":\"search_term_string\"}}],\"inLanguage\":\"pt-BR\"},{\"@type\":\"Organization\",\"@id\":\"https:\/\/swimchannel.net\/br\/#organization\",\"name\":\"Swimchannel - Conectando voc\u00ea a Nata\u00e7\u00e3o\",\"url\":\"https:\/\/swimchannel.net\/br\/\",\"logo\":{\"@type\":\"ImageObject\",\"inLanguage\":\"pt-BR\",\"@id\":\"https:\/\/swimchannel.net\/br\/#\/schema\/logo\/image\/\",\"url\":\"https:\/\/swimchannel.net\/br\/wp-content\/uploads\/2026\/02\/SWIM-CHANNEL.png\",\"contentUrl\":\"https:\/\/swimchannel.net\/br\/wp-content\/uploads\/2026\/02\/SWIM-CHANNEL.png\",\"width\":1120,\"height\":630,\"caption\":\"Swimchannel - Conectando voc\u00ea a Nata\u00e7\u00e3o\"},\"image\":{\"@id\":\"https:\/\/swimchannel.net\/br\/#\/schema\/logo\/image\/\"},\"sameAs\":[\"https:\/\/www.facebook.com\/swimchannel\",\"https:\/\/www.instagram.com\/swimchannel\"]},{\"@type\":\"Person\",\"@id\":\"https:\/\/swimchannel.net\/br\/#\/schema\/person\/cf549cb99cf75592fcf7c76213385e63\",\"name\":\"Alex Pussieldi\",\"image\":{\"@type\":\"ImageObject\",\"inLanguage\":\"pt-BR\",\"@id\":\"https:\/\/swimchannel.net\/br\/#\/schema\/person\/image\/\",\"url\":\"https:\/\/swimchannel.net\/br\/wp-content\/uploads\/2021\/02\/9b1c252d-a4bd-4eda-b399-24565cac4114-100x100.jpg\",\"contentUrl\":\"https:\/\/swimchannel.net\/br\/wp-content\/uploads\/2021\/02\/9b1c252d-a4bd-4eda-b399-24565cac4114-100x100.jpg\",\"caption\":\"Alex Pussieldi\"},\"description\":\"Alexandre Pussieldi, apelidado de \u201ccoach\u201d, Foi t\u00e9cnico da sele\u00e7\u00e3o verde e amarela nas Olimp\u00edadas de Pequim-2008 e Londres-2012. O treinador ainda comandou outros quatro pa\u00edses: Kuwait, Paraguai, Aruba e Antilhas Holandesas, al\u00e9m da sele\u00e7\u00e3o americana de \u00e1guas abertas. Pussieldi tem passagens como comentarista de nata\u00e7\u00e3o do Grupo Globo e Swim Channel.\",\"url\":\"https:\/\/swimchannel.net\/br\/author\/alexpussieldi\/\"}]}<\/script>\n<!-- \/ Yoast SEO plugin. -->","yoast_head_json":{"title":"Lend\u00e1rio nadador australiano Michael Klim revela doen\u00e7a rara e sem cura - Swimchannel","robots":{"index":"index","follow":"follow","max-snippet":"max-snippet:-1","max-image-preview":"max-image-preview:large","max-video-preview":"max-video-preview:-1"},"canonical":"https:\/\/swimchannel.net\/br\/lendario-nadador-australiano-michael-klim-revela-doenca-rara-e-sem-cura\/","og_locale":"pt_BR","og_type":"article","og_title":"Lend\u00e1rio nadador australiano Michael Klim revela doen\u00e7a rara e sem cura - Swimchannel","og_description":"Campe\u00e3o ol\u00edmpico foi diagnosticado com Polineuropatia Inflamat\u00f3ria Desmielinizante Cr\u00f4nica","og_url":"https:\/\/swimchannel.net\/br\/lendario-nadador-australiano-michael-klim-revela-doenca-rara-e-sem-cura\/","og_site_name":"Swimchannel","article_publisher":"https:\/\/www.facebook.com\/swimchannel","article_published_time":"2022-07-11T09:00:10+00:00","article_modified_time":"2026-03-18T15:34:23+00:00","og_image":[{"width":535,"height":630,"url":"https:\/\/swimchannel.net\/br\/wp-content\/uploads\/2022\/07\/IMG-20220711-WA0001.jpg","type":"image\/jpeg"}],"author":"Alex Pussieldi","twitter_card":"summary_large_image","twitter_misc":{"Escrito por":"Alex Pussieldi","Est. tempo de leitura":"3 minutos"},"schema":{"@context":"https:\/\/schema.org","@graph":[{"@type":"Article","@id":"https:\/\/swimchannel.net\/br\/lendario-nadador-australiano-michael-klim-revela-doenca-rara-e-sem-cura\/#article","isPartOf":{"@id":"https:\/\/swimchannel.net\/br\/lendario-nadador-australiano-michael-klim-revela-doenca-rara-e-sem-cura\/"},"author":{"name":"Alex Pussieldi","@id":"https:\/\/swimchannel.net\/br\/#\/schema\/person\/cf549cb99cf75592fcf7c76213385e63"},"headline":"Lend\u00e1rio nadador australiano Michael Klim revela doen\u00e7a rara e sem cura","datePublished":"2022-07-11T09:00:10+00:00","dateModified":"2026-03-18T15:34:23+00:00","mainEntityOfPage":{"@id":"https:\/\/swimchannel.net\/br\/lendario-nadador-australiano-michael-klim-revela-doenca-rara-e-sem-cura\/"},"wordCount":492,"commentCount":0,"publisher":{"@id":"https:\/\/swimchannel.net\/br\/#organization"},"image":{"@id":"https:\/\/swimchannel.net\/br\/lendario-nadador-australiano-michael-klim-revela-doenca-rara-e-sem-cura\/#primaryimage"},"thumbnailUrl":"https:\/\/swimchannel.net\/br\/wp-content\/uploads\/2022\/07\/IMG-20220711-WA0001.jpg","keywords":["Austr\u00e1lia","Michael Klim","natacao","Polineuropatia Inflamat\u00f3ria Desmielinizante Cr\u00f4nica","sa\u00fade"],"articleSection":["Nata\u00e7\u00e3o"],"inLanguage":"pt-BR","potentialAction":[{"@type":"CommentAction","name":"Comment","target":["https:\/\/swimchannel.net\/br\/lendario-nadador-australiano-michael-klim-revela-doenca-rara-e-sem-cura\/#respond"]}]},{"@type":"WebPage","@id":"https:\/\/swimchannel.net\/br\/lendario-nadador-australiano-michael-klim-revela-doenca-rara-e-sem-cura\/","url":"https:\/\/swimchannel.net\/br\/lendario-nadador-australiano-michael-klim-revela-doenca-rara-e-sem-cura\/","name":"Lend\u00e1rio nadador australiano Michael Klim revela doen\u00e7a rara e sem cura - Swimchannel","isPartOf":{"@id":"https:\/\/swimchannel.net\/br\/#website"},"primaryImageOfPage":{"@id":"https:\/\/swimchannel.net\/br\/lendario-nadador-australiano-michael-klim-revela-doenca-rara-e-sem-cura\/#primaryimage"},"image":{"@id":"https:\/\/swimchannel.net\/br\/lendario-nadador-australiano-michael-klim-revela-doenca-rara-e-sem-cura\/#primaryimage"},"thumbnailUrl":"https:\/\/swimchannel.net\/br\/wp-content\/uploads\/2022\/07\/IMG-20220711-WA0001.jpg","datePublished":"2022-07-11T09:00:10+00:00","dateModified":"2026-03-18T15:34:23+00:00","breadcrumb":{"@id":"https:\/\/swimchannel.net\/br\/lendario-nadador-australiano-michael-klim-revela-doenca-rara-e-sem-cura\/#breadcrumb"},"inLanguage":"pt-BR","potentialAction":[{"@type":"ReadAction","target":["https:\/\/swimchannel.net\/br\/lendario-nadador-australiano-michael-klim-revela-doenca-rara-e-sem-cura\/"]}]},{"@type":"ImageObject","inLanguage":"pt-BR","@id":"https:\/\/swimchannel.net\/br\/lendario-nadador-australiano-michael-klim-revela-doenca-rara-e-sem-cura\/#primaryimage","url":"https:\/\/swimchannel.net\/br\/wp-content\/uploads\/2022\/07\/IMG-20220711-WA0001.jpg","contentUrl":"https:\/\/swimchannel.net\/br\/wp-content\/uploads\/2022\/07\/IMG-20220711-WA0001.jpg","width":535,"height":630,"caption":"Michael Klim - Foto: Reprodu\u00e7\u00e3o"},{"@type":"BreadcrumbList","@id":"https:\/\/swimchannel.net\/br\/lendario-nadador-australiano-michael-klim-revela-doenca-rara-e-sem-cura\/#breadcrumb","itemListElement":[{"@type":"ListItem","position":1,"name":"Home","item":"https:\/\/swimchannel.net\/br\/"},{"@type":"ListItem","position":2,"name":"Lend\u00e1rio nadador australiano Michael Klim revela doen\u00e7a rara e sem cura"}]},{"@type":"WebSite","@id":"https:\/\/swimchannel.net\/br\/#website","url":"https:\/\/swimchannel.net\/br\/","name":"Swimchannel","description":"Maior portal de nata\u00e7\u00e3o da america latina","publisher":{"@id":"https:\/\/swimchannel.net\/br\/#organization"},"potentialAction":[{"@type":"SearchAction","target":{"@type":"EntryPoint","urlTemplate":"https:\/\/swimchannel.net\/br\/?s={search_term_string}"},"query-input":{"@type":"PropertyValueSpecification","valueRequired":true,"valueName":"search_term_string"}}],"inLanguage":"pt-BR"},{"@type":"Organization","@id":"https:\/\/swimchannel.net\/br\/#organization","name":"Swimchannel - Conectando voc\u00ea a Nata\u00e7\u00e3o","url":"https:\/\/swimchannel.net\/br\/","logo":{"@type":"ImageObject","inLanguage":"pt-BR","@id":"https:\/\/swimchannel.net\/br\/#\/schema\/logo\/image\/","url":"https:\/\/swimchannel.net\/br\/wp-content\/uploads\/2026\/02\/SWIM-CHANNEL.png","contentUrl":"https:\/\/swimchannel.net\/br\/wp-content\/uploads\/2026\/02\/SWIM-CHANNEL.png","width":1120,"height":630,"caption":"Swimchannel - Conectando voc\u00ea a Nata\u00e7\u00e3o"},"image":{"@id":"https:\/\/swimchannel.net\/br\/#\/schema\/logo\/image\/"},"sameAs":["https:\/\/www.facebook.com\/swimchannel","https:\/\/www.instagram.com\/swimchannel"]},{"@type":"Person","@id":"https:\/\/swimchannel.net\/br\/#\/schema\/person\/cf549cb99cf75592fcf7c76213385e63","name":"Alex Pussieldi","image":{"@type":"ImageObject","inLanguage":"pt-BR","@id":"https:\/\/swimchannel.net\/br\/#\/schema\/person\/image\/","url":"https:\/\/swimchannel.net\/br\/wp-content\/uploads\/2021\/02\/9b1c252d-a4bd-4eda-b399-24565cac4114-100x100.jpg","contentUrl":"https:\/\/swimchannel.net\/br\/wp-content\/uploads\/2021\/02\/9b1c252d-a4bd-4eda-b399-24565cac4114-100x100.jpg","caption":"Alex Pussieldi"},"description":"Alexandre Pussieldi, apelidado de \u201ccoach\u201d, Foi t\u00e9cnico da sele\u00e7\u00e3o verde e amarela nas Olimp\u00edadas de Pequim-2008 e Londres-2012. O treinador ainda comandou outros quatro pa\u00edses: Kuwait, Paraguai, Aruba e Antilhas Holandesas, al\u00e9m da sele\u00e7\u00e3o americana de \u00e1guas abertas. Pussieldi tem passagens como comentarista de nata\u00e7\u00e3o do Grupo Globo e Swim Channel.","url":"https:\/\/swimchannel.net\/br\/author\/alexpussieldi\/"}]}},"_links":{"self":[{"href":"https:\/\/swimchannel.net\/br\/wp-json\/wp\/v2\/posts\/52057","targetHints":{"allow":["GET"]}}],"collection":[{"href":"https:\/\/swimchannel.net\/br\/wp-json\/wp\/v2\/posts"}],"about":[{"href":"https:\/\/swimchannel.net\/br\/wp-json\/wp\/v2\/types\/post"}],"author":[{"embeddable":true,"href":"https:\/\/swimchannel.net\/br\/wp-json\/wp\/v2\/users\/12"}],"replies":[{"embeddable":true,"href":"https:\/\/swimchannel.net\/br\/wp-json\/wp\/v2\/comments?post=52057"}],"version-history":[{"count":4,"href":"https:\/\/swimchannel.net\/br\/wp-json\/wp\/v2\/posts\/52057\/revisions"}],"predecessor-version":[{"id":52078,"href":"https:\/\/swimchannel.net\/br\/wp-json\/wp\/v2\/posts\/52057\/revisions\/52078"}],"wp:attachment":[{"href":"https:\/\/swimchannel.net\/br\/wp-json\/wp\/v2\/media?parent=52057"}],"wp:term":[{"taxonomy":"category","embeddable":true,"href":"https:\/\/swimchannel.net\/br\/wp-json\/wp\/v2\/categories?post=52057"},{"taxonomy":"post_tag","embeddable":true,"href":"https:\/\/swimchannel.net\/br\/wp-json\/wp\/v2\/tags?post=52057"}],"curies":[{"name":"wp","href":"https:\/\/api.w.org\/{rel}","templated":true}]}}