{"id":52080,"date":"2022-07-11T18:21:52","date_gmt":"2022-07-11T21:21:52","guid":{"rendered":"https:\/\/swimchannel.net\/br\/?p=52080"},"modified":"2022-07-11T19:50:01","modified_gmt":"2022-07-11T22:50:01","slug":"encontro-natacao-2022-sera-apoiado-pela-cbda","status":"publish","type":"post","link":"https:\/\/swimchannel.net\/br\/encontro-natacao-2022-sera-apoiado-pela-cbda\/","title":{"rendered":"Encontro Nata\u00e7\u00e3o 2022 ser\u00e1 apoiado pela CBDA!"},"content":{"rendered":"<p>Nascido no ano de 2006, o Encontro Nata\u00e7\u00e3o caminha para sua 17\u00aa edi\u00e7\u00e3o, sem jamais ter nenhuma interrup\u00e7\u00e3o, desde sua cria\u00e7\u00e3o. Originalmente criado pelos professores Alexandre Indiani e Paulo Shirano, o evento passou a fazer parte do grupo <strong>SWIM CHANNEL<\/strong> a partir do ano passado.<\/p>\n<p>Uma das novidades para a edi\u00e7\u00e3o de 2022 \u00e9 o apoio da Confedera\u00e7\u00e3o Brasileira de Desportos Aqu\u00e1ticos (CBDA), que contribuir\u00e1 na qualidade do publico alvo do evento e tamb\u00e9m na amplia\u00e7\u00e3o da divulga\u00e7\u00e3o.<\/p>\n<p>O Encontro Nata\u00e7\u00e3o 2022, acontecer\u00e1 de maneira 100% online e contar\u00e1 com a presen\u00e7a de quatro palestrantes:<\/p>\n<p>&nbsp;<\/p>\n<figure id=\"attachment_52081\" aria-describedby=\"caption-attachment-52081\" style=\"width: 630px\" class=\"wp-caption alignnone\"><img loading=\"lazy\" decoding=\"async\" class=\"size-full wp-image-52081\" src=\"https:\/\/swimchannel.net\/br\/wp-content\/uploads\/2022\/07\/WhatsApp-Image-2022-05-28-at-00.07.47-3.jpeg\" alt=\"\" width=\"630\" height=\"630\" srcset=\"https:\/\/swimchannel.net\/br\/wp-content\/uploads\/2022\/07\/WhatsApp-Image-2022-05-28-at-00.07.47-3.jpeg 630w, https:\/\/swimchannel.net\/br\/wp-content\/uploads\/2022\/07\/WhatsApp-Image-2022-05-28-at-00.07.47-3-180x180.jpeg 180w, https:\/\/swimchannel.net\/br\/wp-content\/uploads\/2022\/07\/WhatsApp-Image-2022-05-28-at-00.07.47-3-75x75.jpeg 75w\" sizes=\"auto, (max-width: 630px) 100vw, 630px\" \/><figcaption id=\"caption-attachment-52081\" class=\"wp-caption-text\">17\u00ba Encontro Nata\u00e7\u00e3o &#8211; Foto: Reprodu\u00e7\u00e3o<\/figcaption><\/figure>\n<ul>\n<li><strong>Dia 21 de Julho<\/strong><\/li>\n<\/ul>\n<p><strong>Palestrante:<\/strong>\u00a0\u00a0Professor Sergio Marques<\/p>\n<p><strong><b>Tema<\/b><\/strong>: O atleta destaque se adapta ao time ou o inverso? Conhe\u00e7a o \u00faltimo ciclo ol\u00edmpico Fernando Scheffer.<\/p>\n<p>&nbsp;<\/p>\n<p>&nbsp;<\/p>\n<figure id=\"attachment_51406\" aria-describedby=\"caption-attachment-51406\" style=\"width: 630px\" class=\"wp-caption alignnone\"><img loading=\"lazy\" decoding=\"async\" class=\"size-full wp-image-51406\" src=\"https:\/\/swimchannel.net\/br\/wp-content\/uploads\/2022\/06\/WhatsApp-Image-2022-05-28-at-00.07.48-2.jpeg\" alt=\"\" width=\"630\" height=\"630\" srcset=\"https:\/\/swimchannel.net\/br\/wp-content\/uploads\/2022\/06\/WhatsApp-Image-2022-05-28-at-00.07.48-2.jpeg 630w, https:\/\/swimchannel.net\/br\/wp-content\/uploads\/2022\/06\/WhatsApp-Image-2022-05-28-at-00.07.48-2-180x180.jpeg 180w, https:\/\/swimchannel.net\/br\/wp-content\/uploads\/2022\/06\/WhatsApp-Image-2022-05-28-at-00.07.48-2-75x75.jpeg 75w\" sizes=\"auto, (max-width: 630px) 100vw, 630px\" \/><figcaption id=\"caption-attachment-51406\" class=\"wp-caption-text\">17\u00ba Encontro Nata\u00e7\u00e3o &#8211; Foto: Reprodu\u00e7\u00e3o<\/figcaption><\/figure>\n<ul>\n<li><strong>Dia 22 de Julho<\/strong><\/li>\n<\/ul>\n<p><strong>Palestrante:<\/strong>\u00a0Professor Wlad Veiga<\/p>\n<p><strong><b>Tema<\/b><\/strong><strong><b>:<\/b><\/strong>\u00a0Entendendo os passos do atleta da categoria de base para a elite.<\/p>\n<p>&nbsp;<\/p>\n<p>&nbsp;<\/p>\n<figure id=\"attachment_51321\" aria-describedby=\"caption-attachment-51321\" style=\"width: 630px\" class=\"wp-caption alignnone\"><img loading=\"lazy\" decoding=\"async\" class=\"size-full wp-image-51321\" src=\"https:\/\/swimchannel.net\/br\/wp-content\/uploads\/2022\/06\/WhatsApp-Image-2022-05-28-at-00.07.47-1.jpeg\" alt=\"\" width=\"630\" height=\"630\" srcset=\"https:\/\/swimchannel.net\/br\/wp-content\/uploads\/2022\/06\/WhatsApp-Image-2022-05-28-at-00.07.47-1.jpeg 630w, https:\/\/swimchannel.net\/br\/wp-content\/uploads\/2022\/06\/WhatsApp-Image-2022-05-28-at-00.07.47-1-180x180.jpeg 180w, https:\/\/swimchannel.net\/br\/wp-content\/uploads\/2022\/06\/WhatsApp-Image-2022-05-28-at-00.07.47-1-75x75.jpeg 75w\" sizes=\"auto, (max-width: 630px) 100vw, 630px\" \/><figcaption id=\"caption-attachment-51321\" class=\"wp-caption-text\">17\u00ba Encontro Nata\u00e7\u00e3o &#8211; Foto: Reprodu\u00e7\u00e3o<\/figcaption><\/figure>\n<ul>\n<li><strong>Dia 22 de Julho<\/strong><\/li>\n<\/ul>\n<p><strong>Palestrante:<\/strong>\u00a0\u00a0Professor Rodrigo Trivino<\/p>\n<p><strong><b>Tema:<\/b><\/strong>\u00a0Entenda a motiva\u00e7\u00e3o da nata\u00e7\u00e3o cronometrada de piscina para o atleta que aprendeu a nadar ap\u00f3s a maturidade.<\/p>\n<p>&nbsp;<\/p>\n<figure id=\"attachment_51567\" aria-describedby=\"caption-attachment-51567\" style=\"width: 629px\" class=\"wp-caption alignnone\"><img loading=\"lazy\" decoding=\"async\" class=\"size-full wp-image-51567\" src=\"https:\/\/swimchannel.net\/br\/wp-content\/uploads\/2022\/06\/possenti.jpg\" alt=\"\" width=\"629\" height=\"628\" srcset=\"https:\/\/swimchannel.net\/br\/wp-content\/uploads\/2022\/06\/possenti.jpg 629w, https:\/\/swimchannel.net\/br\/wp-content\/uploads\/2022\/06\/possenti-180x180.jpg 180w, https:\/\/swimchannel.net\/br\/wp-content\/uploads\/2022\/06\/possenti-75x75.jpg 75w\" sizes=\"auto, (max-width: 629px) 100vw, 629px\" \/><figcaption id=\"caption-attachment-51567\" class=\"wp-caption-text\">Encontro Nata\u00e7\u00e3o 2022 &#8211; Foto: Reprodu\u00e7\u00e3o<\/figcaption><\/figure>\n<ul>\n<li><strong>Dia 23 de Julho<\/strong><\/li>\n<\/ul>\n<p><strong>Palestrante:<\/strong>\u00a0\u00a0Professor Fernando Possenti<\/p>\n<p><strong><b>Tema<\/b><\/strong>: A import\u00e2ncia da boa nata\u00e7\u00e3o de piscina para as provas de maratonas aqu\u00e1tica.<\/p>\n<p>&nbsp;<\/p>\n<p>\u201cAcompanho o s\u00e9rio trabalho de todos os palestrantes, e \u00e9 um orgulho para a CBDA, apoiar um evento com uma longevidade t\u00e3o acentuada\u201c, comenta Luiz Coelho, presidente da CBDA.\u00a0\u00a0\u201cTamb\u00e9m acompanho o evento desde 2006, e j\u00e1 estava nos planos, iniciar uma parceria com o evento, que apresenta uma miss\u00e3o t\u00e3o honrada, quanto o Encontro Nata\u00e7\u00e3o\u201d, acrescenta Renato Cordani, vice-presidente da entidade.<\/p>\n<figure id=\"attachment_27857\" aria-describedby=\"caption-attachment-27857\" style=\"width: 1200px\" class=\"wp-caption alignnone\"><img loading=\"lazy\" decoding=\"async\" class=\"size-medium wp-image-27857\" src=\"https:\/\/swimchannel.net\/br\/wp-content\/uploads\/2020\/12\/LOGO-SWIM-1200x675.png\" alt=\"\" width=\"1200\" height=\"675\" srcset=\"https:\/\/swimchannel.net\/br\/wp-content\/uploads\/2020\/12\/LOGO-SWIM-1200x675.png 1200w, https:\/\/swimchannel.net\/br\/wp-content\/uploads\/2020\/12\/LOGO-SWIM-600x337.png 600w, https:\/\/swimchannel.net\/br\/wp-content\/uploads\/2020\/12\/LOGO-SWIM-1423x800.png 1423w, https:\/\/swimchannel.net\/br\/wp-content\/uploads\/2020\/12\/LOGO-SWIM-320x180.png 320w, https:\/\/swimchannel.net\/br\/wp-content\/uploads\/2020\/12\/LOGO-SWIM-768x432.png 768w, https:\/\/swimchannel.net\/br\/wp-content\/uploads\/2020\/12\/LOGO-SWIM-1536x863.png 1536w, https:\/\/swimchannel.net\/br\/wp-content\/uploads\/2020\/12\/LOGO-SWIM-640x360.png 640w, https:\/\/swimchannel.net\/br\/wp-content\/uploads\/2020\/12\/LOGO-SWIM.png 1601w\" sizes=\"auto, (max-width: 1200px) 100vw, 1200px\" \/><figcaption id=\"caption-attachment-27857\" class=\"wp-caption-text\">O Encontro Nata\u00e7\u00e3o pertence ao Grupo Swim Channel<\/figcaption><\/figure>\n<p>O evento est\u00e1 no 2\u00ba lote, que tem dura\u00e7\u00e3o at\u00e9 o pr\u00f3ximo dia 16 de julho. Ressaltando que o evento n\u00e3o \u00e9 exclusivo para profissionais da Educa\u00e7\u00e3o F\u00edsica, e tamb\u00e9m pode ser indicado para pais de atletas, atletas de elite, m\u00e1sters ou amadores, dirigentes e amantes do esporte<\/p>\n<p>O Encontro Nata\u00e7\u00e3o 2022 \u00e9 uma produ\u00e7\u00e3o do grupo <strong>SWIM CHANNEL<\/strong>, com patroc\u00ednio da Speedo, Mormaii e Swim Haus e apoio da CBDA. Mais informa\u00e7\u00f5es no website oficial aqui: <a href=\"https:\/\/encontronatacao.swimchannel.net\" target=\"_blank\" rel=\"noopener\">https:\/\/encontronatacao.swimchannel.net<\/a>.<\/p>\n","protected":false},"excerpt":{"rendered":"<p>Com 17 anos de exist\u00eancia, \u00e9 o evento nacional mais tradicional para t\u00e9cnicos e professores da modalidade<\/p>\n","protected":false},"author":7,"featured_media":26495,"comment_status":"open","ping_status":"open","sticky":false,"template":"","format":"gallery","meta":{"footnotes":""},"categories":[137],"tags":[14,194,2456,5,37,1591],"class_list":["post-52080","post","type-post","status-publish","format-gallery","has-post-thumbnail","hentry","category-natacao","tag-aguas-abertas","tag-cbda","tag-encontro-natacao","tag-natacao","tag-swim-channel","tag-tecnicos-de-natacao","post_format-post-format-gallery"],"yoast_head":"<!-- This site is optimized with the Yoast SEO plugin v27.0 - https:\/\/yoast.com\/product\/yoast-seo-wordpress\/ -->\n<title>Encontro Nata\u00e7\u00e3o 2022 ser\u00e1 apoiado pela CBDA! - Swimchannel<\/title>\n<meta name=\"robots\" content=\"index, follow, max-snippet:-1, max-image-preview:large, max-video-preview:-1\" \/>\n<link rel=\"canonical\" href=\"https:\/\/swimchannel.net\/br\/encontro-natacao-2022-sera-apoiado-pela-cbda\/\" \/>\n<meta property=\"og:locale\" content=\"pt_BR\" \/>\n<meta property=\"og:type\" content=\"article\" \/>\n<meta property=\"og:title\" content=\"Encontro Nata\u00e7\u00e3o 2022 ser\u00e1 apoiado pela CBDA! - Swimchannel\" \/>\n<meta property=\"og:description\" content=\"Com 17 anos de exist\u00eancia, \u00e9 o evento nacional mais tradicional para t\u00e9cnicos e professores da modalidade\" \/>\n<meta property=\"og:url\" content=\"https:\/\/swimchannel.net\/br\/encontro-natacao-2022-sera-apoiado-pela-cbda\/\" \/>\n<meta property=\"og:site_name\" content=\"Swimchannel\" \/>\n<meta property=\"article:publisher\" content=\"https:\/\/www.facebook.com\/swimchannel\" \/>\n<meta property=\"article:published_time\" content=\"2022-07-11T21:21:52+00:00\" \/>\n<meta property=\"article:modified_time\" content=\"2022-07-11T22:50:01+00:00\" \/>\n<meta property=\"og:image\" content=\"https:\/\/swimchannel.net\/br\/wp-content\/uploads\/2020\/10\/logcbda.jpg\" \/>\n\t<meta property=\"og:image:width\" content=\"600\" \/>\n\t<meta property=\"og:image:height\" content=\"344\" \/>\n\t<meta property=\"og:image:type\" content=\"image\/jpeg\" \/>\n<meta name=\"author\" content=\"Patrick Winkler\" \/>\n<meta name=\"twitter:card\" content=\"summary_large_image\" \/>\n<meta name=\"twitter:label1\" content=\"Escrito por\" \/>\n\t<meta name=\"twitter:data1\" content=\"Patrick Winkler\" \/>\n\t<meta name=\"twitter:label2\" content=\"Est. tempo de leitura\" \/>\n\t<meta name=\"twitter:data2\" content=\"2 minutos\" \/>\n<script type=\"application\/ld+json\" class=\"yoast-schema-graph\">{\"@context\":\"https:\/\/schema.org\",\"@graph\":[{\"@type\":\"Article\",\"@id\":\"https:\/\/swimchannel.net\/br\/encontro-natacao-2022-sera-apoiado-pela-cbda\/#article\",\"isPartOf\":{\"@id\":\"https:\/\/swimchannel.net\/br\/encontro-natacao-2022-sera-apoiado-pela-cbda\/\"},\"author\":{\"name\":\"Patrick Winkler\",\"@id\":\"https:\/\/swimchannel.net\/br\/#\/schema\/person\/e386d1d95aa7c02a94032f7e0b22e45f\"},\"headline\":\"Encontro Nata\u00e7\u00e3o 2022 ser\u00e1 apoiado pela CBDA!\",\"datePublished\":\"2022-07-11T21:21:52+00:00\",\"dateModified\":\"2022-07-11T22:50:01+00:00\",\"mainEntityOfPage\":{\"@id\":\"https:\/\/swimchannel.net\/br\/encontro-natacao-2022-sera-apoiado-pela-cbda\/\"},\"wordCount\":440,\"commentCount\":0,\"publisher\":{\"@id\":\"https:\/\/swimchannel.net\/br\/#organization\"},\"image\":{\"@id\":\"https:\/\/swimchannel.net\/br\/encontro-natacao-2022-sera-apoiado-pela-cbda\/#primaryimage\"},\"thumbnailUrl\":\"https:\/\/swimchannel.net\/br\/wp-content\/uploads\/2020\/10\/logcbda.jpg\",\"keywords\":[\"\u00c1guas abertas\",\"CBDA\",\"Encontro Nata\u00e7\u00e3o\",\"natacao\",\"Swim Channel\",\"t\u00e9cnicos de nata\u00e7\u00e3o\"],\"articleSection\":[\"Nata\u00e7\u00e3o\"],\"inLanguage\":\"pt-BR\",\"potentialAction\":[{\"@type\":\"CommentAction\",\"name\":\"Comment\",\"target\":[\"https:\/\/swimchannel.net\/br\/encontro-natacao-2022-sera-apoiado-pela-cbda\/#respond\"]}]},{\"@type\":\"WebPage\",\"@id\":\"https:\/\/swimchannel.net\/br\/encontro-natacao-2022-sera-apoiado-pela-cbda\/\",\"url\":\"https:\/\/swimchannel.net\/br\/encontro-natacao-2022-sera-apoiado-pela-cbda\/\",\"name\":\"Encontro Nata\u00e7\u00e3o 2022 ser\u00e1 apoiado pela CBDA! - Swimchannel\",\"isPartOf\":{\"@id\":\"https:\/\/swimchannel.net\/br\/#website\"},\"primaryImageOfPage\":{\"@id\":\"https:\/\/swimchannel.net\/br\/encontro-natacao-2022-sera-apoiado-pela-cbda\/#primaryimage\"},\"image\":{\"@id\":\"https:\/\/swimchannel.net\/br\/encontro-natacao-2022-sera-apoiado-pela-cbda\/#primaryimage\"},\"thumbnailUrl\":\"https:\/\/swimchannel.net\/br\/wp-content\/uploads\/2020\/10\/logcbda.jpg\",\"datePublished\":\"2022-07-11T21:21:52+00:00\",\"dateModified\":\"2022-07-11T22:50:01+00:00\",\"breadcrumb\":{\"@id\":\"https:\/\/swimchannel.net\/br\/encontro-natacao-2022-sera-apoiado-pela-cbda\/#breadcrumb\"},\"inLanguage\":\"pt-BR\",\"potentialAction\":[{\"@type\":\"ReadAction\",\"target\":[\"https:\/\/swimchannel.net\/br\/encontro-natacao-2022-sera-apoiado-pela-cbda\/\"]}]},{\"@type\":\"ImageObject\",\"inLanguage\":\"pt-BR\",\"@id\":\"https:\/\/swimchannel.net\/br\/encontro-natacao-2022-sera-apoiado-pela-cbda\/#primaryimage\",\"url\":\"https:\/\/swimchannel.net\/br\/wp-content\/uploads\/2020\/10\/logcbda.jpg\",\"contentUrl\":\"https:\/\/swimchannel.net\/br\/wp-content\/uploads\/2020\/10\/logcbda.jpg\",\"width\":600,\"height\":344,\"caption\":\"Logo da CBDA - Foto: Reprodu\u00e7\u00e3o\"},{\"@type\":\"BreadcrumbList\",\"@id\":\"https:\/\/swimchannel.net\/br\/encontro-natacao-2022-sera-apoiado-pela-cbda\/#breadcrumb\",\"itemListElement\":[{\"@type\":\"ListItem\",\"position\":1,\"name\":\"Home\",\"item\":\"https:\/\/swimchannel.net\/br\/\"},{\"@type\":\"ListItem\",\"position\":2,\"name\":\"Encontro Nata\u00e7\u00e3o 2022 ser\u00e1 apoiado pela CBDA!\"}]},{\"@type\":\"WebSite\",\"@id\":\"https:\/\/swimchannel.net\/br\/#website\",\"url\":\"https:\/\/swimchannel.net\/br\/\",\"name\":\"Swimchannel\",\"description\":\"Maior portal de nata\u00e7\u00e3o da america latina\",\"publisher\":{\"@id\":\"https:\/\/swimchannel.net\/br\/#organization\"},\"potentialAction\":[{\"@type\":\"SearchAction\",\"target\":{\"@type\":\"EntryPoint\",\"urlTemplate\":\"https:\/\/swimchannel.net\/br\/?s={search_term_string}\"},\"query-input\":{\"@type\":\"PropertyValueSpecification\",\"valueRequired\":true,\"valueName\":\"search_term_string\"}}],\"inLanguage\":\"pt-BR\"},{\"@type\":\"Organization\",\"@id\":\"https:\/\/swimchannel.net\/br\/#organization\",\"name\":\"Swimchannel - Conectando voc\u00ea a Nata\u00e7\u00e3o\",\"url\":\"https:\/\/swimchannel.net\/br\/\",\"logo\":{\"@type\":\"ImageObject\",\"inLanguage\":\"pt-BR\",\"@id\":\"https:\/\/swimchannel.net\/br\/#\/schema\/logo\/image\/\",\"url\":\"https:\/\/swimchannel.net\/br\/wp-content\/uploads\/2026\/02\/SWIM-CHANNEL.png\",\"contentUrl\":\"https:\/\/swimchannel.net\/br\/wp-content\/uploads\/2026\/02\/SWIM-CHANNEL.png\",\"width\":1120,\"height\":630,\"caption\":\"Swimchannel - Conectando voc\u00ea a Nata\u00e7\u00e3o\"},\"image\":{\"@id\":\"https:\/\/swimchannel.net\/br\/#\/schema\/logo\/image\/\"},\"sameAs\":[\"https:\/\/www.facebook.com\/swimchannel\",\"https:\/\/www.instagram.com\/swimchannel\"]},{\"@type\":\"Person\",\"@id\":\"https:\/\/swimchannel.net\/br\/#\/schema\/person\/e386d1d95aa7c02a94032f7e0b22e45f\",\"name\":\"Patrick Winkler\",\"image\":{\"@type\":\"ImageObject\",\"inLanguage\":\"pt-BR\",\"@id\":\"https:\/\/swimchannel.net\/br\/#\/schema\/person\/image\/\",\"url\":\"https:\/\/swimchannel.net\/br\/wp-content\/uploads\/2025\/02\/pw-201x180.jpg\",\"contentUrl\":\"https:\/\/swimchannel.net\/br\/wp-content\/uploads\/2025\/02\/pw-201x180.jpg\",\"caption\":\"Patrick Winkler\"},\"description\":\"Patrick Winkler CEO do Grupo Swim Channel, formado em administra\u00e7\u00e3o de empresas pela Universidade Mackenzie e p\u00f3s graduado em Gest\u00e3o do Esporte pelo Instituto Trevisan\",\"url\":\"https:\/\/swimchannel.net\/br\/author\/patrick-winkler\/\"}]}<\/script>\n<!-- \/ Yoast SEO plugin. -->","yoast_head_json":{"title":"Encontro Nata\u00e7\u00e3o 2022 ser\u00e1 apoiado pela CBDA! - Swimchannel","robots":{"index":"index","follow":"follow","max-snippet":"max-snippet:-1","max-image-preview":"max-image-preview:large","max-video-preview":"max-video-preview:-1"},"canonical":"https:\/\/swimchannel.net\/br\/encontro-natacao-2022-sera-apoiado-pela-cbda\/","og_locale":"pt_BR","og_type":"article","og_title":"Encontro Nata\u00e7\u00e3o 2022 ser\u00e1 apoiado pela CBDA! - Swimchannel","og_description":"Com 17 anos de exist\u00eancia, \u00e9 o evento nacional mais tradicional para t\u00e9cnicos e professores da modalidade","og_url":"https:\/\/swimchannel.net\/br\/encontro-natacao-2022-sera-apoiado-pela-cbda\/","og_site_name":"Swimchannel","article_publisher":"https:\/\/www.facebook.com\/swimchannel","article_published_time":"2022-07-11T21:21:52+00:00","article_modified_time":"2022-07-11T22:50:01+00:00","og_image":[{"width":600,"height":344,"url":"https:\/\/swimchannel.net\/br\/wp-content\/uploads\/2020\/10\/logcbda.jpg","type":"image\/jpeg"}],"author":"Patrick Winkler","twitter_card":"summary_large_image","twitter_misc":{"Escrito por":"Patrick Winkler","Est. tempo de leitura":"2 minutos"},"schema":{"@context":"https:\/\/schema.org","@graph":[{"@type":"Article","@id":"https:\/\/swimchannel.net\/br\/encontro-natacao-2022-sera-apoiado-pela-cbda\/#article","isPartOf":{"@id":"https:\/\/swimchannel.net\/br\/encontro-natacao-2022-sera-apoiado-pela-cbda\/"},"author":{"name":"Patrick Winkler","@id":"https:\/\/swimchannel.net\/br\/#\/schema\/person\/e386d1d95aa7c02a94032f7e0b22e45f"},"headline":"Encontro Nata\u00e7\u00e3o 2022 ser\u00e1 apoiado pela CBDA!","datePublished":"2022-07-11T21:21:52+00:00","dateModified":"2022-07-11T22:50:01+00:00","mainEntityOfPage":{"@id":"https:\/\/swimchannel.net\/br\/encontro-natacao-2022-sera-apoiado-pela-cbda\/"},"wordCount":440,"commentCount":0,"publisher":{"@id":"https:\/\/swimchannel.net\/br\/#organization"},"image":{"@id":"https:\/\/swimchannel.net\/br\/encontro-natacao-2022-sera-apoiado-pela-cbda\/#primaryimage"},"thumbnailUrl":"https:\/\/swimchannel.net\/br\/wp-content\/uploads\/2020\/10\/logcbda.jpg","keywords":["\u00c1guas abertas","CBDA","Encontro Nata\u00e7\u00e3o","natacao","Swim Channel","t\u00e9cnicos de nata\u00e7\u00e3o"],"articleSection":["Nata\u00e7\u00e3o"],"inLanguage":"pt-BR","potentialAction":[{"@type":"CommentAction","name":"Comment","target":["https:\/\/swimchannel.net\/br\/encontro-natacao-2022-sera-apoiado-pela-cbda\/#respond"]}]},{"@type":"WebPage","@id":"https:\/\/swimchannel.net\/br\/encontro-natacao-2022-sera-apoiado-pela-cbda\/","url":"https:\/\/swimchannel.net\/br\/encontro-natacao-2022-sera-apoiado-pela-cbda\/","name":"Encontro Nata\u00e7\u00e3o 2022 ser\u00e1 apoiado pela CBDA! - Swimchannel","isPartOf":{"@id":"https:\/\/swimchannel.net\/br\/#website"},"primaryImageOfPage":{"@id":"https:\/\/swimchannel.net\/br\/encontro-natacao-2022-sera-apoiado-pela-cbda\/#primaryimage"},"image":{"@id":"https:\/\/swimchannel.net\/br\/encontro-natacao-2022-sera-apoiado-pela-cbda\/#primaryimage"},"thumbnailUrl":"https:\/\/swimchannel.net\/br\/wp-content\/uploads\/2020\/10\/logcbda.jpg","datePublished":"2022-07-11T21:21:52+00:00","dateModified":"2022-07-11T22:50:01+00:00","breadcrumb":{"@id":"https:\/\/swimchannel.net\/br\/encontro-natacao-2022-sera-apoiado-pela-cbda\/#breadcrumb"},"inLanguage":"pt-BR","potentialAction":[{"@type":"ReadAction","target":["https:\/\/swimchannel.net\/br\/encontro-natacao-2022-sera-apoiado-pela-cbda\/"]}]},{"@type":"ImageObject","inLanguage":"pt-BR","@id":"https:\/\/swimchannel.net\/br\/encontro-natacao-2022-sera-apoiado-pela-cbda\/#primaryimage","url":"https:\/\/swimchannel.net\/br\/wp-content\/uploads\/2020\/10\/logcbda.jpg","contentUrl":"https:\/\/swimchannel.net\/br\/wp-content\/uploads\/2020\/10\/logcbda.jpg","width":600,"height":344,"caption":"Logo da CBDA - Foto: Reprodu\u00e7\u00e3o"},{"@type":"BreadcrumbList","@id":"https:\/\/swimchannel.net\/br\/encontro-natacao-2022-sera-apoiado-pela-cbda\/#breadcrumb","itemListElement":[{"@type":"ListItem","position":1,"name":"Home","item":"https:\/\/swimchannel.net\/br\/"},{"@type":"ListItem","position":2,"name":"Encontro Nata\u00e7\u00e3o 2022 ser\u00e1 apoiado pela CBDA!"}]},{"@type":"WebSite","@id":"https:\/\/swimchannel.net\/br\/#website","url":"https:\/\/swimchannel.net\/br\/","name":"Swimchannel","description":"Maior portal de nata\u00e7\u00e3o da america latina","publisher":{"@id":"https:\/\/swimchannel.net\/br\/#organization"},"potentialAction":[{"@type":"SearchAction","target":{"@type":"EntryPoint","urlTemplate":"https:\/\/swimchannel.net\/br\/?s={search_term_string}"},"query-input":{"@type":"PropertyValueSpecification","valueRequired":true,"valueName":"search_term_string"}}],"inLanguage":"pt-BR"},{"@type":"Organization","@id":"https:\/\/swimchannel.net\/br\/#organization","name":"Swimchannel - Conectando voc\u00ea a Nata\u00e7\u00e3o","url":"https:\/\/swimchannel.net\/br\/","logo":{"@type":"ImageObject","inLanguage":"pt-BR","@id":"https:\/\/swimchannel.net\/br\/#\/schema\/logo\/image\/","url":"https:\/\/swimchannel.net\/br\/wp-content\/uploads\/2026\/02\/SWIM-CHANNEL.png","contentUrl":"https:\/\/swimchannel.net\/br\/wp-content\/uploads\/2026\/02\/SWIM-CHANNEL.png","width":1120,"height":630,"caption":"Swimchannel - Conectando voc\u00ea a Nata\u00e7\u00e3o"},"image":{"@id":"https:\/\/swimchannel.net\/br\/#\/schema\/logo\/image\/"},"sameAs":["https:\/\/www.facebook.com\/swimchannel","https:\/\/www.instagram.com\/swimchannel"]},{"@type":"Person","@id":"https:\/\/swimchannel.net\/br\/#\/schema\/person\/e386d1d95aa7c02a94032f7e0b22e45f","name":"Patrick Winkler","image":{"@type":"ImageObject","inLanguage":"pt-BR","@id":"https:\/\/swimchannel.net\/br\/#\/schema\/person\/image\/","url":"https:\/\/swimchannel.net\/br\/wp-content\/uploads\/2025\/02\/pw-201x180.jpg","contentUrl":"https:\/\/swimchannel.net\/br\/wp-content\/uploads\/2025\/02\/pw-201x180.jpg","caption":"Patrick Winkler"},"description":"Patrick Winkler CEO do Grupo Swim Channel, formado em administra\u00e7\u00e3o de empresas pela Universidade Mackenzie e p\u00f3s graduado em Gest\u00e3o do Esporte pelo Instituto Trevisan","url":"https:\/\/swimchannel.net\/br\/author\/patrick-winkler\/"}]}},"_links":{"self":[{"href":"https:\/\/swimchannel.net\/br\/wp-json\/wp\/v2\/posts\/52080","targetHints":{"allow":["GET"]}}],"collection":[{"href":"https:\/\/swimchannel.net\/br\/wp-json\/wp\/v2\/posts"}],"about":[{"href":"https:\/\/swimchannel.net\/br\/wp-json\/wp\/v2\/types\/post"}],"author":[{"embeddable":true,"href":"https:\/\/swimchannel.net\/br\/wp-json\/wp\/v2\/users\/7"}],"replies":[{"embeddable":true,"href":"https:\/\/swimchannel.net\/br\/wp-json\/wp\/v2\/comments?post=52080"}],"version-history":[{"count":3,"href":"https:\/\/swimchannel.net\/br\/wp-json\/wp\/v2\/posts\/52080\/revisions"}],"predecessor-version":[{"id":52085,"href":"https:\/\/swimchannel.net\/br\/wp-json\/wp\/v2\/posts\/52080\/revisions\/52085"}],"wp:featuredmedia":[{"embeddable":true,"href":"https:\/\/swimchannel.net\/br\/wp-json\/wp\/v2\/media\/26495"}],"wp:attachment":[{"href":"https:\/\/swimchannel.net\/br\/wp-json\/wp\/v2\/media?parent=52080"}],"wp:term":[{"taxonomy":"category","embeddable":true,"href":"https:\/\/swimchannel.net\/br\/wp-json\/wp\/v2\/categories?post=52080"},{"taxonomy":"post_tag","embeddable":true,"href":"https:\/\/swimchannel.net\/br\/wp-json\/wp\/v2\/tags?post=52080"}],"curies":[{"name":"wp","href":"https:\/\/api.w.org\/{rel}","templated":true}]}}