{"id":52167,"date":"2022-07-16T14:03:50","date_gmt":"2022-07-16T17:03:50","guid":{"rendered":"https:\/\/swimchannel.net\/br\/?p=52167"},"modified":"2022-07-16T16:30:36","modified_gmt":"2022-07-16T19:30:36","slug":"artistica-afinal-nao-vai-ao-europeu-de-roma","status":"publish","type":"post","link":"https:\/\/swimchannel.net\/br\/artistica-afinal-nao-vai-ao-europeu-de-roma\/","title":{"rendered":"Art\u00edstica afinal n\u00e3o vai ao Europeu de Roma"},"content":{"rendered":"<p>Portugal n\u00e3o ter\u00e1 qualquer equipa de esquemas em nata\u00e7\u00e3o art\u00edstica no pr\u00f3ximo Europeu de Roma, uma decis\u00e3o ontem tornada p\u00fablica pela FPN e que ter\u00e1 apanhado (quase) toda a comunidade de surpresa.<\/p>\n<p>A expectativa inicial era que a art\u00edstica portuguesa \u2013 al\u00e9m do dueto de Beatriz Gon\u00e7alves e Cheila Vieira &#8211; participasse com a equipa t\u00e9cnica no Mundial de Budapeste (de junho, como sucedeu), mas tamb\u00e9m com a equipa livre no Europeu, em It\u00e1lia de 11 a 15 de agosto, como ali\u00e1s est\u00e1 definido no PAR (Plano de Alto Rendimento da FPN).<\/p>\n<p>No \u201cCalend\u00e1rio Geral de Atividades para 2022\u201d, e como \u00faltima competi\u00e7\u00e3o da \u00e9poca \u2013 ap\u00f3s os Nacionais que decorrem at\u00e9 este domingo em Tomar \u2013 o documento inclui o \u2018Campeonato da Europa \u2013 Dueto ABS, Equipa ABS\u2019, pode ler-se.<\/p>\n<p>E acrescenta o PAR (em \u2018participantes\u2019 e \u2018objetivos\u2019): \u201cTotal de 10 atletas convocadas + 2 treinadoras + fisioterapeuta; e alcan\u00e7ar uma pontua\u00e7\u00e3o igual ou superior a 75000 pontos na coreografia de Equipa T\u00e9cnica. Alcan\u00e7ar uma pontua\u00e7\u00e3o igual ou superior a 77000 pontos na coreografia de Equipa Livre. Contacto com realidade competitiva internacional de grande n\u00edvel de exig\u00eancia; Ultrapassar os pa\u00edses imediatamente acima classificados no \u00faltimo Campeonato Europeu\u201d.<\/p>\n<figure style=\"width: 1080px\" class=\"wp-caption alignnone\"><img loading=\"lazy\" decoding=\"async\" src=\"https:\/\/fpnatacao.pt\/uploads\/noticias\/_IMO7512.jpg\" alt=\"Image\" width=\"1080\" height=\"720\" \/><figcaption class=\"wp-caption-text\">Equipa lusa e treinadoras no Mundial 2022 (Foto: FPN)<\/figcaption><\/figure>\n<p>Assim, Swim Channel contactou a selecionadora nacional Sylvia Hernandez que confirmou: \u201csim, era suposto irmos com a equipa ao Europeu de Roma\u2026mas essa foi uma decis\u00e3o dos meus superiores\u201d, acrescentando que \u201co presidente [Ant\u00f3nio Silva] comunicou isso no dia a seguir a voltarmos do mundial\u201d.<\/p>\n<p>Segundo apurei, a decis\u00e3o surpreendeu as atletas na altura, n\u00e3o s\u00f3 porque o Europeu estava previsto \u2013 como vimos &#8211; mas tamb\u00e9m porque a sua estreia em Mundiais por equipas foi muito positiva, com 13\u00ba lugar em equipas e 75.6638 pontos. A vers\u00e3o online do PAR est\u00e1 no site da FPN e \u00e9 de 24 de mar\u00e7o deste ano, sendo assinado pelo vice-presidente para a nata\u00e7\u00e3o art\u00edstica, Jos\u00e9 Miguel Miranda.<\/p>\n<p><a href=\"https:\/\/fpnatacao.pt\/uploads\/PAR_NatArt_2022v24MAR.pdf\">PAR NS 2022 (fpnatacao.pt)<\/a><\/p>\n<p>Segundo fonte que contactei e pediu o anonimato, \u201cas atletas foram informadas por respons\u00e1vel federativo que afinal \u2018houve um engano e que essa informa\u00e7\u00e3o n\u00e3o devia ter sa\u00eddo, pois n\u00e3o estava autorizada, porque n\u00e3o havia or\u00e7amento\u2019\u2026 e ou as atletas iam ao Mundial ou ao Europeu\u201d, esclareceram-me.<\/p>\n<p>Ouvi tamb\u00e9m o mais alto respons\u00e1vel da Federa\u00e7\u00e3o Portuguesa de Nata\u00e7\u00e3o, o presidente Ant\u00f3nio Silva &#8211; r\u00e1pido na comunica\u00e7\u00e3o com a Swim Channel &#8211; e que logo me esclareceu que \u201ca equipa foi ao Mundial; e a aposta no Europeu \u00e9 o dueto ol\u00edmpico\u201d para Paris 2024.<\/p>\n<figure style=\"width: 1066px\" class=\"wp-caption alignnone\"><img loading=\"lazy\" decoding=\"async\" style=\"font-weight: 600;\" src=\"https:\/\/fpnatacao.pt\/uploads\/noticias\/cheila_e_maria.jpg\" alt=\"Image\" width=\"1066\" height=\"849\" \/><figcaption class=\"wp-caption-text\">Dueto luso \u00e9 a aposta da FPN (Foto do Campeonato Nacional a decorrer em Tomar, de LFN\/FPN)<\/figcaption><\/figure>\n<p>Portanto, questionei se nunca foi hip\u00f3tese irmos com a equipa ao Europeu? \u201cS\u00f3 se o Mundial n\u00e3o se realizasse\u201d, explicou-me Ant\u00f3nio Silva.<\/p>\n<p>Na pr\u00e1tica o que pode suceder? Questionei novamente Sylvia Hernandez: \u201cpenso que pode causar muitas desist\u00eancias [de atletas], algo que s\u00f3 para o pr\u00f3ximo ano vamos ver; e pouca esperan\u00e7a de futuro\u201d, confessou, desapontada.<\/p>\n<p>Parece, pois, ter havido um erro de publica\u00e7\u00e3o no PAR da FPN (publicado j\u00e1 o Campeonato Nacional de Inverno se tinha realizado, em Lagos, a 19 e 20 de mar\u00e7o), sendo alimentada at\u00e9 h\u00e1 poucas semanas a esperan\u00e7a de atletas e treinadoras quanto \u00e0 sua presen\u00e7a no importante Europeu de Roma, gerando compreensivo mal-estar entre a comunidade de art\u00edstica, e logo num momento em que a din\u00e2mica e crescimento s\u00e3o not\u00f3rios.<\/p>\n","protected":false},"excerpt":{"rendered":"<p>Decis\u00e3o anunciada ap\u00f3s Mundial de Budapeste mas s\u00f3 agora tornada p\u00fablica, gerando surpresa numa modalidade em claro crescimento em Portugal<\/p>\n","protected":false},"author":174,"featured_media":52169,"comment_status":"open","ping_status":"open","sticky":false,"template":"","format":"standard","meta":{"footnotes":""},"categories":[4823],"tags":[4430,4831,4824,4825],"class_list":["post-52167","post","type-post","status-publish","format-standard","has-post-thumbnail","hentry","category-natacao-artistica-portugal","tag-antonio-jose-silva","tag-campeonato-europeu-roma-2022","tag-natacao-artistica-portugal","tag-sylvia-hernandez"],"yoast_head":"<!-- This site is optimized with the Yoast SEO plugin v27.0 - https:\/\/yoast.com\/product\/yoast-seo-wordpress\/ -->\n<title>Art\u00edstica afinal n\u00e3o vai ao Europeu de Roma - Swimchannel<\/title>\n<meta name=\"robots\" content=\"index, follow, max-snippet:-1, max-image-preview:large, max-video-preview:-1\" \/>\n<link rel=\"canonical\" href=\"https:\/\/swimchannel.net\/br\/artistica-afinal-nao-vai-ao-europeu-de-roma\/\" \/>\n<meta property=\"og:locale\" content=\"pt_BR\" \/>\n<meta property=\"og:type\" content=\"article\" \/>\n<meta property=\"og:title\" content=\"Art\u00edstica afinal n\u00e3o vai ao Europeu de Roma - Swimchannel\" \/>\n<meta property=\"og:description\" content=\"Decis\u00e3o anunciada ap\u00f3s Mundial de Budapeste mas s\u00f3 agora tornada p\u00fablica, gerando surpresa numa modalidade em claro crescimento em Portugal\" \/>\n<meta property=\"og:url\" content=\"https:\/\/swimchannel.net\/br\/artistica-afinal-nao-vai-ao-europeu-de-roma\/\" \/>\n<meta property=\"og:site_name\" content=\"Swimchannel\" \/>\n<meta property=\"article:publisher\" content=\"https:\/\/www.facebook.com\/swimchannel\" \/>\n<meta property=\"article:published_time\" content=\"2022-07-16T17:03:50+00:00\" \/>\n<meta property=\"article:modified_time\" content=\"2022-07-16T19:30:36+00:00\" \/>\n<meta property=\"og:image\" content=\"https:\/\/swimchannel.net\/br\/wp-content\/uploads\/2022\/07\/header-ns.jpg\" \/>\n\t<meta property=\"og:image:width\" content=\"1200\" \/>\n\t<meta property=\"og:image:height\" content=\"563\" \/>\n\t<meta property=\"og:image:type\" content=\"image\/jpeg\" \/>\n<meta name=\"author\" content=\"Nuno Albuquerque\" \/>\n<meta name=\"twitter:card\" content=\"summary_large_image\" \/>\n<meta name=\"twitter:label1\" content=\"Escrito por\" \/>\n\t<meta name=\"twitter:data1\" content=\"Nuno Albuquerque\" \/>\n\t<meta name=\"twitter:label2\" content=\"Est. tempo de leitura\" \/>\n\t<meta name=\"twitter:data2\" content=\"3 minutos\" \/>\n<script type=\"application\/ld+json\" class=\"yoast-schema-graph\">{\"@context\":\"https:\/\/schema.org\",\"@graph\":[{\"@type\":\"Article\",\"@id\":\"https:\/\/swimchannel.net\/br\/artistica-afinal-nao-vai-ao-europeu-de-roma\/#article\",\"isPartOf\":{\"@id\":\"https:\/\/swimchannel.net\/br\/artistica-afinal-nao-vai-ao-europeu-de-roma\/\"},\"author\":{\"name\":\"Nuno Albuquerque\",\"@id\":\"https:\/\/swimchannel.net\/br\/#\/schema\/person\/96742bc4be7f63afabd531ac47a43eba\"},\"headline\":\"Art\u00edstica afinal n\u00e3o vai ao Europeu de Roma\",\"datePublished\":\"2022-07-16T17:03:50+00:00\",\"dateModified\":\"2022-07-16T19:30:36+00:00\",\"mainEntityOfPage\":{\"@id\":\"https:\/\/swimchannel.net\/br\/artistica-afinal-nao-vai-ao-europeu-de-roma\/\"},\"wordCount\":626,\"commentCount\":0,\"publisher\":{\"@id\":\"https:\/\/swimchannel.net\/br\/#organization\"},\"image\":{\"@id\":\"https:\/\/swimchannel.net\/br\/artistica-afinal-nao-vai-ao-europeu-de-roma\/#primaryimage\"},\"thumbnailUrl\":\"https:\/\/swimchannel.net\/br\/wp-content\/uploads\/2022\/07\/header-ns.jpg\",\"keywords\":[\"Ant\u00f4nio Jos\u00e9 Silva\",\"Campeonato Europeu Roma 2022\",\"nata\u00e7\u00e3o art\u00edstica Portugal\",\"Sylvia Hernandez\"],\"articleSection\":[\"Nata\u00e7\u00e3o Art\u00edstica Portugal\"],\"inLanguage\":\"pt-BR\",\"potentialAction\":[{\"@type\":\"CommentAction\",\"name\":\"Comment\",\"target\":[\"https:\/\/swimchannel.net\/br\/artistica-afinal-nao-vai-ao-europeu-de-roma\/#respond\"]}]},{\"@type\":\"WebPage\",\"@id\":\"https:\/\/swimchannel.net\/br\/artistica-afinal-nao-vai-ao-europeu-de-roma\/\",\"url\":\"https:\/\/swimchannel.net\/br\/artistica-afinal-nao-vai-ao-europeu-de-roma\/\",\"name\":\"Art\u00edstica afinal n\u00e3o vai ao Europeu de Roma - Swimchannel\",\"isPartOf\":{\"@id\":\"https:\/\/swimchannel.net\/br\/#website\"},\"primaryImageOfPage\":{\"@id\":\"https:\/\/swimchannel.net\/br\/artistica-afinal-nao-vai-ao-europeu-de-roma\/#primaryimage\"},\"image\":{\"@id\":\"https:\/\/swimchannel.net\/br\/artistica-afinal-nao-vai-ao-europeu-de-roma\/#primaryimage\"},\"thumbnailUrl\":\"https:\/\/swimchannel.net\/br\/wp-content\/uploads\/2022\/07\/header-ns.jpg\",\"datePublished\":\"2022-07-16T17:03:50+00:00\",\"dateModified\":\"2022-07-16T19:30:36+00:00\",\"breadcrumb\":{\"@id\":\"https:\/\/swimchannel.net\/br\/artistica-afinal-nao-vai-ao-europeu-de-roma\/#breadcrumb\"},\"inLanguage\":\"pt-BR\",\"potentialAction\":[{\"@type\":\"ReadAction\",\"target\":[\"https:\/\/swimchannel.net\/br\/artistica-afinal-nao-vai-ao-europeu-de-roma\/\"]}]},{\"@type\":\"ImageObject\",\"inLanguage\":\"pt-BR\",\"@id\":\"https:\/\/swimchannel.net\/br\/artistica-afinal-nao-vai-ao-europeu-de-roma\/#primaryimage\",\"url\":\"https:\/\/swimchannel.net\/br\/wp-content\/uploads\/2022\/07\/header-ns.jpg\",\"contentUrl\":\"https:\/\/swimchannel.net\/br\/wp-content\/uploads\/2022\/07\/header-ns.jpg\",\"width\":1200,\"height\":563,\"caption\":\"Equipa de Portugal n\u00e3o estar\u00e1 no Europeu de Roma (Foto: FPN)\"},{\"@type\":\"BreadcrumbList\",\"@id\":\"https:\/\/swimchannel.net\/br\/artistica-afinal-nao-vai-ao-europeu-de-roma\/#breadcrumb\",\"itemListElement\":[{\"@type\":\"ListItem\",\"position\":1,\"name\":\"Home\",\"item\":\"https:\/\/swimchannel.net\/br\/\"},{\"@type\":\"ListItem\",\"position\":2,\"name\":\"Art\u00edstica afinal n\u00e3o vai ao Europeu de Roma\"}]},{\"@type\":\"WebSite\",\"@id\":\"https:\/\/swimchannel.net\/br\/#website\",\"url\":\"https:\/\/swimchannel.net\/br\/\",\"name\":\"Swimchannel\",\"description\":\"Maior portal de nata\u00e7\u00e3o da america latina\",\"publisher\":{\"@id\":\"https:\/\/swimchannel.net\/br\/#organization\"},\"potentialAction\":[{\"@type\":\"SearchAction\",\"target\":{\"@type\":\"EntryPoint\",\"urlTemplate\":\"https:\/\/swimchannel.net\/br\/?s={search_term_string}\"},\"query-input\":{\"@type\":\"PropertyValueSpecification\",\"valueRequired\":true,\"valueName\":\"search_term_string\"}}],\"inLanguage\":\"pt-BR\"},{\"@type\":\"Organization\",\"@id\":\"https:\/\/swimchannel.net\/br\/#organization\",\"name\":\"Swimchannel - Conectando voc\u00ea a Nata\u00e7\u00e3o\",\"url\":\"https:\/\/swimchannel.net\/br\/\",\"logo\":{\"@type\":\"ImageObject\",\"inLanguage\":\"pt-BR\",\"@id\":\"https:\/\/swimchannel.net\/br\/#\/schema\/logo\/image\/\",\"url\":\"https:\/\/swimchannel.net\/br\/wp-content\/uploads\/2026\/02\/SWIM-CHANNEL.png\",\"contentUrl\":\"https:\/\/swimchannel.net\/br\/wp-content\/uploads\/2026\/02\/SWIM-CHANNEL.png\",\"width\":1120,\"height\":630,\"caption\":\"Swimchannel - Conectando voc\u00ea a Nata\u00e7\u00e3o\"},\"image\":{\"@id\":\"https:\/\/swimchannel.net\/br\/#\/schema\/logo\/image\/\"},\"sameAs\":[\"https:\/\/www.facebook.com\/swimchannel\",\"https:\/\/www.instagram.com\/swimchannel\"]},{\"@type\":\"Person\",\"@id\":\"https:\/\/swimchannel.net\/br\/#\/schema\/person\/96742bc4be7f63afabd531ac47a43eba\",\"name\":\"Nuno Albuquerque\",\"image\":{\"@type\":\"ImageObject\",\"inLanguage\":\"pt-BR\",\"@id\":\"https:\/\/swimchannel.net\/br\/#\/schema\/person\/image\/\",\"url\":\"https:\/\/swimchannel.net\/br\/wp-content\/uploads\/2021\/10\/175265239_284626789786752_3471159347588969871_n-100x100.jpg\",\"contentUrl\":\"https:\/\/swimchannel.net\/br\/wp-content\/uploads\/2021\/10\/175265239_284626789786752_3471159347588969871_n-100x100.jpg\",\"caption\":\"Nuno Albuquerque\"},\"description\":\"Jornalista e t\u00e9cnico de nata\u00e7\u00e3o, trabalha na modalidade h\u00e1 muitos anos. Desde o Campeonato Mundial da FINA de 1986 na cidade de Madri, Nuno j\u00e1 era rep\u00f3rter para um dos principais jornais de Portugal.\",\"url\":\"https:\/\/swimchannel.net\/br\/author\/nunoalbuquerque\/\"}]}<\/script>\n<!-- \/ Yoast SEO plugin. -->","yoast_head_json":{"title":"Art\u00edstica afinal n\u00e3o vai ao Europeu de Roma - Swimchannel","robots":{"index":"index","follow":"follow","max-snippet":"max-snippet:-1","max-image-preview":"max-image-preview:large","max-video-preview":"max-video-preview:-1"},"canonical":"https:\/\/swimchannel.net\/br\/artistica-afinal-nao-vai-ao-europeu-de-roma\/","og_locale":"pt_BR","og_type":"article","og_title":"Art\u00edstica afinal n\u00e3o vai ao Europeu de Roma - Swimchannel","og_description":"Decis\u00e3o anunciada ap\u00f3s Mundial de Budapeste mas s\u00f3 agora tornada p\u00fablica, gerando surpresa numa modalidade em claro crescimento em Portugal","og_url":"https:\/\/swimchannel.net\/br\/artistica-afinal-nao-vai-ao-europeu-de-roma\/","og_site_name":"Swimchannel","article_publisher":"https:\/\/www.facebook.com\/swimchannel","article_published_time":"2022-07-16T17:03:50+00:00","article_modified_time":"2022-07-16T19:30:36+00:00","og_image":[{"width":1200,"height":563,"url":"https:\/\/swimchannel.net\/br\/wp-content\/uploads\/2022\/07\/header-ns.jpg","type":"image\/jpeg"}],"author":"Nuno Albuquerque","twitter_card":"summary_large_image","twitter_misc":{"Escrito por":"Nuno Albuquerque","Est. tempo de leitura":"3 minutos"},"schema":{"@context":"https:\/\/schema.org","@graph":[{"@type":"Article","@id":"https:\/\/swimchannel.net\/br\/artistica-afinal-nao-vai-ao-europeu-de-roma\/#article","isPartOf":{"@id":"https:\/\/swimchannel.net\/br\/artistica-afinal-nao-vai-ao-europeu-de-roma\/"},"author":{"name":"Nuno Albuquerque","@id":"https:\/\/swimchannel.net\/br\/#\/schema\/person\/96742bc4be7f63afabd531ac47a43eba"},"headline":"Art\u00edstica afinal n\u00e3o vai ao Europeu de Roma","datePublished":"2022-07-16T17:03:50+00:00","dateModified":"2022-07-16T19:30:36+00:00","mainEntityOfPage":{"@id":"https:\/\/swimchannel.net\/br\/artistica-afinal-nao-vai-ao-europeu-de-roma\/"},"wordCount":626,"commentCount":0,"publisher":{"@id":"https:\/\/swimchannel.net\/br\/#organization"},"image":{"@id":"https:\/\/swimchannel.net\/br\/artistica-afinal-nao-vai-ao-europeu-de-roma\/#primaryimage"},"thumbnailUrl":"https:\/\/swimchannel.net\/br\/wp-content\/uploads\/2022\/07\/header-ns.jpg","keywords":["Ant\u00f4nio Jos\u00e9 Silva","Campeonato Europeu Roma 2022","nata\u00e7\u00e3o art\u00edstica Portugal","Sylvia Hernandez"],"articleSection":["Nata\u00e7\u00e3o Art\u00edstica Portugal"],"inLanguage":"pt-BR","potentialAction":[{"@type":"CommentAction","name":"Comment","target":["https:\/\/swimchannel.net\/br\/artistica-afinal-nao-vai-ao-europeu-de-roma\/#respond"]}]},{"@type":"WebPage","@id":"https:\/\/swimchannel.net\/br\/artistica-afinal-nao-vai-ao-europeu-de-roma\/","url":"https:\/\/swimchannel.net\/br\/artistica-afinal-nao-vai-ao-europeu-de-roma\/","name":"Art\u00edstica afinal n\u00e3o vai ao Europeu de Roma - Swimchannel","isPartOf":{"@id":"https:\/\/swimchannel.net\/br\/#website"},"primaryImageOfPage":{"@id":"https:\/\/swimchannel.net\/br\/artistica-afinal-nao-vai-ao-europeu-de-roma\/#primaryimage"},"image":{"@id":"https:\/\/swimchannel.net\/br\/artistica-afinal-nao-vai-ao-europeu-de-roma\/#primaryimage"},"thumbnailUrl":"https:\/\/swimchannel.net\/br\/wp-content\/uploads\/2022\/07\/header-ns.jpg","datePublished":"2022-07-16T17:03:50+00:00","dateModified":"2022-07-16T19:30:36+00:00","breadcrumb":{"@id":"https:\/\/swimchannel.net\/br\/artistica-afinal-nao-vai-ao-europeu-de-roma\/#breadcrumb"},"inLanguage":"pt-BR","potentialAction":[{"@type":"ReadAction","target":["https:\/\/swimchannel.net\/br\/artistica-afinal-nao-vai-ao-europeu-de-roma\/"]}]},{"@type":"ImageObject","inLanguage":"pt-BR","@id":"https:\/\/swimchannel.net\/br\/artistica-afinal-nao-vai-ao-europeu-de-roma\/#primaryimage","url":"https:\/\/swimchannel.net\/br\/wp-content\/uploads\/2022\/07\/header-ns.jpg","contentUrl":"https:\/\/swimchannel.net\/br\/wp-content\/uploads\/2022\/07\/header-ns.jpg","width":1200,"height":563,"caption":"Equipa de Portugal n\u00e3o estar\u00e1 no Europeu de Roma (Foto: FPN)"},{"@type":"BreadcrumbList","@id":"https:\/\/swimchannel.net\/br\/artistica-afinal-nao-vai-ao-europeu-de-roma\/#breadcrumb","itemListElement":[{"@type":"ListItem","position":1,"name":"Home","item":"https:\/\/swimchannel.net\/br\/"},{"@type":"ListItem","position":2,"name":"Art\u00edstica afinal n\u00e3o vai ao Europeu de Roma"}]},{"@type":"WebSite","@id":"https:\/\/swimchannel.net\/br\/#website","url":"https:\/\/swimchannel.net\/br\/","name":"Swimchannel","description":"Maior portal de nata\u00e7\u00e3o da america latina","publisher":{"@id":"https:\/\/swimchannel.net\/br\/#organization"},"potentialAction":[{"@type":"SearchAction","target":{"@type":"EntryPoint","urlTemplate":"https:\/\/swimchannel.net\/br\/?s={search_term_string}"},"query-input":{"@type":"PropertyValueSpecification","valueRequired":true,"valueName":"search_term_string"}}],"inLanguage":"pt-BR"},{"@type":"Organization","@id":"https:\/\/swimchannel.net\/br\/#organization","name":"Swimchannel - Conectando voc\u00ea a Nata\u00e7\u00e3o","url":"https:\/\/swimchannel.net\/br\/","logo":{"@type":"ImageObject","inLanguage":"pt-BR","@id":"https:\/\/swimchannel.net\/br\/#\/schema\/logo\/image\/","url":"https:\/\/swimchannel.net\/br\/wp-content\/uploads\/2026\/02\/SWIM-CHANNEL.png","contentUrl":"https:\/\/swimchannel.net\/br\/wp-content\/uploads\/2026\/02\/SWIM-CHANNEL.png","width":1120,"height":630,"caption":"Swimchannel - Conectando voc\u00ea a Nata\u00e7\u00e3o"},"image":{"@id":"https:\/\/swimchannel.net\/br\/#\/schema\/logo\/image\/"},"sameAs":["https:\/\/www.facebook.com\/swimchannel","https:\/\/www.instagram.com\/swimchannel"]},{"@type":"Person","@id":"https:\/\/swimchannel.net\/br\/#\/schema\/person\/96742bc4be7f63afabd531ac47a43eba","name":"Nuno Albuquerque","image":{"@type":"ImageObject","inLanguage":"pt-BR","@id":"https:\/\/swimchannel.net\/br\/#\/schema\/person\/image\/","url":"https:\/\/swimchannel.net\/br\/wp-content\/uploads\/2021\/10\/175265239_284626789786752_3471159347588969871_n-100x100.jpg","contentUrl":"https:\/\/swimchannel.net\/br\/wp-content\/uploads\/2021\/10\/175265239_284626789786752_3471159347588969871_n-100x100.jpg","caption":"Nuno Albuquerque"},"description":"Jornalista e t\u00e9cnico de nata\u00e7\u00e3o, trabalha na modalidade h\u00e1 muitos anos. Desde o Campeonato Mundial da FINA de 1986 na cidade de Madri, Nuno j\u00e1 era rep\u00f3rter para um dos principais jornais de Portugal.","url":"https:\/\/swimchannel.net\/br\/author\/nunoalbuquerque\/"}]}},"_links":{"self":[{"href":"https:\/\/swimchannel.net\/br\/wp-json\/wp\/v2\/posts\/52167","targetHints":{"allow":["GET"]}}],"collection":[{"href":"https:\/\/swimchannel.net\/br\/wp-json\/wp\/v2\/posts"}],"about":[{"href":"https:\/\/swimchannel.net\/br\/wp-json\/wp\/v2\/types\/post"}],"author":[{"embeddable":true,"href":"https:\/\/swimchannel.net\/br\/wp-json\/wp\/v2\/users\/174"}],"replies":[{"embeddable":true,"href":"https:\/\/swimchannel.net\/br\/wp-json\/wp\/v2\/comments?post=52167"}],"version-history":[{"count":5,"href":"https:\/\/swimchannel.net\/br\/wp-json\/wp\/v2\/posts\/52167\/revisions"}],"predecessor-version":[{"id":52173,"href":"https:\/\/swimchannel.net\/br\/wp-json\/wp\/v2\/posts\/52167\/revisions\/52173"}],"wp:featuredmedia":[{"embeddable":true,"href":"https:\/\/swimchannel.net\/br\/wp-json\/wp\/v2\/media\/52169"}],"wp:attachment":[{"href":"https:\/\/swimchannel.net\/br\/wp-json\/wp\/v2\/media?parent=52167"}],"wp:term":[{"taxonomy":"category","embeddable":true,"href":"https:\/\/swimchannel.net\/br\/wp-json\/wp\/v2\/categories?post=52167"},{"taxonomy":"post_tag","embeddable":true,"href":"https:\/\/swimchannel.net\/br\/wp-json\/wp\/v2\/tags?post=52167"}],"curies":[{"name":"wp","href":"https:\/\/api.w.org\/{rel}","templated":true}]}}