{"id":52408,"date":"2022-07-28T19:47:10","date_gmt":"2022-07-28T22:47:10","guid":{"rendered":"https:\/\/swimchannel.net\/br\/?p=52408"},"modified":"2022-07-31T23:16:41","modified_gmt":"2022-08-01T02:16:41","slug":"ana-rodrigues-e-francisca-martins-com-recordes-absolutos-de-portugal","status":"publish","type":"post","link":"https:\/\/swimchannel.net\/br\/ana-rodrigues-e-francisca-martins-com-recordes-absolutos-de-portugal\/","title":{"rendered":"Ana Rodrigues e Francisca Martins com recordes absolutos de Portugal"},"content":{"rendered":"<p>Hoje foi dia das mulheres na segunda jornada dos Campeonatos\/Open de Portugal a decorrer no Jamor, com novos recordes nacionais seniores e absolutos por Ana Rodrigues e Francisca Martins, e pela estafeta j\u00fanior do Galitos.<\/p>\n<p>Entre as recordistas individuais uma ficou bastante surpreendida, e a outra j\u00e1 perseguia este objetivo\u2026 A experiente e j\u00e1 ol\u00edmpica Ana (nascida em 1994) vai ao Europeu de Roma (11 a 17 de agosto) onde nadar\u00e1 os 50m e 100m bru\u00e7os; por isso foi com alguma surpresa \u2013 vis\u00edvel na sua rea\u00e7\u00e3o quando olhou para o quadro eletr\u00f3nico \u2013 que viu os 31.09 dos 50m bru\u00e7os\u2026 marca que supera o anterior m\u00e1ximo que j\u00e1 era seu com 31.23 desde dois de abril (nos Campeonatos de Portugal de Inverno), e que lhe d\u00e1 o 6\u00ba t\u00edtulo consecutivo nesta prova (21\u00ba no Open de Portugal) segundo dados da FPN.<\/p>\n<p>Em plena prepara\u00e7\u00e3o (e alguma carga) para o grande objetivo da \u00e9poca em It\u00e1lia, a atleta treinada pelo marido Rafael Ribas na Escola Desportiva de Viana, j\u00e1 tinha dado boas indica\u00e7\u00f5es no in\u00edcio do m\u00eas, com 31.31 nos Jogos do Mediterr\u00e2neo (medalha de prata), realizando agora uma marca que a coloca no top 25 europeu (e primeira ib\u00e9rica) do ano.<\/p>\n<p>&nbsp;<\/p>\n<figure style=\"width: 750px\" class=\"wp-caption alignnone\"><img loading=\"lazy\" decoding=\"async\" src=\"https:\/\/scontent.flis11-2.fna.fbcdn.net\/v\/t1.15752-9\/294650947_1155775491817494_8625120478724613937_n.jpg?_nc_cat=106&amp;ccb=1-7&amp;_nc_sid=ae9488&amp;_nc_eui2=AeHsCguAp5Ht3aAkRJvq29VWkiwA1T-PKKiSLADVP48oqMKozLqV1gYrqiwDG-pqdwo&amp;_nc_ohc=XGiK6jjqorUAX_RzSL_&amp;_nc_ht=scontent.flis11-2.fna&amp;oh=03_AVIBWcaYd0Fj3KKd-Z24AwCGhrUMQFUlGr-GdjycGSLs8w&amp;oe=6307DC9B\" alt=\"Nenhuma descri\u00e7\u00e3o dispon\u00edvel.\" width=\"750\" height=\"891\" \/><figcaption class=\"wp-caption-text\">Francisca Martins obteve o seu primeiro recorde absoluto (Foto: Swim Channel)<\/figcaption><\/figure>\n<p><strong>A campe\u00e3 e universit\u00e1ria<\/strong><\/p>\n<p>No meio fundo, os 200m livres, a jovem Francisca \u2013 Kika \u2013 Martins (nasceu em 2003) alcan\u00e7ou o seu primeiro recorde nacional absoluto, que \u2018roubou\u2019 \u00e0 super-experiente Diana Dur\u00e3es: era 2:01.48 da benfiquista (desde o Mundial de Budapeste de 2017), e a atleta de Sim\u00e3o Marinho sagrou-se agora campe\u00e3 de Portugal em 2:01.30.<\/p>\n<p>Logo ap\u00f3s a prova no Jamor falei com a Kika (que estava super sorridente, claro), e me disse ser este um \u201cobjetivo que j\u00e1 perseguia h\u00e1 algum tempo\u2026\u201d e que lhe \u201cd\u00e1 confian\u00e7a para continuar\u201d, dividindo-se entre a licenciatura na Universidade do Minho e os treinos no FOCA, em Felgueiras, a cerca de 50 km.<\/p>\n<p>Disse-me tamb\u00e9m que a luta forte que lhe deram na final a Mariana Cunha e a Diana Dur\u00e3es \u00a0\u201ccontribu\u00edram muito para esta marca, talvez especialmente a Mariana ali aos 100 metros\u2026\u201d, em que Kika passou em 59.04 e Mariana (Col\u00e9gio Efanor) em 59.43.<\/p>\n<p><strong>Diana teve tarde em grande <\/strong><\/p>\n<p>Terceira na passagem aos 100m e 150m a super Diana realizou uns potent\u00edssimos \u00faltimos 50 metros, em 30.94 (Francisca fez 30.99), chegando ao t\u00edtulo de vice-campe\u00e3 (2:02.94). \u2018Super\u2019, porque esta final se realizou apenas cerca de 20 minutos depois de uma das mais competitivas e cansativas finais do dia, os 400m estilos.<\/p>\n<p>O treinador da Diana \u2013 Ricardo Santos &#8211; j\u00e1 \u00e9 experiente e por certo sabia o que fazia ao a inscrever em duas t\u00e3o exigentes provas em menos de meia hora\u2026mas Diana provou estar no caminho certo, demonstrando uma garra enorme e como h\u00e1 algum tempo n\u00e3o se via.<\/p>\n<p>Na final A da dura prova de 400m estilos teve como advers\u00e1rias Ang\u00e9lica Andr\u00e9 (ol\u00edmpica em \u00e1guas abertas), a atleta da sele\u00e7\u00e3o argentina Magdalena Portela e ainda Joana Cardeal (Acad\u00e9mico de Viseu). Houve altern\u00e2ncia nas posi\u00e7\u00f5es, e aos 350 metros ainda era a portista quem liderava mas, com uns fort\u00edssimos 50 metros finais (31.09), a benfiquista acabou por vencer em 4:50.51, a sua quarta melhor marca pessoal, e a melhor desde 2019 (exatamente quando fez o seu recorde pessoal).<\/p>\n<p>J\u00e1 Ang\u00e9lica sai satisfeita com o t\u00edtulo de vice-campe\u00e3, pois os seus 4:51.41 s\u00e3o um novo m\u00e1ximo pessoal, por mais de dois segundos (4:53.53). Igualmente bons indicadores para a atleta que competir\u00e1 em \u00e1guas abertas nos Europeus de Roma, e que n\u00e3o participar\u00e1 em mais provas neste Open, preparando-se para o est\u00e1gio da sele\u00e7\u00e3o a partir do pr\u00f3ximo dia cinco. A atleta da argentina \u2013 Portela &#8211; foi medalha de bronze em 4:55.56.<\/p>\n<figure style=\"width: 751px\" class=\"wp-caption aligncenter\"><img loading=\"lazy\" decoding=\"async\" src=\"https:\/\/scontent.flis11-2.fna.fbcdn.net\/v\/t1.15752-9\/294696209_739235220508991_4261123819192478850_n.jpg?_nc_cat=103&amp;ccb=1-7&amp;_nc_sid=ae9488&amp;_nc_eui2=AeFZmRyL8DoTJA7Zc542RHJM8dn4eWtijCLx2fh5a2KMIoBOKJbR0v3hSUu58y8vnew&amp;_nc_ohc=Awhl7_ueDWMAX9FUxpn&amp;_nc_ht=scontent.flis11-2.fna&amp;oh=03_AVKseJVFE66VO8H6Lcx0RbI2iLuj4uvWKCPWYTf5tj80hQ&amp;oe=6309B9BE\" alt=\"Nenhuma descri\u00e7\u00e3o dispon\u00edvel.\" width=\"751\" height=\"592\" \/><figcaption class=\"wp-caption-text\">Galitos obt\u00e9m segundo recorde em estafetas (Foto: FPN\/LFN)<\/figcaption><\/figure>\n<p><strong>Meninas do Galitos com novo recorde<\/strong><\/p>\n<p>Para as juniores do Galitos (Aveiro) foi o segundo recorde nacional da categoria em dois dias, desta vez nos 4x100m livres: Carolina Fernandes (58.30), M\u00aa Carolina Almeida (1:00.71), Miriam Soares (1:00.82), e Lara Vasconcelos (1:00.23), completaram os 400m em 4:00.06, superando os 4:00.84 que uma equipa do Sporting realizou em julho de 2010 em Coimbra.<\/p>\n<p>As aveirenses foram vice-campe\u00e3s absolutas, atr\u00e1s de uma equipa do Sporting sem advers\u00e1rias a incomodar, vencendo em 3:56.96. O Benfica foi terceiro em 4:02.97.<\/p>\n<p>Os 200m livres eram uma das duas \u00fanicas provas individuais de Diogo Ribeiro, que j\u00e1 se sabia n\u00e3o iria nadar as suas principais provas (que s\u00e3o quatro\u2026os 50 e 100m em livres e em mariposa) no Open de Portugal. Talvez o duplo hect\u00f3metro seja mesmo a sua quinta melhor prova, ou talvez venha ser uma das melhores\u2026a verdade \u00e9 que o atleta do SL Benfica acabou por alcan\u00e7ar um novo recorde pessoal em 1:50.58 (era 1:50.82 j\u00e1 de mar\u00e7o de 2021), subindo tr\u00eas lugares entre os melhores de sempre em terras lusitanas, para o 10\u00ba posto.<\/p>\n<p>Recordo que o recorde nacional j\u00fanior ainda \u00e9 do tri-ol\u00edmpico de Set\u00fabal, Tiago Ven\u00e2ncio, com 1:49.98, e que Diogo Ribeiro ainda gostaria de bater, mas\u2026<\/p>\n<p>E os 200m foram mesmo uma das mais disputadas finais masculinas do dia: Diogo seguiu sempre pr\u00f3ximo do grupo da frente, com Bruno Ramos, Tom\u00e1s Lopes, Francisco Santos e tamb\u00e9m Porf\u00edrio Nunes na frente. Na \u00faltima viragem (150m) o j\u00fanior era terceiro, a mais de um segundo do \u2018Belenenses\u2019 Bruno\u2026e foi quase na \u00faltima bra\u00e7ada que o t\u00edtulo absoluto se decidiu por escassos 16 cent\u00e9simos, dando a Ribeiro a medalha de ouro. Bruno foi segundo (1:50.74), Tom\u00e1s Lopes (Vit\u00f3ria de Guimar\u00e3es) terceiro (1:51.74), e Francisco Santos (Sporting) quarto em 1:52.99.<\/p>\n<p><strong>Final B melhor que a A<\/strong><\/p>\n<p>Num \u2018erro de casting\u2019 o surpreendente Tiago Costa n\u00e3o conseguiu o apuramento para a final A desta prova, e nadou \u2018sozinho\u2019 e com ganas a final B; venceu em 1:49.94, marca que lhe teria dado o t\u00edtulo de campe\u00e3o nacional absoluto. Fica o m\u00e9rito, claro, da marca, e de mais um recorde pessoal, juntando-se aos anteriores seis atletas que j\u00e1 nadaram sub-1:50 em Portugal.<\/p>\n<p>No total registaram-se tr\u00eas marcas abaixo de 1:51, o que pode indicar uma mudan\u00e7a no panorama para uma eventual futura estafeta nacional de 4x200m livres (prova em que Portugal at\u00e9 j\u00e1 participou em Jogos Ol\u00edmpicos).<\/p>\n<p><strong>A \u201cn\u00e3o quest\u00e3o\u201d da estafeta 4x50m livres<\/strong><\/p>\n<p>Durante o dia de hoje surgiram publica\u00e7\u00f5es nas redes sociais de alguns atletas que contestavam a \u2018legalidade\u2019 da vit\u00f3ria da equipa masculina do SL Benfica nos 4x50m livres de quarta-feira. Isto porque, alegadamente teria havido uma sa\u00edda antecipada numa das rendi\u00e7\u00f5es da equipa, que viria a vencer e com recorde de Portugal. Caso fosse desqualificado o quarteto do Benfica seria o Sporting o campe\u00e3o.<\/p>\n<p><a href=\"https:\/\/swimchannel.net\/br\/sl-benfica-com-novo-recorde-absoluto-nos-4x50m-livres-no-open-de-portugal\/\">SL Benfica com novo recorde absoluto nos 4x50m livres no Open de Portugal \u2013 Swimchannel<\/a><\/p>\n<p>Em pessoa, no Jamor, procurei ouvir o juiz-\u00e1rbitro da competi\u00e7\u00e3o, o sr. Tiago Marques, que educadamente se escusou a prestar declara\u00e7\u00f5es, pelo menos enquanto os Campeonatos estivessem a decorrer.<\/p>\n<p>Swim Channel ouviu o diretor da prova, o sr. Aleksander Esteves, que me disse ser este um \u201cn\u00e3o tema, pois o clube em quest\u00e3o\u201d e que poderia sentir-se prejudicado (o Sporting) \u201cn\u00e3o apresentou qualquer recurso ou protesto, o que \u2013 assim o entendessem \u2013 teria que ser feito segundo os regulamentos da FINA, por escrito, e no prazo de trinta minutos ap\u00f3s o lan\u00e7amento do resultados, junto com o pagamento de 500 francos su\u00ed\u00e7os [cerca de 473.57 euros]\u201d explicou-me.<\/p>\n<p>O diretor da FPN n\u00e3o quis adiantar muito mais declara\u00e7\u00f5es, sublinhando apenas que \u201ccomo \u00e9 natural a FPN n\u00e3o interfere com a arbitragem, que \u00e9 um \u00f3rg\u00e3o independente, e que \u00e9 o juiz-\u00e1rbitro quem toma as decis\u00f5es\u201d inerentes \u00e0s suas fun\u00e7\u00f5es.<\/p>\n<p>Fica por esclarecer, para j\u00e1, o que sucedeu (e que n\u00e3o \u00e9 assim t\u00e3o raro): ser lan\u00e7ado um resultado provis\u00f3rio a dar uma desqualifica\u00e7\u00e3o (como foi o caso) para depois ser publicado o resultado final e oficial, qualificando a estafeta.<\/p>\n<p><strong>Mulheres com melhores marcas<\/strong><\/p>\n<p>Verificamos que o segundo dia de competi\u00e7\u00e3o superou consideravelmente o primeiro em qualidade de marcas, tendo o setor feminino quatro das seis melhores marcas realizadas na jornada de quinta-feira (marcadas a negrito).<\/p>\n<p>Ainda: as tr\u00eas melhores marcas em femininos j\u00e1 est\u00e3o acima dos 800 pontos (sublinhei), enquanto em homens apenas uma est\u00e1. Em masculinos entraram para o top 6 tr\u00eas das marcas de hoje (todas nos 200m livres).<\/p>\n<p><strong>As marcas mais pontuadas ao final do 2\u00ba dia s\u00e3o<\/strong><\/p>\n<p><strong>Em femininos:<\/strong><\/p>\n<ol>\n<li><strong> Ana P. Rodrigues (Escola Desportiva de Viana) 50m Bru\u00e7os, 31.09, <u>837 pontos<\/u> (RNSA) <\/strong><\/li>\n<li>Rafaela AZEVEDO (Sport Alg\u00e9s e Dafundo) 50m Costas, 28.79, <u>823 pontos<\/u><\/li>\n<li><strong> Francisca MARTINS (Foca\/Quinta da Lixa) 200m Livres, 2:01.30, <u>808 pontos<\/u> (RNSA)<\/strong><\/li>\n<li><strong> Diana DUR\u00c3ES (SL Benfica) 200m Livres, 2:02.94, 776 pontos<\/strong><\/li>\n<li><strong> Ang\u00e9lica ANDR\u00c9 (FC Porto) 400m Estilos, 4:51.41, 763 pontos<\/strong><\/li>\n<li>PEREZ BLANCO Jimena 97 C.N. Barcelona 1500m Livres 16:50.70 755 pontos<\/li>\n<\/ol>\n<p><strong>Em masculinos:<\/strong><\/p>\n<ol>\n<li>Miguel NASCIMENTO (SL Benfica) 50m livres, 22.20 (4 x 50m Livres), <u>835 pontos<\/u><\/li>\n<li><strong> Tiago COSTA (Sporting CP) 200m livres, 1:49.94 (final B), 798 pontos <\/strong><\/li>\n<li><strong> Diogo RIBEIRO (SL Benfica) 200m Livres, 1:50.58, 784 pontos <\/strong><\/li>\n<li><strong> Bruno RAMOS (Belenenses) 200m Livres, 1:50.74, 781 pontos <\/strong><\/li>\n<li>Alexis SANTOS (Sporting CP) 50m Costas, 25.94, 772 pontos<\/li>\n<li>Pedro SANTOS (FC Porto) 1500m Livres, 15:49.88, 771 pontos<\/li>\n<\/ol>\n<p>&nbsp;<\/p>\n","protected":false},"excerpt":{"rendered":"<p>Hoje foi dia das mulheres na segunda jornada dos Campeonatos\/Open de Portugal a decorrer no Jamor, com novos recordes nacionais seniores e absolutos por Ana Rodrigues e Francisca Martins, e pela estafeta j\u00fanior do Galitos. Entre as recordistas individuais uma ficou bastante surpreendida, e a outra j\u00e1 perseguia este objetivo\u2026 A experiente e j\u00e1 ol\u00edmpica [&hellip;]<\/p>\n","protected":false},"author":174,"featured_media":52409,"comment_status":"open","ping_status":"open","sticky":false,"template":"","format":"standard","meta":{"footnotes":""},"categories":[4188],"tags":[4684,4357,628,4466,4927,2096,4926,4763,4919,4900,4906],"class_list":["post-52408","post","type-post","status-publish","format-standard","has-post-thumbnail","hentry","category-natacao-portuguesa","tag-ana-rodrigues","tag-angelica-andre","tag-diana-duraes","tag-diogo-ribeiro","tag-escola-desportiva-de-viana","tag-federacao-portuguesa-de-natacao","tag-foca-felgueiras","tag-francisca-martins","tag-galitos-de-aveiro","tag-open-de-portugal","tag-tiago-cunha-costa"],"yoast_head":"<!-- This site is optimized with the Yoast SEO plugin v27.0 - https:\/\/yoast.com\/product\/yoast-seo-wordpress\/ -->\n<title>Ana Rodrigues e Francisca Martins com recordes absolutos de Portugal - Swimchannel<\/title>\n<meta name=\"robots\" content=\"index, follow, max-snippet:-1, max-image-preview:large, max-video-preview:-1\" \/>\n<link rel=\"canonical\" href=\"https:\/\/swimchannel.net\/br\/ana-rodrigues-e-francisca-martins-com-recordes-absolutos-de-portugal\/\" \/>\n<meta property=\"og:locale\" content=\"pt_BR\" \/>\n<meta property=\"og:type\" content=\"article\" \/>\n<meta property=\"og:title\" content=\"Ana Rodrigues e Francisca Martins com recordes absolutos de Portugal - Swimchannel\" \/>\n<meta property=\"og:description\" content=\"Hoje foi dia das mulheres na segunda jornada dos Campeonatos\/Open de Portugal a decorrer no Jamor, com novos recordes nacionais seniores e absolutos por Ana Rodrigues e Francisca Martins, e pela estafeta j\u00fanior do Galitos. Entre as recordistas individuais uma ficou bastante surpreendida, e a outra j\u00e1 perseguia este objetivo\u2026 A experiente e j\u00e1 ol\u00edmpica [&hellip;]\" \/>\n<meta property=\"og:url\" content=\"https:\/\/swimchannel.net\/br\/ana-rodrigues-e-francisca-martins-com-recordes-absolutos-de-portugal\/\" \/>\n<meta property=\"og:site_name\" content=\"Swimchannel\" \/>\n<meta property=\"article:publisher\" content=\"https:\/\/www.facebook.com\/swimchannel\" \/>\n<meta property=\"article:published_time\" content=\"2022-07-28T22:47:10+00:00\" \/>\n<meta property=\"article:modified_time\" content=\"2022-08-01T02:16:41+00:00\" \/>\n<meta property=\"og:image\" content=\"https:\/\/swimchannel.net\/br\/wp-content\/uploads\/2022\/07\/296486955_2902495393229251_6471565314447621363_n.jpg\" \/>\n\t<meta property=\"og:image:width\" content=\"945\" \/>\n\t<meta property=\"og:image:height\" content=\"630\" \/>\n\t<meta property=\"og:image:type\" content=\"image\/jpeg\" \/>\n<meta name=\"author\" content=\"Nuno Albuquerque\" \/>\n<meta name=\"twitter:card\" content=\"summary_large_image\" \/>\n<meta name=\"twitter:label1\" content=\"Escrito por\" \/>\n\t<meta name=\"twitter:data1\" content=\"Nuno Albuquerque\" \/>\n\t<meta name=\"twitter:label2\" content=\"Est. tempo de leitura\" \/>\n\t<meta name=\"twitter:data2\" content=\"8 minutos\" \/>\n<script type=\"application\/ld+json\" class=\"yoast-schema-graph\">{\"@context\":\"https:\/\/schema.org\",\"@graph\":[{\"@type\":\"Article\",\"@id\":\"https:\/\/swimchannel.net\/br\/ana-rodrigues-e-francisca-martins-com-recordes-absolutos-de-portugal\/#article\",\"isPartOf\":{\"@id\":\"https:\/\/swimchannel.net\/br\/ana-rodrigues-e-francisca-martins-com-recordes-absolutos-de-portugal\/\"},\"author\":{\"name\":\"Nuno Albuquerque\",\"@id\":\"https:\/\/swimchannel.net\/br\/#\/schema\/person\/96742bc4be7f63afabd531ac47a43eba\"},\"headline\":\"Ana Rodrigues e Francisca Martins com recordes absolutos de Portugal\",\"datePublished\":\"2022-07-28T22:47:10+00:00\",\"dateModified\":\"2022-08-01T02:16:41+00:00\",\"mainEntityOfPage\":{\"@id\":\"https:\/\/swimchannel.net\/br\/ana-rodrigues-e-francisca-martins-com-recordes-absolutos-de-portugal\/\"},\"wordCount\":1572,\"commentCount\":0,\"publisher\":{\"@id\":\"https:\/\/swimchannel.net\/br\/#organization\"},\"image\":{\"@id\":\"https:\/\/swimchannel.net\/br\/ana-rodrigues-e-francisca-martins-com-recordes-absolutos-de-portugal\/#primaryimage\"},\"thumbnailUrl\":\"https:\/\/swimchannel.net\/br\/wp-content\/uploads\/2022\/07\/296486955_2902495393229251_6471565314447621363_n.jpg\",\"keywords\":[\"Ana Rodrigues\",\"Angelica Andr\u00e9\",\"Diana Dur\u00e3es\",\"Diogo Ribeiro\",\"Escola Desportiva de Viana\",\"Federa\u00e7\u00e3o Portuguesa de Nata\u00e7\u00e3o\",\"FOCA - Felgueiras\",\"Francisca Martins\",\"Galitos de Aveiro\",\"Open de Portugal\",\"Tiago Cunha Costa\"],\"articleSection\":[\"Nata\u00e7\u00e3o Portuguesa\"],\"inLanguage\":\"pt-BR\",\"potentialAction\":[{\"@type\":\"CommentAction\",\"name\":\"Comment\",\"target\":[\"https:\/\/swimchannel.net\/br\/ana-rodrigues-e-francisca-martins-com-recordes-absolutos-de-portugal\/#respond\"]}]},{\"@type\":\"WebPage\",\"@id\":\"https:\/\/swimchannel.net\/br\/ana-rodrigues-e-francisca-martins-com-recordes-absolutos-de-portugal\/\",\"url\":\"https:\/\/swimchannel.net\/br\/ana-rodrigues-e-francisca-martins-com-recordes-absolutos-de-portugal\/\",\"name\":\"Ana Rodrigues e Francisca Martins com recordes absolutos de Portugal - Swimchannel\",\"isPartOf\":{\"@id\":\"https:\/\/swimchannel.net\/br\/#website\"},\"primaryImageOfPage\":{\"@id\":\"https:\/\/swimchannel.net\/br\/ana-rodrigues-e-francisca-martins-com-recordes-absolutos-de-portugal\/#primaryimage\"},\"image\":{\"@id\":\"https:\/\/swimchannel.net\/br\/ana-rodrigues-e-francisca-martins-com-recordes-absolutos-de-portugal\/#primaryimage\"},\"thumbnailUrl\":\"https:\/\/swimchannel.net\/br\/wp-content\/uploads\/2022\/07\/296486955_2902495393229251_6471565314447621363_n.jpg\",\"datePublished\":\"2022-07-28T22:47:10+00:00\",\"dateModified\":\"2022-08-01T02:16:41+00:00\",\"breadcrumb\":{\"@id\":\"https:\/\/swimchannel.net\/br\/ana-rodrigues-e-francisca-martins-com-recordes-absolutos-de-portugal\/#breadcrumb\"},\"inLanguage\":\"pt-BR\",\"potentialAction\":[{\"@type\":\"ReadAction\",\"target\":[\"https:\/\/swimchannel.net\/br\/ana-rodrigues-e-francisca-martins-com-recordes-absolutos-de-portugal\/\"]}]},{\"@type\":\"ImageObject\",\"inLanguage\":\"pt-BR\",\"@id\":\"https:\/\/swimchannel.net\/br\/ana-rodrigues-e-francisca-martins-com-recordes-absolutos-de-portugal\/#primaryimage\",\"url\":\"https:\/\/swimchannel.net\/br\/wp-content\/uploads\/2022\/07\/296486955_2902495393229251_6471565314447621363_n.jpg\",\"contentUrl\":\"https:\/\/swimchannel.net\/br\/wp-content\/uploads\/2022\/07\/296486955_2902495393229251_6471565314447621363_n.jpg\",\"width\":945,\"height\":630,\"caption\":\"Ana Rodrigues bateu mais um recorde de Portugal (Foto: LFN\/FPN)\"},{\"@type\":\"BreadcrumbList\",\"@id\":\"https:\/\/swimchannel.net\/br\/ana-rodrigues-e-francisca-martins-com-recordes-absolutos-de-portugal\/#breadcrumb\",\"itemListElement\":[{\"@type\":\"ListItem\",\"position\":1,\"name\":\"Home\",\"item\":\"https:\/\/swimchannel.net\/br\/\"},{\"@type\":\"ListItem\",\"position\":2,\"name\":\"Ana Rodrigues e Francisca Martins com recordes absolutos de Portugal\"}]},{\"@type\":\"WebSite\",\"@id\":\"https:\/\/swimchannel.net\/br\/#website\",\"url\":\"https:\/\/swimchannel.net\/br\/\",\"name\":\"Swimchannel\",\"description\":\"Maior portal de nata\u00e7\u00e3o da america latina\",\"publisher\":{\"@id\":\"https:\/\/swimchannel.net\/br\/#organization\"},\"potentialAction\":[{\"@type\":\"SearchAction\",\"target\":{\"@type\":\"EntryPoint\",\"urlTemplate\":\"https:\/\/swimchannel.net\/br\/?s={search_term_string}\"},\"query-input\":{\"@type\":\"PropertyValueSpecification\",\"valueRequired\":true,\"valueName\":\"search_term_string\"}}],\"inLanguage\":\"pt-BR\"},{\"@type\":\"Organization\",\"@id\":\"https:\/\/swimchannel.net\/br\/#organization\",\"name\":\"Swimchannel - Conectando voc\u00ea a Nata\u00e7\u00e3o\",\"url\":\"https:\/\/swimchannel.net\/br\/\",\"logo\":{\"@type\":\"ImageObject\",\"inLanguage\":\"pt-BR\",\"@id\":\"https:\/\/swimchannel.net\/br\/#\/schema\/logo\/image\/\",\"url\":\"https:\/\/swimchannel.net\/br\/wp-content\/uploads\/2026\/02\/SWIM-CHANNEL.png\",\"contentUrl\":\"https:\/\/swimchannel.net\/br\/wp-content\/uploads\/2026\/02\/SWIM-CHANNEL.png\",\"width\":1120,\"height\":630,\"caption\":\"Swimchannel - Conectando voc\u00ea a Nata\u00e7\u00e3o\"},\"image\":{\"@id\":\"https:\/\/swimchannel.net\/br\/#\/schema\/logo\/image\/\"},\"sameAs\":[\"https:\/\/www.facebook.com\/swimchannel\",\"https:\/\/www.instagram.com\/swimchannel\"]},{\"@type\":\"Person\",\"@id\":\"https:\/\/swimchannel.net\/br\/#\/schema\/person\/96742bc4be7f63afabd531ac47a43eba\",\"name\":\"Nuno Albuquerque\",\"image\":{\"@type\":\"ImageObject\",\"inLanguage\":\"pt-BR\",\"@id\":\"https:\/\/swimchannel.net\/br\/#\/schema\/person\/image\/\",\"url\":\"https:\/\/swimchannel.net\/br\/wp-content\/uploads\/2021\/10\/175265239_284626789786752_3471159347588969871_n-100x100.jpg\",\"contentUrl\":\"https:\/\/swimchannel.net\/br\/wp-content\/uploads\/2021\/10\/175265239_284626789786752_3471159347588969871_n-100x100.jpg\",\"caption\":\"Nuno Albuquerque\"},\"description\":\"Jornalista e t\u00e9cnico de nata\u00e7\u00e3o, trabalha na modalidade h\u00e1 muitos anos. Desde o Campeonato Mundial da FINA de 1986 na cidade de Madri, Nuno j\u00e1 era rep\u00f3rter para um dos principais jornais de Portugal.\",\"url\":\"https:\/\/swimchannel.net\/br\/author\/nunoalbuquerque\/\"}]}<\/script>\n<!-- \/ Yoast SEO plugin. -->","yoast_head_json":{"title":"Ana Rodrigues e Francisca Martins com recordes absolutos de Portugal - Swimchannel","robots":{"index":"index","follow":"follow","max-snippet":"max-snippet:-1","max-image-preview":"max-image-preview:large","max-video-preview":"max-video-preview:-1"},"canonical":"https:\/\/swimchannel.net\/br\/ana-rodrigues-e-francisca-martins-com-recordes-absolutos-de-portugal\/","og_locale":"pt_BR","og_type":"article","og_title":"Ana Rodrigues e Francisca Martins com recordes absolutos de Portugal - Swimchannel","og_description":"Hoje foi dia das mulheres na segunda jornada dos Campeonatos\/Open de Portugal a decorrer no Jamor, com novos recordes nacionais seniores e absolutos por Ana Rodrigues e Francisca Martins, e pela estafeta j\u00fanior do Galitos. Entre as recordistas individuais uma ficou bastante surpreendida, e a outra j\u00e1 perseguia este objetivo\u2026 A experiente e j\u00e1 ol\u00edmpica [&hellip;]","og_url":"https:\/\/swimchannel.net\/br\/ana-rodrigues-e-francisca-martins-com-recordes-absolutos-de-portugal\/","og_site_name":"Swimchannel","article_publisher":"https:\/\/www.facebook.com\/swimchannel","article_published_time":"2022-07-28T22:47:10+00:00","article_modified_time":"2022-08-01T02:16:41+00:00","og_image":[{"width":945,"height":630,"url":"https:\/\/swimchannel.net\/br\/wp-content\/uploads\/2022\/07\/296486955_2902495393229251_6471565314447621363_n.jpg","type":"image\/jpeg"}],"author":"Nuno Albuquerque","twitter_card":"summary_large_image","twitter_misc":{"Escrito por":"Nuno Albuquerque","Est. tempo de leitura":"8 minutos"},"schema":{"@context":"https:\/\/schema.org","@graph":[{"@type":"Article","@id":"https:\/\/swimchannel.net\/br\/ana-rodrigues-e-francisca-martins-com-recordes-absolutos-de-portugal\/#article","isPartOf":{"@id":"https:\/\/swimchannel.net\/br\/ana-rodrigues-e-francisca-martins-com-recordes-absolutos-de-portugal\/"},"author":{"name":"Nuno Albuquerque","@id":"https:\/\/swimchannel.net\/br\/#\/schema\/person\/96742bc4be7f63afabd531ac47a43eba"},"headline":"Ana Rodrigues e Francisca Martins com recordes absolutos de Portugal","datePublished":"2022-07-28T22:47:10+00:00","dateModified":"2022-08-01T02:16:41+00:00","mainEntityOfPage":{"@id":"https:\/\/swimchannel.net\/br\/ana-rodrigues-e-francisca-martins-com-recordes-absolutos-de-portugal\/"},"wordCount":1572,"commentCount":0,"publisher":{"@id":"https:\/\/swimchannel.net\/br\/#organization"},"image":{"@id":"https:\/\/swimchannel.net\/br\/ana-rodrigues-e-francisca-martins-com-recordes-absolutos-de-portugal\/#primaryimage"},"thumbnailUrl":"https:\/\/swimchannel.net\/br\/wp-content\/uploads\/2022\/07\/296486955_2902495393229251_6471565314447621363_n.jpg","keywords":["Ana Rodrigues","Angelica Andr\u00e9","Diana Dur\u00e3es","Diogo Ribeiro","Escola Desportiva de Viana","Federa\u00e7\u00e3o Portuguesa de Nata\u00e7\u00e3o","FOCA - Felgueiras","Francisca Martins","Galitos de Aveiro","Open de Portugal","Tiago Cunha Costa"],"articleSection":["Nata\u00e7\u00e3o Portuguesa"],"inLanguage":"pt-BR","potentialAction":[{"@type":"CommentAction","name":"Comment","target":["https:\/\/swimchannel.net\/br\/ana-rodrigues-e-francisca-martins-com-recordes-absolutos-de-portugal\/#respond"]}]},{"@type":"WebPage","@id":"https:\/\/swimchannel.net\/br\/ana-rodrigues-e-francisca-martins-com-recordes-absolutos-de-portugal\/","url":"https:\/\/swimchannel.net\/br\/ana-rodrigues-e-francisca-martins-com-recordes-absolutos-de-portugal\/","name":"Ana Rodrigues e Francisca Martins com recordes absolutos de Portugal - Swimchannel","isPartOf":{"@id":"https:\/\/swimchannel.net\/br\/#website"},"primaryImageOfPage":{"@id":"https:\/\/swimchannel.net\/br\/ana-rodrigues-e-francisca-martins-com-recordes-absolutos-de-portugal\/#primaryimage"},"image":{"@id":"https:\/\/swimchannel.net\/br\/ana-rodrigues-e-francisca-martins-com-recordes-absolutos-de-portugal\/#primaryimage"},"thumbnailUrl":"https:\/\/swimchannel.net\/br\/wp-content\/uploads\/2022\/07\/296486955_2902495393229251_6471565314447621363_n.jpg","datePublished":"2022-07-28T22:47:10+00:00","dateModified":"2022-08-01T02:16:41+00:00","breadcrumb":{"@id":"https:\/\/swimchannel.net\/br\/ana-rodrigues-e-francisca-martins-com-recordes-absolutos-de-portugal\/#breadcrumb"},"inLanguage":"pt-BR","potentialAction":[{"@type":"ReadAction","target":["https:\/\/swimchannel.net\/br\/ana-rodrigues-e-francisca-martins-com-recordes-absolutos-de-portugal\/"]}]},{"@type":"ImageObject","inLanguage":"pt-BR","@id":"https:\/\/swimchannel.net\/br\/ana-rodrigues-e-francisca-martins-com-recordes-absolutos-de-portugal\/#primaryimage","url":"https:\/\/swimchannel.net\/br\/wp-content\/uploads\/2022\/07\/296486955_2902495393229251_6471565314447621363_n.jpg","contentUrl":"https:\/\/swimchannel.net\/br\/wp-content\/uploads\/2022\/07\/296486955_2902495393229251_6471565314447621363_n.jpg","width":945,"height":630,"caption":"Ana Rodrigues bateu mais um recorde de Portugal (Foto: LFN\/FPN)"},{"@type":"BreadcrumbList","@id":"https:\/\/swimchannel.net\/br\/ana-rodrigues-e-francisca-martins-com-recordes-absolutos-de-portugal\/#breadcrumb","itemListElement":[{"@type":"ListItem","position":1,"name":"Home","item":"https:\/\/swimchannel.net\/br\/"},{"@type":"ListItem","position":2,"name":"Ana Rodrigues e Francisca Martins com recordes absolutos de Portugal"}]},{"@type":"WebSite","@id":"https:\/\/swimchannel.net\/br\/#website","url":"https:\/\/swimchannel.net\/br\/","name":"Swimchannel","description":"Maior portal de nata\u00e7\u00e3o da america latina","publisher":{"@id":"https:\/\/swimchannel.net\/br\/#organization"},"potentialAction":[{"@type":"SearchAction","target":{"@type":"EntryPoint","urlTemplate":"https:\/\/swimchannel.net\/br\/?s={search_term_string}"},"query-input":{"@type":"PropertyValueSpecification","valueRequired":true,"valueName":"search_term_string"}}],"inLanguage":"pt-BR"},{"@type":"Organization","@id":"https:\/\/swimchannel.net\/br\/#organization","name":"Swimchannel - Conectando voc\u00ea a Nata\u00e7\u00e3o","url":"https:\/\/swimchannel.net\/br\/","logo":{"@type":"ImageObject","inLanguage":"pt-BR","@id":"https:\/\/swimchannel.net\/br\/#\/schema\/logo\/image\/","url":"https:\/\/swimchannel.net\/br\/wp-content\/uploads\/2026\/02\/SWIM-CHANNEL.png","contentUrl":"https:\/\/swimchannel.net\/br\/wp-content\/uploads\/2026\/02\/SWIM-CHANNEL.png","width":1120,"height":630,"caption":"Swimchannel - Conectando voc\u00ea a Nata\u00e7\u00e3o"},"image":{"@id":"https:\/\/swimchannel.net\/br\/#\/schema\/logo\/image\/"},"sameAs":["https:\/\/www.facebook.com\/swimchannel","https:\/\/www.instagram.com\/swimchannel"]},{"@type":"Person","@id":"https:\/\/swimchannel.net\/br\/#\/schema\/person\/96742bc4be7f63afabd531ac47a43eba","name":"Nuno Albuquerque","image":{"@type":"ImageObject","inLanguage":"pt-BR","@id":"https:\/\/swimchannel.net\/br\/#\/schema\/person\/image\/","url":"https:\/\/swimchannel.net\/br\/wp-content\/uploads\/2021\/10\/175265239_284626789786752_3471159347588969871_n-100x100.jpg","contentUrl":"https:\/\/swimchannel.net\/br\/wp-content\/uploads\/2021\/10\/175265239_284626789786752_3471159347588969871_n-100x100.jpg","caption":"Nuno Albuquerque"},"description":"Jornalista e t\u00e9cnico de nata\u00e7\u00e3o, trabalha na modalidade h\u00e1 muitos anos. Desde o Campeonato Mundial da FINA de 1986 na cidade de Madri, Nuno j\u00e1 era rep\u00f3rter para um dos principais jornais de Portugal.","url":"https:\/\/swimchannel.net\/br\/author\/nunoalbuquerque\/"}]}},"_links":{"self":[{"href":"https:\/\/swimchannel.net\/br\/wp-json\/wp\/v2\/posts\/52408","targetHints":{"allow":["GET"]}}],"collection":[{"href":"https:\/\/swimchannel.net\/br\/wp-json\/wp\/v2\/posts"}],"about":[{"href":"https:\/\/swimchannel.net\/br\/wp-json\/wp\/v2\/types\/post"}],"author":[{"embeddable":true,"href":"https:\/\/swimchannel.net\/br\/wp-json\/wp\/v2\/users\/174"}],"replies":[{"embeddable":true,"href":"https:\/\/swimchannel.net\/br\/wp-json\/wp\/v2\/comments?post=52408"}],"version-history":[{"count":5,"href":"https:\/\/swimchannel.net\/br\/wp-json\/wp\/v2\/posts\/52408\/revisions"}],"predecessor-version":[{"id":52414,"href":"https:\/\/swimchannel.net\/br\/wp-json\/wp\/v2\/posts\/52408\/revisions\/52414"}],"wp:featuredmedia":[{"embeddable":true,"href":"https:\/\/swimchannel.net\/br\/wp-json\/wp\/v2\/media\/52409"}],"wp:attachment":[{"href":"https:\/\/swimchannel.net\/br\/wp-json\/wp\/v2\/media?parent=52408"}],"wp:term":[{"taxonomy":"category","embeddable":true,"href":"https:\/\/swimchannel.net\/br\/wp-json\/wp\/v2\/categories?post=52408"},{"taxonomy":"post_tag","embeddable":true,"href":"https:\/\/swimchannel.net\/br\/wp-json\/wp\/v2\/tags?post=52408"}],"curies":[{"name":"wp","href":"https:\/\/api.w.org\/{rel}","templated":true}]}}