{"id":52597,"date":"2022-08-09T18:22:23","date_gmt":"2022-08-09T21:22:23","guid":{"rendered":"https:\/\/swimchannel.net\/br\/?p=52597"},"modified":"2022-08-09T18:22:23","modified_gmt":"2022-08-09T21:22:23","slug":"era-tabu-nadar-menstruada-agora-nao-e-mais","status":"publish","type":"post","link":"https:\/\/swimchannel.net\/br\/era-tabu-nadar-menstruada-agora-nao-e-mais\/","title":{"rendered":"Era tabu nadar menstruada, agora n\u00e3o \u00e9 mais!"},"content":{"rendered":"<p>Qual menina nunca ouviu que \u201cn\u00e3o pode nadar quando est\u00e1 menstruada?\u201d.\u00a0Ou qual mulher nunca passou pela preocupa\u00e7\u00e3o de \u201cestar vazando ou n\u00e3o?\u201c. A empresa formada por mulheres e liderada pela nadadora ol\u00edmpica Fabiola Molina se empenhou em desenvolver uma solu\u00e7\u00e3o para muitos dos desafios que o ciclo menstrual traz para sua performance.<\/p>\n<p>A ideia para esse lan\u00e7amento n\u00e3o veio sozinha. A ginecologista do esporte, integrante da sele\u00e7\u00e3o brasileira na ultimas tr\u00eas olimp\u00edadas Thatiana Parmigiano, trouxe \u00e0 tona os principais questionamentos de suas pacientes referente ao sangramento vaginal. Vale lembrar que o ciclo menstrual e a menstrua\u00e7\u00e3o comp\u00f5em muito mais fatores do que apenas o sangramento, que \u00e9 o foco desse projeto. A doutora retratou os desconfortos recorrentes vividos por nadadoras em seu consult\u00f3rio, quando est\u00e3o no per\u00edodo menstrual e tem que manter seus treinos e competi\u00e7\u00f5es.<\/p>\n<figure id=\"attachment_52598\" aria-describedby=\"caption-attachment-52598\" style=\"width: 502px\" class=\"wp-caption alignnone\"><img loading=\"lazy\" decoding=\"async\" class=\"size-full wp-image-52598\" src=\"https:\/\/swimchannel.net\/br\/wp-content\/uploads\/2022\/08\/MSOLABS2229-2229_1.jpg\" alt=\"\" width=\"502\" height=\"630\" srcset=\"https:\/\/swimchannel.net\/br\/wp-content\/uploads\/2022\/08\/MSOLABS2229-2229_1.jpg 502w, https:\/\/swimchannel.net\/br\/wp-content\/uploads\/2022\/08\/MSOLABS2229-2229_1-143x180.jpg 143w\" sizes=\"auto, (max-width: 502px) 100vw, 502px\" \/><figcaption id=\"caption-attachment-52598\" class=\"wp-caption-text\">Beatriz Dizotti com o mai\u00f4 Nade Livre &#8211; Foto: Reprodu\u00e7\u00e3o\/Fabiola Molina<\/figcaption><\/figure>\n<p>O sangramento menstrual \u00e9 algo extremamente natural que\u00a0mesmo podendo ser evitado atrav\u00e9s de medicamentos, n\u00e3o \u00e9 uma estrat\u00e9gia bem aceita por qualquer mulher. O mesmo vale para a alternativa do absorvente interno. Logo as meninas e mulheres se desdobram criando estrat\u00e9gias para esconder seu sangramento do vesti\u00e1rio at\u00e9 a piscina, durante sa\u00eddas do bloco e at\u00e9 mesmo durante o treinamento e competi\u00e7\u00f5es. Se algo fora do controle acontecer, pode gerar muito constrangimento, dependendo da atleta ou do momento que esses epis\u00f3dios acontecem.<\/p>\n<p>Fabiola Molina abra\u00e7ou a causa e,\u00a0em parceria com a Dra. Thatiana,\u00a0come\u00e7ou\u00a0um projeto que levou mais de um ano entre testes e pesquisas at\u00e9 chegar no resultado final: uma linha de pe\u00e7as de treinamento com absorventes reutiliz\u00e1veis \u201cinvis\u00edveis\u201d embutidos nas pe\u00e7as. Foi necess\u00e1rio muito esfor\u00e7o para atender todos os pontos que o produto merece: segurar o fluxo sem mudar a estrutura da pe\u00e7a, n\u00e3o causar nenhuma alergia, ser utilizado e lavado v\u00e1rias vezes mantendo suas propriedades, entre outros.<\/p>\n<figure id=\"attachment_15605\" aria-describedby=\"caption-attachment-15605\" style=\"width: 720px\" class=\"wp-caption alignnone\"><img loading=\"lazy\" decoding=\"async\" class=\"size-full wp-image-15605\" src=\"https:\/\/swimchannel.net\/br\/wp-content\/uploads\/2019\/03\/Tathy_corte_4.jpg\" alt=\"\" width=\"720\" height=\"405\" srcset=\"https:\/\/swimchannel.net\/br\/wp-content\/uploads\/2019\/03\/Tathy_corte_4.jpg 720w, https:\/\/swimchannel.net\/br\/wp-content\/uploads\/2019\/03\/Tathy_corte_4-600x338.jpg 600w\" sizes=\"auto, (max-width: 720px) 100vw, 720px\" \/><figcaption id=\"caption-attachment-15605\" class=\"wp-caption-text\">Tathiana Parmigiano &#8211; Foto: Reprodu\u00e7\u00e3o<\/figcaption><\/figure>\n<p>A linha foi lan\u00e7ada em pelo menos uma vers\u00e3o de cada modelo que j\u00e1 existe na empresa: na linha profissional com compress\u00e3o o <em>sunkini Fab<\/em>\u00a0e mai\u00f4 Sol, na linha comfort o mai\u00f4 <em>shap\u00ea e<\/em>\u00a0na linha de competi\u00e7\u00e3o o mai\u00f4 <em>4Fast<\/em>. Para trazer ainda mais conforto o lan\u00e7amento da linha <em>nade livre<\/em>\u00a0s\u00f3 vem em estampas com cores fortes e escuras. Para quem j\u00e1 \u00e9 cliente da Fabiola Molina, n\u00e3o mudou nada no formato e compress\u00e3o da pe\u00e7a, s\u00f3 se ganhou o benef\u00edcio da absor\u00e7\u00e3o extra na regi\u00e3o onde ocorre o sangramento.<\/p>\n<p>Nesse projeto Fabiola teve a ajuda de diversas atletas de diferentes n\u00edveis e idades onde at\u00e9 mesmo a pr\u00f3pria Dra. Thatiana participou dos testes para criar a pe\u00e7a perfeita para treinos de alta performance.<\/p>\n<figure id=\"attachment_52599\" aria-describedby=\"caption-attachment-52599\" style=\"width: 502px\" class=\"wp-caption alignnone\"><img loading=\"lazy\" decoding=\"async\" class=\"size-full wp-image-52599\" src=\"https:\/\/swimchannel.net\/br\/wp-content\/uploads\/2022\/08\/MCAV2215-2215_1.jpg\" alt=\"\" width=\"502\" height=\"630\" srcset=\"https:\/\/swimchannel.net\/br\/wp-content\/uploads\/2022\/08\/MCAV2215-2215_1.jpg 502w, https:\/\/swimchannel.net\/br\/wp-content\/uploads\/2022\/08\/MCAV2215-2215_1-143x180.jpg 143w\" sizes=\"auto, (max-width: 502px) 100vw, 502px\" \/><figcaption id=\"caption-attachment-52599\" class=\"wp-caption-text\">Giovanna Diamante com o mai\u00f4 Nade Livre &#8211; Foto: Reprodu\u00e7\u00e3o\/Fabiola Molina<\/figcaption><\/figure>\n<p>A nadadora ol\u00edmpica e finalista do \u00faltimo Campeonato Mundial, Beatriz Dizzoti citou em depoimento que ia treinar com seu mai\u00f4 absorvente e ficava v\u00e1rios minutos fora da piscina tanto antes como ap\u00f3s seu treino. Observava se acontecia algum vazamento, e o resultado foi excelente. Al\u00e9m disso,\u00a0ela tamb\u00e9m perguntava para suas companheiras de treino, sem contar o motivo, se o mai\u00f4 que utilizava naquele dia tinha algo de diferente. Nenhuma companheira de equipe conseguiu identificar o que tinha de especial naquela pe\u00e7a.<\/p>\n<p>As atletas volunt\u00e1rias nos testes responderam se tiveram algum tipo de coceira ou alergia ap\u00f3s o uso e o resultado tamb\u00e9m foi muito positivo. Ap\u00f3s chegar ao resultado final das pe\u00e7as que desenvolviam, Fabiola e sua equipe tiveram um cuidado extra com a rotina de quem usaria o modelo: desenvolver um saquinho imperme\u00e1vel especial para o transporte do mai\u00f4 dentro da mochila ap\u00f3s seu uso, para que o mesmo n\u00e3o entre em contato com outros itens ao redor.<\/p>\n<figure id=\"attachment_25230\" aria-describedby=\"caption-attachment-25230\" style=\"width: 678px\" class=\"wp-caption alignnone\"><img loading=\"lazy\" decoding=\"async\" class=\"size-full wp-image-25230\" src=\"https:\/\/swimchannel.net\/br\/wp-content\/uploads\/2020\/07\/bela_s-678x381-1.png\" alt=\"\" width=\"678\" height=\"381\" srcset=\"https:\/\/swimchannel.net\/br\/wp-content\/uploads\/2020\/07\/bela_s-678x381-1.png 678w, https:\/\/swimchannel.net\/br\/wp-content\/uploads\/2020\/07\/bela_s-678x381-1-600x337.png 600w, https:\/\/swimchannel.net\/br\/wp-content\/uploads\/2020\/07\/bela_s-678x381-1-320x180.png 320w, https:\/\/swimchannel.net\/br\/wp-content\/uploads\/2020\/07\/bela_s-678x381-1-640x360.png 640w\" sizes=\"auto, (max-width: 678px) 100vw, 678px\" \/><figcaption id=\"caption-attachment-25230\" class=\"wp-caption-text\">A nadadora ol\u00edmpica Fabiola Molina &#8211; Foto: Reprodu\u00e7\u00e3o<\/figcaption><\/figure>\n<p>A tecnologia da linha <em>Nade Livre<\/em>\u00a0tem camadas extras de um forro absorvente especial na regi\u00e3o vaginal que absorve at\u00e9 os fluxos mais intensos, sem alterar a espessura do mai\u00f4 na regi\u00e3o. No desenvolvimento existiu o cuidado de manter o tecido imperme\u00e1vel de fora para dentro, para que esse mesmo absorvente n\u00e3o absorvesse a \u00e1gua da piscina ao redor. Ou seja, o traje s\u00f3 absorver o que vem de dentro.<\/p>\n<p>Outro cuidado importante pela equipe Fabiola Molina, foi sempre trabalhar no limite m\u00e1ximo do fluxo. A pe\u00e7a foi desenvolvida para todos as intensidades de sangramento, sendo seus testes feitos sempre com situa\u00e7\u00f5es extremas para garantir que todas as mulheres ser\u00e3o contempladas pelos benef\u00edcios da linha, em todo e qualquer momento de seu ciclo. As pe\u00e7as <em>nade livre<\/em> tem recomenda\u00e7\u00f5es de cuidados especiais como por exemplo: efetuar uma lavagem antes do primeiro uso. Todas as instru\u00e7\u00f5es est\u00e3o dispon\u00edveis tanto no site Fabiola Molina como no na etiqueta com QR Code que vem junto a pe\u00e7a.<\/p>\n<figure id=\"attachment_52600\" aria-describedby=\"caption-attachment-52600\" style=\"width: 501px\" class=\"wp-caption alignnone\"><img loading=\"lazy\" decoding=\"async\" class=\"size-full wp-image-52600\" src=\"https:\/\/swimchannel.net\/br\/wp-content\/uploads\/2022\/08\/sunquini2.jpg\" alt=\"\" width=\"501\" height=\"630\" srcset=\"https:\/\/swimchannel.net\/br\/wp-content\/uploads\/2022\/08\/sunquini2.jpg 501w, https:\/\/swimchannel.net\/br\/wp-content\/uploads\/2022\/08\/sunquini2-143x180.jpg 143w\" sizes=\"auto, (max-width: 501px) 100vw, 501px\" \/><figcaption id=\"caption-attachment-52600\" class=\"wp-caption-text\">Stephanie Balduccini com o sunkini Nade Livre &#8211; Foto: Reprodu\u00e7\u00e3o\/Fabiola Molina<\/figcaption><\/figure>\n<p>Duas principais situa\u00e7\u00f5es em que a pe\u00e7a absorvente ir\u00e1 contribuir muito para a performance segundo a Dra. Thatiana s\u00e3o: na concentra\u00e7\u00e3o das atletas mais maduras que n\u00e3o precisar\u00e3o tirar seu foco do treino ou competi\u00e7\u00e3o para planejar seus cuidados extras com sangramento; e no momento em que as meninas mais jovens come\u00e7am a menstruar e tem muita imprevisibilidade, d\u00favidas, constrangimentos e falta de informa\u00e7\u00e3o para seguir seus treinos menstruada.<\/p>\n<p>O n\u00famero de situa\u00e7\u00f5es que foi beneficiada com esse lan\u00e7amento n\u00e3o acabam e mereceriam at\u00e9 mesmo um texto somente sobre elas. O que vale frisar aqui \u00e9 que hoje o mai\u00f4 e sunkini absorvente existem e est\u00e3o em pre\u00e7os acess\u00edveis no mercado atendendo todas as diferentes \u00a0atletas.<\/p>\n<div id='gallery-1' class='gallery galleryid-52597 gallery-columns-3 gallery-size-thumbnail'><figure class='gallery-item'>\n\t\t\t<div class='gallery-icon portrait'>\n\t\t\t\t<a href='https:\/\/swimchannel.net\/br\/era-tabu-nadar-menstruada-agora-nao-e-mais\/mobile-nadelivre-rd-station\/'><img loading=\"lazy\" decoding=\"async\" width=\"169\" height=\"180\" src=\"https:\/\/swimchannel.net\/br\/wp-content\/uploads\/2022\/08\/MOBILE-NADELIVRE-RD-STATION-169x180.jpg\" class=\"attachment-thumbnail size-thumbnail\" alt=\"\" aria-describedby=\"gallery-1-52601\" srcset=\"https:\/\/swimchannel.net\/br\/wp-content\/uploads\/2022\/08\/MOBILE-NADELIVRE-RD-STATION-169x180.jpg 169w, https:\/\/swimchannel.net\/br\/wp-content\/uploads\/2022\/08\/MOBILE-NADELIVRE-RD-STATION.jpg 590w\" sizes=\"auto, (max-width: 169px) 100vw, 169px\" \/><\/a>\n\t\t\t<\/div>\n\t\t\t\t<figcaption class='wp-caption-text gallery-caption' id='gallery-1-52601'>\n\t\t\t\tLinha Nade Livre &#8211; Foto: Reprodu\u00e7\u00e3o\/Fabiola Molina\n\t\t\t\t<\/figcaption><\/figure><figure class='gallery-item'>\n\t\t\t<div class='gallery-icon portrait'>\n\t\t\t\t<a href='https:\/\/swimchannel.net\/br\/era-tabu-nadar-menstruada-agora-nao-e-mais\/caracteristicas-especiais\/'><img loading=\"lazy\" decoding=\"async\" width=\"173\" height=\"180\" src=\"https:\/\/swimchannel.net\/br\/wp-content\/uploads\/2022\/08\/caracteristicas-especiais-173x180.jpg\" class=\"attachment-thumbnail size-thumbnail\" alt=\"\" aria-describedby=\"gallery-1-52602\" srcset=\"https:\/\/swimchannel.net\/br\/wp-content\/uploads\/2022\/08\/caracteristicas-especiais-173x180.jpg 173w, https:\/\/swimchannel.net\/br\/wp-content\/uploads\/2022\/08\/caracteristicas-especiais.jpg 604w\" sizes=\"auto, (max-width: 173px) 100vw, 173px\" \/><\/a>\n\t\t\t<\/div>\n\t\t\t\t<figcaption class='wp-caption-text gallery-caption' id='gallery-1-52602'>\n\t\t\t\tLinha Nade Livre &#8211; Foto: Reprodu\u00e7\u00e3o\/Fabiola Molina\n\t\t\t\t<\/figcaption><\/figure>\n\t\t<\/div>\n\n","protected":false},"excerpt":{"rendered":"<p>Linha Nade Livre, lan\u00e7amento da marca Fabiola Molina, promete liberdade para nadadoras no per\u00edodo menstrual<\/p>\n","protected":false},"author":11,"featured_media":52603,"comment_status":"open","ping_status":"open","sticky":false,"template":"","format":"gallery","meta":{"footnotes":""},"categories":[2575],"tags":[146,4945,5,4192,2166,4946],"class_list":["post-52597","post","type-post","status-publish","format-gallery","has-post-thumbnail","hentry","category-produtos-e-tecnologia","tag-fabiola-molina","tag-nade-livre","tag-natacao","tag-produtos-e-tecnologia","tag-saude","tag-thatiana-parmigiano","post_format-post-format-gallery"],"yoast_head":"<!-- This site is optimized with the Yoast SEO plugin v27.0 - https:\/\/yoast.com\/product\/yoast-seo-wordpress\/ -->\n<title>Era tabu nadar menstruada, agora n\u00e3o \u00e9 mais! - Swimchannel<\/title>\n<meta name=\"robots\" content=\"index, follow, max-snippet:-1, max-image-preview:large, max-video-preview:-1\" \/>\n<link rel=\"canonical\" href=\"https:\/\/swimchannel.net\/br\/era-tabu-nadar-menstruada-agora-nao-e-mais\/\" \/>\n<meta property=\"og:locale\" content=\"pt_BR\" \/>\n<meta property=\"og:type\" content=\"article\" \/>\n<meta property=\"og:title\" content=\"Era tabu nadar menstruada, agora n\u00e3o \u00e9 mais! - Swimchannel\" \/>\n<meta property=\"og:description\" content=\"Linha Nade Livre, lan\u00e7amento da marca Fabiola Molina, promete liberdade para nadadoras no per\u00edodo menstrual\" \/>\n<meta property=\"og:url\" content=\"https:\/\/swimchannel.net\/br\/era-tabu-nadar-menstruada-agora-nao-e-mais\/\" \/>\n<meta property=\"og:site_name\" content=\"Swimchannel\" \/>\n<meta property=\"article:publisher\" content=\"https:\/\/www.facebook.com\/swimchannel\" \/>\n<meta property=\"article:published_time\" content=\"2022-08-09T21:22:23+00:00\" \/>\n<meta property=\"og:image\" content=\"https:\/\/swimchannel.net\/br\/wp-content\/uploads\/2022\/08\/sacolinha1.jpg\" \/>\n\t<meta property=\"og:image:width\" content=\"945\" \/>\n\t<meta property=\"og:image:height\" content=\"630\" \/>\n\t<meta property=\"og:image:type\" content=\"image\/jpeg\" \/>\n<meta name=\"author\" content=\"Catarina Ganzeli\" \/>\n<meta name=\"twitter:card\" content=\"summary_large_image\" \/>\n<meta name=\"twitter:label1\" content=\"Escrito por\" \/>\n\t<meta name=\"twitter:data1\" content=\"Catarina Ganzeli\" \/>\n\t<meta name=\"twitter:label2\" content=\"Est. tempo de leitura\" \/>\n\t<meta name=\"twitter:data2\" content=\"5 minutos\" \/>\n<script type=\"application\/ld+json\" class=\"yoast-schema-graph\">{\"@context\":\"https:\/\/schema.org\",\"@graph\":[{\"@type\":\"Article\",\"@id\":\"https:\/\/swimchannel.net\/br\/era-tabu-nadar-menstruada-agora-nao-e-mais\/#article\",\"isPartOf\":{\"@id\":\"https:\/\/swimchannel.net\/br\/era-tabu-nadar-menstruada-agora-nao-e-mais\/\"},\"author\":{\"name\":\"Catarina Ganzeli\",\"@id\":\"https:\/\/swimchannel.net\/br\/#\/schema\/person\/a3ac0d40a751fe9dd84dabfed8d94dc2\"},\"headline\":\"Era tabu nadar menstruada, agora n\u00e3o \u00e9 mais!\",\"datePublished\":\"2022-08-09T21:22:23+00:00\",\"mainEntityOfPage\":{\"@id\":\"https:\/\/swimchannel.net\/br\/era-tabu-nadar-menstruada-agora-nao-e-mais\/\"},\"wordCount\":1056,\"commentCount\":0,\"publisher\":{\"@id\":\"https:\/\/swimchannel.net\/br\/#organization\"},\"image\":{\"@id\":\"https:\/\/swimchannel.net\/br\/era-tabu-nadar-menstruada-agora-nao-e-mais\/#primaryimage\"},\"thumbnailUrl\":\"https:\/\/swimchannel.net\/br\/wp-content\/uploads\/2022\/08\/sacolinha1.jpg\",\"keywords\":[\"Fabiola Molina\",\"Nade Livre\",\"natacao\",\"produtos e tecnologia\",\"sa\u00fade\",\"Thatiana Parmigiano\"],\"articleSection\":[\"Produtos e Tecnologia\"],\"inLanguage\":\"pt-BR\",\"potentialAction\":[{\"@type\":\"CommentAction\",\"name\":\"Comment\",\"target\":[\"https:\/\/swimchannel.net\/br\/era-tabu-nadar-menstruada-agora-nao-e-mais\/#respond\"]}]},{\"@type\":\"WebPage\",\"@id\":\"https:\/\/swimchannel.net\/br\/era-tabu-nadar-menstruada-agora-nao-e-mais\/\",\"url\":\"https:\/\/swimchannel.net\/br\/era-tabu-nadar-menstruada-agora-nao-e-mais\/\",\"name\":\"Era tabu nadar menstruada, agora n\u00e3o \u00e9 mais! - Swimchannel\",\"isPartOf\":{\"@id\":\"https:\/\/swimchannel.net\/br\/#website\"},\"primaryImageOfPage\":{\"@id\":\"https:\/\/swimchannel.net\/br\/era-tabu-nadar-menstruada-agora-nao-e-mais\/#primaryimage\"},\"image\":{\"@id\":\"https:\/\/swimchannel.net\/br\/era-tabu-nadar-menstruada-agora-nao-e-mais\/#primaryimage\"},\"thumbnailUrl\":\"https:\/\/swimchannel.net\/br\/wp-content\/uploads\/2022\/08\/sacolinha1.jpg\",\"datePublished\":\"2022-08-09T21:22:23+00:00\",\"breadcrumb\":{\"@id\":\"https:\/\/swimchannel.net\/br\/era-tabu-nadar-menstruada-agora-nao-e-mais\/#breadcrumb\"},\"inLanguage\":\"pt-BR\",\"potentialAction\":[{\"@type\":\"ReadAction\",\"target\":[\"https:\/\/swimchannel.net\/br\/era-tabu-nadar-menstruada-agora-nao-e-mais\/\"]}]},{\"@type\":\"ImageObject\",\"inLanguage\":\"pt-BR\",\"@id\":\"https:\/\/swimchannel.net\/br\/era-tabu-nadar-menstruada-agora-nao-e-mais\/#primaryimage\",\"url\":\"https:\/\/swimchannel.net\/br\/wp-content\/uploads\/2022\/08\/sacolinha1.jpg\",\"contentUrl\":\"https:\/\/swimchannel.net\/br\/wp-content\/uploads\/2022\/08\/sacolinha1.jpg\",\"width\":945,\"height\":630,\"caption\":\"Linha Nade Livre - Foto: Reprodu\u00e7\u00e3o\/Fabiola Molina\"},{\"@type\":\"BreadcrumbList\",\"@id\":\"https:\/\/swimchannel.net\/br\/era-tabu-nadar-menstruada-agora-nao-e-mais\/#breadcrumb\",\"itemListElement\":[{\"@type\":\"ListItem\",\"position\":1,\"name\":\"Home\",\"item\":\"https:\/\/swimchannel.net\/br\/\"},{\"@type\":\"ListItem\",\"position\":2,\"name\":\"Era tabu nadar menstruada, agora n\u00e3o \u00e9 mais!\"}]},{\"@type\":\"WebSite\",\"@id\":\"https:\/\/swimchannel.net\/br\/#website\",\"url\":\"https:\/\/swimchannel.net\/br\/\",\"name\":\"Swimchannel\",\"description\":\"Maior portal de nata\u00e7\u00e3o da america latina\",\"publisher\":{\"@id\":\"https:\/\/swimchannel.net\/br\/#organization\"},\"potentialAction\":[{\"@type\":\"SearchAction\",\"target\":{\"@type\":\"EntryPoint\",\"urlTemplate\":\"https:\/\/swimchannel.net\/br\/?s={search_term_string}\"},\"query-input\":{\"@type\":\"PropertyValueSpecification\",\"valueRequired\":true,\"valueName\":\"search_term_string\"}}],\"inLanguage\":\"pt-BR\"},{\"@type\":\"Organization\",\"@id\":\"https:\/\/swimchannel.net\/br\/#organization\",\"name\":\"Swimchannel - Conectando voc\u00ea a Nata\u00e7\u00e3o\",\"url\":\"https:\/\/swimchannel.net\/br\/\",\"logo\":{\"@type\":\"ImageObject\",\"inLanguage\":\"pt-BR\",\"@id\":\"https:\/\/swimchannel.net\/br\/#\/schema\/logo\/image\/\",\"url\":\"https:\/\/swimchannel.net\/br\/wp-content\/uploads\/2026\/02\/SWIM-CHANNEL.png\",\"contentUrl\":\"https:\/\/swimchannel.net\/br\/wp-content\/uploads\/2026\/02\/SWIM-CHANNEL.png\",\"width\":1120,\"height\":630,\"caption\":\"Swimchannel - Conectando voc\u00ea a Nata\u00e7\u00e3o\"},\"image\":{\"@id\":\"https:\/\/swimchannel.net\/br\/#\/schema\/logo\/image\/\"},\"sameAs\":[\"https:\/\/www.facebook.com\/swimchannel\",\"https:\/\/www.instagram.com\/swimchannel\"]},{\"@type\":\"Person\",\"@id\":\"https:\/\/swimchannel.net\/br\/#\/schema\/person\/a3ac0d40a751fe9dd84dabfed8d94dc2\",\"name\":\"Catarina Ganzeli\",\"image\":{\"@type\":\"ImageObject\",\"inLanguage\":\"pt-BR\",\"@id\":\"https:\/\/swimchannel.net\/br\/#\/schema\/person\/image\/\",\"url\":\"https:\/\/swimchannel.net\/br\/wp-content\/uploads\/2021\/08\/17156161_231871270610456_8266780033880254550_n-100x100.jpg\",\"contentUrl\":\"https:\/\/swimchannel.net\/br\/wp-content\/uploads\/2021\/08\/17156161_231871270610456_8266780033880254550_n-100x100.jpg\",\"caption\":\"Catarina Ganzeli\"},\"description\":\"Nadadora de cora\u00e7\u00e3o, ultramaratonista aqu\u00e1tica, j\u00e1 integrou a sele\u00e7\u00e3o brasileira, comentarista ol\u00edmpica em 2016 pela Sportv, em campeonatos nacionais por emissoras regionais, arbitra em campeonatos nacionais por quatro anos, participa\u00e7\u00e3o na produ\u00e7\u00e3o de competi\u00e7\u00f5es e eventos.\",\"sameAs\":[\"instagram.com\/catgan_in_water\"],\"url\":\"https:\/\/swimchannel.net\/br\/author\/catarinaganzeli\/\"}]}<\/script>\n<!-- \/ Yoast SEO plugin. -->","yoast_head_json":{"title":"Era tabu nadar menstruada, agora n\u00e3o \u00e9 mais! - Swimchannel","robots":{"index":"index","follow":"follow","max-snippet":"max-snippet:-1","max-image-preview":"max-image-preview:large","max-video-preview":"max-video-preview:-1"},"canonical":"https:\/\/swimchannel.net\/br\/era-tabu-nadar-menstruada-agora-nao-e-mais\/","og_locale":"pt_BR","og_type":"article","og_title":"Era tabu nadar menstruada, agora n\u00e3o \u00e9 mais! - Swimchannel","og_description":"Linha Nade Livre, lan\u00e7amento da marca Fabiola Molina, promete liberdade para nadadoras no per\u00edodo menstrual","og_url":"https:\/\/swimchannel.net\/br\/era-tabu-nadar-menstruada-agora-nao-e-mais\/","og_site_name":"Swimchannel","article_publisher":"https:\/\/www.facebook.com\/swimchannel","article_published_time":"2022-08-09T21:22:23+00:00","og_image":[{"width":945,"height":630,"url":"https:\/\/swimchannel.net\/br\/wp-content\/uploads\/2022\/08\/sacolinha1.jpg","type":"image\/jpeg"}],"author":"Catarina Ganzeli","twitter_card":"summary_large_image","twitter_misc":{"Escrito por":"Catarina Ganzeli","Est. tempo de leitura":"5 minutos"},"schema":{"@context":"https:\/\/schema.org","@graph":[{"@type":"Article","@id":"https:\/\/swimchannel.net\/br\/era-tabu-nadar-menstruada-agora-nao-e-mais\/#article","isPartOf":{"@id":"https:\/\/swimchannel.net\/br\/era-tabu-nadar-menstruada-agora-nao-e-mais\/"},"author":{"name":"Catarina Ganzeli","@id":"https:\/\/swimchannel.net\/br\/#\/schema\/person\/a3ac0d40a751fe9dd84dabfed8d94dc2"},"headline":"Era tabu nadar menstruada, agora n\u00e3o \u00e9 mais!","datePublished":"2022-08-09T21:22:23+00:00","mainEntityOfPage":{"@id":"https:\/\/swimchannel.net\/br\/era-tabu-nadar-menstruada-agora-nao-e-mais\/"},"wordCount":1056,"commentCount":0,"publisher":{"@id":"https:\/\/swimchannel.net\/br\/#organization"},"image":{"@id":"https:\/\/swimchannel.net\/br\/era-tabu-nadar-menstruada-agora-nao-e-mais\/#primaryimage"},"thumbnailUrl":"https:\/\/swimchannel.net\/br\/wp-content\/uploads\/2022\/08\/sacolinha1.jpg","keywords":["Fabiola Molina","Nade Livre","natacao","produtos e tecnologia","sa\u00fade","Thatiana Parmigiano"],"articleSection":["Produtos e Tecnologia"],"inLanguage":"pt-BR","potentialAction":[{"@type":"CommentAction","name":"Comment","target":["https:\/\/swimchannel.net\/br\/era-tabu-nadar-menstruada-agora-nao-e-mais\/#respond"]}]},{"@type":"WebPage","@id":"https:\/\/swimchannel.net\/br\/era-tabu-nadar-menstruada-agora-nao-e-mais\/","url":"https:\/\/swimchannel.net\/br\/era-tabu-nadar-menstruada-agora-nao-e-mais\/","name":"Era tabu nadar menstruada, agora n\u00e3o \u00e9 mais! - Swimchannel","isPartOf":{"@id":"https:\/\/swimchannel.net\/br\/#website"},"primaryImageOfPage":{"@id":"https:\/\/swimchannel.net\/br\/era-tabu-nadar-menstruada-agora-nao-e-mais\/#primaryimage"},"image":{"@id":"https:\/\/swimchannel.net\/br\/era-tabu-nadar-menstruada-agora-nao-e-mais\/#primaryimage"},"thumbnailUrl":"https:\/\/swimchannel.net\/br\/wp-content\/uploads\/2022\/08\/sacolinha1.jpg","datePublished":"2022-08-09T21:22:23+00:00","breadcrumb":{"@id":"https:\/\/swimchannel.net\/br\/era-tabu-nadar-menstruada-agora-nao-e-mais\/#breadcrumb"},"inLanguage":"pt-BR","potentialAction":[{"@type":"ReadAction","target":["https:\/\/swimchannel.net\/br\/era-tabu-nadar-menstruada-agora-nao-e-mais\/"]}]},{"@type":"ImageObject","inLanguage":"pt-BR","@id":"https:\/\/swimchannel.net\/br\/era-tabu-nadar-menstruada-agora-nao-e-mais\/#primaryimage","url":"https:\/\/swimchannel.net\/br\/wp-content\/uploads\/2022\/08\/sacolinha1.jpg","contentUrl":"https:\/\/swimchannel.net\/br\/wp-content\/uploads\/2022\/08\/sacolinha1.jpg","width":945,"height":630,"caption":"Linha Nade Livre - Foto: Reprodu\u00e7\u00e3o\/Fabiola Molina"},{"@type":"BreadcrumbList","@id":"https:\/\/swimchannel.net\/br\/era-tabu-nadar-menstruada-agora-nao-e-mais\/#breadcrumb","itemListElement":[{"@type":"ListItem","position":1,"name":"Home","item":"https:\/\/swimchannel.net\/br\/"},{"@type":"ListItem","position":2,"name":"Era tabu nadar menstruada, agora n\u00e3o \u00e9 mais!"}]},{"@type":"WebSite","@id":"https:\/\/swimchannel.net\/br\/#website","url":"https:\/\/swimchannel.net\/br\/","name":"Swimchannel","description":"Maior portal de nata\u00e7\u00e3o da america latina","publisher":{"@id":"https:\/\/swimchannel.net\/br\/#organization"},"potentialAction":[{"@type":"SearchAction","target":{"@type":"EntryPoint","urlTemplate":"https:\/\/swimchannel.net\/br\/?s={search_term_string}"},"query-input":{"@type":"PropertyValueSpecification","valueRequired":true,"valueName":"search_term_string"}}],"inLanguage":"pt-BR"},{"@type":"Organization","@id":"https:\/\/swimchannel.net\/br\/#organization","name":"Swimchannel - Conectando voc\u00ea a Nata\u00e7\u00e3o","url":"https:\/\/swimchannel.net\/br\/","logo":{"@type":"ImageObject","inLanguage":"pt-BR","@id":"https:\/\/swimchannel.net\/br\/#\/schema\/logo\/image\/","url":"https:\/\/swimchannel.net\/br\/wp-content\/uploads\/2026\/02\/SWIM-CHANNEL.png","contentUrl":"https:\/\/swimchannel.net\/br\/wp-content\/uploads\/2026\/02\/SWIM-CHANNEL.png","width":1120,"height":630,"caption":"Swimchannel - Conectando voc\u00ea a Nata\u00e7\u00e3o"},"image":{"@id":"https:\/\/swimchannel.net\/br\/#\/schema\/logo\/image\/"},"sameAs":["https:\/\/www.facebook.com\/swimchannel","https:\/\/www.instagram.com\/swimchannel"]},{"@type":"Person","@id":"https:\/\/swimchannel.net\/br\/#\/schema\/person\/a3ac0d40a751fe9dd84dabfed8d94dc2","name":"Catarina Ganzeli","image":{"@type":"ImageObject","inLanguage":"pt-BR","@id":"https:\/\/swimchannel.net\/br\/#\/schema\/person\/image\/","url":"https:\/\/swimchannel.net\/br\/wp-content\/uploads\/2021\/08\/17156161_231871270610456_8266780033880254550_n-100x100.jpg","contentUrl":"https:\/\/swimchannel.net\/br\/wp-content\/uploads\/2021\/08\/17156161_231871270610456_8266780033880254550_n-100x100.jpg","caption":"Catarina Ganzeli"},"description":"Nadadora de cora\u00e7\u00e3o, ultramaratonista aqu\u00e1tica, j\u00e1 integrou a sele\u00e7\u00e3o brasileira, comentarista ol\u00edmpica em 2016 pela Sportv, em campeonatos nacionais por emissoras regionais, arbitra em campeonatos nacionais por quatro anos, participa\u00e7\u00e3o na produ\u00e7\u00e3o de competi\u00e7\u00f5es e eventos.","sameAs":["instagram.com\/catgan_in_water"],"url":"https:\/\/swimchannel.net\/br\/author\/catarinaganzeli\/"}]}},"_links":{"self":[{"href":"https:\/\/swimchannel.net\/br\/wp-json\/wp\/v2\/posts\/52597","targetHints":{"allow":["GET"]}}],"collection":[{"href":"https:\/\/swimchannel.net\/br\/wp-json\/wp\/v2\/posts"}],"about":[{"href":"https:\/\/swimchannel.net\/br\/wp-json\/wp\/v2\/types\/post"}],"author":[{"embeddable":true,"href":"https:\/\/swimchannel.net\/br\/wp-json\/wp\/v2\/users\/11"}],"replies":[{"embeddable":true,"href":"https:\/\/swimchannel.net\/br\/wp-json\/wp\/v2\/comments?post=52597"}],"version-history":[{"count":1,"href":"https:\/\/swimchannel.net\/br\/wp-json\/wp\/v2\/posts\/52597\/revisions"}],"predecessor-version":[{"id":52604,"href":"https:\/\/swimchannel.net\/br\/wp-json\/wp\/v2\/posts\/52597\/revisions\/52604"}],"wp:featuredmedia":[{"embeddable":true,"href":"https:\/\/swimchannel.net\/br\/wp-json\/wp\/v2\/media\/52603"}],"wp:attachment":[{"href":"https:\/\/swimchannel.net\/br\/wp-json\/wp\/v2\/media?parent=52597"}],"wp:term":[{"taxonomy":"category","embeddable":true,"href":"https:\/\/swimchannel.net\/br\/wp-json\/wp\/v2\/categories?post=52597"},{"taxonomy":"post_tag","embeddable":true,"href":"https:\/\/swimchannel.net\/br\/wp-json\/wp\/v2\/tags?post=52597"}],"curies":[{"name":"wp","href":"https:\/\/api.w.org\/{rel}","templated":true}]}}