{"id":52647,"date":"2022-08-10T14:44:44","date_gmt":"2022-08-10T17:44:44","guid":{"rendered":"https:\/\/swimchannel.net\/br\/?p=52647"},"modified":"2022-09-08T17:09:39","modified_gmt":"2022-09-08T20:09:39","slug":"diogo-ribeiro-e-camila-rebelo-estreiam-se-amanha-nos-europeus-de-roma","status":"publish","type":"post","link":"https:\/\/swimchannel.net\/br\/diogo-ribeiro-e-camila-rebelo-estreiam-se-amanha-nos-europeus-de-roma\/","title":{"rendered":"Diogo Ribeiro e Camila Rebelo estreiam-se amanh\u00e3 nos Europeus de Roma"},"content":{"rendered":"<p>Faltam poucas horas para a principal competi\u00e7\u00e3o do ano para a Europa, e quis o universo que a estreia nacional seja feita pelo mais novo elemento da sele\u00e7\u00e3o, o ainda j\u00fanior Diogo Ribeiro, e logo na primeira das 43 provas que se nadam em Roma: os \u2018seus\u2019 50m mariposa.<\/p>\n<p>Ser\u00e1, pois, uma estreia em grande de Diogo na sua primeira grande competi\u00e7\u00e3o internacional absoluta, e que tem tudo para correr bem, a come\u00e7ar pelo local: foi exatamente neste imponente e quase centen\u00e1rio \u2018Stadio del Nuto\u2019 que conquistou a medalha de prata no Europeu J\u00fanior, a nove de julho de 2021 (nos 100m mariposa).<\/p>\n<p>Agora, o atleta ainda de 17 anos, e que escolheu ir do Uni\u00e3o de Coimbra para a capital viver e treinar no Centro de Alto Rendimento da FPN no Jamor (\u00e0s ordens de Alberto Silva, representando o SL Benfica) \u00e9 j\u00e1 um dos melhores juniores do mundo.<\/p>\n<p>Tamb\u00e9m o \u2018padrinho\u2019 da sua estreia n\u00e3o podia ser melhor; \u00e9 que amanh\u00e3, pouco depois das 8h de Portugal Continental (+1h em It\u00e1lia) nadar\u00e1 na pista tr\u00eas, na terceira de seis s\u00e9ries dos 50m mariposa, tendo ao lado (pista 4) o recordista mundial (!), o ucraniano Andriy Govorov, com 22.27, obtidos a um de julho de 2018 nesta mesma piscina, quando ainda tinha 16 anos, e na mesma pista quatro (tendo o atleta j\u00e1 postado um v\u00eddeo a ir &#8216;cumprimentar&#8217; a pista&#8230;).<\/p>\n<figure style=\"width: 776px\" class=\"wp-caption aligncenter\"><img loading=\"lazy\" decoding=\"async\" class=\"\" src=\"https:\/\/bestswimming.swimchannel.net\/wp-content\/uploads\/2022\/05\/2009_FINA_World_swimming_championships_pool-640x321.jpg\" alt=\"Obras no Foro It\u00e1lico de Roma v\u00e3o parar na justi\u00e7a - Best Swimming\" width=\"776\" height=\"389\" \/><figcaption class=\"wp-caption-text\">&#8216;Stadio del Nuoto&#8217; recebe mais uma grande competi\u00e7\u00e3o (Foto: Reprodu\u00e7\u00e3o)<\/figcaption><\/figure>\n<p>Feitas as corre\u00e7\u00f5es \u00e0s listas de entrada iniciais (e que anunci\u00e1mos segunda-feira <a href=\"https:\/\/swimchannel.net\/br\/veni-vidi-vici-portugal-acredita-num-bom-europeu-em-roma\/\">\u201cVeni, vidi, vici\u201d: Portugal acredita num bom Europeu em Roma \u2013 Swimchannel<\/a>) Diogo sobe at\u00e9 dois lugares para as definitivas listas de partida (\u2018start list\u2019), estando agora com o 9\u00ba melhor tempo n \u2018pole position\u2019.<\/p>\n<p>Como tal, realizando uma boa prova logo pela manh\u00e3, dever\u00e1 ter presen\u00e7a assegurada na meia-final da tarde (a partir das 17h), onde, a\u00ed sim, ter\u00e1 que dar realizar uma prova excelente para ambicionar estar entre os oito eleitos para a grande final da tarde de sexta-feira.<\/p>\n<p>Sobre as expectativas para Roma Diogo Ribeiro disse-me (ainda em Portugal) que pretende \u201cir l\u00e1 e fazer o melhor!\u201d; e que para ele \u201ccompetir neste Campeonato da Europa \u00e9 super gratificante\u201d, sentindo-se \u201clisonjeado por poder partilhar este palco com os melhores da Europa\u201d.<\/p>\n<p><strong>50m mariposa (8h00)<\/strong><\/p>\n<p><strong>Diogo Ribeiro, 9\u00ba melhor tempo de inscri\u00e7\u00e3o<\/strong><\/p>\n<p>RNJ 17 anos e absoluto: 23.28<\/p>\n<p>Do pr\u00f3prio em: 19 abril 2022 (Broenshoej, Din.)<\/p>\n<p><strong>Camila, tamb\u00e9m estreante e de Coimbra<\/strong><\/p>\n<p>A primeira mulher da sele\u00e7\u00e3o a nadar no Foro Italico ser\u00e1, curiosamente, a outra \u00fanica estreante em Europeus absolutos desta equipa nacional de dez atletas: Camila Rebelo, que vem de uma \u00e9poca fant\u00e1stica, e em que chamou a si os recordes absolutos de 100m e 200m costas, este de n\u00edvel especialmente forte na Europa.<\/p>\n<p>E \u00e9 esta prova do duplo hect\u00f3metro que nada no primeiro dia, possuindo tamb\u00e9m o nono melhor tempo na lista de partida; a atleta, ainda com 19 anos, atuar\u00e1 na primeira de tr\u00eas s\u00e9ries, pista tr\u00eas.<\/p>\n<p>\u00c0 atleta de V\u00edtor Ferreira e Gon\u00e7alo Neves na Associa\u00e7\u00e3o Louzan (Coimbra) \u2018bastar\u00e1\u2019 nadar muito pr\u00f3ximo do seu melhor, j\u00e1 que a meia-final (a partir das 17h25 de quinta-feira) ser\u00e1, sim, o grande desafio da jovem coimbr\u00e3.<\/p>\n<p>Sobre a estreia no Europeu disse a Swim Channel: \u201cesta \u00e9 a \u00faltima prova da \u00e9poca e a mais importante. Neste Europeu tenho como objetivo ir a uma meia-final, o que seria incr\u00edvel, visto que \u00e9 o meu primeiro europeu absoluto.\u201d<\/p>\n<p>E o que significa esta primeira participa\u00e7\u00e3o entre algumas das melhores do mundo? \u201cPara mim competir neste campeonato da Europa \u00e9 vivenciar um dos objetivos que tinha definido desde do in\u00edcio desta \u00e9poca.\u201d<\/p>\n<p><strong>200m costas (8h44)<\/strong><\/p>\n<p><strong>Camila Rebelo, 9\u00ba melhor tempo de inscri\u00e7\u00e3o<\/strong><\/p>\n<p>RNS e absoluto: 2:10.41<\/p>\n<p>Da pr\u00f3pria em: 2 de julho de 2022 (Oran, Arg.)<\/p>\n<p><strong>Dupla de fundistas lado-a-lado<\/strong><\/p>\n<p>Diana (pista sete) e Tamila (pista seis) nadar\u00e3o lado a lado na terceira e \u00faltima s\u00e9rie dos 800m livres, a fechar a primeira sess\u00e3o de eliminat\u00f3rias. Os tempos de inscri\u00e7\u00e3o de ambas n\u00e3o podiam ser mais d\u00edspares no que significam (ver em baixo): Diana \u00e9 a recordista nacional, que n\u00e3o esteve t\u00e3o bem em 2021, mas regressou em for\u00e7a nos \u00faltimos meses, obtendo o m\u00ednimo para este Europeu aos 1500m livres no Mundial de junho em Budapeste.<\/p>\n<p>E a melhor marca nacional da \u00e9poca tamb\u00e9m \u00e9 sua desde o passado dia 30, no Open de Portugal no Jamor, onde esteve irrepreens\u00edvel, deixando \u2018\u00e1gua na boca\u2019 para aquela que \u00e9 j\u00e1 a sua quarta presen\u00e7a em Europeus de piscina longa.<\/p>\n<figure style=\"width: 1398px\" class=\"wp-caption aligncenter\"><img loading=\"lazy\" decoding=\"async\" src=\"https:\/\/lusojornal.com\/wp-content\/uploads\/2021\/06\/Tamila-Holub-Natacao.jpg\" alt=\"Canet-en-Roussilon: Nadadora portuguesa consegue m\u00ednimos nos 800 metros livres para Jogos Ol\u00edmpicos - LusoJornal\" width=\"1398\" height=\"900\" \/><figcaption class=\"wp-caption-text\">Tamila compete nos seus terceiros Europeus (Foto: Reprodu\u00e7\u00e3o)<\/figcaption><\/figure>\n<p>J\u00e1 Tamila est\u00e1 inscrita com a s\u00e9tima melhor marca \u00e0 partida, fruto do seu recorde pessoal de 2021 em Fran\u00e7a, sendo que s\u00e3o aceites as marcas realizadas pelas atletas desde os Europeus de maio de 2021.<\/p>\n<p>Na s\u00e9rie da benfiquista, treinada por Ricardo Santos, e da bracarense, orientada por Lu\u00eds Cameira, estar\u00e1 nada menos que a grande favorita na final da prova, a italiana Simona Quadarella (8:17.32 de inscri\u00e7\u00e3o, pista 4), mas tamb\u00e9m a jovem sensa\u00e7\u00e3o turca (17 anos) Merve Tuncel (8:21.91, pista 5), o que tornar\u00e1 esta uma s\u00e9rie r\u00e1pida por certo.<\/p>\n<p>Sobre os objetivos para os seus terceiros Europeus absolutos a duas vezes ol\u00edmpica Tamila disse-me que vai \u201ctentar uma final em ambas as provas [800m e 1500m], e ver como as coisas correm\u2026\u201d<\/p>\n<p>E o que significa para ti competir neste Campeonato da Europa? \u201c\u00c9 motivador, \u00e9 compensador, pois foi um ano complicado, de descarga depois dos Jogos Ol\u00edmpicos, etc., e fico feliz por ter feito m\u00ednimo e estar nestes Europeus\u201d.<\/p>\n<p>A atleta de naturalidade ucraniana refere ainda um aspeto importante, que \u00e9 a presen\u00e7a do p\u00fablico: \u201dtamb\u00e9m estou feliz por estarmos volta aos \u2018nossos\u2019 Europeus ap\u00f3s a pandemia, que trouxe altera\u00e7\u00f5es; assim estes v\u00e3o ser uns Europeus mais normais, e j\u00e1 est\u00e1vamos com saudades de ter publico\u2026\u201d, o que n\u00e3o sucedia desde a edi\u00e7\u00e3o de Glasgow 2018.<\/p>\n<p><strong>800m livres <\/strong><strong>(9h37)<\/strong><\/p>\n<p><strong>Diana Dur\u00e3es, 11\u00ba melhor tempo de inscri\u00e7\u00e3o<\/strong><\/p>\n<p>RNS e absoluto: 8:29.33<\/p>\n<p>Da pr\u00f3pria em: 23\/06\/18 (Tarragona, Esp.)<\/p>\n<p>MME: 8:36.93 (30\/07\/22, Jamor)<\/p>\n<p><strong>Tamila Holub, 7\u00ba melhor tempo de inscri\u00e7\u00e3o<\/strong><\/p>\n<p>RP: 8:32.30 (01\/06\/21, Cannet-en-Roussillon, Fra.)<\/p>\n<p>MME: 8:38.51 (01\/04\/22, Coimbra)<\/p>\n<p><em>Legenda: RNA \u2013 recorde nacional absoluto; S \u2013 s\u00e9nior; J \u2013 j\u00fanior; RP \u2013 recorde pessoal; MME \u2013 melhor marca da \u00e9poca<\/em><\/p>\n","protected":false},"excerpt":{"rendered":"<p>Ambos querem chegar \u00e0s meias-finais logo no primeiro dia da competi\u00e7\u00e3o, em que tamb\u00e9m nadam as experientes Diana Dur\u00e3es e Tamila Holub<\/p>\n","protected":false},"author":174,"featured_media":52652,"comment_status":"open","ping_status":"open","sticky":false,"template":"","format":"standard","meta":{"footnotes":""},"categories":[352,4188],"tags":[4682,4831,628,4466,4948,629],"class_list":["post-52647","post","type-post","status-publish","format-standard","has-post-thumbnail","hentry","category-campeonato-europeu","category-natacao-portuguesa","tag-camila-rebelo","tag-campeonato-europeu-roma-2022","tag-diana-duraes","tag-diogo-ribeiro","tag-stadio-del-nuoto-roma","tag-tamila-holub"],"yoast_head":"<!-- This site is optimized with the Yoast SEO plugin v27.0 - https:\/\/yoast.com\/product\/yoast-seo-wordpress\/ -->\n<title>Diogo Ribeiro e Camila Rebelo estreiam-se amanh\u00e3 nos Europeus de Roma - Swimchannel<\/title>\n<meta name=\"robots\" content=\"index, follow, max-snippet:-1, max-image-preview:large, max-video-preview:-1\" \/>\n<link rel=\"canonical\" href=\"https:\/\/swimchannel.net\/br\/diogo-ribeiro-e-camila-rebelo-estreiam-se-amanha-nos-europeus-de-roma\/\" \/>\n<meta property=\"og:locale\" content=\"pt_BR\" \/>\n<meta property=\"og:type\" content=\"article\" \/>\n<meta property=\"og:title\" content=\"Diogo Ribeiro e Camila Rebelo estreiam-se amanh\u00e3 nos Europeus de Roma - Swimchannel\" \/>\n<meta property=\"og:description\" content=\"Ambos querem chegar \u00e0s meias-finais logo no primeiro dia da competi\u00e7\u00e3o, em que tamb\u00e9m nadam as experientes Diana Dur\u00e3es e Tamila Holub\" \/>\n<meta property=\"og:url\" content=\"https:\/\/swimchannel.net\/br\/diogo-ribeiro-e-camila-rebelo-estreiam-se-amanha-nos-europeus-de-roma\/\" \/>\n<meta property=\"og:site_name\" content=\"Swimchannel\" \/>\n<meta property=\"article:publisher\" content=\"https:\/\/www.facebook.com\/swimchannel\" \/>\n<meta property=\"article:published_time\" content=\"2022-08-10T17:44:44+00:00\" \/>\n<meta property=\"article:modified_time\" content=\"2022-09-08T20:09:39+00:00\" \/>\n<meta property=\"og:image\" content=\"https:\/\/swimchannel.net\/br\/wp-content\/uploads\/2022\/08\/PORTUGAL-Diogo-Ribeiro-e-Camila-Rebelo-encerram-nacional-em-Coimbra-com-recordes-absolutos-930x450-1.jpg\" \/>\n\t<meta property=\"og:image:width\" content=\"930\" \/>\n\t<meta property=\"og:image:height\" content=\"450\" \/>\n\t<meta property=\"og:image:type\" content=\"image\/jpeg\" \/>\n<meta name=\"author\" content=\"Nuno Albuquerque\" \/>\n<meta name=\"twitter:card\" content=\"summary_large_image\" \/>\n<meta name=\"twitter:label1\" content=\"Escrito por\" \/>\n\t<meta name=\"twitter:data1\" content=\"Nuno Albuquerque\" \/>\n\t<meta name=\"twitter:label2\" content=\"Est. tempo de leitura\" \/>\n\t<meta name=\"twitter:data2\" content=\"5 minutos\" \/>\n<script type=\"application\/ld+json\" class=\"yoast-schema-graph\">{\"@context\":\"https:\/\/schema.org\",\"@graph\":[{\"@type\":\"Article\",\"@id\":\"https:\/\/swimchannel.net\/br\/diogo-ribeiro-e-camila-rebelo-estreiam-se-amanha-nos-europeus-de-roma\/#article\",\"isPartOf\":{\"@id\":\"https:\/\/swimchannel.net\/br\/diogo-ribeiro-e-camila-rebelo-estreiam-se-amanha-nos-europeus-de-roma\/\"},\"author\":{\"name\":\"Nuno Albuquerque\",\"@id\":\"https:\/\/swimchannel.net\/br\/#\/schema\/person\/96742bc4be7f63afabd531ac47a43eba\"},\"headline\":\"Diogo Ribeiro e Camila Rebelo estreiam-se amanh\u00e3 nos Europeus de Roma\",\"datePublished\":\"2022-08-10T17:44:44+00:00\",\"dateModified\":\"2022-09-08T20:09:39+00:00\",\"mainEntityOfPage\":{\"@id\":\"https:\/\/swimchannel.net\/br\/diogo-ribeiro-e-camila-rebelo-estreiam-se-amanha-nos-europeus-de-roma\/\"},\"wordCount\":1092,\"commentCount\":0,\"publisher\":{\"@id\":\"https:\/\/swimchannel.net\/br\/#organization\"},\"image\":{\"@id\":\"https:\/\/swimchannel.net\/br\/diogo-ribeiro-e-camila-rebelo-estreiam-se-amanha-nos-europeus-de-roma\/#primaryimage\"},\"thumbnailUrl\":\"https:\/\/swimchannel.net\/br\/wp-content\/uploads\/2022\/08\/PORTUGAL-Diogo-Ribeiro-e-Camila-Rebelo-encerram-nacional-em-Coimbra-com-recordes-absolutos-930x450-1.jpg\",\"keywords\":[\"Camila Rebelo\",\"Campeonato Europeu Roma 2022\",\"Diana Dur\u00e3es\",\"Diogo Ribeiro\",\"Stadio del Nuoto Roma\",\"Tamila Holub\"],\"articleSection\":[\"Campeonato Europeu\",\"Nata\u00e7\u00e3o Portuguesa\"],\"inLanguage\":\"pt-BR\",\"potentialAction\":[{\"@type\":\"CommentAction\",\"name\":\"Comment\",\"target\":[\"https:\/\/swimchannel.net\/br\/diogo-ribeiro-e-camila-rebelo-estreiam-se-amanha-nos-europeus-de-roma\/#respond\"]}]},{\"@type\":\"WebPage\",\"@id\":\"https:\/\/swimchannel.net\/br\/diogo-ribeiro-e-camila-rebelo-estreiam-se-amanha-nos-europeus-de-roma\/\",\"url\":\"https:\/\/swimchannel.net\/br\/diogo-ribeiro-e-camila-rebelo-estreiam-se-amanha-nos-europeus-de-roma\/\",\"name\":\"Diogo Ribeiro e Camila Rebelo estreiam-se amanh\u00e3 nos Europeus de Roma - Swimchannel\",\"isPartOf\":{\"@id\":\"https:\/\/swimchannel.net\/br\/#website\"},\"primaryImageOfPage\":{\"@id\":\"https:\/\/swimchannel.net\/br\/diogo-ribeiro-e-camila-rebelo-estreiam-se-amanha-nos-europeus-de-roma\/#primaryimage\"},\"image\":{\"@id\":\"https:\/\/swimchannel.net\/br\/diogo-ribeiro-e-camila-rebelo-estreiam-se-amanha-nos-europeus-de-roma\/#primaryimage\"},\"thumbnailUrl\":\"https:\/\/swimchannel.net\/br\/wp-content\/uploads\/2022\/08\/PORTUGAL-Diogo-Ribeiro-e-Camila-Rebelo-encerram-nacional-em-Coimbra-com-recordes-absolutos-930x450-1.jpg\",\"datePublished\":\"2022-08-10T17:44:44+00:00\",\"dateModified\":\"2022-09-08T20:09:39+00:00\",\"breadcrumb\":{\"@id\":\"https:\/\/swimchannel.net\/br\/diogo-ribeiro-e-camila-rebelo-estreiam-se-amanha-nos-europeus-de-roma\/#breadcrumb\"},\"inLanguage\":\"pt-BR\",\"potentialAction\":[{\"@type\":\"ReadAction\",\"target\":[\"https:\/\/swimchannel.net\/br\/diogo-ribeiro-e-camila-rebelo-estreiam-se-amanha-nos-europeus-de-roma\/\"]}]},{\"@type\":\"ImageObject\",\"inLanguage\":\"pt-BR\",\"@id\":\"https:\/\/swimchannel.net\/br\/diogo-ribeiro-e-camila-rebelo-estreiam-se-amanha-nos-europeus-de-roma\/#primaryimage\",\"url\":\"https:\/\/swimchannel.net\/br\/wp-content\/uploads\/2022\/08\/PORTUGAL-Diogo-Ribeiro-e-Camila-Rebelo-encerram-nacional-em-Coimbra-com-recordes-absolutos-930x450-1.jpg\",\"contentUrl\":\"https:\/\/swimchannel.net\/br\/wp-content\/uploads\/2022\/08\/PORTUGAL-Diogo-Ribeiro-e-Camila-Rebelo-encerram-nacional-em-Coimbra-com-recordes-absolutos-930x450-1.jpg\",\"width\":930,\"height\":450,\"caption\":\"Camila e Diogo estreiam-se em grande competi\u00e7\u00f5es (Foto: FPN\/LFN)\"},{\"@type\":\"BreadcrumbList\",\"@id\":\"https:\/\/swimchannel.net\/br\/diogo-ribeiro-e-camila-rebelo-estreiam-se-amanha-nos-europeus-de-roma\/#breadcrumb\",\"itemListElement\":[{\"@type\":\"ListItem\",\"position\":1,\"name\":\"Home\",\"item\":\"https:\/\/swimchannel.net\/br\/\"},{\"@type\":\"ListItem\",\"position\":2,\"name\":\"Diogo Ribeiro e Camila Rebelo estreiam-se amanh\u00e3 nos Europeus de Roma\"}]},{\"@type\":\"WebSite\",\"@id\":\"https:\/\/swimchannel.net\/br\/#website\",\"url\":\"https:\/\/swimchannel.net\/br\/\",\"name\":\"Swimchannel\",\"description\":\"Maior portal de nata\u00e7\u00e3o da america latina\",\"publisher\":{\"@id\":\"https:\/\/swimchannel.net\/br\/#organization\"},\"potentialAction\":[{\"@type\":\"SearchAction\",\"target\":{\"@type\":\"EntryPoint\",\"urlTemplate\":\"https:\/\/swimchannel.net\/br\/?s={search_term_string}\"},\"query-input\":{\"@type\":\"PropertyValueSpecification\",\"valueRequired\":true,\"valueName\":\"search_term_string\"}}],\"inLanguage\":\"pt-BR\"},{\"@type\":\"Organization\",\"@id\":\"https:\/\/swimchannel.net\/br\/#organization\",\"name\":\"Swimchannel - Conectando voc\u00ea a Nata\u00e7\u00e3o\",\"url\":\"https:\/\/swimchannel.net\/br\/\",\"logo\":{\"@type\":\"ImageObject\",\"inLanguage\":\"pt-BR\",\"@id\":\"https:\/\/swimchannel.net\/br\/#\/schema\/logo\/image\/\",\"url\":\"https:\/\/swimchannel.net\/br\/wp-content\/uploads\/2026\/02\/SWIM-CHANNEL.png\",\"contentUrl\":\"https:\/\/swimchannel.net\/br\/wp-content\/uploads\/2026\/02\/SWIM-CHANNEL.png\",\"width\":1120,\"height\":630,\"caption\":\"Swimchannel - Conectando voc\u00ea a Nata\u00e7\u00e3o\"},\"image\":{\"@id\":\"https:\/\/swimchannel.net\/br\/#\/schema\/logo\/image\/\"},\"sameAs\":[\"https:\/\/www.facebook.com\/swimchannel\",\"https:\/\/www.instagram.com\/swimchannel\"]},{\"@type\":\"Person\",\"@id\":\"https:\/\/swimchannel.net\/br\/#\/schema\/person\/96742bc4be7f63afabd531ac47a43eba\",\"name\":\"Nuno Albuquerque\",\"image\":{\"@type\":\"ImageObject\",\"inLanguage\":\"pt-BR\",\"@id\":\"https:\/\/swimchannel.net\/br\/#\/schema\/person\/image\/\",\"url\":\"https:\/\/swimchannel.net\/br\/wp-content\/uploads\/2021\/10\/175265239_284626789786752_3471159347588969871_n-100x100.jpg\",\"contentUrl\":\"https:\/\/swimchannel.net\/br\/wp-content\/uploads\/2021\/10\/175265239_284626789786752_3471159347588969871_n-100x100.jpg\",\"caption\":\"Nuno Albuquerque\"},\"description\":\"Jornalista e t\u00e9cnico de nata\u00e7\u00e3o, trabalha na modalidade h\u00e1 muitos anos. Desde o Campeonato Mundial da FINA de 1986 na cidade de Madri, Nuno j\u00e1 era rep\u00f3rter para um dos principais jornais de Portugal.\",\"url\":\"https:\/\/swimchannel.net\/br\/author\/nunoalbuquerque\/\"}]}<\/script>\n<!-- \/ Yoast SEO plugin. -->","yoast_head_json":{"title":"Diogo Ribeiro e Camila Rebelo estreiam-se amanh\u00e3 nos Europeus de Roma - Swimchannel","robots":{"index":"index","follow":"follow","max-snippet":"max-snippet:-1","max-image-preview":"max-image-preview:large","max-video-preview":"max-video-preview:-1"},"canonical":"https:\/\/swimchannel.net\/br\/diogo-ribeiro-e-camila-rebelo-estreiam-se-amanha-nos-europeus-de-roma\/","og_locale":"pt_BR","og_type":"article","og_title":"Diogo Ribeiro e Camila Rebelo estreiam-se amanh\u00e3 nos Europeus de Roma - Swimchannel","og_description":"Ambos querem chegar \u00e0s meias-finais logo no primeiro dia da competi\u00e7\u00e3o, em que tamb\u00e9m nadam as experientes Diana Dur\u00e3es e Tamila Holub","og_url":"https:\/\/swimchannel.net\/br\/diogo-ribeiro-e-camila-rebelo-estreiam-se-amanha-nos-europeus-de-roma\/","og_site_name":"Swimchannel","article_publisher":"https:\/\/www.facebook.com\/swimchannel","article_published_time":"2022-08-10T17:44:44+00:00","article_modified_time":"2022-09-08T20:09:39+00:00","og_image":[{"width":930,"height":450,"url":"https:\/\/swimchannel.net\/br\/wp-content\/uploads\/2022\/08\/PORTUGAL-Diogo-Ribeiro-e-Camila-Rebelo-encerram-nacional-em-Coimbra-com-recordes-absolutos-930x450-1.jpg","type":"image\/jpeg"}],"author":"Nuno Albuquerque","twitter_card":"summary_large_image","twitter_misc":{"Escrito por":"Nuno Albuquerque","Est. tempo de leitura":"5 minutos"},"schema":{"@context":"https:\/\/schema.org","@graph":[{"@type":"Article","@id":"https:\/\/swimchannel.net\/br\/diogo-ribeiro-e-camila-rebelo-estreiam-se-amanha-nos-europeus-de-roma\/#article","isPartOf":{"@id":"https:\/\/swimchannel.net\/br\/diogo-ribeiro-e-camila-rebelo-estreiam-se-amanha-nos-europeus-de-roma\/"},"author":{"name":"Nuno Albuquerque","@id":"https:\/\/swimchannel.net\/br\/#\/schema\/person\/96742bc4be7f63afabd531ac47a43eba"},"headline":"Diogo Ribeiro e Camila Rebelo estreiam-se amanh\u00e3 nos Europeus de Roma","datePublished":"2022-08-10T17:44:44+00:00","dateModified":"2022-09-08T20:09:39+00:00","mainEntityOfPage":{"@id":"https:\/\/swimchannel.net\/br\/diogo-ribeiro-e-camila-rebelo-estreiam-se-amanha-nos-europeus-de-roma\/"},"wordCount":1092,"commentCount":0,"publisher":{"@id":"https:\/\/swimchannel.net\/br\/#organization"},"image":{"@id":"https:\/\/swimchannel.net\/br\/diogo-ribeiro-e-camila-rebelo-estreiam-se-amanha-nos-europeus-de-roma\/#primaryimage"},"thumbnailUrl":"https:\/\/swimchannel.net\/br\/wp-content\/uploads\/2022\/08\/PORTUGAL-Diogo-Ribeiro-e-Camila-Rebelo-encerram-nacional-em-Coimbra-com-recordes-absolutos-930x450-1.jpg","keywords":["Camila Rebelo","Campeonato Europeu Roma 2022","Diana Dur\u00e3es","Diogo Ribeiro","Stadio del Nuoto Roma","Tamila Holub"],"articleSection":["Campeonato Europeu","Nata\u00e7\u00e3o Portuguesa"],"inLanguage":"pt-BR","potentialAction":[{"@type":"CommentAction","name":"Comment","target":["https:\/\/swimchannel.net\/br\/diogo-ribeiro-e-camila-rebelo-estreiam-se-amanha-nos-europeus-de-roma\/#respond"]}]},{"@type":"WebPage","@id":"https:\/\/swimchannel.net\/br\/diogo-ribeiro-e-camila-rebelo-estreiam-se-amanha-nos-europeus-de-roma\/","url":"https:\/\/swimchannel.net\/br\/diogo-ribeiro-e-camila-rebelo-estreiam-se-amanha-nos-europeus-de-roma\/","name":"Diogo Ribeiro e Camila Rebelo estreiam-se amanh\u00e3 nos Europeus de Roma - Swimchannel","isPartOf":{"@id":"https:\/\/swimchannel.net\/br\/#website"},"primaryImageOfPage":{"@id":"https:\/\/swimchannel.net\/br\/diogo-ribeiro-e-camila-rebelo-estreiam-se-amanha-nos-europeus-de-roma\/#primaryimage"},"image":{"@id":"https:\/\/swimchannel.net\/br\/diogo-ribeiro-e-camila-rebelo-estreiam-se-amanha-nos-europeus-de-roma\/#primaryimage"},"thumbnailUrl":"https:\/\/swimchannel.net\/br\/wp-content\/uploads\/2022\/08\/PORTUGAL-Diogo-Ribeiro-e-Camila-Rebelo-encerram-nacional-em-Coimbra-com-recordes-absolutos-930x450-1.jpg","datePublished":"2022-08-10T17:44:44+00:00","dateModified":"2022-09-08T20:09:39+00:00","breadcrumb":{"@id":"https:\/\/swimchannel.net\/br\/diogo-ribeiro-e-camila-rebelo-estreiam-se-amanha-nos-europeus-de-roma\/#breadcrumb"},"inLanguage":"pt-BR","potentialAction":[{"@type":"ReadAction","target":["https:\/\/swimchannel.net\/br\/diogo-ribeiro-e-camila-rebelo-estreiam-se-amanha-nos-europeus-de-roma\/"]}]},{"@type":"ImageObject","inLanguage":"pt-BR","@id":"https:\/\/swimchannel.net\/br\/diogo-ribeiro-e-camila-rebelo-estreiam-se-amanha-nos-europeus-de-roma\/#primaryimage","url":"https:\/\/swimchannel.net\/br\/wp-content\/uploads\/2022\/08\/PORTUGAL-Diogo-Ribeiro-e-Camila-Rebelo-encerram-nacional-em-Coimbra-com-recordes-absolutos-930x450-1.jpg","contentUrl":"https:\/\/swimchannel.net\/br\/wp-content\/uploads\/2022\/08\/PORTUGAL-Diogo-Ribeiro-e-Camila-Rebelo-encerram-nacional-em-Coimbra-com-recordes-absolutos-930x450-1.jpg","width":930,"height":450,"caption":"Camila e Diogo estreiam-se em grande competi\u00e7\u00f5es (Foto: FPN\/LFN)"},{"@type":"BreadcrumbList","@id":"https:\/\/swimchannel.net\/br\/diogo-ribeiro-e-camila-rebelo-estreiam-se-amanha-nos-europeus-de-roma\/#breadcrumb","itemListElement":[{"@type":"ListItem","position":1,"name":"Home","item":"https:\/\/swimchannel.net\/br\/"},{"@type":"ListItem","position":2,"name":"Diogo Ribeiro e Camila Rebelo estreiam-se amanh\u00e3 nos Europeus de Roma"}]},{"@type":"WebSite","@id":"https:\/\/swimchannel.net\/br\/#website","url":"https:\/\/swimchannel.net\/br\/","name":"Swimchannel","description":"Maior portal de nata\u00e7\u00e3o da america latina","publisher":{"@id":"https:\/\/swimchannel.net\/br\/#organization"},"potentialAction":[{"@type":"SearchAction","target":{"@type":"EntryPoint","urlTemplate":"https:\/\/swimchannel.net\/br\/?s={search_term_string}"},"query-input":{"@type":"PropertyValueSpecification","valueRequired":true,"valueName":"search_term_string"}}],"inLanguage":"pt-BR"},{"@type":"Organization","@id":"https:\/\/swimchannel.net\/br\/#organization","name":"Swimchannel - Conectando voc\u00ea a Nata\u00e7\u00e3o","url":"https:\/\/swimchannel.net\/br\/","logo":{"@type":"ImageObject","inLanguage":"pt-BR","@id":"https:\/\/swimchannel.net\/br\/#\/schema\/logo\/image\/","url":"https:\/\/swimchannel.net\/br\/wp-content\/uploads\/2026\/02\/SWIM-CHANNEL.png","contentUrl":"https:\/\/swimchannel.net\/br\/wp-content\/uploads\/2026\/02\/SWIM-CHANNEL.png","width":1120,"height":630,"caption":"Swimchannel - Conectando voc\u00ea a Nata\u00e7\u00e3o"},"image":{"@id":"https:\/\/swimchannel.net\/br\/#\/schema\/logo\/image\/"},"sameAs":["https:\/\/www.facebook.com\/swimchannel","https:\/\/www.instagram.com\/swimchannel"]},{"@type":"Person","@id":"https:\/\/swimchannel.net\/br\/#\/schema\/person\/96742bc4be7f63afabd531ac47a43eba","name":"Nuno Albuquerque","image":{"@type":"ImageObject","inLanguage":"pt-BR","@id":"https:\/\/swimchannel.net\/br\/#\/schema\/person\/image\/","url":"https:\/\/swimchannel.net\/br\/wp-content\/uploads\/2021\/10\/175265239_284626789786752_3471159347588969871_n-100x100.jpg","contentUrl":"https:\/\/swimchannel.net\/br\/wp-content\/uploads\/2021\/10\/175265239_284626789786752_3471159347588969871_n-100x100.jpg","caption":"Nuno Albuquerque"},"description":"Jornalista e t\u00e9cnico de nata\u00e7\u00e3o, trabalha na modalidade h\u00e1 muitos anos. Desde o Campeonato Mundial da FINA de 1986 na cidade de Madri, Nuno j\u00e1 era rep\u00f3rter para um dos principais jornais de Portugal.","url":"https:\/\/swimchannel.net\/br\/author\/nunoalbuquerque\/"}]}},"_links":{"self":[{"href":"https:\/\/swimchannel.net\/br\/wp-json\/wp\/v2\/posts\/52647","targetHints":{"allow":["GET"]}}],"collection":[{"href":"https:\/\/swimchannel.net\/br\/wp-json\/wp\/v2\/posts"}],"about":[{"href":"https:\/\/swimchannel.net\/br\/wp-json\/wp\/v2\/types\/post"}],"author":[{"embeddable":true,"href":"https:\/\/swimchannel.net\/br\/wp-json\/wp\/v2\/users\/174"}],"replies":[{"embeddable":true,"href":"https:\/\/swimchannel.net\/br\/wp-json\/wp\/v2\/comments?post=52647"}],"version-history":[{"count":7,"href":"https:\/\/swimchannel.net\/br\/wp-json\/wp\/v2\/posts\/52647\/revisions"}],"predecessor-version":[{"id":52739,"href":"https:\/\/swimchannel.net\/br\/wp-json\/wp\/v2\/posts\/52647\/revisions\/52739"}],"wp:featuredmedia":[{"embeddable":true,"href":"https:\/\/swimchannel.net\/br\/wp-json\/wp\/v2\/media\/52652"}],"wp:attachment":[{"href":"https:\/\/swimchannel.net\/br\/wp-json\/wp\/v2\/media?parent=52647"}],"wp:term":[{"taxonomy":"category","embeddable":true,"href":"https:\/\/swimchannel.net\/br\/wp-json\/wp\/v2\/categories?post=52647"},{"taxonomy":"post_tag","embeddable":true,"href":"https:\/\/swimchannel.net\/br\/wp-json\/wp\/v2\/tags?post=52647"}],"curies":[{"name":"wp","href":"https:\/\/api.w.org\/{rel}","templated":true}]}}