{"id":5308,"date":"2017-12-07T19:12:29","date_gmt":"2017-12-07T19:12:29","guid":{"rendered":"https:\/\/digitalprojects.websiteseguro.com\/projetos\/swimchannel\/?p=5308"},"modified":"2017-12-10T12:29:18","modified_gmt":"2017-12-10T12:29:18","slug":"rei-e-rainha-do-mar-2017-uma-analise-das-equipes","status":"publish","type":"post","link":"https:\/\/swimchannel.net\/br\/rei-e-rainha-do-mar-2017-uma-analise-das-equipes\/","title":{"rendered":"Rei e Rainha do Mar 2017: uma an\u00e1lise das equipes"},"content":{"rendered":"<p>Poliana Okimoto se despede da nata\u00e7\u00e3o no pr\u00f3ximo domingo &#8211; Foto: Satiro Sodr\u00e9\/SSPress<\/p>\n<p style=\"text-align: justify;\">Domingo teremos na ol\u00edmpica Praia de Copacabana a disputa da nona edi\u00e7\u00e3o do Desafio Elite do Rei e Rainha do Mar. Em a\u00e7\u00e3o grandes nomes internacionais da nata\u00e7\u00e3o em \u00e1guas abertas que disputam al\u00e9m da coroa de realeza dos mares premia\u00e7\u00f5es em dinheiro. Um evento din\u00e2mico com\u00a0v\u00e1rios tiros curtos de 400 metros (350m de nata\u00e7\u00e3o e mais 50m de corrida) e que premiar\u00e1 n\u00e3o apenas a melhor equipe, mas tamb\u00e9m aquele que for a mais estrat\u00e9gica e souber se adaptar ao formato de disputa. Hoje vamos analisar a apresentar os membros de cada time.<\/p>\n<p style=\"text-align: justify;\">No papel o Brasil\u00a0Amarelo \u00e9 o mais forte. A equipe conta com a \u00fanica medalhista ol\u00edmpica do desafio: <strong>Poliana Okimoto<\/strong>, bronze nos Jogos do Rio-2016 que vai anunciar sua aposentadoria da nata\u00e7\u00e3o competitiva logo ap\u00f3s o t\u00e9rmino do evento.\u00a0O time tem ainda\u00a0a melhor nadadora do mundo em 2017, <strong>Ana Marcela Cunha<\/strong> que em Budapeste tornou-se tricampe\u00e3 mundial nos 25 km e ainda levou outros dois bronze nos 5 km e 10 km. Os homens tamb\u00e9m n\u00e3o ficam atr\u00e1s. <strong>Allan do Carmo<\/strong> foi vice-campe\u00e3o mundial da Copa do Mundo nesta temporada e <strong>Fernando Ponte<\/strong> igualou o melhor resultado masculino da nata\u00e7\u00e3o em \u00e1guas abertas\u00a0no Mundial ao ser 5\u00ba colocado nos 5 km e foi o campe\u00e3o do circuito nacional. Um time de respeito.<\/p>\n<figure id=\"attachment_1036\" aria-describedby=\"caption-attachment-1036\" style=\"width: 768px\" class=\"wp-caption aligncenter\"><a href=\"https:\/\/digitalprojects.websiteseguro.com\/projetos\/swimchannel\/wp-content\/uploads\/2016\/05\/13138844_1038274866222456_3429008395985754614_n.jpg\"><img loading=\"lazy\" decoding=\"async\" class=\"wp-image-1036 size-full\" src=\"https:\/\/digitalprojects.websiteseguro.com\/projetos\/swimchannel\/wp-content\/uploads\/2016\/05\/13138844_1038274866222456_3429008395985754614_n.jpg\" alt=\"Leonardo de Deus faz a festa em Ubatuba - Foto: Arquivo pessoal do atleta \" width=\"768\" height=\"960\" srcset=\"https:\/\/swimchannel.net\/br\/wp-content\/uploads\/2016\/05\/13138844_1038274866222456_3429008395985754614_n.jpg 768w, https:\/\/swimchannel.net\/br\/wp-content\/uploads\/2016\/05\/13138844_1038274866222456_3429008395985754614_n-600x750.jpg 600w, https:\/\/swimchannel.net\/br\/wp-content\/uploads\/2016\/05\/13138844_1038274866222456_3429008395985754614_n-240x300.jpg 240w\" sizes=\"auto, (max-width: 768px) 100vw, 768px\" \/><\/a><figcaption id=\"caption-attachment-1036\" class=\"wp-caption-text\">Leonardo de Deus\u00a0venceu a prova em Ubatuba 2016 &#8211; Foto: Arquivo pessoal do atleta<\/figcaption><\/figure>\n<p style=\"text-align: justify;\">Por\u00e9m, o formato da disputa pode favorecer o outro time do Brasil, que nadar\u00e1 com a touca verde. A equipe entra forte no p\u00e1reo principalmente por ter dois nadadores\u00a0de piscina que podem\u00a0se beneficiar\u00a0do formato do evento que ter\u00e1 tiros curtos de 400 metros (350m na \u00e1gua e 50m de corrida na areia). <strong>Leonardo de Deus<\/strong> j\u00e1 venceu uma etapa do Rei e Rainha do Mar em 2016 e nada muito bem os 400m livre. Ao lado dele teremos o Cachorr\u00e3o <strong>Guilherme Costa<\/strong>, que vive grande fase e ontem tornou-se o primeiro sul-americano a nadar os 1500m livre abaixo dos 15 minutos. Entre as mulheres, <strong>Viviane Jungblut<\/strong> tamb\u00e9m \u00e9 muito competitiva na piscina sendo recordista brasileira nos 1500m livre em piscina curta e <strong>Betina Lorscheitter<\/strong> tem a seu favor a experi\u00eancia de nadar v\u00e1rios\u00a0edi\u00e7\u00f5es do Rei e Rainha do Mar.<\/p>\n<p style=\"text-align: justify;\">Das equipes estrangeiras o time das Am\u00e9ricas surge como o principal\u00a0amea\u00e7a\u00a0aos brasileiros. <strong>Samantha Arevalo<\/strong> \u00e9 o grande destaque, principalmente por tamb\u00e9m ter \u00f3timos resultados na piscina e um forte sprint final, como demonstrado no Mundial de Budapeste quando foi vice-campe\u00e3 nos 10 km. <strong>Guillermo Bertola<\/strong>, campe\u00e3o do Grand Prix da Fina este ano, nadou a edi\u00e7\u00e3o passada\u00a0e j\u00e1 conhece o esquema do evento, assim como o canadense\u00a0<strong>Xavier Desharnais<\/strong> que nadou a edi\u00e7\u00e3o de 2013. A americana <strong>Rebecca Mann\u00a0<\/strong>nada pela primeira vez, mas \u00e9 sempre uma atleta muito competitiva e que se adapta ao formato de disputa.<\/p>\n<figure id=\"attachment_5309\" aria-describedby=\"caption-attachment-5309\" style=\"width: 800px\" class=\"wp-caption aligncenter\"><a href=\"https:\/\/digitalprojects.websiteseguro.com\/projetos\/swimchannel\/wp-content\/uploads\/2017\/12\/30454934453_5b5350462b_k.jpg\"><img loading=\"lazy\" decoding=\"async\" class=\"wp-image-5309\" src=\"https:\/\/digitalprojects.websiteseguro.com\/projetos\/swimchannel\/wp-content\/uploads\/2017\/12\/30454934453_5b5350462b_k.jpg\" alt=\"A equatoriana Samantha Arevalo - Foto: Reprodu\u00e7\u00e3o\" width=\"800\" height=\"533\" srcset=\"https:\/\/swimchannel.net\/br\/wp-content\/uploads\/2017\/12\/30454934453_5b5350462b_k.jpg 2048w, https:\/\/swimchannel.net\/br\/wp-content\/uploads\/2017\/12\/30454934453_5b5350462b_k-600x400.jpg 600w, https:\/\/swimchannel.net\/br\/wp-content\/uploads\/2017\/12\/30454934453_5b5350462b_k-768x512.jpg 768w, https:\/\/swimchannel.net\/br\/wp-content\/uploads\/2017\/12\/30454934453_5b5350462b_k-300x200.jpg 300w, https:\/\/swimchannel.net\/br\/wp-content\/uploads\/2017\/12\/30454934453_5b5350462b_k-1024x683.jpg 1024w\" sizes=\"auto, (max-width: 800px) 100vw, 800px\" \/><\/a><figcaption id=\"caption-attachment-5309\" class=\"wp-caption-text\">A equatoriana Samantha Arevalo &#8211; Foto: Reprodu\u00e7\u00e3o<\/figcaption><\/figure>\n<p style=\"text-align: justify;\">O time da Europa traz nomes interessantes que podem surpreender os nadadores com mais curr\u00edculo. A come\u00e7ar pelo atual Rei do Mar, o italiano <strong>Dario Verani<\/strong>. Ano passado ele se deu muito bem com o formato de tiros curtos sendo essencial para a conquista do t\u00edtulo ao lado da medalhista ol\u00edmpica Rachele Bruni. Nadadora oriunda da piscina, a holandesa\u00a0<strong>Esmee Vermeulen<\/strong> disputa pelo segundo ano o evento e assim como Dario j\u00e1 conhece a din\u00e2mica da competi\u00e7\u00e3o.\u00a0Destaque tamb\u00e9m para a h\u00fangara <strong>Anna Olasz<\/strong> que este ano foi campe\u00e3 da Univers\u00edade de Taipei e atualmente treina com Bob Bowman, lend\u00e1rio t\u00e9cnico de Michael Phelps. O veterano alem\u00e3o\u00a0<strong>Alex Studzinski<\/strong>, de 34 anos e antigo campe\u00e3o da Travessia Capri-N\u00e1poli, traz experi\u00eancia ao time do velho continente.<\/p>\n<p style=\"text-align: justify;\">Por fim o time da \u00c1frica tem quatro nadadores do mesmo pa\u00eds. Todos s\u00e3o sul-africanos e o nome mais conhecido da equipe \u00e9 o do campe\u00e3o mundial de 5 km em Roma-2009\u00a0<strong>Chad Ho<\/strong>, que tamb\u00e9m j\u00e1 nadou o Rei e Rainha do Mar em edi\u00e7\u00f5es passadas. Top 10 no Mundial de Budapeste-2017 nos 5 km e atleta ol\u00edmpica\u00a0<strong>Michelle Weber<\/strong> \u00e9 o\u00a0principal\u00a0nome do feminino. Completam o time africano dois jovens nadadores:\u00a0<strong>Sasha-Lee Nordengen-Corris<\/strong>, grande\u00a0revela\u00e7\u00e3o das \u00e1guas abertas\u00a0no pa\u00eds e\u00a0<strong>Danie Marais<\/strong> que tamb\u00e9m nadou o Mundial de Budapeste.<\/p>\n<figure id=\"attachment_5311\" aria-describedby=\"caption-attachment-5311\" style=\"width: 800px\" class=\"wp-caption aligncenter\"><a href=\"https:\/\/digitalprojects.websiteseguro.com\/projetos\/swimchannel\/wp-content\/uploads\/2017\/12\/S005913.jpg\"><img loading=\"lazy\" decoding=\"async\" class=\"wp-image-5311\" src=\"https:\/\/digitalprojects.websiteseguro.com\/projetos\/swimchannel\/wp-content\/uploads\/2017\/12\/S005913.jpg\" alt=\"O italiano Dario Verani - Foto: Satiro Sodr\u00e9\/SSPress\" width=\"800\" height=\"533\" srcset=\"https:\/\/swimchannel.net\/br\/wp-content\/uploads\/2017\/12\/S005913.jpg 2362w, https:\/\/swimchannel.net\/br\/wp-content\/uploads\/2017\/12\/S005913-600x400.jpg 600w, https:\/\/swimchannel.net\/br\/wp-content\/uploads\/2017\/12\/S005913-768x512.jpg 768w, https:\/\/swimchannel.net\/br\/wp-content\/uploads\/2017\/12\/S005913-300x200.jpg 300w, https:\/\/swimchannel.net\/br\/wp-content\/uploads\/2017\/12\/S005913-1024x683.jpg 1024w\" sizes=\"auto, (max-width: 800px) 100vw, 800px\" \/><\/a><figcaption id=\"caption-attachment-5311\" class=\"wp-caption-text\">O italiano Dario Verani &#8211; Foto: Satiro Sodr\u00e9\/SSPress<\/figcaption><\/figure>\n<p style=\"text-align: justify;\">Como dissemos acima, o time Brasil Amarelo \u00e9 o grande favorito no papel. Por\u00e9m, alguns nomes nas equipes do Brasil Verde, Am\u00e9rica e Europa podem endurecer o jogo contra os favoritos e surpreender. O time africano \u00e9 o mais fraco no papel, mas tem alguns atletas competitivos que podem dar trabalho em determinado momento da disputa. E surpresas \u00e9 o que n\u00e3o faltam na hist\u00f3ria do Desafio Elite do Rei e Rainha do Mar.<\/p>\n<p style=\"text-align: justify;\">Cinco equipes. Vinte nadadores. E apenas quatro coroas de reis e rainhas dos mares em disputa. Em a\u00e7\u00e3o medalhistas ol\u00edmpicos, mundiais e continentais, mas como as \u00e1guas abertas s\u00e3o sempre impress\u00edveis tudo pode acontecer na Praia de Copacabana. Que pa\u00eds vai levar a melhor neste domingo?<\/p>\n<p><strong>Por Guilherme Freitas<\/strong><\/p>\n","protected":false},"excerpt":{"rendered":"<p>Cinco equipes. Vinte nadadores. E apenas quatro coroas de reis e rainhas dos mares em disputa<\/p>\n","protected":false},"author":3,"featured_media":2663,"comment_status":"open","ping_status":"open","sticky":false,"template":"","format":"standard","meta":{"footnotes":""},"categories":[1],"tags":[14,48,47,5,46,552,202],"class_list":["post-5308","post","type-post","status-publish","format-standard","has-post-thumbnail","hentry","category-sem-categoria","tag-aguas-abertas","tag-allan-do-carmo","tag-ana-marcela-cunha","tag-natacao","tag-poliana-okimoto","tag-praia-de-copacabana","tag-rei-e-rainha-do-mar"],"yoast_head":"<!-- This site is optimized with the Yoast SEO plugin v27.0 - https:\/\/yoast.com\/product\/yoast-seo-wordpress\/ -->\n<title>Rei e Rainha do Mar 2017: uma an\u00e1lise das equipes - Swimchannel<\/title>\n<meta name=\"robots\" content=\"index, follow, max-snippet:-1, max-image-preview:large, max-video-preview:-1\" \/>\n<link rel=\"canonical\" href=\"https:\/\/swimchannel.net\/br\/rei-e-rainha-do-mar-2017-uma-analise-das-equipes\/\" \/>\n<meta property=\"og:locale\" content=\"pt_BR\" \/>\n<meta property=\"og:type\" content=\"article\" \/>\n<meta property=\"og:title\" content=\"Rei e Rainha do Mar 2017: uma an\u00e1lise das equipes - Swimchannel\" \/>\n<meta property=\"og:description\" content=\"Cinco equipes. Vinte nadadores. E apenas quatro coroas de reis e rainhas dos mares em disputa\" \/>\n<meta property=\"og:url\" content=\"https:\/\/swimchannel.net\/br\/rei-e-rainha-do-mar-2017-uma-analise-das-equipes\/\" \/>\n<meta property=\"og:site_name\" content=\"Swimchannel\" \/>\n<meta property=\"article:publisher\" content=\"https:\/\/www.facebook.com\/swimchannel\" \/>\n<meta property=\"article:published_time\" content=\"2017-12-07T19:12:29+00:00\" \/>\n<meta property=\"article:modified_time\" content=\"2017-12-10T12:29:18+00:00\" \/>\n<meta property=\"og:image\" content=\"https:\/\/swimchannel.net\/br\/wp-content\/uploads\/2016\/12\/S001850.jpg\" \/>\n\t<meta property=\"og:image:width\" content=\"2362\" \/>\n\t<meta property=\"og:image:height\" content=\"1575\" \/>\n\t<meta property=\"og:image:type\" content=\"image\/jpeg\" \/>\n<meta name=\"author\" content=\"Guilherme Freitas\" \/>\n<meta name=\"twitter:card\" content=\"summary_large_image\" \/>\n<meta name=\"twitter:label1\" content=\"Escrito por\" \/>\n\t<meta name=\"twitter:data1\" content=\"Guilherme Freitas\" \/>\n\t<meta name=\"twitter:label2\" content=\"Est. tempo de leitura\" \/>\n\t<meta name=\"twitter:data2\" content=\"5 minutos\" \/>\n<script type=\"application\/ld+json\" class=\"yoast-schema-graph\">{\"@context\":\"https:\/\/schema.org\",\"@graph\":[{\"@type\":\"Article\",\"@id\":\"https:\/\/swimchannel.net\/br\/rei-e-rainha-do-mar-2017-uma-analise-das-equipes\/#article\",\"isPartOf\":{\"@id\":\"https:\/\/swimchannel.net\/br\/rei-e-rainha-do-mar-2017-uma-analise-das-equipes\/\"},\"author\":{\"name\":\"Guilherme Freitas\",\"@id\":\"https:\/\/swimchannel.net\/br\/#\/schema\/person\/aa2a63bab3275f53749a83276b213c48\"},\"headline\":\"Rei e Rainha do Mar 2017: uma an\u00e1lise das equipes\",\"datePublished\":\"2017-12-07T19:12:29+00:00\",\"dateModified\":\"2017-12-10T12:29:18+00:00\",\"mainEntityOfPage\":{\"@id\":\"https:\/\/swimchannel.net\/br\/rei-e-rainha-do-mar-2017-uma-analise-das-equipes\/\"},\"wordCount\":927,\"commentCount\":0,\"publisher\":{\"@id\":\"https:\/\/swimchannel.net\/br\/#organization\"},\"image\":{\"@id\":\"https:\/\/swimchannel.net\/br\/rei-e-rainha-do-mar-2017-uma-analise-das-equipes\/#primaryimage\"},\"thumbnailUrl\":\"https:\/\/swimchannel.net\/br\/wp-content\/uploads\/2016\/12\/S001850.jpg\",\"keywords\":[\"\u00c1guas abertas\",\"Allan do Carmo\",\"Ana Marcela Cunha\",\"natacao\",\"Poliana Okimoto\",\"Praia de Copacabana\",\"Rei e Rainha do Mar\"],\"inLanguage\":\"pt-BR\",\"potentialAction\":[{\"@type\":\"CommentAction\",\"name\":\"Comment\",\"target\":[\"https:\/\/swimchannel.net\/br\/rei-e-rainha-do-mar-2017-uma-analise-das-equipes\/#respond\"]}]},{\"@type\":\"WebPage\",\"@id\":\"https:\/\/swimchannel.net\/br\/rei-e-rainha-do-mar-2017-uma-analise-das-equipes\/\",\"url\":\"https:\/\/swimchannel.net\/br\/rei-e-rainha-do-mar-2017-uma-analise-das-equipes\/\",\"name\":\"Rei e Rainha do Mar 2017: uma an\u00e1lise das equipes - Swimchannel\",\"isPartOf\":{\"@id\":\"https:\/\/swimchannel.net\/br\/#website\"},\"primaryImageOfPage\":{\"@id\":\"https:\/\/swimchannel.net\/br\/rei-e-rainha-do-mar-2017-uma-analise-das-equipes\/#primaryimage\"},\"image\":{\"@id\":\"https:\/\/swimchannel.net\/br\/rei-e-rainha-do-mar-2017-uma-analise-das-equipes\/#primaryimage\"},\"thumbnailUrl\":\"https:\/\/swimchannel.net\/br\/wp-content\/uploads\/2016\/12\/S001850.jpg\",\"datePublished\":\"2017-12-07T19:12:29+00:00\",\"dateModified\":\"2017-12-10T12:29:18+00:00\",\"breadcrumb\":{\"@id\":\"https:\/\/swimchannel.net\/br\/rei-e-rainha-do-mar-2017-uma-analise-das-equipes\/#breadcrumb\"},\"inLanguage\":\"pt-BR\",\"potentialAction\":[{\"@type\":\"ReadAction\",\"target\":[\"https:\/\/swimchannel.net\/br\/rei-e-rainha-do-mar-2017-uma-analise-das-equipes\/\"]}]},{\"@type\":\"ImageObject\",\"inLanguage\":\"pt-BR\",\"@id\":\"https:\/\/swimchannel.net\/br\/rei-e-rainha-do-mar-2017-uma-analise-das-equipes\/#primaryimage\",\"url\":\"https:\/\/swimchannel.net\/br\/wp-content\/uploads\/2016\/12\/S001850.jpg\",\"contentUrl\":\"https:\/\/swimchannel.net\/br\/wp-content\/uploads\/2016\/12\/S001850.jpg\",\"width\":2362,\"height\":1575,\"caption\":\"Poliana Okimoto em a\u00e7\u00e3o no Rei e Rainha do Mar - Foto: Vitor Silva\/SSPress\"},{\"@type\":\"BreadcrumbList\",\"@id\":\"https:\/\/swimchannel.net\/br\/rei-e-rainha-do-mar-2017-uma-analise-das-equipes\/#breadcrumb\",\"itemListElement\":[{\"@type\":\"ListItem\",\"position\":1,\"name\":\"Home\",\"item\":\"https:\/\/swimchannel.net\/br\/\"},{\"@type\":\"ListItem\",\"position\":2,\"name\":\"Rei e Rainha do Mar 2017: uma an\u00e1lise das equipes\"}]},{\"@type\":\"WebSite\",\"@id\":\"https:\/\/swimchannel.net\/br\/#website\",\"url\":\"https:\/\/swimchannel.net\/br\/\",\"name\":\"Swimchannel\",\"description\":\"Maior portal de nata\u00e7\u00e3o da america latina\",\"publisher\":{\"@id\":\"https:\/\/swimchannel.net\/br\/#organization\"},\"potentialAction\":[{\"@type\":\"SearchAction\",\"target\":{\"@type\":\"EntryPoint\",\"urlTemplate\":\"https:\/\/swimchannel.net\/br\/?s={search_term_string}\"},\"query-input\":{\"@type\":\"PropertyValueSpecification\",\"valueRequired\":true,\"valueName\":\"search_term_string\"}}],\"inLanguage\":\"pt-BR\"},{\"@type\":\"Organization\",\"@id\":\"https:\/\/swimchannel.net\/br\/#organization\",\"name\":\"Swimchannel - Conectando voc\u00ea a Nata\u00e7\u00e3o\",\"url\":\"https:\/\/swimchannel.net\/br\/\",\"logo\":{\"@type\":\"ImageObject\",\"inLanguage\":\"pt-BR\",\"@id\":\"https:\/\/swimchannel.net\/br\/#\/schema\/logo\/image\/\",\"url\":\"https:\/\/swimchannel.net\/br\/wp-content\/uploads\/2026\/02\/SWIM-CHANNEL.png\",\"contentUrl\":\"https:\/\/swimchannel.net\/br\/wp-content\/uploads\/2026\/02\/SWIM-CHANNEL.png\",\"width\":1120,\"height\":630,\"caption\":\"Swimchannel - Conectando voc\u00ea a Nata\u00e7\u00e3o\"},\"image\":{\"@id\":\"https:\/\/swimchannel.net\/br\/#\/schema\/logo\/image\/\"},\"sameAs\":[\"https:\/\/www.facebook.com\/swimchannel\",\"https:\/\/www.instagram.com\/swimchannel\"]},{\"@type\":\"Person\",\"@id\":\"https:\/\/swimchannel.net\/br\/#\/schema\/person\/aa2a63bab3275f53749a83276b213c48\",\"name\":\"Guilherme Freitas\",\"image\":{\"@type\":\"ImageObject\",\"inLanguage\":\"pt-BR\",\"@id\":\"https:\/\/swimchannel.net\/br\/#\/schema\/person\/image\/\",\"url\":\"https:\/\/swimchannel.net\/br\/wp-content\/uploads\/2025\/10\/gui22-193x180.png\",\"contentUrl\":\"https:\/\/swimchannel.net\/br\/wp-content\/uploads\/2025\/10\/gui22-193x180.png\",\"caption\":\"Guilherme Freitas\"},\"description\":\"Jornalista s\u00eanior da SWIM CHANNEL, ex-correspondente da FINA no Brasil e pesquisador acad\u00eamico.\",\"sameAs\":[\"instagram.com\/guifreitas86\"],\"url\":\"https:\/\/swimchannel.net\/br\/author\/guilherme-freitas\/\"}]}<\/script>\n<!-- \/ Yoast SEO plugin. -->","yoast_head_json":{"title":"Rei e Rainha do Mar 2017: uma an\u00e1lise das equipes - Swimchannel","robots":{"index":"index","follow":"follow","max-snippet":"max-snippet:-1","max-image-preview":"max-image-preview:large","max-video-preview":"max-video-preview:-1"},"canonical":"https:\/\/swimchannel.net\/br\/rei-e-rainha-do-mar-2017-uma-analise-das-equipes\/","og_locale":"pt_BR","og_type":"article","og_title":"Rei e Rainha do Mar 2017: uma an\u00e1lise das equipes - Swimchannel","og_description":"Cinco equipes. Vinte nadadores. E apenas quatro coroas de reis e rainhas dos mares em disputa","og_url":"https:\/\/swimchannel.net\/br\/rei-e-rainha-do-mar-2017-uma-analise-das-equipes\/","og_site_name":"Swimchannel","article_publisher":"https:\/\/www.facebook.com\/swimchannel","article_published_time":"2017-12-07T19:12:29+00:00","article_modified_time":"2017-12-10T12:29:18+00:00","og_image":[{"width":2362,"height":1575,"url":"https:\/\/swimchannel.net\/br\/wp-content\/uploads\/2016\/12\/S001850.jpg","type":"image\/jpeg"}],"author":"Guilherme Freitas","twitter_card":"summary_large_image","twitter_misc":{"Escrito por":"Guilherme Freitas","Est. tempo de leitura":"5 minutos"},"schema":{"@context":"https:\/\/schema.org","@graph":[{"@type":"Article","@id":"https:\/\/swimchannel.net\/br\/rei-e-rainha-do-mar-2017-uma-analise-das-equipes\/#article","isPartOf":{"@id":"https:\/\/swimchannel.net\/br\/rei-e-rainha-do-mar-2017-uma-analise-das-equipes\/"},"author":{"name":"Guilherme Freitas","@id":"https:\/\/swimchannel.net\/br\/#\/schema\/person\/aa2a63bab3275f53749a83276b213c48"},"headline":"Rei e Rainha do Mar 2017: uma an\u00e1lise das equipes","datePublished":"2017-12-07T19:12:29+00:00","dateModified":"2017-12-10T12:29:18+00:00","mainEntityOfPage":{"@id":"https:\/\/swimchannel.net\/br\/rei-e-rainha-do-mar-2017-uma-analise-das-equipes\/"},"wordCount":927,"commentCount":0,"publisher":{"@id":"https:\/\/swimchannel.net\/br\/#organization"},"image":{"@id":"https:\/\/swimchannel.net\/br\/rei-e-rainha-do-mar-2017-uma-analise-das-equipes\/#primaryimage"},"thumbnailUrl":"https:\/\/swimchannel.net\/br\/wp-content\/uploads\/2016\/12\/S001850.jpg","keywords":["\u00c1guas abertas","Allan do Carmo","Ana Marcela Cunha","natacao","Poliana Okimoto","Praia de Copacabana","Rei e Rainha do Mar"],"inLanguage":"pt-BR","potentialAction":[{"@type":"CommentAction","name":"Comment","target":["https:\/\/swimchannel.net\/br\/rei-e-rainha-do-mar-2017-uma-analise-das-equipes\/#respond"]}]},{"@type":"WebPage","@id":"https:\/\/swimchannel.net\/br\/rei-e-rainha-do-mar-2017-uma-analise-das-equipes\/","url":"https:\/\/swimchannel.net\/br\/rei-e-rainha-do-mar-2017-uma-analise-das-equipes\/","name":"Rei e Rainha do Mar 2017: uma an\u00e1lise das equipes - Swimchannel","isPartOf":{"@id":"https:\/\/swimchannel.net\/br\/#website"},"primaryImageOfPage":{"@id":"https:\/\/swimchannel.net\/br\/rei-e-rainha-do-mar-2017-uma-analise-das-equipes\/#primaryimage"},"image":{"@id":"https:\/\/swimchannel.net\/br\/rei-e-rainha-do-mar-2017-uma-analise-das-equipes\/#primaryimage"},"thumbnailUrl":"https:\/\/swimchannel.net\/br\/wp-content\/uploads\/2016\/12\/S001850.jpg","datePublished":"2017-12-07T19:12:29+00:00","dateModified":"2017-12-10T12:29:18+00:00","breadcrumb":{"@id":"https:\/\/swimchannel.net\/br\/rei-e-rainha-do-mar-2017-uma-analise-das-equipes\/#breadcrumb"},"inLanguage":"pt-BR","potentialAction":[{"@type":"ReadAction","target":["https:\/\/swimchannel.net\/br\/rei-e-rainha-do-mar-2017-uma-analise-das-equipes\/"]}]},{"@type":"ImageObject","inLanguage":"pt-BR","@id":"https:\/\/swimchannel.net\/br\/rei-e-rainha-do-mar-2017-uma-analise-das-equipes\/#primaryimage","url":"https:\/\/swimchannel.net\/br\/wp-content\/uploads\/2016\/12\/S001850.jpg","contentUrl":"https:\/\/swimchannel.net\/br\/wp-content\/uploads\/2016\/12\/S001850.jpg","width":2362,"height":1575,"caption":"Poliana Okimoto em a\u00e7\u00e3o no Rei e Rainha do Mar - Foto: Vitor Silva\/SSPress"},{"@type":"BreadcrumbList","@id":"https:\/\/swimchannel.net\/br\/rei-e-rainha-do-mar-2017-uma-analise-das-equipes\/#breadcrumb","itemListElement":[{"@type":"ListItem","position":1,"name":"Home","item":"https:\/\/swimchannel.net\/br\/"},{"@type":"ListItem","position":2,"name":"Rei e Rainha do Mar 2017: uma an\u00e1lise das equipes"}]},{"@type":"WebSite","@id":"https:\/\/swimchannel.net\/br\/#website","url":"https:\/\/swimchannel.net\/br\/","name":"Swimchannel","description":"Maior portal de nata\u00e7\u00e3o da america latina","publisher":{"@id":"https:\/\/swimchannel.net\/br\/#organization"},"potentialAction":[{"@type":"SearchAction","target":{"@type":"EntryPoint","urlTemplate":"https:\/\/swimchannel.net\/br\/?s={search_term_string}"},"query-input":{"@type":"PropertyValueSpecification","valueRequired":true,"valueName":"search_term_string"}}],"inLanguage":"pt-BR"},{"@type":"Organization","@id":"https:\/\/swimchannel.net\/br\/#organization","name":"Swimchannel - Conectando voc\u00ea a Nata\u00e7\u00e3o","url":"https:\/\/swimchannel.net\/br\/","logo":{"@type":"ImageObject","inLanguage":"pt-BR","@id":"https:\/\/swimchannel.net\/br\/#\/schema\/logo\/image\/","url":"https:\/\/swimchannel.net\/br\/wp-content\/uploads\/2026\/02\/SWIM-CHANNEL.png","contentUrl":"https:\/\/swimchannel.net\/br\/wp-content\/uploads\/2026\/02\/SWIM-CHANNEL.png","width":1120,"height":630,"caption":"Swimchannel - Conectando voc\u00ea a Nata\u00e7\u00e3o"},"image":{"@id":"https:\/\/swimchannel.net\/br\/#\/schema\/logo\/image\/"},"sameAs":["https:\/\/www.facebook.com\/swimchannel","https:\/\/www.instagram.com\/swimchannel"]},{"@type":"Person","@id":"https:\/\/swimchannel.net\/br\/#\/schema\/person\/aa2a63bab3275f53749a83276b213c48","name":"Guilherme Freitas","image":{"@type":"ImageObject","inLanguage":"pt-BR","@id":"https:\/\/swimchannel.net\/br\/#\/schema\/person\/image\/","url":"https:\/\/swimchannel.net\/br\/wp-content\/uploads\/2025\/10\/gui22-193x180.png","contentUrl":"https:\/\/swimchannel.net\/br\/wp-content\/uploads\/2025\/10\/gui22-193x180.png","caption":"Guilherme Freitas"},"description":"Jornalista s\u00eanior da SWIM CHANNEL, ex-correspondente da FINA no Brasil e pesquisador acad\u00eamico.","sameAs":["instagram.com\/guifreitas86"],"url":"https:\/\/swimchannel.net\/br\/author\/guilherme-freitas\/"}]}},"_links":{"self":[{"href":"https:\/\/swimchannel.net\/br\/wp-json\/wp\/v2\/posts\/5308","targetHints":{"allow":["GET"]}}],"collection":[{"href":"https:\/\/swimchannel.net\/br\/wp-json\/wp\/v2\/posts"}],"about":[{"href":"https:\/\/swimchannel.net\/br\/wp-json\/wp\/v2\/types\/post"}],"author":[{"embeddable":true,"href":"https:\/\/swimchannel.net\/br\/wp-json\/wp\/v2\/users\/3"}],"replies":[{"embeddable":true,"href":"https:\/\/swimchannel.net\/br\/wp-json\/wp\/v2\/comments?post=5308"}],"version-history":[{"count":0,"href":"https:\/\/swimchannel.net\/br\/wp-json\/wp\/v2\/posts\/5308\/revisions"}],"wp:featuredmedia":[{"embeddable":true,"href":"https:\/\/swimchannel.net\/br\/wp-json\/wp\/v2\/media\/2663"}],"wp:attachment":[{"href":"https:\/\/swimchannel.net\/br\/wp-json\/wp\/v2\/media?parent=5308"}],"wp:term":[{"taxonomy":"category","embeddable":true,"href":"https:\/\/swimchannel.net\/br\/wp-json\/wp\/v2\/categories?post=5308"},{"taxonomy":"post_tag","embeddable":true,"href":"https:\/\/swimchannel.net\/br\/wp-json\/wp\/v2\/tags?post=5308"}],"curies":[{"name":"wp","href":"https:\/\/api.w.org\/{rel}","templated":true}]}}