{"id":53347,"date":"2022-09-14T14:02:40","date_gmt":"2022-09-14T17:02:40","guid":{"rendered":"https:\/\/swimchannel.net\/br\/?p=53347"},"modified":"2022-09-14T14:30:44","modified_gmt":"2022-09-14T17:30:44","slug":"ana-marcela-cunha-participa-de-palestra-nos-jogos-da-juventude","status":"publish","type":"post","link":"https:\/\/swimchannel.net\/br\/ana-marcela-cunha-participa-de-palestra-nos-jogos-da-juventude\/","title":{"rendered":"Ana Marcela Cunha participa de palestra nos Jogos da Juventude"},"content":{"rendered":"<p>A campe\u00e3 ol\u00edmpica, Ana Marcela Cunha, participou no \u00faltimo dia 3 de setembro de uma a\u00e7\u00e3o da Ajinomoto do Brasil que promoveu aos atletas participantes dos Jogos da Juventude, realizados em Aracaju (SE),\u00a0 duas palestras sobre o programa \u201cKachimeshi &#8211; Alimenta\u00e7\u00e3o para Vencer\u201d e a import\u00e2ncia da utiliza\u00e7\u00e3o dos amino\u00e1cidos.<\/p>\n<p>Maior competi\u00e7\u00e3o multiesportiva voltada para a categoria de base do esporte do Brasil, organizada pelo Comit\u00ea Ol\u00edmpico do Brasil (COB), os Jogos da Juventude, tamb\u00e9m abriram espa\u00e7o para o conhecimento. Com mais de 4 mil atletas inscritos, os Jogos da Juventude n\u00e3o eram realizados h\u00e1 tr\u00eas anos em raz\u00e3o da pandemia.<\/p>\n<figure id=\"attachment_53349\" aria-describedby=\"caption-attachment-53349\" style=\"width: 913px\" class=\"wp-caption alignnone\"><img loading=\"lazy\" decoding=\"async\" class=\"size-full wp-image-53349\" src=\"https:\/\/swimchannel.net\/br\/wp-content\/uploads\/2022\/09\/Palestra-Jogos-Juventude-Ana-Marcela.jpg\" alt=\"\" width=\"913\" height=\"630\" srcset=\"https:\/\/swimchannel.net\/br\/wp-content\/uploads\/2022\/09\/Palestra-Jogos-Juventude-Ana-Marcela.jpg 913w, https:\/\/swimchannel.net\/br\/wp-content\/uploads\/2022\/09\/Palestra-Jogos-Juventude-Ana-Marcela-261x180.jpg 261w, https:\/\/swimchannel.net\/br\/wp-content\/uploads\/2022\/09\/Palestra-Jogos-Juventude-Ana-Marcela-768x530.jpg 768w, https:\/\/swimchannel.net\/br\/wp-content\/uploads\/2022\/09\/Palestra-Jogos-Juventude-Ana-Marcela-750x518.jpg 750w\" sizes=\"auto, (max-width: 913px) 100vw, 913px\" \/><figcaption id=\"caption-attachment-53349\" class=\"wp-caption-text\">Ana Marcela Cunha durante a palestra &#8211; Foto: Divulga\u00e7\u00e3o<\/figcaption><\/figure>\n<p>As duas palestras ocorreram no centro de conviv\u00eancia dos participantes e foram conduzidas pela nutricionista e consultora da Ajinomoto do Brasil, Caroline Yoshioka, al\u00e9m de contar com a participa\u00e7\u00e3o do gerente de neg\u00f3cios em Nutri\u00e7\u00e3o Esportiva da empresa, Andr\u00e9 Igi de Freitas e da campe\u00e3 ol\u00edmpica de \u00e1guas abertas nos Jogos Ol\u00edmpicos T\u00f3quio 2020, Ana Marcela Cunha.<\/p>\n<p>Escolhida como uma das embaixadoras dos Jogos da Juventude, Ana Marcela compartilhou com os atletas a import\u00e2ncia da alimenta\u00e7\u00e3o e suplementa\u00e7\u00e3o para atletas de alto rendimento. Ana Marcela tamb\u00e9m relatou como o suporte nutricional da Ajinomoto e o suplemento alimentar aminoVITAL t\u00eam auxiliado em seus treinamentos no dia a dia.<\/p>\n<figure id=\"attachment_53348\" aria-describedby=\"caption-attachment-53348\" style=\"width: 473px\" class=\"wp-caption alignnone\"><img loading=\"lazy\" decoding=\"async\" class=\"size-full wp-image-53348\" src=\"https:\/\/swimchannel.net\/br\/wp-content\/uploads\/2022\/09\/Andre-Ana-Marcela-e-Carol.jpg\" alt=\"\" width=\"473\" height=\"630\" srcset=\"https:\/\/swimchannel.net\/br\/wp-content\/uploads\/2022\/09\/Andre-Ana-Marcela-e-Carol.jpg 473w, https:\/\/swimchannel.net\/br\/wp-content\/uploads\/2022\/09\/Andre-Ana-Marcela-e-Carol-135x180.jpg 135w\" sizes=\"auto, (max-width: 473px) 100vw, 473px\" \/><figcaption id=\"caption-attachment-53348\" class=\"wp-caption-text\">Andr\u00e9 Igi de Freitas, Ana Marcela Cunha e Caroline Yoshioka &#8211; Foto: Divulga\u00e7\u00e3o<\/figcaption><\/figure>\n<p>\u201cNestas palestras, pudemos explicar, por meio do programa Kachimeshi, a import\u00e2ncia da alimenta\u00e7\u00e3o adequada e equilibrada, al\u00e9m de como criar um prato saud\u00e1vel. A Caroline trouxe ainda cases de atletas de alta performance que ela atende. Al\u00e9m disso, tamb\u00e9m mostramos aos atletas os benef\u00edcios dos amino\u00e1cidos\u201d, explicou Freitas. Durante as palestras, foram distribu\u00eddos livretos explicando detalhadamente o programa Kachimeshi aos participantes dos Jogos.<\/p>\n<p>O Time Ajinomoto, de 18 atletas,\u00a0 faz parte do Projeto Vit\u00f3ria, iniciativa criada pela empresa em 2003, no Jap\u00e3o, e que chegou ao Brasil em 2019 com o objetivo de contribuir para o fortalecimento do esporte nacional. O Time j\u00e1 conta com a campe\u00e3 ol\u00edmpica Ana Marcela Cunha das \u00e1guas abertas, Dayanne Silva da nata\u00e7\u00e3o paral\u00edmpica, e <a href=\"https:\/\/swimchannel.net\/br\/fernando-scheffer-e-o-novo-nome-da-ajinomoto-para-o-projeto-vitoria\/\">Fernando Scheffer <\/a>da nata\u00e7\u00e3o.\u00a0Saiba mais aqui: <a href=\"https:\/\/www.ajinomoto.com.br\/projeto-vitoria\/kachimeshi\">https:\/\/www.ajinomoto.com.br\/projeto-vitoria\/kachimeshi\u00a0<\/a><\/p>\n","protected":false},"excerpt":{"rendered":"<p>A\u00e7\u00e3o foi realizada pela Ajinomoto do Brasil em Aracaju durante a competi\u00e7\u00e3o<\/p>\n","protected":false},"author":9,"featured_media":45131,"comment_status":"open","ping_status":"open","sticky":false,"template":"","format":"gallery","meta":{"footnotes":""},"categories":[137],"tags":[4309,4288,47,5002,5],"class_list":["post-53347","post","type-post","status-publish","format-gallery","has-post-thumbnail","hentry","category-natacao","tag-ajinomoto","tag-aminovital","tag-ana-marcela-cunha","tag-jogos-da-juventude","tag-natacao","post_format-post-format-gallery"],"yoast_head":"<!-- This site is optimized with the Yoast SEO plugin v27.0 - https:\/\/yoast.com\/product\/yoast-seo-wordpress\/ -->\n<title>Ana Marcela Cunha participa de palestra nos Jogos da Juventude - Swimchannel<\/title>\n<meta name=\"robots\" content=\"index, follow, max-snippet:-1, max-image-preview:large, max-video-preview:-1\" \/>\n<link rel=\"canonical\" href=\"https:\/\/swimchannel.net\/br\/ana-marcela-cunha-participa-de-palestra-nos-jogos-da-juventude\/\" \/>\n<meta property=\"og:locale\" content=\"pt_BR\" \/>\n<meta property=\"og:type\" content=\"article\" \/>\n<meta property=\"og:title\" content=\"Ana Marcela Cunha participa de palestra nos Jogos da Juventude - Swimchannel\" \/>\n<meta property=\"og:description\" content=\"A\u00e7\u00e3o foi realizada pela Ajinomoto do Brasil em Aracaju durante a competi\u00e7\u00e3o\" \/>\n<meta property=\"og:url\" content=\"https:\/\/swimchannel.net\/br\/ana-marcela-cunha-participa-de-palestra-nos-jogos-da-juventude\/\" \/>\n<meta property=\"og:site_name\" content=\"Swimchannel\" \/>\n<meta property=\"article:publisher\" content=\"https:\/\/www.facebook.com\/swimchannel\" \/>\n<meta property=\"article:published_time\" content=\"2022-09-14T17:02:40+00:00\" \/>\n<meta property=\"article:modified_time\" content=\"2022-09-14T17:30:44+00:00\" \/>\n<meta property=\"og:image\" content=\"https:\/\/swimchannel.net\/br\/wp-content\/uploads\/2021\/08\/Ana-marcela-site14.jpg\" \/>\n\t<meta property=\"og:image:width\" content=\"624\" \/>\n\t<meta property=\"og:image:height\" content=\"313\" \/>\n\t<meta property=\"og:image:type\" content=\"image\/jpeg\" \/>\n<meta name=\"author\" content=\"Katarine Monteiro\" \/>\n<meta name=\"twitter:card\" content=\"summary_large_image\" \/>\n<meta name=\"twitter:creator\" content=\"@https:\/\/twitter.com\/Katarinem\" \/>\n<meta name=\"twitter:label1\" content=\"Escrito por\" \/>\n\t<meta name=\"twitter:data1\" content=\"Katarine Monteiro\" \/>\n\t<meta name=\"twitter:label2\" content=\"Est. tempo de leitura\" \/>\n\t<meta name=\"twitter:data2\" content=\"2 minutos\" \/>\n<script type=\"application\/ld+json\" class=\"yoast-schema-graph\">{\"@context\":\"https:\/\/schema.org\",\"@graph\":[{\"@type\":\"Article\",\"@id\":\"https:\/\/swimchannel.net\/br\/ana-marcela-cunha-participa-de-palestra-nos-jogos-da-juventude\/#article\",\"isPartOf\":{\"@id\":\"https:\/\/swimchannel.net\/br\/ana-marcela-cunha-participa-de-palestra-nos-jogos-da-juventude\/\"},\"author\":{\"name\":\"Katarine Monteiro\",\"@id\":\"https:\/\/swimchannel.net\/br\/#\/schema\/person\/73ae9cec62249968bca1f0a8098ef002\"},\"headline\":\"Ana Marcela Cunha participa de palestra nos Jogos da Juventude\",\"datePublished\":\"2022-09-14T17:02:40+00:00\",\"dateModified\":\"2022-09-14T17:30:44+00:00\",\"mainEntityOfPage\":{\"@id\":\"https:\/\/swimchannel.net\/br\/ana-marcela-cunha-participa-de-palestra-nos-jogos-da-juventude\/\"},\"wordCount\":425,\"commentCount\":0,\"publisher\":{\"@id\":\"https:\/\/swimchannel.net\/br\/#organization\"},\"image\":{\"@id\":\"https:\/\/swimchannel.net\/br\/ana-marcela-cunha-participa-de-palestra-nos-jogos-da-juventude\/#primaryimage\"},\"thumbnailUrl\":\"https:\/\/swimchannel.net\/br\/wp-content\/uploads\/2021\/08\/Ana-marcela-site14.jpg\",\"keywords\":[\"Ajinomoto\",\"AminoVital\",\"Ana Marcela Cunha\",\"Jogos da Juventude\",\"natacao\"],\"articleSection\":[\"Nata\u00e7\u00e3o\"],\"inLanguage\":\"pt-BR\",\"potentialAction\":[{\"@type\":\"CommentAction\",\"name\":\"Comment\",\"target\":[\"https:\/\/swimchannel.net\/br\/ana-marcela-cunha-participa-de-palestra-nos-jogos-da-juventude\/#respond\"]}]},{\"@type\":\"WebPage\",\"@id\":\"https:\/\/swimchannel.net\/br\/ana-marcela-cunha-participa-de-palestra-nos-jogos-da-juventude\/\",\"url\":\"https:\/\/swimchannel.net\/br\/ana-marcela-cunha-participa-de-palestra-nos-jogos-da-juventude\/\",\"name\":\"Ana Marcela Cunha participa de palestra nos Jogos da Juventude - Swimchannel\",\"isPartOf\":{\"@id\":\"https:\/\/swimchannel.net\/br\/#website\"},\"primaryImageOfPage\":{\"@id\":\"https:\/\/swimchannel.net\/br\/ana-marcela-cunha-participa-de-palestra-nos-jogos-da-juventude\/#primaryimage\"},\"image\":{\"@id\":\"https:\/\/swimchannel.net\/br\/ana-marcela-cunha-participa-de-palestra-nos-jogos-da-juventude\/#primaryimage\"},\"thumbnailUrl\":\"https:\/\/swimchannel.net\/br\/wp-content\/uploads\/2021\/08\/Ana-marcela-site14.jpg\",\"datePublished\":\"2022-09-14T17:02:40+00:00\",\"dateModified\":\"2022-09-14T17:30:44+00:00\",\"breadcrumb\":{\"@id\":\"https:\/\/swimchannel.net\/br\/ana-marcela-cunha-participa-de-palestra-nos-jogos-da-juventude\/#breadcrumb\"},\"inLanguage\":\"pt-BR\",\"potentialAction\":[{\"@type\":\"ReadAction\",\"target\":[\"https:\/\/swimchannel.net\/br\/ana-marcela-cunha-participa-de-palestra-nos-jogos-da-juventude\/\"]}]},{\"@type\":\"ImageObject\",\"inLanguage\":\"pt-BR\",\"@id\":\"https:\/\/swimchannel.net\/br\/ana-marcela-cunha-participa-de-palestra-nos-jogos-da-juventude\/#primaryimage\",\"url\":\"https:\/\/swimchannel.net\/br\/wp-content\/uploads\/2021\/08\/Ana-marcela-site14.jpg\",\"contentUrl\":\"https:\/\/swimchannel.net\/br\/wp-content\/uploads\/2021\/08\/Ana-marcela-site14.jpg\",\"width\":624,\"height\":313,\"caption\":\"Ana Marcela Cunha - Foto: Reprodu\u00e7\u00e3o\/AminoVital\"},{\"@type\":\"BreadcrumbList\",\"@id\":\"https:\/\/swimchannel.net\/br\/ana-marcela-cunha-participa-de-palestra-nos-jogos-da-juventude\/#breadcrumb\",\"itemListElement\":[{\"@type\":\"ListItem\",\"position\":1,\"name\":\"Home\",\"item\":\"https:\/\/swimchannel.net\/br\/\"},{\"@type\":\"ListItem\",\"position\":2,\"name\":\"Ana Marcela Cunha participa de palestra nos Jogos da Juventude\"}]},{\"@type\":\"WebSite\",\"@id\":\"https:\/\/swimchannel.net\/br\/#website\",\"url\":\"https:\/\/swimchannel.net\/br\/\",\"name\":\"Swimchannel\",\"description\":\"Maior portal de nata\u00e7\u00e3o da america latina\",\"publisher\":{\"@id\":\"https:\/\/swimchannel.net\/br\/#organization\"},\"potentialAction\":[{\"@type\":\"SearchAction\",\"target\":{\"@type\":\"EntryPoint\",\"urlTemplate\":\"https:\/\/swimchannel.net\/br\/?s={search_term_string}\"},\"query-input\":{\"@type\":\"PropertyValueSpecification\",\"valueRequired\":true,\"valueName\":\"search_term_string\"}}],\"inLanguage\":\"pt-BR\"},{\"@type\":\"Organization\",\"@id\":\"https:\/\/swimchannel.net\/br\/#organization\",\"name\":\"Swimchannel - Conectando voc\u00ea a Nata\u00e7\u00e3o\",\"url\":\"https:\/\/swimchannel.net\/br\/\",\"logo\":{\"@type\":\"ImageObject\",\"inLanguage\":\"pt-BR\",\"@id\":\"https:\/\/swimchannel.net\/br\/#\/schema\/logo\/image\/\",\"url\":\"https:\/\/swimchannel.net\/br\/wp-content\/uploads\/2026\/02\/SWIM-CHANNEL.png\",\"contentUrl\":\"https:\/\/swimchannel.net\/br\/wp-content\/uploads\/2026\/02\/SWIM-CHANNEL.png\",\"width\":1120,\"height\":630,\"caption\":\"Swimchannel - Conectando voc\u00ea a Nata\u00e7\u00e3o\"},\"image\":{\"@id\":\"https:\/\/swimchannel.net\/br\/#\/schema\/logo\/image\/\"},\"sameAs\":[\"https:\/\/www.facebook.com\/swimchannel\",\"https:\/\/www.instagram.com\/swimchannel\"]},{\"@type\":\"Person\",\"@id\":\"https:\/\/swimchannel.net\/br\/#\/schema\/person\/73ae9cec62249968bca1f0a8098ef002\",\"name\":\"Katarine Monteiro\",\"image\":{\"@type\":\"ImageObject\",\"inLanguage\":\"pt-BR\",\"@id\":\"https:\/\/swimchannel.net\/br\/#\/schema\/person\/image\/\",\"url\":\"https:\/\/swimchannel.net\/br\/wp-content\/uploads\/2022\/01\/Katarine-Monteiro-100x100.jpg\",\"contentUrl\":\"https:\/\/swimchannel.net\/br\/wp-content\/uploads\/2022\/01\/Katarine-Monteiro-100x100.jpg\",\"caption\":\"Katarine Monteiro\"},\"description\":\"Jornalista SWIM CHANNEL especializada em esportes ol\u00edmpicos e em sa\u00fade. Com cobertura de grandes eventos internacionais, como Jogos Ol\u00edmpicos Rio 2016, Jogos Pan-Americanos em Lima 2019, Qatar Total Open 2020, Qatar ExxonMobil Open 2019 - t\u00eanis em Doha (QT), Semana Internacional de Vela de Ilhabela, Transat Jacques Vabre 2019 (Fran\u00e7a-Brasil), L'\u00c9tape Brasil by Tour de France, j\u00e1 fez in\u00fameras coberturas de nata\u00e7\u00e3o, maratona aqu\u00e1tica e polo aqu\u00e1tico. Formada tamb\u00e9m em Letras, a jornalista atua como assessora de imprensa, rela\u00e7\u00f5es p\u00fablicas e social media, com especializa\u00e7\u00e3o em marketing esportivo. Nadadora amadora de \u00e1guas abertas, j\u00e1 trabalhou com grandes nomes da nata\u00e7\u00e3o e do polo aqu\u00e1tico brasileiro.\",\"sameAs\":[\"https:\/\/www.instagram.com\/_katarinemonteiro\/\",\"https:\/\/www.linkedin.com\/in\/katarine-monteiro-19385297\/\",\"https:\/\/x.com\/https:\/\/twitter.com\/Katarinem\"],\"url\":\"https:\/\/swimchannel.net\/br\/author\/katarine-monteiro\/\"}]}<\/script>\n<!-- \/ Yoast SEO plugin. -->","yoast_head_json":{"title":"Ana Marcela Cunha participa de palestra nos Jogos da Juventude - Swimchannel","robots":{"index":"index","follow":"follow","max-snippet":"max-snippet:-1","max-image-preview":"max-image-preview:large","max-video-preview":"max-video-preview:-1"},"canonical":"https:\/\/swimchannel.net\/br\/ana-marcela-cunha-participa-de-palestra-nos-jogos-da-juventude\/","og_locale":"pt_BR","og_type":"article","og_title":"Ana Marcela Cunha participa de palestra nos Jogos da Juventude - Swimchannel","og_description":"A\u00e7\u00e3o foi realizada pela Ajinomoto do Brasil em Aracaju durante a competi\u00e7\u00e3o","og_url":"https:\/\/swimchannel.net\/br\/ana-marcela-cunha-participa-de-palestra-nos-jogos-da-juventude\/","og_site_name":"Swimchannel","article_publisher":"https:\/\/www.facebook.com\/swimchannel","article_published_time":"2022-09-14T17:02:40+00:00","article_modified_time":"2022-09-14T17:30:44+00:00","og_image":[{"width":624,"height":313,"url":"https:\/\/swimchannel.net\/br\/wp-content\/uploads\/2021\/08\/Ana-marcela-site14.jpg","type":"image\/jpeg"}],"author":"Katarine Monteiro","twitter_card":"summary_large_image","twitter_creator":"@https:\/\/twitter.com\/Katarinem","twitter_misc":{"Escrito por":"Katarine Monteiro","Est. tempo de leitura":"2 minutos"},"schema":{"@context":"https:\/\/schema.org","@graph":[{"@type":"Article","@id":"https:\/\/swimchannel.net\/br\/ana-marcela-cunha-participa-de-palestra-nos-jogos-da-juventude\/#article","isPartOf":{"@id":"https:\/\/swimchannel.net\/br\/ana-marcela-cunha-participa-de-palestra-nos-jogos-da-juventude\/"},"author":{"name":"Katarine Monteiro","@id":"https:\/\/swimchannel.net\/br\/#\/schema\/person\/73ae9cec62249968bca1f0a8098ef002"},"headline":"Ana Marcela Cunha participa de palestra nos Jogos da Juventude","datePublished":"2022-09-14T17:02:40+00:00","dateModified":"2022-09-14T17:30:44+00:00","mainEntityOfPage":{"@id":"https:\/\/swimchannel.net\/br\/ana-marcela-cunha-participa-de-palestra-nos-jogos-da-juventude\/"},"wordCount":425,"commentCount":0,"publisher":{"@id":"https:\/\/swimchannel.net\/br\/#organization"},"image":{"@id":"https:\/\/swimchannel.net\/br\/ana-marcela-cunha-participa-de-palestra-nos-jogos-da-juventude\/#primaryimage"},"thumbnailUrl":"https:\/\/swimchannel.net\/br\/wp-content\/uploads\/2021\/08\/Ana-marcela-site14.jpg","keywords":["Ajinomoto","AminoVital","Ana Marcela Cunha","Jogos da Juventude","natacao"],"articleSection":["Nata\u00e7\u00e3o"],"inLanguage":"pt-BR","potentialAction":[{"@type":"CommentAction","name":"Comment","target":["https:\/\/swimchannel.net\/br\/ana-marcela-cunha-participa-de-palestra-nos-jogos-da-juventude\/#respond"]}]},{"@type":"WebPage","@id":"https:\/\/swimchannel.net\/br\/ana-marcela-cunha-participa-de-palestra-nos-jogos-da-juventude\/","url":"https:\/\/swimchannel.net\/br\/ana-marcela-cunha-participa-de-palestra-nos-jogos-da-juventude\/","name":"Ana Marcela Cunha participa de palestra nos Jogos da Juventude - Swimchannel","isPartOf":{"@id":"https:\/\/swimchannel.net\/br\/#website"},"primaryImageOfPage":{"@id":"https:\/\/swimchannel.net\/br\/ana-marcela-cunha-participa-de-palestra-nos-jogos-da-juventude\/#primaryimage"},"image":{"@id":"https:\/\/swimchannel.net\/br\/ana-marcela-cunha-participa-de-palestra-nos-jogos-da-juventude\/#primaryimage"},"thumbnailUrl":"https:\/\/swimchannel.net\/br\/wp-content\/uploads\/2021\/08\/Ana-marcela-site14.jpg","datePublished":"2022-09-14T17:02:40+00:00","dateModified":"2022-09-14T17:30:44+00:00","breadcrumb":{"@id":"https:\/\/swimchannel.net\/br\/ana-marcela-cunha-participa-de-palestra-nos-jogos-da-juventude\/#breadcrumb"},"inLanguage":"pt-BR","potentialAction":[{"@type":"ReadAction","target":["https:\/\/swimchannel.net\/br\/ana-marcela-cunha-participa-de-palestra-nos-jogos-da-juventude\/"]}]},{"@type":"ImageObject","inLanguage":"pt-BR","@id":"https:\/\/swimchannel.net\/br\/ana-marcela-cunha-participa-de-palestra-nos-jogos-da-juventude\/#primaryimage","url":"https:\/\/swimchannel.net\/br\/wp-content\/uploads\/2021\/08\/Ana-marcela-site14.jpg","contentUrl":"https:\/\/swimchannel.net\/br\/wp-content\/uploads\/2021\/08\/Ana-marcela-site14.jpg","width":624,"height":313,"caption":"Ana Marcela Cunha - Foto: Reprodu\u00e7\u00e3o\/AminoVital"},{"@type":"BreadcrumbList","@id":"https:\/\/swimchannel.net\/br\/ana-marcela-cunha-participa-de-palestra-nos-jogos-da-juventude\/#breadcrumb","itemListElement":[{"@type":"ListItem","position":1,"name":"Home","item":"https:\/\/swimchannel.net\/br\/"},{"@type":"ListItem","position":2,"name":"Ana Marcela Cunha participa de palestra nos Jogos da Juventude"}]},{"@type":"WebSite","@id":"https:\/\/swimchannel.net\/br\/#website","url":"https:\/\/swimchannel.net\/br\/","name":"Swimchannel","description":"Maior portal de nata\u00e7\u00e3o da america latina","publisher":{"@id":"https:\/\/swimchannel.net\/br\/#organization"},"potentialAction":[{"@type":"SearchAction","target":{"@type":"EntryPoint","urlTemplate":"https:\/\/swimchannel.net\/br\/?s={search_term_string}"},"query-input":{"@type":"PropertyValueSpecification","valueRequired":true,"valueName":"search_term_string"}}],"inLanguage":"pt-BR"},{"@type":"Organization","@id":"https:\/\/swimchannel.net\/br\/#organization","name":"Swimchannel - Conectando voc\u00ea a Nata\u00e7\u00e3o","url":"https:\/\/swimchannel.net\/br\/","logo":{"@type":"ImageObject","inLanguage":"pt-BR","@id":"https:\/\/swimchannel.net\/br\/#\/schema\/logo\/image\/","url":"https:\/\/swimchannel.net\/br\/wp-content\/uploads\/2026\/02\/SWIM-CHANNEL.png","contentUrl":"https:\/\/swimchannel.net\/br\/wp-content\/uploads\/2026\/02\/SWIM-CHANNEL.png","width":1120,"height":630,"caption":"Swimchannel - Conectando voc\u00ea a Nata\u00e7\u00e3o"},"image":{"@id":"https:\/\/swimchannel.net\/br\/#\/schema\/logo\/image\/"},"sameAs":["https:\/\/www.facebook.com\/swimchannel","https:\/\/www.instagram.com\/swimchannel"]},{"@type":"Person","@id":"https:\/\/swimchannel.net\/br\/#\/schema\/person\/73ae9cec62249968bca1f0a8098ef002","name":"Katarine Monteiro","image":{"@type":"ImageObject","inLanguage":"pt-BR","@id":"https:\/\/swimchannel.net\/br\/#\/schema\/person\/image\/","url":"https:\/\/swimchannel.net\/br\/wp-content\/uploads\/2022\/01\/Katarine-Monteiro-100x100.jpg","contentUrl":"https:\/\/swimchannel.net\/br\/wp-content\/uploads\/2022\/01\/Katarine-Monteiro-100x100.jpg","caption":"Katarine Monteiro"},"description":"Jornalista SWIM CHANNEL especializada em esportes ol\u00edmpicos e em sa\u00fade. Com cobertura de grandes eventos internacionais, como Jogos Ol\u00edmpicos Rio 2016, Jogos Pan-Americanos em Lima 2019, Qatar Total Open 2020, Qatar ExxonMobil Open 2019 - t\u00eanis em Doha (QT), Semana Internacional de Vela de Ilhabela, Transat Jacques Vabre 2019 (Fran\u00e7a-Brasil), L'\u00c9tape Brasil by Tour de France, j\u00e1 fez in\u00fameras coberturas de nata\u00e7\u00e3o, maratona aqu\u00e1tica e polo aqu\u00e1tico. Formada tamb\u00e9m em Letras, a jornalista atua como assessora de imprensa, rela\u00e7\u00f5es p\u00fablicas e social media, com especializa\u00e7\u00e3o em marketing esportivo. Nadadora amadora de \u00e1guas abertas, j\u00e1 trabalhou com grandes nomes da nata\u00e7\u00e3o e do polo aqu\u00e1tico brasileiro.","sameAs":["https:\/\/www.instagram.com\/_katarinemonteiro\/","https:\/\/www.linkedin.com\/in\/katarine-monteiro-19385297\/","https:\/\/x.com\/https:\/\/twitter.com\/Katarinem"],"url":"https:\/\/swimchannel.net\/br\/author\/katarine-monteiro\/"}]}},"_links":{"self":[{"href":"https:\/\/swimchannel.net\/br\/wp-json\/wp\/v2\/posts\/53347","targetHints":{"allow":["GET"]}}],"collection":[{"href":"https:\/\/swimchannel.net\/br\/wp-json\/wp\/v2\/posts"}],"about":[{"href":"https:\/\/swimchannel.net\/br\/wp-json\/wp\/v2\/types\/post"}],"author":[{"embeddable":true,"href":"https:\/\/swimchannel.net\/br\/wp-json\/wp\/v2\/users\/9"}],"replies":[{"embeddable":true,"href":"https:\/\/swimchannel.net\/br\/wp-json\/wp\/v2\/comments?post=53347"}],"version-history":[{"count":5,"href":"https:\/\/swimchannel.net\/br\/wp-json\/wp\/v2\/posts\/53347\/revisions"}],"predecessor-version":[{"id":53354,"href":"https:\/\/swimchannel.net\/br\/wp-json\/wp\/v2\/posts\/53347\/revisions\/53354"}],"wp:featuredmedia":[{"embeddable":true,"href":"https:\/\/swimchannel.net\/br\/wp-json\/wp\/v2\/media\/45131"}],"wp:attachment":[{"href":"https:\/\/swimchannel.net\/br\/wp-json\/wp\/v2\/media?parent=53347"}],"wp:term":[{"taxonomy":"category","embeddable":true,"href":"https:\/\/swimchannel.net\/br\/wp-json\/wp\/v2\/categories?post=53347"},{"taxonomy":"post_tag","embeddable":true,"href":"https:\/\/swimchannel.net\/br\/wp-json\/wp\/v2\/tags?post=53347"}],"curies":[{"name":"wp","href":"https:\/\/api.w.org\/{rel}","templated":true}]}}