{"id":53355,"date":"2022-09-15T14:44:00","date_gmt":"2022-09-15T17:44:00","guid":{"rendered":"https:\/\/swimchannel.net\/br\/?p=53355"},"modified":"2022-09-15T15:12:28","modified_gmt":"2022-09-15T18:12:28","slug":"campeonato-mundial-junior-de-aguas-abertas-comeca-amanha","status":"publish","type":"post","link":"https:\/\/swimchannel.net\/br\/campeonato-mundial-junior-de-aguas-abertas-comeca-amanha\/","title":{"rendered":"Campeonato Mundial J\u00fanior de \u00e1guas abertas come\u00e7a amanh\u00e3!"},"content":{"rendered":"<p>O 4\u00ba Campeonato Mundial J\u00fanior de \u00e1guas abertas come\u00e7a nesta sexta-feira (16) em Mah\u00ea,<span class=\"goog-text-highlight\">Beau Vallon, em Seychelles, pa\u00eds localizado na \u00c1frica Oriental. <\/span>O evento ser\u00e1 realizado para atletas de 14 a 19 anos e acontecer\u00e1 at\u00e9 o domingo (18).<\/p>\n<p>A competi\u00e7\u00e3o de quatro dias ter\u00e1 provas individuais de 5 km (14-15 anos), 7,5 km (16-17 anos) e 10 km (18-19 anos) para homens e mulheres. O campeonato ter\u00e1 tamb\u00e9m uma prova de equipe mista composta por dois atletas de cada g\u00eanero completando um percurso de 5 km (4\u00d71,25 km), que encerrar\u00e1 o evento o domingo.<\/p>\n<p>O Brasil est\u00e1 escalado com 12 atletas para a competi\u00e7\u00e3o. Nesta sexta (16) caem na \u00e1gua Joan Sebastian Granda Penaloza, Marcus Vinicius Nascimento Carmo, Vitoria Beatriz Meneses Ros\u00e1rio e Maria Luiza Cunha Lopes de Oliveira nos 5 km ( 14 e 15 anos) e Lucas Davesac Machado, Matheus de Freitas Melecchi, Isabella Scopel Tramontana e Tyara Fernandes Ferreira Ramos nos 7,5 km (16 e 17 anos).<\/p>\n<p><img loading=\"lazy\" decoding=\"async\" class=\"alignnone size-full wp-image-53357\" src=\"https:\/\/swimchannel.net\/br\/wp-content\/uploads\/2022\/09\/OWS_Beau-Vallon-SEY-_2022_02.jpg-845x321-1.webp\" alt=\"\" width=\"845\" height=\"321\" srcset=\"https:\/\/swimchannel.net\/br\/wp-content\/uploads\/2022\/09\/OWS_Beau-Vallon-SEY-_2022_02.jpg-845x321-1.webp 845w, https:\/\/swimchannel.net\/br\/wp-content\/uploads\/2022\/09\/OWS_Beau-Vallon-SEY-_2022_02.jpg-845x321-1-320x122.webp 320w, https:\/\/swimchannel.net\/br\/wp-content\/uploads\/2022\/09\/OWS_Beau-Vallon-SEY-_2022_02.jpg-845x321-1-768x292.webp 768w, https:\/\/swimchannel.net\/br\/wp-content\/uploads\/2022\/09\/OWS_Beau-Vallon-SEY-_2022_02.jpg-845x321-1-750x285.webp 750w\" sizes=\"auto, (max-width: 845px) 100vw, 845px\" \/><\/p>\n<p>No s\u00e1bado (17) o Brasil ser\u00e1 representado nos 10 km (18-19 anos) por Luiz Felipe Loureiro e Bernardo Marini Gaviali no masculino e\u00a0Cibelle Jungblut e Claudine Concei\u00e7\u00e3o Tekes no feminino.\u00a0Os treinadores brasileiros na competi\u00e7\u00e3o s\u00e3o Christiano Klaser e Luiza Fantoni Maciel.<\/p>\n<p>No d<span class=\"\">omingo \u00e9 tudo sobre o desempenho geral da equipe com os revezamentos.\u00a0<\/span>Atletas de 14 a 16 anos iniciam a competi\u00e7\u00e3o do dia com um Revezamento Misto 4x1500m \u00e0s 8h.\u00a0O evento principal do evento ser\u00e1 a categoria aberta por faixa et\u00e1ria, onde qualquer pessoa de 14 a 19 anos pode competir com as cores de seu pa\u00eds em outro Revezamento Misto 4x1500m.<\/p>\n<p>Os nadadores nascidos entre 2003 e 2008 competir\u00e3o as provas que ser\u00e3o em uma praia bem frequentada e conhecida por suas \u00e1guas claras que t\u00eam uma temperatura esperada de 28\u00b0C a 30\u00b0C, com uma profundidade de 1,4 a 4 metros.\u00a0O evento de 2020 estava programado para ocorrer em Seychelles, mas foi adiado devido ao avan\u00e7o da pandemia.<\/p>\n<figure id=\"attachment_53387\" aria-describedby=\"caption-attachment-53387\" style=\"width: 839px\" class=\"wp-caption alignnone\"><img loading=\"lazy\" decoding=\"async\" class=\"size-full wp-image-53387\" src=\"https:\/\/swimchannel.net\/br\/wp-content\/uploads\/2022\/09\/WhatsApp-Image-2022-09-13-at-9.33.50-AM-1030x773-1.jpeg\" alt=\"\" width=\"839\" height=\"630\" srcset=\"https:\/\/swimchannel.net\/br\/wp-content\/uploads\/2022\/09\/WhatsApp-Image-2022-09-13-at-9.33.50-AM-1030x773-1.jpeg 839w, https:\/\/swimchannel.net\/br\/wp-content\/uploads\/2022\/09\/WhatsApp-Image-2022-09-13-at-9.33.50-AM-1030x773-1-240x180.jpeg 240w, https:\/\/swimchannel.net\/br\/wp-content\/uploads\/2022\/09\/WhatsApp-Image-2022-09-13-at-9.33.50-AM-1030x773-1-768x577.jpeg 768w, https:\/\/swimchannel.net\/br\/wp-content\/uploads\/2022\/09\/WhatsApp-Image-2022-09-13-at-9.33.50-AM-1030x773-1-750x563.jpeg 750w\" sizes=\"auto, (max-width: 839px) 100vw, 839px\" \/><figcaption id=\"caption-attachment-53387\" class=\"wp-caption-text\">Sele\u00e7\u00e3o brasileira em Seychelles &#8211; Foto: Reprodu\u00e7\u00e3o<\/figcaption><\/figure>\n<p><strong>Veja a programa\u00e7\u00e3o de provas aqui:\u00a0<\/strong><br \/>\n16 de setembro \u2013 prova dos 5 km e 7,5 km<br \/>\n17 de setembro \u2013 prova dos 10 km<br \/>\n18 de setembro \u2013 Revezamentos<\/p>\n<p>Saiba mais <a href=\"https:\/\/www.fina.org\/news\/2790634\/open-water-action-whats-to-come-in-mahe-seychelles\">aqui.\u00a0<\/a><\/p>\n","protected":false},"excerpt":{"rendered":"<p>Nesta sexta-feira ser\u00e3o realizadas as primeiras provas da competi\u00e7\u00e3o na bela ilha de Seychelles, na \u00c1frica Oriental<\/p>\n","protected":false},"author":9,"featured_media":49100,"comment_status":"open","ping_status":"open","sticky":false,"template":"","format":"gallery","meta":{"footnotes":""},"categories":[132],"tags":[14,194,593,5003,5,1794],"class_list":["post-53355","post","type-post","status-publish","format-gallery","has-post-thumbnail","hentry","category-campeonato-mundial-junior","tag-aguas-abertas","tag-cbda","tag-mundial-junior","tag-mundial-junior-de-aguas-abertas","tag-natacao","tag-seychelles","post_format-post-format-gallery"],"yoast_head":"<!-- This site is optimized with the Yoast SEO plugin v27.0 - https:\/\/yoast.com\/product\/yoast-seo-wordpress\/ -->\n<title>Campeonato Mundial J\u00fanior de \u00e1guas abertas come\u00e7a amanh\u00e3! - Swimchannel<\/title>\n<meta name=\"robots\" content=\"index, follow, max-snippet:-1, max-image-preview:large, max-video-preview:-1\" \/>\n<link rel=\"canonical\" href=\"https:\/\/swimchannel.net\/br\/campeonato-mundial-junior-de-aguas-abertas-comeca-amanha\/\" \/>\n<meta property=\"og:locale\" content=\"pt_BR\" \/>\n<meta property=\"og:type\" content=\"article\" \/>\n<meta property=\"og:title\" content=\"Campeonato Mundial J\u00fanior de \u00e1guas abertas come\u00e7a amanh\u00e3! - Swimchannel\" \/>\n<meta property=\"og:description\" content=\"Nesta sexta-feira ser\u00e3o realizadas as primeiras provas da competi\u00e7\u00e3o na bela ilha de Seychelles, na \u00c1frica Oriental\" \/>\n<meta property=\"og:url\" content=\"https:\/\/swimchannel.net\/br\/campeonato-mundial-junior-de-aguas-abertas-comeca-amanha\/\" \/>\n<meta property=\"og:site_name\" content=\"Swimchannel\" \/>\n<meta property=\"article:publisher\" content=\"https:\/\/www.facebook.com\/swimchannel\" \/>\n<meta property=\"article:published_time\" content=\"2022-09-15T17:44:00+00:00\" \/>\n<meta property=\"article:modified_time\" content=\"2022-09-15T18:12:28+00:00\" \/>\n<meta property=\"og:image\" content=\"https:\/\/swimchannel.net\/br\/wp-content\/uploads\/2022\/02\/skysports-seychelles-mens-race_4731717.jpg\" \/>\n\t<meta property=\"og:image:width\" content=\"2048\" \/>\n\t<meta property=\"og:image:height\" content=\"1152\" \/>\n\t<meta property=\"og:image:type\" content=\"image\/jpeg\" \/>\n<meta name=\"author\" content=\"Katarine Monteiro\" \/>\n<meta name=\"twitter:card\" content=\"summary_large_image\" \/>\n<meta name=\"twitter:creator\" content=\"@https:\/\/twitter.com\/Katarinem\" \/>\n<meta name=\"twitter:label1\" content=\"Escrito por\" \/>\n\t<meta name=\"twitter:data1\" content=\"Katarine Monteiro\" \/>\n\t<meta name=\"twitter:label2\" content=\"Est. tempo de leitura\" \/>\n\t<meta name=\"twitter:data2\" content=\"2 minutos\" \/>\n<script type=\"application\/ld+json\" class=\"yoast-schema-graph\">{\"@context\":\"https:\/\/schema.org\",\"@graph\":[{\"@type\":\"Article\",\"@id\":\"https:\/\/swimchannel.net\/br\/campeonato-mundial-junior-de-aguas-abertas-comeca-amanha\/#article\",\"isPartOf\":{\"@id\":\"https:\/\/swimchannel.net\/br\/campeonato-mundial-junior-de-aguas-abertas-comeca-amanha\/\"},\"author\":{\"name\":\"Katarine Monteiro\",\"@id\":\"https:\/\/swimchannel.net\/br\/#\/schema\/person\/73ae9cec62249968bca1f0a8098ef002\"},\"headline\":\"Campeonato Mundial J\u00fanior de \u00e1guas abertas come\u00e7a amanh\u00e3!\",\"datePublished\":\"2022-09-15T17:44:00+00:00\",\"dateModified\":\"2022-09-15T18:12:28+00:00\",\"mainEntityOfPage\":{\"@id\":\"https:\/\/swimchannel.net\/br\/campeonato-mundial-junior-de-aguas-abertas-comeca-amanha\/\"},\"wordCount\":368,\"commentCount\":0,\"publisher\":{\"@id\":\"https:\/\/swimchannel.net\/br\/#organization\"},\"image\":{\"@id\":\"https:\/\/swimchannel.net\/br\/campeonato-mundial-junior-de-aguas-abertas-comeca-amanha\/#primaryimage\"},\"thumbnailUrl\":\"https:\/\/swimchannel.net\/br\/wp-content\/uploads\/2022\/02\/skysports-seychelles-mens-race_4731717.jpg\",\"keywords\":[\"\u00c1guas abertas\",\"CBDA\",\"Mundial J\u00fanior\",\"Mundial J\u00fanior de \u00e1guas abertas\",\"natacao\",\"Seychelles\"],\"articleSection\":[\"Campeonato Mundial J\u00fanior\"],\"inLanguage\":\"pt-BR\",\"potentialAction\":[{\"@type\":\"CommentAction\",\"name\":\"Comment\",\"target\":[\"https:\/\/swimchannel.net\/br\/campeonato-mundial-junior-de-aguas-abertas-comeca-amanha\/#respond\"]}]},{\"@type\":\"WebPage\",\"@id\":\"https:\/\/swimchannel.net\/br\/campeonato-mundial-junior-de-aguas-abertas-comeca-amanha\/\",\"url\":\"https:\/\/swimchannel.net\/br\/campeonato-mundial-junior-de-aguas-abertas-comeca-amanha\/\",\"name\":\"Campeonato Mundial J\u00fanior de \u00e1guas abertas come\u00e7a amanh\u00e3! - Swimchannel\",\"isPartOf\":{\"@id\":\"https:\/\/swimchannel.net\/br\/#website\"},\"primaryImageOfPage\":{\"@id\":\"https:\/\/swimchannel.net\/br\/campeonato-mundial-junior-de-aguas-abertas-comeca-amanha\/#primaryimage\"},\"image\":{\"@id\":\"https:\/\/swimchannel.net\/br\/campeonato-mundial-junior-de-aguas-abertas-comeca-amanha\/#primaryimage\"},\"thumbnailUrl\":\"https:\/\/swimchannel.net\/br\/wp-content\/uploads\/2022\/02\/skysports-seychelles-mens-race_4731717.jpg\",\"datePublished\":\"2022-09-15T17:44:00+00:00\",\"dateModified\":\"2022-09-15T18:12:28+00:00\",\"breadcrumb\":{\"@id\":\"https:\/\/swimchannel.net\/br\/campeonato-mundial-junior-de-aguas-abertas-comeca-amanha\/#breadcrumb\"},\"inLanguage\":\"pt-BR\",\"potentialAction\":[{\"@type\":\"ReadAction\",\"target\":[\"https:\/\/swimchannel.net\/br\/campeonato-mundial-junior-de-aguas-abertas-comeca-amanha\/\"]}]},{\"@type\":\"ImageObject\",\"inLanguage\":\"pt-BR\",\"@id\":\"https:\/\/swimchannel.net\/br\/campeonato-mundial-junior-de-aguas-abertas-comeca-amanha\/#primaryimage\",\"url\":\"https:\/\/swimchannel.net\/br\/wp-content\/uploads\/2022\/02\/skysports-seychelles-mens-race_4731717.jpg\",\"contentUrl\":\"https:\/\/swimchannel.net\/br\/wp-content\/uploads\/2022\/02\/skysports-seychelles-mens-race_4731717.jpg\",\"width\":2048,\"height\":1152,\"caption\":\"Prova da FINA em Seychelles - Foto: Reprodu\u00e7\u00e3o\"},{\"@type\":\"BreadcrumbList\",\"@id\":\"https:\/\/swimchannel.net\/br\/campeonato-mundial-junior-de-aguas-abertas-comeca-amanha\/#breadcrumb\",\"itemListElement\":[{\"@type\":\"ListItem\",\"position\":1,\"name\":\"Home\",\"item\":\"https:\/\/swimchannel.net\/br\/\"},{\"@type\":\"ListItem\",\"position\":2,\"name\":\"Campeonato Mundial J\u00fanior de \u00e1guas abertas come\u00e7a amanh\u00e3!\"}]},{\"@type\":\"WebSite\",\"@id\":\"https:\/\/swimchannel.net\/br\/#website\",\"url\":\"https:\/\/swimchannel.net\/br\/\",\"name\":\"Swimchannel\",\"description\":\"Maior portal de nata\u00e7\u00e3o da america latina\",\"publisher\":{\"@id\":\"https:\/\/swimchannel.net\/br\/#organization\"},\"potentialAction\":[{\"@type\":\"SearchAction\",\"target\":{\"@type\":\"EntryPoint\",\"urlTemplate\":\"https:\/\/swimchannel.net\/br\/?s={search_term_string}\"},\"query-input\":{\"@type\":\"PropertyValueSpecification\",\"valueRequired\":true,\"valueName\":\"search_term_string\"}}],\"inLanguage\":\"pt-BR\"},{\"@type\":\"Organization\",\"@id\":\"https:\/\/swimchannel.net\/br\/#organization\",\"name\":\"Swimchannel - Conectando voc\u00ea a Nata\u00e7\u00e3o\",\"url\":\"https:\/\/swimchannel.net\/br\/\",\"logo\":{\"@type\":\"ImageObject\",\"inLanguage\":\"pt-BR\",\"@id\":\"https:\/\/swimchannel.net\/br\/#\/schema\/logo\/image\/\",\"url\":\"https:\/\/swimchannel.net\/br\/wp-content\/uploads\/2026\/02\/SWIM-CHANNEL.png\",\"contentUrl\":\"https:\/\/swimchannel.net\/br\/wp-content\/uploads\/2026\/02\/SWIM-CHANNEL.png\",\"width\":1120,\"height\":630,\"caption\":\"Swimchannel - Conectando voc\u00ea a Nata\u00e7\u00e3o\"},\"image\":{\"@id\":\"https:\/\/swimchannel.net\/br\/#\/schema\/logo\/image\/\"},\"sameAs\":[\"https:\/\/www.facebook.com\/swimchannel\",\"https:\/\/www.instagram.com\/swimchannel\"]},{\"@type\":\"Person\",\"@id\":\"https:\/\/swimchannel.net\/br\/#\/schema\/person\/73ae9cec62249968bca1f0a8098ef002\",\"name\":\"Katarine Monteiro\",\"image\":{\"@type\":\"ImageObject\",\"inLanguage\":\"pt-BR\",\"@id\":\"https:\/\/swimchannel.net\/br\/#\/schema\/person\/image\/\",\"url\":\"https:\/\/swimchannel.net\/br\/wp-content\/uploads\/2022\/01\/Katarine-Monteiro-100x100.jpg\",\"contentUrl\":\"https:\/\/swimchannel.net\/br\/wp-content\/uploads\/2022\/01\/Katarine-Monteiro-100x100.jpg\",\"caption\":\"Katarine Monteiro\"},\"description\":\"Jornalista SWIM CHANNEL especializada em esportes ol\u00edmpicos e em sa\u00fade. Com cobertura de grandes eventos internacionais, como Jogos Ol\u00edmpicos Rio 2016, Jogos Pan-Americanos em Lima 2019, Qatar Total Open 2020, Qatar ExxonMobil Open 2019 - t\u00eanis em Doha (QT), Semana Internacional de Vela de Ilhabela, Transat Jacques Vabre 2019 (Fran\u00e7a-Brasil), L'\u00c9tape Brasil by Tour de France, j\u00e1 fez in\u00fameras coberturas de nata\u00e7\u00e3o, maratona aqu\u00e1tica e polo aqu\u00e1tico. Formada tamb\u00e9m em Letras, a jornalista atua como assessora de imprensa, rela\u00e7\u00f5es p\u00fablicas e social media, com especializa\u00e7\u00e3o em marketing esportivo. Nadadora amadora de \u00e1guas abertas, j\u00e1 trabalhou com grandes nomes da nata\u00e7\u00e3o e do polo aqu\u00e1tico brasileiro.\",\"sameAs\":[\"https:\/\/www.instagram.com\/_katarinemonteiro\/\",\"https:\/\/www.linkedin.com\/in\/katarine-monteiro-19385297\/\",\"https:\/\/x.com\/https:\/\/twitter.com\/Katarinem\"],\"url\":\"https:\/\/swimchannel.net\/br\/author\/katarine-monteiro\/\"}]}<\/script>\n<!-- \/ Yoast SEO plugin. -->","yoast_head_json":{"title":"Campeonato Mundial J\u00fanior de \u00e1guas abertas come\u00e7a amanh\u00e3! - Swimchannel","robots":{"index":"index","follow":"follow","max-snippet":"max-snippet:-1","max-image-preview":"max-image-preview:large","max-video-preview":"max-video-preview:-1"},"canonical":"https:\/\/swimchannel.net\/br\/campeonato-mundial-junior-de-aguas-abertas-comeca-amanha\/","og_locale":"pt_BR","og_type":"article","og_title":"Campeonato Mundial J\u00fanior de \u00e1guas abertas come\u00e7a amanh\u00e3! - Swimchannel","og_description":"Nesta sexta-feira ser\u00e3o realizadas as primeiras provas da competi\u00e7\u00e3o na bela ilha de Seychelles, na \u00c1frica Oriental","og_url":"https:\/\/swimchannel.net\/br\/campeonato-mundial-junior-de-aguas-abertas-comeca-amanha\/","og_site_name":"Swimchannel","article_publisher":"https:\/\/www.facebook.com\/swimchannel","article_published_time":"2022-09-15T17:44:00+00:00","article_modified_time":"2022-09-15T18:12:28+00:00","og_image":[{"width":2048,"height":1152,"url":"https:\/\/swimchannel.net\/br\/wp-content\/uploads\/2022\/02\/skysports-seychelles-mens-race_4731717.jpg","type":"image\/jpeg"}],"author":"Katarine Monteiro","twitter_card":"summary_large_image","twitter_creator":"@https:\/\/twitter.com\/Katarinem","twitter_misc":{"Escrito por":"Katarine Monteiro","Est. tempo de leitura":"2 minutos"},"schema":{"@context":"https:\/\/schema.org","@graph":[{"@type":"Article","@id":"https:\/\/swimchannel.net\/br\/campeonato-mundial-junior-de-aguas-abertas-comeca-amanha\/#article","isPartOf":{"@id":"https:\/\/swimchannel.net\/br\/campeonato-mundial-junior-de-aguas-abertas-comeca-amanha\/"},"author":{"name":"Katarine Monteiro","@id":"https:\/\/swimchannel.net\/br\/#\/schema\/person\/73ae9cec62249968bca1f0a8098ef002"},"headline":"Campeonato Mundial J\u00fanior de \u00e1guas abertas come\u00e7a amanh\u00e3!","datePublished":"2022-09-15T17:44:00+00:00","dateModified":"2022-09-15T18:12:28+00:00","mainEntityOfPage":{"@id":"https:\/\/swimchannel.net\/br\/campeonato-mundial-junior-de-aguas-abertas-comeca-amanha\/"},"wordCount":368,"commentCount":0,"publisher":{"@id":"https:\/\/swimchannel.net\/br\/#organization"},"image":{"@id":"https:\/\/swimchannel.net\/br\/campeonato-mundial-junior-de-aguas-abertas-comeca-amanha\/#primaryimage"},"thumbnailUrl":"https:\/\/swimchannel.net\/br\/wp-content\/uploads\/2022\/02\/skysports-seychelles-mens-race_4731717.jpg","keywords":["\u00c1guas abertas","CBDA","Mundial J\u00fanior","Mundial J\u00fanior de \u00e1guas abertas","natacao","Seychelles"],"articleSection":["Campeonato Mundial J\u00fanior"],"inLanguage":"pt-BR","potentialAction":[{"@type":"CommentAction","name":"Comment","target":["https:\/\/swimchannel.net\/br\/campeonato-mundial-junior-de-aguas-abertas-comeca-amanha\/#respond"]}]},{"@type":"WebPage","@id":"https:\/\/swimchannel.net\/br\/campeonato-mundial-junior-de-aguas-abertas-comeca-amanha\/","url":"https:\/\/swimchannel.net\/br\/campeonato-mundial-junior-de-aguas-abertas-comeca-amanha\/","name":"Campeonato Mundial J\u00fanior de \u00e1guas abertas come\u00e7a amanh\u00e3! - Swimchannel","isPartOf":{"@id":"https:\/\/swimchannel.net\/br\/#website"},"primaryImageOfPage":{"@id":"https:\/\/swimchannel.net\/br\/campeonato-mundial-junior-de-aguas-abertas-comeca-amanha\/#primaryimage"},"image":{"@id":"https:\/\/swimchannel.net\/br\/campeonato-mundial-junior-de-aguas-abertas-comeca-amanha\/#primaryimage"},"thumbnailUrl":"https:\/\/swimchannel.net\/br\/wp-content\/uploads\/2022\/02\/skysports-seychelles-mens-race_4731717.jpg","datePublished":"2022-09-15T17:44:00+00:00","dateModified":"2022-09-15T18:12:28+00:00","breadcrumb":{"@id":"https:\/\/swimchannel.net\/br\/campeonato-mundial-junior-de-aguas-abertas-comeca-amanha\/#breadcrumb"},"inLanguage":"pt-BR","potentialAction":[{"@type":"ReadAction","target":["https:\/\/swimchannel.net\/br\/campeonato-mundial-junior-de-aguas-abertas-comeca-amanha\/"]}]},{"@type":"ImageObject","inLanguage":"pt-BR","@id":"https:\/\/swimchannel.net\/br\/campeonato-mundial-junior-de-aguas-abertas-comeca-amanha\/#primaryimage","url":"https:\/\/swimchannel.net\/br\/wp-content\/uploads\/2022\/02\/skysports-seychelles-mens-race_4731717.jpg","contentUrl":"https:\/\/swimchannel.net\/br\/wp-content\/uploads\/2022\/02\/skysports-seychelles-mens-race_4731717.jpg","width":2048,"height":1152,"caption":"Prova da FINA em Seychelles - Foto: Reprodu\u00e7\u00e3o"},{"@type":"BreadcrumbList","@id":"https:\/\/swimchannel.net\/br\/campeonato-mundial-junior-de-aguas-abertas-comeca-amanha\/#breadcrumb","itemListElement":[{"@type":"ListItem","position":1,"name":"Home","item":"https:\/\/swimchannel.net\/br\/"},{"@type":"ListItem","position":2,"name":"Campeonato Mundial J\u00fanior de \u00e1guas abertas come\u00e7a amanh\u00e3!"}]},{"@type":"WebSite","@id":"https:\/\/swimchannel.net\/br\/#website","url":"https:\/\/swimchannel.net\/br\/","name":"Swimchannel","description":"Maior portal de nata\u00e7\u00e3o da america latina","publisher":{"@id":"https:\/\/swimchannel.net\/br\/#organization"},"potentialAction":[{"@type":"SearchAction","target":{"@type":"EntryPoint","urlTemplate":"https:\/\/swimchannel.net\/br\/?s={search_term_string}"},"query-input":{"@type":"PropertyValueSpecification","valueRequired":true,"valueName":"search_term_string"}}],"inLanguage":"pt-BR"},{"@type":"Organization","@id":"https:\/\/swimchannel.net\/br\/#organization","name":"Swimchannel - Conectando voc\u00ea a Nata\u00e7\u00e3o","url":"https:\/\/swimchannel.net\/br\/","logo":{"@type":"ImageObject","inLanguage":"pt-BR","@id":"https:\/\/swimchannel.net\/br\/#\/schema\/logo\/image\/","url":"https:\/\/swimchannel.net\/br\/wp-content\/uploads\/2026\/02\/SWIM-CHANNEL.png","contentUrl":"https:\/\/swimchannel.net\/br\/wp-content\/uploads\/2026\/02\/SWIM-CHANNEL.png","width":1120,"height":630,"caption":"Swimchannel - Conectando voc\u00ea a Nata\u00e7\u00e3o"},"image":{"@id":"https:\/\/swimchannel.net\/br\/#\/schema\/logo\/image\/"},"sameAs":["https:\/\/www.facebook.com\/swimchannel","https:\/\/www.instagram.com\/swimchannel"]},{"@type":"Person","@id":"https:\/\/swimchannel.net\/br\/#\/schema\/person\/73ae9cec62249968bca1f0a8098ef002","name":"Katarine Monteiro","image":{"@type":"ImageObject","inLanguage":"pt-BR","@id":"https:\/\/swimchannel.net\/br\/#\/schema\/person\/image\/","url":"https:\/\/swimchannel.net\/br\/wp-content\/uploads\/2022\/01\/Katarine-Monteiro-100x100.jpg","contentUrl":"https:\/\/swimchannel.net\/br\/wp-content\/uploads\/2022\/01\/Katarine-Monteiro-100x100.jpg","caption":"Katarine Monteiro"},"description":"Jornalista SWIM CHANNEL especializada em esportes ol\u00edmpicos e em sa\u00fade. Com cobertura de grandes eventos internacionais, como Jogos Ol\u00edmpicos Rio 2016, Jogos Pan-Americanos em Lima 2019, Qatar Total Open 2020, Qatar ExxonMobil Open 2019 - t\u00eanis em Doha (QT), Semana Internacional de Vela de Ilhabela, Transat Jacques Vabre 2019 (Fran\u00e7a-Brasil), L'\u00c9tape Brasil by Tour de France, j\u00e1 fez in\u00fameras coberturas de nata\u00e7\u00e3o, maratona aqu\u00e1tica e polo aqu\u00e1tico. Formada tamb\u00e9m em Letras, a jornalista atua como assessora de imprensa, rela\u00e7\u00f5es p\u00fablicas e social media, com especializa\u00e7\u00e3o em marketing esportivo. Nadadora amadora de \u00e1guas abertas, j\u00e1 trabalhou com grandes nomes da nata\u00e7\u00e3o e do polo aqu\u00e1tico brasileiro.","sameAs":["https:\/\/www.instagram.com\/_katarinemonteiro\/","https:\/\/www.linkedin.com\/in\/katarine-monteiro-19385297\/","https:\/\/x.com\/https:\/\/twitter.com\/Katarinem"],"url":"https:\/\/swimchannel.net\/br\/author\/katarine-monteiro\/"}]}},"_links":{"self":[{"href":"https:\/\/swimchannel.net\/br\/wp-json\/wp\/v2\/posts\/53355","targetHints":{"allow":["GET"]}}],"collection":[{"href":"https:\/\/swimchannel.net\/br\/wp-json\/wp\/v2\/posts"}],"about":[{"href":"https:\/\/swimchannel.net\/br\/wp-json\/wp\/v2\/types\/post"}],"author":[{"embeddable":true,"href":"https:\/\/swimchannel.net\/br\/wp-json\/wp\/v2\/users\/9"}],"replies":[{"embeddable":true,"href":"https:\/\/swimchannel.net\/br\/wp-json\/wp\/v2\/comments?post=53355"}],"version-history":[{"count":6,"href":"https:\/\/swimchannel.net\/br\/wp-json\/wp\/v2\/posts\/53355\/revisions"}],"predecessor-version":[{"id":53388,"href":"https:\/\/swimchannel.net\/br\/wp-json\/wp\/v2\/posts\/53355\/revisions\/53388"}],"wp:featuredmedia":[{"embeddable":true,"href":"https:\/\/swimchannel.net\/br\/wp-json\/wp\/v2\/media\/49100"}],"wp:attachment":[{"href":"https:\/\/swimchannel.net\/br\/wp-json\/wp\/v2\/media?parent=53355"}],"wp:term":[{"taxonomy":"category","embeddable":true,"href":"https:\/\/swimchannel.net\/br\/wp-json\/wp\/v2\/categories?post=53355"},{"taxonomy":"post_tag","embeddable":true,"href":"https:\/\/swimchannel.net\/br\/wp-json\/wp\/v2\/tags?post=53355"}],"curies":[{"name":"wp","href":"https:\/\/api.w.org\/{rel}","templated":true}]}}