{"id":53792,"date":"2022-10-13T22:50:52","date_gmt":"2022-10-14T01:50:52","guid":{"rendered":"https:\/\/swimchannel.net\/br\/?p=53792"},"modified":"2026-03-19T12:19:40","modified_gmt":"2026-03-19T15:19:40","slug":"franca-organiza-seu-campeonato-de-natacao-de-inverno-em-aguas-geladas","status":"publish","type":"post","link":"https:\/\/swimchannel.net\/br\/franca-organiza-seu-campeonato-de-natacao-de-inverno-em-aguas-geladas\/","title":{"rendered":"Fran\u00e7a organiza seu Campeonato de Nata\u00e7\u00e3o de Inverno em \u00e1guas geladas"},"content":{"rendered":"<p>A Fran\u00e7a est\u00e1 anunciando o seu Campeonato Nacional de Nata\u00e7\u00e3o de Inverno para a cidade de Meg\u00e9ve, de 9 a 11 de dezembro. A cidade conhecida por ser um dos destinos para a pr\u00e1tica do esqui na neve e resorts de luxo, est\u00e1 localizada nos Alpes Franceses e vai receber a nova edi\u00e7\u00e3o do certame, agora todo regulamentado e sob a organiza\u00e7\u00e3o da Federa\u00e7\u00e3o Francesa de Nata\u00e7\u00e3o.<\/p>\n<p>O Campeonato de Nata\u00e7\u00e3o Franc\u00eas de Inverno tem algumas regras bem interessantes e a principal delas \u00e9 a temperatura da \u00e1gua. A competi\u00e7\u00e3o s\u00f3 acontece se a \u00e1gua estiver a menos de 10 graus Celsius, e se for abaixo de 5 graus, o campeonato acontece, apenas muda de nome. Deixa de ser &#8220;campeonato de \u00e1gua fria&#8221; para se tornar &#8220;campeonato de \u00e1gua gelada&#8221;.<\/p>\n<p>Com a temperatura local em Meg\u00e9ve no m\u00eas de dezembro oscila entre 4 graus na temperatura m\u00e1xima at\u00e9 4 graus negativos na m\u00ednima, \u00e9 bem prov\u00e1vel que o certame seja de &#8220;\u00e1guas geladas&#8221;.<\/p>\n<p>Restrito a nadadores filiados a Federa\u00e7\u00e3o Francesa e somente para maiores de 18 anos, o evento ainda tem outros aspectos de controle como exame m\u00e9dico pr\u00e9vio e at\u00e9 mesmo orienta\u00e7\u00f5es de entrada na \u00e1gua para as provas. Por quest\u00f5es de seguran\u00e7a, \u00e9 proibido entrar saltando, os atletas devem entrar progressivamente e seguir a orienta\u00e7\u00e3o da arbitragem.<\/p>\n<p>Na regra consta a seguinte ordem:<br \/>\n&#8211; &#8220;Tirem as roupas&#8221;<br \/>\n&#8211; &#8220;Entrem na \u00e1gua&#8221; (5 segundos)<br \/>\n&#8211; &#8220;As suas marcas&#8221; (3 segundos)<\/p>\n<p>Dentro d&#8217;\u00e1gua, atletas devem estar com uma m\u00e3o na borda aguardando o sinal de partida. E ainda ao iniciar a prova, n\u00e3o podem ficar mais de 5 metros submersos. Esta regra vale tamb\u00e9m para as viradas, que devem ser executadas com o toque e a sa\u00edda com as m\u00e3os. As chamadas &#8220;viradas ol\u00edmpicas&#8221; s\u00e3o proibidas. Fora isso, seguem-se as regras da FINA.<\/p>\n<figure id=\"attachment_53793\" aria-describedby=\"caption-attachment-53793\" style=\"width: 420px\" class=\"wp-caption aligncenter\"><img loading=\"lazy\" decoding=\"async\" class=\"wp-image-53793 size-full\" src=\"https:\/\/swimchannel.net\/br\/wp-content\/uploads\/2022\/10\/311256439_5529946180426955_7876723339554484341_n.jpg\" alt=\"\" width=\"420\" height=\"630\" srcset=\"https:\/\/swimchannel.net\/br\/wp-content\/uploads\/2022\/10\/311256439_5529946180426955_7876723339554484341_n.jpg 420w, https:\/\/swimchannel.net\/br\/wp-content\/uploads\/2022\/10\/311256439_5529946180426955_7876723339554484341_n-120x180.jpg 120w\" sizes=\"auto, (max-width: 420px) 100vw, 420px\" \/><figcaption id=\"caption-attachment-53793\" class=\"wp-caption-text\">Banner do evento &#8211; Foto: Reprodu\u00e7\u00e3o<\/figcaption><\/figure>\n<p>Um programa extenso de provas, mas apenas tr\u00eas dias em regras espec\u00edficas e muito interessantes. Confira algumas delas:<\/p>\n<p>* deve ser realizado em lagos ou rios, e a temperatura da \u00e1gua deve ser medida antes do in\u00edcio das provas.<br \/>\n* programa de provas inclui 50m, 100m, 250m, 500m e 1000m livre, 50m e 100m costas, 50m, 100m e 200m peito, 50m e 100m borboleta.<br \/>\n* se algu\u00e9m sair antes, a desclassifica\u00e7\u00e3o vem depois, nada de repetir a prova.<br \/>\n* os atletas devem executar a prova sem parar, s\u00e3o proibidas os intervalos longos e muito menos o toque com o p\u00e9 no fundo.<br \/>\n* ao final da prova, os atletas podem sair imediatamente da \u00e1gua, sem necessidade de esperar por seus advers\u00e1rios.<\/p>\n<p>Provas de nata\u00e7\u00e3o em \u00e1guas geladas s\u00e3o bastante comum na Europa, especialmente em dezembro e ainda mais entre o Natal e o Ano Novo. A Fran\u00e7a est\u00e1 incrementando ainda mais esta disputa trazendo para as competi\u00e7\u00f5es de \u00e1guas geladas um outro padr\u00e3o de disputa e organiza\u00e7\u00e3o.<\/p>\n<p>Inscri\u00e7\u00f5es est\u00e3o abertas e s\u00e3o permitidas participa\u00e7\u00f5es de nadadores estrangeiros. Algu\u00e9m se habilita?<\/p>\n<p>Link para mais informa\u00e7\u00f5es no site da Federa\u00e7\u00e3o Francesa de Nata\u00e7\u00e3o:<br \/>\n<a href=\"https:\/\/ffn.extranat.fr\/webffn\/dossiers.php?idact=eau&amp;fbclid=IwAR3nO2GHU1Edcla5uBuSvt7zZbyJucuHg96RvLC9-16syZRDg0iOvM8GFmk\">https:\/\/ffn.extranat.fr\/webffn\/dossiers.php?idact=eau&amp;fbclid=IwAR3nO2GHU1Edcla5uBuSvt7zZbyJucuHg96RvLC9-16syZRDg0iOvM8GFmk<\/a><\/p>\n","protected":false},"excerpt":{"rendered":"<p>Um movimento que pode acabar por incluir a nata\u00e7\u00e3o nos Jogos Ol\u00edmpicos de Inverno!<\/p>\n","protected":false},"author":12,"featured_media":0,"comment_status":"open","ping_status":"open","sticky":false,"template":"","format":"gallery","meta":{"footnotes":""},"categories":[137],"tags":[5039,326,4575,5],"class_list":["post-53792","post","type-post","status-publish","format-gallery","hentry","category-natacao","tag-campeonato-frances-de-inverno","tag-franca","tag-jogos-olimpicos-de-inverno","tag-natacao","post_format-post-format-gallery"],"yoast_head":"<!-- This site is optimized with the Yoast SEO plugin v27.0 - https:\/\/yoast.com\/product\/yoast-seo-wordpress\/ -->\n<title>Fran\u00e7a organiza seu Campeonato de Nata\u00e7\u00e3o de Inverno em \u00e1guas geladas - Swimchannel<\/title>\n<meta name=\"robots\" content=\"index, follow, max-snippet:-1, max-image-preview:large, max-video-preview:-1\" \/>\n<link rel=\"canonical\" href=\"https:\/\/swimchannel.net\/br\/franca-organiza-seu-campeonato-de-natacao-de-inverno-em-aguas-geladas\/\" \/>\n<meta property=\"og:locale\" content=\"pt_BR\" \/>\n<meta property=\"og:type\" content=\"article\" \/>\n<meta property=\"og:title\" content=\"Fran\u00e7a organiza seu Campeonato de Nata\u00e7\u00e3o de Inverno em \u00e1guas geladas - Swimchannel\" \/>\n<meta property=\"og:description\" content=\"Um movimento que pode acabar por incluir a nata\u00e7\u00e3o nos Jogos Ol\u00edmpicos de Inverno!\" \/>\n<meta property=\"og:url\" content=\"https:\/\/swimchannel.net\/br\/franca-organiza-seu-campeonato-de-natacao-de-inverno-em-aguas-geladas\/\" \/>\n<meta property=\"og:site_name\" content=\"Swimchannel\" \/>\n<meta property=\"article:publisher\" content=\"https:\/\/www.facebook.com\/swimchannel\" \/>\n<meta property=\"article:published_time\" content=\"2022-10-14T01:50:52+00:00\" \/>\n<meta property=\"article:modified_time\" content=\"2026-03-19T15:19:40+00:00\" \/>\n<meta property=\"og:image\" content=\"https:\/\/swimchannel.net\/br\/wp-content\/uploads\/2022\/10\/311256439_5529946180426955_7876723339554484341_n.jpg\" \/>\n\t<meta property=\"og:image:width\" content=\"420\" \/>\n\t<meta property=\"og:image:height\" content=\"630\" \/>\n\t<meta property=\"og:image:type\" content=\"image\/jpeg\" \/>\n<meta name=\"author\" content=\"Alex Pussieldi\" \/>\n<meta name=\"twitter:card\" content=\"summary_large_image\" \/>\n<meta name=\"twitter:label1\" content=\"Escrito por\" \/>\n\t<meta name=\"twitter:data1\" content=\"Alex Pussieldi\" \/>\n\t<meta name=\"twitter:label2\" content=\"Est. tempo de leitura\" \/>\n\t<meta name=\"twitter:data2\" content=\"3 minutos\" \/>\n<script type=\"application\/ld+json\" class=\"yoast-schema-graph\">{\"@context\":\"https:\/\/schema.org\",\"@graph\":[{\"@type\":\"Article\",\"@id\":\"https:\/\/swimchannel.net\/br\/franca-organiza-seu-campeonato-de-natacao-de-inverno-em-aguas-geladas\/#article\",\"isPartOf\":{\"@id\":\"https:\/\/swimchannel.net\/br\/franca-organiza-seu-campeonato-de-natacao-de-inverno-em-aguas-geladas\/\"},\"author\":{\"name\":\"Alex Pussieldi\",\"@id\":\"https:\/\/swimchannel.net\/br\/#\/schema\/person\/cf549cb99cf75592fcf7c76213385e63\"},\"headline\":\"Fran\u00e7a organiza seu Campeonato de Nata\u00e7\u00e3o de Inverno em \u00e1guas geladas\",\"datePublished\":\"2022-10-14T01:50:52+00:00\",\"dateModified\":\"2026-03-19T15:19:40+00:00\",\"mainEntityOfPage\":{\"@id\":\"https:\/\/swimchannel.net\/br\/franca-organiza-seu-campeonato-de-natacao-de-inverno-em-aguas-geladas\/\"},\"wordCount\":577,\"commentCount\":2,\"publisher\":{\"@id\":\"https:\/\/swimchannel.net\/br\/#organization\"},\"image\":{\"@id\":\"https:\/\/swimchannel.net\/br\/franca-organiza-seu-campeonato-de-natacao-de-inverno-em-aguas-geladas\/#primaryimage\"},\"thumbnailUrl\":\"https:\/\/swimchannel.net\/br\/wp-content\/uploads\/2022\/10\/311256439_5529946180426955_7876723339554484341_n.jpg\",\"keywords\":[\"Campeonato Franc\u00eas de Inverno\",\"Fran\u00e7a\",\"Jogos Ol\u00edmpicos de inverno\",\"natacao\"],\"articleSection\":[\"Nata\u00e7\u00e3o\"],\"inLanguage\":\"pt-BR\",\"potentialAction\":[{\"@type\":\"CommentAction\",\"name\":\"Comment\",\"target\":[\"https:\/\/swimchannel.net\/br\/franca-organiza-seu-campeonato-de-natacao-de-inverno-em-aguas-geladas\/#respond\"]}]},{\"@type\":\"WebPage\",\"@id\":\"https:\/\/swimchannel.net\/br\/franca-organiza-seu-campeonato-de-natacao-de-inverno-em-aguas-geladas\/\",\"url\":\"https:\/\/swimchannel.net\/br\/franca-organiza-seu-campeonato-de-natacao-de-inverno-em-aguas-geladas\/\",\"name\":\"Fran\u00e7a organiza seu Campeonato de Nata\u00e7\u00e3o de Inverno em \u00e1guas geladas - Swimchannel\",\"isPartOf\":{\"@id\":\"https:\/\/swimchannel.net\/br\/#website\"},\"primaryImageOfPage\":{\"@id\":\"https:\/\/swimchannel.net\/br\/franca-organiza-seu-campeonato-de-natacao-de-inverno-em-aguas-geladas\/#primaryimage\"},\"image\":{\"@id\":\"https:\/\/swimchannel.net\/br\/franca-organiza-seu-campeonato-de-natacao-de-inverno-em-aguas-geladas\/#primaryimage\"},\"thumbnailUrl\":\"https:\/\/swimchannel.net\/br\/wp-content\/uploads\/2022\/10\/311256439_5529946180426955_7876723339554484341_n.jpg\",\"datePublished\":\"2022-10-14T01:50:52+00:00\",\"dateModified\":\"2026-03-19T15:19:40+00:00\",\"breadcrumb\":{\"@id\":\"https:\/\/swimchannel.net\/br\/franca-organiza-seu-campeonato-de-natacao-de-inverno-em-aguas-geladas\/#breadcrumb\"},\"inLanguage\":\"pt-BR\",\"potentialAction\":[{\"@type\":\"ReadAction\",\"target\":[\"https:\/\/swimchannel.net\/br\/franca-organiza-seu-campeonato-de-natacao-de-inverno-em-aguas-geladas\/\"]}]},{\"@type\":\"ImageObject\",\"inLanguage\":\"pt-BR\",\"@id\":\"https:\/\/swimchannel.net\/br\/franca-organiza-seu-campeonato-de-natacao-de-inverno-em-aguas-geladas\/#primaryimage\",\"url\":\"https:\/\/swimchannel.net\/br\/wp-content\/uploads\/2022\/10\/311256439_5529946180426955_7876723339554484341_n.jpg\",\"contentUrl\":\"https:\/\/swimchannel.net\/br\/wp-content\/uploads\/2022\/10\/311256439_5529946180426955_7876723339554484341_n.jpg\",\"width\":420,\"height\":630},{\"@type\":\"BreadcrumbList\",\"@id\":\"https:\/\/swimchannel.net\/br\/franca-organiza-seu-campeonato-de-natacao-de-inverno-em-aguas-geladas\/#breadcrumb\",\"itemListElement\":[{\"@type\":\"ListItem\",\"position\":1,\"name\":\"Home\",\"item\":\"https:\/\/swimchannel.net\/br\/\"},{\"@type\":\"ListItem\",\"position\":2,\"name\":\"Fran\u00e7a organiza seu Campeonato de Nata\u00e7\u00e3o de Inverno em \u00e1guas geladas\"}]},{\"@type\":\"WebSite\",\"@id\":\"https:\/\/swimchannel.net\/br\/#website\",\"url\":\"https:\/\/swimchannel.net\/br\/\",\"name\":\"Swimchannel\",\"description\":\"Maior portal de nata\u00e7\u00e3o da america latina\",\"publisher\":{\"@id\":\"https:\/\/swimchannel.net\/br\/#organization\"},\"potentialAction\":[{\"@type\":\"SearchAction\",\"target\":{\"@type\":\"EntryPoint\",\"urlTemplate\":\"https:\/\/swimchannel.net\/br\/?s={search_term_string}\"},\"query-input\":{\"@type\":\"PropertyValueSpecification\",\"valueRequired\":true,\"valueName\":\"search_term_string\"}}],\"inLanguage\":\"pt-BR\"},{\"@type\":\"Organization\",\"@id\":\"https:\/\/swimchannel.net\/br\/#organization\",\"name\":\"Swimchannel - Conectando voc\u00ea a Nata\u00e7\u00e3o\",\"url\":\"https:\/\/swimchannel.net\/br\/\",\"logo\":{\"@type\":\"ImageObject\",\"inLanguage\":\"pt-BR\",\"@id\":\"https:\/\/swimchannel.net\/br\/#\/schema\/logo\/image\/\",\"url\":\"https:\/\/swimchannel.net\/br\/wp-content\/uploads\/2026\/02\/SWIM-CHANNEL.png\",\"contentUrl\":\"https:\/\/swimchannel.net\/br\/wp-content\/uploads\/2026\/02\/SWIM-CHANNEL.png\",\"width\":1120,\"height\":630,\"caption\":\"Swimchannel - Conectando voc\u00ea a Nata\u00e7\u00e3o\"},\"image\":{\"@id\":\"https:\/\/swimchannel.net\/br\/#\/schema\/logo\/image\/\"},\"sameAs\":[\"https:\/\/www.facebook.com\/swimchannel\",\"https:\/\/www.instagram.com\/swimchannel\"]},{\"@type\":\"Person\",\"@id\":\"https:\/\/swimchannel.net\/br\/#\/schema\/person\/cf549cb99cf75592fcf7c76213385e63\",\"name\":\"Alex Pussieldi\",\"image\":{\"@type\":\"ImageObject\",\"inLanguage\":\"pt-BR\",\"@id\":\"https:\/\/swimchannel.net\/br\/#\/schema\/person\/image\/\",\"url\":\"https:\/\/swimchannel.net\/br\/wp-content\/uploads\/2021\/02\/9b1c252d-a4bd-4eda-b399-24565cac4114-100x100.jpg\",\"contentUrl\":\"https:\/\/swimchannel.net\/br\/wp-content\/uploads\/2021\/02\/9b1c252d-a4bd-4eda-b399-24565cac4114-100x100.jpg\",\"caption\":\"Alex Pussieldi\"},\"description\":\"Alexandre Pussieldi, apelidado de \u201ccoach\u201d, Foi t\u00e9cnico da sele\u00e7\u00e3o verde e amarela nas Olimp\u00edadas de Pequim-2008 e Londres-2012. O treinador ainda comandou outros quatro pa\u00edses: Kuwait, Paraguai, Aruba e Antilhas Holandesas, al\u00e9m da sele\u00e7\u00e3o americana de \u00e1guas abertas. Pussieldi tem passagens como comentarista de nata\u00e7\u00e3o do Grupo Globo e Swim Channel.\",\"url\":\"https:\/\/swimchannel.net\/br\/author\/alexpussieldi\/\"}]}<\/script>\n<!-- \/ Yoast SEO plugin. -->","yoast_head_json":{"title":"Fran\u00e7a organiza seu Campeonato de Nata\u00e7\u00e3o de Inverno em \u00e1guas geladas - Swimchannel","robots":{"index":"index","follow":"follow","max-snippet":"max-snippet:-1","max-image-preview":"max-image-preview:large","max-video-preview":"max-video-preview:-1"},"canonical":"https:\/\/swimchannel.net\/br\/franca-organiza-seu-campeonato-de-natacao-de-inverno-em-aguas-geladas\/","og_locale":"pt_BR","og_type":"article","og_title":"Fran\u00e7a organiza seu Campeonato de Nata\u00e7\u00e3o de Inverno em \u00e1guas geladas - Swimchannel","og_description":"Um movimento que pode acabar por incluir a nata\u00e7\u00e3o nos Jogos Ol\u00edmpicos de Inverno!","og_url":"https:\/\/swimchannel.net\/br\/franca-organiza-seu-campeonato-de-natacao-de-inverno-em-aguas-geladas\/","og_site_name":"Swimchannel","article_publisher":"https:\/\/www.facebook.com\/swimchannel","article_published_time":"2022-10-14T01:50:52+00:00","article_modified_time":"2026-03-19T15:19:40+00:00","og_image":[{"width":420,"height":630,"url":"https:\/\/swimchannel.net\/br\/wp-content\/uploads\/2022\/10\/311256439_5529946180426955_7876723339554484341_n.jpg","type":"image\/jpeg"}],"author":"Alex Pussieldi","twitter_card":"summary_large_image","twitter_misc":{"Escrito por":"Alex Pussieldi","Est. tempo de leitura":"3 minutos"},"schema":{"@context":"https:\/\/schema.org","@graph":[{"@type":"Article","@id":"https:\/\/swimchannel.net\/br\/franca-organiza-seu-campeonato-de-natacao-de-inverno-em-aguas-geladas\/#article","isPartOf":{"@id":"https:\/\/swimchannel.net\/br\/franca-organiza-seu-campeonato-de-natacao-de-inverno-em-aguas-geladas\/"},"author":{"name":"Alex Pussieldi","@id":"https:\/\/swimchannel.net\/br\/#\/schema\/person\/cf549cb99cf75592fcf7c76213385e63"},"headline":"Fran\u00e7a organiza seu Campeonato de Nata\u00e7\u00e3o de Inverno em \u00e1guas geladas","datePublished":"2022-10-14T01:50:52+00:00","dateModified":"2026-03-19T15:19:40+00:00","mainEntityOfPage":{"@id":"https:\/\/swimchannel.net\/br\/franca-organiza-seu-campeonato-de-natacao-de-inverno-em-aguas-geladas\/"},"wordCount":577,"commentCount":2,"publisher":{"@id":"https:\/\/swimchannel.net\/br\/#organization"},"image":{"@id":"https:\/\/swimchannel.net\/br\/franca-organiza-seu-campeonato-de-natacao-de-inverno-em-aguas-geladas\/#primaryimage"},"thumbnailUrl":"https:\/\/swimchannel.net\/br\/wp-content\/uploads\/2022\/10\/311256439_5529946180426955_7876723339554484341_n.jpg","keywords":["Campeonato Franc\u00eas de Inverno","Fran\u00e7a","Jogos Ol\u00edmpicos de inverno","natacao"],"articleSection":["Nata\u00e7\u00e3o"],"inLanguage":"pt-BR","potentialAction":[{"@type":"CommentAction","name":"Comment","target":["https:\/\/swimchannel.net\/br\/franca-organiza-seu-campeonato-de-natacao-de-inverno-em-aguas-geladas\/#respond"]}]},{"@type":"WebPage","@id":"https:\/\/swimchannel.net\/br\/franca-organiza-seu-campeonato-de-natacao-de-inverno-em-aguas-geladas\/","url":"https:\/\/swimchannel.net\/br\/franca-organiza-seu-campeonato-de-natacao-de-inverno-em-aguas-geladas\/","name":"Fran\u00e7a organiza seu Campeonato de Nata\u00e7\u00e3o de Inverno em \u00e1guas geladas - Swimchannel","isPartOf":{"@id":"https:\/\/swimchannel.net\/br\/#website"},"primaryImageOfPage":{"@id":"https:\/\/swimchannel.net\/br\/franca-organiza-seu-campeonato-de-natacao-de-inverno-em-aguas-geladas\/#primaryimage"},"image":{"@id":"https:\/\/swimchannel.net\/br\/franca-organiza-seu-campeonato-de-natacao-de-inverno-em-aguas-geladas\/#primaryimage"},"thumbnailUrl":"https:\/\/swimchannel.net\/br\/wp-content\/uploads\/2022\/10\/311256439_5529946180426955_7876723339554484341_n.jpg","datePublished":"2022-10-14T01:50:52+00:00","dateModified":"2026-03-19T15:19:40+00:00","breadcrumb":{"@id":"https:\/\/swimchannel.net\/br\/franca-organiza-seu-campeonato-de-natacao-de-inverno-em-aguas-geladas\/#breadcrumb"},"inLanguage":"pt-BR","potentialAction":[{"@type":"ReadAction","target":["https:\/\/swimchannel.net\/br\/franca-organiza-seu-campeonato-de-natacao-de-inverno-em-aguas-geladas\/"]}]},{"@type":"ImageObject","inLanguage":"pt-BR","@id":"https:\/\/swimchannel.net\/br\/franca-organiza-seu-campeonato-de-natacao-de-inverno-em-aguas-geladas\/#primaryimage","url":"https:\/\/swimchannel.net\/br\/wp-content\/uploads\/2022\/10\/311256439_5529946180426955_7876723339554484341_n.jpg","contentUrl":"https:\/\/swimchannel.net\/br\/wp-content\/uploads\/2022\/10\/311256439_5529946180426955_7876723339554484341_n.jpg","width":420,"height":630},{"@type":"BreadcrumbList","@id":"https:\/\/swimchannel.net\/br\/franca-organiza-seu-campeonato-de-natacao-de-inverno-em-aguas-geladas\/#breadcrumb","itemListElement":[{"@type":"ListItem","position":1,"name":"Home","item":"https:\/\/swimchannel.net\/br\/"},{"@type":"ListItem","position":2,"name":"Fran\u00e7a organiza seu Campeonato de Nata\u00e7\u00e3o de Inverno em \u00e1guas geladas"}]},{"@type":"WebSite","@id":"https:\/\/swimchannel.net\/br\/#website","url":"https:\/\/swimchannel.net\/br\/","name":"Swimchannel","description":"Maior portal de nata\u00e7\u00e3o da america latina","publisher":{"@id":"https:\/\/swimchannel.net\/br\/#organization"},"potentialAction":[{"@type":"SearchAction","target":{"@type":"EntryPoint","urlTemplate":"https:\/\/swimchannel.net\/br\/?s={search_term_string}"},"query-input":{"@type":"PropertyValueSpecification","valueRequired":true,"valueName":"search_term_string"}}],"inLanguage":"pt-BR"},{"@type":"Organization","@id":"https:\/\/swimchannel.net\/br\/#organization","name":"Swimchannel - Conectando voc\u00ea a Nata\u00e7\u00e3o","url":"https:\/\/swimchannel.net\/br\/","logo":{"@type":"ImageObject","inLanguage":"pt-BR","@id":"https:\/\/swimchannel.net\/br\/#\/schema\/logo\/image\/","url":"https:\/\/swimchannel.net\/br\/wp-content\/uploads\/2026\/02\/SWIM-CHANNEL.png","contentUrl":"https:\/\/swimchannel.net\/br\/wp-content\/uploads\/2026\/02\/SWIM-CHANNEL.png","width":1120,"height":630,"caption":"Swimchannel - Conectando voc\u00ea a Nata\u00e7\u00e3o"},"image":{"@id":"https:\/\/swimchannel.net\/br\/#\/schema\/logo\/image\/"},"sameAs":["https:\/\/www.facebook.com\/swimchannel","https:\/\/www.instagram.com\/swimchannel"]},{"@type":"Person","@id":"https:\/\/swimchannel.net\/br\/#\/schema\/person\/cf549cb99cf75592fcf7c76213385e63","name":"Alex Pussieldi","image":{"@type":"ImageObject","inLanguage":"pt-BR","@id":"https:\/\/swimchannel.net\/br\/#\/schema\/person\/image\/","url":"https:\/\/swimchannel.net\/br\/wp-content\/uploads\/2021\/02\/9b1c252d-a4bd-4eda-b399-24565cac4114-100x100.jpg","contentUrl":"https:\/\/swimchannel.net\/br\/wp-content\/uploads\/2021\/02\/9b1c252d-a4bd-4eda-b399-24565cac4114-100x100.jpg","caption":"Alex Pussieldi"},"description":"Alexandre Pussieldi, apelidado de \u201ccoach\u201d, Foi t\u00e9cnico da sele\u00e7\u00e3o verde e amarela nas Olimp\u00edadas de Pequim-2008 e Londres-2012. O treinador ainda comandou outros quatro pa\u00edses: Kuwait, Paraguai, Aruba e Antilhas Holandesas, al\u00e9m da sele\u00e7\u00e3o americana de \u00e1guas abertas. Pussieldi tem passagens como comentarista de nata\u00e7\u00e3o do Grupo Globo e Swim Channel.","url":"https:\/\/swimchannel.net\/br\/author\/alexpussieldi\/"}]}},"_links":{"self":[{"href":"https:\/\/swimchannel.net\/br\/wp-json\/wp\/v2\/posts\/53792","targetHints":{"allow":["GET"]}}],"collection":[{"href":"https:\/\/swimchannel.net\/br\/wp-json\/wp\/v2\/posts"}],"about":[{"href":"https:\/\/swimchannel.net\/br\/wp-json\/wp\/v2\/types\/post"}],"author":[{"embeddable":true,"href":"https:\/\/swimchannel.net\/br\/wp-json\/wp\/v2\/users\/12"}],"replies":[{"embeddable":true,"href":"https:\/\/swimchannel.net\/br\/wp-json\/wp\/v2\/comments?post=53792"}],"version-history":[{"count":3,"href":"https:\/\/swimchannel.net\/br\/wp-json\/wp\/v2\/posts\/53792\/revisions"}],"predecessor-version":[{"id":80656,"href":"https:\/\/swimchannel.net\/br\/wp-json\/wp\/v2\/posts\/53792\/revisions\/80656"}],"wp:attachment":[{"href":"https:\/\/swimchannel.net\/br\/wp-json\/wp\/v2\/media?parent=53792"}],"wp:term":[{"taxonomy":"category","embeddable":true,"href":"https:\/\/swimchannel.net\/br\/wp-json\/wp\/v2\/categories?post=53792"},{"taxonomy":"post_tag","embeddable":true,"href":"https:\/\/swimchannel.net\/br\/wp-json\/wp\/v2\/tags?post=53792"}],"curies":[{"name":"wp","href":"https:\/\/api.w.org\/{rel}","templated":true}]}}