{"id":53807,"date":"2022-10-14T14:41:08","date_gmt":"2022-10-14T17:41:08","guid":{"rendered":"https:\/\/swimchannel.net\/br\/?p=53807"},"modified":"2022-10-14T19:43:34","modified_gmt":"2022-10-14T22:43:34","slug":"tecnicos-em-congresso-premeiam-os-melhores-de-ano-historico-para-portugal","status":"publish","type":"post","link":"https:\/\/swimchannel.net\/br\/tecnicos-em-congresso-premeiam-os-melhores-de-ano-historico-para-portugal\/","title":{"rendered":"T\u00e9cnicos em Congresso premeiam os melhores em ano hist\u00f3rico para Portugal"},"content":{"rendered":"<p>Quase tr\u00eas centenas de participantes e cerca de 100 oradores e convidados s\u00e3o os n\u00fameros do 45\u00ba Congresso da APTN, o primeiro presencial p\u00f3s-pandemia, e que se realiza neste fim-de-semana em Leiria.<\/p>\n<p>\u201cEstou muito contente com estes n\u00fameros\u201d, disse-me Aldo Costa, presidente da Associa\u00e7\u00e3o Portuguesa de T\u00e9cnicos de Nata\u00e7\u00e3o, uma das mais antigas associa\u00e7\u00f5es da classe no pa\u00eds, e de t\u00e9cnicos de nata\u00e7\u00e3o na Europa; fundada em 1977, tem permitido importantes momentos de partilha de conhecimentos na \u00e1rea das modalidades aqu\u00e1ticas, j\u00e1 tendo passado pelo congresso in\u00fameros dos melhores t\u00e9cnicos mundiais, de portugueses a brasileiros, espanh\u00f3is, italianos, norte-americanos, entre muitos outros.<\/p>\n<p>\u201cPrezamos muito a reflex\u00e3o anual da comunidade, procurando perceber onde podemos melhorar, e o que podemos fazer melhor\u201d, acrescenta Aldo Costa, num ano que foi \u2013 porventura \u2013 o melhor de sempre na hist\u00f3ria da nata\u00e7\u00e3o portuguesa, e em que, recordamos (entre outros):<\/p>\n<p>&#8211; Diogo Ribeiro (SLB\/CAR Jamor) foi medalha de bronze no Europeu absoluto, tricampe\u00e3o mundial j\u00fanior e recordista mundial j\u00fanior;<\/p>\n<p>&#8211; Gabriel Lopes (Associa\u00e7\u00e3o Louzan) foi medalha de bronze no Europeu absoluto;<\/p>\n<p>&#8211; Ang\u00e9lica Andr\u00e9 (FCP) foi a primeira mulher lusa a chegar \u00e0s medalhas em Europeus absolutos (bronze em \u00e1guas abertas);<\/p>\n<p>&#8211; a nata\u00e7\u00e3o art\u00edstica chegou pela primeira vez a uma final de um Europeu absoluto;<\/p>\n<p>&#8211; tivemos os melhores resultados de sempre no Europeu absoluto de Roma, com nove finais por interm\u00e9dio de Tamila Holub (SC Braga, 2 finais), Camila Rebelo (Louzan), Jo\u00e3o Costa (Vit\u00f3ria SC), Diana Dur\u00e3es (SL Benfica), e Ana Catarina Monteiro (C. Fluvial Vilacondense), al\u00e9m do Diogo (2 finais) e Gabriel.<\/p>\n<p>&#8211; resultados globais excelentes nos Jogos do Mediterr\u00e2neo, com mais medalhas que p.e. os colegas da sele\u00e7\u00e3o de atletismo;<\/p>\n<p>-Mafalda Rosa (CN Rio Maior), 6\u00ba lugar no Campeonato Mundial J\u00fanior de \u00e1guas abertas;<\/p>\n<figure id=\"attachment_42507\" aria-describedby=\"caption-attachment-42507\" style=\"width: 1013px\" class=\"wp-caption alignnone\"><img loading=\"lazy\" decoding=\"async\" class=\"size-medium wp-image-42507\" src=\"https:\/\/swimchannel.net\/br\/wp-content\/uploads\/2021\/06\/Tamila_Holub_T7A6632-1013x675.jpg\" alt=\"\" width=\"1013\" height=\"675\" srcset=\"https:\/\/swimchannel.net\/br\/wp-content\/uploads\/2021\/06\/Tamila_Holub_T7A6632-1013x675.jpg 1013w, https:\/\/swimchannel.net\/br\/wp-content\/uploads\/2021\/06\/Tamila_Holub_T7A6632-1200x800.jpg 1200w, https:\/\/swimchannel.net\/br\/wp-content\/uploads\/2021\/06\/Tamila_Holub_T7A6632-270x180.jpg 270w, https:\/\/swimchannel.net\/br\/wp-content\/uploads\/2021\/06\/Tamila_Holub_T7A6632-768x512.jpg 768w, https:\/\/swimchannel.net\/br\/wp-content\/uploads\/2021\/06\/Tamila_Holub_T7A6632-200x133.jpg 200w, https:\/\/swimchannel.net\/br\/wp-content\/uploads\/2021\/06\/Tamila_Holub_T7A6632-600x400.jpg 600w, https:\/\/swimchannel.net\/br\/wp-content\/uploads\/2021\/06\/Tamila_Holub_T7A6632-750x500.jpg 750w, https:\/\/swimchannel.net\/br\/wp-content\/uploads\/2021\/06\/Tamila_Holub_T7A6632-1140x760.jpg 1140w, https:\/\/swimchannel.net\/br\/wp-content\/uploads\/2021\/06\/Tamila_Holub_T7A6632.jpg 1350w\" sizes=\"auto, (max-width: 1013px) 100vw, 1013px\" \/><figcaption id=\"caption-attachment-42507\" class=\"wp-caption-text\">Tamila Holub esteve em duas finais no Europeu de Roma (Foto: FPN)<\/figcaption><\/figure>\n<p>A menos de dois anos dos Jogos Ol\u00edmpicos de Paris as modalidades aqu\u00e1ticas nacionais, os seus atletas e t\u00e9cnicos, t\u00eam raz\u00f5es para estar otimistas e confiante nuns bons Mundiais de Fukuoka (julho de 2023) e nuns fant\u00e1sticos Jogos Ol\u00edmpicos de 2024; mas n\u00e3o perdendo de vista o panorama macro, sabendo olhar para dentro, para os aspetos a melhorar, e para a auto-reflex\u00e3o que Aldo Costa deseja (juniores p.e., com resultados aqu\u00e9m do esperado em 2022; Diogo Ribeiro \u00e0 parte).<\/p>\n<p>Como novidade \u2013 entre outras \u2013 Aldo refere-me o &#8220;protocolo que a APTN assinar\u00e1 s\u00e1bado de manh\u00e3 com a organiza\u00e7\u00e3o Portugal Ativo, sendo tamb\u00e9m de destacar os 14 trabalhos propostos por alunos de licenciaturas e mestrados de diferentes universidades, o que \u00e9 sempre um bom sinal\u201d.<\/p>\n<p>A Gala da APTN atribuir\u00e1 s\u00e1bado \u00e0 noite o Pr\u00e9mio Carreira a um t\u00e9cnico portugu\u00eas, n\u00e3o podendo ainda ser anunciado o seu nome; isto al\u00e9m dos pr\u00e9mios pelo \u201creconhecimento dos t\u00e9cnicos que mais se destacaram nas diferentes modalidades, mais na forma\u00e7\u00e3o\u201d. J\u00e1 o Pr\u00e9mio Ensino n\u00e3o ser\u00e1 este ano atribu\u00eddo por falta de candidaturas.<\/p>\n<p><img loading=\"lazy\" decoding=\"async\" class=\"alignnone size-full wp-image-53810\" src=\"https:\/\/swimchannel.net\/br\/wp-content\/uploads\/2022\/10\/305917954_5786715774713889_8747812722594584516_n.jpg\" alt=\"\" width=\"960\" height=\"365\" srcset=\"https:\/\/swimchannel.net\/br\/wp-content\/uploads\/2022\/10\/305917954_5786715774713889_8747812722594584516_n.jpg 960w, https:\/\/swimchannel.net\/br\/wp-content\/uploads\/2022\/10\/305917954_5786715774713889_8747812722594584516_n-320x122.jpg 320w, https:\/\/swimchannel.net\/br\/wp-content\/uploads\/2022\/10\/305917954_5786715774713889_8747812722594584516_n-768x292.jpg 768w, https:\/\/swimchannel.net\/br\/wp-content\/uploads\/2022\/10\/305917954_5786715774713889_8747812722594584516_n-750x285.jpg 750w\" sizes=\"auto, (max-width: 960px) 100vw, 960px\" \/><\/p>\n<p>Entre os convidados Aldo Costa refere que \u201cestar\u00e3o o presidente da FPN [parceira do evento] e da Liga Europeia de Nata\u00e7\u00e3o, Ant\u00f3nio Silva [tamb\u00e9m j\u00e1 foi presidente da APTN], al\u00e9m do presidente da CM de Leiria, da vice-presidente do Comit\u00e9 Paral\u00edmpico de Portugal, Leila Marques, de Pedro Sequeira [presidente da Confedera\u00e7\u00e3o de Treinadores de Portugal] e do presidente do IPDJ V\u00edtor Pataco ou, at\u00e9, da ministra Ana Catarina Mendes\u201d, o que \u00e0 data ainda n\u00e3o estava confirmado oficialmente.<\/p>\n<p>Swim Channel estar\u00e1 presente em Leiria a acompanhar o 45\u00ba Congresso da APTN, de modo a trazer-vos todas as novidades.<\/p>\n","protected":false},"excerpt":{"rendered":"<p>Fundada em 1977 a APTN \u00e9 uma das mais antigas associa\u00e7\u00f5es de t\u00e9cnicos da Europa; ser\u00e3o reconhecidos alguns dos melhores de 2022, ano fant\u00e1stico para Portugal<\/p>\n","protected":false},"author":174,"featured_media":52211,"comment_status":"open","ping_status":"open","sticky":false,"template":"","format":"standard","meta":{"footnotes":""},"categories":[4188],"tags":[5042,4801,5040,5043,4824,627],"class_list":["post-53807","post","type-post","status-publish","format-standard","has-post-thumbnail","hentry","category-natacao-portuguesa","tag-45o-congresso-da-aptn-2022","tag-aguas-abertas-portugal","tag-aldo-costa","tag-associacao-portuguesa-de-tecnicos-de-natacao","tag-natacao-artistica-portugal","tag-natacao-portuguesa"],"yoast_head":"<!-- This site is optimized with the Yoast SEO plugin v27.0 - https:\/\/yoast.com\/product\/yoast-seo-wordpress\/ -->\n<title>T\u00e9cnicos em Congresso premeiam os melhores em ano hist\u00f3rico para Portugal - Swimchannel<\/title>\n<meta name=\"robots\" content=\"index, follow, max-snippet:-1, max-image-preview:large, max-video-preview:-1\" \/>\n<link rel=\"canonical\" href=\"https:\/\/swimchannel.net\/br\/tecnicos-em-congresso-premeiam-os-melhores-de-ano-historico-para-portugal\/\" \/>\n<meta property=\"og:locale\" content=\"pt_BR\" \/>\n<meta property=\"og:type\" content=\"article\" \/>\n<meta property=\"og:title\" content=\"T\u00e9cnicos em Congresso premeiam os melhores em ano hist\u00f3rico para Portugal - Swimchannel\" \/>\n<meta property=\"og:description\" content=\"Fundada em 1977 a APTN \u00e9 uma das mais antigas associa\u00e7\u00f5es de t\u00e9cnicos da Europa; ser\u00e3o reconhecidos alguns dos melhores de 2022, ano fant\u00e1stico para Portugal\" \/>\n<meta property=\"og:url\" content=\"https:\/\/swimchannel.net\/br\/tecnicos-em-congresso-premeiam-os-melhores-de-ano-historico-para-portugal\/\" \/>\n<meta property=\"og:site_name\" content=\"Swimchannel\" \/>\n<meta property=\"article:publisher\" content=\"https:\/\/www.facebook.com\/swimchannel\" \/>\n<meta property=\"article:published_time\" content=\"2022-10-14T17:41:08+00:00\" \/>\n<meta property=\"article:modified_time\" content=\"2022-10-14T22:43:34+00:00\" \/>\n<meta property=\"og:image\" content=\"https:\/\/swimchannel.net\/br\/wp-content\/uploads\/2022\/07\/Miguel-e-Diogo-nos-JM-jul.22.jpg\" \/>\n\t<meta property=\"og:image:width\" content=\"945\" \/>\n\t<meta property=\"og:image:height\" content=\"630\" \/>\n\t<meta property=\"og:image:type\" content=\"image\/jpeg\" \/>\n<meta name=\"author\" content=\"Nuno Albuquerque\" \/>\n<meta name=\"twitter:card\" content=\"summary_large_image\" \/>\n<meta name=\"twitter:label1\" content=\"Escrito por\" \/>\n\t<meta name=\"twitter:data1\" content=\"Nuno Albuquerque\" \/>\n\t<meta name=\"twitter:label2\" content=\"Est. tempo de leitura\" \/>\n\t<meta name=\"twitter:data2\" content=\"3 minutos\" \/>\n<script type=\"application\/ld+json\" class=\"yoast-schema-graph\">{\"@context\":\"https:\/\/schema.org\",\"@graph\":[{\"@type\":\"Article\",\"@id\":\"https:\/\/swimchannel.net\/br\/tecnicos-em-congresso-premeiam-os-melhores-de-ano-historico-para-portugal\/#article\",\"isPartOf\":{\"@id\":\"https:\/\/swimchannel.net\/br\/tecnicos-em-congresso-premeiam-os-melhores-de-ano-historico-para-portugal\/\"},\"author\":{\"name\":\"Nuno Albuquerque\",\"@id\":\"https:\/\/swimchannel.net\/br\/#\/schema\/person\/96742bc4be7f63afabd531ac47a43eba\"},\"headline\":\"T\u00e9cnicos em Congresso premeiam os melhores em ano hist\u00f3rico para Portugal\",\"datePublished\":\"2022-10-14T17:41:08+00:00\",\"dateModified\":\"2022-10-14T22:43:34+00:00\",\"mainEntityOfPage\":{\"@id\":\"https:\/\/swimchannel.net\/br\/tecnicos-em-congresso-premeiam-os-melhores-de-ano-historico-para-portugal\/\"},\"wordCount\":653,\"commentCount\":0,\"publisher\":{\"@id\":\"https:\/\/swimchannel.net\/br\/#organization\"},\"image\":{\"@id\":\"https:\/\/swimchannel.net\/br\/tecnicos-em-congresso-premeiam-os-melhores-de-ano-historico-para-portugal\/#primaryimage\"},\"thumbnailUrl\":\"https:\/\/swimchannel.net\/br\/wp-content\/uploads\/2022\/07\/Miguel-e-Diogo-nos-JM-jul.22.jpg\",\"keywords\":[\"45\u00ba Congresso da APTN 2022\",\"\u00c1guas abertas Portugal\",\"Aldo Costa\",\"Associa\u00e7\u00e3o Portuguesa de T\u00e9cnicos de Nata\u00e7\u00e3o\",\"nata\u00e7\u00e3o art\u00edstica Portugal\",\"nata\u00e7\u00e3o portuguesa\"],\"articleSection\":[\"Nata\u00e7\u00e3o Portuguesa\"],\"inLanguage\":\"pt-BR\",\"potentialAction\":[{\"@type\":\"CommentAction\",\"name\":\"Comment\",\"target\":[\"https:\/\/swimchannel.net\/br\/tecnicos-em-congresso-premeiam-os-melhores-de-ano-historico-para-portugal\/#respond\"]}]},{\"@type\":\"WebPage\",\"@id\":\"https:\/\/swimchannel.net\/br\/tecnicos-em-congresso-premeiam-os-melhores-de-ano-historico-para-portugal\/\",\"url\":\"https:\/\/swimchannel.net\/br\/tecnicos-em-congresso-premeiam-os-melhores-de-ano-historico-para-portugal\/\",\"name\":\"T\u00e9cnicos em Congresso premeiam os melhores em ano hist\u00f3rico para Portugal - Swimchannel\",\"isPartOf\":{\"@id\":\"https:\/\/swimchannel.net\/br\/#website\"},\"primaryImageOfPage\":{\"@id\":\"https:\/\/swimchannel.net\/br\/tecnicos-em-congresso-premeiam-os-melhores-de-ano-historico-para-portugal\/#primaryimage\"},\"image\":{\"@id\":\"https:\/\/swimchannel.net\/br\/tecnicos-em-congresso-premeiam-os-melhores-de-ano-historico-para-portugal\/#primaryimage\"},\"thumbnailUrl\":\"https:\/\/swimchannel.net\/br\/wp-content\/uploads\/2022\/07\/Miguel-e-Diogo-nos-JM-jul.22.jpg\",\"datePublished\":\"2022-10-14T17:41:08+00:00\",\"dateModified\":\"2022-10-14T22:43:34+00:00\",\"breadcrumb\":{\"@id\":\"https:\/\/swimchannel.net\/br\/tecnicos-em-congresso-premeiam-os-melhores-de-ano-historico-para-portugal\/#breadcrumb\"},\"inLanguage\":\"pt-BR\",\"potentialAction\":[{\"@type\":\"ReadAction\",\"target\":[\"https:\/\/swimchannel.net\/br\/tecnicos-em-congresso-premeiam-os-melhores-de-ano-historico-para-portugal\/\"]}]},{\"@type\":\"ImageObject\",\"inLanguage\":\"pt-BR\",\"@id\":\"https:\/\/swimchannel.net\/br\/tecnicos-em-congresso-premeiam-os-melhores-de-ano-historico-para-portugal\/#primaryimage\",\"url\":\"https:\/\/swimchannel.net\/br\/wp-content\/uploads\/2022\/07\/Miguel-e-Diogo-nos-JM-jul.22.jpg\",\"contentUrl\":\"https:\/\/swimchannel.net\/br\/wp-content\/uploads\/2022\/07\/Miguel-e-Diogo-nos-JM-jul.22.jpg\",\"width\":945,\"height\":630,\"caption\":\"Miguel Nascimento e Diogo Ribeiro, dois dos maiores destaques de 2022 (Foto: Reprodu\u00e7\u00e3o)\"},{\"@type\":\"BreadcrumbList\",\"@id\":\"https:\/\/swimchannel.net\/br\/tecnicos-em-congresso-premeiam-os-melhores-de-ano-historico-para-portugal\/#breadcrumb\",\"itemListElement\":[{\"@type\":\"ListItem\",\"position\":1,\"name\":\"Home\",\"item\":\"https:\/\/swimchannel.net\/br\/\"},{\"@type\":\"ListItem\",\"position\":2,\"name\":\"T\u00e9cnicos em Congresso premeiam os melhores em ano hist\u00f3rico para Portugal\"}]},{\"@type\":\"WebSite\",\"@id\":\"https:\/\/swimchannel.net\/br\/#website\",\"url\":\"https:\/\/swimchannel.net\/br\/\",\"name\":\"Swimchannel\",\"description\":\"Maior portal de nata\u00e7\u00e3o da america latina\",\"publisher\":{\"@id\":\"https:\/\/swimchannel.net\/br\/#organization\"},\"potentialAction\":[{\"@type\":\"SearchAction\",\"target\":{\"@type\":\"EntryPoint\",\"urlTemplate\":\"https:\/\/swimchannel.net\/br\/?s={search_term_string}\"},\"query-input\":{\"@type\":\"PropertyValueSpecification\",\"valueRequired\":true,\"valueName\":\"search_term_string\"}}],\"inLanguage\":\"pt-BR\"},{\"@type\":\"Organization\",\"@id\":\"https:\/\/swimchannel.net\/br\/#organization\",\"name\":\"Swimchannel - Conectando voc\u00ea a Nata\u00e7\u00e3o\",\"url\":\"https:\/\/swimchannel.net\/br\/\",\"logo\":{\"@type\":\"ImageObject\",\"inLanguage\":\"pt-BR\",\"@id\":\"https:\/\/swimchannel.net\/br\/#\/schema\/logo\/image\/\",\"url\":\"https:\/\/swimchannel.net\/br\/wp-content\/uploads\/2026\/02\/SWIM-CHANNEL.png\",\"contentUrl\":\"https:\/\/swimchannel.net\/br\/wp-content\/uploads\/2026\/02\/SWIM-CHANNEL.png\",\"width\":1120,\"height\":630,\"caption\":\"Swimchannel - Conectando voc\u00ea a Nata\u00e7\u00e3o\"},\"image\":{\"@id\":\"https:\/\/swimchannel.net\/br\/#\/schema\/logo\/image\/\"},\"sameAs\":[\"https:\/\/www.facebook.com\/swimchannel\",\"https:\/\/www.instagram.com\/swimchannel\"]},{\"@type\":\"Person\",\"@id\":\"https:\/\/swimchannel.net\/br\/#\/schema\/person\/96742bc4be7f63afabd531ac47a43eba\",\"name\":\"Nuno Albuquerque\",\"image\":{\"@type\":\"ImageObject\",\"inLanguage\":\"pt-BR\",\"@id\":\"https:\/\/swimchannel.net\/br\/#\/schema\/person\/image\/\",\"url\":\"https:\/\/swimchannel.net\/br\/wp-content\/uploads\/2021\/10\/175265239_284626789786752_3471159347588969871_n-100x100.jpg\",\"contentUrl\":\"https:\/\/swimchannel.net\/br\/wp-content\/uploads\/2021\/10\/175265239_284626789786752_3471159347588969871_n-100x100.jpg\",\"caption\":\"Nuno Albuquerque\"},\"description\":\"Jornalista e t\u00e9cnico de nata\u00e7\u00e3o, trabalha na modalidade h\u00e1 muitos anos. Desde o Campeonato Mundial da FINA de 1986 na cidade de Madri, Nuno j\u00e1 era rep\u00f3rter para um dos principais jornais de Portugal.\",\"url\":\"https:\/\/swimchannel.net\/br\/author\/nunoalbuquerque\/\"}]}<\/script>\n<!-- \/ Yoast SEO plugin. -->","yoast_head_json":{"title":"T\u00e9cnicos em Congresso premeiam os melhores em ano hist\u00f3rico para Portugal - Swimchannel","robots":{"index":"index","follow":"follow","max-snippet":"max-snippet:-1","max-image-preview":"max-image-preview:large","max-video-preview":"max-video-preview:-1"},"canonical":"https:\/\/swimchannel.net\/br\/tecnicos-em-congresso-premeiam-os-melhores-de-ano-historico-para-portugal\/","og_locale":"pt_BR","og_type":"article","og_title":"T\u00e9cnicos em Congresso premeiam os melhores em ano hist\u00f3rico para Portugal - Swimchannel","og_description":"Fundada em 1977 a APTN \u00e9 uma das mais antigas associa\u00e7\u00f5es de t\u00e9cnicos da Europa; ser\u00e3o reconhecidos alguns dos melhores de 2022, ano fant\u00e1stico para Portugal","og_url":"https:\/\/swimchannel.net\/br\/tecnicos-em-congresso-premeiam-os-melhores-de-ano-historico-para-portugal\/","og_site_name":"Swimchannel","article_publisher":"https:\/\/www.facebook.com\/swimchannel","article_published_time":"2022-10-14T17:41:08+00:00","article_modified_time":"2022-10-14T22:43:34+00:00","og_image":[{"width":945,"height":630,"url":"https:\/\/swimchannel.net\/br\/wp-content\/uploads\/2022\/07\/Miguel-e-Diogo-nos-JM-jul.22.jpg","type":"image\/jpeg"}],"author":"Nuno Albuquerque","twitter_card":"summary_large_image","twitter_misc":{"Escrito por":"Nuno Albuquerque","Est. tempo de leitura":"3 minutos"},"schema":{"@context":"https:\/\/schema.org","@graph":[{"@type":"Article","@id":"https:\/\/swimchannel.net\/br\/tecnicos-em-congresso-premeiam-os-melhores-de-ano-historico-para-portugal\/#article","isPartOf":{"@id":"https:\/\/swimchannel.net\/br\/tecnicos-em-congresso-premeiam-os-melhores-de-ano-historico-para-portugal\/"},"author":{"name":"Nuno Albuquerque","@id":"https:\/\/swimchannel.net\/br\/#\/schema\/person\/96742bc4be7f63afabd531ac47a43eba"},"headline":"T\u00e9cnicos em Congresso premeiam os melhores em ano hist\u00f3rico para Portugal","datePublished":"2022-10-14T17:41:08+00:00","dateModified":"2022-10-14T22:43:34+00:00","mainEntityOfPage":{"@id":"https:\/\/swimchannel.net\/br\/tecnicos-em-congresso-premeiam-os-melhores-de-ano-historico-para-portugal\/"},"wordCount":653,"commentCount":0,"publisher":{"@id":"https:\/\/swimchannel.net\/br\/#organization"},"image":{"@id":"https:\/\/swimchannel.net\/br\/tecnicos-em-congresso-premeiam-os-melhores-de-ano-historico-para-portugal\/#primaryimage"},"thumbnailUrl":"https:\/\/swimchannel.net\/br\/wp-content\/uploads\/2022\/07\/Miguel-e-Diogo-nos-JM-jul.22.jpg","keywords":["45\u00ba Congresso da APTN 2022","\u00c1guas abertas Portugal","Aldo Costa","Associa\u00e7\u00e3o Portuguesa de T\u00e9cnicos de Nata\u00e7\u00e3o","nata\u00e7\u00e3o art\u00edstica Portugal","nata\u00e7\u00e3o portuguesa"],"articleSection":["Nata\u00e7\u00e3o Portuguesa"],"inLanguage":"pt-BR","potentialAction":[{"@type":"CommentAction","name":"Comment","target":["https:\/\/swimchannel.net\/br\/tecnicos-em-congresso-premeiam-os-melhores-de-ano-historico-para-portugal\/#respond"]}]},{"@type":"WebPage","@id":"https:\/\/swimchannel.net\/br\/tecnicos-em-congresso-premeiam-os-melhores-de-ano-historico-para-portugal\/","url":"https:\/\/swimchannel.net\/br\/tecnicos-em-congresso-premeiam-os-melhores-de-ano-historico-para-portugal\/","name":"T\u00e9cnicos em Congresso premeiam os melhores em ano hist\u00f3rico para Portugal - Swimchannel","isPartOf":{"@id":"https:\/\/swimchannel.net\/br\/#website"},"primaryImageOfPage":{"@id":"https:\/\/swimchannel.net\/br\/tecnicos-em-congresso-premeiam-os-melhores-de-ano-historico-para-portugal\/#primaryimage"},"image":{"@id":"https:\/\/swimchannel.net\/br\/tecnicos-em-congresso-premeiam-os-melhores-de-ano-historico-para-portugal\/#primaryimage"},"thumbnailUrl":"https:\/\/swimchannel.net\/br\/wp-content\/uploads\/2022\/07\/Miguel-e-Diogo-nos-JM-jul.22.jpg","datePublished":"2022-10-14T17:41:08+00:00","dateModified":"2022-10-14T22:43:34+00:00","breadcrumb":{"@id":"https:\/\/swimchannel.net\/br\/tecnicos-em-congresso-premeiam-os-melhores-de-ano-historico-para-portugal\/#breadcrumb"},"inLanguage":"pt-BR","potentialAction":[{"@type":"ReadAction","target":["https:\/\/swimchannel.net\/br\/tecnicos-em-congresso-premeiam-os-melhores-de-ano-historico-para-portugal\/"]}]},{"@type":"ImageObject","inLanguage":"pt-BR","@id":"https:\/\/swimchannel.net\/br\/tecnicos-em-congresso-premeiam-os-melhores-de-ano-historico-para-portugal\/#primaryimage","url":"https:\/\/swimchannel.net\/br\/wp-content\/uploads\/2022\/07\/Miguel-e-Diogo-nos-JM-jul.22.jpg","contentUrl":"https:\/\/swimchannel.net\/br\/wp-content\/uploads\/2022\/07\/Miguel-e-Diogo-nos-JM-jul.22.jpg","width":945,"height":630,"caption":"Miguel Nascimento e Diogo Ribeiro, dois dos maiores destaques de 2022 (Foto: Reprodu\u00e7\u00e3o)"},{"@type":"BreadcrumbList","@id":"https:\/\/swimchannel.net\/br\/tecnicos-em-congresso-premeiam-os-melhores-de-ano-historico-para-portugal\/#breadcrumb","itemListElement":[{"@type":"ListItem","position":1,"name":"Home","item":"https:\/\/swimchannel.net\/br\/"},{"@type":"ListItem","position":2,"name":"T\u00e9cnicos em Congresso premeiam os melhores em ano hist\u00f3rico para Portugal"}]},{"@type":"WebSite","@id":"https:\/\/swimchannel.net\/br\/#website","url":"https:\/\/swimchannel.net\/br\/","name":"Swimchannel","description":"Maior portal de nata\u00e7\u00e3o da america latina","publisher":{"@id":"https:\/\/swimchannel.net\/br\/#organization"},"potentialAction":[{"@type":"SearchAction","target":{"@type":"EntryPoint","urlTemplate":"https:\/\/swimchannel.net\/br\/?s={search_term_string}"},"query-input":{"@type":"PropertyValueSpecification","valueRequired":true,"valueName":"search_term_string"}}],"inLanguage":"pt-BR"},{"@type":"Organization","@id":"https:\/\/swimchannel.net\/br\/#organization","name":"Swimchannel - Conectando voc\u00ea a Nata\u00e7\u00e3o","url":"https:\/\/swimchannel.net\/br\/","logo":{"@type":"ImageObject","inLanguage":"pt-BR","@id":"https:\/\/swimchannel.net\/br\/#\/schema\/logo\/image\/","url":"https:\/\/swimchannel.net\/br\/wp-content\/uploads\/2026\/02\/SWIM-CHANNEL.png","contentUrl":"https:\/\/swimchannel.net\/br\/wp-content\/uploads\/2026\/02\/SWIM-CHANNEL.png","width":1120,"height":630,"caption":"Swimchannel - Conectando voc\u00ea a Nata\u00e7\u00e3o"},"image":{"@id":"https:\/\/swimchannel.net\/br\/#\/schema\/logo\/image\/"},"sameAs":["https:\/\/www.facebook.com\/swimchannel","https:\/\/www.instagram.com\/swimchannel"]},{"@type":"Person","@id":"https:\/\/swimchannel.net\/br\/#\/schema\/person\/96742bc4be7f63afabd531ac47a43eba","name":"Nuno Albuquerque","image":{"@type":"ImageObject","inLanguage":"pt-BR","@id":"https:\/\/swimchannel.net\/br\/#\/schema\/person\/image\/","url":"https:\/\/swimchannel.net\/br\/wp-content\/uploads\/2021\/10\/175265239_284626789786752_3471159347588969871_n-100x100.jpg","contentUrl":"https:\/\/swimchannel.net\/br\/wp-content\/uploads\/2021\/10\/175265239_284626789786752_3471159347588969871_n-100x100.jpg","caption":"Nuno Albuquerque"},"description":"Jornalista e t\u00e9cnico de nata\u00e7\u00e3o, trabalha na modalidade h\u00e1 muitos anos. Desde o Campeonato Mundial da FINA de 1986 na cidade de Madri, Nuno j\u00e1 era rep\u00f3rter para um dos principais jornais de Portugal.","url":"https:\/\/swimchannel.net\/br\/author\/nunoalbuquerque\/"}]}},"_links":{"self":[{"href":"https:\/\/swimchannel.net\/br\/wp-json\/wp\/v2\/posts\/53807","targetHints":{"allow":["GET"]}}],"collection":[{"href":"https:\/\/swimchannel.net\/br\/wp-json\/wp\/v2\/posts"}],"about":[{"href":"https:\/\/swimchannel.net\/br\/wp-json\/wp\/v2\/types\/post"}],"author":[{"embeddable":true,"href":"https:\/\/swimchannel.net\/br\/wp-json\/wp\/v2\/users\/174"}],"replies":[{"embeddable":true,"href":"https:\/\/swimchannel.net\/br\/wp-json\/wp\/v2\/comments?post=53807"}],"version-history":[{"count":8,"href":"https:\/\/swimchannel.net\/br\/wp-json\/wp\/v2\/posts\/53807\/revisions"}],"predecessor-version":[{"id":53824,"href":"https:\/\/swimchannel.net\/br\/wp-json\/wp\/v2\/posts\/53807\/revisions\/53824"}],"wp:featuredmedia":[{"embeddable":true,"href":"https:\/\/swimchannel.net\/br\/wp-json\/wp\/v2\/media\/52211"}],"wp:attachment":[{"href":"https:\/\/swimchannel.net\/br\/wp-json\/wp\/v2\/media?parent=53807"}],"wp:term":[{"taxonomy":"category","embeddable":true,"href":"https:\/\/swimchannel.net\/br\/wp-json\/wp\/v2\/categories?post=53807"},{"taxonomy":"post_tag","embeddable":true,"href":"https:\/\/swimchannel.net\/br\/wp-json\/wp\/v2\/tags?post=53807"}],"curies":[{"name":"wp","href":"https:\/\/api.w.org\/{rel}","templated":true}]}}