{"id":54214,"date":"2022-11-21T13:14:55","date_gmt":"2022-11-21T16:14:55","guid":{"rendered":"https:\/\/swimchannel.net\/br\/?p=54214"},"modified":"2022-11-22T00:26:47","modified_gmt":"2022-11-22T03:26:47","slug":"equipe-samir-barel-natacao-i-vence-a-travessia-caragua-ilhabela","status":"publish","type":"post","link":"https:\/\/swimchannel.net\/br\/equipe-samir-barel-natacao-i-vence-a-travessia-caragua-ilhabela\/","title":{"rendered":"Equipe Samir Barel Nata\u00e7\u00e3o I vence a Travessia Caragu\u00e1-Ilhabela"},"content":{"rendered":"<p class=\"x_x_x_MsoNormal\">A Equipe Samir Barel Nata\u00e7\u00e3o I venceu no \u00faltimo s\u00e1bado (19) a Travessia Caraguatatuba-Ilhabela. Realizada com 26 equipes inscritas, o desafio come\u00e7ou na Prainha em Caraguatatuba e teve sua chegada na praia do Perequ\u00ea, em Ilhabela, litoral norte de S\u00e3o Paulo.<\/p>\n<p>Composta por Marcos Fraccaro, Lucas Moreira, <span class=\"_aacl _aacp _aacw _aacx _aad7 _aade\">Marcos Campos <\/span><span class=\"_aacl _aacp _aacw _aacx _aad7 _aade\">e Ana Carolina Morelli <\/span>sob o comando do ultramaratonista aqu\u00e1tico e t\u00e9cnico Samir Barel, a equipe Samir Barel Nata\u00e7\u00e3o I foi a primeira colocada do desafio com o tempo de 3h55min56. A segunda colocada foi a equipe &#8220;Conex\u00e3o Rio-Bras\u00edlia&#8221; que terminou com o tempo de 4h04minn47, completando o p\u00f3dio ficou a equipe Atlantis, com o tempo de 4h20min35. Veja os resultados completos <a href=\"http:\/\/blog.maratonaaquatica.com.br\/wp-content\/uploads\/2022\/11\/REVEZA_2022.pdf\">aqui.<\/a><\/p>\n<p>A Travessia do \u00faltimo s\u00e1bado teve \u00e1guas agitadas ao longo do trajeto o que fez com que a prova ficasse ainda mais desafiadora.\u00a0A travessia \u00e9 feita em formato de revezamento com quatro atletas em cada equipe. E, cada equipe dever\u00e1 contar com, no m\u00ednimo, uma mulher.<\/p>\n<blockquote class=\"instagram-media\" style=\"background: #FFF; border: 0; border-radius: 3px; box-shadow: 0 0 1px 0 rgba(0,0,0,0.5),0 1px 10px 0 rgba(0,0,0,0.15); margin: 1px; max-width: 540px; min-width: 326px; padding: 0; width: calc(100% - 2px);\" data-instgrm-captioned=\"\" data-instgrm-permalink=\"https:\/\/www.instagram.com\/p\/ClMyF8RP_ow\/?utm_source=ig_embed&amp;utm_campaign=loading\" data-instgrm-version=\"14\">\n<div style=\"padding: 16px;\">\n<p>&nbsp;<\/p>\n<div style=\"display: flex; flex-direction: row; align-items: center;\">\n<div style=\"background-color: #f4f4f4; border-radius: 50%; flex-grow: 0; height: 40px; margin-right: 14px; width: 40px;\"><\/div>\n<div style=\"display: flex; flex-direction: column; flex-grow: 1; justify-content: center;\">\n<div style=\"background-color: #f4f4f4; border-radius: 4px; flex-grow: 0; height: 14px; margin-bottom: 6px; width: 100px;\"><\/div>\n<div style=\"background-color: #f4f4f4; border-radius: 4px; flex-grow: 0; height: 14px; width: 60px;\"><\/div>\n<\/div>\n<\/div>\n<div style=\"padding: 19% 0;\"><\/div>\n<div style=\"display: block; height: 50px; margin: 0 auto 12px; width: 50px;\"><\/div>\n<div style=\"padding-top: 8px;\">\n<div style=\"color: #3897f0; font-family: Arial,sans-serif; font-size: 14px; font-style: normal; font-weight: 550; line-height: 18px;\">Ver essa foto no Instagram<\/div>\n<\/div>\n<div style=\"padding: 12.5% 0;\"><\/div>\n<div style=\"display: flex; flex-direction: row; margin-bottom: 14px; align-items: center;\">\n<div>\n<div style=\"background-color: #f4f4f4; border-radius: 50%; height: 12.5px; width: 12.5px; transform: translateX(0px) translateY(7px);\"><\/div>\n<div style=\"background-color: #f4f4f4; height: 12.5px; transform: rotate(-45deg) translateX(3px) translateY(1px); width: 12.5px; flex-grow: 0; margin-right: 14px; margin-left: 2px;\"><\/div>\n<div style=\"background-color: #f4f4f4; border-radius: 50%; height: 12.5px; width: 12.5px; transform: translateX(9px) translateY(-18px);\"><\/div>\n<\/div>\n<div style=\"margin-left: 8px;\">\n<div style=\"background-color: #f4f4f4; border-radius: 50%; flex-grow: 0; height: 20px; width: 20px;\"><\/div>\n<div style=\"width: 0; height: 0; border-top: 2px solid transparent; border-left: 6px solid #f4f4f4; border-bottom: 2px solid transparent; transform: translateX(16px) translateY(-4px) rotate(30deg);\"><\/div>\n<\/div>\n<div style=\"margin-left: auto;\">\n<div style=\"width: 0px; border-top: 8px solid #F4F4F4; border-right: 8px solid transparent; transform: translateY(16px);\"><\/div>\n<div style=\"background-color: #f4f4f4; flex-grow: 0; height: 12px; width: 16px; transform: translateY(-4px);\"><\/div>\n<div style=\"width: 0; height: 0; border-top: 8px solid #F4F4F4; border-left: 8px solid transparent; transform: translateY(-4px) translateX(8px);\"><\/div>\n<\/div>\n<\/div>\n<div style=\"display: flex; flex-direction: column; flex-grow: 1; justify-content: center; margin-bottom: 24px;\">\n<div style=\"background-color: #f4f4f4; border-radius: 4px; flex-grow: 0; height: 14px; margin-bottom: 6px; width: 224px;\"><\/div>\n<div style=\"background-color: #f4f4f4; border-radius: 4px; flex-grow: 0; height: 14px; width: 144px;\"><\/div>\n<\/div>\n<p>&nbsp;<\/p>\n<p style=\"color: #c9c8cd; font-family: Arial,sans-serif; font-size: 14px; line-height: 17px; margin-bottom: 0; margin-top: 8px; overflow: hidden; padding: 8px 0 7px; text-align: center; text-overflow: ellipsis; white-space: nowrap;\"><a style=\"color: #c9c8cd; font-family: Arial,sans-serif; font-size: 14px; font-style: normal; font-weight: normal; line-height: 17px; text-decoration: none;\" href=\"https:\/\/www.instagram.com\/p\/ClMyF8RP_ow\/?utm_source=ig_embed&amp;utm_campaign=loading\" target=\"_blank\" rel=\"noopener\">Uma publica\u00e7\u00e3o compartilhada por Marcos Fraccaro (@marcos_fraccaro)<\/a><\/p>\n<\/div>\n<\/blockquote>\n<p><script async src=\"\/\/www.instagram.com\/embed.js\"><\/script><\/p>\n<p>&nbsp;<\/p>\n<p>Cada equipe teve uma embarca\u00e7\u00e3o (traineira) e foi acompanhada por ela durante todo o percurso. Cada atleta nadou durante 30 minutos. O revezamento \u00e9 estabelecido com uma ordem dos atletas numerados de 1 a 4. Essa ordem n\u00e3o pode ser alterada durante o percurso da prova.<\/p>\n<p>A competi\u00e7\u00e3o funciona em formato de revezamento desde 2013 quando passou a ser organizada pela Associa\u00e7\u00e3o Aqu\u00e1tica. A prova foi feita pela primeira vez pelo lend\u00e1rio Abilio Couto, que nadou a dist\u00e2ncia entre as duas cidades ao lado de seu amigo chileno Amando Silva na d\u00e9cada de 1950.<\/p>\n<p>Com o apoio da Federa\u00e7\u00e3o Paulista de Nata\u00e7\u00e3o (hoje Federa\u00e7\u00e3o Aqu\u00e1tica Paulista) e da Prefeitura da cidade de Caraguatatuba, Abilio organizou a primeira edi\u00e7\u00e3o da Travessia Caragu\u00e1-Ilhabela no dia 14 de junho de 1959.<\/p>\n","protected":false},"excerpt":{"rendered":"<p>A Equipe Samir Barel Nata\u00e7\u00e3o I venceu no \u00faltimo s\u00e1bado (19) a Travessia Caraguatatuba-Ilhabela. Realizada com 26 equipes inscritas, o desafio come\u00e7ou na Prainha em Caraguatatuba e teve sua chegada na praia do Perequ\u00ea, em Ilhabela, litoral norte de S\u00e3o Paulo. Composta por Marcos Fraccaro, Lucas Moreira, Marcos Campos e Ana Carolina Morelli sob o [&hellip;]<\/p>\n","protected":false},"author":9,"featured_media":54220,"comment_status":"open","ping_status":"open","sticky":false,"template":"","format":"standard","meta":{"footnotes":""},"categories":[115],"tags":[14,5075,116,2044,1576],"class_list":["post-54214","post","type-post","status-publish","format-standard","has-post-thumbnail","hentry","category-aguas-abertas","tag-aguas-abertas","tag-caragua-x-ilhabela","tag-samir-barel","tag-travessia-caguara-ilhabela","tag-travessia-caragua-x-ilhabela"],"yoast_head":"<!-- This site is optimized with the Yoast SEO plugin v27.0 - https:\/\/yoast.com\/product\/yoast-seo-wordpress\/ -->\n<title>Equipe Samir Barel Nata\u00e7\u00e3o I vence a Travessia Caragu\u00e1-Ilhabela - Swimchannel<\/title>\n<meta name=\"robots\" content=\"index, follow, max-snippet:-1, max-image-preview:large, max-video-preview:-1\" \/>\n<link rel=\"canonical\" href=\"https:\/\/swimchannel.net\/br\/equipe-samir-barel-natacao-i-vence-a-travessia-caragua-ilhabela\/\" \/>\n<meta property=\"og:locale\" content=\"pt_BR\" \/>\n<meta property=\"og:type\" content=\"article\" \/>\n<meta property=\"og:title\" content=\"Equipe Samir Barel Nata\u00e7\u00e3o I vence a Travessia Caragu\u00e1-Ilhabela - Swimchannel\" \/>\n<meta property=\"og:description\" content=\"A Equipe Samir Barel Nata\u00e7\u00e3o I venceu no \u00faltimo s\u00e1bado (19) a Travessia Caraguatatuba-Ilhabela. Realizada com 26 equipes inscritas, o desafio come\u00e7ou na Prainha em Caraguatatuba e teve sua chegada na praia do Perequ\u00ea, em Ilhabela, litoral norte de S\u00e3o Paulo. Composta por Marcos Fraccaro, Lucas Moreira, Marcos Campos e Ana Carolina Morelli sob o [&hellip;]\" \/>\n<meta property=\"og:url\" content=\"https:\/\/swimchannel.net\/br\/equipe-samir-barel-natacao-i-vence-a-travessia-caragua-ilhabela\/\" \/>\n<meta property=\"og:site_name\" content=\"Swimchannel\" \/>\n<meta property=\"article:publisher\" content=\"https:\/\/www.facebook.com\/swimchannel\" \/>\n<meta property=\"article:published_time\" content=\"2022-11-21T16:14:55+00:00\" \/>\n<meta property=\"article:modified_time\" content=\"2022-11-22T03:26:47+00:00\" \/>\n<meta property=\"og:image\" content=\"https:\/\/swimchannel.net\/br\/wp-content\/uploads\/2022\/11\/316002947_1130637871159759_1080377418951500126_n.jpg\" \/>\n\t<meta property=\"og:image:width\" content=\"630\" \/>\n\t<meta property=\"og:image:height\" content=\"630\" \/>\n\t<meta property=\"og:image:type\" content=\"image\/jpeg\" \/>\n<meta name=\"author\" content=\"Katarine Monteiro\" \/>\n<meta name=\"twitter:card\" content=\"summary_large_image\" \/>\n<meta name=\"twitter:creator\" content=\"@https:\/\/twitter.com\/Katarinem\" \/>\n<meta name=\"twitter:label1\" content=\"Escrito por\" \/>\n\t<meta name=\"twitter:data1\" content=\"Katarine Monteiro\" \/>\n\t<meta name=\"twitter:label2\" content=\"Est. tempo de leitura\" \/>\n\t<meta name=\"twitter:data2\" content=\"2 minutos\" \/>\n<script type=\"application\/ld+json\" class=\"yoast-schema-graph\">{\"@context\":\"https:\/\/schema.org\",\"@graph\":[{\"@type\":\"Article\",\"@id\":\"https:\/\/swimchannel.net\/br\/equipe-samir-barel-natacao-i-vence-a-travessia-caragua-ilhabela\/#article\",\"isPartOf\":{\"@id\":\"https:\/\/swimchannel.net\/br\/equipe-samir-barel-natacao-i-vence-a-travessia-caragua-ilhabela\/\"},\"author\":{\"name\":\"Katarine Monteiro\",\"@id\":\"https:\/\/swimchannel.net\/br\/#\/schema\/person\/73ae9cec62249968bca1f0a8098ef002\"},\"headline\":\"Equipe Samir Barel Nata\u00e7\u00e3o I vence a Travessia Caragu\u00e1-Ilhabela\",\"datePublished\":\"2022-11-21T16:14:55+00:00\",\"dateModified\":\"2022-11-22T03:26:47+00:00\",\"mainEntityOfPage\":{\"@id\":\"https:\/\/swimchannel.net\/br\/equipe-samir-barel-natacao-i-vence-a-travessia-caragua-ilhabela\/\"},\"wordCount\":333,\"commentCount\":1,\"publisher\":{\"@id\":\"https:\/\/swimchannel.net\/br\/#organization\"},\"image\":{\"@id\":\"https:\/\/swimchannel.net\/br\/equipe-samir-barel-natacao-i-vence-a-travessia-caragua-ilhabela\/#primaryimage\"},\"thumbnailUrl\":\"https:\/\/swimchannel.net\/br\/wp-content\/uploads\/2022\/11\/316002947_1130637871159759_1080377418951500126_n.jpg\",\"keywords\":[\"\u00c1guas abertas\",\"Caragu\u00e1 x Ilhabela\",\"Samir Barel\",\"Travessia Caguar\u00e1-Ilhabela\",\"Travessia Caragu\u00e1 x Ilhabela\"],\"articleSection\":[\"\u00c1guas Abertas\"],\"inLanguage\":\"pt-BR\",\"potentialAction\":[{\"@type\":\"CommentAction\",\"name\":\"Comment\",\"target\":[\"https:\/\/swimchannel.net\/br\/equipe-samir-barel-natacao-i-vence-a-travessia-caragua-ilhabela\/#respond\"]}]},{\"@type\":\"WebPage\",\"@id\":\"https:\/\/swimchannel.net\/br\/equipe-samir-barel-natacao-i-vence-a-travessia-caragua-ilhabela\/\",\"url\":\"https:\/\/swimchannel.net\/br\/equipe-samir-barel-natacao-i-vence-a-travessia-caragua-ilhabela\/\",\"name\":\"Equipe Samir Barel Nata\u00e7\u00e3o I vence a Travessia Caragu\u00e1-Ilhabela - Swimchannel\",\"isPartOf\":{\"@id\":\"https:\/\/swimchannel.net\/br\/#website\"},\"primaryImageOfPage\":{\"@id\":\"https:\/\/swimchannel.net\/br\/equipe-samir-barel-natacao-i-vence-a-travessia-caragua-ilhabela\/#primaryimage\"},\"image\":{\"@id\":\"https:\/\/swimchannel.net\/br\/equipe-samir-barel-natacao-i-vence-a-travessia-caragua-ilhabela\/#primaryimage\"},\"thumbnailUrl\":\"https:\/\/swimchannel.net\/br\/wp-content\/uploads\/2022\/11\/316002947_1130637871159759_1080377418951500126_n.jpg\",\"datePublished\":\"2022-11-21T16:14:55+00:00\",\"dateModified\":\"2022-11-22T03:26:47+00:00\",\"breadcrumb\":{\"@id\":\"https:\/\/swimchannel.net\/br\/equipe-samir-barel-natacao-i-vence-a-travessia-caragua-ilhabela\/#breadcrumb\"},\"inLanguage\":\"pt-BR\",\"potentialAction\":[{\"@type\":\"ReadAction\",\"target\":[\"https:\/\/swimchannel.net\/br\/equipe-samir-barel-natacao-i-vence-a-travessia-caragua-ilhabela\/\"]}]},{\"@type\":\"ImageObject\",\"inLanguage\":\"pt-BR\",\"@id\":\"https:\/\/swimchannel.net\/br\/equipe-samir-barel-natacao-i-vence-a-travessia-caragua-ilhabela\/#primaryimage\",\"url\":\"https:\/\/swimchannel.net\/br\/wp-content\/uploads\/2022\/11\/316002947_1130637871159759_1080377418951500126_n.jpg\",\"contentUrl\":\"https:\/\/swimchannel.net\/br\/wp-content\/uploads\/2022\/11\/316002947_1130637871159759_1080377418951500126_n.jpg\",\"width\":630,\"height\":630,\"caption\":\"Foto: @marcos_fraccaro\"},{\"@type\":\"BreadcrumbList\",\"@id\":\"https:\/\/swimchannel.net\/br\/equipe-samir-barel-natacao-i-vence-a-travessia-caragua-ilhabela\/#breadcrumb\",\"itemListElement\":[{\"@type\":\"ListItem\",\"position\":1,\"name\":\"Home\",\"item\":\"https:\/\/swimchannel.net\/br\/\"},{\"@type\":\"ListItem\",\"position\":2,\"name\":\"Equipe Samir Barel Nata\u00e7\u00e3o I vence a Travessia Caragu\u00e1-Ilhabela\"}]},{\"@type\":\"WebSite\",\"@id\":\"https:\/\/swimchannel.net\/br\/#website\",\"url\":\"https:\/\/swimchannel.net\/br\/\",\"name\":\"Swimchannel\",\"description\":\"Maior portal de nata\u00e7\u00e3o da america latina\",\"publisher\":{\"@id\":\"https:\/\/swimchannel.net\/br\/#organization\"},\"potentialAction\":[{\"@type\":\"SearchAction\",\"target\":{\"@type\":\"EntryPoint\",\"urlTemplate\":\"https:\/\/swimchannel.net\/br\/?s={search_term_string}\"},\"query-input\":{\"@type\":\"PropertyValueSpecification\",\"valueRequired\":true,\"valueName\":\"search_term_string\"}}],\"inLanguage\":\"pt-BR\"},{\"@type\":\"Organization\",\"@id\":\"https:\/\/swimchannel.net\/br\/#organization\",\"name\":\"Swimchannel - Conectando voc\u00ea a Nata\u00e7\u00e3o\",\"url\":\"https:\/\/swimchannel.net\/br\/\",\"logo\":{\"@type\":\"ImageObject\",\"inLanguage\":\"pt-BR\",\"@id\":\"https:\/\/swimchannel.net\/br\/#\/schema\/logo\/image\/\",\"url\":\"https:\/\/swimchannel.net\/br\/wp-content\/uploads\/2026\/02\/SWIM-CHANNEL.png\",\"contentUrl\":\"https:\/\/swimchannel.net\/br\/wp-content\/uploads\/2026\/02\/SWIM-CHANNEL.png\",\"width\":1120,\"height\":630,\"caption\":\"Swimchannel - Conectando voc\u00ea a Nata\u00e7\u00e3o\"},\"image\":{\"@id\":\"https:\/\/swimchannel.net\/br\/#\/schema\/logo\/image\/\"},\"sameAs\":[\"https:\/\/www.facebook.com\/swimchannel\",\"https:\/\/www.instagram.com\/swimchannel\"]},{\"@type\":\"Person\",\"@id\":\"https:\/\/swimchannel.net\/br\/#\/schema\/person\/73ae9cec62249968bca1f0a8098ef002\",\"name\":\"Katarine Monteiro\",\"image\":{\"@type\":\"ImageObject\",\"inLanguage\":\"pt-BR\",\"@id\":\"https:\/\/swimchannel.net\/br\/#\/schema\/person\/image\/\",\"url\":\"https:\/\/swimchannel.net\/br\/wp-content\/uploads\/2022\/01\/Katarine-Monteiro-100x100.jpg\",\"contentUrl\":\"https:\/\/swimchannel.net\/br\/wp-content\/uploads\/2022\/01\/Katarine-Monteiro-100x100.jpg\",\"caption\":\"Katarine Monteiro\"},\"description\":\"Jornalista SWIM CHANNEL especializada em esportes ol\u00edmpicos e em sa\u00fade. Com cobertura de grandes eventos internacionais, como Jogos Ol\u00edmpicos Rio 2016, Jogos Pan-Americanos em Lima 2019, Qatar Total Open 2020, Qatar ExxonMobil Open 2019 - t\u00eanis em Doha (QT), Semana Internacional de Vela de Ilhabela, Transat Jacques Vabre 2019 (Fran\u00e7a-Brasil), L'\u00c9tape Brasil by Tour de France, j\u00e1 fez in\u00fameras coberturas de nata\u00e7\u00e3o, maratona aqu\u00e1tica e polo aqu\u00e1tico. Formada tamb\u00e9m em Letras, a jornalista atua como assessora de imprensa, rela\u00e7\u00f5es p\u00fablicas e social media, com especializa\u00e7\u00e3o em marketing esportivo. Nadadora amadora de \u00e1guas abertas, j\u00e1 trabalhou com grandes nomes da nata\u00e7\u00e3o e do polo aqu\u00e1tico brasileiro.\",\"sameAs\":[\"https:\/\/www.instagram.com\/_katarinemonteiro\/\",\"https:\/\/www.linkedin.com\/in\/katarine-monteiro-19385297\/\",\"https:\/\/x.com\/https:\/\/twitter.com\/Katarinem\"],\"url\":\"https:\/\/swimchannel.net\/br\/author\/katarine-monteiro\/\"}]}<\/script>\n<!-- \/ Yoast SEO plugin. -->","yoast_head_json":{"title":"Equipe Samir Barel Nata\u00e7\u00e3o I vence a Travessia Caragu\u00e1-Ilhabela - Swimchannel","robots":{"index":"index","follow":"follow","max-snippet":"max-snippet:-1","max-image-preview":"max-image-preview:large","max-video-preview":"max-video-preview:-1"},"canonical":"https:\/\/swimchannel.net\/br\/equipe-samir-barel-natacao-i-vence-a-travessia-caragua-ilhabela\/","og_locale":"pt_BR","og_type":"article","og_title":"Equipe Samir Barel Nata\u00e7\u00e3o I vence a Travessia Caragu\u00e1-Ilhabela - Swimchannel","og_description":"A Equipe Samir Barel Nata\u00e7\u00e3o I venceu no \u00faltimo s\u00e1bado (19) a Travessia Caraguatatuba-Ilhabela. Realizada com 26 equipes inscritas, o desafio come\u00e7ou na Prainha em Caraguatatuba e teve sua chegada na praia do Perequ\u00ea, em Ilhabela, litoral norte de S\u00e3o Paulo. Composta por Marcos Fraccaro, Lucas Moreira, Marcos Campos e Ana Carolina Morelli sob o [&hellip;]","og_url":"https:\/\/swimchannel.net\/br\/equipe-samir-barel-natacao-i-vence-a-travessia-caragua-ilhabela\/","og_site_name":"Swimchannel","article_publisher":"https:\/\/www.facebook.com\/swimchannel","article_published_time":"2022-11-21T16:14:55+00:00","article_modified_time":"2022-11-22T03:26:47+00:00","og_image":[{"width":630,"height":630,"url":"https:\/\/swimchannel.net\/br\/wp-content\/uploads\/2022\/11\/316002947_1130637871159759_1080377418951500126_n.jpg","type":"image\/jpeg"}],"author":"Katarine Monteiro","twitter_card":"summary_large_image","twitter_creator":"@https:\/\/twitter.com\/Katarinem","twitter_misc":{"Escrito por":"Katarine Monteiro","Est. tempo de leitura":"2 minutos"},"schema":{"@context":"https:\/\/schema.org","@graph":[{"@type":"Article","@id":"https:\/\/swimchannel.net\/br\/equipe-samir-barel-natacao-i-vence-a-travessia-caragua-ilhabela\/#article","isPartOf":{"@id":"https:\/\/swimchannel.net\/br\/equipe-samir-barel-natacao-i-vence-a-travessia-caragua-ilhabela\/"},"author":{"name":"Katarine Monteiro","@id":"https:\/\/swimchannel.net\/br\/#\/schema\/person\/73ae9cec62249968bca1f0a8098ef002"},"headline":"Equipe Samir Barel Nata\u00e7\u00e3o I vence a Travessia Caragu\u00e1-Ilhabela","datePublished":"2022-11-21T16:14:55+00:00","dateModified":"2022-11-22T03:26:47+00:00","mainEntityOfPage":{"@id":"https:\/\/swimchannel.net\/br\/equipe-samir-barel-natacao-i-vence-a-travessia-caragua-ilhabela\/"},"wordCount":333,"commentCount":1,"publisher":{"@id":"https:\/\/swimchannel.net\/br\/#organization"},"image":{"@id":"https:\/\/swimchannel.net\/br\/equipe-samir-barel-natacao-i-vence-a-travessia-caragua-ilhabela\/#primaryimage"},"thumbnailUrl":"https:\/\/swimchannel.net\/br\/wp-content\/uploads\/2022\/11\/316002947_1130637871159759_1080377418951500126_n.jpg","keywords":["\u00c1guas abertas","Caragu\u00e1 x Ilhabela","Samir Barel","Travessia Caguar\u00e1-Ilhabela","Travessia Caragu\u00e1 x Ilhabela"],"articleSection":["\u00c1guas Abertas"],"inLanguage":"pt-BR","potentialAction":[{"@type":"CommentAction","name":"Comment","target":["https:\/\/swimchannel.net\/br\/equipe-samir-barel-natacao-i-vence-a-travessia-caragua-ilhabela\/#respond"]}]},{"@type":"WebPage","@id":"https:\/\/swimchannel.net\/br\/equipe-samir-barel-natacao-i-vence-a-travessia-caragua-ilhabela\/","url":"https:\/\/swimchannel.net\/br\/equipe-samir-barel-natacao-i-vence-a-travessia-caragua-ilhabela\/","name":"Equipe Samir Barel Nata\u00e7\u00e3o I vence a Travessia Caragu\u00e1-Ilhabela - Swimchannel","isPartOf":{"@id":"https:\/\/swimchannel.net\/br\/#website"},"primaryImageOfPage":{"@id":"https:\/\/swimchannel.net\/br\/equipe-samir-barel-natacao-i-vence-a-travessia-caragua-ilhabela\/#primaryimage"},"image":{"@id":"https:\/\/swimchannel.net\/br\/equipe-samir-barel-natacao-i-vence-a-travessia-caragua-ilhabela\/#primaryimage"},"thumbnailUrl":"https:\/\/swimchannel.net\/br\/wp-content\/uploads\/2022\/11\/316002947_1130637871159759_1080377418951500126_n.jpg","datePublished":"2022-11-21T16:14:55+00:00","dateModified":"2022-11-22T03:26:47+00:00","breadcrumb":{"@id":"https:\/\/swimchannel.net\/br\/equipe-samir-barel-natacao-i-vence-a-travessia-caragua-ilhabela\/#breadcrumb"},"inLanguage":"pt-BR","potentialAction":[{"@type":"ReadAction","target":["https:\/\/swimchannel.net\/br\/equipe-samir-barel-natacao-i-vence-a-travessia-caragua-ilhabela\/"]}]},{"@type":"ImageObject","inLanguage":"pt-BR","@id":"https:\/\/swimchannel.net\/br\/equipe-samir-barel-natacao-i-vence-a-travessia-caragua-ilhabela\/#primaryimage","url":"https:\/\/swimchannel.net\/br\/wp-content\/uploads\/2022\/11\/316002947_1130637871159759_1080377418951500126_n.jpg","contentUrl":"https:\/\/swimchannel.net\/br\/wp-content\/uploads\/2022\/11\/316002947_1130637871159759_1080377418951500126_n.jpg","width":630,"height":630,"caption":"Foto: @marcos_fraccaro"},{"@type":"BreadcrumbList","@id":"https:\/\/swimchannel.net\/br\/equipe-samir-barel-natacao-i-vence-a-travessia-caragua-ilhabela\/#breadcrumb","itemListElement":[{"@type":"ListItem","position":1,"name":"Home","item":"https:\/\/swimchannel.net\/br\/"},{"@type":"ListItem","position":2,"name":"Equipe Samir Barel Nata\u00e7\u00e3o I vence a Travessia Caragu\u00e1-Ilhabela"}]},{"@type":"WebSite","@id":"https:\/\/swimchannel.net\/br\/#website","url":"https:\/\/swimchannel.net\/br\/","name":"Swimchannel","description":"Maior portal de nata\u00e7\u00e3o da america latina","publisher":{"@id":"https:\/\/swimchannel.net\/br\/#organization"},"potentialAction":[{"@type":"SearchAction","target":{"@type":"EntryPoint","urlTemplate":"https:\/\/swimchannel.net\/br\/?s={search_term_string}"},"query-input":{"@type":"PropertyValueSpecification","valueRequired":true,"valueName":"search_term_string"}}],"inLanguage":"pt-BR"},{"@type":"Organization","@id":"https:\/\/swimchannel.net\/br\/#organization","name":"Swimchannel - Conectando voc\u00ea a Nata\u00e7\u00e3o","url":"https:\/\/swimchannel.net\/br\/","logo":{"@type":"ImageObject","inLanguage":"pt-BR","@id":"https:\/\/swimchannel.net\/br\/#\/schema\/logo\/image\/","url":"https:\/\/swimchannel.net\/br\/wp-content\/uploads\/2026\/02\/SWIM-CHANNEL.png","contentUrl":"https:\/\/swimchannel.net\/br\/wp-content\/uploads\/2026\/02\/SWIM-CHANNEL.png","width":1120,"height":630,"caption":"Swimchannel - Conectando voc\u00ea a Nata\u00e7\u00e3o"},"image":{"@id":"https:\/\/swimchannel.net\/br\/#\/schema\/logo\/image\/"},"sameAs":["https:\/\/www.facebook.com\/swimchannel","https:\/\/www.instagram.com\/swimchannel"]},{"@type":"Person","@id":"https:\/\/swimchannel.net\/br\/#\/schema\/person\/73ae9cec62249968bca1f0a8098ef002","name":"Katarine Monteiro","image":{"@type":"ImageObject","inLanguage":"pt-BR","@id":"https:\/\/swimchannel.net\/br\/#\/schema\/person\/image\/","url":"https:\/\/swimchannel.net\/br\/wp-content\/uploads\/2022\/01\/Katarine-Monteiro-100x100.jpg","contentUrl":"https:\/\/swimchannel.net\/br\/wp-content\/uploads\/2022\/01\/Katarine-Monteiro-100x100.jpg","caption":"Katarine Monteiro"},"description":"Jornalista SWIM CHANNEL especializada em esportes ol\u00edmpicos e em sa\u00fade. Com cobertura de grandes eventos internacionais, como Jogos Ol\u00edmpicos Rio 2016, Jogos Pan-Americanos em Lima 2019, Qatar Total Open 2020, Qatar ExxonMobil Open 2019 - t\u00eanis em Doha (QT), Semana Internacional de Vela de Ilhabela, Transat Jacques Vabre 2019 (Fran\u00e7a-Brasil), L'\u00c9tape Brasil by Tour de France, j\u00e1 fez in\u00fameras coberturas de nata\u00e7\u00e3o, maratona aqu\u00e1tica e polo aqu\u00e1tico. Formada tamb\u00e9m em Letras, a jornalista atua como assessora de imprensa, rela\u00e7\u00f5es p\u00fablicas e social media, com especializa\u00e7\u00e3o em marketing esportivo. Nadadora amadora de \u00e1guas abertas, j\u00e1 trabalhou com grandes nomes da nata\u00e7\u00e3o e do polo aqu\u00e1tico brasileiro.","sameAs":["https:\/\/www.instagram.com\/_katarinemonteiro\/","https:\/\/www.linkedin.com\/in\/katarine-monteiro-19385297\/","https:\/\/x.com\/https:\/\/twitter.com\/Katarinem"],"url":"https:\/\/swimchannel.net\/br\/author\/katarine-monteiro\/"}]}},"_links":{"self":[{"href":"https:\/\/swimchannel.net\/br\/wp-json\/wp\/v2\/posts\/54214","targetHints":{"allow":["GET"]}}],"collection":[{"href":"https:\/\/swimchannel.net\/br\/wp-json\/wp\/v2\/posts"}],"about":[{"href":"https:\/\/swimchannel.net\/br\/wp-json\/wp\/v2\/types\/post"}],"author":[{"embeddable":true,"href":"https:\/\/swimchannel.net\/br\/wp-json\/wp\/v2\/users\/9"}],"replies":[{"embeddable":true,"href":"https:\/\/swimchannel.net\/br\/wp-json\/wp\/v2\/comments?post=54214"}],"version-history":[{"count":5,"href":"https:\/\/swimchannel.net\/br\/wp-json\/wp\/v2\/posts\/54214\/revisions"}],"predecessor-version":[{"id":54221,"href":"https:\/\/swimchannel.net\/br\/wp-json\/wp\/v2\/posts\/54214\/revisions\/54221"}],"wp:featuredmedia":[{"embeddable":true,"href":"https:\/\/swimchannel.net\/br\/wp-json\/wp\/v2\/media\/54220"}],"wp:attachment":[{"href":"https:\/\/swimchannel.net\/br\/wp-json\/wp\/v2\/media?parent=54214"}],"wp:term":[{"taxonomy":"category","embeddable":true,"href":"https:\/\/swimchannel.net\/br\/wp-json\/wp\/v2\/categories?post=54214"},{"taxonomy":"post_tag","embeddable":true,"href":"https:\/\/swimchannel.net\/br\/wp-json\/wp\/v2\/tags?post=54214"}],"curies":[{"name":"wp","href":"https:\/\/api.w.org\/{rel}","templated":true}]}}