{"id":54229,"date":"2022-11-22T14:03:14","date_gmt":"2022-11-22T17:03:14","guid":{"rendered":"https:\/\/swimchannel.net\/br\/?p=54229"},"modified":"2026-03-19T12:31:37","modified_gmt":"2026-03-19T15:31:37","slug":"fina-divulga-calendario-do-fina-open-water-tour-2023","status":"publish","type":"post","link":"https:\/\/swimchannel.net\/br\/fina-divulga-calendario-do-fina-open-water-tour-2023\/","title":{"rendered":"FINA divulga calend\u00e1rio do FINA Open Water Tour 2023"},"content":{"rendered":"<p>A programa\u00e7\u00e3o da 17\u00aa temporada FINA Open Water Tour foi divulgada nesta semana pela Federa\u00e7\u00e3o Internacional de Nata\u00e7\u00e3o. <span class=\"\">O\u00a0<\/span><span class=\"\">FINA Open Water Tour 2023<\/span><span class=\"\"> contar\u00e1 com seis etapas come\u00e7ando no\u00a0<\/span>Golfo Aranci, na Sardenha, marcando a primeira vez que a It\u00e1lia sedia esse evento.<\/p>\n<p>Da Sardenha, o FINA Open Water Tour 2023 seguir\u00e1 para as conhecidas \u00e1guas de\u00a0Set\u00fabal.\u00a0A cidade costeira portuguesa sediou os\u00a0eventos de qualifica\u00e7\u00e3o das \u00e1guas abertas para os Jogos Ol\u00edmpicos em 2012,\u00a02016\u00a0e\u00a02021 e foi a etapa de abertura da FINA Marathon Swim World Series em 2022.<\/p>\n<p>A etapa de Paris ser\u00e1 logo depois do 20\u00ba Campeonato Mundial FINA Fukuoka 2023. Esta parada na capital francesa tamb\u00e9m servir\u00e1 como um evento de teste oficial para os Jogos Ol\u00edmpicos de Paris 2024. Marcando uma mudan\u00e7a em rela\u00e7\u00e3o ao evento do ano passado em Paris, a competi\u00e7\u00e3o acontecer\u00e1 no Rio Sena.<\/p>\n<p>O Circuito seguir\u00e1 para a \u00c1sia, com o Sun Moon Lake sediando seu segundo evento de \u00e1guas abertas da FINA. As provas retornar\u00e3o a Hong Kong uma semana depois, com a cidade marcada para sediar seu 12\u00ba evento.<\/p>\n<p>O FINA Open Water Tour 2023 seguir\u00e1 para o Golfo de Eilat, na ponta norte do Mar Vermelho, em Israel, para a \u00faltima etapa do ano.<\/p>\n<p>Ana Marcela Cunha chega como a atual campe\u00e3 geral do Circuito feminino, enquanto o italiano Gregorio Paltrinieri\u00a0e o h\u00fangaro\u00a0Kristof Rasovszky\u00a0s\u00e3o os campe\u00f5es do circuito geral masculino.<\/p>\n<p>Paltrinieri, campe\u00e3o ol\u00edmpico e mundial da FINA, est\u00e1 entre aqueles que aguardam ansiosamente as competi\u00e7\u00f5es da pr\u00f3xima temporada. \u201c\u00c9 uma grande sensa\u00e7\u00e3o saber que na pr\u00f3xima temporada come\u00e7aremos na Sardenha,\u201d disse Paltrinieri. \u201cCompetir na It\u00e1lia \u00e9 sempre especial. Tenho certeza de que muitos f\u00e3s e amigos vir\u00e3o \u00e0 Sardenha para torcer por n\u00f3s. A Sardenha \u00e9 um lugar lindo, especialmente para nadar em \u00e1guas abertas. Estou muito feliz que um evento da FINA esteja de volta na It\u00e1lia.\u201d, comentou para a FINA.<\/p>\n<figure id=\"attachment_51944\" aria-describedby=\"caption-attachment-51944\" style=\"width: 945px\" class=\"wp-caption alignnone\"><img loading=\"lazy\" decoding=\"async\" class=\"size-full wp-image-51944\" src=\"https:\/\/swimchannel.net\/br\/wp-content\/uploads\/2022\/06\/FWfr-DuWIAAmp1Q.jpg\" alt=\"\" width=\"945\" height=\"630\" srcset=\"https:\/\/swimchannel.net\/br\/wp-content\/uploads\/2022\/06\/FWfr-DuWIAAmp1Q.jpg 945w, https:\/\/swimchannel.net\/br\/wp-content\/uploads\/2022\/06\/FWfr-DuWIAAmp1Q-270x180.jpg 270w, https:\/\/swimchannel.net\/br\/wp-content\/uploads\/2022\/06\/FWfr-DuWIAAmp1Q-768x512.jpg 768w, https:\/\/swimchannel.net\/br\/wp-content\/uploads\/2022\/06\/FWfr-DuWIAAmp1Q-750x500.jpg 750w\" sizes=\"auto, (max-width: 945px) 100vw, 945px\" \/><figcaption id=\"caption-attachment-51944\" class=\"wp-caption-text\">Ana Marcela Cunha &#8211; Foto: CBDA<\/figcaption><\/figure>\n<p>No feminino, a atual campe\u00e3 ol\u00edmpica\u00a0 j\u00e1 espera ansiosa por um novo ano com novos desafios. &#8220;Embora eu esteja chegando como bicampe\u00e3 e seis vezes vencedora geral da s\u00e9rie mundial, \u00e9 um momento realmente emocionante e competitivo para as provas de \u00e1guas abertas&#8221;. &#8220;H\u00e1 uma nova gera\u00e7\u00e3o de nadadores vindo de campeonatos j\u00faniores, o que tornar\u00e1 o Circuito do pr\u00f3ximo ano muito mais atraente.&#8221;, comentou Ana Marcela para a FINA.<\/p>\n<p>\u201cComo uma das nadadoras mais experientes,\u00a0 gosto deste desafio. Do Campeonato Mundial da FINA \u00e0 FINA Marathon Swim World Series, estou orgulhosa do que consegui realizar este ano. Olhando para 2023, estou pronta para um novo ano com novos desafios.&#8221; , finalizou Ana.<\/p>\n<p>O presidente da FINA, Husain Al-Musallam, tamb\u00e9m expressou sua empolga\u00e7\u00e3o com o calend\u00e1rio de competi\u00e7\u00f5es da pr\u00f3xima temporada. \u201cTemos a mistura certa de anfitri\u00f5es familiares, juntamente com um novo participante e local de competi\u00e7\u00e3o para adicionar ao nosso calend\u00e1rio de provas de \u00e1guas abertas em 2023\u201d, disse o presidente da FINA.<\/p>\n<p>Veja o calend\u00e1rio completo aqui:<\/p>\n<ul>\n<li>20 a 21 de maio, Golfo de Aranci, Sardenha (ITA)<\/li>\n<li>27 a 28 de maio, Setubal (POR)<\/li>\n<li>5 a 6 de agosto, Paris (FRA)<\/li>\n<li>28 a 29 de outubro, Sun Moon Lake, Nantou(TPE)<\/li>\n<li>4 a 5 de novembro,Hong Kong (HKG)<\/li>\n<li>1 a 2 de dezembro, Eilat (ISR)<\/li>\n<\/ul>\n<p>Leia mais <a href=\"https:\/\/www.fina.org\/news\/2911758\/fina-open-water-tour-2023-calendar-released\">aqui.<\/a><\/p>\n","protected":false},"excerpt":{"rendered":"<p>A programa\u00e7\u00e3o da 17\u00aa temporada FINA Open Water Tour foi divulgada nesta semana pela Federa\u00e7\u00e3o Internacional de Nata\u00e7\u00e3o. O\u00a0FINA Open Water Tour 2023 contar\u00e1 com seis etapas come\u00e7ando no\u00a0Golfo Aranci, na Sardenha, marcando a primeira vez que a It\u00e1lia sedia esse evento. Da Sardenha, o FINA Open Water Tour 2023 seguir\u00e1 para as conhecidas \u00e1guas [&hellip;]<\/p>\n","protected":false},"author":9,"featured_media":0,"comment_status":"open","ping_status":"open","sticky":false,"template":"","format":"standard","meta":{"footnotes":""},"categories":[115,2576],"tags":[14,5079,5078],"class_list":["post-54229","post","type-post","status-publish","format-standard","hentry","category-aguas-abertas","category-ultimas-noticias","tag-aguas-abertas","tag-fina-open-water","tag-fina-open-water-tour-2023"],"yoast_head":"<!-- This site is optimized with the Yoast SEO plugin v27.0 - https:\/\/yoast.com\/product\/yoast-seo-wordpress\/ -->\n<title>FINA divulga calend\u00e1rio do FINA Open Water Tour 2023 - Swimchannel<\/title>\n<meta name=\"robots\" content=\"index, follow, max-snippet:-1, max-image-preview:large, max-video-preview:-1\" \/>\n<link rel=\"canonical\" href=\"https:\/\/swimchannel.net\/br\/fina-divulga-calendario-do-fina-open-water-tour-2023\/\" \/>\n<meta property=\"og:locale\" content=\"pt_BR\" \/>\n<meta property=\"og:type\" content=\"article\" \/>\n<meta property=\"og:title\" content=\"FINA divulga calend\u00e1rio do FINA Open Water Tour 2023 - Swimchannel\" \/>\n<meta property=\"og:description\" content=\"A programa\u00e7\u00e3o da 17\u00aa temporada FINA Open Water Tour foi divulgada nesta semana pela Federa\u00e7\u00e3o Internacional de Nata\u00e7\u00e3o. O\u00a0FINA Open Water Tour 2023 contar\u00e1 com seis etapas come\u00e7ando no\u00a0Golfo Aranci, na Sardenha, marcando a primeira vez que a It\u00e1lia sedia esse evento. Da Sardenha, o FINA Open Water Tour 2023 seguir\u00e1 para as conhecidas \u00e1guas [&hellip;]\" \/>\n<meta property=\"og:url\" content=\"https:\/\/swimchannel.net\/br\/fina-divulga-calendario-do-fina-open-water-tour-2023\/\" \/>\n<meta property=\"og:site_name\" content=\"Swimchannel\" \/>\n<meta property=\"article:publisher\" content=\"https:\/\/www.facebook.com\/swimchannel\" \/>\n<meta property=\"article:published_time\" content=\"2022-11-22T17:03:14+00:00\" \/>\n<meta property=\"article:modified_time\" content=\"2026-03-19T15:31:37+00:00\" \/>\n<meta property=\"og:image\" content=\"https:\/\/swimchannel.net\/br\/wp-content\/uploads\/2022\/06\/FWfr-DuWIAAmp1Q.jpg\" \/>\n\t<meta property=\"og:image:width\" content=\"945\" \/>\n\t<meta property=\"og:image:height\" content=\"630\" \/>\n\t<meta property=\"og:image:type\" content=\"image\/jpeg\" \/>\n<meta name=\"author\" content=\"Katarine Monteiro\" \/>\n<meta name=\"twitter:card\" content=\"summary_large_image\" \/>\n<meta name=\"twitter:creator\" content=\"@https:\/\/twitter.com\/Katarinem\" \/>\n<meta name=\"twitter:label1\" content=\"Escrito por\" \/>\n\t<meta name=\"twitter:data1\" content=\"Katarine Monteiro\" \/>\n\t<meta name=\"twitter:label2\" content=\"Est. tempo de leitura\" \/>\n\t<meta name=\"twitter:data2\" content=\"4 minutos\" \/>\n<script type=\"application\/ld+json\" class=\"yoast-schema-graph\">{\"@context\":\"https:\/\/schema.org\",\"@graph\":[{\"@type\":\"Article\",\"@id\":\"https:\/\/swimchannel.net\/br\/fina-divulga-calendario-do-fina-open-water-tour-2023\/#article\",\"isPartOf\":{\"@id\":\"https:\/\/swimchannel.net\/br\/fina-divulga-calendario-do-fina-open-water-tour-2023\/\"},\"author\":{\"name\":\"Katarine Monteiro\",\"@id\":\"https:\/\/swimchannel.net\/br\/#\/schema\/person\/73ae9cec62249968bca1f0a8098ef002\"},\"headline\":\"FINA divulga calend\u00e1rio do FINA Open Water Tour 2023\",\"datePublished\":\"2022-11-22T17:03:14+00:00\",\"dateModified\":\"2026-03-19T15:31:37+00:00\",\"mainEntityOfPage\":{\"@id\":\"https:\/\/swimchannel.net\/br\/fina-divulga-calendario-do-fina-open-water-tour-2023\/\"},\"wordCount\":574,\"commentCount\":0,\"publisher\":{\"@id\":\"https:\/\/swimchannel.net\/br\/#organization\"},\"image\":{\"@id\":\"https:\/\/swimchannel.net\/br\/fina-divulga-calendario-do-fina-open-water-tour-2023\/#primaryimage\"},\"thumbnailUrl\":\"https:\/\/swimchannel.net\/br\/wp-content\/uploads\/2022\/06\/FWfr-DuWIAAmp1Q.jpg\",\"keywords\":[\"\u00c1guas abertas\",\"FINA Open Water\",\"FINA Open Water Tour 2023\"],\"articleSection\":[\"\u00c1guas Abertas\",\"\u00daltimas Not\u00edcias\"],\"inLanguage\":\"pt-BR\",\"potentialAction\":[{\"@type\":\"CommentAction\",\"name\":\"Comment\",\"target\":[\"https:\/\/swimchannel.net\/br\/fina-divulga-calendario-do-fina-open-water-tour-2023\/#respond\"]}]},{\"@type\":\"WebPage\",\"@id\":\"https:\/\/swimchannel.net\/br\/fina-divulga-calendario-do-fina-open-water-tour-2023\/\",\"url\":\"https:\/\/swimchannel.net\/br\/fina-divulga-calendario-do-fina-open-water-tour-2023\/\",\"name\":\"FINA divulga calend\u00e1rio do FINA Open Water Tour 2023 - Swimchannel\",\"isPartOf\":{\"@id\":\"https:\/\/swimchannel.net\/br\/#website\"},\"primaryImageOfPage\":{\"@id\":\"https:\/\/swimchannel.net\/br\/fina-divulga-calendario-do-fina-open-water-tour-2023\/#primaryimage\"},\"image\":{\"@id\":\"https:\/\/swimchannel.net\/br\/fina-divulga-calendario-do-fina-open-water-tour-2023\/#primaryimage\"},\"thumbnailUrl\":\"https:\/\/swimchannel.net\/br\/wp-content\/uploads\/2022\/06\/FWfr-DuWIAAmp1Q.jpg\",\"datePublished\":\"2022-11-22T17:03:14+00:00\",\"dateModified\":\"2026-03-19T15:31:37+00:00\",\"breadcrumb\":{\"@id\":\"https:\/\/swimchannel.net\/br\/fina-divulga-calendario-do-fina-open-water-tour-2023\/#breadcrumb\"},\"inLanguage\":\"pt-BR\",\"potentialAction\":[{\"@type\":\"ReadAction\",\"target\":[\"https:\/\/swimchannel.net\/br\/fina-divulga-calendario-do-fina-open-water-tour-2023\/\"]}]},{\"@type\":\"ImageObject\",\"inLanguage\":\"pt-BR\",\"@id\":\"https:\/\/swimchannel.net\/br\/fina-divulga-calendario-do-fina-open-water-tour-2023\/#primaryimage\",\"url\":\"https:\/\/swimchannel.net\/br\/wp-content\/uploads\/2022\/06\/FWfr-DuWIAAmp1Q.jpg\",\"contentUrl\":\"https:\/\/swimchannel.net\/br\/wp-content\/uploads\/2022\/06\/FWfr-DuWIAAmp1Q.jpg\",\"width\":945,\"height\":630,\"caption\":\"Ana Marcela Cunha - Foto: CBDA\"},{\"@type\":\"BreadcrumbList\",\"@id\":\"https:\/\/swimchannel.net\/br\/fina-divulga-calendario-do-fina-open-water-tour-2023\/#breadcrumb\",\"itemListElement\":[{\"@type\":\"ListItem\",\"position\":1,\"name\":\"Home\",\"item\":\"https:\/\/swimchannel.net\/br\/\"},{\"@type\":\"ListItem\",\"position\":2,\"name\":\"FINA divulga calend\u00e1rio do FINA Open Water Tour 2023\"}]},{\"@type\":\"WebSite\",\"@id\":\"https:\/\/swimchannel.net\/br\/#website\",\"url\":\"https:\/\/swimchannel.net\/br\/\",\"name\":\"Swimchannel\",\"description\":\"Maior portal de nata\u00e7\u00e3o da america latina\",\"publisher\":{\"@id\":\"https:\/\/swimchannel.net\/br\/#organization\"},\"potentialAction\":[{\"@type\":\"SearchAction\",\"target\":{\"@type\":\"EntryPoint\",\"urlTemplate\":\"https:\/\/swimchannel.net\/br\/?s={search_term_string}\"},\"query-input\":{\"@type\":\"PropertyValueSpecification\",\"valueRequired\":true,\"valueName\":\"search_term_string\"}}],\"inLanguage\":\"pt-BR\"},{\"@type\":\"Organization\",\"@id\":\"https:\/\/swimchannel.net\/br\/#organization\",\"name\":\"Swimchannel - Conectando voc\u00ea a Nata\u00e7\u00e3o\",\"url\":\"https:\/\/swimchannel.net\/br\/\",\"logo\":{\"@type\":\"ImageObject\",\"inLanguage\":\"pt-BR\",\"@id\":\"https:\/\/swimchannel.net\/br\/#\/schema\/logo\/image\/\",\"url\":\"https:\/\/swimchannel.net\/br\/wp-content\/uploads\/2026\/02\/SWIM-CHANNEL.png\",\"contentUrl\":\"https:\/\/swimchannel.net\/br\/wp-content\/uploads\/2026\/02\/SWIM-CHANNEL.png\",\"width\":1120,\"height\":630,\"caption\":\"Swimchannel - Conectando voc\u00ea a Nata\u00e7\u00e3o\"},\"image\":{\"@id\":\"https:\/\/swimchannel.net\/br\/#\/schema\/logo\/image\/\"},\"sameAs\":[\"https:\/\/www.facebook.com\/swimchannel\",\"https:\/\/www.instagram.com\/swimchannel\"]},{\"@type\":\"Person\",\"@id\":\"https:\/\/swimchannel.net\/br\/#\/schema\/person\/73ae9cec62249968bca1f0a8098ef002\",\"name\":\"Katarine Monteiro\",\"image\":{\"@type\":\"ImageObject\",\"inLanguage\":\"pt-BR\",\"@id\":\"https:\/\/swimchannel.net\/br\/#\/schema\/person\/image\/\",\"url\":\"https:\/\/swimchannel.net\/br\/wp-content\/uploads\/2022\/01\/Katarine-Monteiro-100x100.jpg\",\"contentUrl\":\"https:\/\/swimchannel.net\/br\/wp-content\/uploads\/2022\/01\/Katarine-Monteiro-100x100.jpg\",\"caption\":\"Katarine Monteiro\"},\"description\":\"Jornalista SWIM CHANNEL especializada em esportes ol\u00edmpicos e em sa\u00fade. Com cobertura de grandes eventos internacionais, como Jogos Ol\u00edmpicos Rio 2016, Jogos Pan-Americanos em Lima 2019, Qatar Total Open 2020, Qatar ExxonMobil Open 2019 - t\u00eanis em Doha (QT), Semana Internacional de Vela de Ilhabela, Transat Jacques Vabre 2019 (Fran\u00e7a-Brasil), L'\u00c9tape Brasil by Tour de France, j\u00e1 fez in\u00fameras coberturas de nata\u00e7\u00e3o, maratona aqu\u00e1tica e polo aqu\u00e1tico. Formada tamb\u00e9m em Letras, a jornalista atua como assessora de imprensa, rela\u00e7\u00f5es p\u00fablicas e social media, com especializa\u00e7\u00e3o em marketing esportivo. Nadadora amadora de \u00e1guas abertas, j\u00e1 trabalhou com grandes nomes da nata\u00e7\u00e3o e do polo aqu\u00e1tico brasileiro.\",\"sameAs\":[\"https:\/\/www.instagram.com\/_katarinemonteiro\/\",\"https:\/\/www.linkedin.com\/in\/katarine-monteiro-19385297\/\",\"https:\/\/x.com\/https:\/\/twitter.com\/Katarinem\"],\"url\":\"https:\/\/swimchannel.net\/br\/author\/katarine-monteiro\/\"}]}<\/script>\n<!-- \/ Yoast SEO plugin. -->","yoast_head_json":{"title":"FINA divulga calend\u00e1rio do FINA Open Water Tour 2023 - Swimchannel","robots":{"index":"index","follow":"follow","max-snippet":"max-snippet:-1","max-image-preview":"max-image-preview:large","max-video-preview":"max-video-preview:-1"},"canonical":"https:\/\/swimchannel.net\/br\/fina-divulga-calendario-do-fina-open-water-tour-2023\/","og_locale":"pt_BR","og_type":"article","og_title":"FINA divulga calend\u00e1rio do FINA Open Water Tour 2023 - Swimchannel","og_description":"A programa\u00e7\u00e3o da 17\u00aa temporada FINA Open Water Tour foi divulgada nesta semana pela Federa\u00e7\u00e3o Internacional de Nata\u00e7\u00e3o. O\u00a0FINA Open Water Tour 2023 contar\u00e1 com seis etapas come\u00e7ando no\u00a0Golfo Aranci, na Sardenha, marcando a primeira vez que a It\u00e1lia sedia esse evento. Da Sardenha, o FINA Open Water Tour 2023 seguir\u00e1 para as conhecidas \u00e1guas [&hellip;]","og_url":"https:\/\/swimchannel.net\/br\/fina-divulga-calendario-do-fina-open-water-tour-2023\/","og_site_name":"Swimchannel","article_publisher":"https:\/\/www.facebook.com\/swimchannel","article_published_time":"2022-11-22T17:03:14+00:00","article_modified_time":"2026-03-19T15:31:37+00:00","og_image":[{"width":945,"height":630,"url":"https:\/\/swimchannel.net\/br\/wp-content\/uploads\/2022\/06\/FWfr-DuWIAAmp1Q.jpg","type":"image\/jpeg"}],"author":"Katarine Monteiro","twitter_card":"summary_large_image","twitter_creator":"@https:\/\/twitter.com\/Katarinem","twitter_misc":{"Escrito por":"Katarine Monteiro","Est. tempo de leitura":"4 minutos"},"schema":{"@context":"https:\/\/schema.org","@graph":[{"@type":"Article","@id":"https:\/\/swimchannel.net\/br\/fina-divulga-calendario-do-fina-open-water-tour-2023\/#article","isPartOf":{"@id":"https:\/\/swimchannel.net\/br\/fina-divulga-calendario-do-fina-open-water-tour-2023\/"},"author":{"name":"Katarine Monteiro","@id":"https:\/\/swimchannel.net\/br\/#\/schema\/person\/73ae9cec62249968bca1f0a8098ef002"},"headline":"FINA divulga calend\u00e1rio do FINA Open Water Tour 2023","datePublished":"2022-11-22T17:03:14+00:00","dateModified":"2026-03-19T15:31:37+00:00","mainEntityOfPage":{"@id":"https:\/\/swimchannel.net\/br\/fina-divulga-calendario-do-fina-open-water-tour-2023\/"},"wordCount":574,"commentCount":0,"publisher":{"@id":"https:\/\/swimchannel.net\/br\/#organization"},"image":{"@id":"https:\/\/swimchannel.net\/br\/fina-divulga-calendario-do-fina-open-water-tour-2023\/#primaryimage"},"thumbnailUrl":"https:\/\/swimchannel.net\/br\/wp-content\/uploads\/2022\/06\/FWfr-DuWIAAmp1Q.jpg","keywords":["\u00c1guas abertas","FINA Open Water","FINA Open Water Tour 2023"],"articleSection":["\u00c1guas Abertas","\u00daltimas Not\u00edcias"],"inLanguage":"pt-BR","potentialAction":[{"@type":"CommentAction","name":"Comment","target":["https:\/\/swimchannel.net\/br\/fina-divulga-calendario-do-fina-open-water-tour-2023\/#respond"]}]},{"@type":"WebPage","@id":"https:\/\/swimchannel.net\/br\/fina-divulga-calendario-do-fina-open-water-tour-2023\/","url":"https:\/\/swimchannel.net\/br\/fina-divulga-calendario-do-fina-open-water-tour-2023\/","name":"FINA divulga calend\u00e1rio do FINA Open Water Tour 2023 - Swimchannel","isPartOf":{"@id":"https:\/\/swimchannel.net\/br\/#website"},"primaryImageOfPage":{"@id":"https:\/\/swimchannel.net\/br\/fina-divulga-calendario-do-fina-open-water-tour-2023\/#primaryimage"},"image":{"@id":"https:\/\/swimchannel.net\/br\/fina-divulga-calendario-do-fina-open-water-tour-2023\/#primaryimage"},"thumbnailUrl":"https:\/\/swimchannel.net\/br\/wp-content\/uploads\/2022\/06\/FWfr-DuWIAAmp1Q.jpg","datePublished":"2022-11-22T17:03:14+00:00","dateModified":"2026-03-19T15:31:37+00:00","breadcrumb":{"@id":"https:\/\/swimchannel.net\/br\/fina-divulga-calendario-do-fina-open-water-tour-2023\/#breadcrumb"},"inLanguage":"pt-BR","potentialAction":[{"@type":"ReadAction","target":["https:\/\/swimchannel.net\/br\/fina-divulga-calendario-do-fina-open-water-tour-2023\/"]}]},{"@type":"ImageObject","inLanguage":"pt-BR","@id":"https:\/\/swimchannel.net\/br\/fina-divulga-calendario-do-fina-open-water-tour-2023\/#primaryimage","url":"https:\/\/swimchannel.net\/br\/wp-content\/uploads\/2022\/06\/FWfr-DuWIAAmp1Q.jpg","contentUrl":"https:\/\/swimchannel.net\/br\/wp-content\/uploads\/2022\/06\/FWfr-DuWIAAmp1Q.jpg","width":945,"height":630,"caption":"Ana Marcela Cunha - Foto: CBDA"},{"@type":"BreadcrumbList","@id":"https:\/\/swimchannel.net\/br\/fina-divulga-calendario-do-fina-open-water-tour-2023\/#breadcrumb","itemListElement":[{"@type":"ListItem","position":1,"name":"Home","item":"https:\/\/swimchannel.net\/br\/"},{"@type":"ListItem","position":2,"name":"FINA divulga calend\u00e1rio do FINA Open Water Tour 2023"}]},{"@type":"WebSite","@id":"https:\/\/swimchannel.net\/br\/#website","url":"https:\/\/swimchannel.net\/br\/","name":"Swimchannel","description":"Maior portal de nata\u00e7\u00e3o da america latina","publisher":{"@id":"https:\/\/swimchannel.net\/br\/#organization"},"potentialAction":[{"@type":"SearchAction","target":{"@type":"EntryPoint","urlTemplate":"https:\/\/swimchannel.net\/br\/?s={search_term_string}"},"query-input":{"@type":"PropertyValueSpecification","valueRequired":true,"valueName":"search_term_string"}}],"inLanguage":"pt-BR"},{"@type":"Organization","@id":"https:\/\/swimchannel.net\/br\/#organization","name":"Swimchannel - Conectando voc\u00ea a Nata\u00e7\u00e3o","url":"https:\/\/swimchannel.net\/br\/","logo":{"@type":"ImageObject","inLanguage":"pt-BR","@id":"https:\/\/swimchannel.net\/br\/#\/schema\/logo\/image\/","url":"https:\/\/swimchannel.net\/br\/wp-content\/uploads\/2026\/02\/SWIM-CHANNEL.png","contentUrl":"https:\/\/swimchannel.net\/br\/wp-content\/uploads\/2026\/02\/SWIM-CHANNEL.png","width":1120,"height":630,"caption":"Swimchannel - Conectando voc\u00ea a Nata\u00e7\u00e3o"},"image":{"@id":"https:\/\/swimchannel.net\/br\/#\/schema\/logo\/image\/"},"sameAs":["https:\/\/www.facebook.com\/swimchannel","https:\/\/www.instagram.com\/swimchannel"]},{"@type":"Person","@id":"https:\/\/swimchannel.net\/br\/#\/schema\/person\/73ae9cec62249968bca1f0a8098ef002","name":"Katarine Monteiro","image":{"@type":"ImageObject","inLanguage":"pt-BR","@id":"https:\/\/swimchannel.net\/br\/#\/schema\/person\/image\/","url":"https:\/\/swimchannel.net\/br\/wp-content\/uploads\/2022\/01\/Katarine-Monteiro-100x100.jpg","contentUrl":"https:\/\/swimchannel.net\/br\/wp-content\/uploads\/2022\/01\/Katarine-Monteiro-100x100.jpg","caption":"Katarine Monteiro"},"description":"Jornalista SWIM CHANNEL especializada em esportes ol\u00edmpicos e em sa\u00fade. Com cobertura de grandes eventos internacionais, como Jogos Ol\u00edmpicos Rio 2016, Jogos Pan-Americanos em Lima 2019, Qatar Total Open 2020, Qatar ExxonMobil Open 2019 - t\u00eanis em Doha (QT), Semana Internacional de Vela de Ilhabela, Transat Jacques Vabre 2019 (Fran\u00e7a-Brasil), L'\u00c9tape Brasil by Tour de France, j\u00e1 fez in\u00fameras coberturas de nata\u00e7\u00e3o, maratona aqu\u00e1tica e polo aqu\u00e1tico. Formada tamb\u00e9m em Letras, a jornalista atua como assessora de imprensa, rela\u00e7\u00f5es p\u00fablicas e social media, com especializa\u00e7\u00e3o em marketing esportivo. Nadadora amadora de \u00e1guas abertas, j\u00e1 trabalhou com grandes nomes da nata\u00e7\u00e3o e do polo aqu\u00e1tico brasileiro.","sameAs":["https:\/\/www.instagram.com\/_katarinemonteiro\/","https:\/\/www.linkedin.com\/in\/katarine-monteiro-19385297\/","https:\/\/x.com\/https:\/\/twitter.com\/Katarinem"],"url":"https:\/\/swimchannel.net\/br\/author\/katarine-monteiro\/"}]}},"_links":{"self":[{"href":"https:\/\/swimchannel.net\/br\/wp-json\/wp\/v2\/posts\/54229","targetHints":{"allow":["GET"]}}],"collection":[{"href":"https:\/\/swimchannel.net\/br\/wp-json\/wp\/v2\/posts"}],"about":[{"href":"https:\/\/swimchannel.net\/br\/wp-json\/wp\/v2\/types\/post"}],"author":[{"embeddable":true,"href":"https:\/\/swimchannel.net\/br\/wp-json\/wp\/v2\/users\/9"}],"replies":[{"embeddable":true,"href":"https:\/\/swimchannel.net\/br\/wp-json\/wp\/v2\/comments?post=54229"}],"version-history":[{"count":4,"href":"https:\/\/swimchannel.net\/br\/wp-json\/wp\/v2\/posts\/54229\/revisions"}],"predecessor-version":[{"id":80672,"href":"https:\/\/swimchannel.net\/br\/wp-json\/wp\/v2\/posts\/54229\/revisions\/80672"}],"wp:attachment":[{"href":"https:\/\/swimchannel.net\/br\/wp-json\/wp\/v2\/media?parent=54229"}],"wp:term":[{"taxonomy":"category","embeddable":true,"href":"https:\/\/swimchannel.net\/br\/wp-json\/wp\/v2\/categories?post=54229"},{"taxonomy":"post_tag","embeddable":true,"href":"https:\/\/swimchannel.net\/br\/wp-json\/wp\/v2\/tags?post=54229"}],"curies":[{"name":"wp","href":"https:\/\/api.w.org\/{rel}","templated":true}]}}