{"id":54362,"date":"2022-12-05T12:24:36","date_gmt":"2022-12-05T15:24:36","guid":{"rendered":"https:\/\/swimchannel.net\/br\/?p=54362"},"modified":"2022-12-05T13:05:34","modified_gmt":"2022-12-05T16:05:34","slug":"etapa-de-bora-bora-encerra-temporada-da-travessia-poliana-okimoto","status":"publish","type":"post","link":"https:\/\/swimchannel.net\/br\/etapa-de-bora-bora-encerra-temporada-da-travessia-poliana-okimoto\/","title":{"rendered":"Etapa de Bora Bora encerra temporada da Travessia Poliana Okimoto"},"content":{"rendered":"<p>Este fim de semana a Praia de Bora Bora recebeu a segunda e \u00faltima etapa da Travessia Poliana Okimoto, evento idealizado pela medalhista ol\u00edmpica. A competi\u00e7\u00e3o, que teve premia\u00e7\u00e3o em dinheiro na prova principal de 5 km, reuniu centenas de nadadores em S\u00e3o Sebasti\u00e3o, entre eles nadadores com experi\u00eancia em Campeonatos Mundiais e eventos internacionais. Os resultados completos da etapa podem ser conferidos aqui: <a href=\"https:\/\/www.polesportivo.com.br\/resultado.php?id=840\" target=\"_blank\" rel=\"noopener\">https:\/\/www.polesportivo.com.br\/resultado.php?id=840<\/a>.<\/p>\n<p>A prova masculina dos 5 km foi vencida pelo nadador boliviano Walter Caballero Quilla, que no evento representou a equipe da ACM. Quilla, que tem no curr\u00edculo participa\u00e7\u00e3o nos Mundiais de Barcelona-2013, Kazan-2015, Budapeste-2017 e Gwangju-2019 pela sele\u00e7\u00e3o boliviana, triunfou com tempo total de 1h21min07s851. O segundo lugar ficou Vinnicius da Costa, do SESI-SP, que completou o percurso em 1h21min10s055. Em terceiro chegou o veterano Samir Barel com tempo total de 1h23min03s817.<\/p>\n<blockquote class=\"instagram-media\" style=\"background: #FFF; border: 0; border-radius: 3px; box-shadow: 0 0 1px 0 rgba(0,0,0,0.5),0 1px 10px 0 rgba(0,0,0,0.15); margin: 1px; max-width: 540px; min-width: 326px; padding: 0; width: calc(100% - 2px);\" data-instgrm-captioned=\"\" data-instgrm-permalink=\"https:\/\/www.instagram.com\/reel\/Clwv21RgrTI\/?utm_source=ig_embed&amp;utm_campaign=loading\" data-instgrm-version=\"14\">\n<div style=\"padding: 16px;\">\n<p>&nbsp;<\/p>\n<div style=\"display: flex; flex-direction: row; align-items: center;\">\n<div style=\"background-color: #f4f4f4; border-radius: 50%; flex-grow: 0; height: 40px; margin-right: 14px; width: 40px;\"><\/div>\n<div style=\"display: flex; flex-direction: column; flex-grow: 1; justify-content: center;\">\n<div style=\"background-color: #f4f4f4; border-radius: 4px; flex-grow: 0; height: 14px; margin-bottom: 6px; width: 100px;\"><\/div>\n<div style=\"background-color: #f4f4f4; border-radius: 4px; flex-grow: 0; height: 14px; width: 60px;\"><\/div>\n<\/div>\n<\/div>\n<div style=\"padding: 19% 0;\"><\/div>\n<div style=\"display: block; height: 50px; margin: 0 auto 12px; width: 50px;\"><\/div>\n<div style=\"padding-top: 8px;\">\n<div style=\"color: #3897f0; font-family: Arial,sans-serif; font-size: 14px; font-style: normal; font-weight: 550; line-height: 18px;\">Ver essa foto no Instagram<\/div>\n<\/div>\n<div style=\"padding: 12.5% 0;\"><\/div>\n<div style=\"display: flex; flex-direction: row; margin-bottom: 14px; align-items: center;\">\n<div>\n<div style=\"background-color: #f4f4f4; border-radius: 50%; height: 12.5px; width: 12.5px; transform: translateX(0px) translateY(7px);\"><\/div>\n<div style=\"background-color: #f4f4f4; height: 12.5px; transform: rotate(-45deg) translateX(3px) translateY(1px); width: 12.5px; flex-grow: 0; margin-right: 14px; margin-left: 2px;\"><\/div>\n<div style=\"background-color: #f4f4f4; border-radius: 50%; height: 12.5px; width: 12.5px; transform: translateX(9px) translateY(-18px);\"><\/div>\n<\/div>\n<div style=\"margin-left: 8px;\">\n<div style=\"background-color: #f4f4f4; border-radius: 50%; flex-grow: 0; height: 20px; width: 20px;\"><\/div>\n<div style=\"width: 0; height: 0; border-top: 2px solid transparent; border-left: 6px solid #f4f4f4; border-bottom: 2px solid transparent; transform: translateX(16px) translateY(-4px) rotate(30deg);\"><\/div>\n<\/div>\n<div style=\"margin-left: auto;\">\n<div style=\"width: 0px; border-top: 8px solid #F4F4F4; border-right: 8px solid transparent; transform: translateY(16px);\"><\/div>\n<div style=\"background-color: #f4f4f4; flex-grow: 0; height: 12px; width: 16px; transform: translateY(-4px);\"><\/div>\n<div style=\"width: 0; height: 0; border-top: 8px solid #F4F4F4; border-left: 8px solid transparent; transform: translateY(-4px) translateX(8px);\"><\/div>\n<\/div>\n<\/div>\n<div style=\"display: flex; flex-direction: column; flex-grow: 1; justify-content: center; margin-bottom: 24px;\">\n<div style=\"background-color: #f4f4f4; border-radius: 4px; flex-grow: 0; height: 14px; margin-bottom: 6px; width: 224px;\"><\/div>\n<div style=\"background-color: #f4f4f4; border-radius: 4px; flex-grow: 0; height: 14px; width: 144px;\"><\/div>\n<\/div>\n<p>&nbsp;<\/p>\n<p style=\"color: #c9c8cd; font-family: Arial,sans-serif; font-size: 14px; line-height: 17px; margin-bottom: 0; margin-top: 8px; overflow: hidden; padding: 8px 0 7px; text-align: center; text-overflow: ellipsis; white-space: nowrap;\"><a style=\"color: #c9c8cd; font-family: Arial,sans-serif; font-size: 14px; font-style: normal; font-weight: normal; line-height: 17px; text-decoration: none;\" href=\"https:\/\/www.instagram.com\/reel\/Clwv21RgrTI\/?utm_source=ig_embed&amp;utm_campaign=loading\" target=\"_blank\" rel=\"noopener\">Uma publica\u00e7\u00e3o compartilhada por Travessia Poliana Okimoto (@travessiapolianaokimoto)<\/a><\/p>\n<\/div>\n<\/blockquote>\n<p><script async src=\"\/\/www.instagram.com\/embed.js\"><\/script><\/p>\n<p>Entre as mulheres Betina Lorscheitter adicionou mais um trof\u00e9u de campe\u00e3 a sua galeria. A nadadora do Clube Curitibano venceu a prova dos 5 km ao nadar em 1h24min19s653, marca que tamb\u00e9m lhe deu o quarto tempo geral entre homens e mulheres. A vice-campe\u00e3 da prova foi a jovem Thaiana do Amaral, de apenas 17 anos. A atleta do SESI-SP nadou a dist\u00e2ncia em 1h24min33s550. Completou o p\u00f3dio feminino Ana Carolina Morelli, da Equipe Samir Barel, com tempo de 1h29min08s331.<\/p>\n<p>Tamb\u00e9m tivemos em S\u00e3o Sebasti\u00e3o outras dist\u00e2ncias disputadas. Nos 2,5 km a vit\u00f3ria no feminino foi de Camila Pimentel, da Rebollo Assessoria Esportiva, com 49min42s086. O p\u00f3dio teve ainda Clara dos Santos e Marina Barufi, em segundo e terceiro lugar respectivamente. Na vers\u00e3o masculina a vit\u00f3ria foi de Jo\u00e3o Campos, da Nada Melhor, com 43min27s959. Em segundo lugar chegou Pedro Tortella e em terceiro Jeyson Alves.<\/p>\n<figure id=\"attachment_54378\" aria-describedby=\"caption-attachment-54378\" style=\"width: 946px\" class=\"wp-caption alignnone\"><img loading=\"lazy\" decoding=\"async\" class=\"size-full wp-image-54378\" src=\"https:\/\/swimchannel.net\/br\/wp-content\/uploads\/2022\/12\/WhatsApp-Image-2022-12-05-at-12.37.56.jpeg\" alt=\"\" width=\"946\" height=\"630\" srcset=\"https:\/\/swimchannel.net\/br\/wp-content\/uploads\/2022\/12\/WhatsApp-Image-2022-12-05-at-12.37.56.jpeg 946w, https:\/\/swimchannel.net\/br\/wp-content\/uploads\/2022\/12\/WhatsApp-Image-2022-12-05-at-12.37.56-270x180.jpeg 270w, https:\/\/swimchannel.net\/br\/wp-content\/uploads\/2022\/12\/WhatsApp-Image-2022-12-05-at-12.37.56-768x511.jpeg 768w, https:\/\/swimchannel.net\/br\/wp-content\/uploads\/2022\/12\/WhatsApp-Image-2022-12-05-at-12.37.56-750x499.jpeg 750w\" sizes=\"auto, (max-width: 946px) 100vw, 946px\" \/><figcaption id=\"caption-attachment-54378\" class=\"wp-caption-text\">P\u00f3dio masculino da Travessia Poliana Okimoto &#8211; Foto: Felippe Luque<\/figcaption><\/figure>\n<p>Na prova de 1 km os campe\u00f5es gerais foram Marcos Silva, da Vila Ol\u00edmpica da Mangueira, com tempo de 20min00s996 e Bianca Macaira que nadou em 21min30s736. J\u00e1 nos 500m a campe\u00e3 no feminino foi Sofia Gon\u00e7alves, de apenas 13 anos, com 11min10s162. No masculino Marcos Silva foi o vencedor com tempo de 10min22s054. No aquathlon os campe\u00f5es foram Guilherme Coutinho e Tamires Pereira na prova individual e Luigi Zolzenon e Carlos Eduardo Correa na prova por equipe.<\/p>\n<p>Um dos diferenciais da Travessia Poliana Okimoto foi a premia\u00e7\u00e3o em dinheiro na prova principal de 5 km. Cada campe\u00e3o, no masculino e feminino, recebeu R$ 1.200,00 de bonifica\u00e7\u00e3o. Os vice receberam R$ 800,00 e os terceiros colocados ganharam R$ 500,00 cada um. O evento idealizado pela medalhista ol\u00edmpica, busca promover a nata\u00e7\u00e3o em \u00e1guas abertas e difundir a modalidade como um estilo de vida. A Vega Assessoria \u00e9 a respons\u00e1vel pela organiza\u00e7\u00e3o e para mais informa\u00e7\u00f5es acesse: <a href=\"https:\/\/www.instagram.com\/travessiapolianaokimoto\/\" target=\"_blank\" rel=\"noopener\">https:\/\/www.instagram.com\/travessiapolianaokimoto\/<\/a>.<\/p>\n","protected":false},"excerpt":{"rendered":"<p>Competi\u00e7\u00e3o em S\u00e3o Sebasti\u00e3o teve a vit\u00f3ria da dupla Walter Caballero Quilla e Betina Lorscheitter na prova principal de 5 km<\/p>\n","protected":false},"author":3,"featured_media":54377,"comment_status":"open","ping_status":"open","sticky":false,"template":"","format":"gallery","meta":{"footnotes":""},"categories":[115],"tags":[14,520,5,312,1553,5092],"class_list":["post-54362","post","type-post","status-publish","format-gallery","has-post-thumbnail","hentry","category-aguas-abertas","tag-aguas-abertas","tag-betina-lorscheitter","tag-natacao","tag-speedo","tag-travessia-poliana-okimoto","tag-walter-caballero-quilla","post_format-post-format-gallery"],"yoast_head":"<!-- This site is optimized with the Yoast SEO plugin v27.0 - https:\/\/yoast.com\/product\/yoast-seo-wordpress\/ -->\n<title>Etapa de Bora Bora encerra temporada da Travessia Poliana Okimoto - Swimchannel<\/title>\n<meta name=\"robots\" content=\"index, follow, max-snippet:-1, max-image-preview:large, max-video-preview:-1\" \/>\n<link rel=\"canonical\" href=\"https:\/\/swimchannel.net\/br\/etapa-de-bora-bora-encerra-temporada-da-travessia-poliana-okimoto\/\" \/>\n<meta property=\"og:locale\" content=\"pt_BR\" \/>\n<meta property=\"og:type\" content=\"article\" \/>\n<meta property=\"og:title\" content=\"Etapa de Bora Bora encerra temporada da Travessia Poliana Okimoto - Swimchannel\" \/>\n<meta property=\"og:description\" content=\"Competi\u00e7\u00e3o em S\u00e3o Sebasti\u00e3o teve a vit\u00f3ria da dupla Walter Caballero Quilla e Betina Lorscheitter na prova principal de 5 km\" \/>\n<meta property=\"og:url\" content=\"https:\/\/swimchannel.net\/br\/etapa-de-bora-bora-encerra-temporada-da-travessia-poliana-okimoto\/\" \/>\n<meta property=\"og:site_name\" content=\"Swimchannel\" \/>\n<meta property=\"article:publisher\" content=\"https:\/\/www.facebook.com\/swimchannel\" \/>\n<meta property=\"article:published_time\" content=\"2022-12-05T15:24:36+00:00\" \/>\n<meta property=\"article:modified_time\" content=\"2022-12-05T16:05:34+00:00\" \/>\n<meta property=\"og:image\" content=\"https:\/\/swimchannel.net\/br\/wp-content\/uploads\/2022\/12\/WhatsApp-Image-2022-12-05-at-12.37.56-1.jpeg\" \/>\n\t<meta property=\"og:image:width\" content=\"946\" \/>\n\t<meta property=\"og:image:height\" content=\"630\" \/>\n\t<meta property=\"og:image:type\" content=\"image\/jpeg\" \/>\n<meta name=\"author\" content=\"Guilherme Freitas\" \/>\n<meta name=\"twitter:card\" content=\"summary_large_image\" \/>\n<meta name=\"twitter:label1\" content=\"Escrito por\" \/>\n\t<meta name=\"twitter:data1\" content=\"Guilherme Freitas\" \/>\n\t<meta name=\"twitter:label2\" content=\"Est. tempo de leitura\" \/>\n\t<meta name=\"twitter:data2\" content=\"3 minutos\" \/>\n<script type=\"application\/ld+json\" class=\"yoast-schema-graph\">{\"@context\":\"https:\/\/schema.org\",\"@graph\":[{\"@type\":\"Article\",\"@id\":\"https:\/\/swimchannel.net\/br\/etapa-de-bora-bora-encerra-temporada-da-travessia-poliana-okimoto\/#article\",\"isPartOf\":{\"@id\":\"https:\/\/swimchannel.net\/br\/etapa-de-bora-bora-encerra-temporada-da-travessia-poliana-okimoto\/\"},\"author\":{\"name\":\"Guilherme Freitas\",\"@id\":\"https:\/\/swimchannel.net\/br\/#\/schema\/person\/aa2a63bab3275f53749a83276b213c48\"},\"headline\":\"Etapa de Bora Bora encerra temporada da Travessia Poliana Okimoto\",\"datePublished\":\"2022-12-05T15:24:36+00:00\",\"dateModified\":\"2022-12-05T16:05:34+00:00\",\"mainEntityOfPage\":{\"@id\":\"https:\/\/swimchannel.net\/br\/etapa-de-bora-bora-encerra-temporada-da-travessia-poliana-okimoto\/\"},\"wordCount\":535,\"commentCount\":2,\"publisher\":{\"@id\":\"https:\/\/swimchannel.net\/br\/#organization\"},\"image\":{\"@id\":\"https:\/\/swimchannel.net\/br\/etapa-de-bora-bora-encerra-temporada-da-travessia-poliana-okimoto\/#primaryimage\"},\"thumbnailUrl\":\"https:\/\/swimchannel.net\/br\/wp-content\/uploads\/2022\/12\/WhatsApp-Image-2022-12-05-at-12.37.56-1.jpeg\",\"keywords\":[\"\u00c1guas abertas\",\"Betina Lorscheitter\",\"natacao\",\"Speedo\",\"Travessia Poliana Okimoto\",\"Walter Caballero Quilla\"],\"articleSection\":[\"\u00c1guas Abertas\"],\"inLanguage\":\"pt-BR\",\"potentialAction\":[{\"@type\":\"CommentAction\",\"name\":\"Comment\",\"target\":[\"https:\/\/swimchannel.net\/br\/etapa-de-bora-bora-encerra-temporada-da-travessia-poliana-okimoto\/#respond\"]}]},{\"@type\":\"WebPage\",\"@id\":\"https:\/\/swimchannel.net\/br\/etapa-de-bora-bora-encerra-temporada-da-travessia-poliana-okimoto\/\",\"url\":\"https:\/\/swimchannel.net\/br\/etapa-de-bora-bora-encerra-temporada-da-travessia-poliana-okimoto\/\",\"name\":\"Etapa de Bora Bora encerra temporada da Travessia Poliana Okimoto - Swimchannel\",\"isPartOf\":{\"@id\":\"https:\/\/swimchannel.net\/br\/#website\"},\"primaryImageOfPage\":{\"@id\":\"https:\/\/swimchannel.net\/br\/etapa-de-bora-bora-encerra-temporada-da-travessia-poliana-okimoto\/#primaryimage\"},\"image\":{\"@id\":\"https:\/\/swimchannel.net\/br\/etapa-de-bora-bora-encerra-temporada-da-travessia-poliana-okimoto\/#primaryimage\"},\"thumbnailUrl\":\"https:\/\/swimchannel.net\/br\/wp-content\/uploads\/2022\/12\/WhatsApp-Image-2022-12-05-at-12.37.56-1.jpeg\",\"datePublished\":\"2022-12-05T15:24:36+00:00\",\"dateModified\":\"2022-12-05T16:05:34+00:00\",\"breadcrumb\":{\"@id\":\"https:\/\/swimchannel.net\/br\/etapa-de-bora-bora-encerra-temporada-da-travessia-poliana-okimoto\/#breadcrumb\"},\"inLanguage\":\"pt-BR\",\"potentialAction\":[{\"@type\":\"ReadAction\",\"target\":[\"https:\/\/swimchannel.net\/br\/etapa-de-bora-bora-encerra-temporada-da-travessia-poliana-okimoto\/\"]}]},{\"@type\":\"ImageObject\",\"inLanguage\":\"pt-BR\",\"@id\":\"https:\/\/swimchannel.net\/br\/etapa-de-bora-bora-encerra-temporada-da-travessia-poliana-okimoto\/#primaryimage\",\"url\":\"https:\/\/swimchannel.net\/br\/wp-content\/uploads\/2022\/12\/WhatsApp-Image-2022-12-05-at-12.37.56-1.jpeg\",\"contentUrl\":\"https:\/\/swimchannel.net\/br\/wp-content\/uploads\/2022\/12\/WhatsApp-Image-2022-12-05-at-12.37.56-1.jpeg\",\"width\":946,\"height\":630,\"caption\":\"P\u00f3dio feminino da Travessia Poliana Okimoto - Foto: Felippe Luque\"},{\"@type\":\"BreadcrumbList\",\"@id\":\"https:\/\/swimchannel.net\/br\/etapa-de-bora-bora-encerra-temporada-da-travessia-poliana-okimoto\/#breadcrumb\",\"itemListElement\":[{\"@type\":\"ListItem\",\"position\":1,\"name\":\"Home\",\"item\":\"https:\/\/swimchannel.net\/br\/\"},{\"@type\":\"ListItem\",\"position\":2,\"name\":\"Etapa de Bora Bora encerra temporada da Travessia Poliana Okimoto\"}]},{\"@type\":\"WebSite\",\"@id\":\"https:\/\/swimchannel.net\/br\/#website\",\"url\":\"https:\/\/swimchannel.net\/br\/\",\"name\":\"Swimchannel\",\"description\":\"Maior portal de nata\u00e7\u00e3o da america latina\",\"publisher\":{\"@id\":\"https:\/\/swimchannel.net\/br\/#organization\"},\"potentialAction\":[{\"@type\":\"SearchAction\",\"target\":{\"@type\":\"EntryPoint\",\"urlTemplate\":\"https:\/\/swimchannel.net\/br\/?s={search_term_string}\"},\"query-input\":{\"@type\":\"PropertyValueSpecification\",\"valueRequired\":true,\"valueName\":\"search_term_string\"}}],\"inLanguage\":\"pt-BR\"},{\"@type\":\"Organization\",\"@id\":\"https:\/\/swimchannel.net\/br\/#organization\",\"name\":\"Swimchannel - Conectando voc\u00ea a Nata\u00e7\u00e3o\",\"url\":\"https:\/\/swimchannel.net\/br\/\",\"logo\":{\"@type\":\"ImageObject\",\"inLanguage\":\"pt-BR\",\"@id\":\"https:\/\/swimchannel.net\/br\/#\/schema\/logo\/image\/\",\"url\":\"https:\/\/swimchannel.net\/br\/wp-content\/uploads\/2026\/02\/SWIM-CHANNEL.png\",\"contentUrl\":\"https:\/\/swimchannel.net\/br\/wp-content\/uploads\/2026\/02\/SWIM-CHANNEL.png\",\"width\":1120,\"height\":630,\"caption\":\"Swimchannel - Conectando voc\u00ea a Nata\u00e7\u00e3o\"},\"image\":{\"@id\":\"https:\/\/swimchannel.net\/br\/#\/schema\/logo\/image\/\"},\"sameAs\":[\"https:\/\/www.facebook.com\/swimchannel\",\"https:\/\/www.instagram.com\/swimchannel\"]},{\"@type\":\"Person\",\"@id\":\"https:\/\/swimchannel.net\/br\/#\/schema\/person\/aa2a63bab3275f53749a83276b213c48\",\"name\":\"Guilherme Freitas\",\"image\":{\"@type\":\"ImageObject\",\"inLanguage\":\"pt-BR\",\"@id\":\"https:\/\/swimchannel.net\/br\/#\/schema\/person\/image\/\",\"url\":\"https:\/\/swimchannel.net\/br\/wp-content\/uploads\/2025\/10\/gui22-193x180.png\",\"contentUrl\":\"https:\/\/swimchannel.net\/br\/wp-content\/uploads\/2025\/10\/gui22-193x180.png\",\"caption\":\"Guilherme Freitas\"},\"description\":\"Jornalista s\u00eanior da SWIM CHANNEL, ex-correspondente da FINA no Brasil e pesquisador acad\u00eamico.\",\"sameAs\":[\"instagram.com\/guifreitas86\"],\"url\":\"https:\/\/swimchannel.net\/br\/author\/guilherme-freitas\/\"}]}<\/script>\n<!-- \/ Yoast SEO plugin. -->","yoast_head_json":{"title":"Etapa de Bora Bora encerra temporada da Travessia Poliana Okimoto - Swimchannel","robots":{"index":"index","follow":"follow","max-snippet":"max-snippet:-1","max-image-preview":"max-image-preview:large","max-video-preview":"max-video-preview:-1"},"canonical":"https:\/\/swimchannel.net\/br\/etapa-de-bora-bora-encerra-temporada-da-travessia-poliana-okimoto\/","og_locale":"pt_BR","og_type":"article","og_title":"Etapa de Bora Bora encerra temporada da Travessia Poliana Okimoto - Swimchannel","og_description":"Competi\u00e7\u00e3o em S\u00e3o Sebasti\u00e3o teve a vit\u00f3ria da dupla Walter Caballero Quilla e Betina Lorscheitter na prova principal de 5 km","og_url":"https:\/\/swimchannel.net\/br\/etapa-de-bora-bora-encerra-temporada-da-travessia-poliana-okimoto\/","og_site_name":"Swimchannel","article_publisher":"https:\/\/www.facebook.com\/swimchannel","article_published_time":"2022-12-05T15:24:36+00:00","article_modified_time":"2022-12-05T16:05:34+00:00","og_image":[{"width":946,"height":630,"url":"https:\/\/swimchannel.net\/br\/wp-content\/uploads\/2022\/12\/WhatsApp-Image-2022-12-05-at-12.37.56-1.jpeg","type":"image\/jpeg"}],"author":"Guilherme Freitas","twitter_card":"summary_large_image","twitter_misc":{"Escrito por":"Guilherme Freitas","Est. tempo de leitura":"3 minutos"},"schema":{"@context":"https:\/\/schema.org","@graph":[{"@type":"Article","@id":"https:\/\/swimchannel.net\/br\/etapa-de-bora-bora-encerra-temporada-da-travessia-poliana-okimoto\/#article","isPartOf":{"@id":"https:\/\/swimchannel.net\/br\/etapa-de-bora-bora-encerra-temporada-da-travessia-poliana-okimoto\/"},"author":{"name":"Guilherme Freitas","@id":"https:\/\/swimchannel.net\/br\/#\/schema\/person\/aa2a63bab3275f53749a83276b213c48"},"headline":"Etapa de Bora Bora encerra temporada da Travessia Poliana Okimoto","datePublished":"2022-12-05T15:24:36+00:00","dateModified":"2022-12-05T16:05:34+00:00","mainEntityOfPage":{"@id":"https:\/\/swimchannel.net\/br\/etapa-de-bora-bora-encerra-temporada-da-travessia-poliana-okimoto\/"},"wordCount":535,"commentCount":2,"publisher":{"@id":"https:\/\/swimchannel.net\/br\/#organization"},"image":{"@id":"https:\/\/swimchannel.net\/br\/etapa-de-bora-bora-encerra-temporada-da-travessia-poliana-okimoto\/#primaryimage"},"thumbnailUrl":"https:\/\/swimchannel.net\/br\/wp-content\/uploads\/2022\/12\/WhatsApp-Image-2022-12-05-at-12.37.56-1.jpeg","keywords":["\u00c1guas abertas","Betina Lorscheitter","natacao","Speedo","Travessia Poliana Okimoto","Walter Caballero Quilla"],"articleSection":["\u00c1guas Abertas"],"inLanguage":"pt-BR","potentialAction":[{"@type":"CommentAction","name":"Comment","target":["https:\/\/swimchannel.net\/br\/etapa-de-bora-bora-encerra-temporada-da-travessia-poliana-okimoto\/#respond"]}]},{"@type":"WebPage","@id":"https:\/\/swimchannel.net\/br\/etapa-de-bora-bora-encerra-temporada-da-travessia-poliana-okimoto\/","url":"https:\/\/swimchannel.net\/br\/etapa-de-bora-bora-encerra-temporada-da-travessia-poliana-okimoto\/","name":"Etapa de Bora Bora encerra temporada da Travessia Poliana Okimoto - Swimchannel","isPartOf":{"@id":"https:\/\/swimchannel.net\/br\/#website"},"primaryImageOfPage":{"@id":"https:\/\/swimchannel.net\/br\/etapa-de-bora-bora-encerra-temporada-da-travessia-poliana-okimoto\/#primaryimage"},"image":{"@id":"https:\/\/swimchannel.net\/br\/etapa-de-bora-bora-encerra-temporada-da-travessia-poliana-okimoto\/#primaryimage"},"thumbnailUrl":"https:\/\/swimchannel.net\/br\/wp-content\/uploads\/2022\/12\/WhatsApp-Image-2022-12-05-at-12.37.56-1.jpeg","datePublished":"2022-12-05T15:24:36+00:00","dateModified":"2022-12-05T16:05:34+00:00","breadcrumb":{"@id":"https:\/\/swimchannel.net\/br\/etapa-de-bora-bora-encerra-temporada-da-travessia-poliana-okimoto\/#breadcrumb"},"inLanguage":"pt-BR","potentialAction":[{"@type":"ReadAction","target":["https:\/\/swimchannel.net\/br\/etapa-de-bora-bora-encerra-temporada-da-travessia-poliana-okimoto\/"]}]},{"@type":"ImageObject","inLanguage":"pt-BR","@id":"https:\/\/swimchannel.net\/br\/etapa-de-bora-bora-encerra-temporada-da-travessia-poliana-okimoto\/#primaryimage","url":"https:\/\/swimchannel.net\/br\/wp-content\/uploads\/2022\/12\/WhatsApp-Image-2022-12-05-at-12.37.56-1.jpeg","contentUrl":"https:\/\/swimchannel.net\/br\/wp-content\/uploads\/2022\/12\/WhatsApp-Image-2022-12-05-at-12.37.56-1.jpeg","width":946,"height":630,"caption":"P\u00f3dio feminino da Travessia Poliana Okimoto - Foto: Felippe Luque"},{"@type":"BreadcrumbList","@id":"https:\/\/swimchannel.net\/br\/etapa-de-bora-bora-encerra-temporada-da-travessia-poliana-okimoto\/#breadcrumb","itemListElement":[{"@type":"ListItem","position":1,"name":"Home","item":"https:\/\/swimchannel.net\/br\/"},{"@type":"ListItem","position":2,"name":"Etapa de Bora Bora encerra temporada da Travessia Poliana Okimoto"}]},{"@type":"WebSite","@id":"https:\/\/swimchannel.net\/br\/#website","url":"https:\/\/swimchannel.net\/br\/","name":"Swimchannel","description":"Maior portal de nata\u00e7\u00e3o da america latina","publisher":{"@id":"https:\/\/swimchannel.net\/br\/#organization"},"potentialAction":[{"@type":"SearchAction","target":{"@type":"EntryPoint","urlTemplate":"https:\/\/swimchannel.net\/br\/?s={search_term_string}"},"query-input":{"@type":"PropertyValueSpecification","valueRequired":true,"valueName":"search_term_string"}}],"inLanguage":"pt-BR"},{"@type":"Organization","@id":"https:\/\/swimchannel.net\/br\/#organization","name":"Swimchannel - Conectando voc\u00ea a Nata\u00e7\u00e3o","url":"https:\/\/swimchannel.net\/br\/","logo":{"@type":"ImageObject","inLanguage":"pt-BR","@id":"https:\/\/swimchannel.net\/br\/#\/schema\/logo\/image\/","url":"https:\/\/swimchannel.net\/br\/wp-content\/uploads\/2026\/02\/SWIM-CHANNEL.png","contentUrl":"https:\/\/swimchannel.net\/br\/wp-content\/uploads\/2026\/02\/SWIM-CHANNEL.png","width":1120,"height":630,"caption":"Swimchannel - Conectando voc\u00ea a Nata\u00e7\u00e3o"},"image":{"@id":"https:\/\/swimchannel.net\/br\/#\/schema\/logo\/image\/"},"sameAs":["https:\/\/www.facebook.com\/swimchannel","https:\/\/www.instagram.com\/swimchannel"]},{"@type":"Person","@id":"https:\/\/swimchannel.net\/br\/#\/schema\/person\/aa2a63bab3275f53749a83276b213c48","name":"Guilherme Freitas","image":{"@type":"ImageObject","inLanguage":"pt-BR","@id":"https:\/\/swimchannel.net\/br\/#\/schema\/person\/image\/","url":"https:\/\/swimchannel.net\/br\/wp-content\/uploads\/2025\/10\/gui22-193x180.png","contentUrl":"https:\/\/swimchannel.net\/br\/wp-content\/uploads\/2025\/10\/gui22-193x180.png","caption":"Guilherme Freitas"},"description":"Jornalista s\u00eanior da SWIM CHANNEL, ex-correspondente da FINA no Brasil e pesquisador acad\u00eamico.","sameAs":["instagram.com\/guifreitas86"],"url":"https:\/\/swimchannel.net\/br\/author\/guilherme-freitas\/"}]}},"_links":{"self":[{"href":"https:\/\/swimchannel.net\/br\/wp-json\/wp\/v2\/posts\/54362","targetHints":{"allow":["GET"]}}],"collection":[{"href":"https:\/\/swimchannel.net\/br\/wp-json\/wp\/v2\/posts"}],"about":[{"href":"https:\/\/swimchannel.net\/br\/wp-json\/wp\/v2\/types\/post"}],"author":[{"embeddable":true,"href":"https:\/\/swimchannel.net\/br\/wp-json\/wp\/v2\/users\/3"}],"replies":[{"embeddable":true,"href":"https:\/\/swimchannel.net\/br\/wp-json\/wp\/v2\/comments?post=54362"}],"version-history":[{"count":6,"href":"https:\/\/swimchannel.net\/br\/wp-json\/wp\/v2\/posts\/54362\/revisions"}],"predecessor-version":[{"id":54379,"href":"https:\/\/swimchannel.net\/br\/wp-json\/wp\/v2\/posts\/54362\/revisions\/54379"}],"wp:featuredmedia":[{"embeddable":true,"href":"https:\/\/swimchannel.net\/br\/wp-json\/wp\/v2\/media\/54377"}],"wp:attachment":[{"href":"https:\/\/swimchannel.net\/br\/wp-json\/wp\/v2\/media?parent=54362"}],"wp:term":[{"taxonomy":"category","embeddable":true,"href":"https:\/\/swimchannel.net\/br\/wp-json\/wp\/v2\/categories?post=54362"},{"taxonomy":"post_tag","embeddable":true,"href":"https:\/\/swimchannel.net\/br\/wp-json\/wp\/v2\/tags?post=54362"}],"curies":[{"name":"wp","href":"https:\/\/api.w.org\/{rel}","templated":true}]}}