{"id":54454,"date":"2022-12-12T12:41:41","date_gmt":"2022-12-12T15:41:41","guid":{"rendered":"https:\/\/swimchannel.net\/br\/?p=54454"},"modified":"2022-12-12T18:34:08","modified_gmt":"2022-12-12T21:34:08","slug":"vitoria-farabulini-e-lucas-moreira-vencem-a-fuga-das-ilhas-2022","status":"publish","type":"post","link":"https:\/\/swimchannel.net\/br\/vitoria-farabulini-e-lucas-moreira-vencem-a-fuga-das-ilhas-2022\/","title":{"rendered":"Vit\u00f3ria Farabulini e Lucas Moreira vencem a Fuga das Ilhas 2022"},"content":{"rendered":"<p>O domingo (11) foi marcado pela realiza\u00e7\u00e3o de uma das provas mais tradicionais do pa\u00eds.\u00a0A Fuga das Ilhas considerada\u00a0\u201cA S\u00e3o Silvestre\u201d da modalidade, porque \u00e9 a\u00a0 prova que encerra o calend\u00e1rio de competi\u00e7\u00f5es de muitos atletas, reuniu cerca de 3 mil atletas na Praia da Barra do Sahy, em S\u00e3o Sebasti\u00e3o, litoral norte do estado.<\/p>\n<p>No domingo ensolarado e com o mar em boas condi\u00e7\u00f5es, a prova com dist\u00e2ncia de 2 km foi vencida no geral feminino por Vit\u00f3ria Farabulini com o tempo de 23min45s (n\u00e3o oficial) e no masculino por Lucas Moreira com o tempo de 23min12s. Veja os resultados completos da prova <a href=\"https:\/\/www.ativo.com\/calendario\/eventos\/america-do-sul\/br\/sp\/sao-sebastiao\/travessia\/38193\/circuito-aqua-2022-fuga-das-ilhas\/\">aqui. (Alguns resultados podem sofrer altera\u00e7\u00f5es e serem modificados por corre\u00e7\u00f5es).\u00a0<\/a><\/p>\n<figure id=\"attachment_54464\" aria-describedby=\"caption-attachment-54464\" style=\"width: 540px\" class=\"wp-caption alignnone\"><img loading=\"lazy\" decoding=\"async\" class=\"size-medium wp-image-54464\" src=\"https:\/\/swimchannel.net\/br\/wp-content\/uploads\/2022\/12\/IMG_20221211_184020_105-540x675.webp\" alt=\"\" width=\"540\" height=\"675\" srcset=\"https:\/\/swimchannel.net\/br\/wp-content\/uploads\/2022\/12\/IMG_20221211_184020_105-540x675.webp 540w, https:\/\/swimchannel.net\/br\/wp-content\/uploads\/2022\/12\/IMG_20221211_184020_105-640x800.webp 640w, https:\/\/swimchannel.net\/br\/wp-content\/uploads\/2022\/12\/IMG_20221211_184020_105-144x180.webp 144w, https:\/\/swimchannel.net\/br\/wp-content\/uploads\/2022\/12\/IMG_20221211_184020_105-768x960.webp 768w, https:\/\/swimchannel.net\/br\/wp-content\/uploads\/2022\/12\/IMG_20221211_184020_105-750x938.webp 750w, https:\/\/swimchannel.net\/br\/wp-content\/uploads\/2022\/12\/IMG_20221211_184020_105.webp 1080w\" sizes=\"auto, (max-width: 540px) 100vw, 540px\" \/><figcaption id=\"caption-attachment-54464\" class=\"wp-caption-text\">P\u00f3dio Geral feminino. Foto: @vitoria_farabulini<\/figcaption><\/figure>\n<p>&#8220;Para mim \u00e9 sempre uma prova muito especial, al\u00e9m de ser muito estrat\u00e9gica, tamb\u00e9m marca sempre o encerramento do meu ano ! Tive um ano dif\u00edcil com v\u00e1rios altos e baixos, e poder encerrar o ano dessa maneira sem d\u00favidas foi muito especial ! A prova em si estava com as melhores condi\u00e7\u00f5es, mesmo de temperatura da \u00e1gua e de temperatura externa tamb\u00e9m! \u00c9 sempre um grande prazer estar presente em provas que me desafiam e me motivam cada vez mas correr atr\u00e1s dos meus objetivos&#8221;, contou Vit\u00f3ria \u00e0 <strong>SWIM CHANNEL<\/strong>.<\/p>\n<p>A competi\u00e7\u00e3o atrai muitos f\u00e3s e praticante das \u00e1guas abertas de todos os n\u00edveis porque possui um formato diferente. Os atletas saem do continente e embarcam em escunas e a embarca\u00e7\u00e3o deixa os atletas na Ilha que devem retornar ao continente nadando.<\/p>\n<figure id=\"attachment_54458\" aria-describedby=\"caption-attachment-54458\" style=\"width: 840px\" class=\"wp-caption alignnone\"><img loading=\"lazy\" decoding=\"async\" class=\"size-full wp-image-54458\" src=\"https:\/\/swimchannel.net\/br\/wp-content\/uploads\/2022\/12\/a08bd4dc-a2a6-4b48-9b53-8a08c6db65d6.jpeg\" alt=\"\" width=\"840\" height=\"630\" srcset=\"https:\/\/swimchannel.net\/br\/wp-content\/uploads\/2022\/12\/a08bd4dc-a2a6-4b48-9b53-8a08c6db65d6.jpeg 840w, https:\/\/swimchannel.net\/br\/wp-content\/uploads\/2022\/12\/a08bd4dc-a2a6-4b48-9b53-8a08c6db65d6-240x180.jpeg 240w, https:\/\/swimchannel.net\/br\/wp-content\/uploads\/2022\/12\/a08bd4dc-a2a6-4b48-9b53-8a08c6db65d6-768x576.jpeg 768w, https:\/\/swimchannel.net\/br\/wp-content\/uploads\/2022\/12\/a08bd4dc-a2a6-4b48-9b53-8a08c6db65d6-750x563.jpeg 750w\" sizes=\"auto, (max-width: 840px) 100vw, 840px\" \/><figcaption id=\"caption-attachment-54458\" class=\"wp-caption-text\">Barra do Sahy. Foto: Danilo Filinto\/Aruja Seahorses<\/figcaption><\/figure>\n<p>A prova tem 2 km de dist\u00e2ncia e faz parte do Circuito Aqua e \u00e9\u00a0 organizado pela Ativo.com.\u00a0 Muito famosa e um dos circuitos mais\u00a0 desejados pelos atletas, a tradicional prova tamb\u00e9m tem o apoio da Speedo e esse ano contou com o patroc\u00ednio da VISA e Ourocard. O Circuito \u00e9 composto ainda com outra prova: a Volta do Parcel.<\/p>\n<p>A Volta do Parcel \u00e9 realizada na Praia de Juquehy em S\u00e3o Sebasti\u00e3o, litoral norte de S\u00e3o Paulo e j\u00e1 tem data para acontecer em 2023. O Desafio ser\u00e1 realizado no dia 07 de maio e j\u00e1 est\u00e1 com as inscri\u00e7\u00f5es abertas<a href=\"https:\/\/www.ativo.com\/calendario\/eventos\/america-do-sul\/br\/sp\/sao-sebastiao\/travessia\/38592\/circuito-aqua-2023-volta-do-parcel\/\"> aqui.<\/a> Veja mais sobre as provas realizadas este ano aqui: <a href=\"https:\/\/www.circuitoaqua.com.br\/\">https:\/\/www.circuitoaqua.com.br\/\u00a0<\/a><\/p>\n","protected":false},"excerpt":{"rendered":"<p>O domingo (11) foi marcado pela realiza\u00e7\u00e3o de uma das provas mais tradicionais do pa\u00eds.\u00a0A Fuga das Ilhas considerada\u00a0\u201cA S\u00e3o Silvestre\u201d da modalidade, porque \u00e9 a\u00a0 prova que encerra o calend\u00e1rio de competi\u00e7\u00f5es de muitos atletas, reuniu cerca de 3 mil atletas na Praia da Barra do Sahy, em S\u00e3o Sebasti\u00e3o, litoral norte do estado. [&hellip;]<\/p>\n","protected":false},"author":9,"featured_media":54466,"comment_status":"open","ping_status":"open","sticky":false,"template":"","format":"gallery","meta":{"footnotes":""},"categories":[115,2576],"tags":[14,1083,5102,5,312],"class_list":["post-54454","post","type-post","status-publish","format-gallery","has-post-thumbnail","hentry","category-aguas-abertas","category-ultimas-noticias","tag-aguas-abertas","tag-fuga-das-ilhas","tag-fuga-das-ilhas-2022","tag-natacao","tag-speedo","post_format-post-format-gallery"],"yoast_head":"<!-- This site is optimized with the Yoast SEO plugin v27.0 - https:\/\/yoast.com\/product\/yoast-seo-wordpress\/ -->\n<title>Vit\u00f3ria Farabulini e Lucas Moreira vencem a Fuga das Ilhas 2022 - Swimchannel<\/title>\n<meta name=\"robots\" content=\"index, follow, max-snippet:-1, max-image-preview:large, max-video-preview:-1\" \/>\n<link rel=\"canonical\" href=\"https:\/\/swimchannel.net\/br\/vitoria-farabulini-e-lucas-moreira-vencem-a-fuga-das-ilhas-2022\/\" \/>\n<meta property=\"og:locale\" content=\"pt_BR\" \/>\n<meta property=\"og:type\" content=\"article\" \/>\n<meta property=\"og:title\" content=\"Vit\u00f3ria Farabulini e Lucas Moreira vencem a Fuga das Ilhas 2022 - Swimchannel\" \/>\n<meta property=\"og:description\" content=\"O domingo (11) foi marcado pela realiza\u00e7\u00e3o de uma das provas mais tradicionais do pa\u00eds.\u00a0A Fuga das Ilhas considerada\u00a0\u201cA S\u00e3o Silvestre\u201d da modalidade, porque \u00e9 a\u00a0 prova que encerra o calend\u00e1rio de competi\u00e7\u00f5es de muitos atletas, reuniu cerca de 3 mil atletas na Praia da Barra do Sahy, em S\u00e3o Sebasti\u00e3o, litoral norte do estado. [&hellip;]\" \/>\n<meta property=\"og:url\" content=\"https:\/\/swimchannel.net\/br\/vitoria-farabulini-e-lucas-moreira-vencem-a-fuga-das-ilhas-2022\/\" \/>\n<meta property=\"og:site_name\" content=\"Swimchannel\" \/>\n<meta property=\"article:publisher\" content=\"https:\/\/www.facebook.com\/swimchannel\" \/>\n<meta property=\"article:published_time\" content=\"2022-12-12T15:41:41+00:00\" \/>\n<meta property=\"article:modified_time\" content=\"2022-12-12T21:34:08+00:00\" \/>\n<meta property=\"og:image\" content=\"https:\/\/swimchannel.net\/br\/wp-content\/uploads\/2022\/12\/318788092_1484040305414365_7501024786679472947_n.jpg\" \/>\n\t<meta property=\"og:image:width\" content=\"840\" \/>\n\t<meta property=\"og:image:height\" content=\"630\" \/>\n\t<meta property=\"og:image:type\" content=\"image\/jpeg\" \/>\n<meta name=\"author\" content=\"Katarine Monteiro\" \/>\n<meta name=\"twitter:card\" content=\"summary_large_image\" \/>\n<meta name=\"twitter:creator\" content=\"@https:\/\/twitter.com\/Katarinem\" \/>\n<meta name=\"twitter:label1\" content=\"Escrito por\" \/>\n\t<meta name=\"twitter:data1\" content=\"Katarine Monteiro\" \/>\n\t<meta name=\"twitter:label2\" content=\"Est. tempo de leitura\" \/>\n\t<meta name=\"twitter:data2\" content=\"2 minutos\" \/>\n<script type=\"application\/ld+json\" class=\"yoast-schema-graph\">{\"@context\":\"https:\/\/schema.org\",\"@graph\":[{\"@type\":\"Article\",\"@id\":\"https:\/\/swimchannel.net\/br\/vitoria-farabulini-e-lucas-moreira-vencem-a-fuga-das-ilhas-2022\/#article\",\"isPartOf\":{\"@id\":\"https:\/\/swimchannel.net\/br\/vitoria-farabulini-e-lucas-moreira-vencem-a-fuga-das-ilhas-2022\/\"},\"author\":{\"name\":\"Katarine Monteiro\",\"@id\":\"https:\/\/swimchannel.net\/br\/#\/schema\/person\/73ae9cec62249968bca1f0a8098ef002\"},\"headline\":\"Vit\u00f3ria Farabulini e Lucas Moreira vencem a Fuga das Ilhas 2022\",\"datePublished\":\"2022-12-12T15:41:41+00:00\",\"dateModified\":\"2022-12-12T21:34:08+00:00\",\"mainEntityOfPage\":{\"@id\":\"https:\/\/swimchannel.net\/br\/vitoria-farabulini-e-lucas-moreira-vencem-a-fuga-das-ilhas-2022\/\"},\"wordCount\":429,\"commentCount\":3,\"publisher\":{\"@id\":\"https:\/\/swimchannel.net\/br\/#organization\"},\"image\":{\"@id\":\"https:\/\/swimchannel.net\/br\/vitoria-farabulini-e-lucas-moreira-vencem-a-fuga-das-ilhas-2022\/#primaryimage\"},\"thumbnailUrl\":\"https:\/\/swimchannel.net\/br\/wp-content\/uploads\/2022\/12\/318788092_1484040305414365_7501024786679472947_n.jpg\",\"keywords\":[\"\u00c1guas abertas\",\"Fuga das Ilhas\",\"Fuga das Ilhas 2022\",\"natacao\",\"Speedo\"],\"articleSection\":[\"\u00c1guas Abertas\",\"\u00daltimas Not\u00edcias\"],\"inLanguage\":\"pt-BR\",\"potentialAction\":[{\"@type\":\"CommentAction\",\"name\":\"Comment\",\"target\":[\"https:\/\/swimchannel.net\/br\/vitoria-farabulini-e-lucas-moreira-vencem-a-fuga-das-ilhas-2022\/#respond\"]}]},{\"@type\":\"WebPage\",\"@id\":\"https:\/\/swimchannel.net\/br\/vitoria-farabulini-e-lucas-moreira-vencem-a-fuga-das-ilhas-2022\/\",\"url\":\"https:\/\/swimchannel.net\/br\/vitoria-farabulini-e-lucas-moreira-vencem-a-fuga-das-ilhas-2022\/\",\"name\":\"Vit\u00f3ria Farabulini e Lucas Moreira vencem a Fuga das Ilhas 2022 - Swimchannel\",\"isPartOf\":{\"@id\":\"https:\/\/swimchannel.net\/br\/#website\"},\"primaryImageOfPage\":{\"@id\":\"https:\/\/swimchannel.net\/br\/vitoria-farabulini-e-lucas-moreira-vencem-a-fuga-das-ilhas-2022\/#primaryimage\"},\"image\":{\"@id\":\"https:\/\/swimchannel.net\/br\/vitoria-farabulini-e-lucas-moreira-vencem-a-fuga-das-ilhas-2022\/#primaryimage\"},\"thumbnailUrl\":\"https:\/\/swimchannel.net\/br\/wp-content\/uploads\/2022\/12\/318788092_1484040305414365_7501024786679472947_n.jpg\",\"datePublished\":\"2022-12-12T15:41:41+00:00\",\"dateModified\":\"2022-12-12T21:34:08+00:00\",\"breadcrumb\":{\"@id\":\"https:\/\/swimchannel.net\/br\/vitoria-farabulini-e-lucas-moreira-vencem-a-fuga-das-ilhas-2022\/#breadcrumb\"},\"inLanguage\":\"pt-BR\",\"potentialAction\":[{\"@type\":\"ReadAction\",\"target\":[\"https:\/\/swimchannel.net\/br\/vitoria-farabulini-e-lucas-moreira-vencem-a-fuga-das-ilhas-2022\/\"]}]},{\"@type\":\"ImageObject\",\"inLanguage\":\"pt-BR\",\"@id\":\"https:\/\/swimchannel.net\/br\/vitoria-farabulini-e-lucas-moreira-vencem-a-fuga-das-ilhas-2022\/#primaryimage\",\"url\":\"https:\/\/swimchannel.net\/br\/wp-content\/uploads\/2022\/12\/318788092_1484040305414365_7501024786679472947_n.jpg\",\"contentUrl\":\"https:\/\/swimchannel.net\/br\/wp-content\/uploads\/2022\/12\/318788092_1484040305414365_7501024786679472947_n.jpg\",\"width\":840,\"height\":630,\"caption\":\"P\u00f3dio geral masculino. Foto: Lucas Moreira\"},{\"@type\":\"BreadcrumbList\",\"@id\":\"https:\/\/swimchannel.net\/br\/vitoria-farabulini-e-lucas-moreira-vencem-a-fuga-das-ilhas-2022\/#breadcrumb\",\"itemListElement\":[{\"@type\":\"ListItem\",\"position\":1,\"name\":\"Home\",\"item\":\"https:\/\/swimchannel.net\/br\/\"},{\"@type\":\"ListItem\",\"position\":2,\"name\":\"Vit\u00f3ria Farabulini e Lucas Moreira vencem a Fuga das Ilhas 2022\"}]},{\"@type\":\"WebSite\",\"@id\":\"https:\/\/swimchannel.net\/br\/#website\",\"url\":\"https:\/\/swimchannel.net\/br\/\",\"name\":\"Swimchannel\",\"description\":\"Maior portal de nata\u00e7\u00e3o da america latina\",\"publisher\":{\"@id\":\"https:\/\/swimchannel.net\/br\/#organization\"},\"potentialAction\":[{\"@type\":\"SearchAction\",\"target\":{\"@type\":\"EntryPoint\",\"urlTemplate\":\"https:\/\/swimchannel.net\/br\/?s={search_term_string}\"},\"query-input\":{\"@type\":\"PropertyValueSpecification\",\"valueRequired\":true,\"valueName\":\"search_term_string\"}}],\"inLanguage\":\"pt-BR\"},{\"@type\":\"Organization\",\"@id\":\"https:\/\/swimchannel.net\/br\/#organization\",\"name\":\"Swimchannel - Conectando voc\u00ea a Nata\u00e7\u00e3o\",\"url\":\"https:\/\/swimchannel.net\/br\/\",\"logo\":{\"@type\":\"ImageObject\",\"inLanguage\":\"pt-BR\",\"@id\":\"https:\/\/swimchannel.net\/br\/#\/schema\/logo\/image\/\",\"url\":\"https:\/\/swimchannel.net\/br\/wp-content\/uploads\/2026\/02\/SWIM-CHANNEL.png\",\"contentUrl\":\"https:\/\/swimchannel.net\/br\/wp-content\/uploads\/2026\/02\/SWIM-CHANNEL.png\",\"width\":1120,\"height\":630,\"caption\":\"Swimchannel - Conectando voc\u00ea a Nata\u00e7\u00e3o\"},\"image\":{\"@id\":\"https:\/\/swimchannel.net\/br\/#\/schema\/logo\/image\/\"},\"sameAs\":[\"https:\/\/www.facebook.com\/swimchannel\",\"https:\/\/www.instagram.com\/swimchannel\"]},{\"@type\":\"Person\",\"@id\":\"https:\/\/swimchannel.net\/br\/#\/schema\/person\/73ae9cec62249968bca1f0a8098ef002\",\"name\":\"Katarine Monteiro\",\"image\":{\"@type\":\"ImageObject\",\"inLanguage\":\"pt-BR\",\"@id\":\"https:\/\/swimchannel.net\/br\/#\/schema\/person\/image\/\",\"url\":\"https:\/\/swimchannel.net\/br\/wp-content\/uploads\/2022\/01\/Katarine-Monteiro-100x100.jpg\",\"contentUrl\":\"https:\/\/swimchannel.net\/br\/wp-content\/uploads\/2022\/01\/Katarine-Monteiro-100x100.jpg\",\"caption\":\"Katarine Monteiro\"},\"description\":\"Jornalista SWIM CHANNEL especializada em esportes ol\u00edmpicos e em sa\u00fade. Com cobertura de grandes eventos internacionais, como Jogos Ol\u00edmpicos Rio 2016, Jogos Pan-Americanos em Lima 2019, Qatar Total Open 2020, Qatar ExxonMobil Open 2019 - t\u00eanis em Doha (QT), Semana Internacional de Vela de Ilhabela, Transat Jacques Vabre 2019 (Fran\u00e7a-Brasil), L'\u00c9tape Brasil by Tour de France, j\u00e1 fez in\u00fameras coberturas de nata\u00e7\u00e3o, maratona aqu\u00e1tica e polo aqu\u00e1tico. Formada tamb\u00e9m em Letras, a jornalista atua como assessora de imprensa, rela\u00e7\u00f5es p\u00fablicas e social media, com especializa\u00e7\u00e3o em marketing esportivo. Nadadora amadora de \u00e1guas abertas, j\u00e1 trabalhou com grandes nomes da nata\u00e7\u00e3o e do polo aqu\u00e1tico brasileiro.\",\"sameAs\":[\"https:\/\/www.instagram.com\/_katarinemonteiro\/\",\"https:\/\/www.linkedin.com\/in\/katarine-monteiro-19385297\/\",\"https:\/\/x.com\/https:\/\/twitter.com\/Katarinem\"],\"url\":\"https:\/\/swimchannel.net\/br\/author\/katarine-monteiro\/\"}]}<\/script>\n<!-- \/ Yoast SEO plugin. -->","yoast_head_json":{"title":"Vit\u00f3ria Farabulini e Lucas Moreira vencem a Fuga das Ilhas 2022 - Swimchannel","robots":{"index":"index","follow":"follow","max-snippet":"max-snippet:-1","max-image-preview":"max-image-preview:large","max-video-preview":"max-video-preview:-1"},"canonical":"https:\/\/swimchannel.net\/br\/vitoria-farabulini-e-lucas-moreira-vencem-a-fuga-das-ilhas-2022\/","og_locale":"pt_BR","og_type":"article","og_title":"Vit\u00f3ria Farabulini e Lucas Moreira vencem a Fuga das Ilhas 2022 - Swimchannel","og_description":"O domingo (11) foi marcado pela realiza\u00e7\u00e3o de uma das provas mais tradicionais do pa\u00eds.\u00a0A Fuga das Ilhas considerada\u00a0\u201cA S\u00e3o Silvestre\u201d da modalidade, porque \u00e9 a\u00a0 prova que encerra o calend\u00e1rio de competi\u00e7\u00f5es de muitos atletas, reuniu cerca de 3 mil atletas na Praia da Barra do Sahy, em S\u00e3o Sebasti\u00e3o, litoral norte do estado. [&hellip;]","og_url":"https:\/\/swimchannel.net\/br\/vitoria-farabulini-e-lucas-moreira-vencem-a-fuga-das-ilhas-2022\/","og_site_name":"Swimchannel","article_publisher":"https:\/\/www.facebook.com\/swimchannel","article_published_time":"2022-12-12T15:41:41+00:00","article_modified_time":"2022-12-12T21:34:08+00:00","og_image":[{"width":840,"height":630,"url":"https:\/\/swimchannel.net\/br\/wp-content\/uploads\/2022\/12\/318788092_1484040305414365_7501024786679472947_n.jpg","type":"image\/jpeg"}],"author":"Katarine Monteiro","twitter_card":"summary_large_image","twitter_creator":"@https:\/\/twitter.com\/Katarinem","twitter_misc":{"Escrito por":"Katarine Monteiro","Est. tempo de leitura":"2 minutos"},"schema":{"@context":"https:\/\/schema.org","@graph":[{"@type":"Article","@id":"https:\/\/swimchannel.net\/br\/vitoria-farabulini-e-lucas-moreira-vencem-a-fuga-das-ilhas-2022\/#article","isPartOf":{"@id":"https:\/\/swimchannel.net\/br\/vitoria-farabulini-e-lucas-moreira-vencem-a-fuga-das-ilhas-2022\/"},"author":{"name":"Katarine Monteiro","@id":"https:\/\/swimchannel.net\/br\/#\/schema\/person\/73ae9cec62249968bca1f0a8098ef002"},"headline":"Vit\u00f3ria Farabulini e Lucas Moreira vencem a Fuga das Ilhas 2022","datePublished":"2022-12-12T15:41:41+00:00","dateModified":"2022-12-12T21:34:08+00:00","mainEntityOfPage":{"@id":"https:\/\/swimchannel.net\/br\/vitoria-farabulini-e-lucas-moreira-vencem-a-fuga-das-ilhas-2022\/"},"wordCount":429,"commentCount":3,"publisher":{"@id":"https:\/\/swimchannel.net\/br\/#organization"},"image":{"@id":"https:\/\/swimchannel.net\/br\/vitoria-farabulini-e-lucas-moreira-vencem-a-fuga-das-ilhas-2022\/#primaryimage"},"thumbnailUrl":"https:\/\/swimchannel.net\/br\/wp-content\/uploads\/2022\/12\/318788092_1484040305414365_7501024786679472947_n.jpg","keywords":["\u00c1guas abertas","Fuga das Ilhas","Fuga das Ilhas 2022","natacao","Speedo"],"articleSection":["\u00c1guas Abertas","\u00daltimas Not\u00edcias"],"inLanguage":"pt-BR","potentialAction":[{"@type":"CommentAction","name":"Comment","target":["https:\/\/swimchannel.net\/br\/vitoria-farabulini-e-lucas-moreira-vencem-a-fuga-das-ilhas-2022\/#respond"]}]},{"@type":"WebPage","@id":"https:\/\/swimchannel.net\/br\/vitoria-farabulini-e-lucas-moreira-vencem-a-fuga-das-ilhas-2022\/","url":"https:\/\/swimchannel.net\/br\/vitoria-farabulini-e-lucas-moreira-vencem-a-fuga-das-ilhas-2022\/","name":"Vit\u00f3ria Farabulini e Lucas Moreira vencem a Fuga das Ilhas 2022 - Swimchannel","isPartOf":{"@id":"https:\/\/swimchannel.net\/br\/#website"},"primaryImageOfPage":{"@id":"https:\/\/swimchannel.net\/br\/vitoria-farabulini-e-lucas-moreira-vencem-a-fuga-das-ilhas-2022\/#primaryimage"},"image":{"@id":"https:\/\/swimchannel.net\/br\/vitoria-farabulini-e-lucas-moreira-vencem-a-fuga-das-ilhas-2022\/#primaryimage"},"thumbnailUrl":"https:\/\/swimchannel.net\/br\/wp-content\/uploads\/2022\/12\/318788092_1484040305414365_7501024786679472947_n.jpg","datePublished":"2022-12-12T15:41:41+00:00","dateModified":"2022-12-12T21:34:08+00:00","breadcrumb":{"@id":"https:\/\/swimchannel.net\/br\/vitoria-farabulini-e-lucas-moreira-vencem-a-fuga-das-ilhas-2022\/#breadcrumb"},"inLanguage":"pt-BR","potentialAction":[{"@type":"ReadAction","target":["https:\/\/swimchannel.net\/br\/vitoria-farabulini-e-lucas-moreira-vencem-a-fuga-das-ilhas-2022\/"]}]},{"@type":"ImageObject","inLanguage":"pt-BR","@id":"https:\/\/swimchannel.net\/br\/vitoria-farabulini-e-lucas-moreira-vencem-a-fuga-das-ilhas-2022\/#primaryimage","url":"https:\/\/swimchannel.net\/br\/wp-content\/uploads\/2022\/12\/318788092_1484040305414365_7501024786679472947_n.jpg","contentUrl":"https:\/\/swimchannel.net\/br\/wp-content\/uploads\/2022\/12\/318788092_1484040305414365_7501024786679472947_n.jpg","width":840,"height":630,"caption":"P\u00f3dio geral masculino. Foto: Lucas Moreira"},{"@type":"BreadcrumbList","@id":"https:\/\/swimchannel.net\/br\/vitoria-farabulini-e-lucas-moreira-vencem-a-fuga-das-ilhas-2022\/#breadcrumb","itemListElement":[{"@type":"ListItem","position":1,"name":"Home","item":"https:\/\/swimchannel.net\/br\/"},{"@type":"ListItem","position":2,"name":"Vit\u00f3ria Farabulini e Lucas Moreira vencem a Fuga das Ilhas 2022"}]},{"@type":"WebSite","@id":"https:\/\/swimchannel.net\/br\/#website","url":"https:\/\/swimchannel.net\/br\/","name":"Swimchannel","description":"Maior portal de nata\u00e7\u00e3o da america latina","publisher":{"@id":"https:\/\/swimchannel.net\/br\/#organization"},"potentialAction":[{"@type":"SearchAction","target":{"@type":"EntryPoint","urlTemplate":"https:\/\/swimchannel.net\/br\/?s={search_term_string}"},"query-input":{"@type":"PropertyValueSpecification","valueRequired":true,"valueName":"search_term_string"}}],"inLanguage":"pt-BR"},{"@type":"Organization","@id":"https:\/\/swimchannel.net\/br\/#organization","name":"Swimchannel - Conectando voc\u00ea a Nata\u00e7\u00e3o","url":"https:\/\/swimchannel.net\/br\/","logo":{"@type":"ImageObject","inLanguage":"pt-BR","@id":"https:\/\/swimchannel.net\/br\/#\/schema\/logo\/image\/","url":"https:\/\/swimchannel.net\/br\/wp-content\/uploads\/2026\/02\/SWIM-CHANNEL.png","contentUrl":"https:\/\/swimchannel.net\/br\/wp-content\/uploads\/2026\/02\/SWIM-CHANNEL.png","width":1120,"height":630,"caption":"Swimchannel - Conectando voc\u00ea a Nata\u00e7\u00e3o"},"image":{"@id":"https:\/\/swimchannel.net\/br\/#\/schema\/logo\/image\/"},"sameAs":["https:\/\/www.facebook.com\/swimchannel","https:\/\/www.instagram.com\/swimchannel"]},{"@type":"Person","@id":"https:\/\/swimchannel.net\/br\/#\/schema\/person\/73ae9cec62249968bca1f0a8098ef002","name":"Katarine Monteiro","image":{"@type":"ImageObject","inLanguage":"pt-BR","@id":"https:\/\/swimchannel.net\/br\/#\/schema\/person\/image\/","url":"https:\/\/swimchannel.net\/br\/wp-content\/uploads\/2022\/01\/Katarine-Monteiro-100x100.jpg","contentUrl":"https:\/\/swimchannel.net\/br\/wp-content\/uploads\/2022\/01\/Katarine-Monteiro-100x100.jpg","caption":"Katarine Monteiro"},"description":"Jornalista SWIM CHANNEL especializada em esportes ol\u00edmpicos e em sa\u00fade. Com cobertura de grandes eventos internacionais, como Jogos Ol\u00edmpicos Rio 2016, Jogos Pan-Americanos em Lima 2019, Qatar Total Open 2020, Qatar ExxonMobil Open 2019 - t\u00eanis em Doha (QT), Semana Internacional de Vela de Ilhabela, Transat Jacques Vabre 2019 (Fran\u00e7a-Brasil), L'\u00c9tape Brasil by Tour de France, j\u00e1 fez in\u00fameras coberturas de nata\u00e7\u00e3o, maratona aqu\u00e1tica e polo aqu\u00e1tico. Formada tamb\u00e9m em Letras, a jornalista atua como assessora de imprensa, rela\u00e7\u00f5es p\u00fablicas e social media, com especializa\u00e7\u00e3o em marketing esportivo. Nadadora amadora de \u00e1guas abertas, j\u00e1 trabalhou com grandes nomes da nata\u00e7\u00e3o e do polo aqu\u00e1tico brasileiro.","sameAs":["https:\/\/www.instagram.com\/_katarinemonteiro\/","https:\/\/www.linkedin.com\/in\/katarine-monteiro-19385297\/","https:\/\/x.com\/https:\/\/twitter.com\/Katarinem"],"url":"https:\/\/swimchannel.net\/br\/author\/katarine-monteiro\/"}]}},"_links":{"self":[{"href":"https:\/\/swimchannel.net\/br\/wp-json\/wp\/v2\/posts\/54454","targetHints":{"allow":["GET"]}}],"collection":[{"href":"https:\/\/swimchannel.net\/br\/wp-json\/wp\/v2\/posts"}],"about":[{"href":"https:\/\/swimchannel.net\/br\/wp-json\/wp\/v2\/types\/post"}],"author":[{"embeddable":true,"href":"https:\/\/swimchannel.net\/br\/wp-json\/wp\/v2\/users\/9"}],"replies":[{"embeddable":true,"href":"https:\/\/swimchannel.net\/br\/wp-json\/wp\/v2\/comments?post=54454"}],"version-history":[{"count":5,"href":"https:\/\/swimchannel.net\/br\/wp-json\/wp\/v2\/posts\/54454\/revisions"}],"predecessor-version":[{"id":54477,"href":"https:\/\/swimchannel.net\/br\/wp-json\/wp\/v2\/posts\/54454\/revisions\/54477"}],"wp:featuredmedia":[{"embeddable":true,"href":"https:\/\/swimchannel.net\/br\/wp-json\/wp\/v2\/media\/54466"}],"wp:attachment":[{"href":"https:\/\/swimchannel.net\/br\/wp-json\/wp\/v2\/media?parent=54454"}],"wp:term":[{"taxonomy":"category","embeddable":true,"href":"https:\/\/swimchannel.net\/br\/wp-json\/wp\/v2\/categories?post=54454"},{"taxonomy":"post_tag","embeddable":true,"href":"https:\/\/swimchannel.net\/br\/wp-json\/wp\/v2\/tags?post=54454"}],"curies":[{"name":"wp","href":"https:\/\/api.w.org\/{rel}","templated":true}]}}