{"id":54456,"date":"2022-12-12T12:29:31","date_gmt":"2022-12-12T15:29:31","guid":{"rendered":"https:\/\/swimchannel.net\/br\/?p=54456"},"modified":"2022-12-12T12:36:13","modified_gmt":"2022-12-12T15:36:13","slug":"rei-e-rainha-do-mar-encerra-temporada-em-copacabana","status":"publish","type":"post","link":"https:\/\/swimchannel.net\/br\/rei-e-rainha-do-mar-encerra-temporada-em-copacabana\/","title":{"rendered":"Rei e Rainha do Mar encerra temporada em Copacabana"},"content":{"rendered":"<p>A Praia de Copacabana foi palco mais uma vez do fim da temporada 2022 do Circuito Rei e Rainha do Mar. A tradicional etapa final aconteceu neste fim de semana no Rio de Janeiro com diversas provas de \u00e1guas abertas (10 km, 5 km, 2,5 km, 1 km, 500m) e outras modalidades como beach run, beach biathlon e provas kids. O evento teve ainda a presen\u00e7a de nadadores com passagem pela sele\u00e7\u00e3o brasileira abrilhantando a competi\u00e7\u00e3o.<\/p>\n<p>A prova principal foi o Super Challenge de 10 km que teve no masculino a vit\u00f3ria do nadador do GNU, Thiago Ruffini com tempo de 2h02min08s987. O p\u00f3dio teve ainda a experiente dupla Luiz Felipe Lebeis da Acquarunners em segundo lugar com 2h07min28s948 e Carlos Henrique Rosa da Vem Nadar com 2h16min55s904. No feminino a campe\u00e3 foi Ana Beatriz Rosa da Vem Nadar com 2h34min59s850, seguida por Manuela Gon\u00e7alves da equipe Frederico Teixeira com 2h34min59s923 e Ana Clara Vianna da Cor e Esporte com 2h55mins15s314.<\/p>\n<figure id=\"attachment_54460\" aria-describedby=\"caption-attachment-54460\" style=\"width: 542px\" class=\"wp-caption alignnone\"><img loading=\"lazy\" decoding=\"async\" class=\"size-full wp-image-54460\" src=\"https:\/\/swimchannel.net\/br\/wp-content\/uploads\/2022\/12\/rrm1.jpg\" alt=\"\" width=\"542\" height=\"556\" srcset=\"https:\/\/swimchannel.net\/br\/wp-content\/uploads\/2022\/12\/rrm1.jpg 542w, https:\/\/swimchannel.net\/br\/wp-content\/uploads\/2022\/12\/rrm1-175x180.jpg 175w\" sizes=\"auto, (max-width: 542px) 100vw, 542px\" \/><figcaption id=\"caption-attachment-54460\" class=\"wp-caption-text\">Rei e Rainha do Mar &#8211; Foto: Reprodu\u00e7\u00e3o<\/figcaption><\/figure>\n<p>Nos 5 km, o Challenge, o vencedor no masculino foi outro nadador do GNU, Luiz Felipe Loureiro com o tempo total de 59min11s395. Tivemos ainda no p\u00f3dio Raul Rodrigues da AABCTRA em segundo com 1h02min11s965 e Brunno Rodrigues do Minas\/Bras\u00edlia em terceiro com 1h04min26s327. Entre as mulheres a campe\u00e3 foi Betina Lorscheitter do Clube Curitibano com tempo de 1h10min31s560. Julia Pasqualette do Tijuca TC foi a segunda colocada com 1h17min00s888 e Carmen Barone do Morgadotri foi a terceira com 1h17min08s994.<\/p>\n<p>J\u00e1 no Classic, que teve percurso de 2,5 km, o t\u00edtulo masculino ficou com Artur Pedroza da Resende \u00c1guas Abertas que nadou a dist\u00e2ncia em 31min26s402. O vice-campe\u00e3o foi Pedro Henrique Aguiar do Flamengo com tempo de 31min37s301 e o terceiro colocado foi Arthur Ferreira com 32min56s545. No feminino a campe\u00e3 geral foi Ruth Faria do Flamengo com 35min41s605, seguida por Giovanna Paix\u00e3o da equipe Frederico Teixeira com 35min50s905 e Isabela Amorim do Minas TC com 37min02s474.<\/p>\n<figure id=\"attachment_54462\" aria-describedby=\"caption-attachment-54462\" style=\"width: 437px\" class=\"wp-caption alignnone\"><img loading=\"lazy\" decoding=\"async\" class=\"size-full wp-image-54462\" src=\"https:\/\/swimchannel.net\/br\/wp-content\/uploads\/2022\/12\/rrm2.jpg\" alt=\"\" width=\"437\" height=\"551\" srcset=\"https:\/\/swimchannel.net\/br\/wp-content\/uploads\/2022\/12\/rrm2.jpg 437w, https:\/\/swimchannel.net\/br\/wp-content\/uploads\/2022\/12\/rrm2-143x180.jpg 143w\" sizes=\"auto, (max-width: 437px) 100vw, 437px\" \/><figcaption id=\"caption-attachment-54462\" class=\"wp-caption-text\">Rei e Rainha do Mar &#8211; Foto: Reprodu\u00e7\u00e3o<\/figcaption><\/figure>\n<p>Nas provas mais curtas de 1 km os vencedores do Sprint foram Daniel Cunha do Tijuca TC no masculino com 12min57s124 e Fatima Besada da Tribus no feminino com 14min54s001. E no Open de 500m os campe\u00f5es gerais foram novamente Daniel Cunha no masculino com 6min10s959 e Manuela Gon\u00e7alves da equipe Frederico Teixeira no feminino com 6min49s564. Os resultados completos <a href=\"https:\/\/www.chronomax.com.br\/resultados\/g-live.html?f=2022\/2347\/rrm_copacabana.clax\" target=\"_blank\" rel=\"noopener\">podem ser conferidos aqui<\/a>.<\/p>\n<p>O Rei e Rainha do Mar contou com patroc\u00ednio da marca esportiva Arena e j\u00e1 tem a pr\u00f3xima etapa definida. Ser\u00e1 no dia 29 de janeiro de 2023 no Posto 5 da Praia de Copacabana, no Rio de Janeiro. As inscri\u00e7\u00f5es j\u00e1 est\u00e3o abertas e podem ser feitas aqui: <a href=\"https:\/\/reierainhadomar.com.br\/etapas\/Rainha%20do%20Mar%202023\/\" target=\"_blank\" rel=\"noopener\">https:\/\/reierainhadomar.com.br\/etapas\/Rainha%20do%20Mar%202023\/<\/a>. Mais detalhes e novidades sobre o evento ser\u00e3o publicadas em breve no site do evento.<\/p>\n","protected":false},"excerpt":{"rendered":"<p>Evento contou com diversas provas em \u00e1guas abertas e teve presen\u00e7a de nadadores com passagem pela sele\u00e7\u00e3o brasileira<\/p>\n","protected":false},"author":3,"featured_media":54460,"comment_status":"open","ping_status":"open","sticky":false,"template":"","format":"gallery","meta":{"footnotes":""},"categories":[115],"tags":[14,520,5,202,4593],"class_list":["post-54456","post","type-post","status-publish","format-gallery","has-post-thumbnail","hentry","category-aguas-abertas","tag-aguas-abertas","tag-betina-lorscheitter","tag-natacao","tag-rei-e-rainha-do-mar","tag-thiago-ruffini","post_format-post-format-gallery"],"yoast_head":"<!-- This site is optimized with the Yoast SEO plugin v27.0 - https:\/\/yoast.com\/product\/yoast-seo-wordpress\/ -->\n<title>Rei e Rainha do Mar encerra temporada em Copacabana - Swimchannel<\/title>\n<meta name=\"robots\" content=\"index, follow, max-snippet:-1, max-image-preview:large, max-video-preview:-1\" \/>\n<link rel=\"canonical\" href=\"https:\/\/swimchannel.net\/br\/rei-e-rainha-do-mar-encerra-temporada-em-copacabana\/\" \/>\n<meta property=\"og:locale\" content=\"pt_BR\" \/>\n<meta property=\"og:type\" content=\"article\" \/>\n<meta property=\"og:title\" content=\"Rei e Rainha do Mar encerra temporada em Copacabana - Swimchannel\" \/>\n<meta property=\"og:description\" content=\"Evento contou com diversas provas em \u00e1guas abertas e teve presen\u00e7a de nadadores com passagem pela sele\u00e7\u00e3o brasileira\" \/>\n<meta property=\"og:url\" content=\"https:\/\/swimchannel.net\/br\/rei-e-rainha-do-mar-encerra-temporada-em-copacabana\/\" \/>\n<meta property=\"og:site_name\" content=\"Swimchannel\" \/>\n<meta property=\"article:publisher\" content=\"https:\/\/www.facebook.com\/swimchannel\" \/>\n<meta property=\"article:published_time\" content=\"2022-12-12T15:29:31+00:00\" \/>\n<meta property=\"article:modified_time\" content=\"2022-12-12T15:36:13+00:00\" \/>\n<meta property=\"og:image\" content=\"https:\/\/swimchannel.net\/br\/wp-content\/uploads\/2022\/12\/rrm1.jpg\" \/>\n\t<meta property=\"og:image:width\" content=\"542\" \/>\n\t<meta property=\"og:image:height\" content=\"556\" \/>\n\t<meta property=\"og:image:type\" content=\"image\/jpeg\" \/>\n<meta name=\"author\" content=\"Guilherme Freitas\" \/>\n<meta name=\"twitter:card\" content=\"summary_large_image\" \/>\n<meta name=\"twitter:label1\" content=\"Escrito por\" \/>\n\t<meta name=\"twitter:data1\" content=\"Guilherme Freitas\" \/>\n\t<meta name=\"twitter:label2\" content=\"Est. tempo de leitura\" \/>\n\t<meta name=\"twitter:data2\" content=\"3 minutos\" \/>\n<script type=\"application\/ld+json\" class=\"yoast-schema-graph\">{\"@context\":\"https:\/\/schema.org\",\"@graph\":[{\"@type\":\"Article\",\"@id\":\"https:\/\/swimchannel.net\/br\/rei-e-rainha-do-mar-encerra-temporada-em-copacabana\/#article\",\"isPartOf\":{\"@id\":\"https:\/\/swimchannel.net\/br\/rei-e-rainha-do-mar-encerra-temporada-em-copacabana\/\"},\"author\":{\"name\":\"Guilherme Freitas\",\"@id\":\"https:\/\/swimchannel.net\/br\/#\/schema\/person\/aa2a63bab3275f53749a83276b213c48\"},\"headline\":\"Rei e Rainha do Mar encerra temporada em Copacabana\",\"datePublished\":\"2022-12-12T15:29:31+00:00\",\"dateModified\":\"2022-12-12T15:36:13+00:00\",\"mainEntityOfPage\":{\"@id\":\"https:\/\/swimchannel.net\/br\/rei-e-rainha-do-mar-encerra-temporada-em-copacabana\/\"},\"wordCount\":536,\"commentCount\":2,\"publisher\":{\"@id\":\"https:\/\/swimchannel.net\/br\/#organization\"},\"image\":{\"@id\":\"https:\/\/swimchannel.net\/br\/rei-e-rainha-do-mar-encerra-temporada-em-copacabana\/#primaryimage\"},\"thumbnailUrl\":\"https:\/\/swimchannel.net\/br\/wp-content\/uploads\/2022\/12\/rrm1.jpg\",\"keywords\":[\"\u00c1guas abertas\",\"Betina Lorscheitter\",\"natacao\",\"Rei e Rainha do Mar\",\"Thiago Ruffini\"],\"articleSection\":[\"\u00c1guas Abertas\"],\"inLanguage\":\"pt-BR\",\"potentialAction\":[{\"@type\":\"CommentAction\",\"name\":\"Comment\",\"target\":[\"https:\/\/swimchannel.net\/br\/rei-e-rainha-do-mar-encerra-temporada-em-copacabana\/#respond\"]}]},{\"@type\":\"WebPage\",\"@id\":\"https:\/\/swimchannel.net\/br\/rei-e-rainha-do-mar-encerra-temporada-em-copacabana\/\",\"url\":\"https:\/\/swimchannel.net\/br\/rei-e-rainha-do-mar-encerra-temporada-em-copacabana\/\",\"name\":\"Rei e Rainha do Mar encerra temporada em Copacabana - Swimchannel\",\"isPartOf\":{\"@id\":\"https:\/\/swimchannel.net\/br\/#website\"},\"primaryImageOfPage\":{\"@id\":\"https:\/\/swimchannel.net\/br\/rei-e-rainha-do-mar-encerra-temporada-em-copacabana\/#primaryimage\"},\"image\":{\"@id\":\"https:\/\/swimchannel.net\/br\/rei-e-rainha-do-mar-encerra-temporada-em-copacabana\/#primaryimage\"},\"thumbnailUrl\":\"https:\/\/swimchannel.net\/br\/wp-content\/uploads\/2022\/12\/rrm1.jpg\",\"datePublished\":\"2022-12-12T15:29:31+00:00\",\"dateModified\":\"2022-12-12T15:36:13+00:00\",\"breadcrumb\":{\"@id\":\"https:\/\/swimchannel.net\/br\/rei-e-rainha-do-mar-encerra-temporada-em-copacabana\/#breadcrumb\"},\"inLanguage\":\"pt-BR\",\"potentialAction\":[{\"@type\":\"ReadAction\",\"target\":[\"https:\/\/swimchannel.net\/br\/rei-e-rainha-do-mar-encerra-temporada-em-copacabana\/\"]}]},{\"@type\":\"ImageObject\",\"inLanguage\":\"pt-BR\",\"@id\":\"https:\/\/swimchannel.net\/br\/rei-e-rainha-do-mar-encerra-temporada-em-copacabana\/#primaryimage\",\"url\":\"https:\/\/swimchannel.net\/br\/wp-content\/uploads\/2022\/12\/rrm1.jpg\",\"contentUrl\":\"https:\/\/swimchannel.net\/br\/wp-content\/uploads\/2022\/12\/rrm1.jpg\",\"width\":542,\"height\":556,\"caption\":\"Rei e Rainha do Mar - Foto: Reprodu\u00e7\u00e3o\"},{\"@type\":\"BreadcrumbList\",\"@id\":\"https:\/\/swimchannel.net\/br\/rei-e-rainha-do-mar-encerra-temporada-em-copacabana\/#breadcrumb\",\"itemListElement\":[{\"@type\":\"ListItem\",\"position\":1,\"name\":\"Home\",\"item\":\"https:\/\/swimchannel.net\/br\/\"},{\"@type\":\"ListItem\",\"position\":2,\"name\":\"Rei e Rainha do Mar encerra temporada em Copacabana\"}]},{\"@type\":\"WebSite\",\"@id\":\"https:\/\/swimchannel.net\/br\/#website\",\"url\":\"https:\/\/swimchannel.net\/br\/\",\"name\":\"Swimchannel\",\"description\":\"Maior portal de nata\u00e7\u00e3o da america latina\",\"publisher\":{\"@id\":\"https:\/\/swimchannel.net\/br\/#organization\"},\"potentialAction\":[{\"@type\":\"SearchAction\",\"target\":{\"@type\":\"EntryPoint\",\"urlTemplate\":\"https:\/\/swimchannel.net\/br\/?s={search_term_string}\"},\"query-input\":{\"@type\":\"PropertyValueSpecification\",\"valueRequired\":true,\"valueName\":\"search_term_string\"}}],\"inLanguage\":\"pt-BR\"},{\"@type\":\"Organization\",\"@id\":\"https:\/\/swimchannel.net\/br\/#organization\",\"name\":\"Swimchannel - Conectando voc\u00ea a Nata\u00e7\u00e3o\",\"url\":\"https:\/\/swimchannel.net\/br\/\",\"logo\":{\"@type\":\"ImageObject\",\"inLanguage\":\"pt-BR\",\"@id\":\"https:\/\/swimchannel.net\/br\/#\/schema\/logo\/image\/\",\"url\":\"https:\/\/swimchannel.net\/br\/wp-content\/uploads\/2026\/02\/SWIM-CHANNEL.png\",\"contentUrl\":\"https:\/\/swimchannel.net\/br\/wp-content\/uploads\/2026\/02\/SWIM-CHANNEL.png\",\"width\":1120,\"height\":630,\"caption\":\"Swimchannel - Conectando voc\u00ea a Nata\u00e7\u00e3o\"},\"image\":{\"@id\":\"https:\/\/swimchannel.net\/br\/#\/schema\/logo\/image\/\"},\"sameAs\":[\"https:\/\/www.facebook.com\/swimchannel\",\"https:\/\/www.instagram.com\/swimchannel\"]},{\"@type\":\"Person\",\"@id\":\"https:\/\/swimchannel.net\/br\/#\/schema\/person\/aa2a63bab3275f53749a83276b213c48\",\"name\":\"Guilherme Freitas\",\"image\":{\"@type\":\"ImageObject\",\"inLanguage\":\"pt-BR\",\"@id\":\"https:\/\/swimchannel.net\/br\/#\/schema\/person\/image\/\",\"url\":\"https:\/\/swimchannel.net\/br\/wp-content\/uploads\/2025\/10\/gui22-193x180.png\",\"contentUrl\":\"https:\/\/swimchannel.net\/br\/wp-content\/uploads\/2025\/10\/gui22-193x180.png\",\"caption\":\"Guilherme Freitas\"},\"description\":\"Jornalista s\u00eanior da SWIM CHANNEL, ex-correspondente da FINA no Brasil e pesquisador acad\u00eamico.\",\"sameAs\":[\"instagram.com\/guifreitas86\"],\"url\":\"https:\/\/swimchannel.net\/br\/author\/guilherme-freitas\/\"}]}<\/script>\n<!-- \/ Yoast SEO plugin. -->","yoast_head_json":{"title":"Rei e Rainha do Mar encerra temporada em Copacabana - Swimchannel","robots":{"index":"index","follow":"follow","max-snippet":"max-snippet:-1","max-image-preview":"max-image-preview:large","max-video-preview":"max-video-preview:-1"},"canonical":"https:\/\/swimchannel.net\/br\/rei-e-rainha-do-mar-encerra-temporada-em-copacabana\/","og_locale":"pt_BR","og_type":"article","og_title":"Rei e Rainha do Mar encerra temporada em Copacabana - Swimchannel","og_description":"Evento contou com diversas provas em \u00e1guas abertas e teve presen\u00e7a de nadadores com passagem pela sele\u00e7\u00e3o brasileira","og_url":"https:\/\/swimchannel.net\/br\/rei-e-rainha-do-mar-encerra-temporada-em-copacabana\/","og_site_name":"Swimchannel","article_publisher":"https:\/\/www.facebook.com\/swimchannel","article_published_time":"2022-12-12T15:29:31+00:00","article_modified_time":"2022-12-12T15:36:13+00:00","og_image":[{"width":542,"height":556,"url":"https:\/\/swimchannel.net\/br\/wp-content\/uploads\/2022\/12\/rrm1.jpg","type":"image\/jpeg"}],"author":"Guilherme Freitas","twitter_card":"summary_large_image","twitter_misc":{"Escrito por":"Guilherme Freitas","Est. tempo de leitura":"3 minutos"},"schema":{"@context":"https:\/\/schema.org","@graph":[{"@type":"Article","@id":"https:\/\/swimchannel.net\/br\/rei-e-rainha-do-mar-encerra-temporada-em-copacabana\/#article","isPartOf":{"@id":"https:\/\/swimchannel.net\/br\/rei-e-rainha-do-mar-encerra-temporada-em-copacabana\/"},"author":{"name":"Guilherme Freitas","@id":"https:\/\/swimchannel.net\/br\/#\/schema\/person\/aa2a63bab3275f53749a83276b213c48"},"headline":"Rei e Rainha do Mar encerra temporada em Copacabana","datePublished":"2022-12-12T15:29:31+00:00","dateModified":"2022-12-12T15:36:13+00:00","mainEntityOfPage":{"@id":"https:\/\/swimchannel.net\/br\/rei-e-rainha-do-mar-encerra-temporada-em-copacabana\/"},"wordCount":536,"commentCount":2,"publisher":{"@id":"https:\/\/swimchannel.net\/br\/#organization"},"image":{"@id":"https:\/\/swimchannel.net\/br\/rei-e-rainha-do-mar-encerra-temporada-em-copacabana\/#primaryimage"},"thumbnailUrl":"https:\/\/swimchannel.net\/br\/wp-content\/uploads\/2022\/12\/rrm1.jpg","keywords":["\u00c1guas abertas","Betina Lorscheitter","natacao","Rei e Rainha do Mar","Thiago Ruffini"],"articleSection":["\u00c1guas Abertas"],"inLanguage":"pt-BR","potentialAction":[{"@type":"CommentAction","name":"Comment","target":["https:\/\/swimchannel.net\/br\/rei-e-rainha-do-mar-encerra-temporada-em-copacabana\/#respond"]}]},{"@type":"WebPage","@id":"https:\/\/swimchannel.net\/br\/rei-e-rainha-do-mar-encerra-temporada-em-copacabana\/","url":"https:\/\/swimchannel.net\/br\/rei-e-rainha-do-mar-encerra-temporada-em-copacabana\/","name":"Rei e Rainha do Mar encerra temporada em Copacabana - Swimchannel","isPartOf":{"@id":"https:\/\/swimchannel.net\/br\/#website"},"primaryImageOfPage":{"@id":"https:\/\/swimchannel.net\/br\/rei-e-rainha-do-mar-encerra-temporada-em-copacabana\/#primaryimage"},"image":{"@id":"https:\/\/swimchannel.net\/br\/rei-e-rainha-do-mar-encerra-temporada-em-copacabana\/#primaryimage"},"thumbnailUrl":"https:\/\/swimchannel.net\/br\/wp-content\/uploads\/2022\/12\/rrm1.jpg","datePublished":"2022-12-12T15:29:31+00:00","dateModified":"2022-12-12T15:36:13+00:00","breadcrumb":{"@id":"https:\/\/swimchannel.net\/br\/rei-e-rainha-do-mar-encerra-temporada-em-copacabana\/#breadcrumb"},"inLanguage":"pt-BR","potentialAction":[{"@type":"ReadAction","target":["https:\/\/swimchannel.net\/br\/rei-e-rainha-do-mar-encerra-temporada-em-copacabana\/"]}]},{"@type":"ImageObject","inLanguage":"pt-BR","@id":"https:\/\/swimchannel.net\/br\/rei-e-rainha-do-mar-encerra-temporada-em-copacabana\/#primaryimage","url":"https:\/\/swimchannel.net\/br\/wp-content\/uploads\/2022\/12\/rrm1.jpg","contentUrl":"https:\/\/swimchannel.net\/br\/wp-content\/uploads\/2022\/12\/rrm1.jpg","width":542,"height":556,"caption":"Rei e Rainha do Mar - Foto: Reprodu\u00e7\u00e3o"},{"@type":"BreadcrumbList","@id":"https:\/\/swimchannel.net\/br\/rei-e-rainha-do-mar-encerra-temporada-em-copacabana\/#breadcrumb","itemListElement":[{"@type":"ListItem","position":1,"name":"Home","item":"https:\/\/swimchannel.net\/br\/"},{"@type":"ListItem","position":2,"name":"Rei e Rainha do Mar encerra temporada em Copacabana"}]},{"@type":"WebSite","@id":"https:\/\/swimchannel.net\/br\/#website","url":"https:\/\/swimchannel.net\/br\/","name":"Swimchannel","description":"Maior portal de nata\u00e7\u00e3o da america latina","publisher":{"@id":"https:\/\/swimchannel.net\/br\/#organization"},"potentialAction":[{"@type":"SearchAction","target":{"@type":"EntryPoint","urlTemplate":"https:\/\/swimchannel.net\/br\/?s={search_term_string}"},"query-input":{"@type":"PropertyValueSpecification","valueRequired":true,"valueName":"search_term_string"}}],"inLanguage":"pt-BR"},{"@type":"Organization","@id":"https:\/\/swimchannel.net\/br\/#organization","name":"Swimchannel - Conectando voc\u00ea a Nata\u00e7\u00e3o","url":"https:\/\/swimchannel.net\/br\/","logo":{"@type":"ImageObject","inLanguage":"pt-BR","@id":"https:\/\/swimchannel.net\/br\/#\/schema\/logo\/image\/","url":"https:\/\/swimchannel.net\/br\/wp-content\/uploads\/2026\/02\/SWIM-CHANNEL.png","contentUrl":"https:\/\/swimchannel.net\/br\/wp-content\/uploads\/2026\/02\/SWIM-CHANNEL.png","width":1120,"height":630,"caption":"Swimchannel - Conectando voc\u00ea a Nata\u00e7\u00e3o"},"image":{"@id":"https:\/\/swimchannel.net\/br\/#\/schema\/logo\/image\/"},"sameAs":["https:\/\/www.facebook.com\/swimchannel","https:\/\/www.instagram.com\/swimchannel"]},{"@type":"Person","@id":"https:\/\/swimchannel.net\/br\/#\/schema\/person\/aa2a63bab3275f53749a83276b213c48","name":"Guilherme Freitas","image":{"@type":"ImageObject","inLanguage":"pt-BR","@id":"https:\/\/swimchannel.net\/br\/#\/schema\/person\/image\/","url":"https:\/\/swimchannel.net\/br\/wp-content\/uploads\/2025\/10\/gui22-193x180.png","contentUrl":"https:\/\/swimchannel.net\/br\/wp-content\/uploads\/2025\/10\/gui22-193x180.png","caption":"Guilherme Freitas"},"description":"Jornalista s\u00eanior da SWIM CHANNEL, ex-correspondente da FINA no Brasil e pesquisador acad\u00eamico.","sameAs":["instagram.com\/guifreitas86"],"url":"https:\/\/swimchannel.net\/br\/author\/guilherme-freitas\/"}]}},"_links":{"self":[{"href":"https:\/\/swimchannel.net\/br\/wp-json\/wp\/v2\/posts\/54456","targetHints":{"allow":["GET"]}}],"collection":[{"href":"https:\/\/swimchannel.net\/br\/wp-json\/wp\/v2\/posts"}],"about":[{"href":"https:\/\/swimchannel.net\/br\/wp-json\/wp\/v2\/types\/post"}],"author":[{"embeddable":true,"href":"https:\/\/swimchannel.net\/br\/wp-json\/wp\/v2\/users\/3"}],"replies":[{"embeddable":true,"href":"https:\/\/swimchannel.net\/br\/wp-json\/wp\/v2\/comments?post=54456"}],"version-history":[{"count":4,"href":"https:\/\/swimchannel.net\/br\/wp-json\/wp\/v2\/posts\/54456\/revisions"}],"predecessor-version":[{"id":54465,"href":"https:\/\/swimchannel.net\/br\/wp-json\/wp\/v2\/posts\/54456\/revisions\/54465"}],"wp:featuredmedia":[{"embeddable":true,"href":"https:\/\/swimchannel.net\/br\/wp-json\/wp\/v2\/media\/54460"}],"wp:attachment":[{"href":"https:\/\/swimchannel.net\/br\/wp-json\/wp\/v2\/media?parent=54456"}],"wp:term":[{"taxonomy":"category","embeddable":true,"href":"https:\/\/swimchannel.net\/br\/wp-json\/wp\/v2\/categories?post=54456"},{"taxonomy":"post_tag","embeddable":true,"href":"https:\/\/swimchannel.net\/br\/wp-json\/wp\/v2\/tags?post=54456"}],"curies":[{"name":"wp","href":"https:\/\/api.w.org\/{rel}","templated":true}]}}