{"id":54679,"date":"2022-12-27T00:15:16","date_gmt":"2022-12-27T03:15:16","guid":{"rendered":"https:\/\/swimchannel.net\/br\/?p=54679"},"modified":"2022-12-25T16:43:43","modified_gmt":"2022-12-25T19:43:43","slug":"retrospectiva-2022-parte-2-de-4","status":"publish","type":"post","link":"https:\/\/swimchannel.net\/br\/retrospectiva-2022-parte-2-de-4\/","title":{"rendered":"Retrospectiva 2022 &#8211; parte 2 de 4"},"content":{"rendered":"<p>Chegamos a segunda parte do especial de retrospectiva de alguns dos principais textos do ano publicados na <strong>SWIM CHANNEL<\/strong> em 2022. Neste texto de hoje os destaques v\u00e3o para o Campeonato Mundial de Esportes Aqu\u00e1ticos de Budapeste onde Ana Marcela Cunha, Guilherme Costa e Nicholas Santos conquistaram medalhas, a cobertura da seletiva nacional na piscina e nas \u00e1guas abertas para o Mundial, destaques da nata\u00e7\u00e3o portuguesa que tamb\u00e9m obteve bpons resultados no Mundial de Budapeste, entre outros assuntos.<\/p>\n<p>Nesta segunda parte publicamos materiais decorrentes dos meses de abril, maio e junho de 2022. Amanh\u00e3 voltamos com a terceira parte trazendo os meses de julho, agosto e setembro. Boa leitura!<\/p>\n<p>&nbsp;<\/p>\n<figure id=\"attachment_50312\" aria-describedby=\"caption-attachment-50312\" style=\"width: 945px\" class=\"wp-caption alignnone\"><img loading=\"lazy\" decoding=\"async\" class=\"size-full wp-image-50312\" src=\"https:\/\/swimchannel.net\/br\/wp-content\/uploads\/2022\/04\/51989923390_ee8457f2ff_k.jpg\" alt=\"\" width=\"945\" height=\"630\" srcset=\"https:\/\/swimchannel.net\/br\/wp-content\/uploads\/2022\/04\/51989923390_ee8457f2ff_k.jpg 945w, https:\/\/swimchannel.net\/br\/wp-content\/uploads\/2022\/04\/51989923390_ee8457f2ff_k-270x180.jpg 270w, https:\/\/swimchannel.net\/br\/wp-content\/uploads\/2022\/04\/51989923390_ee8457f2ff_k-768x512.jpg 768w, https:\/\/swimchannel.net\/br\/wp-content\/uploads\/2022\/04\/51989923390_ee8457f2ff_k-750x500.jpg 750w\" sizes=\"auto, (max-width: 945px) 100vw, 945px\" \/><figcaption id=\"caption-attachment-50312\" class=\"wp-caption-text\">Guilherme Costa &#8211; Foto: Satiro Sodr\u00e9\/SSPress<\/figcaption><\/figure>\n<p><strong>Mar\u00e7o<\/strong><\/p>\n<p>Diogo Ribeiro come\u00e7ou em Coimbra a mudar a face da nata\u00e7\u00e3o portuguesa: <a href=\"https:\/\/swimchannel.net\/br\/diogo-ribeiro-comecou-em-coimbra-a-mudar-a-face-da-natacao-portuguesa\/\" target=\"_blank\" rel=\"noopener\">https:\/\/swimchannel.net\/br\/diogo-ribeiro-comecou-em-coimbra-a-mudar-a-face-da-natacao-portuguesa\/<\/a>.<\/p>\n<p>\u201cDiogo Ribeiro n\u00e3o ir\u00e1 ao Europeu J\u00fanior e ao Mundial\u201d: <a href=\"https:\/\/swimchannel.net\/br\/diogo-ribeiro-nao-ira-ao-europeu-junior-e-ao-mundial\/\" target=\"_blank\" rel=\"noopener\">https:\/\/swimchannel.net\/br\/diogo-ribeiro-nao-ira-ao-europeu-junior-e-ao-mundial\/<\/a>.<\/p>\n<p>Todos os classificados para o Campeonato Mundial de Budapeste: <a href=\"https:\/\/swimchannel.net\/br\/todos-os-classificados-para-o-campeonato-mundial-de-budapeste\/\" target=\"_blank\" rel=\"noopener\">https:\/\/swimchannel.net\/br\/todos-os-classificados-para-o-campeonato-mundial-de-budapeste\/<\/a>.<\/p>\n<p>Trof\u00e9u Brasil termina com 30 nadadores classificados para o Mundial: <a href=\"https:\/\/swimchannel.net\/br\/trofeu-brasil-termina-com-30-nadadores-classificados-para-o-mundial\/\" target=\"_blank\" rel=\"noopener\">https:\/\/swimchannel.net\/br\/trofeu-brasil-termina-com-30-nadadores-classificados-para-o-mundial\/<\/a>.<\/p>\n<p><strong>SWIM CHANNEL<\/strong> transmitir\u00e1 seletiva de \u00e1guas abertas para o Mundial: <a href=\"https:\/\/swimchannel.net\/br\/swim-channel-transmitira-seletiva-de-aguas-abertas-para-o-mundial\/\" target=\"_blank\" rel=\"noopener\">https:\/\/swimchannel.net\/br\/swim-channel-transmitira-seletiva-de-aguas-abertas-para-o-mundial\/<\/a>.<\/p>\n<p>Time do Brasil de \u00e1guas abertas no Mundial de Budapeste \u00e9 conhecido: <a href=\"https:\/\/swimchannel.net\/br\/time-do-brasil-de-aguas-abertas-no-mundial-de-budapeste-e-conhecido\/\" target=\"_blank\" rel=\"noopener\">https:\/\/swimchannel.net\/br\/time-do-brasil-de-aguas-abertas-no-mundial-de-budapeste-e-conhecido\/<\/a>.<\/p>\n<p>Divulgados os \u00edndices para os Jogos de Paris-2024: <a href=\"https:\/\/swimchannel.net\/br\/divulgados-os-indices-para-os-jogos-de-paris-2024\/\" target=\"_blank\" rel=\"noopener\">https:\/\/swimchannel.net\/br\/divulgados-os-indices-para-os-jogos-de-paris-2024\/<\/a>.<\/p>\n<p>&nbsp;<\/p>\n<p><img loading=\"lazy\" decoding=\"async\" class=\"alignnone size-full wp-image-51128\" src=\"https:\/\/swimchannel.net\/br\/wp-content\/uploads\/2022\/05\/arena-bruno-fratus-gallery-05.jpg\" alt=\"\" width=\"945\" height=\"630\" srcset=\"https:\/\/swimchannel.net\/br\/wp-content\/uploads\/2022\/05\/arena-bruno-fratus-gallery-05.jpg 945w, https:\/\/swimchannel.net\/br\/wp-content\/uploads\/2022\/05\/arena-bruno-fratus-gallery-05-270x180.jpg 270w, https:\/\/swimchannel.net\/br\/wp-content\/uploads\/2022\/05\/arena-bruno-fratus-gallery-05-768x512.jpg 768w, https:\/\/swimchannel.net\/br\/wp-content\/uploads\/2022\/05\/arena-bruno-fratus-gallery-05-750x500.jpg 750w\" sizes=\"auto, (max-width: 945px) 100vw, 945px\" \/><\/p>\n<p><strong>Maio<\/strong><\/p>\n<p>Michelle Lenhardt, primeira treinadora brasileira a participar de dois Mundiais: <a href=\"https:\/\/swimchannel.net\/br\/michelle-lenhardt-primeira-treinadora-brasileira-a-participar-de-dois-mundiais\/\" target=\"_blank\" rel=\"noopener\">https:\/\/swimchannel.net\/br\/michelle-lenhardt-primeira-treinadora-brasileira-a-participar-de-dois-mundiais\/<\/a><\/p>\n<p>Adam Peaty fora do Mundial!: <a href=\"https:\/\/swimchannel.net\/br\/adam-peaty-fora-do-mundial-ja-sao-7-campeoes-olimpicos-de-toquio-que-nao-vao-a-budapeste\/\" target=\"_blank\" rel=\"noopener\">https:\/\/swimchannel.net\/br\/adam-peaty-fora-do-mundial-ja-sao-7-campeoes-olimpicos-de-toquio-que-nao-vao-a-budapeste\/<\/a><\/p>\n<p>Sem Adam Peaty, quem \u00e9 o favorito nos 50m e 100m peito em Budapeste?: <a href=\"https:\/\/swimchannel.net\/br\/sem-adam-peaty-quem-e-o-favorito-nos-50m-e-100m-peito-em-budapeste\/\" target=\"_blank\" rel=\"noopener\">https:\/\/swimchannel.net\/br\/sem-adam-peaty-quem-e-o-favorito-nos-50m-e-100m-peito-em-budapeste\/<\/a><\/p>\n<p>A incr\u00edvel classifica\u00e7\u00e3o de Cody Simpson para o Mundial de Budapeste: <a href=\"https:\/\/swimchannel.net\/br\/a-incrivel-classificacao-de-cody-simpson-para-o-mundial-de-budapeste\/\" target=\"_blank\" rel=\"noopener\">https:\/\/swimchannel.net\/br\/a-incrivel-classificacao-de-cody-simpson-para-o-mundial-de-budapeste\/<\/a><\/p>\n<p>Faltam 5 para Bruno Fratus chegar a 100 vezes abaixo dos 22 segundos nos 50m livre: <a href=\"https:\/\/swimchannel.net\/br\/faltam-5-para-bruno-fratus-chegar-a-100-vezes-abaixo-dos-22-segundos-nos-50m-livre\/\" target=\"_blank\" rel=\"noopener\">https:\/\/swimchannel.net\/br\/faltam-5-para-bruno-fratus-chegar-a-100-vezes-abaixo-dos-22-segundos-nos-50m-livre\/<\/a><\/p>\n<p>Mau tempo interrompeu a prova, mas n\u00e3o acabou com a festa do El Cruce: <a href=\"https:\/\/swimchannel.net\/br\/mau-tempo-interrompeu-a-prova-mas-nao-acabou-com-a-festa-do-el-cruce\/\" target=\"_blank\" rel=\"noopener\">https:\/\/swimchannel.net\/br\/mau-tempo-interrompeu-a-prova-mas-nao-acabou-com-a-festa-do-el-cruce\/<\/a><\/p>\n<p>&nbsp;<\/p>\n<figure id=\"attachment_51608\" aria-describedby=\"caption-attachment-51608\" style=\"width: 800px\" class=\"wp-caption alignnone\"><img loading=\"lazy\" decoding=\"async\" class=\"size-full wp-image-51608\" src=\"https:\/\/swimchannel.net\/br\/wp-content\/uploads\/2022\/06\/Design_sem_nome_7.jpg\" alt=\"\" width=\"800\" height=\"600\" srcset=\"https:\/\/swimchannel.net\/br\/wp-content\/uploads\/2022\/06\/Design_sem_nome_7.jpg 800w, https:\/\/swimchannel.net\/br\/wp-content\/uploads\/2022\/06\/Design_sem_nome_7-240x180.jpg 240w, https:\/\/swimchannel.net\/br\/wp-content\/uploads\/2022\/06\/Design_sem_nome_7-768x576.jpg 768w, https:\/\/swimchannel.net\/br\/wp-content\/uploads\/2022\/06\/Design_sem_nome_7-750x563.jpg 750w\" sizes=\"auto, (max-width: 800px) 100vw, 800px\" \/><figcaption id=\"caption-attachment-51608\" class=\"wp-caption-text\">Guilherme Costa &#8211; Foto: Jo\u00e3o Paulo Castro\/CBDA<\/figcaption><\/figure>\n<p><strong>Junho<\/strong><\/p>\n<p>CBDA fecha patroc\u00ednio com a Yakult Brasil: <a href=\"https:\/\/swimchannel.net\/br\/cbda-fecha-patrocinio-com-a-yakult-brasil\/\" target=\"_blank\" rel=\"noopener\">https:\/\/swimchannel.net\/br\/cbda-fecha-patrocinio-com-a-yakult-brasil\/<\/a>.<\/p>\n<p>Argentina Delfina Pignatiello d\u00e1 adeus as piscinas aos 22 anos de idade: <a href=\"https:\/\/swimchannel.net\/br\/argentina-delfina-pignatiello-da-adeus-as-piscinas-aos-22-anos-de-idade\/\" target=\"_blank\" rel=\"noopener\">https:\/\/swimchannel.net\/br\/argentina-delfina-pignatiello-da-adeus-as-piscinas-aos-22-anos-de-idade\/<\/a>.<\/p>\n<p>\u00cdndices para os Jogos Pan-Americanos de 2023 s\u00e3o divulgados: <a href=\"https:\/\/swimchannel.net\/br\/indices-para-os-jogos-pan-americanos-de-2023-sao-divulgados\/\" target=\"_blank\" rel=\"noopener\">https:\/\/swimchannel.net\/br\/indices-para-os-jogos-pan-americanos-de-2023-sao-divulgados\/<\/a>.<\/p>\n<p>Vem ai o Tambaqui Challenge, uma ultramaratona aqu\u00e1tica mineira: <a href=\"https:\/\/swimchannel.net\/br\/vem-ai-o-tambaqui-challenge-uma-ultramaratona-aquatica-mineira\/\" target=\"_blank\" rel=\"noopener\">https:\/\/swimchannel.net\/br\/vem-ai-o-tambaqui-challenge-uma-ultramaratona-aquatica-mineira\/<\/a>.<\/p>\n<p>Brasil come\u00e7a Mundial com bronze de Guilherme Costa!: <a href=\"https:\/\/swimchannel.net\/br\/brasil-comeca-mundial-com-bronze-de-guilherme-costa\/\" target=\"_blank\" rel=\"noopener\">https:\/\/swimchannel.net\/br\/brasil-comeca-mundial-com-bronze-de-guilherme-costa\/<\/a>.<\/p>\n<p>1500m livre: a prova da primeira final do Brasil em Mundiais e a primeira com duas nadadoras: <a href=\"https:\/\/swimchannel.net\/br\/1500m-livre-a-prova-da-primeira-final-do-brasil-em-mundiais-e-a-primeira-com-duas-nadadoras\/\" target=\"_blank\" rel=\"noopener\">https:\/\/swimchannel.net\/br\/1500m-livre-a-prova-da-primeira-final-do-brasil-em-mundiais-e-a-primeira-com-duas-nadadoras\/<\/a>.<\/p>\n<p>Brasil faz campanha hist\u00f3rica no Mundial Paral\u00edmpico: <a href=\"https:\/\/swimchannel.net\/br\/brasil-faz-campanha-historica-no-mundial-paralimpico\/\" target=\"_blank\" rel=\"noopener\">https:\/\/swimchannel.net\/br\/brasil-faz-campanha-historica-no-mundial-paralimpico\/<\/a>.<\/p>\n<p>Nicholas Santos conquista a prata nos 50m borboleta: <a href=\"https:\/\/swimchannel.net\/br\/nicholas-santos-conquista-a-prata-nos-50m-borboleta\/\" target=\"_blank\" rel=\"noopener\">https:\/\/swimchannel.net\/br\/nicholas-santos-conquista-a-prata-nos-50m-borboleta\/<\/a>.<\/p>\n<figure id=\"attachment_48305\" aria-describedby=\"caption-attachment-48305\" style=\"width: 1120px\" class=\"wp-caption alignnone\"><img loading=\"lazy\" decoding=\"async\" class=\"size-full wp-image-48305\" src=\"https:\/\/swimchannel.net\/br\/wp-content\/uploads\/2021\/12\/Nicholas-Santos-1280x720-1.jpg\" alt=\"\" width=\"1120\" height=\"630\" srcset=\"https:\/\/swimchannel.net\/br\/wp-content\/uploads\/2021\/12\/Nicholas-Santos-1280x720-1.jpg 1120w, https:\/\/swimchannel.net\/br\/wp-content\/uploads\/2021\/12\/Nicholas-Santos-1280x720-1-320x180.jpg 320w, https:\/\/swimchannel.net\/br\/wp-content\/uploads\/2021\/12\/Nicholas-Santos-1280x720-1-768x432.jpg 768w, https:\/\/swimchannel.net\/br\/wp-content\/uploads\/2021\/12\/Nicholas-Santos-1280x720-1-600x338.jpg 600w, https:\/\/swimchannel.net\/br\/wp-content\/uploads\/2021\/12\/Nicholas-Santos-1280x720-1-750x422.jpg 750w\" sizes=\"auto, (max-width: 1120px) 100vw, 1120px\" \/><figcaption id=\"caption-attachment-48305\" class=\"wp-caption-text\">Nicholas Santos &#8211; Foto: Reprodu\u00e7\u00e3o<\/figcaption><\/figure>\n<p>Explicando em detalhes como \u00e9 a regra de participa\u00e7\u00e3o dos atletas trans nos esportes aqu\u00e1ticos: <a href=\"https:\/\/swimchannel.net\/br\/explicando-em-detalhes-como-e-a-regra-de-participacao-dos-atletas-trans-nos-esportes-aquaticos\/\" target=\"_blank\" rel=\"noopener\">https:\/\/swimchannel.net\/br\/explicando-em-detalhes-como-e-a-regra-de-participacao-dos-atletas-trans-nos-esportes-aquaticos\/<\/a>.<\/p>\n<p>Explicando o sistema do VAR no Mundial de Budapeste: <a href=\"https:\/\/swimchannel.net\/br\/explicando-o-sistema-do-var-no-mundial-de-budapeste\/\" target=\"_blank\" rel=\"noopener\">https:\/\/swimchannel.net\/br\/explicando-o-sistema-do-var-no-mundial-de-budapeste\/<\/a>.<\/p>\n<p>Caeleb Dressel esta fora do Mundial de Budapeste!: <a href=\"https:\/\/swimchannel.net\/br\/caeleb-dressel-esta-fora-do-mundial-de-budapeste\/\" target=\"_blank\" rel=\"noopener\">https:\/\/swimchannel.net\/br\/caeleb-dressel-esta-fora-do-mundial-de-budapeste\/<\/a>.<\/p>\n<p>Ana Marcela Cunha \u00e9 bicampe\u00e3 mundial nos 5 km: <a href=\"https:\/\/swimchannel.net\/br\/ana-marcela-cunha-e-bicampea-mundial-nos-5-km\/\" target=\"_blank\" rel=\"noopener\">https:\/\/swimchannel.net\/br\/ana-marcela-cunha-e-bicampea-mundial-nos-5-km\/<\/a>.<\/p>\n<p>Dia hist\u00f3rico para Portugal com os melhores resultados de sempre nos 10k: <a href=\"https:\/\/swimchannel.net\/br\/dia-historico-para-portugal-com-os-melhores-resultados-de-sempre-nos-10k\/\" target=\"_blank\" rel=\"noopener\">https:\/\/swimchannel.net\/br\/dia-historico-para-portugal-com-os-melhores-resultados-de-sempre-nos-10k\/<\/a>.<\/p>\n<p>De m\u00e3o cheia: Ana Marcela \u00e9 pentacampe\u00e3 mundial!: <a href=\"https:\/\/swimchannel.net\/br\/de-mao-cheia-ana-marcela-e-pentacampea-mundial\/\" target=\"_blank\" rel=\"noopener\">https:\/\/swimchannel.net\/br\/de-mao-cheia-ana-marcela-e-pentacampea-mundial\/<\/a>.<\/p>\n","protected":false},"excerpt":{"rendered":"<p>Relembre alguns dos principais textos da SWIM CHANNEL ao longo de 2022, nesta parte com os meses de abril, maio e junho<\/p>\n","protected":false},"author":3,"featured_media":53580,"comment_status":"open","ping_status":"open","sticky":false,"template":"","format":"gallery","meta":{"footnotes":""},"categories":[137],"tags":[5091,14,5,5119,37],"class_list":["post-54679","post","type-post","status-publish","format-gallery","has-post-thumbnail","hentry","category-natacao","tag-5091","tag-aguas-abertas","tag-natacao","tag-retrospectiva-2022","tag-swim-channel","post_format-post-format-gallery"],"yoast_head":"<!-- This site is optimized with the Yoast SEO plugin v27.0 - https:\/\/yoast.com\/product\/yoast-seo-wordpress\/ -->\n<title>Retrospectiva 2022 - parte 2 de 4 - Swimchannel<\/title>\n<meta name=\"robots\" content=\"index, follow, max-snippet:-1, max-image-preview:large, max-video-preview:-1\" \/>\n<link rel=\"canonical\" href=\"https:\/\/swimchannel.net\/br\/retrospectiva-2022-parte-2-de-4\/\" \/>\n<meta property=\"og:locale\" content=\"pt_BR\" \/>\n<meta property=\"og:type\" content=\"article\" \/>\n<meta property=\"og:title\" content=\"Retrospectiva 2022 - parte 2 de 4 - Swimchannel\" \/>\n<meta property=\"og:description\" content=\"Relembre alguns dos principais textos da SWIM CHANNEL ao longo de 2022, nesta parte com os meses de abril, maio e junho\" \/>\n<meta property=\"og:url\" content=\"https:\/\/swimchannel.net\/br\/retrospectiva-2022-parte-2-de-4\/\" \/>\n<meta property=\"og:site_name\" content=\"Swimchannel\" \/>\n<meta property=\"article:publisher\" content=\"https:\/\/www.facebook.com\/swimchannel\" \/>\n<meta property=\"article:published_time\" content=\"2022-12-27T03:15:16+00:00\" \/>\n<meta property=\"og:image\" content=\"https:\/\/swimchannel.net\/br\/wp-content\/uploads\/2022\/09\/ana_marcela_cunha_ouro_25km_mundial_2022.jpg\" \/>\n\t<meta property=\"og:image:width\" content=\"1053\" \/>\n\t<meta property=\"og:image:height\" content=\"630\" \/>\n\t<meta property=\"og:image:type\" content=\"image\/jpeg\" \/>\n<meta name=\"author\" content=\"Guilherme Freitas\" \/>\n<meta name=\"twitter:card\" content=\"summary_large_image\" \/>\n<meta name=\"twitter:label1\" content=\"Escrito por\" \/>\n\t<meta name=\"twitter:data1\" content=\"Guilherme Freitas\" \/>\n\t<meta name=\"twitter:label2\" content=\"Est. tempo de leitura\" \/>\n\t<meta name=\"twitter:data2\" content=\"3 minutos\" \/>\n<script type=\"application\/ld+json\" class=\"yoast-schema-graph\">{\"@context\":\"https:\/\/schema.org\",\"@graph\":[{\"@type\":\"Article\",\"@id\":\"https:\/\/swimchannel.net\/br\/retrospectiva-2022-parte-2-de-4\/#article\",\"isPartOf\":{\"@id\":\"https:\/\/swimchannel.net\/br\/retrospectiva-2022-parte-2-de-4\/\"},\"author\":{\"name\":\"Guilherme Freitas\",\"@id\":\"https:\/\/swimchannel.net\/br\/#\/schema\/person\/aa2a63bab3275f53749a83276b213c48\"},\"headline\":\"Retrospectiva 2022 &#8211; parte 2 de 4\",\"datePublished\":\"2022-12-27T03:15:16+00:00\",\"mainEntityOfPage\":{\"@id\":\"https:\/\/swimchannel.net\/br\/retrospectiva-2022-parte-2-de-4\/\"},\"wordCount\":598,\"commentCount\":0,\"publisher\":{\"@id\":\"https:\/\/swimchannel.net\/br\/#organization\"},\"image\":{\"@id\":\"https:\/\/swimchannel.net\/br\/retrospectiva-2022-parte-2-de-4\/#primaryimage\"},\"thumbnailUrl\":\"https:\/\/swimchannel.net\/br\/wp-content\/uploads\/2022\/09\/ana_marcela_cunha_ouro_25km_mundial_2022.jpg\",\"keywords\":[\"2022\",\"\u00c1guas abertas\",\"natacao\",\"retrospectiva 2022\",\"Swim Channel\"],\"articleSection\":[\"Nata\u00e7\u00e3o\"],\"inLanguage\":\"pt-BR\",\"potentialAction\":[{\"@type\":\"CommentAction\",\"name\":\"Comment\",\"target\":[\"https:\/\/swimchannel.net\/br\/retrospectiva-2022-parte-2-de-4\/#respond\"]}]},{\"@type\":\"WebPage\",\"@id\":\"https:\/\/swimchannel.net\/br\/retrospectiva-2022-parte-2-de-4\/\",\"url\":\"https:\/\/swimchannel.net\/br\/retrospectiva-2022-parte-2-de-4\/\",\"name\":\"Retrospectiva 2022 - parte 2 de 4 - Swimchannel\",\"isPartOf\":{\"@id\":\"https:\/\/swimchannel.net\/br\/#website\"},\"primaryImageOfPage\":{\"@id\":\"https:\/\/swimchannel.net\/br\/retrospectiva-2022-parte-2-de-4\/#primaryimage\"},\"image\":{\"@id\":\"https:\/\/swimchannel.net\/br\/retrospectiva-2022-parte-2-de-4\/#primaryimage\"},\"thumbnailUrl\":\"https:\/\/swimchannel.net\/br\/wp-content\/uploads\/2022\/09\/ana_marcela_cunha_ouro_25km_mundial_2022.jpg\",\"datePublished\":\"2022-12-27T03:15:16+00:00\",\"breadcrumb\":{\"@id\":\"https:\/\/swimchannel.net\/br\/retrospectiva-2022-parte-2-de-4\/#breadcrumb\"},\"inLanguage\":\"pt-BR\",\"potentialAction\":[{\"@type\":\"ReadAction\",\"target\":[\"https:\/\/swimchannel.net\/br\/retrospectiva-2022-parte-2-de-4\/\"]}]},{\"@type\":\"ImageObject\",\"inLanguage\":\"pt-BR\",\"@id\":\"https:\/\/swimchannel.net\/br\/retrospectiva-2022-parte-2-de-4\/#primaryimage\",\"url\":\"https:\/\/swimchannel.net\/br\/wp-content\/uploads\/2022\/09\/ana_marcela_cunha_ouro_25km_mundial_2022.jpg\",\"contentUrl\":\"https:\/\/swimchannel.net\/br\/wp-content\/uploads\/2022\/09\/ana_marcela_cunha_ouro_25km_mundial_2022.jpg\",\"width\":1053,\"height\":630,\"caption\":\"Ana Marcela Cunha \u00e9 pentacampe\u00e3 mundial dos 25K - Foto: Reprodu\u00e7\u00e3o\"},{\"@type\":\"BreadcrumbList\",\"@id\":\"https:\/\/swimchannel.net\/br\/retrospectiva-2022-parte-2-de-4\/#breadcrumb\",\"itemListElement\":[{\"@type\":\"ListItem\",\"position\":1,\"name\":\"Home\",\"item\":\"https:\/\/swimchannel.net\/br\/\"},{\"@type\":\"ListItem\",\"position\":2,\"name\":\"Retrospectiva 2022 &#8211; parte 2 de 4\"}]},{\"@type\":\"WebSite\",\"@id\":\"https:\/\/swimchannel.net\/br\/#website\",\"url\":\"https:\/\/swimchannel.net\/br\/\",\"name\":\"Swimchannel\",\"description\":\"Maior portal de nata\u00e7\u00e3o da america latina\",\"publisher\":{\"@id\":\"https:\/\/swimchannel.net\/br\/#organization\"},\"potentialAction\":[{\"@type\":\"SearchAction\",\"target\":{\"@type\":\"EntryPoint\",\"urlTemplate\":\"https:\/\/swimchannel.net\/br\/?s={search_term_string}\"},\"query-input\":{\"@type\":\"PropertyValueSpecification\",\"valueRequired\":true,\"valueName\":\"search_term_string\"}}],\"inLanguage\":\"pt-BR\"},{\"@type\":\"Organization\",\"@id\":\"https:\/\/swimchannel.net\/br\/#organization\",\"name\":\"Swimchannel - Conectando voc\u00ea a Nata\u00e7\u00e3o\",\"url\":\"https:\/\/swimchannel.net\/br\/\",\"logo\":{\"@type\":\"ImageObject\",\"inLanguage\":\"pt-BR\",\"@id\":\"https:\/\/swimchannel.net\/br\/#\/schema\/logo\/image\/\",\"url\":\"https:\/\/swimchannel.net\/br\/wp-content\/uploads\/2026\/02\/SWIM-CHANNEL.png\",\"contentUrl\":\"https:\/\/swimchannel.net\/br\/wp-content\/uploads\/2026\/02\/SWIM-CHANNEL.png\",\"width\":1120,\"height\":630,\"caption\":\"Swimchannel - Conectando voc\u00ea a Nata\u00e7\u00e3o\"},\"image\":{\"@id\":\"https:\/\/swimchannel.net\/br\/#\/schema\/logo\/image\/\"},\"sameAs\":[\"https:\/\/www.facebook.com\/swimchannel\",\"https:\/\/www.instagram.com\/swimchannel\"]},{\"@type\":\"Person\",\"@id\":\"https:\/\/swimchannel.net\/br\/#\/schema\/person\/aa2a63bab3275f53749a83276b213c48\",\"name\":\"Guilherme Freitas\",\"image\":{\"@type\":\"ImageObject\",\"inLanguage\":\"pt-BR\",\"@id\":\"https:\/\/swimchannel.net\/br\/#\/schema\/person\/image\/\",\"url\":\"https:\/\/swimchannel.net\/br\/wp-content\/uploads\/2025\/10\/gui22-193x180.png\",\"contentUrl\":\"https:\/\/swimchannel.net\/br\/wp-content\/uploads\/2025\/10\/gui22-193x180.png\",\"caption\":\"Guilherme Freitas\"},\"description\":\"Jornalista s\u00eanior da SWIM CHANNEL, ex-correspondente da FINA no Brasil e pesquisador acad\u00eamico.\",\"sameAs\":[\"instagram.com\/guifreitas86\"],\"url\":\"https:\/\/swimchannel.net\/br\/author\/guilherme-freitas\/\"}]}<\/script>\n<!-- \/ Yoast SEO plugin. -->","yoast_head_json":{"title":"Retrospectiva 2022 - parte 2 de 4 - Swimchannel","robots":{"index":"index","follow":"follow","max-snippet":"max-snippet:-1","max-image-preview":"max-image-preview:large","max-video-preview":"max-video-preview:-1"},"canonical":"https:\/\/swimchannel.net\/br\/retrospectiva-2022-parte-2-de-4\/","og_locale":"pt_BR","og_type":"article","og_title":"Retrospectiva 2022 - parte 2 de 4 - Swimchannel","og_description":"Relembre alguns dos principais textos da SWIM CHANNEL ao longo de 2022, nesta parte com os meses de abril, maio e junho","og_url":"https:\/\/swimchannel.net\/br\/retrospectiva-2022-parte-2-de-4\/","og_site_name":"Swimchannel","article_publisher":"https:\/\/www.facebook.com\/swimchannel","article_published_time":"2022-12-27T03:15:16+00:00","og_image":[{"width":1053,"height":630,"url":"https:\/\/swimchannel.net\/br\/wp-content\/uploads\/2022\/09\/ana_marcela_cunha_ouro_25km_mundial_2022.jpg","type":"image\/jpeg"}],"author":"Guilherme Freitas","twitter_card":"summary_large_image","twitter_misc":{"Escrito por":"Guilherme Freitas","Est. tempo de leitura":"3 minutos"},"schema":{"@context":"https:\/\/schema.org","@graph":[{"@type":"Article","@id":"https:\/\/swimchannel.net\/br\/retrospectiva-2022-parte-2-de-4\/#article","isPartOf":{"@id":"https:\/\/swimchannel.net\/br\/retrospectiva-2022-parte-2-de-4\/"},"author":{"name":"Guilherme Freitas","@id":"https:\/\/swimchannel.net\/br\/#\/schema\/person\/aa2a63bab3275f53749a83276b213c48"},"headline":"Retrospectiva 2022 &#8211; parte 2 de 4","datePublished":"2022-12-27T03:15:16+00:00","mainEntityOfPage":{"@id":"https:\/\/swimchannel.net\/br\/retrospectiva-2022-parte-2-de-4\/"},"wordCount":598,"commentCount":0,"publisher":{"@id":"https:\/\/swimchannel.net\/br\/#organization"},"image":{"@id":"https:\/\/swimchannel.net\/br\/retrospectiva-2022-parte-2-de-4\/#primaryimage"},"thumbnailUrl":"https:\/\/swimchannel.net\/br\/wp-content\/uploads\/2022\/09\/ana_marcela_cunha_ouro_25km_mundial_2022.jpg","keywords":["2022","\u00c1guas abertas","natacao","retrospectiva 2022","Swim Channel"],"articleSection":["Nata\u00e7\u00e3o"],"inLanguage":"pt-BR","potentialAction":[{"@type":"CommentAction","name":"Comment","target":["https:\/\/swimchannel.net\/br\/retrospectiva-2022-parte-2-de-4\/#respond"]}]},{"@type":"WebPage","@id":"https:\/\/swimchannel.net\/br\/retrospectiva-2022-parte-2-de-4\/","url":"https:\/\/swimchannel.net\/br\/retrospectiva-2022-parte-2-de-4\/","name":"Retrospectiva 2022 - parte 2 de 4 - Swimchannel","isPartOf":{"@id":"https:\/\/swimchannel.net\/br\/#website"},"primaryImageOfPage":{"@id":"https:\/\/swimchannel.net\/br\/retrospectiva-2022-parte-2-de-4\/#primaryimage"},"image":{"@id":"https:\/\/swimchannel.net\/br\/retrospectiva-2022-parte-2-de-4\/#primaryimage"},"thumbnailUrl":"https:\/\/swimchannel.net\/br\/wp-content\/uploads\/2022\/09\/ana_marcela_cunha_ouro_25km_mundial_2022.jpg","datePublished":"2022-12-27T03:15:16+00:00","breadcrumb":{"@id":"https:\/\/swimchannel.net\/br\/retrospectiva-2022-parte-2-de-4\/#breadcrumb"},"inLanguage":"pt-BR","potentialAction":[{"@type":"ReadAction","target":["https:\/\/swimchannel.net\/br\/retrospectiva-2022-parte-2-de-4\/"]}]},{"@type":"ImageObject","inLanguage":"pt-BR","@id":"https:\/\/swimchannel.net\/br\/retrospectiva-2022-parte-2-de-4\/#primaryimage","url":"https:\/\/swimchannel.net\/br\/wp-content\/uploads\/2022\/09\/ana_marcela_cunha_ouro_25km_mundial_2022.jpg","contentUrl":"https:\/\/swimchannel.net\/br\/wp-content\/uploads\/2022\/09\/ana_marcela_cunha_ouro_25km_mundial_2022.jpg","width":1053,"height":630,"caption":"Ana Marcela Cunha \u00e9 pentacampe\u00e3 mundial dos 25K - Foto: Reprodu\u00e7\u00e3o"},{"@type":"BreadcrumbList","@id":"https:\/\/swimchannel.net\/br\/retrospectiva-2022-parte-2-de-4\/#breadcrumb","itemListElement":[{"@type":"ListItem","position":1,"name":"Home","item":"https:\/\/swimchannel.net\/br\/"},{"@type":"ListItem","position":2,"name":"Retrospectiva 2022 &#8211; parte 2 de 4"}]},{"@type":"WebSite","@id":"https:\/\/swimchannel.net\/br\/#website","url":"https:\/\/swimchannel.net\/br\/","name":"Swimchannel","description":"Maior portal de nata\u00e7\u00e3o da america latina","publisher":{"@id":"https:\/\/swimchannel.net\/br\/#organization"},"potentialAction":[{"@type":"SearchAction","target":{"@type":"EntryPoint","urlTemplate":"https:\/\/swimchannel.net\/br\/?s={search_term_string}"},"query-input":{"@type":"PropertyValueSpecification","valueRequired":true,"valueName":"search_term_string"}}],"inLanguage":"pt-BR"},{"@type":"Organization","@id":"https:\/\/swimchannel.net\/br\/#organization","name":"Swimchannel - Conectando voc\u00ea a Nata\u00e7\u00e3o","url":"https:\/\/swimchannel.net\/br\/","logo":{"@type":"ImageObject","inLanguage":"pt-BR","@id":"https:\/\/swimchannel.net\/br\/#\/schema\/logo\/image\/","url":"https:\/\/swimchannel.net\/br\/wp-content\/uploads\/2026\/02\/SWIM-CHANNEL.png","contentUrl":"https:\/\/swimchannel.net\/br\/wp-content\/uploads\/2026\/02\/SWIM-CHANNEL.png","width":1120,"height":630,"caption":"Swimchannel - Conectando voc\u00ea a Nata\u00e7\u00e3o"},"image":{"@id":"https:\/\/swimchannel.net\/br\/#\/schema\/logo\/image\/"},"sameAs":["https:\/\/www.facebook.com\/swimchannel","https:\/\/www.instagram.com\/swimchannel"]},{"@type":"Person","@id":"https:\/\/swimchannel.net\/br\/#\/schema\/person\/aa2a63bab3275f53749a83276b213c48","name":"Guilherme Freitas","image":{"@type":"ImageObject","inLanguage":"pt-BR","@id":"https:\/\/swimchannel.net\/br\/#\/schema\/person\/image\/","url":"https:\/\/swimchannel.net\/br\/wp-content\/uploads\/2025\/10\/gui22-193x180.png","contentUrl":"https:\/\/swimchannel.net\/br\/wp-content\/uploads\/2025\/10\/gui22-193x180.png","caption":"Guilherme Freitas"},"description":"Jornalista s\u00eanior da SWIM CHANNEL, ex-correspondente da FINA no Brasil e pesquisador acad\u00eamico.","sameAs":["instagram.com\/guifreitas86"],"url":"https:\/\/swimchannel.net\/br\/author\/guilherme-freitas\/"}]}},"_links":{"self":[{"href":"https:\/\/swimchannel.net\/br\/wp-json\/wp\/v2\/posts\/54679","targetHints":{"allow":["GET"]}}],"collection":[{"href":"https:\/\/swimchannel.net\/br\/wp-json\/wp\/v2\/posts"}],"about":[{"href":"https:\/\/swimchannel.net\/br\/wp-json\/wp\/v2\/types\/post"}],"author":[{"embeddable":true,"href":"https:\/\/swimchannel.net\/br\/wp-json\/wp\/v2\/users\/3"}],"replies":[{"embeddable":true,"href":"https:\/\/swimchannel.net\/br\/wp-json\/wp\/v2\/comments?post=54679"}],"version-history":[{"count":2,"href":"https:\/\/swimchannel.net\/br\/wp-json\/wp\/v2\/posts\/54679\/revisions"}],"predecessor-version":[{"id":54684,"href":"https:\/\/swimchannel.net\/br\/wp-json\/wp\/v2\/posts\/54679\/revisions\/54684"}],"wp:featuredmedia":[{"embeddable":true,"href":"https:\/\/swimchannel.net\/br\/wp-json\/wp\/v2\/media\/53580"}],"wp:attachment":[{"href":"https:\/\/swimchannel.net\/br\/wp-json\/wp\/v2\/media?parent=54679"}],"wp:term":[{"taxonomy":"category","embeddable":true,"href":"https:\/\/swimchannel.net\/br\/wp-json\/wp\/v2\/categories?post=54679"},{"taxonomy":"post_tag","embeddable":true,"href":"https:\/\/swimchannel.net\/br\/wp-json\/wp\/v2\/tags?post=54679"}],"curies":[{"name":"wp","href":"https:\/\/api.w.org\/{rel}","templated":true}]}}