{"id":54682,"date":"2022-12-28T00:15:22","date_gmt":"2022-12-28T03:15:22","guid":{"rendered":"https:\/\/swimchannel.net\/br\/?p=54682"},"modified":"2026-03-19T12:42:42","modified_gmt":"2026-03-19T15:42:42","slug":"retrospectiva-2022-parte-3-de-4","status":"publish","type":"post","link":"https:\/\/swimchannel.net\/br\/retrospectiva-2022-parte-3-de-4\/","title":{"rendered":"Retrospectiva 2022 \u2013 parte 3 de 4"},"content":{"rendered":"<p>Chegamos a terceira parte do especial de retrospectiva de alguns dos principais textos do ano publicados na <strong>SWIM CHANNEL<\/strong> em 2022. Os destaques desta vez v\u00e3o para o Campeonato Mundial J\u00fanior que teve medalhas de ouro do brasileiro Stephan Stevenrink e do portugu\u00eas Diogo Ribeiro, o recorde mundial do romeno David Popovici no Campeonato Europeu apagando a marca de Cesar Cielo do livro dos recordes, a parceria comercial entre a <strong>SWIM CHANNEL<\/strong> e a Rythmoon e outras not\u00edcias e curiosidades da nata\u00e7\u00e3o e das \u00e1guas abertas.<\/p>\n<p>Nesta ter\u00e7a parte publicamos materiais decorrentes dos meses de julho, agosto e setembro de 2022. Amanh\u00e3 voltamos com a quarta e \u00faltima parte trazendo os meses de outubro, novembro e dezembro. Boa leitura!<\/p>\n<p>&nbsp;<\/p>\n<figure id=\"attachment_52436\" aria-describedby=\"caption-attachment-52436\" style=\"width: 810px\" class=\"wp-caption alignnone\"><img loading=\"lazy\" decoding=\"async\" class=\"size-full wp-image-52436\" src=\"https:\/\/swimchannel.net\/br\/wp-content\/uploads\/2022\/07\/296936148_458942006241358_6940373893824448887_n.jpg\" alt=\"\" width=\"810\" height=\"540\" srcset=\"https:\/\/swimchannel.net\/br\/wp-content\/uploads\/2022\/07\/296936148_458942006241358_6940373893824448887_n.jpg 810w, https:\/\/swimchannel.net\/br\/wp-content\/uploads\/2022\/07\/296936148_458942006241358_6940373893824448887_n-270x180.jpg 270w, https:\/\/swimchannel.net\/br\/wp-content\/uploads\/2022\/07\/296936148_458942006241358_6940373893824448887_n-768x512.jpg 768w, https:\/\/swimchannel.net\/br\/wp-content\/uploads\/2022\/07\/296936148_458942006241358_6940373893824448887_n-750x500.jpg 750w\" sizes=\"auto, (max-width: 810px) 100vw, 810px\" \/><figcaption id=\"caption-attachment-52436\" class=\"wp-caption-text\">Miguel \u00e9 o primeiro portugu\u00eas sub-22 nos 50m livres &#8211; Foto do dia: FPN\/LFN<\/figcaption><\/figure>\n<p><strong>Julho<\/strong><\/p>\n<p>O VAR implac\u00e1vel com o nado peito em Budapeste: 78% dos desclassificados!: <a href=\"https:\/\/swimchannel.net\/br\/o-var-implacavel-com-o-nado-peito-em-budapeste-78-dos-desclassificados\/\" target=\"_blank\" rel=\"noopener\">https:\/\/swimchannel.net\/br\/o-var-implacavel-com-o-nado-peito-em-budapeste-78-dos-desclassificados\/<\/a>.<\/p>\n<p>As tr\u00eas diferentes estrat\u00e9gias de sucesso de Guilherme Costa na campanha do Mundial de Budapeste: <a href=\"https:\/\/swimchannel.net\/br\/as-tres-diferentes-estrategias-de-sucesso-de-guilherme-costa-na-campanha-do-mundial-de-budapeste\/\" target=\"_blank\" rel=\"noopener\">https:\/\/swimchannel.net\/br\/as-tres-diferentes-estrategias-de-sucesso-de-guilherme-costa-na-campanha-do-mundial-de-budapeste\/<\/a>.<\/p>\n<p>Alan Viana completa a Travessia do Canal da Mancha: <a href=\"https:\/\/swimchannel.net\/br\/alan-viana-completa-a-travessia-do-canal-da-mancha\/\" target=\"_blank\" rel=\"noopener\">https:\/\/swimchannel.net\/br\/alan-viana-completa-a-travessia-do-canal-da-mancha\/<\/a>.<\/p>\n<p>Linha 4Fast Fabiola Molina dispon\u00edvel para as categorias de base: <a href=\"https:\/\/swimchannel.net\/br\/linha-4fast-fabiola-molina-disponivel-para-as-categorias-de-base\/\" target=\"_blank\" rel=\"noopener\">https:\/\/swimchannel.net\/br\/linha-4fast-fabiola-molina-disponivel-para-as-categorias-de-base\/<\/a>.<\/p>\n<p>Lend\u00e1rio nadador australiano Michael Klim revela doen\u00e7a rara e sem cura: <a href=\"https:\/\/swimchannel.net\/br\/lendario-nadador-australiano-michael-klim-revela-doenca-rara-e-sem-cura\/\" target=\"_blank\" rel=\"noopener\">https:\/\/swimchannel.net\/br\/lendario-nadador-australiano-michael-klim-revela-doenca-rara-e-sem-cura\/<\/a>.<\/p>\n<p>Acidente de tr\u00e2nsito mata duas nadadoras master em Bonito: <a href=\"https:\/\/swimchannel.net\/br\/acidente-de-transito-mata-duas-nadadoras-master-em-bonito\/\" target=\"_blank\" rel=\"noopener\">https:\/\/swimchannel.net\/br\/acidente-de-transito-mata-duas-nadadoras-master-em-bonito\/<\/a>.<\/p>\n<p>FINA anuncia \u00edndices e crit\u00e9rios de classifica\u00e7\u00e3o ol\u00edmpica para Paris-2024: <a href=\"https:\/\/swimchannel.net\/br\/fina-anuncia-indices-e-criterios-de-classificacao-olimpica-para-paris-2024\/\" target=\"_blank\" rel=\"noopener\">https:\/\/swimchannel.net\/br\/fina-anuncia-indices-e-criterios-de-classificacao-olimpica-para-paris-2024\/<\/a>.<\/p>\n<p>Nadadora brasileira de 98 anos participa do Pan-Americano Masters: <a href=\"https:\/\/swimchannel.net\/br\/nadadora-brasileira-de-98-anos-participa-do-pan-americano-masters\/\" target=\"_blank\" rel=\"noopener\">https:\/\/swimchannel.net\/br\/nadadora-brasileira-de-98-anos-participa-do-pan-americano-masters\/<\/a>.<\/p>\n<p>Miguel Nascimento hist\u00f3rico: primeiro portugu\u00eas sub-22 segundos aos 50m livres: <a href=\"https:\/\/swimchannel.net\/br\/miguel-nascimento-historico-primeiro-portugues-sub-22-segundos-aos-50m-livres\/\" target=\"_blank\" rel=\"noopener\">https:\/\/swimchannel.net\/br\/miguel-nascimento-historico-primeiro-portugues-sub-22-segundos-aos-50m-livres\/<\/a>.<\/p>\n<p>&nbsp;<\/p>\n<figure id=\"attachment_53233\" aria-describedby=\"caption-attachment-53233\" style=\"width: 1000px\" class=\"wp-caption alignnone\"><img loading=\"lazy\" decoding=\"async\" class=\"size-full wp-image-53233\" src=\"https:\/\/swimchannel.net\/br\/wp-content\/uploads\/2022\/09\/stephan-steverink-natacao-mundial-junior-natacao-ouro-medalha-edit.jpg\" alt=\"\" width=\"1000\" height=\"600\" srcset=\"https:\/\/swimchannel.net\/br\/wp-content\/uploads\/2022\/09\/stephan-steverink-natacao-mundial-junior-natacao-ouro-medalha-edit.jpg 1000w, https:\/\/swimchannel.net\/br\/wp-content\/uploads\/2022\/09\/stephan-steverink-natacao-mundial-junior-natacao-ouro-medalha-edit-300x180.jpg 300w, https:\/\/swimchannel.net\/br\/wp-content\/uploads\/2022\/09\/stephan-steverink-natacao-mundial-junior-natacao-ouro-medalha-edit-768x461.jpg 768w, https:\/\/swimchannel.net\/br\/wp-content\/uploads\/2022\/09\/stephan-steverink-natacao-mundial-junior-natacao-ouro-medalha-edit-750x450.jpg 750w\" sizes=\"auto, (max-width: 1000px) 100vw, 1000px\" \/><figcaption id=\"caption-attachment-53233\" class=\"wp-caption-text\">Stephan Steverink &#8211; Foto: Reprodu\u00e7\u00e3o<\/figcaption><\/figure>\n<p><strong>Agosto<\/strong><\/p>\n<p>Por que Adam Peaty perdeu os 100m peito no Commonwealth Games?: <a href=\"https:\/\/swimchannel.net\/br\/por-que-adam-peaty-perdeu-os-100-peito-no-commonwealth-games\/\" target=\"_blank\" rel=\"noopener\">https:\/\/swimchannel.net\/br\/por-que-adam-peaty-perdeu-os-100-peito-no-commonwealth-games\/<\/a>.<\/p>\n<p>Quais s\u00e3o os melhores parciais de revezamento da hist\u00f3ria?: <a href=\"https:\/\/swimchannel.net\/br\/quais-sao-os-melhores-parciais-de-revezamento-da-historia\/\" target=\"_blank\" rel=\"noopener\">https:\/\/swimchannel.net\/br\/quais-sao-os-melhores-parciais-de-revezamento-da-historia\/<\/a>.<\/p>\n<p>Americano veterano da Segunda Grande Guerra bate o primeiro recorde mundial dos 1500 livre categoria +100 anos: <a href=\"https:\/\/swimchannel.net\/br\/americano-veterano-da-segunda-grande-guerra-bate-o-primeiro-recorde-mundial-dos-1500-livre-categoria-100-anos\/\" target=\"_blank\" rel=\"noopener\">https:\/\/swimchannel.net\/br\/americano-veterano-da-segunda-grande-guerra-bate-o-primeiro-recorde-mundial-dos-1500-livre-categoria-100-anos\/<\/a>.<\/p>\n<p>Era tabu nadar menstruada, agora n\u00e3o \u00e9 mais!: <a href=\"https:\/\/swimchannel.net\/br\/era-tabu-nadar-menstruada-agora-nao-e-mais\/\" target=\"_blank\" rel=\"noopener\">https:\/\/swimchannel.net\/br\/era-tabu-nadar-menstruada-agora-nao-e-mais\/<\/a>.<\/p>\n<p>Diogo Ribeiro \u00e9 bronze em Roma e faz hist\u00f3ria para Portugal: <a href=\"https:\/\/swimchannel.net\/br\/diogo-ribeiro-e-bronze-em-roma-e-faz-historia-para-portugal\/\" target=\"_blank\" rel=\"noopener\">https:\/\/swimchannel.net\/br\/diogo-ribeiro-e-bronze-em-roma-e-faz-historia-para-portugal\/<\/a>.<\/p>\n<p>Caiu o recorde mundial dos 100m livre, Ave Popovici 46s86!: <a href=\"https:\/\/swimchannel.net\/br\/caiu-o-recorde-mundial-dos-100-livre-ave-popovici-46-86\/\" target=\"_blank\" rel=\"noopener\">https:\/\/swimchannel.net\/br\/caiu-o-recorde-mundial-dos-100-livre-ave-popovici-46-86\/<\/a>.<\/p>\n<p>In\u00e9dito: Portugal com duas mulheres na mesma final de um Europeu: <a href=\"https:\/\/swimchannel.net\/br\/inedito-portugal-com-duas-mulheres-na-mesma-final-de-um-europeu\/\" target=\"_blank\" rel=\"noopener\">https:\/\/swimchannel.net\/br\/inedito-portugal-com-duas-mulheres-na-mesma-final-de-um-europeu\/<\/a>.<\/p>\n<p>David Popovici segue fazendo hist\u00f3ria: 1min42s97 nos 200m livre!: <a href=\"https:\/\/swimchannel.net\/br\/david-popovici-segue-fazendo-historia-142-96-terceiro-melhor-nadador-de-todos-os-tempos\/\" target=\"_blank\" rel=\"noopener\">https:\/\/swimchannel.net\/br\/david-popovici-segue-fazendo-historia-142-96-terceiro-melhor-nadador-de-todos-os-tempos\/<\/a>.<\/p>\n<p>Gabriel Lopes conquista a segunda medalha para Portugal no Europeu: <a href=\"https:\/\/swimchannel.net\/br\/gabriel-lopes-conquista-a-segunda-medalha-para-portugal-no-europeu\/\" target=\"_blank\" rel=\"noopener\">https:\/\/swimchannel.net\/br\/gabriel-lopes-conquista-a-segunda-medalha-para-portugal-no-europeu\/<\/a>.<\/p>\n<p>Portugal ganha bronze nos 10K do Europeu com Ang\u00e9lica Andr\u00e9: <a href=\"https:\/\/swimchannel.net\/br\/portugal-ganha-bronze-nos-10k-do-europeu-com-angelica-andre\/\" target=\"_blank\" rel=\"noopener\">https:\/\/swimchannel.net\/br\/portugal-ganha-bronze-nos-10k-do-europeu-com-angelica-andre\/<\/a>.<\/p>\n<p><strong>SWIM CHANNEL<\/strong> &amp; Rythmoon revolucionam o segmento do varejo esportivo: <a href=\"https:\/\/swimchannel.net\/br\/swim-channel-rythmoon-revolucionam-o-segmento-do-varejo-esportivo\/\" target=\"_blank\" rel=\"noopener\">https:\/\/swimchannel.net\/br\/swim-channel-rythmoon-revolucionam-o-segmento-do-varejo-esportivo\/<\/a>.<\/p>\n<p>Samir Barel completa o Desafio dos 100km em quatro dias: <a href=\"https:\/\/swimchannel.net\/br\/samir-barel-completa-o-desafio-dos-100km-em-quatro-dias\/\" target=\"_blank\" rel=\"noopener\">https:\/\/swimchannel.net\/br\/samir-barel-completa-o-desafio-dos-100km-em-quatro-dias\/<\/a>.<\/p>\n<p>Stephan Steverink \u00e9 campe\u00e3o mundial j\u00fanior dos 400m livre!: <a href=\"https:\/\/swimchannel.net\/br\/stephan-steverink-e-campeao-mundial-junior-dos-400m-livre\/\" target=\"_blank\" rel=\"noopener\">https:\/\/swimchannel.net\/br\/stephan-steverink-e-campeao-mundial-junior-dos-400m-livre\/<\/a>.<\/p>\n<p>&nbsp;<\/p>\n<figure id=\"attachment_53156\" aria-describedby=\"caption-attachment-53156\" style=\"width: 835px\" class=\"wp-caption alignnone\"><img loading=\"lazy\" decoding=\"async\" class=\"size-full wp-image-53156\" src=\"https:\/\/swimchannel.net\/br\/wp-content\/uploads\/2022\/09\/284962958_2934501106695346_725383218051378242_n.jpg\" alt=\"\" width=\"835\" height=\"429\" srcset=\"https:\/\/swimchannel.net\/br\/wp-content\/uploads\/2022\/09\/284962958_2934501106695346_725383218051378242_n.jpg 835w, https:\/\/swimchannel.net\/br\/wp-content\/uploads\/2022\/09\/284962958_2934501106695346_725383218051378242_n-320x164.jpg 320w, https:\/\/swimchannel.net\/br\/wp-content\/uploads\/2022\/09\/284962958_2934501106695346_725383218051378242_n-768x395.jpg 768w, https:\/\/swimchannel.net\/br\/wp-content\/uploads\/2022\/09\/284962958_2934501106695346_725383218051378242_n-750x385.jpg 750w\" sizes=\"auto, (max-width: 835px) 100vw, 835px\" \/><figcaption id=\"caption-attachment-53156\" class=\"wp-caption-text\">Diogo Ribeiro &#8211; Foto: Reprodu\u00e7\u00e3o<\/figcaption><\/figure>\n<p><strong>Setembro<\/strong><\/p>\n<p>Diogo Ribeiro campe\u00e3o do mundo j\u00fanior conquista medalha hist\u00f3rica para Portugal: <a href=\"https:\/\/swimchannel.net\/br\/diogo-ribeiro-campeao-do-mundo-junior-conquista-medalha-historica-para-portugal\/\" target=\"_blank\" rel=\"noopener\">https:\/\/swimchannel.net\/br\/diogo-ribeiro-campeao-do-mundo-junior-conquista-medalha-historica-para-portugal\/<\/a>.<\/p>\n<p>Fabuloso Diogo Ribeiro conquista segundo ouro mundial em Lima: <a href=\"https:\/\/swimchannel.net\/br\/fabuloso-diogo-ribeiro-conquista-segundo-ouro-mundial-em-lima\/\" target=\"_blank\" rel=\"noopener\">https:\/\/swimchannel.net\/br\/fabuloso-diogo-ribeiro-conquista-segundo-ouro-mundial-em-lima\/<\/a>.<\/p>\n<p>\u2018Menino de ouro de Portugal\u2019 \u00e9 o novo recordista mundial j\u00fanior dos 50m mariposa com 22.96: <a href=\"https:\/\/swimchannel.net\/br\/menino-de-ouro-de-portugal-e-o-novo-recordista-mundial-junior-dos-50m-mariposa-com-22-96\/\" target=\"_blank\" rel=\"noopener\">https:\/\/swimchannel.net\/br\/menino-de-ouro-de-portugal-e-o-novo-recordista-mundial-junior-dos-50m-mariposa-com-22-96\/<\/a>.<\/p>\n<p>Stephan Steverink prata nos 400m medley e bronze de revezamento 4x100m livre feminino!: <a href=\"https:\/\/swimchannel.net\/br\/stephan-steverink-prata-nos-400-medley-e-bronze-de-revezamento-feminino-campanha-recorde-do-brasil-no-mundial-junior\/\" target=\"_blank\" rel=\"noopener\">https:\/\/swimchannel.net\/br\/stephan-steverink-prata-nos-400-medley-e-bronze-de-revezamento-feminino-campanha-recorde-do-brasil-no-mundial-junior\/<\/a>.<\/p>\n<p>Beatriz Bezerra \u00e9 prata nos 100m borboleta no Mundial J\u00fanior!: <a href=\"https:\/\/swimchannel.net\/br\/beatriz-bezerra-e-prata-nos-100-borboleta-fechando-campanha-recorde-do-brasil-no-mundial-junior\/\" target=\"_blank\" rel=\"noopener\">https:\/\/swimchannel.net\/br\/beatriz-bezerra-e-prata-nos-100-borboleta-fechando-campanha-recorde-do-brasil-no-mundial-junior\/<\/a>.<\/p>\n<p>Maria Paula Heitmann bate recorde sul-americano no Finkel: <a href=\"https:\/\/swimchannel.net\/br\/maria-paula-heitmann-bate-recorde-sul-americano-no-finkel\/\" target=\"_blank\" rel=\"noopener\">https:\/\/swimchannel.net\/br\/maria-paula-heitmann-bate-recorde-sul-americano-no-finkel\/<\/a>.<\/p>\n<p>Guilherme Costa supera marca sul-americana no \u00faltimo dia do Finkel: <a href=\"https:\/\/swimchannel.net\/br\/guilherme-costa-supera-marca-sul-americana-no-ultimo-dia-do-finkel\/\" target=\"_blank\" rel=\"noopener\">https:\/\/swimchannel.net\/br\/guilherme-costa-supera-marca-sul-americana-no-ultimo-dia-do-finkel\/<\/a>.<\/p>\n<p>Fernando Scheffer pede desconvoca\u00e7\u00e3o do Mundial de Curta, Brasil vai com 12 para Melbourne: <a href=\"https:\/\/swimchannel.net\/br\/fernando-scheffer-pede-desconvocacao-do-mundial-de-curta-brasil-vai-com-12-para-melbourne\/\" target=\"_blank\" rel=\"noopener\">https:\/\/swimchannel.net\/br\/fernando-scheffer-pede-desconvocacao-do-mundial-de-curta-brasil-vai-com-12-para-melbourne\/<\/a>.<\/p>\n<p>Ultramaratona aqu\u00e1tica: o mercado que a FINA ainda n\u00e3o sabe explorar: <a href=\"https:\/\/swimchannel.net\/br\/ultramaratona-aquatica-o-mercado-que-a-fina-ainda-nao-sabe-explorar\/\" target=\"_blank\" rel=\"noopener\">https:\/\/swimchannel.net\/br\/ultramaratona-aquatica-o-mercado-que-a-fina-ainda-nao-sabe-explorar\/<\/a>.<\/p>\n","protected":false},"excerpt":{"rendered":"<p>Relembre alguns dos principais textos da SWIM CHANNEL ao longo de 2022, nesta parte com os meses de julho, agosto e setembro<\/p>\n","protected":false},"author":3,"featured_media":0,"comment_status":"open","ping_status":"open","sticky":false,"template":"","format":"gallery","meta":{"footnotes":""},"categories":[137],"tags":[5091,14,5,5119,37],"class_list":["post-54682","post","type-post","status-publish","format-gallery","hentry","category-natacao","tag-5091","tag-aguas-abertas","tag-natacao","tag-retrospectiva-2022","tag-swim-channel","post_format-post-format-gallery"],"yoast_head":"<!-- This site is optimized with the Yoast SEO plugin v27.0 - https:\/\/yoast.com\/product\/yoast-seo-wordpress\/ -->\n<title>Retrospectiva 2022 \u2013 parte 3 de 4 - Swimchannel<\/title>\n<meta name=\"robots\" content=\"index, follow, max-snippet:-1, max-image-preview:large, max-video-preview:-1\" \/>\n<link rel=\"canonical\" href=\"https:\/\/swimchannel.net\/br\/retrospectiva-2022-parte-3-de-4\/\" \/>\n<meta property=\"og:locale\" content=\"pt_BR\" \/>\n<meta property=\"og:type\" content=\"article\" \/>\n<meta property=\"og:title\" content=\"Retrospectiva 2022 \u2013 parte 3 de 4 - Swimchannel\" \/>\n<meta property=\"og:description\" content=\"Relembre alguns dos principais textos da SWIM CHANNEL ao longo de 2022, nesta parte com os meses de julho, agosto e setembro\" \/>\n<meta property=\"og:url\" content=\"https:\/\/swimchannel.net\/br\/retrospectiva-2022-parte-3-de-4\/\" \/>\n<meta property=\"og:site_name\" content=\"Swimchannel\" \/>\n<meta property=\"article:publisher\" content=\"https:\/\/www.facebook.com\/swimchannel\" \/>\n<meta property=\"article:published_time\" content=\"2022-12-28T03:15:22+00:00\" \/>\n<meta property=\"article:modified_time\" content=\"2026-03-19T15:42:42+00:00\" \/>\n<meta property=\"og:image\" content=\"https:\/\/swimchannel.net\/br\/wp-content\/uploads\/2022\/07\/296936148_458942006241358_6940373893824448887_n.jpg\" \/>\n\t<meta property=\"og:image:width\" content=\"810\" \/>\n\t<meta property=\"og:image:height\" content=\"540\" \/>\n\t<meta property=\"og:image:type\" content=\"image\/jpeg\" \/>\n<meta name=\"author\" content=\"Guilherme Freitas\" \/>\n<meta name=\"twitter:card\" content=\"summary_large_image\" \/>\n<meta name=\"twitter:label1\" content=\"Escrito por\" \/>\n\t<meta name=\"twitter:data1\" content=\"Guilherme Freitas\" \/>\n\t<meta name=\"twitter:label2\" content=\"Est. tempo de leitura\" \/>\n\t<meta name=\"twitter:data2\" content=\"4 minutos\" \/>\n<script type=\"application\/ld+json\" class=\"yoast-schema-graph\">{\"@context\":\"https:\/\/schema.org\",\"@graph\":[{\"@type\":\"Article\",\"@id\":\"https:\/\/swimchannel.net\/br\/retrospectiva-2022-parte-3-de-4\/#article\",\"isPartOf\":{\"@id\":\"https:\/\/swimchannel.net\/br\/retrospectiva-2022-parte-3-de-4\/\"},\"author\":{\"name\":\"Guilherme Freitas\",\"@id\":\"https:\/\/swimchannel.net\/br\/#\/schema\/person\/aa2a63bab3275f53749a83276b213c48\"},\"headline\":\"Retrospectiva 2022 \u2013 parte 3 de 4\",\"datePublished\":\"2022-12-28T03:15:22+00:00\",\"dateModified\":\"2026-03-19T15:42:42+00:00\",\"mainEntityOfPage\":{\"@id\":\"https:\/\/swimchannel.net\/br\/retrospectiva-2022-parte-3-de-4\/\"},\"wordCount\":707,\"commentCount\":2,\"publisher\":{\"@id\":\"https:\/\/swimchannel.net\/br\/#organization\"},\"image\":{\"@id\":\"https:\/\/swimchannel.net\/br\/retrospectiva-2022-parte-3-de-4\/#primaryimage\"},\"thumbnailUrl\":\"https:\/\/swimchannel.net\/br\/wp-content\/uploads\/2022\/07\/296936148_458942006241358_6940373893824448887_n.jpg\",\"keywords\":[\"2022\",\"\u00c1guas abertas\",\"natacao\",\"retrospectiva 2022\",\"Swim Channel\"],\"articleSection\":[\"Nata\u00e7\u00e3o\"],\"inLanguage\":\"pt-BR\",\"potentialAction\":[{\"@type\":\"CommentAction\",\"name\":\"Comment\",\"target\":[\"https:\/\/swimchannel.net\/br\/retrospectiva-2022-parte-3-de-4\/#respond\"]}]},{\"@type\":\"WebPage\",\"@id\":\"https:\/\/swimchannel.net\/br\/retrospectiva-2022-parte-3-de-4\/\",\"url\":\"https:\/\/swimchannel.net\/br\/retrospectiva-2022-parte-3-de-4\/\",\"name\":\"Retrospectiva 2022 \u2013 parte 3 de 4 - Swimchannel\",\"isPartOf\":{\"@id\":\"https:\/\/swimchannel.net\/br\/#website\"},\"primaryImageOfPage\":{\"@id\":\"https:\/\/swimchannel.net\/br\/retrospectiva-2022-parte-3-de-4\/#primaryimage\"},\"image\":{\"@id\":\"https:\/\/swimchannel.net\/br\/retrospectiva-2022-parte-3-de-4\/#primaryimage\"},\"thumbnailUrl\":\"https:\/\/swimchannel.net\/br\/wp-content\/uploads\/2022\/07\/296936148_458942006241358_6940373893824448887_n.jpg\",\"datePublished\":\"2022-12-28T03:15:22+00:00\",\"dateModified\":\"2026-03-19T15:42:42+00:00\",\"breadcrumb\":{\"@id\":\"https:\/\/swimchannel.net\/br\/retrospectiva-2022-parte-3-de-4\/#breadcrumb\"},\"inLanguage\":\"pt-BR\",\"potentialAction\":[{\"@type\":\"ReadAction\",\"target\":[\"https:\/\/swimchannel.net\/br\/retrospectiva-2022-parte-3-de-4\/\"]}]},{\"@type\":\"ImageObject\",\"inLanguage\":\"pt-BR\",\"@id\":\"https:\/\/swimchannel.net\/br\/retrospectiva-2022-parte-3-de-4\/#primaryimage\",\"url\":\"https:\/\/swimchannel.net\/br\/wp-content\/uploads\/2022\/07\/296936148_458942006241358_6940373893824448887_n.jpg\",\"contentUrl\":\"https:\/\/swimchannel.net\/br\/wp-content\/uploads\/2022\/07\/296936148_458942006241358_6940373893824448887_n.jpg\",\"width\":810,\"height\":540,\"caption\":\"Miguel \u00e9 o primeiro portugu\u00eas sub-22 nos 50m livres (Foto do dia: FPN\/LFN)\"},{\"@type\":\"BreadcrumbList\",\"@id\":\"https:\/\/swimchannel.net\/br\/retrospectiva-2022-parte-3-de-4\/#breadcrumb\",\"itemListElement\":[{\"@type\":\"ListItem\",\"position\":1,\"name\":\"Home\",\"item\":\"https:\/\/swimchannel.net\/br\/\"},{\"@type\":\"ListItem\",\"position\":2,\"name\":\"Retrospectiva 2022 \u2013 parte 3 de 4\"}]},{\"@type\":\"WebSite\",\"@id\":\"https:\/\/swimchannel.net\/br\/#website\",\"url\":\"https:\/\/swimchannel.net\/br\/\",\"name\":\"Swimchannel\",\"description\":\"Maior portal de nata\u00e7\u00e3o da america latina\",\"publisher\":{\"@id\":\"https:\/\/swimchannel.net\/br\/#organization\"},\"potentialAction\":[{\"@type\":\"SearchAction\",\"target\":{\"@type\":\"EntryPoint\",\"urlTemplate\":\"https:\/\/swimchannel.net\/br\/?s={search_term_string}\"},\"query-input\":{\"@type\":\"PropertyValueSpecification\",\"valueRequired\":true,\"valueName\":\"search_term_string\"}}],\"inLanguage\":\"pt-BR\"},{\"@type\":\"Organization\",\"@id\":\"https:\/\/swimchannel.net\/br\/#organization\",\"name\":\"Swimchannel - Conectando voc\u00ea a Nata\u00e7\u00e3o\",\"url\":\"https:\/\/swimchannel.net\/br\/\",\"logo\":{\"@type\":\"ImageObject\",\"inLanguage\":\"pt-BR\",\"@id\":\"https:\/\/swimchannel.net\/br\/#\/schema\/logo\/image\/\",\"url\":\"https:\/\/swimchannel.net\/br\/wp-content\/uploads\/2026\/02\/SWIM-CHANNEL.png\",\"contentUrl\":\"https:\/\/swimchannel.net\/br\/wp-content\/uploads\/2026\/02\/SWIM-CHANNEL.png\",\"width\":1120,\"height\":630,\"caption\":\"Swimchannel - Conectando voc\u00ea a Nata\u00e7\u00e3o\"},\"image\":{\"@id\":\"https:\/\/swimchannel.net\/br\/#\/schema\/logo\/image\/\"},\"sameAs\":[\"https:\/\/www.facebook.com\/swimchannel\",\"https:\/\/www.instagram.com\/swimchannel\"]},{\"@type\":\"Person\",\"@id\":\"https:\/\/swimchannel.net\/br\/#\/schema\/person\/aa2a63bab3275f53749a83276b213c48\",\"name\":\"Guilherme Freitas\",\"image\":{\"@type\":\"ImageObject\",\"inLanguage\":\"pt-BR\",\"@id\":\"https:\/\/swimchannel.net\/br\/#\/schema\/person\/image\/\",\"url\":\"https:\/\/swimchannel.net\/br\/wp-content\/uploads\/2025\/10\/gui22-193x180.png\",\"contentUrl\":\"https:\/\/swimchannel.net\/br\/wp-content\/uploads\/2025\/10\/gui22-193x180.png\",\"caption\":\"Guilherme Freitas\"},\"description\":\"Jornalista s\u00eanior da SWIM CHANNEL, ex-correspondente da FINA no Brasil e pesquisador acad\u00eamico.\",\"sameAs\":[\"instagram.com\/guifreitas86\"],\"url\":\"https:\/\/swimchannel.net\/br\/author\/guilherme-freitas\/\"}]}<\/script>\n<!-- \/ Yoast SEO plugin. -->","yoast_head_json":{"title":"Retrospectiva 2022 \u2013 parte 3 de 4 - Swimchannel","robots":{"index":"index","follow":"follow","max-snippet":"max-snippet:-1","max-image-preview":"max-image-preview:large","max-video-preview":"max-video-preview:-1"},"canonical":"https:\/\/swimchannel.net\/br\/retrospectiva-2022-parte-3-de-4\/","og_locale":"pt_BR","og_type":"article","og_title":"Retrospectiva 2022 \u2013 parte 3 de 4 - Swimchannel","og_description":"Relembre alguns dos principais textos da SWIM CHANNEL ao longo de 2022, nesta parte com os meses de julho, agosto e setembro","og_url":"https:\/\/swimchannel.net\/br\/retrospectiva-2022-parte-3-de-4\/","og_site_name":"Swimchannel","article_publisher":"https:\/\/www.facebook.com\/swimchannel","article_published_time":"2022-12-28T03:15:22+00:00","article_modified_time":"2026-03-19T15:42:42+00:00","og_image":[{"width":810,"height":540,"url":"https:\/\/swimchannel.net\/br\/wp-content\/uploads\/2022\/07\/296936148_458942006241358_6940373893824448887_n.jpg","type":"image\/jpeg"}],"author":"Guilherme Freitas","twitter_card":"summary_large_image","twitter_misc":{"Escrito por":"Guilherme Freitas","Est. tempo de leitura":"4 minutos"},"schema":{"@context":"https:\/\/schema.org","@graph":[{"@type":"Article","@id":"https:\/\/swimchannel.net\/br\/retrospectiva-2022-parte-3-de-4\/#article","isPartOf":{"@id":"https:\/\/swimchannel.net\/br\/retrospectiva-2022-parte-3-de-4\/"},"author":{"name":"Guilherme Freitas","@id":"https:\/\/swimchannel.net\/br\/#\/schema\/person\/aa2a63bab3275f53749a83276b213c48"},"headline":"Retrospectiva 2022 \u2013 parte 3 de 4","datePublished":"2022-12-28T03:15:22+00:00","dateModified":"2026-03-19T15:42:42+00:00","mainEntityOfPage":{"@id":"https:\/\/swimchannel.net\/br\/retrospectiva-2022-parte-3-de-4\/"},"wordCount":707,"commentCount":2,"publisher":{"@id":"https:\/\/swimchannel.net\/br\/#organization"},"image":{"@id":"https:\/\/swimchannel.net\/br\/retrospectiva-2022-parte-3-de-4\/#primaryimage"},"thumbnailUrl":"https:\/\/swimchannel.net\/br\/wp-content\/uploads\/2022\/07\/296936148_458942006241358_6940373893824448887_n.jpg","keywords":["2022","\u00c1guas abertas","natacao","retrospectiva 2022","Swim Channel"],"articleSection":["Nata\u00e7\u00e3o"],"inLanguage":"pt-BR","potentialAction":[{"@type":"CommentAction","name":"Comment","target":["https:\/\/swimchannel.net\/br\/retrospectiva-2022-parte-3-de-4\/#respond"]}]},{"@type":"WebPage","@id":"https:\/\/swimchannel.net\/br\/retrospectiva-2022-parte-3-de-4\/","url":"https:\/\/swimchannel.net\/br\/retrospectiva-2022-parte-3-de-4\/","name":"Retrospectiva 2022 \u2013 parte 3 de 4 - Swimchannel","isPartOf":{"@id":"https:\/\/swimchannel.net\/br\/#website"},"primaryImageOfPage":{"@id":"https:\/\/swimchannel.net\/br\/retrospectiva-2022-parte-3-de-4\/#primaryimage"},"image":{"@id":"https:\/\/swimchannel.net\/br\/retrospectiva-2022-parte-3-de-4\/#primaryimage"},"thumbnailUrl":"https:\/\/swimchannel.net\/br\/wp-content\/uploads\/2022\/07\/296936148_458942006241358_6940373893824448887_n.jpg","datePublished":"2022-12-28T03:15:22+00:00","dateModified":"2026-03-19T15:42:42+00:00","breadcrumb":{"@id":"https:\/\/swimchannel.net\/br\/retrospectiva-2022-parte-3-de-4\/#breadcrumb"},"inLanguage":"pt-BR","potentialAction":[{"@type":"ReadAction","target":["https:\/\/swimchannel.net\/br\/retrospectiva-2022-parte-3-de-4\/"]}]},{"@type":"ImageObject","inLanguage":"pt-BR","@id":"https:\/\/swimchannel.net\/br\/retrospectiva-2022-parte-3-de-4\/#primaryimage","url":"https:\/\/swimchannel.net\/br\/wp-content\/uploads\/2022\/07\/296936148_458942006241358_6940373893824448887_n.jpg","contentUrl":"https:\/\/swimchannel.net\/br\/wp-content\/uploads\/2022\/07\/296936148_458942006241358_6940373893824448887_n.jpg","width":810,"height":540,"caption":"Miguel \u00e9 o primeiro portugu\u00eas sub-22 nos 50m livres (Foto do dia: FPN\/LFN)"},{"@type":"BreadcrumbList","@id":"https:\/\/swimchannel.net\/br\/retrospectiva-2022-parte-3-de-4\/#breadcrumb","itemListElement":[{"@type":"ListItem","position":1,"name":"Home","item":"https:\/\/swimchannel.net\/br\/"},{"@type":"ListItem","position":2,"name":"Retrospectiva 2022 \u2013 parte 3 de 4"}]},{"@type":"WebSite","@id":"https:\/\/swimchannel.net\/br\/#website","url":"https:\/\/swimchannel.net\/br\/","name":"Swimchannel","description":"Maior portal de nata\u00e7\u00e3o da america latina","publisher":{"@id":"https:\/\/swimchannel.net\/br\/#organization"},"potentialAction":[{"@type":"SearchAction","target":{"@type":"EntryPoint","urlTemplate":"https:\/\/swimchannel.net\/br\/?s={search_term_string}"},"query-input":{"@type":"PropertyValueSpecification","valueRequired":true,"valueName":"search_term_string"}}],"inLanguage":"pt-BR"},{"@type":"Organization","@id":"https:\/\/swimchannel.net\/br\/#organization","name":"Swimchannel - Conectando voc\u00ea a Nata\u00e7\u00e3o","url":"https:\/\/swimchannel.net\/br\/","logo":{"@type":"ImageObject","inLanguage":"pt-BR","@id":"https:\/\/swimchannel.net\/br\/#\/schema\/logo\/image\/","url":"https:\/\/swimchannel.net\/br\/wp-content\/uploads\/2026\/02\/SWIM-CHANNEL.png","contentUrl":"https:\/\/swimchannel.net\/br\/wp-content\/uploads\/2026\/02\/SWIM-CHANNEL.png","width":1120,"height":630,"caption":"Swimchannel - Conectando voc\u00ea a Nata\u00e7\u00e3o"},"image":{"@id":"https:\/\/swimchannel.net\/br\/#\/schema\/logo\/image\/"},"sameAs":["https:\/\/www.facebook.com\/swimchannel","https:\/\/www.instagram.com\/swimchannel"]},{"@type":"Person","@id":"https:\/\/swimchannel.net\/br\/#\/schema\/person\/aa2a63bab3275f53749a83276b213c48","name":"Guilherme Freitas","image":{"@type":"ImageObject","inLanguage":"pt-BR","@id":"https:\/\/swimchannel.net\/br\/#\/schema\/person\/image\/","url":"https:\/\/swimchannel.net\/br\/wp-content\/uploads\/2025\/10\/gui22-193x180.png","contentUrl":"https:\/\/swimchannel.net\/br\/wp-content\/uploads\/2025\/10\/gui22-193x180.png","caption":"Guilherme Freitas"},"description":"Jornalista s\u00eanior da SWIM CHANNEL, ex-correspondente da FINA no Brasil e pesquisador acad\u00eamico.","sameAs":["instagram.com\/guifreitas86"],"url":"https:\/\/swimchannel.net\/br\/author\/guilherme-freitas\/"}]}},"_links":{"self":[{"href":"https:\/\/swimchannel.net\/br\/wp-json\/wp\/v2\/posts\/54682","targetHints":{"allow":["GET"]}}],"collection":[{"href":"https:\/\/swimchannel.net\/br\/wp-json\/wp\/v2\/posts"}],"about":[{"href":"https:\/\/swimchannel.net\/br\/wp-json\/wp\/v2\/types\/post"}],"author":[{"embeddable":true,"href":"https:\/\/swimchannel.net\/br\/wp-json\/wp\/v2\/users\/3"}],"replies":[{"embeddable":true,"href":"https:\/\/swimchannel.net\/br\/wp-json\/wp\/v2\/comments?post=54682"}],"version-history":[{"count":3,"href":"https:\/\/swimchannel.net\/br\/wp-json\/wp\/v2\/posts\/54682\/revisions"}],"predecessor-version":[{"id":80679,"href":"https:\/\/swimchannel.net\/br\/wp-json\/wp\/v2\/posts\/54682\/revisions\/80679"}],"wp:attachment":[{"href":"https:\/\/swimchannel.net\/br\/wp-json\/wp\/v2\/media?parent=54682"}],"wp:term":[{"taxonomy":"category","embeddable":true,"href":"https:\/\/swimchannel.net\/br\/wp-json\/wp\/v2\/categories?post=54682"},{"taxonomy":"post_tag","embeddable":true,"href":"https:\/\/swimchannel.net\/br\/wp-json\/wp\/v2\/tags?post=54682"}],"curies":[{"name":"wp","href":"https:\/\/api.w.org\/{rel}","templated":true}]}}