{"id":54707,"date":"2022-12-30T17:33:53","date_gmt":"2022-12-30T20:33:53","guid":{"rendered":"https:\/\/swimchannel.net\/br\/?p=54707"},"modified":"2023-01-12T17:05:29","modified_gmt":"2023-01-12T20:05:29","slug":"diogo-ribeiro-e-miguel-nascimento-em-estagio-no-rio-de-janeiro","status":"publish","type":"post","link":"https:\/\/swimchannel.net\/br\/diogo-ribeiro-e-miguel-nascimento-em-estagio-no-rio-de-janeiro\/","title":{"rendered":"Diogo Ribeiro e Miguel Nascimento em est\u00e1gio no Rio de Janeiro"},"content":{"rendered":"<p>2022 foi o melhor ano de sempre da nata\u00e7\u00e3o portuguesa (ver <a href=\"https:\/\/swimchannel.net\/br\/retrospectiva-2022-parte-3-de-4\/\">Retrospectiva 2022 \u2013 parte 3 de 4 \u2013 Swimchannel<\/a>), permitindo uma aposta maior da Federa\u00e7\u00e3o Portuguesas de Nata\u00e7\u00e3o nos atletas de elite: dois dos melhores nacionais do ano realizam entre dia dois e 14 de janeiro um est\u00e1gio no prestigiado Centro Ol\u00edmpico Brasileiro, que o \u2018cicerone\u2019 Alberto Pinto Silva conhece bem, como disse a Swim Channel:<\/p>\n<p>\u201cO centro [COB] \u00e9 um local onde estive com os meus atletas antes dos Jogos Ol\u00edmpicos de T\u00f3quio [2021], e irei fazer um programa semelhante; do hotel vamos para o centro de treinos, que fica na Barra da Tijuca, tudo muito perto, e uma zona mais segura do Rio\u201d, explicou o treinador de elite da FPN, natural de S\u00e3o Paulo e um dos t\u00e9cnicos de maior sucesso na nata\u00e7\u00e3o brasileira.<\/p>\n<p>Como tal, o contacto com a Confedera\u00e7\u00e3o Brasileira de Desportos Aqu\u00e1ticos (CBDA) e o seu vice-presidente, Renato Cordani, foi f\u00e1cil: \u201ca FPN aprovou o plano, e ap\u00f3s alguns contactos e emails, em tr\u00eas dias estava tudo tratado. Isso \u00e9 poss\u00edvel pelo acordo e \u00f3timo relacionamento entre o Comit\u00e9 Ol\u00edmpico do Brasil e o de Portugal [COP], e entre a FPN e a CBDA; o Brasil tamb\u00e9m vem muito a Portugal para treinar, a Rio Maior, com a nata\u00e7\u00e3o e n\u00e3o s\u00f3\u201d, referiu o treinador do Centro de Alto Rendimento do Jamor.<\/p>\n<figure id=\"attachment_54710\" aria-describedby=\"caption-attachment-54710\" style=\"width: 984px\" class=\"wp-caption aligncenter\"><img loading=\"lazy\" decoding=\"async\" class=\"size-medium wp-image-54710\" src=\"https:\/\/swimchannel.net\/br\/wp-content\/uploads\/2022\/12\/image-984x675.jpg\" alt=\"\" width=\"984\" height=\"675\" srcset=\"https:\/\/swimchannel.net\/br\/wp-content\/uploads\/2022\/12\/image-984x675.jpg 984w, https:\/\/swimchannel.net\/br\/wp-content\/uploads\/2022\/12\/image-1167x800.jpg 1167w, https:\/\/swimchannel.net\/br\/wp-content\/uploads\/2022\/12\/image-263x180.jpg 263w, https:\/\/swimchannel.net\/br\/wp-content\/uploads\/2022\/12\/image-768x527.jpg 768w, https:\/\/swimchannel.net\/br\/wp-content\/uploads\/2022\/12\/image-750x514.jpg 750w, https:\/\/swimchannel.net\/br\/wp-content\/uploads\/2022\/12\/image-1140x782.jpg 1140w, https:\/\/swimchannel.net\/br\/wp-content\/uploads\/2022\/12\/image.jpg 1400w\" sizes=\"auto, (max-width: 984px) 100vw, 984px\" \/><figcaption id=\"caption-attachment-54710\" class=\"wp-caption-text\">O mestre e o disc\u00edpulo no Jamor (Foto: reprodu\u00e7\u00e3o)<\/figcaption><\/figure>\n<p><strong>Objetivo: final ol\u00edmpica<\/strong><\/p>\n<p>O Plano de Alto Rendimento (PAR) divulgado recentemente pela FPN \u00e9 ambicioso nas atividades, por forma a alcan\u00e7ar os objetivos para 2024, de que se destacam:<\/p>\n<ol>\n<li>Presen\u00e7a numa final Ol\u00edmpica [oito primeiros].<\/li>\n<li>10 m\u00ednimos A para os Jogos Ol\u00edmpicos (JO) 2024.<\/li>\n<li>6 classifica\u00e7\u00f5es entre os 16 primeiros nos Jogos Ol\u00edmpicos de 2024.<\/li>\n<li>Participa\u00e7\u00e3o de uma equipa de estafetas nos Jogos Ol\u00edmpicos de 2024.<\/li>\n<li>Alcan\u00e7ar nas competi\u00e7\u00f5es de refer\u00eancia em cada \u00e9poca desportiva mais de 50% de recordes pessoais ou melhores marcas do ano.<\/li>\n<\/ol>\n<p>Assim, o PAR prev\u00ea para a sele\u00e7\u00e3o nacional s\u00e9nior as seguintes atividades at\u00e9 aos Nacionais do Funchal:<\/p>\n<p>&#8211; 2 a 14 de janeiro &#8211; Est\u00e1gio de Prepara\u00e7\u00e3o, Rio de Janeiro (BRA)<\/p>\n<p>&#8211; 13 de janeiro a 3 de fevereiro &#8211; Est\u00e1gio de Altitude, Font Romeu (FRA)<\/p>\n<p>&#8211; 13 a 22 de fevereiro &#8211; Est\u00e1gio de Prepara\u00e7\u00e3o, Vila Real de St\u00ba Ant\u00f3nio (POR)<\/p>\n<p>&#8211; 19 de fevereiro a 4 de mar\u00e7o &#8211; Est\u00e1gio Prepara\u00e7\u00e3o e Grand Prix Tyr, em Fort Lauderdale (Fl\u00f3rida, EUA)<\/p>\n<p>&#8211; 18 e 19 mar\u00e7o &#8211; Victoria Grand Prix, Rijeka (Cro\u00e1cia)<\/p>\n<p>&#8211; 31 de mar\u00e7o a 2 de abril &#8211; Campeonato Nacional de Juvenis e Absolutos\/Open De Portugal Funchal (POR)<\/p>\n<p><strong>Fl\u00f3rida por confirmar<\/strong><\/p>\n<p>Alberto Silva explica-nos os objetivos: \u201ccomo sabe, cri\u00e1mos o Conselho T\u00e9cnico Nacional [onde est\u00e3o os treinadores de elite], e recebemos os planos de prepara\u00e7\u00e3o dos v\u00e1rios t\u00e9cnicos, procurando ir de encontro aos seus desejos, mas tamb\u00e9m ter em conta o aspeto financeiro; assim, os est\u00e1gios n\u00e3o ser\u00e3o individuais mas em grupo, procurando tamb\u00e9m ser a \u2018cara\u2019 do pa\u00eds\u2026\u201d<\/p>\n<p>&#8220;No Rio p.e. irei eu e o Igor [Silveira, preparador f\u00edsico] a acompanhar os atletas [ambos do SL Benfica], pois nesta fase o trabalho em gin\u00e1sio ter\u00e1 um peso grande, e a presen\u00e7a do Samie [Elias, o biomec\u00e2nico] n\u00e3o se justifica tanto, pois estaremos mais a dar carga no treino; e o centro de treinos tem uma \u00e1rea m\u00e9dica e de fisioterapia muito boa, caso seja necess\u00e1rio algo. Para o est\u00e1gio em altitude [Font Romeu] ir\u00e1 um grupo grande de atletas, mas ainda n\u00e3o vou adiantar os nomes todos; assim como os pormenores de Fort Lauderdale est\u00e3o por definir, embora toda a comunidade aqu\u00e1tica tenha abra\u00e7ado a ideia, pois al\u00e9m do est\u00e1gio participaremos tamb\u00e9m no Grand Prix, que \u00e9 uma competi\u00e7\u00e3o muito interessante\u201d, referiu-me.<\/p>\n<figure id=\"attachment_54711\" aria-describedby=\"caption-attachment-54711\" style=\"width: 666px\" class=\"wp-caption aligncenter\"><img loading=\"lazy\" decoding=\"async\" class=\" wp-image-54711\" src=\"https:\/\/swimchannel.net\/br\/wp-content\/uploads\/2022\/12\/Miguel-e-Alberto-Oran-636x675.jpg\" alt=\"\" width=\"666\" height=\"707\" srcset=\"https:\/\/swimchannel.net\/br\/wp-content\/uploads\/2022\/12\/Miguel-e-Alberto-Oran-636x675.jpg 636w, https:\/\/swimchannel.net\/br\/wp-content\/uploads\/2022\/12\/Miguel-e-Alberto-Oran-753x800.jpg 753w, https:\/\/swimchannel.net\/br\/wp-content\/uploads\/2022\/12\/Miguel-e-Alberto-Oran-170x180.jpg 170w, https:\/\/swimchannel.net\/br\/wp-content\/uploads\/2022\/12\/Miguel-e-Alberto-Oran-768x815.jpg 768w, https:\/\/swimchannel.net\/br\/wp-content\/uploads\/2022\/12\/Miguel-e-Alberto-Oran-750x796.jpg 750w, https:\/\/swimchannel.net\/br\/wp-content\/uploads\/2022\/12\/Miguel-e-Alberto-Oran-1140x1210.jpg 1140w, https:\/\/swimchannel.net\/br\/wp-content\/uploads\/2022\/12\/Miguel-e-Alberto-Oran.jpg 1199w\" sizes=\"auto, (max-width: 666px) 100vw, 666px\" \/><figcaption id=\"caption-attachment-54711\" class=\"wp-caption-text\">Miguel e Alberto nos Jogos do Mediterr\u00e2neo (Foto: reprodu\u00e7\u00e3o)<\/figcaption><\/figure>\n<p><strong>M\u00ednimos para o Mundial at\u00e9 \u00e0 Madeira<\/strong><\/p>\n<p>J\u00e1 definido pela FPN est\u00e1 a competi\u00e7\u00e3o-limite para obten\u00e7\u00e3o de m\u00ednimos para o important\u00edssimo 20\u00ba Mundial de longa em Fukuoka (nata\u00e7\u00e3o de 18 a 25 de julho). Ser\u00e1 o Campeonato Nacional de Juvenis e Absolutos\/Open De Portugal, que o Funchal recebe antes da P\u00e1scoa.<\/p>\n<p>\u201cN\u00f3s temos j\u00e1 sete atletas com m\u00ednimos para o Mundial, e n\u00e3o fazia sentido prolongar mais o per\u00edodo para obten\u00e7\u00e3o de m\u00ednimos, at\u00e9 por quest\u00f5es de organiza\u00e7\u00e3o de todo o planeamento, viagens, est\u00e1gio no Jap\u00e3o [que dever\u00e1 voltar a ser em Nagasaki, tal como antes dos Jogos de T\u00f3quio], entre outros aspetos\u201d, explicou.<\/p>\n<p><strong>1\u00ba Europeu de sub-23<\/strong><\/p>\n<p>Perguntei tamb\u00e9m a Alberto Silva se o rec\u00e9m criado (pela Liga Europeia de Nata\u00e7\u00e3o) Campeonato Europeu de sub-23 poderia ter interesse para o triplo campe\u00e3o mundial j\u00fanior Diogo Ribeiro. \u201cO Diogo tem como prioridade o Campeonato do Mundo e os Jogos Ol\u00edmpicos; e esta \u00e9 uma competi\u00e7\u00e3o interessante, tem muito valor, mas vai depender de como ele estiver na data\u201d, no sentido em que vai depender de qual for o seu interesse em participar e em bom n\u00edvel. A prova disputa-se Dublin (Irlanda) de 10 a 13 de agosto.<\/p>\n","protected":false},"excerpt":{"rendered":"<p>2022 foi o melhor ano de sempre da nata\u00e7\u00e3o portuguesa (ver Retrospectiva 2022 \u2013 parte 3 de 4 \u2013 Swimchannel), permitindo uma aposta maior da Federa\u00e7\u00e3o Portuguesas de Nata\u00e7\u00e3o nos atletas de elite: dois dos melhores nacionais do ano realizam entre dia dois e 14 de janeiro um est\u00e1gio no prestigiado Centro Ol\u00edmpico Brasileiro, que [&hellip;]<\/p>\n","protected":false},"author":174,"featured_media":54708,"comment_status":"open","ping_status":"open","sticky":false,"template":"","format":"standard","meta":{"footnotes":""},"categories":[4188],"tags":[4875,194,5123,224,5122,4466,4382,4930,4486,1000],"class_list":["post-54707","post","type-post","status-publish","format-standard","has-post-thumbnail","hentry","category-natacao-portuguesa","tag-alberto-pinto-silva","tag-cbda","tag-centro-de-estagio-de-rio-maior","tag-cob","tag-cop","tag-diogo-ribeiro","tag-fpn","tag-igor-silveira","tag-miguel-nascimento","tag-renato-cordani"],"yoast_head":"<!-- This site is optimized with the Yoast SEO plugin v27.0 - https:\/\/yoast.com\/product\/yoast-seo-wordpress\/ -->\n<title>Diogo Ribeiro e Miguel Nascimento em est\u00e1gio no Rio de Janeiro - Swimchannel<\/title>\n<meta name=\"robots\" content=\"index, follow, max-snippet:-1, max-image-preview:large, max-video-preview:-1\" \/>\n<link rel=\"canonical\" href=\"https:\/\/swimchannel.net\/br\/diogo-ribeiro-e-miguel-nascimento-em-estagio-no-rio-de-janeiro\/\" \/>\n<meta property=\"og:locale\" content=\"pt_BR\" \/>\n<meta property=\"og:type\" content=\"article\" \/>\n<meta property=\"og:title\" content=\"Diogo Ribeiro e Miguel Nascimento em est\u00e1gio no Rio de Janeiro - Swimchannel\" \/>\n<meta property=\"og:description\" content=\"2022 foi o melhor ano de sempre da nata\u00e7\u00e3o portuguesa (ver Retrospectiva 2022 \u2013 parte 3 de 4 \u2013 Swimchannel), permitindo uma aposta maior da Federa\u00e7\u00e3o Portuguesas de Nata\u00e7\u00e3o nos atletas de elite: dois dos melhores nacionais do ano realizam entre dia dois e 14 de janeiro um est\u00e1gio no prestigiado Centro Ol\u00edmpico Brasileiro, que [&hellip;]\" \/>\n<meta property=\"og:url\" content=\"https:\/\/swimchannel.net\/br\/diogo-ribeiro-e-miguel-nascimento-em-estagio-no-rio-de-janeiro\/\" \/>\n<meta property=\"og:site_name\" content=\"Swimchannel\" \/>\n<meta property=\"article:publisher\" content=\"https:\/\/www.facebook.com\/swimchannel\" \/>\n<meta property=\"article:published_time\" content=\"2022-12-30T20:33:53+00:00\" \/>\n<meta property=\"article:modified_time\" content=\"2023-01-12T20:05:29+00:00\" \/>\n<meta property=\"og:image\" content=\"https:\/\/swimchannel.net\/br\/wp-content\/uploads\/2022\/12\/miguel-nascimento-e-diogo-ribeiro-ultima-new.jpg\" \/>\n\t<meta property=\"og:image:width\" content=\"1208\" \/>\n\t<meta property=\"og:image:height\" content=\"725\" \/>\n\t<meta property=\"og:image:type\" content=\"image\/jpeg\" \/>\n<meta name=\"author\" content=\"Nuno Albuquerque\" \/>\n<meta name=\"twitter:card\" content=\"summary_large_image\" \/>\n<meta name=\"twitter:label1\" content=\"Escrito por\" \/>\n\t<meta name=\"twitter:data1\" content=\"Nuno Albuquerque\" \/>\n\t<meta name=\"twitter:label2\" content=\"Est. tempo de leitura\" \/>\n\t<meta name=\"twitter:data2\" content=\"5 minutos\" \/>\n<script type=\"application\/ld+json\" class=\"yoast-schema-graph\">{\"@context\":\"https:\/\/schema.org\",\"@graph\":[{\"@type\":\"Article\",\"@id\":\"https:\/\/swimchannel.net\/br\/diogo-ribeiro-e-miguel-nascimento-em-estagio-no-rio-de-janeiro\/#article\",\"isPartOf\":{\"@id\":\"https:\/\/swimchannel.net\/br\/diogo-ribeiro-e-miguel-nascimento-em-estagio-no-rio-de-janeiro\/\"},\"author\":{\"name\":\"Nuno Albuquerque\",\"@id\":\"https:\/\/swimchannel.net\/br\/#\/schema\/person\/96742bc4be7f63afabd531ac47a43eba\"},\"headline\":\"Diogo Ribeiro e Miguel Nascimento em est\u00e1gio no Rio de Janeiro\",\"datePublished\":\"2022-12-30T20:33:53+00:00\",\"dateModified\":\"2023-01-12T20:05:29+00:00\",\"mainEntityOfPage\":{\"@id\":\"https:\/\/swimchannel.net\/br\/diogo-ribeiro-e-miguel-nascimento-em-estagio-no-rio-de-janeiro\/\"},\"wordCount\":922,\"commentCount\":0,\"publisher\":{\"@id\":\"https:\/\/swimchannel.net\/br\/#organization\"},\"image\":{\"@id\":\"https:\/\/swimchannel.net\/br\/diogo-ribeiro-e-miguel-nascimento-em-estagio-no-rio-de-janeiro\/#primaryimage\"},\"thumbnailUrl\":\"https:\/\/swimchannel.net\/br\/wp-content\/uploads\/2022\/12\/miguel-nascimento-e-diogo-ribeiro-ultima-new.jpg\",\"keywords\":[\"Alberto Pinto Silva\",\"CBDA\",\"Centro de Est\u00e1gio de Rio Maior\",\"COB\",\"COP\",\"Diogo Ribeiro\",\"FPN\",\"Igor Silveira\",\"Miguel Nascimento\",\"Renato Cordani\"],\"articleSection\":[\"Nata\u00e7\u00e3o Portuguesa\"],\"inLanguage\":\"pt-BR\",\"potentialAction\":[{\"@type\":\"CommentAction\",\"name\":\"Comment\",\"target\":[\"https:\/\/swimchannel.net\/br\/diogo-ribeiro-e-miguel-nascimento-em-estagio-no-rio-de-janeiro\/#respond\"]}]},{\"@type\":\"WebPage\",\"@id\":\"https:\/\/swimchannel.net\/br\/diogo-ribeiro-e-miguel-nascimento-em-estagio-no-rio-de-janeiro\/\",\"url\":\"https:\/\/swimchannel.net\/br\/diogo-ribeiro-e-miguel-nascimento-em-estagio-no-rio-de-janeiro\/\",\"name\":\"Diogo Ribeiro e Miguel Nascimento em est\u00e1gio no Rio de Janeiro - Swimchannel\",\"isPartOf\":{\"@id\":\"https:\/\/swimchannel.net\/br\/#website\"},\"primaryImageOfPage\":{\"@id\":\"https:\/\/swimchannel.net\/br\/diogo-ribeiro-e-miguel-nascimento-em-estagio-no-rio-de-janeiro\/#primaryimage\"},\"image\":{\"@id\":\"https:\/\/swimchannel.net\/br\/diogo-ribeiro-e-miguel-nascimento-em-estagio-no-rio-de-janeiro\/#primaryimage\"},\"thumbnailUrl\":\"https:\/\/swimchannel.net\/br\/wp-content\/uploads\/2022\/12\/miguel-nascimento-e-diogo-ribeiro-ultima-new.jpg\",\"datePublished\":\"2022-12-30T20:33:53+00:00\",\"dateModified\":\"2023-01-12T20:05:29+00:00\",\"breadcrumb\":{\"@id\":\"https:\/\/swimchannel.net\/br\/diogo-ribeiro-e-miguel-nascimento-em-estagio-no-rio-de-janeiro\/#breadcrumb\"},\"inLanguage\":\"pt-BR\",\"potentialAction\":[{\"@type\":\"ReadAction\",\"target\":[\"https:\/\/swimchannel.net\/br\/diogo-ribeiro-e-miguel-nascimento-em-estagio-no-rio-de-janeiro\/\"]}]},{\"@type\":\"ImageObject\",\"inLanguage\":\"pt-BR\",\"@id\":\"https:\/\/swimchannel.net\/br\/diogo-ribeiro-e-miguel-nascimento-em-estagio-no-rio-de-janeiro\/#primaryimage\",\"url\":\"https:\/\/swimchannel.net\/br\/wp-content\/uploads\/2022\/12\/miguel-nascimento-e-diogo-ribeiro-ultima-new.jpg\",\"contentUrl\":\"https:\/\/swimchannel.net\/br\/wp-content\/uploads\/2022\/12\/miguel-nascimento-e-diogo-ribeiro-ultima-new.jpg\",\"width\":1208,\"height\":725,\"caption\":\"Nascimento e Ribeiro engripados na Hungria (Foto: Reprodu\u00e7\u00e3o)\"},{\"@type\":\"BreadcrumbList\",\"@id\":\"https:\/\/swimchannel.net\/br\/diogo-ribeiro-e-miguel-nascimento-em-estagio-no-rio-de-janeiro\/#breadcrumb\",\"itemListElement\":[{\"@type\":\"ListItem\",\"position\":1,\"name\":\"Home\",\"item\":\"https:\/\/swimchannel.net\/br\/\"},{\"@type\":\"ListItem\",\"position\":2,\"name\":\"Diogo Ribeiro e Miguel Nascimento em est\u00e1gio no Rio de Janeiro\"}]},{\"@type\":\"WebSite\",\"@id\":\"https:\/\/swimchannel.net\/br\/#website\",\"url\":\"https:\/\/swimchannel.net\/br\/\",\"name\":\"Swimchannel\",\"description\":\"Maior portal de nata\u00e7\u00e3o da america latina\",\"publisher\":{\"@id\":\"https:\/\/swimchannel.net\/br\/#organization\"},\"potentialAction\":[{\"@type\":\"SearchAction\",\"target\":{\"@type\":\"EntryPoint\",\"urlTemplate\":\"https:\/\/swimchannel.net\/br\/?s={search_term_string}\"},\"query-input\":{\"@type\":\"PropertyValueSpecification\",\"valueRequired\":true,\"valueName\":\"search_term_string\"}}],\"inLanguage\":\"pt-BR\"},{\"@type\":\"Organization\",\"@id\":\"https:\/\/swimchannel.net\/br\/#organization\",\"name\":\"Swimchannel - Conectando voc\u00ea a Nata\u00e7\u00e3o\",\"url\":\"https:\/\/swimchannel.net\/br\/\",\"logo\":{\"@type\":\"ImageObject\",\"inLanguage\":\"pt-BR\",\"@id\":\"https:\/\/swimchannel.net\/br\/#\/schema\/logo\/image\/\",\"url\":\"https:\/\/swimchannel.net\/br\/wp-content\/uploads\/2026\/02\/SWIM-CHANNEL.png\",\"contentUrl\":\"https:\/\/swimchannel.net\/br\/wp-content\/uploads\/2026\/02\/SWIM-CHANNEL.png\",\"width\":1120,\"height\":630,\"caption\":\"Swimchannel - Conectando voc\u00ea a Nata\u00e7\u00e3o\"},\"image\":{\"@id\":\"https:\/\/swimchannel.net\/br\/#\/schema\/logo\/image\/\"},\"sameAs\":[\"https:\/\/www.facebook.com\/swimchannel\",\"https:\/\/www.instagram.com\/swimchannel\"]},{\"@type\":\"Person\",\"@id\":\"https:\/\/swimchannel.net\/br\/#\/schema\/person\/96742bc4be7f63afabd531ac47a43eba\",\"name\":\"Nuno Albuquerque\",\"image\":{\"@type\":\"ImageObject\",\"inLanguage\":\"pt-BR\",\"@id\":\"https:\/\/swimchannel.net\/br\/#\/schema\/person\/image\/\",\"url\":\"https:\/\/swimchannel.net\/br\/wp-content\/uploads\/2021\/10\/175265239_284626789786752_3471159347588969871_n-100x100.jpg\",\"contentUrl\":\"https:\/\/swimchannel.net\/br\/wp-content\/uploads\/2021\/10\/175265239_284626789786752_3471159347588969871_n-100x100.jpg\",\"caption\":\"Nuno Albuquerque\"},\"description\":\"Jornalista e t\u00e9cnico de nata\u00e7\u00e3o, trabalha na modalidade h\u00e1 muitos anos. Desde o Campeonato Mundial da FINA de 1986 na cidade de Madri, Nuno j\u00e1 era rep\u00f3rter para um dos principais jornais de Portugal.\",\"url\":\"https:\/\/swimchannel.net\/br\/author\/nunoalbuquerque\/\"}]}<\/script>\n<!-- \/ Yoast SEO plugin. -->","yoast_head_json":{"title":"Diogo Ribeiro e Miguel Nascimento em est\u00e1gio no Rio de Janeiro - Swimchannel","robots":{"index":"index","follow":"follow","max-snippet":"max-snippet:-1","max-image-preview":"max-image-preview:large","max-video-preview":"max-video-preview:-1"},"canonical":"https:\/\/swimchannel.net\/br\/diogo-ribeiro-e-miguel-nascimento-em-estagio-no-rio-de-janeiro\/","og_locale":"pt_BR","og_type":"article","og_title":"Diogo Ribeiro e Miguel Nascimento em est\u00e1gio no Rio de Janeiro - Swimchannel","og_description":"2022 foi o melhor ano de sempre da nata\u00e7\u00e3o portuguesa (ver Retrospectiva 2022 \u2013 parte 3 de 4 \u2013 Swimchannel), permitindo uma aposta maior da Federa\u00e7\u00e3o Portuguesas de Nata\u00e7\u00e3o nos atletas de elite: dois dos melhores nacionais do ano realizam entre dia dois e 14 de janeiro um est\u00e1gio no prestigiado Centro Ol\u00edmpico Brasileiro, que [&hellip;]","og_url":"https:\/\/swimchannel.net\/br\/diogo-ribeiro-e-miguel-nascimento-em-estagio-no-rio-de-janeiro\/","og_site_name":"Swimchannel","article_publisher":"https:\/\/www.facebook.com\/swimchannel","article_published_time":"2022-12-30T20:33:53+00:00","article_modified_time":"2023-01-12T20:05:29+00:00","og_image":[{"width":1208,"height":725,"url":"https:\/\/swimchannel.net\/br\/wp-content\/uploads\/2022\/12\/miguel-nascimento-e-diogo-ribeiro-ultima-new.jpg","type":"image\/jpeg"}],"author":"Nuno Albuquerque","twitter_card":"summary_large_image","twitter_misc":{"Escrito por":"Nuno Albuquerque","Est. tempo de leitura":"5 minutos"},"schema":{"@context":"https:\/\/schema.org","@graph":[{"@type":"Article","@id":"https:\/\/swimchannel.net\/br\/diogo-ribeiro-e-miguel-nascimento-em-estagio-no-rio-de-janeiro\/#article","isPartOf":{"@id":"https:\/\/swimchannel.net\/br\/diogo-ribeiro-e-miguel-nascimento-em-estagio-no-rio-de-janeiro\/"},"author":{"name":"Nuno Albuquerque","@id":"https:\/\/swimchannel.net\/br\/#\/schema\/person\/96742bc4be7f63afabd531ac47a43eba"},"headline":"Diogo Ribeiro e Miguel Nascimento em est\u00e1gio no Rio de Janeiro","datePublished":"2022-12-30T20:33:53+00:00","dateModified":"2023-01-12T20:05:29+00:00","mainEntityOfPage":{"@id":"https:\/\/swimchannel.net\/br\/diogo-ribeiro-e-miguel-nascimento-em-estagio-no-rio-de-janeiro\/"},"wordCount":922,"commentCount":0,"publisher":{"@id":"https:\/\/swimchannel.net\/br\/#organization"},"image":{"@id":"https:\/\/swimchannel.net\/br\/diogo-ribeiro-e-miguel-nascimento-em-estagio-no-rio-de-janeiro\/#primaryimage"},"thumbnailUrl":"https:\/\/swimchannel.net\/br\/wp-content\/uploads\/2022\/12\/miguel-nascimento-e-diogo-ribeiro-ultima-new.jpg","keywords":["Alberto Pinto Silva","CBDA","Centro de Est\u00e1gio de Rio Maior","COB","COP","Diogo Ribeiro","FPN","Igor Silveira","Miguel Nascimento","Renato Cordani"],"articleSection":["Nata\u00e7\u00e3o Portuguesa"],"inLanguage":"pt-BR","potentialAction":[{"@type":"CommentAction","name":"Comment","target":["https:\/\/swimchannel.net\/br\/diogo-ribeiro-e-miguel-nascimento-em-estagio-no-rio-de-janeiro\/#respond"]}]},{"@type":"WebPage","@id":"https:\/\/swimchannel.net\/br\/diogo-ribeiro-e-miguel-nascimento-em-estagio-no-rio-de-janeiro\/","url":"https:\/\/swimchannel.net\/br\/diogo-ribeiro-e-miguel-nascimento-em-estagio-no-rio-de-janeiro\/","name":"Diogo Ribeiro e Miguel Nascimento em est\u00e1gio no Rio de Janeiro - Swimchannel","isPartOf":{"@id":"https:\/\/swimchannel.net\/br\/#website"},"primaryImageOfPage":{"@id":"https:\/\/swimchannel.net\/br\/diogo-ribeiro-e-miguel-nascimento-em-estagio-no-rio-de-janeiro\/#primaryimage"},"image":{"@id":"https:\/\/swimchannel.net\/br\/diogo-ribeiro-e-miguel-nascimento-em-estagio-no-rio-de-janeiro\/#primaryimage"},"thumbnailUrl":"https:\/\/swimchannel.net\/br\/wp-content\/uploads\/2022\/12\/miguel-nascimento-e-diogo-ribeiro-ultima-new.jpg","datePublished":"2022-12-30T20:33:53+00:00","dateModified":"2023-01-12T20:05:29+00:00","breadcrumb":{"@id":"https:\/\/swimchannel.net\/br\/diogo-ribeiro-e-miguel-nascimento-em-estagio-no-rio-de-janeiro\/#breadcrumb"},"inLanguage":"pt-BR","potentialAction":[{"@type":"ReadAction","target":["https:\/\/swimchannel.net\/br\/diogo-ribeiro-e-miguel-nascimento-em-estagio-no-rio-de-janeiro\/"]}]},{"@type":"ImageObject","inLanguage":"pt-BR","@id":"https:\/\/swimchannel.net\/br\/diogo-ribeiro-e-miguel-nascimento-em-estagio-no-rio-de-janeiro\/#primaryimage","url":"https:\/\/swimchannel.net\/br\/wp-content\/uploads\/2022\/12\/miguel-nascimento-e-diogo-ribeiro-ultima-new.jpg","contentUrl":"https:\/\/swimchannel.net\/br\/wp-content\/uploads\/2022\/12\/miguel-nascimento-e-diogo-ribeiro-ultima-new.jpg","width":1208,"height":725,"caption":"Nascimento e Ribeiro engripados na Hungria (Foto: Reprodu\u00e7\u00e3o)"},{"@type":"BreadcrumbList","@id":"https:\/\/swimchannel.net\/br\/diogo-ribeiro-e-miguel-nascimento-em-estagio-no-rio-de-janeiro\/#breadcrumb","itemListElement":[{"@type":"ListItem","position":1,"name":"Home","item":"https:\/\/swimchannel.net\/br\/"},{"@type":"ListItem","position":2,"name":"Diogo Ribeiro e Miguel Nascimento em est\u00e1gio no Rio de Janeiro"}]},{"@type":"WebSite","@id":"https:\/\/swimchannel.net\/br\/#website","url":"https:\/\/swimchannel.net\/br\/","name":"Swimchannel","description":"Maior portal de nata\u00e7\u00e3o da america latina","publisher":{"@id":"https:\/\/swimchannel.net\/br\/#organization"},"potentialAction":[{"@type":"SearchAction","target":{"@type":"EntryPoint","urlTemplate":"https:\/\/swimchannel.net\/br\/?s={search_term_string}"},"query-input":{"@type":"PropertyValueSpecification","valueRequired":true,"valueName":"search_term_string"}}],"inLanguage":"pt-BR"},{"@type":"Organization","@id":"https:\/\/swimchannel.net\/br\/#organization","name":"Swimchannel - Conectando voc\u00ea a Nata\u00e7\u00e3o","url":"https:\/\/swimchannel.net\/br\/","logo":{"@type":"ImageObject","inLanguage":"pt-BR","@id":"https:\/\/swimchannel.net\/br\/#\/schema\/logo\/image\/","url":"https:\/\/swimchannel.net\/br\/wp-content\/uploads\/2026\/02\/SWIM-CHANNEL.png","contentUrl":"https:\/\/swimchannel.net\/br\/wp-content\/uploads\/2026\/02\/SWIM-CHANNEL.png","width":1120,"height":630,"caption":"Swimchannel - Conectando voc\u00ea a Nata\u00e7\u00e3o"},"image":{"@id":"https:\/\/swimchannel.net\/br\/#\/schema\/logo\/image\/"},"sameAs":["https:\/\/www.facebook.com\/swimchannel","https:\/\/www.instagram.com\/swimchannel"]},{"@type":"Person","@id":"https:\/\/swimchannel.net\/br\/#\/schema\/person\/96742bc4be7f63afabd531ac47a43eba","name":"Nuno Albuquerque","image":{"@type":"ImageObject","inLanguage":"pt-BR","@id":"https:\/\/swimchannel.net\/br\/#\/schema\/person\/image\/","url":"https:\/\/swimchannel.net\/br\/wp-content\/uploads\/2021\/10\/175265239_284626789786752_3471159347588969871_n-100x100.jpg","contentUrl":"https:\/\/swimchannel.net\/br\/wp-content\/uploads\/2021\/10\/175265239_284626789786752_3471159347588969871_n-100x100.jpg","caption":"Nuno Albuquerque"},"description":"Jornalista e t\u00e9cnico de nata\u00e7\u00e3o, trabalha na modalidade h\u00e1 muitos anos. Desde o Campeonato Mundial da FINA de 1986 na cidade de Madri, Nuno j\u00e1 era rep\u00f3rter para um dos principais jornais de Portugal.","url":"https:\/\/swimchannel.net\/br\/author\/nunoalbuquerque\/"}]}},"_links":{"self":[{"href":"https:\/\/swimchannel.net\/br\/wp-json\/wp\/v2\/posts\/54707","targetHints":{"allow":["GET"]}}],"collection":[{"href":"https:\/\/swimchannel.net\/br\/wp-json\/wp\/v2\/posts"}],"about":[{"href":"https:\/\/swimchannel.net\/br\/wp-json\/wp\/v2\/types\/post"}],"author":[{"embeddable":true,"href":"https:\/\/swimchannel.net\/br\/wp-json\/wp\/v2\/users\/174"}],"replies":[{"embeddable":true,"href":"https:\/\/swimchannel.net\/br\/wp-json\/wp\/v2\/comments?post=54707"}],"version-history":[{"count":7,"href":"https:\/\/swimchannel.net\/br\/wp-json\/wp\/v2\/posts\/54707\/revisions"}],"predecessor-version":[{"id":54848,"href":"https:\/\/swimchannel.net\/br\/wp-json\/wp\/v2\/posts\/54707\/revisions\/54848"}],"wp:featuredmedia":[{"embeddable":true,"href":"https:\/\/swimchannel.net\/br\/wp-json\/wp\/v2\/media\/54708"}],"wp:attachment":[{"href":"https:\/\/swimchannel.net\/br\/wp-json\/wp\/v2\/media?parent=54707"}],"wp:term":[{"taxonomy":"category","embeddable":true,"href":"https:\/\/swimchannel.net\/br\/wp-json\/wp\/v2\/categories?post=54707"},{"taxonomy":"post_tag","embeddable":true,"href":"https:\/\/swimchannel.net\/br\/wp-json\/wp\/v2\/tags?post=54707"}],"curies":[{"name":"wp","href":"https:\/\/api.w.org\/{rel}","templated":true}]}}