{"id":54744,"date":"2023-01-03T12:48:59","date_gmt":"2023-01-03T15:48:59","guid":{"rendered":"https:\/\/swimchannel.net\/br\/?p=54744"},"modified":"2023-01-03T12:48:59","modified_gmt":"2023-01-03T15:48:59","slug":"o-que-vem-por-ai-calendario-2023-dos-eventos-amadores","status":"publish","type":"post","link":"https:\/\/swimchannel.net\/br\/o-que-vem-por-ai-calendario-2023-dos-eventos-amadores\/","title":{"rendered":"O que vem por ai: calend\u00e1rio 2023 dos eventos amadores"},"content":{"rendered":"<p>A temporada 2023 de nata\u00e7\u00e3o j\u00e1 tem alguns eventos confirmados ou agendados, com os principais circuitos de \u00e1guas abertas confirmando suas atividades para este novo ano que se inicia. Hoje iremos apresentar aqui na <strong>SWIM CHANNEL<\/strong> alguns dos principais eventos amadores que j\u00e1 tem data definidas e amanh\u00e3 iremos destacar os eventos de cunho profissional.<\/p>\n<p>Alguns dos principais circuitos de \u00e1guas abertas do pa\u00eds j\u00e1 disponibilizaram suas datas para 2023. Um dos mais antigos do pa\u00eds, o Circuito Maratona Aqu\u00e1tica, que \u00e9 organizado pela Associ\u00e7\u00e3o Aqu\u00e1tica, ter\u00e1 este ano seis etapas com pontap\u00e9 inicial no dia 25 de fevereiro. Os organizadores ainda j\u00e1 definiram as datas do Desafio Tr\u00edade, Desafio Barra do Sahy e da Travessia Caragu\u00e1-Ilhabela.<\/p>\n<figure id=\"attachment_26398\" aria-describedby=\"caption-attachment-26398\" style=\"width: 1200px\" class=\"wp-caption alignnone\"><img loading=\"lazy\" decoding=\"async\" class=\"size-full wp-image-26398\" src=\"https:\/\/swimchannel.net\/br\/wp-content\/uploads\/2020\/10\/alexandreSocci-001322.jpg\" alt=\"\" width=\"1200\" height=\"674\" srcset=\"https:\/\/swimchannel.net\/br\/wp-content\/uploads\/2020\/10\/alexandreSocci-001322.jpg 1200w, https:\/\/swimchannel.net\/br\/wp-content\/uploads\/2020\/10\/alexandreSocci-001322-600x337.jpg 600w, https:\/\/swimchannel.net\/br\/wp-content\/uploads\/2020\/10\/alexandreSocci-001322-320x180.jpg 320w, https:\/\/swimchannel.net\/br\/wp-content\/uploads\/2020\/10\/alexandreSocci-001322-768x431.jpg 768w, https:\/\/swimchannel.net\/br\/wp-content\/uploads\/2020\/10\/alexandreSocci-001322-640x360.jpg 640w\" sizes=\"auto, (max-width: 1200px) 100vw, 1200px\" \/><figcaption id=\"caption-attachment-26398\" class=\"wp-caption-text\">Aloha Spirit Festival &#8211; Foto: Ale Socci<\/figcaption><\/figure>\n<p>Outro grande evento com etapas j\u00e1 definidas \u00e9 o Aloha Spirit, que vai realizar quatro etapas em 2023. Duas delas, j\u00e1 tem locais: Ilhabela em mar\u00e7o e Saquarema em maio. O Circuito Mares ter\u00e1 cinco etapas ao longo do ano, com in\u00edcio em S\u00e3o Sebasti\u00e3o nos dias 25 e 26 de fevereiro. Outro grande evento com datas confirmadas \u00e9 o XTERRA, que ter\u00e1 atividades de nata\u00e7\u00e3o em seis etapas da sua temporada com in\u00edcio na Ilha Grande, entre os dias 10 e 12 de mar\u00e7o.<\/p>\n<p>Tr\u00eas desafios j\u00e1 tem competi\u00e7\u00f5es agendadas para este in\u00edcio de ano. Mais uma vez teremos o Desafio Rainha do Mar, voltado exclusivamente para nadadoras que vai ser realizado pela Effect Sports no dia 29 de janeiro na Praia de Copacabana. No dia 5 de fevereiro a cidade de Santos recebe a primeira edi\u00e7\u00e3o do Trof\u00e9u Ana Marcela Cunha. Por fim, em 26 de fevereiro acontece o Rio Negro Expirience em Anavilhas, na regi\u00e3o de Novo Air\u00e3o (AM).<\/p>\n<figure id=\"attachment_54247\" aria-describedby=\"caption-attachment-54247\" style=\"width: 1120px\" class=\"wp-caption alignnone\"><img loading=\"lazy\" decoding=\"async\" class=\"size-full wp-image-54247\" src=\"https:\/\/swimchannel.net\/br\/wp-content\/uploads\/2022\/11\/310602593_515643243909496_205407200209721550_n.jpg\" alt=\"\" width=\"1120\" height=\"630\" srcset=\"https:\/\/swimchannel.net\/br\/wp-content\/uploads\/2022\/11\/310602593_515643243909496_205407200209721550_n.jpg 1120w, https:\/\/swimchannel.net\/br\/wp-content\/uploads\/2022\/11\/310602593_515643243909496_205407200209721550_n-320x180.jpg 320w, https:\/\/swimchannel.net\/br\/wp-content\/uploads\/2022\/11\/310602593_515643243909496_205407200209721550_n-768x432.jpg 768w, https:\/\/swimchannel.net\/br\/wp-content\/uploads\/2022\/11\/310602593_515643243909496_205407200209721550_n-750x422.jpg 750w\" sizes=\"auto, (max-width: 1120px) 100vw, 1120px\" \/><figcaption id=\"caption-attachment-54247\" class=\"wp-caption-text\">Foto: Circuito Mares<\/figcaption><\/figure>\n<p>Nas piscinas j\u00e1 temos tamb\u00e9m o calend\u00e1rio oficial da Federa\u00e7\u00e3o Aqu\u00e1tica Paulista (FAP) com diversas competi\u00e7\u00f5es de categorias sendo realizadas em todo o estado e tamb\u00e9m o calend\u00e1rio 2023 da Associa\u00e7\u00e3o Brasileira de Master de Nata\u00e7\u00e3o (ABMN) que ter\u00e1 as edi\u00e7\u00f5es do Campeonato Brasileiro sendo realizadas no Rio de Janeiro em abril e Uberl\u00e2ndia em novembro.<\/p>\n<p>Outros eventos como Circuito Gaivotas, Circuito MASF, Circuito Netuno, Circuito Correr e Nadar, Circuito VIVA RS e Circuito Bombinhas tamb\u00e9m j\u00e1 definiram suas etapas. O calend\u00e1rio de eventos j\u00e1 confirmados pode ser visto na <strong>SWIM CHANNEL<\/strong> <a href=\"https:\/\/swimchannel.net\/br\/calendario-de-provas-2023\/\" target=\"_blank\" rel=\"noopener\">clicando aqui<\/a>. Em breve iremos atualizar as datas de novas comepti\u00e7\u00f5es. Caso voc\u00ea queira colaborar, envie a data do seu evento para o e-mail: <a href=\"mailto:contato@swimchannel.net\" target=\"_blank\" rel=\"noopener\">contato@swimchannel.net<\/a>.<\/p>\n","protected":false},"excerpt":{"rendered":"<p>Alguns dos principais eventos de nata\u00e7\u00e3o e \u00e1guas abertas j\u00e1 definiram datas e locais, confira alguns destaques aqui<\/p>\n","protected":false},"author":3,"featured_media":22989,"comment_status":"open","ping_status":"open","sticky":false,"template":"","format":"gallery","meta":{"footnotes":""},"categories":[2579],"tags":[5127,14,2259,5],"class_list":["post-54744","post","type-post","status-publish","format-gallery","has-post-thumbnail","hentry","category-calendario","tag-5127","tag-aguas-abertas","tag-calendario-de-eventos","tag-natacao","post_format-post-format-gallery"],"yoast_head":"<!-- This site is optimized with the Yoast SEO plugin v27.0 - https:\/\/yoast.com\/product\/yoast-seo-wordpress\/ -->\n<title>O que vem por ai: calend\u00e1rio 2023 dos eventos amadores - Swimchannel<\/title>\n<meta name=\"robots\" content=\"index, follow, max-snippet:-1, max-image-preview:large, max-video-preview:-1\" \/>\n<link rel=\"canonical\" href=\"https:\/\/swimchannel.net\/br\/o-que-vem-por-ai-calendario-2023-dos-eventos-amadores\/\" \/>\n<meta property=\"og:locale\" content=\"pt_BR\" \/>\n<meta property=\"og:type\" content=\"article\" \/>\n<meta property=\"og:title\" content=\"O que vem por ai: calend\u00e1rio 2023 dos eventos amadores - Swimchannel\" \/>\n<meta property=\"og:description\" content=\"Alguns dos principais eventos de nata\u00e7\u00e3o e \u00e1guas abertas j\u00e1 definiram datas e locais, confira alguns destaques aqui\" \/>\n<meta property=\"og:url\" content=\"https:\/\/swimchannel.net\/br\/o-que-vem-por-ai-calendario-2023-dos-eventos-amadores\/\" \/>\n<meta property=\"og:site_name\" content=\"Swimchannel\" \/>\n<meta property=\"article:publisher\" content=\"https:\/\/www.facebook.com\/swimchannel\" \/>\n<meta property=\"article:published_time\" content=\"2023-01-03T15:48:59+00:00\" \/>\n<meta property=\"og:image\" content=\"https:\/\/swimchannel.net\/br\/wp-content\/uploads\/2020\/03\/88331298_2715413541904841_2794240233116270592_o.jpg\" \/>\n\t<meta property=\"og:image:width\" content=\"600\" \/>\n\t<meta property=\"og:image:height\" content=\"345\" \/>\n\t<meta property=\"og:image:type\" content=\"image\/jpeg\" \/>\n<meta name=\"author\" content=\"Guilherme Freitas\" \/>\n<meta name=\"twitter:card\" content=\"summary_large_image\" \/>\n<meta name=\"twitter:label1\" content=\"Escrito por\" \/>\n\t<meta name=\"twitter:data1\" content=\"Guilherme Freitas\" \/>\n\t<meta name=\"twitter:label2\" content=\"Est. tempo de leitura\" \/>\n\t<meta name=\"twitter:data2\" content=\"2 minutos\" \/>\n<script type=\"application\/ld+json\" class=\"yoast-schema-graph\">{\"@context\":\"https:\/\/schema.org\",\"@graph\":[{\"@type\":\"Article\",\"@id\":\"https:\/\/swimchannel.net\/br\/o-que-vem-por-ai-calendario-2023-dos-eventos-amadores\/#article\",\"isPartOf\":{\"@id\":\"https:\/\/swimchannel.net\/br\/o-que-vem-por-ai-calendario-2023-dos-eventos-amadores\/\"},\"author\":{\"name\":\"Guilherme Freitas\",\"@id\":\"https:\/\/swimchannel.net\/br\/#\/schema\/person\/aa2a63bab3275f53749a83276b213c48\"},\"headline\":\"O que vem por ai: calend\u00e1rio 2023 dos eventos amadores\",\"datePublished\":\"2023-01-03T15:48:59+00:00\",\"mainEntityOfPage\":{\"@id\":\"https:\/\/swimchannel.net\/br\/o-que-vem-por-ai-calendario-2023-dos-eventos-amadores\/\"},\"wordCount\":453,\"commentCount\":1,\"publisher\":{\"@id\":\"https:\/\/swimchannel.net\/br\/#organization\"},\"image\":{\"@id\":\"https:\/\/swimchannel.net\/br\/o-que-vem-por-ai-calendario-2023-dos-eventos-amadores\/#primaryimage\"},\"thumbnailUrl\":\"https:\/\/swimchannel.net\/br\/wp-content\/uploads\/2020\/03\/88331298_2715413541904841_2794240233116270592_o.jpg\",\"keywords\":[\"2023\",\"\u00c1guas abertas\",\"calend\u00e1rio de eventos\",\"natacao\"],\"articleSection\":[\"Calend\u00e1rio\"],\"inLanguage\":\"pt-BR\",\"potentialAction\":[{\"@type\":\"CommentAction\",\"name\":\"Comment\",\"target\":[\"https:\/\/swimchannel.net\/br\/o-que-vem-por-ai-calendario-2023-dos-eventos-amadores\/#respond\"]}]},{\"@type\":\"WebPage\",\"@id\":\"https:\/\/swimchannel.net\/br\/o-que-vem-por-ai-calendario-2023-dos-eventos-amadores\/\",\"url\":\"https:\/\/swimchannel.net\/br\/o-que-vem-por-ai-calendario-2023-dos-eventos-amadores\/\",\"name\":\"O que vem por ai: calend\u00e1rio 2023 dos eventos amadores - Swimchannel\",\"isPartOf\":{\"@id\":\"https:\/\/swimchannel.net\/br\/#website\"},\"primaryImageOfPage\":{\"@id\":\"https:\/\/swimchannel.net\/br\/o-que-vem-por-ai-calendario-2023-dos-eventos-amadores\/#primaryimage\"},\"image\":{\"@id\":\"https:\/\/swimchannel.net\/br\/o-que-vem-por-ai-calendario-2023-dos-eventos-amadores\/#primaryimage\"},\"thumbnailUrl\":\"https:\/\/swimchannel.net\/br\/wp-content\/uploads\/2020\/03\/88331298_2715413541904841_2794240233116270592_o.jpg\",\"datePublished\":\"2023-01-03T15:48:59+00:00\",\"breadcrumb\":{\"@id\":\"https:\/\/swimchannel.net\/br\/o-que-vem-por-ai-calendario-2023-dos-eventos-amadores\/#breadcrumb\"},\"inLanguage\":\"pt-BR\",\"potentialAction\":[{\"@type\":\"ReadAction\",\"target\":[\"https:\/\/swimchannel.net\/br\/o-que-vem-por-ai-calendario-2023-dos-eventos-amadores\/\"]}]},{\"@type\":\"ImageObject\",\"inLanguage\":\"pt-BR\",\"@id\":\"https:\/\/swimchannel.net\/br\/o-que-vem-por-ai-calendario-2023-dos-eventos-amadores\/#primaryimage\",\"url\":\"https:\/\/swimchannel.net\/br\/wp-content\/uploads\/2020\/03\/88331298_2715413541904841_2794240233116270592_o.jpg\",\"contentUrl\":\"https:\/\/swimchannel.net\/br\/wp-content\/uploads\/2020\/03\/88331298_2715413541904841_2794240233116270592_o.jpg\",\"width\":600,\"height\":345,\"caption\":\"Rei e Rainha do Mar - Foto: Reprodu\u00e7\u00e3o\"},{\"@type\":\"BreadcrumbList\",\"@id\":\"https:\/\/swimchannel.net\/br\/o-que-vem-por-ai-calendario-2023-dos-eventos-amadores\/#breadcrumb\",\"itemListElement\":[{\"@type\":\"ListItem\",\"position\":1,\"name\":\"Home\",\"item\":\"https:\/\/swimchannel.net\/br\/\"},{\"@type\":\"ListItem\",\"position\":2,\"name\":\"O que vem por ai: calend\u00e1rio 2023 dos eventos amadores\"}]},{\"@type\":\"WebSite\",\"@id\":\"https:\/\/swimchannel.net\/br\/#website\",\"url\":\"https:\/\/swimchannel.net\/br\/\",\"name\":\"Swimchannel\",\"description\":\"Maior portal de nata\u00e7\u00e3o da america latina\",\"publisher\":{\"@id\":\"https:\/\/swimchannel.net\/br\/#organization\"},\"potentialAction\":[{\"@type\":\"SearchAction\",\"target\":{\"@type\":\"EntryPoint\",\"urlTemplate\":\"https:\/\/swimchannel.net\/br\/?s={search_term_string}\"},\"query-input\":{\"@type\":\"PropertyValueSpecification\",\"valueRequired\":true,\"valueName\":\"search_term_string\"}}],\"inLanguage\":\"pt-BR\"},{\"@type\":\"Organization\",\"@id\":\"https:\/\/swimchannel.net\/br\/#organization\",\"name\":\"Swimchannel - Conectando voc\u00ea a Nata\u00e7\u00e3o\",\"url\":\"https:\/\/swimchannel.net\/br\/\",\"logo\":{\"@type\":\"ImageObject\",\"inLanguage\":\"pt-BR\",\"@id\":\"https:\/\/swimchannel.net\/br\/#\/schema\/logo\/image\/\",\"url\":\"https:\/\/swimchannel.net\/br\/wp-content\/uploads\/2026\/02\/SWIM-CHANNEL.png\",\"contentUrl\":\"https:\/\/swimchannel.net\/br\/wp-content\/uploads\/2026\/02\/SWIM-CHANNEL.png\",\"width\":1120,\"height\":630,\"caption\":\"Swimchannel - Conectando voc\u00ea a Nata\u00e7\u00e3o\"},\"image\":{\"@id\":\"https:\/\/swimchannel.net\/br\/#\/schema\/logo\/image\/\"},\"sameAs\":[\"https:\/\/www.facebook.com\/swimchannel\",\"https:\/\/www.instagram.com\/swimchannel\"]},{\"@type\":\"Person\",\"@id\":\"https:\/\/swimchannel.net\/br\/#\/schema\/person\/aa2a63bab3275f53749a83276b213c48\",\"name\":\"Guilherme Freitas\",\"image\":{\"@type\":\"ImageObject\",\"inLanguage\":\"pt-BR\",\"@id\":\"https:\/\/swimchannel.net\/br\/#\/schema\/person\/image\/\",\"url\":\"https:\/\/swimchannel.net\/br\/wp-content\/uploads\/2025\/10\/gui22-193x180.png\",\"contentUrl\":\"https:\/\/swimchannel.net\/br\/wp-content\/uploads\/2025\/10\/gui22-193x180.png\",\"caption\":\"Guilherme Freitas\"},\"description\":\"Jornalista s\u00eanior da SWIM CHANNEL, ex-correspondente da FINA no Brasil e pesquisador acad\u00eamico.\",\"sameAs\":[\"instagram.com\/guifreitas86\"],\"url\":\"https:\/\/swimchannel.net\/br\/author\/guilherme-freitas\/\"}]}<\/script>\n<!-- \/ Yoast SEO plugin. -->","yoast_head_json":{"title":"O que vem por ai: calend\u00e1rio 2023 dos eventos amadores - Swimchannel","robots":{"index":"index","follow":"follow","max-snippet":"max-snippet:-1","max-image-preview":"max-image-preview:large","max-video-preview":"max-video-preview:-1"},"canonical":"https:\/\/swimchannel.net\/br\/o-que-vem-por-ai-calendario-2023-dos-eventos-amadores\/","og_locale":"pt_BR","og_type":"article","og_title":"O que vem por ai: calend\u00e1rio 2023 dos eventos amadores - Swimchannel","og_description":"Alguns dos principais eventos de nata\u00e7\u00e3o e \u00e1guas abertas j\u00e1 definiram datas e locais, confira alguns destaques aqui","og_url":"https:\/\/swimchannel.net\/br\/o-que-vem-por-ai-calendario-2023-dos-eventos-amadores\/","og_site_name":"Swimchannel","article_publisher":"https:\/\/www.facebook.com\/swimchannel","article_published_time":"2023-01-03T15:48:59+00:00","og_image":[{"width":600,"height":345,"url":"https:\/\/swimchannel.net\/br\/wp-content\/uploads\/2020\/03\/88331298_2715413541904841_2794240233116270592_o.jpg","type":"image\/jpeg"}],"author":"Guilherme Freitas","twitter_card":"summary_large_image","twitter_misc":{"Escrito por":"Guilherme Freitas","Est. tempo de leitura":"2 minutos"},"schema":{"@context":"https:\/\/schema.org","@graph":[{"@type":"Article","@id":"https:\/\/swimchannel.net\/br\/o-que-vem-por-ai-calendario-2023-dos-eventos-amadores\/#article","isPartOf":{"@id":"https:\/\/swimchannel.net\/br\/o-que-vem-por-ai-calendario-2023-dos-eventos-amadores\/"},"author":{"name":"Guilherme Freitas","@id":"https:\/\/swimchannel.net\/br\/#\/schema\/person\/aa2a63bab3275f53749a83276b213c48"},"headline":"O que vem por ai: calend\u00e1rio 2023 dos eventos amadores","datePublished":"2023-01-03T15:48:59+00:00","mainEntityOfPage":{"@id":"https:\/\/swimchannel.net\/br\/o-que-vem-por-ai-calendario-2023-dos-eventos-amadores\/"},"wordCount":453,"commentCount":1,"publisher":{"@id":"https:\/\/swimchannel.net\/br\/#organization"},"image":{"@id":"https:\/\/swimchannel.net\/br\/o-que-vem-por-ai-calendario-2023-dos-eventos-amadores\/#primaryimage"},"thumbnailUrl":"https:\/\/swimchannel.net\/br\/wp-content\/uploads\/2020\/03\/88331298_2715413541904841_2794240233116270592_o.jpg","keywords":["2023","\u00c1guas abertas","calend\u00e1rio de eventos","natacao"],"articleSection":["Calend\u00e1rio"],"inLanguage":"pt-BR","potentialAction":[{"@type":"CommentAction","name":"Comment","target":["https:\/\/swimchannel.net\/br\/o-que-vem-por-ai-calendario-2023-dos-eventos-amadores\/#respond"]}]},{"@type":"WebPage","@id":"https:\/\/swimchannel.net\/br\/o-que-vem-por-ai-calendario-2023-dos-eventos-amadores\/","url":"https:\/\/swimchannel.net\/br\/o-que-vem-por-ai-calendario-2023-dos-eventos-amadores\/","name":"O que vem por ai: calend\u00e1rio 2023 dos eventos amadores - Swimchannel","isPartOf":{"@id":"https:\/\/swimchannel.net\/br\/#website"},"primaryImageOfPage":{"@id":"https:\/\/swimchannel.net\/br\/o-que-vem-por-ai-calendario-2023-dos-eventos-amadores\/#primaryimage"},"image":{"@id":"https:\/\/swimchannel.net\/br\/o-que-vem-por-ai-calendario-2023-dos-eventos-amadores\/#primaryimage"},"thumbnailUrl":"https:\/\/swimchannel.net\/br\/wp-content\/uploads\/2020\/03\/88331298_2715413541904841_2794240233116270592_o.jpg","datePublished":"2023-01-03T15:48:59+00:00","breadcrumb":{"@id":"https:\/\/swimchannel.net\/br\/o-que-vem-por-ai-calendario-2023-dos-eventos-amadores\/#breadcrumb"},"inLanguage":"pt-BR","potentialAction":[{"@type":"ReadAction","target":["https:\/\/swimchannel.net\/br\/o-que-vem-por-ai-calendario-2023-dos-eventos-amadores\/"]}]},{"@type":"ImageObject","inLanguage":"pt-BR","@id":"https:\/\/swimchannel.net\/br\/o-que-vem-por-ai-calendario-2023-dos-eventos-amadores\/#primaryimage","url":"https:\/\/swimchannel.net\/br\/wp-content\/uploads\/2020\/03\/88331298_2715413541904841_2794240233116270592_o.jpg","contentUrl":"https:\/\/swimchannel.net\/br\/wp-content\/uploads\/2020\/03\/88331298_2715413541904841_2794240233116270592_o.jpg","width":600,"height":345,"caption":"Rei e Rainha do Mar - Foto: Reprodu\u00e7\u00e3o"},{"@type":"BreadcrumbList","@id":"https:\/\/swimchannel.net\/br\/o-que-vem-por-ai-calendario-2023-dos-eventos-amadores\/#breadcrumb","itemListElement":[{"@type":"ListItem","position":1,"name":"Home","item":"https:\/\/swimchannel.net\/br\/"},{"@type":"ListItem","position":2,"name":"O que vem por ai: calend\u00e1rio 2023 dos eventos amadores"}]},{"@type":"WebSite","@id":"https:\/\/swimchannel.net\/br\/#website","url":"https:\/\/swimchannel.net\/br\/","name":"Swimchannel","description":"Maior portal de nata\u00e7\u00e3o da america latina","publisher":{"@id":"https:\/\/swimchannel.net\/br\/#organization"},"potentialAction":[{"@type":"SearchAction","target":{"@type":"EntryPoint","urlTemplate":"https:\/\/swimchannel.net\/br\/?s={search_term_string}"},"query-input":{"@type":"PropertyValueSpecification","valueRequired":true,"valueName":"search_term_string"}}],"inLanguage":"pt-BR"},{"@type":"Organization","@id":"https:\/\/swimchannel.net\/br\/#organization","name":"Swimchannel - Conectando voc\u00ea a Nata\u00e7\u00e3o","url":"https:\/\/swimchannel.net\/br\/","logo":{"@type":"ImageObject","inLanguage":"pt-BR","@id":"https:\/\/swimchannel.net\/br\/#\/schema\/logo\/image\/","url":"https:\/\/swimchannel.net\/br\/wp-content\/uploads\/2026\/02\/SWIM-CHANNEL.png","contentUrl":"https:\/\/swimchannel.net\/br\/wp-content\/uploads\/2026\/02\/SWIM-CHANNEL.png","width":1120,"height":630,"caption":"Swimchannel - Conectando voc\u00ea a Nata\u00e7\u00e3o"},"image":{"@id":"https:\/\/swimchannel.net\/br\/#\/schema\/logo\/image\/"},"sameAs":["https:\/\/www.facebook.com\/swimchannel","https:\/\/www.instagram.com\/swimchannel"]},{"@type":"Person","@id":"https:\/\/swimchannel.net\/br\/#\/schema\/person\/aa2a63bab3275f53749a83276b213c48","name":"Guilherme Freitas","image":{"@type":"ImageObject","inLanguage":"pt-BR","@id":"https:\/\/swimchannel.net\/br\/#\/schema\/person\/image\/","url":"https:\/\/swimchannel.net\/br\/wp-content\/uploads\/2025\/10\/gui22-193x180.png","contentUrl":"https:\/\/swimchannel.net\/br\/wp-content\/uploads\/2025\/10\/gui22-193x180.png","caption":"Guilherme Freitas"},"description":"Jornalista s\u00eanior da SWIM CHANNEL, ex-correspondente da FINA no Brasil e pesquisador acad\u00eamico.","sameAs":["instagram.com\/guifreitas86"],"url":"https:\/\/swimchannel.net\/br\/author\/guilherme-freitas\/"}]}},"_links":{"self":[{"href":"https:\/\/swimchannel.net\/br\/wp-json\/wp\/v2\/posts\/54744","targetHints":{"allow":["GET"]}}],"collection":[{"href":"https:\/\/swimchannel.net\/br\/wp-json\/wp\/v2\/posts"}],"about":[{"href":"https:\/\/swimchannel.net\/br\/wp-json\/wp\/v2\/types\/post"}],"author":[{"embeddable":true,"href":"https:\/\/swimchannel.net\/br\/wp-json\/wp\/v2\/users\/3"}],"replies":[{"embeddable":true,"href":"https:\/\/swimchannel.net\/br\/wp-json\/wp\/v2\/comments?post=54744"}],"version-history":[{"count":1,"href":"https:\/\/swimchannel.net\/br\/wp-json\/wp\/v2\/posts\/54744\/revisions"}],"predecessor-version":[{"id":54745,"href":"https:\/\/swimchannel.net\/br\/wp-json\/wp\/v2\/posts\/54744\/revisions\/54745"}],"wp:featuredmedia":[{"embeddable":true,"href":"https:\/\/swimchannel.net\/br\/wp-json\/wp\/v2\/media\/22989"}],"wp:attachment":[{"href":"https:\/\/swimchannel.net\/br\/wp-json\/wp\/v2\/media?parent=54744"}],"wp:term":[{"taxonomy":"category","embeddable":true,"href":"https:\/\/swimchannel.net\/br\/wp-json\/wp\/v2\/categories?post=54744"},{"taxonomy":"post_tag","embeddable":true,"href":"https:\/\/swimchannel.net\/br\/wp-json\/wp\/v2\/tags?post=54744"}],"curies":[{"name":"wp","href":"https:\/\/api.w.org\/{rel}","templated":true}]}}